{"id":306865,"date":"2025-09-10T21:07:07","date_gmt":"2025-09-11T00:07:07","guid":{"rendered":"https:\/\/diariotextual.com\/inicio\/?p=306865"},"modified":"2025-09-10T21:07:09","modified_gmt":"2025-09-11T00:07:09","slug":"se-presenta-el-libro-martinez-de-hoz-el-jefe-civil-de-la-dictadura","status":"publish","type":"post","link":"https:\/\/diariotextual.com\/inicio\/index.php\/2025\/09\/10\/se-presenta-el-libro-martinez-de-hoz-el-jefe-civil-de-la-dictadura\/","title":{"rendered":"Se presenta el libro \u201cMart\u00ednez de Hoz. El jefe civil de la Dictadura\u201d"},"content":{"rendered":"\n<p>Este <strong>jueves 11<\/strong>, organizado por el gremio Uni\u00f3n Personal Civil de la Naci\u00f3n, se <strong>presentar\u00e1 el libro \u201cMart\u00ednez de Hoz. El jefe civil de la Dictadura\u201d<\/strong>, a cargo de su autor, el doctor en Ciencias Sociales y magister en Historia Econ\u00f3mica <strong>Juli\u00e1n Z\u00edcari<\/strong>. Ser\u00e1 a partir de las<strong> 10 horas en el Sal\u00f3n de la Direcci\u00f3n Provincial de Vialidad (avenida Spinetto 1221).<\/strong><\/p>\n\n\n\n<p>El autor tambi\u00e9n es licenciado en las carreras de Econom\u00eda, Psicolog\u00eda, Historia y Filosof\u00eda; adem\u00e1s ha publicado en Ediciones Continente los libros \u201cCamino al colapso. C\u00f3mo llegamos los argentinos al 2001\u201d (2018), \u201cCrisis econ\u00f3micas argentinas. De Mitre a Macri\u201d (2020) y \u201cRap de vida de un pibe chorro\u201d (novela, 2023). La editorial Cooperativa Callao public\u00f3 su trabajo \u201cMercado Libre. La empresa m\u00e1s grande de la Argentina y los riesgos de la econom\u00eda de plataformas\u201d (2022).<\/p>\n\n\n\n<p>Este libro a presentarse ofrece un an\u00e1lisis exhaustivo y cr\u00edtico sobre el ministro de Econom\u00eda de la \u00faltima dictadura y su rol fundamental durante el autodenominado Proceso de Reorganizaci\u00f3n Nacional (1976-1983) en Argentina; adem\u00e1s profundiza la ex\u00e9gesis en la relaci\u00f3n entre el plan econ\u00f3mico y la represi\u00f3n pol\u00edtica, sosteniendo que las transformaciones econ\u00f3micas fueron el verdadero objetivo del genocidio.<\/p>\n\n\n\n<p>Jorge Lezcano, secretario general de UPCN, dijo: \u201cEste aporte investigativo de Z\u00edcari respecto al objetivo de la dictadura de transformar el proyecto de pa\u00eds industrial, con una intervenci\u00f3n determinante del sindicalismo, por el proyecto conservador o olig\u00e1rquico, con su modelo econ\u00f3mico agroexportador y de especulaci\u00f3n financiera\u201d.<\/p>\n\n\n\n<p>\u201cIncluso se pone en evidencia el protagonismo del ministro de Econom\u00eda Mart\u00ednez de Hoz que trasciende al propio Proceso de Reorganizaci\u00f3n Nacional, porque tiene sus secuelas en la distribuci\u00f3n de la riqueza en los gobiernos de Carlos Menem, Fernando de la R\u00faa, Mauricio Macri y Javier Milei, en contra del pueblo trabajador y en beneficio de la Patria contratista y la econom\u00eda concentrada\u201d, agreg\u00f3.<\/p>\n\n\n\n<p>La contratapa de la obra anticipa: \u201cJos\u00e9 Alfredo Mart\u00ednez de Hoz ha sido hasta ahora la persona m\u00e1s misteriosa y poco estudiada de la \u00faltima dictadura militar argentina (1976-1983). No solo fue el ministro de Econom\u00eda que llev\u00f3 a cabo el brutal endeudamiento del pa\u00eds, la desindustrializaci\u00f3n, la reforma financiera, empoder\u00f3 a los grandes grupos econ\u00f3micos con la patria contratista , aplic\u00f3 la tablita, cre\u00f3 la plata dulce y dem\u00e1s, sino que tambi\u00e9n fue el verdadero jefe pol\u00edtico del gobierno de facto. Fue el funcionario con m\u00e1s poder del r\u00e9gimen militar, incluso m\u00e1s poderoso que la propia Junta\u201d.<\/p>\n\n\n\n<p>\u201cAs\u00ed, sac\u00f3 y puso ministros, gobernadores, funcionarios, marc\u00f3 el rumbo de la presidencia de Videla y concentr\u00f3 una alta cantidad de atributos que hasta ahora no han sido analizados. El libro se propone no solo analizar a Mart\u00ednez de Hoz y su programa, sino que a trav\u00e9s de la voz de los m\u00e1ximos responsables de la dictadura (en entrevistas, declaraciones en la prensa, sus libros de memoria y discursos), se explicitan las metas buscadas por el gobierno de facto\u201d, se present\u00f3 en la contratapa.<\/p>\n","protected":false},"excerpt":{"rendered":"<p>Este jueves 11, organizado por el gremio Uni\u00f3n Personal Civil de la Naci\u00f3n, se presentar\u00e1 el libro \u201cMart\u00ednez de Hoz. El jefe civil de la Dictadura\u201d, a cargo de su&hellip;<\/p>\n","protected":false},"author":5,"featured_media":306866,"comment_status":"closed","ping_status":"open","sticky":false,"template":"","format":"standard","meta":{"_acf_changed":false,"footnotes":""},"categories":[1,2],"tags":[],"class_list":["post-306865","post","type-post","status-publish","format-standard","has-post-thumbnail","hentry","category-es-noticia","category-cultura"],"acf":[],"yoast_head":"<!-- This site is optimized with the Yoast SEO plugin v27.5 - https:\/\/yoast.com\/product\/yoast-seo-wordpress\/ -->\n<title>Se presenta el libro \u201cMart\u00ednez de Hoz. El jefe civil de la Dictadura\u201d - Diario Textual<\/title>\n<meta name=\"robots\" content=\"index, follow, max-snippet:-1, max-image-preview:large, max-video-preview:-1\" \/>\n<link rel=\"canonical\" href=\"https:\/\/diariotextual.com\/inicio\/index.php\/2025\/09\/10\/se-presenta-el-libro-martinez-de-hoz-el-jefe-civil-de-la-dictadura\/\" \/>\n<meta property=\"og:locale\" content=\"es_ES\" \/>\n<meta property=\"og:type\" content=\"article\" \/>\n<meta property=\"og:title\" content=\"Se presenta el libro \u201cMart\u00ednez de Hoz. El jefe civil de la Dictadura\u201d - Diario Textual\" \/>\n<meta property=\"og:description\" content=\"Este jueves 11, organizado por el gremio Uni\u00f3n Personal Civil de la Naci\u00f3n, se presentar\u00e1 el libro \u201cMart\u00ednez de Hoz. El jefe civil de la Dictadura\u201d, a cargo de su&hellip;\" \/>\n<meta property=\"og:url\" content=\"https:\/\/diariotextual.com\/inicio\/index.php\/2025\/09\/10\/se-presenta-el-libro-martinez-de-hoz-el-jefe-civil-de-la-dictadura\/\" \/>\n<meta property=\"og:site_name\" content=\"Diario Textual\" \/>\n<meta property=\"article:publisher\" content=\"https:\/\/www.facebook.com\/eltextual\" \/>\n<meta property=\"article:published_time\" content=\"2025-09-11T00:07:07+00:00\" \/>\n<meta property=\"article:modified_time\" content=\"2025-09-11T00:07:09+00:00\" \/>\n<meta property=\"og:image\" content=\"https:\/\/diariotextual.com\/inicio\/wp-content\/uploads\/2025\/09\/zicarijulian2025.jpg\" \/>\n\t<meta property=\"og:image:width\" content=\"658\" \/>\n\t<meta property=\"og:image:height\" content=\"439\" \/>\n\t<meta property=\"og:image:type\" content=\"image\/jpeg\" \/>\n<meta name=\"author\" content=\"diario3\" \/>\n<meta name=\"twitter:card\" content=\"summary_large_image\" \/>\n<meta name=\"twitter:creator\" content=\"@eltextual\" \/>\n<meta name=\"twitter:site\" content=\"@eltextual\" \/>\n<meta name=\"twitter:label1\" content=\"Escrito por\" \/>\n\t<meta name=\"twitter:data1\" content=\"diario3\" \/>\n\t<meta name=\"twitter:label2\" content=\"Tiempo de lectura\" \/>\n\t<meta name=\"twitter:data2\" content=\"3 minutos\" \/>\n<script type=\"application\/ld+json\" class=\"yoast-schema-graph\">{\"@context\":\"https:\\\/\\\/schema.org\",\"@graph\":[{\"@type\":\"Article\",\"@id\":\"https:\\\/\\\/diariotextual.com\\\/inicio\\\/index.php\\\/2025\\\/09\\\/10\\\/se-presenta-el-libro-martinez-de-hoz-el-jefe-civil-de-la-dictadura\\\/#article\",\"isPartOf\":{\"@id\":\"https:\\\/\\\/diariotextual.com\\\/inicio\\\/index.php\\\/2025\\\/09\\\/10\\\/se-presenta-el-libro-martinez-de-hoz-el-jefe-civil-de-la-dictadura\\\/\"},\"author\":{\"name\":\"diario3\",\"@id\":\"https:\\\/\\\/diariotextual.com\\\/inicio\\\/#\\\/schema\\\/person\\\/a1b6f563e0ee944c60f98119389a4d9f\"},\"headline\":\"Se presenta el libro \u201cMart\u00ednez de Hoz. El jefe civil de la Dictadura\u201d\",\"datePublished\":\"2025-09-11T00:07:07+00:00\",\"dateModified\":\"2025-09-11T00:07:09+00:00\",\"mainEntityOfPage\":{\"@id\":\"https:\\\/\\\/diariotextual.com\\\/inicio\\\/index.php\\\/2025\\\/09\\\/10\\\/se-presenta-el-libro-martinez-de-hoz-el-jefe-civil-de-la-dictadura\\\/\"},\"wordCount\":548,\"publisher\":{\"@id\":\"https:\\\/\\\/diariotextual.com\\\/inicio\\\/#organization\"},\"image\":{\"@id\":\"https:\\\/\\\/diariotextual.com\\\/inicio\\\/index.php\\\/2025\\\/09\\\/10\\\/se-presenta-el-libro-martinez-de-hoz-el-jefe-civil-de-la-dictadura\\\/#primaryimage\"},\"thumbnailUrl\":\"https:\\\/\\\/diariotextual.com\\\/inicio\\\/wp-content\\\/uploads\\\/2025\\\/09\\\/zicarijulian2025.jpg\",\"articleSection\":[\"A - ES NOTICIA (van abajo)\",\"CULTURA\"],\"inLanguage\":\"es\"},{\"@type\":\"WebPage\",\"@id\":\"https:\\\/\\\/diariotextual.com\\\/inicio\\\/index.php\\\/2025\\\/09\\\/10\\\/se-presenta-el-libro-martinez-de-hoz-el-jefe-civil-de-la-dictadura\\\/\",\"url\":\"https:\\\/\\\/diariotextual.com\\\/inicio\\\/index.php\\\/2025\\\/09\\\/10\\\/se-presenta-el-libro-martinez-de-hoz-el-jefe-civil-de-la-dictadura\\\/\",\"name\":\"Se presenta el libro \u201cMart\u00ednez de Hoz. El jefe civil de la Dictadura\u201d - Diario Textual\",\"isPartOf\":{\"@id\":\"https:\\\/\\\/diariotextual.com\\\/inicio\\\/#website\"},\"primaryImageOfPage\":{\"@id\":\"https:\\\/\\\/diariotextual.com\\\/inicio\\\/index.php\\\/2025\\\/09\\\/10\\\/se-presenta-el-libro-martinez-de-hoz-el-jefe-civil-de-la-dictadura\\\/#primaryimage\"},\"image\":{\"@id\":\"https:\\\/\\\/diariotextual.com\\\/inicio\\\/index.php\\\/2025\\\/09\\\/10\\\/se-presenta-el-libro-martinez-de-hoz-el-jefe-civil-de-la-dictadura\\\/#primaryimage\"},\"thumbnailUrl\":\"https:\\\/\\\/diariotextual.com\\\/inicio\\\/wp-content\\\/uploads\\\/2025\\\/09\\\/zicarijulian2025.jpg\",\"datePublished\":\"2025-09-11T00:07:07+00:00\",\"dateModified\":\"2025-09-11T00:07:09+00:00\",\"breadcrumb\":{\"@id\":\"https:\\\/\\\/diariotextual.com\\\/inicio\\\/index.php\\\/2025\\\/09\\\/10\\\/se-presenta-el-libro-martinez-de-hoz-el-jefe-civil-de-la-dictadura\\\/#breadcrumb\"},\"inLanguage\":\"es\",\"potentialAction\":[{\"@type\":\"ReadAction\",\"target\":[\"https:\\\/\\\/diariotextual.com\\\/inicio\\\/index.php\\\/2025\\\/09\\\/10\\\/se-presenta-el-libro-martinez-de-hoz-el-jefe-civil-de-la-dictadura\\\/\"]}]},{\"@type\":\"ImageObject\",\"inLanguage\":\"es\",\"@id\":\"https:\\\/\\\/diariotextual.com\\\/inicio\\\/index.php\\\/2025\\\/09\\\/10\\\/se-presenta-el-libro-martinez-de-hoz-el-jefe-civil-de-la-dictadura\\\/#primaryimage\",\"url\":\"https:\\\/\\\/diariotextual.com\\\/inicio\\\/wp-content\\\/uploads\\\/2025\\\/09\\\/zicarijulian2025.jpg\",\"contentUrl\":\"https:\\\/\\\/diariotextual.com\\\/inicio\\\/wp-content\\\/uploads\\\/2025\\\/09\\\/zicarijulian2025.jpg\",\"width\":658,\"height\":439},{\"@type\":\"BreadcrumbList\",\"@id\":\"https:\\\/\\\/diariotextual.com\\\/inicio\\\/index.php\\\/2025\\\/09\\\/10\\\/se-presenta-el-libro-martinez-de-hoz-el-jefe-civil-de-la-dictadura\\\/#breadcrumb\",\"itemListElement\":[{\"@type\":\"ListItem\",\"position\":1,\"name\":\"Portada\",\"item\":\"https:\\\/\\\/diariotextual.com\\\/inicio\\\/\"},{\"@type\":\"ListItem\",\"position\":2,\"name\":\"Se presenta el libro \u201cMart\u00ednez de Hoz. El jefe civil de la Dictadura\u201d\"}]},{\"@type\":\"WebSite\",\"@id\":\"https:\\\/\\\/diariotextual.com\\\/inicio\\\/#website\",\"url\":\"https:\\\/\\\/diariotextual.com\\\/inicio\\\/\",\"name\":\"Diario Textual\",\"description\":\"\",\"publisher\":{\"@id\":\"https:\\\/\\\/diariotextual.com\\\/inicio\\\/#organization\"},\"potentialAction\":[{\"@type\":\"SearchAction\",\"target\":{\"@type\":\"EntryPoint\",\"urlTemplate\":\"https:\\\/\\\/diariotextual.com\\\/inicio\\\/?s={search_term_string}\"},\"query-input\":{\"@type\":\"PropertyValueSpecification\",\"valueRequired\":true,\"valueName\":\"search_term_string\"}}],\"inLanguage\":\"es\"},{\"@type\":\"Organization\",\"@id\":\"https:\\\/\\\/diariotextual.com\\\/inicio\\\/#organization\",\"name\":\"Diario Textual\",\"url\":\"https:\\\/\\\/diariotextual.com\\\/inicio\\\/\",\"logo\":{\"@type\":\"ImageObject\",\"inLanguage\":\"es\",\"@id\":\"https:\\\/\\\/diariotextual.com\\\/inicio\\\/#\\\/schema\\\/logo\\\/image\\\/\",\"url\":\"https:\\\/\\\/diariotextual.com\\\/inicio\\\/wp-content\\\/uploads\\\/2023\\\/05\\\/logotextual1.jpg\",\"contentUrl\":\"https:\\\/\\\/diariotextual.com\\\/inicio\\\/wp-content\\\/uploads\\\/2023\\\/05\\\/logotextual1.jpg\",\"width\":516,\"height\":76,\"caption\":\"Diario Textual\"},\"image\":{\"@id\":\"https:\\\/\\\/diariotextual.com\\\/inicio\\\/#\\\/schema\\\/logo\\\/image\\\/\"},\"sameAs\":[\"https:\\\/\\\/www.facebook.com\\\/eltextual\",\"https:\\\/\\\/x.com\\\/eltextual\",\"http:\\\/\\\/www.instagram.com\\\/eltextual\"]},{\"@type\":\"Person\",\"@id\":\"https:\\\/\\\/diariotextual.com\\\/inicio\\\/#\\\/schema\\\/person\\\/a1b6f563e0ee944c60f98119389a4d9f\",\"name\":\"diario3\",\"image\":{\"@type\":\"ImageObject\",\"inLanguage\":\"es\",\"@id\":\"https:\\\/\\\/secure.gravatar.com\\\/avatar\\\/5e7ee62c82fc04d9dd79d746a390d93c69c43223e5faeeb3ea9461ef752bfc5d?s=96&d=mm&r=g\",\"url\":\"https:\\\/\\\/secure.gravatar.com\\\/avatar\\\/5e7ee62c82fc04d9dd79d746a390d93c69c43223e5faeeb3ea9461ef752bfc5d?s=96&d=mm&r=g\",\"contentUrl\":\"https:\\\/\\\/secure.gravatar.com\\\/avatar\\\/5e7ee62c82fc04d9dd79d746a390d93c69c43223e5faeeb3ea9461ef752bfc5d?s=96&d=mm&r=g\",\"caption\":\"diario3\"},\"url\":\"https:\\\/\\\/diariotextual.com\\\/inicio\\\/index.php\\\/author\\\/diario3\\\/\"}]}<\/script>\n<!-- \/ Yoast SEO plugin. -->","yoast_head_json":{"title":"Se presenta el libro \u201cMart\u00ednez de Hoz. El jefe civil de la Dictadura\u201d - Diario Textual","robots":{"index":"index","follow":"follow","max-snippet":"max-snippet:-1","max-image-preview":"max-image-preview:large","max-video-preview":"max-video-preview:-1"},"canonical":"https:\/\/diariotextual.com\/inicio\/index.php\/2025\/09\/10\/se-presenta-el-libro-martinez-de-hoz-el-jefe-civil-de-la-dictadura\/","og_locale":"es_ES","og_type":"article","og_title":"Se presenta el libro \u201cMart\u00ednez de Hoz. El jefe civil de la Dictadura\u201d - Diario Textual","og_description":"Este jueves 11, organizado por el gremio Uni\u00f3n Personal Civil de la Naci\u00f3n, se presentar\u00e1 el libro \u201cMart\u00ednez de Hoz. El jefe civil de la Dictadura\u201d, a cargo de su&hellip;","og_url":"https:\/\/diariotextual.com\/inicio\/index.php\/2025\/09\/10\/se-presenta-el-libro-martinez-de-hoz-el-jefe-civil-de-la-dictadura\/","og_site_name":"Diario Textual","article_publisher":"https:\/\/www.facebook.com\/eltextual","article_published_time":"2025-09-11T00:07:07+00:00","article_modified_time":"2025-09-11T00:07:09+00:00","og_image":[{"width":658,"height":439,"url":"https:\/\/diariotextual.com\/inicio\/wp-content\/uploads\/2025\/09\/zicarijulian2025.jpg","type":"image\/jpeg"}],"author":"diario3","twitter_card":"summary_large_image","twitter_creator":"@eltextual","twitter_site":"@eltextual","twitter_misc":{"Escrito por":"diario3","Tiempo de lectura":"3 minutos"},"schema":{"@context":"https:\/\/schema.org","@graph":[{"@type":"Article","@id":"https:\/\/diariotextual.com\/inicio\/index.php\/2025\/09\/10\/se-presenta-el-libro-martinez-de-hoz-el-jefe-civil-de-la-dictadura\/#article","isPartOf":{"@id":"https:\/\/diariotextual.com\/inicio\/index.php\/2025\/09\/10\/se-presenta-el-libro-martinez-de-hoz-el-jefe-civil-de-la-dictadura\/"},"author":{"name":"diario3","@id":"https:\/\/diariotextual.com\/inicio\/#\/schema\/person\/a1b6f563e0ee944c60f98119389a4d9f"},"headline":"Se presenta el libro \u201cMart\u00ednez de Hoz. El jefe civil de la Dictadura\u201d","datePublished":"2025-09-11T00:07:07+00:00","dateModified":"2025-09-11T00:07:09+00:00","mainEntityOfPage":{"@id":"https:\/\/diariotextual.com\/inicio\/index.php\/2025\/09\/10\/se-presenta-el-libro-martinez-de-hoz-el-jefe-civil-de-la-dictadura\/"},"wordCount":548,"publisher":{"@id":"https:\/\/diariotextual.com\/inicio\/#organization"},"image":{"@id":"https:\/\/diariotextual.com\/inicio\/index.php\/2025\/09\/10\/se-presenta-el-libro-martinez-de-hoz-el-jefe-civil-de-la-dictadura\/#primaryimage"},"thumbnailUrl":"https:\/\/diariotextual.com\/inicio\/wp-content\/uploads\/2025\/09\/zicarijulian2025.jpg","articleSection":["A - ES NOTICIA (van abajo)","CULTURA"],"inLanguage":"es"},{"@type":"WebPage","@id":"https:\/\/diariotextual.com\/inicio\/index.php\/2025\/09\/10\/se-presenta-el-libro-martinez-de-hoz-el-jefe-civil-de-la-dictadura\/","url":"https:\/\/diariotextual.com\/inicio\/index.php\/2025\/09\/10\/se-presenta-el-libro-martinez-de-hoz-el-jefe-civil-de-la-dictadura\/","name":"Se presenta el libro \u201cMart\u00ednez de Hoz. El jefe civil de la Dictadura\u201d - Diario Textual","isPartOf":{"@id":"https:\/\/diariotextual.com\/inicio\/#website"},"primaryImageOfPage":{"@id":"https:\/\/diariotextual.com\/inicio\/index.php\/2025\/09\/10\/se-presenta-el-libro-martinez-de-hoz-el-jefe-civil-de-la-dictadura\/#primaryimage"},"image":{"@id":"https:\/\/diariotextual.com\/inicio\/index.php\/2025\/09\/10\/se-presenta-el-libro-martinez-de-hoz-el-jefe-civil-de-la-dictadura\/#primaryimage"},"thumbnailUrl":"https:\/\/diariotextual.com\/inicio\/wp-content\/uploads\/2025\/09\/zicarijulian2025.jpg","datePublished":"2025-09-11T00:07:07+00:00","dateModified":"2025-09-11T00:07:09+00:00","breadcrumb":{"@id":"https:\/\/diariotextual.com\/inicio\/index.php\/2025\/09\/10\/se-presenta-el-libro-martinez-de-hoz-el-jefe-civil-de-la-dictadura\/#breadcrumb"},"inLanguage":"es","potentialAction":[{"@type":"ReadAction","target":["https:\/\/diariotextual.com\/inicio\/index.php\/2025\/09\/10\/se-presenta-el-libro-martinez-de-hoz-el-jefe-civil-de-la-dictadura\/"]}]},{"@type":"ImageObject","inLanguage":"es","@id":"https:\/\/diariotextual.com\/inicio\/index.php\/2025\/09\/10\/se-presenta-el-libro-martinez-de-hoz-el-jefe-civil-de-la-dictadura\/#primaryimage","url":"https:\/\/diariotextual.com\/inicio\/wp-content\/uploads\/2025\/09\/zicarijulian2025.jpg","contentUrl":"https:\/\/diariotextual.com\/inicio\/wp-content\/uploads\/2025\/09\/zicarijulian2025.jpg","width":658,"height":439},{"@type":"BreadcrumbList","@id":"https:\/\/diariotextual.com\/inicio\/index.php\/2025\/09\/10\/se-presenta-el-libro-martinez-de-hoz-el-jefe-civil-de-la-dictadura\/#breadcrumb","itemListElement":[{"@type":"ListItem","position":1,"name":"Portada","item":"https:\/\/diariotextual.com\/inicio\/"},{"@type":"ListItem","position":2,"name":"Se presenta el libro \u201cMart\u00ednez de Hoz. El jefe civil de la Dictadura\u201d"}]},{"@type":"WebSite","@id":"https:\/\/diariotextual.com\/inicio\/#website","url":"https:\/\/diariotextual.com\/inicio\/","name":"Diario Textual","description":"","publisher":{"@id":"https:\/\/diariotextual.com\/inicio\/#organization"},"potentialAction":[{"@type":"SearchAction","target":{"@type":"EntryPoint","urlTemplate":"https:\/\/diariotextual.com\/inicio\/?s={search_term_string}"},"query-input":{"@type":"PropertyValueSpecification","valueRequired":true,"valueName":"search_term_string"}}],"inLanguage":"es"},{"@type":"Organization","@id":"https:\/\/diariotextual.com\/inicio\/#organization","name":"Diario Textual","url":"https:\/\/diariotextual.com\/inicio\/","logo":{"@type":"ImageObject","inLanguage":"es","@id":"https:\/\/diariotextual.com\/inicio\/#\/schema\/logo\/image\/","url":"https:\/\/diariotextual.com\/inicio\/wp-content\/uploads\/2023\/05\/logotextual1.jpg","contentUrl":"https:\/\/diariotextual.com\/inicio\/wp-content\/uploads\/2023\/05\/logotextual1.jpg","width":516,"height":76,"caption":"Diario Textual"},"image":{"@id":"https:\/\/diariotextual.com\/inicio\/#\/schema\/logo\/image\/"},"sameAs":["https:\/\/www.facebook.com\/eltextual","https:\/\/x.com\/eltextual","http:\/\/www.instagram.com\/eltextual"]},{"@type":"Person","@id":"https:\/\/diariotextual.com\/inicio\/#\/schema\/person\/a1b6f563e0ee944c60f98119389a4d9f","name":"diario3","image":{"@type":"ImageObject","inLanguage":"es","@id":"https:\/\/secure.gravatar.com\/avatar\/5e7ee62c82fc04d9dd79d746a390d93c69c43223e5faeeb3ea9461ef752bfc5d?s=96&d=mm&r=g","url":"https:\/\/secure.gravatar.com\/avatar\/5e7ee62c82fc04d9dd79d746a390d93c69c43223e5faeeb3ea9461ef752bfc5d?s=96&d=mm&r=g","contentUrl":"https:\/\/secure.gravatar.com\/avatar\/5e7ee62c82fc04d9dd79d746a390d93c69c43223e5faeeb3ea9461ef752bfc5d?s=96&d=mm&r=g","caption":"diario3"},"url":"https:\/\/diariotextual.com\/inicio\/index.php\/author\/diario3\/"}]}},"_links":{"self":[{"href":"https:\/\/diariotextual.com\/inicio\/index.php\/wp-json\/wp\/v2\/posts\/306865","targetHints":{"allow":["GET"]}}],"collection":[{"href":"https:\/\/diariotextual.com\/inicio\/index.php\/wp-json\/wp\/v2\/posts"}],"about":[{"href":"https:\/\/diariotextual.com\/inicio\/index.php\/wp-json\/wp\/v2\/types\/post"}],"author":[{"embeddable":true,"href":"https:\/\/diariotextual.com\/inicio\/index.php\/wp-json\/wp\/v2\/users\/5"}],"replies":[{"embeddable":true,"href":"https:\/\/diariotextual.com\/inicio\/index.php\/wp-json\/wp\/v2\/comments?post=306865"}],"version-history":[{"count":1,"href":"https:\/\/diariotextual.com\/inicio\/index.php\/wp-json\/wp\/v2\/posts\/306865\/revisions"}],"predecessor-version":[{"id":306867,"href":"https:\/\/diariotextual.com\/inicio\/index.php\/wp-json\/wp\/v2\/posts\/306865\/revisions\/306867"}],"wp:featuredmedia":[{"embeddable":true,"href":"https:\/\/diariotextual.com\/inicio\/index.php\/wp-json\/wp\/v2\/media\/306866"}],"wp:attachment":[{"href":"https:\/\/diariotextual.com\/inicio\/index.php\/wp-json\/wp\/v2\/media?parent=306865"}],"wp:term":[{"taxonomy":"category","embeddable":true,"href":"https:\/\/diariotextual.com\/inicio\/index.php\/wp-json\/wp\/v2\/categories?post=306865"},{"taxonomy":"post_tag","embeddable":true,"href":"https:\/\/diariotextual.com\/inicio\/index.php\/wp-json\/wp\/v2\/tags?post=306865"}],"curies":[{"name":"wp","href":"https:\/\/api.w.org\/{rel}","templated":true}]}}