{"id":307678,"date":"2025-09-18T21:21:05","date_gmt":"2025-09-19T00:21:05","guid":{"rendered":"https:\/\/diariotextual.com\/inicio\/?p=307678"},"modified":"2025-09-18T21:21:08","modified_gmt":"2025-09-19T00:21:08","slug":"edificio-de-radio-nacional-santa-rosa-fue-declarado-monumento-historico","status":"publish","type":"post","link":"https:\/\/diariotextual.com\/inicio\/index.php\/2025\/09\/18\/edificio-de-radio-nacional-santa-rosa-fue-declarado-monumento-historico\/","title":{"rendered":"Edificio de Radio Nacional Santa Rosa fue declarado monumento hist\u00f3rico"},"content":{"rendered":"\n<p>En su sesi\u00f3n de este jueves, <strong>el Senado de la Naci\u00f3n declar\u00f3 monumento hist\u00f3rico nacional el edificio de LRA3, Radio Nacional Santa Rosa,<\/strong> as\u00ed como otros edificios de R\u00edo Negro y Tucum\u00e1n y una manifestaci\u00f3n religiosa de fuerte arraigo en C\u00f3rdoba. Fueron<strong> 59 votos a favor, 1 en contra y 0 abstenciones.<\/strong><\/p>\n\n\n\n<p>En el caso del <strong>edificio de LRA3, Radio Nacional Santa Rosa<\/strong>, adem\u00e1s de las medidas de protecci\u00f3n previstas por la Ley 12.665, se encomend\u00f3 a la Comisi\u00f3n Nacional de Monumentos, en coordinaci\u00f3n con autoridades locales, la <strong>construcci\u00f3n de un Paseo de la Memoria en el predio de la emisora <\/strong>en la capital pampeana.<\/p>\n\n\n\n<p>Otro de los proyectos aprobados declara monumento hist\u00f3rico nacional a la Catedral Nuestra Se\u00f1ora del Nahuel Huapi, ubicada en San Carlos de Bariloche, provincia de R\u00edo Negro. La Comisi\u00f3n Nacional de Monumentos, de Lugares y de Bienes Hist\u00f3ricos ser\u00e1 la encargada de garantizar su conservaci\u00f3n, restauraci\u00f3n y custodia, adem\u00e1s de inscribirla en el Registro Nacional de Bienes Hist\u00f3ricos.<\/p>\n\n\n\n<p>En el norte del pa\u00eds, el Senado reconoci\u00f3 como bien de inter\u00e9s hist\u00f3rico nacional al edificio de la Escuela Normal \u201cJuan Bautista Alberdi\u201d, en San Miguel de Tucum\u00e1n. La Comisi\u00f3n Nacional deber\u00e1 inscribirlo en el Registro Nacional de Bienes Hist\u00f3ricos e Hist\u00f3ricos-Art\u00edsticos.<\/p>\n\n\n\n<p>Finalmente, se aprob\u00f3 la declaraci\u00f3n del ritual, celebraci\u00f3n y peregrinaci\u00f3n del Camino de Brochero como patrimonio inmaterial de la Rep\u00fablica Argentina, en el marco de la ley 26.118. La norma tambi\u00e9n declara de inter\u00e9s nacional el memor\u00e1ndum de entendimiento que vincula esta ruta religiosa con el Camino de Santiago de Compostela, en Espa\u00f1a.<\/p>\n","protected":false},"excerpt":{"rendered":"<p>En su sesi\u00f3n de este jueves, el Senado de la Naci\u00f3n declar\u00f3 monumento hist\u00f3rico nacional el edificio de LRA3, Radio Nacional Santa Rosa, as\u00ed como otros edificios de R\u00edo Negro&hellip;<\/p>\n","protected":false},"author":5,"featured_media":45645,"comment_status":"closed","ping_status":"open","sticky":false,"template":"","format":"standard","meta":{"_acf_changed":false,"footnotes":""},"categories":[1,2],"tags":[],"class_list":["post-307678","post","type-post","status-publish","format-standard","has-post-thumbnail","hentry","category-es-noticia","category-cultura"],"acf":[],"yoast_head":"<!-- This site is optimized with the Yoast SEO plugin v27.5 - https:\/\/yoast.com\/product\/yoast-seo-wordpress\/ -->\n<title>Edificio de Radio Nacional Santa Rosa fue declarado monumento hist\u00f3rico - Diario Textual<\/title>\n<meta name=\"robots\" content=\"index, follow, max-snippet:-1, max-image-preview:large, max-video-preview:-1\" \/>\n<link rel=\"canonical\" href=\"https:\/\/diariotextual.com\/inicio\/index.php\/2025\/09\/18\/edificio-de-radio-nacional-santa-rosa-fue-declarado-monumento-historico\/\" \/>\n<meta property=\"og:locale\" content=\"es_ES\" \/>\n<meta property=\"og:type\" content=\"article\" \/>\n<meta property=\"og:title\" content=\"Edificio de Radio Nacional Santa Rosa fue declarado monumento hist\u00f3rico - Diario Textual\" \/>\n<meta property=\"og:description\" content=\"En su sesi\u00f3n de este jueves, el Senado de la Naci\u00f3n declar\u00f3 monumento hist\u00f3rico nacional el edificio de LRA3, Radio Nacional Santa Rosa, as\u00ed como otros edificios de R\u00edo Negro&hellip;\" \/>\n<meta property=\"og:url\" content=\"https:\/\/diariotextual.com\/inicio\/index.php\/2025\/09\/18\/edificio-de-radio-nacional-santa-rosa-fue-declarado-monumento-historico\/\" \/>\n<meta property=\"og:site_name\" content=\"Diario Textual\" \/>\n<meta property=\"article:publisher\" content=\"https:\/\/www.facebook.com\/eltextual\" \/>\n<meta property=\"article:published_time\" content=\"2025-09-19T00:21:05+00:00\" \/>\n<meta property=\"article:modified_time\" content=\"2025-09-19T00:21:08+00:00\" \/>\n<meta property=\"og:image\" content=\"https:\/\/diariotextual.com\/inicio\/wp-content\/uploads\/2019\/04\/radionacional.jpg\" \/>\n\t<meta property=\"og:image:width\" content=\"960\" \/>\n\t<meta property=\"og:image:height\" content=\"720\" \/>\n\t<meta property=\"og:image:type\" content=\"image\/jpeg\" \/>\n<meta name=\"author\" content=\"diario3\" \/>\n<meta name=\"twitter:card\" content=\"summary_large_image\" \/>\n<meta name=\"twitter:creator\" content=\"@eltextual\" \/>\n<meta name=\"twitter:site\" content=\"@eltextual\" \/>\n<meta name=\"twitter:label1\" content=\"Escrito por\" \/>\n\t<meta name=\"twitter:data1\" content=\"diario3\" \/>\n\t<meta name=\"twitter:label2\" content=\"Tiempo de lectura\" \/>\n\t<meta name=\"twitter:data2\" content=\"2 minutos\" \/>\n<script type=\"application\/ld+json\" class=\"yoast-schema-graph\">{\"@context\":\"https:\\\/\\\/schema.org\",\"@graph\":[{\"@type\":\"Article\",\"@id\":\"https:\\\/\\\/diariotextual.com\\\/inicio\\\/index.php\\\/2025\\\/09\\\/18\\\/edificio-de-radio-nacional-santa-rosa-fue-declarado-monumento-historico\\\/#article\",\"isPartOf\":{\"@id\":\"https:\\\/\\\/diariotextual.com\\\/inicio\\\/index.php\\\/2025\\\/09\\\/18\\\/edificio-de-radio-nacional-santa-rosa-fue-declarado-monumento-historico\\\/\"},\"author\":{\"name\":\"diario3\",\"@id\":\"https:\\\/\\\/diariotextual.com\\\/inicio\\\/#\\\/schema\\\/person\\\/a1b6f563e0ee944c60f98119389a4d9f\"},\"headline\":\"Edificio de Radio Nacional Santa Rosa fue declarado monumento hist\u00f3rico\",\"datePublished\":\"2025-09-19T00:21:05+00:00\",\"dateModified\":\"2025-09-19T00:21:08+00:00\",\"mainEntityOfPage\":{\"@id\":\"https:\\\/\\\/diariotextual.com\\\/inicio\\\/index.php\\\/2025\\\/09\\\/18\\\/edificio-de-radio-nacional-santa-rosa-fue-declarado-monumento-historico\\\/\"},\"wordCount\":301,\"publisher\":{\"@id\":\"https:\\\/\\\/diariotextual.com\\\/inicio\\\/#organization\"},\"image\":{\"@id\":\"https:\\\/\\\/diariotextual.com\\\/inicio\\\/index.php\\\/2025\\\/09\\\/18\\\/edificio-de-radio-nacional-santa-rosa-fue-declarado-monumento-historico\\\/#primaryimage\"},\"thumbnailUrl\":\"https:\\\/\\\/diariotextual.com\\\/inicio\\\/wp-content\\\/uploads\\\/2019\\\/04\\\/radionacional.jpg\",\"articleSection\":[\"A - ES NOTICIA (van abajo)\",\"CULTURA\"],\"inLanguage\":\"es\"},{\"@type\":\"WebPage\",\"@id\":\"https:\\\/\\\/diariotextual.com\\\/inicio\\\/index.php\\\/2025\\\/09\\\/18\\\/edificio-de-radio-nacional-santa-rosa-fue-declarado-monumento-historico\\\/\",\"url\":\"https:\\\/\\\/diariotextual.com\\\/inicio\\\/index.php\\\/2025\\\/09\\\/18\\\/edificio-de-radio-nacional-santa-rosa-fue-declarado-monumento-historico\\\/\",\"name\":\"Edificio de Radio Nacional Santa Rosa fue declarado monumento hist\u00f3rico - Diario Textual\",\"isPartOf\":{\"@id\":\"https:\\\/\\\/diariotextual.com\\\/inicio\\\/#website\"},\"primaryImageOfPage\":{\"@id\":\"https:\\\/\\\/diariotextual.com\\\/inicio\\\/index.php\\\/2025\\\/09\\\/18\\\/edificio-de-radio-nacional-santa-rosa-fue-declarado-monumento-historico\\\/#primaryimage\"},\"image\":{\"@id\":\"https:\\\/\\\/diariotextual.com\\\/inicio\\\/index.php\\\/2025\\\/09\\\/18\\\/edificio-de-radio-nacional-santa-rosa-fue-declarado-monumento-historico\\\/#primaryimage\"},\"thumbnailUrl\":\"https:\\\/\\\/diariotextual.com\\\/inicio\\\/wp-content\\\/uploads\\\/2019\\\/04\\\/radionacional.jpg\",\"datePublished\":\"2025-09-19T00:21:05+00:00\",\"dateModified\":\"2025-09-19T00:21:08+00:00\",\"breadcrumb\":{\"@id\":\"https:\\\/\\\/diariotextual.com\\\/inicio\\\/index.php\\\/2025\\\/09\\\/18\\\/edificio-de-radio-nacional-santa-rosa-fue-declarado-monumento-historico\\\/#breadcrumb\"},\"inLanguage\":\"es\",\"potentialAction\":[{\"@type\":\"ReadAction\",\"target\":[\"https:\\\/\\\/diariotextual.com\\\/inicio\\\/index.php\\\/2025\\\/09\\\/18\\\/edificio-de-radio-nacional-santa-rosa-fue-declarado-monumento-historico\\\/\"]}]},{\"@type\":\"ImageObject\",\"inLanguage\":\"es\",\"@id\":\"https:\\\/\\\/diariotextual.com\\\/inicio\\\/index.php\\\/2025\\\/09\\\/18\\\/edificio-de-radio-nacional-santa-rosa-fue-declarado-monumento-historico\\\/#primaryimage\",\"url\":\"https:\\\/\\\/diariotextual.com\\\/inicio\\\/wp-content\\\/uploads\\\/2019\\\/04\\\/radionacional.jpg\",\"contentUrl\":\"https:\\\/\\\/diariotextual.com\\\/inicio\\\/wp-content\\\/uploads\\\/2019\\\/04\\\/radionacional.jpg\",\"width\":960,\"height\":720},{\"@type\":\"BreadcrumbList\",\"@id\":\"https:\\\/\\\/diariotextual.com\\\/inicio\\\/index.php\\\/2025\\\/09\\\/18\\\/edificio-de-radio-nacional-santa-rosa-fue-declarado-monumento-historico\\\/#breadcrumb\",\"itemListElement\":[{\"@type\":\"ListItem\",\"position\":1,\"name\":\"Portada\",\"item\":\"https:\\\/\\\/diariotextual.com\\\/inicio\\\/\"},{\"@type\":\"ListItem\",\"position\":2,\"name\":\"Edificio de Radio Nacional Santa Rosa fue declarado monumento hist\u00f3rico\"}]},{\"@type\":\"WebSite\",\"@id\":\"https:\\\/\\\/diariotextual.com\\\/inicio\\\/#website\",\"url\":\"https:\\\/\\\/diariotextual.com\\\/inicio\\\/\",\"name\":\"Diario Textual\",\"description\":\"\",\"publisher\":{\"@id\":\"https:\\\/\\\/diariotextual.com\\\/inicio\\\/#organization\"},\"potentialAction\":[{\"@type\":\"SearchAction\",\"target\":{\"@type\":\"EntryPoint\",\"urlTemplate\":\"https:\\\/\\\/diariotextual.com\\\/inicio\\\/?s={search_term_string}\"},\"query-input\":{\"@type\":\"PropertyValueSpecification\",\"valueRequired\":true,\"valueName\":\"search_term_string\"}}],\"inLanguage\":\"es\"},{\"@type\":\"Organization\",\"@id\":\"https:\\\/\\\/diariotextual.com\\\/inicio\\\/#organization\",\"name\":\"Diario Textual\",\"url\":\"https:\\\/\\\/diariotextual.com\\\/inicio\\\/\",\"logo\":{\"@type\":\"ImageObject\",\"inLanguage\":\"es\",\"@id\":\"https:\\\/\\\/diariotextual.com\\\/inicio\\\/#\\\/schema\\\/logo\\\/image\\\/\",\"url\":\"https:\\\/\\\/diariotextual.com\\\/inicio\\\/wp-content\\\/uploads\\\/2023\\\/05\\\/logotextual1.jpg\",\"contentUrl\":\"https:\\\/\\\/diariotextual.com\\\/inicio\\\/wp-content\\\/uploads\\\/2023\\\/05\\\/logotextual1.jpg\",\"width\":516,\"height\":76,\"caption\":\"Diario Textual\"},\"image\":{\"@id\":\"https:\\\/\\\/diariotextual.com\\\/inicio\\\/#\\\/schema\\\/logo\\\/image\\\/\"},\"sameAs\":[\"https:\\\/\\\/www.facebook.com\\\/eltextual\",\"https:\\\/\\\/x.com\\\/eltextual\",\"http:\\\/\\\/www.instagram.com\\\/eltextual\"]},{\"@type\":\"Person\",\"@id\":\"https:\\\/\\\/diariotextual.com\\\/inicio\\\/#\\\/schema\\\/person\\\/a1b6f563e0ee944c60f98119389a4d9f\",\"name\":\"diario3\",\"image\":{\"@type\":\"ImageObject\",\"inLanguage\":\"es\",\"@id\":\"https:\\\/\\\/secure.gravatar.com\\\/avatar\\\/5e7ee62c82fc04d9dd79d746a390d93c69c43223e5faeeb3ea9461ef752bfc5d?s=96&d=mm&r=g\",\"url\":\"https:\\\/\\\/secure.gravatar.com\\\/avatar\\\/5e7ee62c82fc04d9dd79d746a390d93c69c43223e5faeeb3ea9461ef752bfc5d?s=96&d=mm&r=g\",\"contentUrl\":\"https:\\\/\\\/secure.gravatar.com\\\/avatar\\\/5e7ee62c82fc04d9dd79d746a390d93c69c43223e5faeeb3ea9461ef752bfc5d?s=96&d=mm&r=g\",\"caption\":\"diario3\"},\"url\":\"https:\\\/\\\/diariotextual.com\\\/inicio\\\/index.php\\\/author\\\/diario3\\\/\"}]}<\/script>\n<!-- \/ Yoast SEO plugin. -->","yoast_head_json":{"title":"Edificio de Radio Nacional Santa Rosa fue declarado monumento hist\u00f3rico - Diario Textual","robots":{"index":"index","follow":"follow","max-snippet":"max-snippet:-1","max-image-preview":"max-image-preview:large","max-video-preview":"max-video-preview:-1"},"canonical":"https:\/\/diariotextual.com\/inicio\/index.php\/2025\/09\/18\/edificio-de-radio-nacional-santa-rosa-fue-declarado-monumento-historico\/","og_locale":"es_ES","og_type":"article","og_title":"Edificio de Radio Nacional Santa Rosa fue declarado monumento hist\u00f3rico - Diario Textual","og_description":"En su sesi\u00f3n de este jueves, el Senado de la Naci\u00f3n declar\u00f3 monumento hist\u00f3rico nacional el edificio de LRA3, Radio Nacional Santa Rosa, as\u00ed como otros edificios de R\u00edo Negro&hellip;","og_url":"https:\/\/diariotextual.com\/inicio\/index.php\/2025\/09\/18\/edificio-de-radio-nacional-santa-rosa-fue-declarado-monumento-historico\/","og_site_name":"Diario Textual","article_publisher":"https:\/\/www.facebook.com\/eltextual","article_published_time":"2025-09-19T00:21:05+00:00","article_modified_time":"2025-09-19T00:21:08+00:00","og_image":[{"width":960,"height":720,"url":"https:\/\/diariotextual.com\/inicio\/wp-content\/uploads\/2019\/04\/radionacional.jpg","type":"image\/jpeg"}],"author":"diario3","twitter_card":"summary_large_image","twitter_creator":"@eltextual","twitter_site":"@eltextual","twitter_misc":{"Escrito por":"diario3","Tiempo de lectura":"2 minutos"},"schema":{"@context":"https:\/\/schema.org","@graph":[{"@type":"Article","@id":"https:\/\/diariotextual.com\/inicio\/index.php\/2025\/09\/18\/edificio-de-radio-nacional-santa-rosa-fue-declarado-monumento-historico\/#article","isPartOf":{"@id":"https:\/\/diariotextual.com\/inicio\/index.php\/2025\/09\/18\/edificio-de-radio-nacional-santa-rosa-fue-declarado-monumento-historico\/"},"author":{"name":"diario3","@id":"https:\/\/diariotextual.com\/inicio\/#\/schema\/person\/a1b6f563e0ee944c60f98119389a4d9f"},"headline":"Edificio de Radio Nacional Santa Rosa fue declarado monumento hist\u00f3rico","datePublished":"2025-09-19T00:21:05+00:00","dateModified":"2025-09-19T00:21:08+00:00","mainEntityOfPage":{"@id":"https:\/\/diariotextual.com\/inicio\/index.php\/2025\/09\/18\/edificio-de-radio-nacional-santa-rosa-fue-declarado-monumento-historico\/"},"wordCount":301,"publisher":{"@id":"https:\/\/diariotextual.com\/inicio\/#organization"},"image":{"@id":"https:\/\/diariotextual.com\/inicio\/index.php\/2025\/09\/18\/edificio-de-radio-nacional-santa-rosa-fue-declarado-monumento-historico\/#primaryimage"},"thumbnailUrl":"https:\/\/diariotextual.com\/inicio\/wp-content\/uploads\/2019\/04\/radionacional.jpg","articleSection":["A - ES NOTICIA (van abajo)","CULTURA"],"inLanguage":"es"},{"@type":"WebPage","@id":"https:\/\/diariotextual.com\/inicio\/index.php\/2025\/09\/18\/edificio-de-radio-nacional-santa-rosa-fue-declarado-monumento-historico\/","url":"https:\/\/diariotextual.com\/inicio\/index.php\/2025\/09\/18\/edificio-de-radio-nacional-santa-rosa-fue-declarado-monumento-historico\/","name":"Edificio de Radio Nacional Santa Rosa fue declarado monumento hist\u00f3rico - Diario Textual","isPartOf":{"@id":"https:\/\/diariotextual.com\/inicio\/#website"},"primaryImageOfPage":{"@id":"https:\/\/diariotextual.com\/inicio\/index.php\/2025\/09\/18\/edificio-de-radio-nacional-santa-rosa-fue-declarado-monumento-historico\/#primaryimage"},"image":{"@id":"https:\/\/diariotextual.com\/inicio\/index.php\/2025\/09\/18\/edificio-de-radio-nacional-santa-rosa-fue-declarado-monumento-historico\/#primaryimage"},"thumbnailUrl":"https:\/\/diariotextual.com\/inicio\/wp-content\/uploads\/2019\/04\/radionacional.jpg","datePublished":"2025-09-19T00:21:05+00:00","dateModified":"2025-09-19T00:21:08+00:00","breadcrumb":{"@id":"https:\/\/diariotextual.com\/inicio\/index.php\/2025\/09\/18\/edificio-de-radio-nacional-santa-rosa-fue-declarado-monumento-historico\/#breadcrumb"},"inLanguage":"es","potentialAction":[{"@type":"ReadAction","target":["https:\/\/diariotextual.com\/inicio\/index.php\/2025\/09\/18\/edificio-de-radio-nacional-santa-rosa-fue-declarado-monumento-historico\/"]}]},{"@type":"ImageObject","inLanguage":"es","@id":"https:\/\/diariotextual.com\/inicio\/index.php\/2025\/09\/18\/edificio-de-radio-nacional-santa-rosa-fue-declarado-monumento-historico\/#primaryimage","url":"https:\/\/diariotextual.com\/inicio\/wp-content\/uploads\/2019\/04\/radionacional.jpg","contentUrl":"https:\/\/diariotextual.com\/inicio\/wp-content\/uploads\/2019\/04\/radionacional.jpg","width":960,"height":720},{"@type":"BreadcrumbList","@id":"https:\/\/diariotextual.com\/inicio\/index.php\/2025\/09\/18\/edificio-de-radio-nacional-santa-rosa-fue-declarado-monumento-historico\/#breadcrumb","itemListElement":[{"@type":"ListItem","position":1,"name":"Portada","item":"https:\/\/diariotextual.com\/inicio\/"},{"@type":"ListItem","position":2,"name":"Edificio de Radio Nacional Santa Rosa fue declarado monumento hist\u00f3rico"}]},{"@type":"WebSite","@id":"https:\/\/diariotextual.com\/inicio\/#website","url":"https:\/\/diariotextual.com\/inicio\/","name":"Diario Textual","description":"","publisher":{"@id":"https:\/\/diariotextual.com\/inicio\/#organization"},"potentialAction":[{"@type":"SearchAction","target":{"@type":"EntryPoint","urlTemplate":"https:\/\/diariotextual.com\/inicio\/?s={search_term_string}"},"query-input":{"@type":"PropertyValueSpecification","valueRequired":true,"valueName":"search_term_string"}}],"inLanguage":"es"},{"@type":"Organization","@id":"https:\/\/diariotextual.com\/inicio\/#organization","name":"Diario Textual","url":"https:\/\/diariotextual.com\/inicio\/","logo":{"@type":"ImageObject","inLanguage":"es","@id":"https:\/\/diariotextual.com\/inicio\/#\/schema\/logo\/image\/","url":"https:\/\/diariotextual.com\/inicio\/wp-content\/uploads\/2023\/05\/logotextual1.jpg","contentUrl":"https:\/\/diariotextual.com\/inicio\/wp-content\/uploads\/2023\/05\/logotextual1.jpg","width":516,"height":76,"caption":"Diario Textual"},"image":{"@id":"https:\/\/diariotextual.com\/inicio\/#\/schema\/logo\/image\/"},"sameAs":["https:\/\/www.facebook.com\/eltextual","https:\/\/x.com\/eltextual","http:\/\/www.instagram.com\/eltextual"]},{"@type":"Person","@id":"https:\/\/diariotextual.com\/inicio\/#\/schema\/person\/a1b6f563e0ee944c60f98119389a4d9f","name":"diario3","image":{"@type":"ImageObject","inLanguage":"es","@id":"https:\/\/secure.gravatar.com\/avatar\/5e7ee62c82fc04d9dd79d746a390d93c69c43223e5faeeb3ea9461ef752bfc5d?s=96&d=mm&r=g","url":"https:\/\/secure.gravatar.com\/avatar\/5e7ee62c82fc04d9dd79d746a390d93c69c43223e5faeeb3ea9461ef752bfc5d?s=96&d=mm&r=g","contentUrl":"https:\/\/secure.gravatar.com\/avatar\/5e7ee62c82fc04d9dd79d746a390d93c69c43223e5faeeb3ea9461ef752bfc5d?s=96&d=mm&r=g","caption":"diario3"},"url":"https:\/\/diariotextual.com\/inicio\/index.php\/author\/diario3\/"}]}},"_links":{"self":[{"href":"https:\/\/diariotextual.com\/inicio\/index.php\/wp-json\/wp\/v2\/posts\/307678","targetHints":{"allow":["GET"]}}],"collection":[{"href":"https:\/\/diariotextual.com\/inicio\/index.php\/wp-json\/wp\/v2\/posts"}],"about":[{"href":"https:\/\/diariotextual.com\/inicio\/index.php\/wp-json\/wp\/v2\/types\/post"}],"author":[{"embeddable":true,"href":"https:\/\/diariotextual.com\/inicio\/index.php\/wp-json\/wp\/v2\/users\/5"}],"replies":[{"embeddable":true,"href":"https:\/\/diariotextual.com\/inicio\/index.php\/wp-json\/wp\/v2\/comments?post=307678"}],"version-history":[{"count":1,"href":"https:\/\/diariotextual.com\/inicio\/index.php\/wp-json\/wp\/v2\/posts\/307678\/revisions"}],"predecessor-version":[{"id":307679,"href":"https:\/\/diariotextual.com\/inicio\/index.php\/wp-json\/wp\/v2\/posts\/307678\/revisions\/307679"}],"wp:featuredmedia":[{"embeddable":true,"href":"https:\/\/diariotextual.com\/inicio\/index.php\/wp-json\/wp\/v2\/media\/45645"}],"wp:attachment":[{"href":"https:\/\/diariotextual.com\/inicio\/index.php\/wp-json\/wp\/v2\/media?parent=307678"}],"wp:term":[{"taxonomy":"category","embeddable":true,"href":"https:\/\/diariotextual.com\/inicio\/index.php\/wp-json\/wp\/v2\/categories?post=307678"},{"taxonomy":"post_tag","embeddable":true,"href":"https:\/\/diariotextual.com\/inicio\/index.php\/wp-json\/wp\/v2\/tags?post=307678"}],"curies":[{"name":"wp","href":"https:\/\/api.w.org\/{rel}","templated":true}]}}