{"id":308036,"date":"2025-09-23T20:31:58","date_gmt":"2025-09-23T23:31:58","guid":{"rendered":"https:\/\/diariotextual.com\/inicio\/?p=308036"},"modified":"2025-09-23T20:32:01","modified_gmt":"2025-09-23T23:32:01","slug":"feria-provincial-del-libro-2025-se-abrio-la-inscripcion-para-participar-en-talleres-de-escritura","status":"publish","type":"post","link":"https:\/\/diariotextual.com\/inicio\/index.php\/2025\/09\/23\/feria-provincial-del-libro-2025-se-abrio-la-inscripcion-para-participar-en-talleres-de-escritura\/","title":{"rendered":"Feria Provincial del Libro 2025: se abri\u00f3 la inscripci\u00f3n para participar en talleres de escritura"},"content":{"rendered":"\n<p>La Secretar\u00eda de Cultura del Gobierno de La Pampa invita a participar de los talleres de escritura que se brindar\u00e1n en la Feria Provincial del Libro 2025, la que se desarrollar\u00e1 desde el jueves 2 al domingo 5 de octubre en el Centro Cultural Medasur de Santa Rosa. Estos talleres son gratuitos y con cupos limitados.<\/p>\n\n\n\n<p>Para inscribirse, <strong>los interesados deben enviar un correo electr\u00f3nico a <a href=\"mailto:lapampaferiadellibro@gmail.com\">lapampaferiadellibro@gmail.com<\/a> <\/strong>e incluir los siguientes datos: <strong>nombre y apellido, n\u00famero de DNI y el nombre del taller<\/strong> en el que desean participar.<\/p>\n\n\n\n<p><strong>1- Taller de cr\u00f3nica con Mariana Komiseroff<\/strong><\/p>\n\n\n\n<p>La autora de \u201cBestias Perfectas\u201d, libro que aborda el caso Lucio, brindar\u00e1 el seminario intensivo \u201cHerramientas para narrar historias imposibles\u201d. Este taller explorar\u00e1 la cr\u00f3nica como herramienta para contar sucesos complejos o inveros\u00edmiles, como cr\u00edmenes, desapariciones y tragedias. Se abordar\u00e1n recursos narrativos, la \u00e9tica period\u00edstica y el trabajo con fuentes y testimonios. A partir de casos reales (cr\u00edmenes, desapariciones, tragedias colectivas, vidas en los m\u00e1rgenes), se trabajar\u00e1 en c\u00f3mo construir un relato period\u00edstico-literario que combine rigor con sensibilidad est\u00e9tica. Tambi\u00e9n se abordar\u00e1n recursos narrativos, la \u00e9tica en la representaci\u00f3n de lo real y el trabajo con fuentes, documentos y testimonios.<\/p>\n\n\n\n<p><strong>Jueves 2 y viernes 3 de 19 a 21 horas, y domingo 5 de 18 a 20 horas<\/strong> en el espacio de Arte Propio.<\/p>\n\n\n\n<p><strong>2- Taller de la Asociaci\u00f3n Pampeana de Escritores (APE)<\/strong><\/p>\n\n\n\n<p>La docente y escritora Natividad Ponce dictar\u00e1 el Taller de Lectura y Escritura Incidental, una actividad de la APE para compartir herramientas de creaci\u00f3n y disfrute.<\/p>\n\n\n\n<p><strong>Jueves 2, a las 19 horas. Sala Nervi, 2do. Piso.<\/strong><\/p>\n\n\n\n<p><strong>3- Narrativas autobiogr\u00e1ficas con \u00c1ngeles Alemandi<\/strong><\/p>\n\n\n\n<p>La periodista y escritora \u00c1ngeles Alemandi invita a transformar las historias de vida en obras de arte en el taller \u201cMi vida querida\u201d. Con un cupo de 20 personas, esta actividad busca que los participantes aprendan a tomar distancia de sus propias experiencias para abordarlas con vuelo literario, sin buscar la catarsis. \u00c1ngeles Alemandi invita a transformar la propia historia en un hecho art\u00edstico \u201cporque no basta con tener una buena an\u00e9cdota o haber protagonizado el m\u00e1s tremendo de los dramas, se trata de saber contarlo\u201d.<\/p>\n\n\n\n<p><strong>S\u00e1bado 4, de 16 a 18 horas. Sala Nervi, 2do. Piso.<\/strong><\/p>\n\n\n\n<p><strong>4- \u00bfQui\u00e9n se anima a escribir un cuento? con Ram\u00f3n Tarruella<\/strong><\/p>\n\n\n\n<p>El escritor y editor Ram\u00f3n Tarruella ofrecer\u00e1 un taller para quienes deseen dar sus primeros pasos en la escritura de ficci\u00f3n. La actividad se centrar\u00e1 en los elementos clave para construir cualquier relato: escenario, personajes y trama. El taller est\u00e1 destinado a j\u00f3venes y al p\u00fablico en general, sin necesidad de conocimientos previos, con el objetivo de estimular la imaginaci\u00f3n y el entusiasmo por la escritura.<\/p>\n\n\n\n<p><strong>S\u00e1bado 4, a las 17 horas en el espacio de Arte Propio.<\/strong><\/p>\n","protected":false},"excerpt":{"rendered":"<p>La Secretar\u00eda de Cultura del Gobierno de La Pampa invita a participar de los talleres de escritura que se brindar\u00e1n en la Feria Provincial del Libro 2025, la que se&hellip;<\/p>\n","protected":false},"author":5,"featured_media":308037,"comment_status":"closed","ping_status":"open","sticky":false,"template":"","format":"standard","meta":{"_acf_changed":false,"footnotes":""},"categories":[1,2],"tags":[],"class_list":["post-308036","post","type-post","status-publish","format-standard","has-post-thumbnail","hentry","category-es-noticia","category-cultura"],"acf":[],"yoast_head":"<!-- This site is optimized with the Yoast SEO plugin v27.5 - https:\/\/yoast.com\/product\/yoast-seo-wordpress\/ -->\n<title>Feria Provincial del Libro 2025: se abri\u00f3 la inscripci\u00f3n para participar en talleres de escritura - Diario Textual<\/title>\n<meta name=\"robots\" content=\"index, follow, max-snippet:-1, max-image-preview:large, max-video-preview:-1\" \/>\n<link rel=\"canonical\" href=\"https:\/\/diariotextual.com\/inicio\/index.php\/2025\/09\/23\/feria-provincial-del-libro-2025-se-abrio-la-inscripcion-para-participar-en-talleres-de-escritura\/\" \/>\n<meta property=\"og:locale\" content=\"es_ES\" \/>\n<meta property=\"og:type\" content=\"article\" \/>\n<meta property=\"og:title\" content=\"Feria Provincial del Libro 2025: se abri\u00f3 la inscripci\u00f3n para participar en talleres de escritura - Diario Textual\" \/>\n<meta property=\"og:description\" content=\"La Secretar\u00eda de Cultura del Gobierno de La Pampa invita a participar de los talleres de escritura que se brindar\u00e1n en la Feria Provincial del Libro 2025, la que se&hellip;\" \/>\n<meta property=\"og:url\" content=\"https:\/\/diariotextual.com\/inicio\/index.php\/2025\/09\/23\/feria-provincial-del-libro-2025-se-abrio-la-inscripcion-para-participar-en-talleres-de-escritura\/\" \/>\n<meta property=\"og:site_name\" content=\"Diario Textual\" \/>\n<meta property=\"article:publisher\" content=\"https:\/\/www.facebook.com\/eltextual\" \/>\n<meta property=\"article:published_time\" content=\"2025-09-23T23:31:58+00:00\" \/>\n<meta property=\"article:modified_time\" content=\"2025-09-23T23:32:01+00:00\" \/>\n<meta property=\"og:image\" content=\"https:\/\/diariotextual.com\/inicio\/wp-content\/uploads\/2025\/09\/centroculturalmedasur2025.jpg\" \/>\n\t<meta property=\"og:image:width\" content=\"900\" \/>\n\t<meta property=\"og:image:height\" content=\"577\" \/>\n\t<meta property=\"og:image:type\" content=\"image\/jpeg\" \/>\n<meta name=\"author\" content=\"diario3\" \/>\n<meta name=\"twitter:card\" content=\"summary_large_image\" \/>\n<meta name=\"twitter:creator\" content=\"@eltextual\" \/>\n<meta name=\"twitter:site\" content=\"@eltextual\" \/>\n<meta name=\"twitter:label1\" content=\"Escrito por\" \/>\n\t<meta name=\"twitter:data1\" content=\"diario3\" \/>\n\t<meta name=\"twitter:label2\" content=\"Tiempo de lectura\" \/>\n\t<meta name=\"twitter:data2\" content=\"3 minutos\" \/>\n<script type=\"application\/ld+json\" class=\"yoast-schema-graph\">{\"@context\":\"https:\\\/\\\/schema.org\",\"@graph\":[{\"@type\":\"Article\",\"@id\":\"https:\\\/\\\/diariotextual.com\\\/inicio\\\/index.php\\\/2025\\\/09\\\/23\\\/feria-provincial-del-libro-2025-se-abrio-la-inscripcion-para-participar-en-talleres-de-escritura\\\/#article\",\"isPartOf\":{\"@id\":\"https:\\\/\\\/diariotextual.com\\\/inicio\\\/index.php\\\/2025\\\/09\\\/23\\\/feria-provincial-del-libro-2025-se-abrio-la-inscripcion-para-participar-en-talleres-de-escritura\\\/\"},\"author\":{\"name\":\"diario3\",\"@id\":\"https:\\\/\\\/diariotextual.com\\\/inicio\\\/#\\\/schema\\\/person\\\/a1b6f563e0ee944c60f98119389a4d9f\"},\"headline\":\"Feria Provincial del Libro 2025: se abri\u00f3 la inscripci\u00f3n para participar en talleres de escritura\",\"datePublished\":\"2025-09-23T23:31:58+00:00\",\"dateModified\":\"2025-09-23T23:32:01+00:00\",\"mainEntityOfPage\":{\"@id\":\"https:\\\/\\\/diariotextual.com\\\/inicio\\\/index.php\\\/2025\\\/09\\\/23\\\/feria-provincial-del-libro-2025-se-abrio-la-inscripcion-para-participar-en-talleres-de-escritura\\\/\"},\"wordCount\":488,\"publisher\":{\"@id\":\"https:\\\/\\\/diariotextual.com\\\/inicio\\\/#organization\"},\"image\":{\"@id\":\"https:\\\/\\\/diariotextual.com\\\/inicio\\\/index.php\\\/2025\\\/09\\\/23\\\/feria-provincial-del-libro-2025-se-abrio-la-inscripcion-para-participar-en-talleres-de-escritura\\\/#primaryimage\"},\"thumbnailUrl\":\"https:\\\/\\\/diariotextual.com\\\/inicio\\\/wp-content\\\/uploads\\\/2025\\\/09\\\/centroculturalmedasur2025.jpg\",\"articleSection\":[\"A - ES NOTICIA (van abajo)\",\"CULTURA\"],\"inLanguage\":\"es\"},{\"@type\":\"WebPage\",\"@id\":\"https:\\\/\\\/diariotextual.com\\\/inicio\\\/index.php\\\/2025\\\/09\\\/23\\\/feria-provincial-del-libro-2025-se-abrio-la-inscripcion-para-participar-en-talleres-de-escritura\\\/\",\"url\":\"https:\\\/\\\/diariotextual.com\\\/inicio\\\/index.php\\\/2025\\\/09\\\/23\\\/feria-provincial-del-libro-2025-se-abrio-la-inscripcion-para-participar-en-talleres-de-escritura\\\/\",\"name\":\"Feria Provincial del Libro 2025: se abri\u00f3 la inscripci\u00f3n para participar en talleres de escritura - Diario Textual\",\"isPartOf\":{\"@id\":\"https:\\\/\\\/diariotextual.com\\\/inicio\\\/#website\"},\"primaryImageOfPage\":{\"@id\":\"https:\\\/\\\/diariotextual.com\\\/inicio\\\/index.php\\\/2025\\\/09\\\/23\\\/feria-provincial-del-libro-2025-se-abrio-la-inscripcion-para-participar-en-talleres-de-escritura\\\/#primaryimage\"},\"image\":{\"@id\":\"https:\\\/\\\/diariotextual.com\\\/inicio\\\/index.php\\\/2025\\\/09\\\/23\\\/feria-provincial-del-libro-2025-se-abrio-la-inscripcion-para-participar-en-talleres-de-escritura\\\/#primaryimage\"},\"thumbnailUrl\":\"https:\\\/\\\/diariotextual.com\\\/inicio\\\/wp-content\\\/uploads\\\/2025\\\/09\\\/centroculturalmedasur2025.jpg\",\"datePublished\":\"2025-09-23T23:31:58+00:00\",\"dateModified\":\"2025-09-23T23:32:01+00:00\",\"breadcrumb\":{\"@id\":\"https:\\\/\\\/diariotextual.com\\\/inicio\\\/index.php\\\/2025\\\/09\\\/23\\\/feria-provincial-del-libro-2025-se-abrio-la-inscripcion-para-participar-en-talleres-de-escritura\\\/#breadcrumb\"},\"inLanguage\":\"es\",\"potentialAction\":[{\"@type\":\"ReadAction\",\"target\":[\"https:\\\/\\\/diariotextual.com\\\/inicio\\\/index.php\\\/2025\\\/09\\\/23\\\/feria-provincial-del-libro-2025-se-abrio-la-inscripcion-para-participar-en-talleres-de-escritura\\\/\"]}]},{\"@type\":\"ImageObject\",\"inLanguage\":\"es\",\"@id\":\"https:\\\/\\\/diariotextual.com\\\/inicio\\\/index.php\\\/2025\\\/09\\\/23\\\/feria-provincial-del-libro-2025-se-abrio-la-inscripcion-para-participar-en-talleres-de-escritura\\\/#primaryimage\",\"url\":\"https:\\\/\\\/diariotextual.com\\\/inicio\\\/wp-content\\\/uploads\\\/2025\\\/09\\\/centroculturalmedasur2025.jpg\",\"contentUrl\":\"https:\\\/\\\/diariotextual.com\\\/inicio\\\/wp-content\\\/uploads\\\/2025\\\/09\\\/centroculturalmedasur2025.jpg\",\"width\":900,\"height\":577},{\"@type\":\"BreadcrumbList\",\"@id\":\"https:\\\/\\\/diariotextual.com\\\/inicio\\\/index.php\\\/2025\\\/09\\\/23\\\/feria-provincial-del-libro-2025-se-abrio-la-inscripcion-para-participar-en-talleres-de-escritura\\\/#breadcrumb\",\"itemListElement\":[{\"@type\":\"ListItem\",\"position\":1,\"name\":\"Portada\",\"item\":\"https:\\\/\\\/diariotextual.com\\\/inicio\\\/\"},{\"@type\":\"ListItem\",\"position\":2,\"name\":\"Feria Provincial del Libro 2025: se abri\u00f3 la inscripci\u00f3n para participar en talleres de escritura\"}]},{\"@type\":\"WebSite\",\"@id\":\"https:\\\/\\\/diariotextual.com\\\/inicio\\\/#website\",\"url\":\"https:\\\/\\\/diariotextual.com\\\/inicio\\\/\",\"name\":\"Diario Textual\",\"description\":\"\",\"publisher\":{\"@id\":\"https:\\\/\\\/diariotextual.com\\\/inicio\\\/#organization\"},\"potentialAction\":[{\"@type\":\"SearchAction\",\"target\":{\"@type\":\"EntryPoint\",\"urlTemplate\":\"https:\\\/\\\/diariotextual.com\\\/inicio\\\/?s={search_term_string}\"},\"query-input\":{\"@type\":\"PropertyValueSpecification\",\"valueRequired\":true,\"valueName\":\"search_term_string\"}}],\"inLanguage\":\"es\"},{\"@type\":\"Organization\",\"@id\":\"https:\\\/\\\/diariotextual.com\\\/inicio\\\/#organization\",\"name\":\"Diario Textual\",\"url\":\"https:\\\/\\\/diariotextual.com\\\/inicio\\\/\",\"logo\":{\"@type\":\"ImageObject\",\"inLanguage\":\"es\",\"@id\":\"https:\\\/\\\/diariotextual.com\\\/inicio\\\/#\\\/schema\\\/logo\\\/image\\\/\",\"url\":\"https:\\\/\\\/diariotextual.com\\\/inicio\\\/wp-content\\\/uploads\\\/2023\\\/05\\\/logotextual1.jpg\",\"contentUrl\":\"https:\\\/\\\/diariotextual.com\\\/inicio\\\/wp-content\\\/uploads\\\/2023\\\/05\\\/logotextual1.jpg\",\"width\":516,\"height\":76,\"caption\":\"Diario Textual\"},\"image\":{\"@id\":\"https:\\\/\\\/diariotextual.com\\\/inicio\\\/#\\\/schema\\\/logo\\\/image\\\/\"},\"sameAs\":[\"https:\\\/\\\/www.facebook.com\\\/eltextual\",\"https:\\\/\\\/x.com\\\/eltextual\",\"http:\\\/\\\/www.instagram.com\\\/eltextual\"]},{\"@type\":\"Person\",\"@id\":\"https:\\\/\\\/diariotextual.com\\\/inicio\\\/#\\\/schema\\\/person\\\/a1b6f563e0ee944c60f98119389a4d9f\",\"name\":\"diario3\",\"image\":{\"@type\":\"ImageObject\",\"inLanguage\":\"es\",\"@id\":\"https:\\\/\\\/secure.gravatar.com\\\/avatar\\\/5e7ee62c82fc04d9dd79d746a390d93c69c43223e5faeeb3ea9461ef752bfc5d?s=96&d=mm&r=g\",\"url\":\"https:\\\/\\\/secure.gravatar.com\\\/avatar\\\/5e7ee62c82fc04d9dd79d746a390d93c69c43223e5faeeb3ea9461ef752bfc5d?s=96&d=mm&r=g\",\"contentUrl\":\"https:\\\/\\\/secure.gravatar.com\\\/avatar\\\/5e7ee62c82fc04d9dd79d746a390d93c69c43223e5faeeb3ea9461ef752bfc5d?s=96&d=mm&r=g\",\"caption\":\"diario3\"},\"url\":\"https:\\\/\\\/diariotextual.com\\\/inicio\\\/index.php\\\/author\\\/diario3\\\/\"}]}<\/script>\n<!-- \/ Yoast SEO plugin. -->","yoast_head_json":{"title":"Feria Provincial del Libro 2025: se abri\u00f3 la inscripci\u00f3n para participar en talleres de escritura - Diario Textual","robots":{"index":"index","follow":"follow","max-snippet":"max-snippet:-1","max-image-preview":"max-image-preview:large","max-video-preview":"max-video-preview:-1"},"canonical":"https:\/\/diariotextual.com\/inicio\/index.php\/2025\/09\/23\/feria-provincial-del-libro-2025-se-abrio-la-inscripcion-para-participar-en-talleres-de-escritura\/","og_locale":"es_ES","og_type":"article","og_title":"Feria Provincial del Libro 2025: se abri\u00f3 la inscripci\u00f3n para participar en talleres de escritura - Diario Textual","og_description":"La Secretar\u00eda de Cultura del Gobierno de La Pampa invita a participar de los talleres de escritura que se brindar\u00e1n en la Feria Provincial del Libro 2025, la que se&hellip;","og_url":"https:\/\/diariotextual.com\/inicio\/index.php\/2025\/09\/23\/feria-provincial-del-libro-2025-se-abrio-la-inscripcion-para-participar-en-talleres-de-escritura\/","og_site_name":"Diario Textual","article_publisher":"https:\/\/www.facebook.com\/eltextual","article_published_time":"2025-09-23T23:31:58+00:00","article_modified_time":"2025-09-23T23:32:01+00:00","og_image":[{"width":900,"height":577,"url":"https:\/\/diariotextual.com\/inicio\/wp-content\/uploads\/2025\/09\/centroculturalmedasur2025.jpg","type":"image\/jpeg"}],"author":"diario3","twitter_card":"summary_large_image","twitter_creator":"@eltextual","twitter_site":"@eltextual","twitter_misc":{"Escrito por":"diario3","Tiempo de lectura":"3 minutos"},"schema":{"@context":"https:\/\/schema.org","@graph":[{"@type":"Article","@id":"https:\/\/diariotextual.com\/inicio\/index.php\/2025\/09\/23\/feria-provincial-del-libro-2025-se-abrio-la-inscripcion-para-participar-en-talleres-de-escritura\/#article","isPartOf":{"@id":"https:\/\/diariotextual.com\/inicio\/index.php\/2025\/09\/23\/feria-provincial-del-libro-2025-se-abrio-la-inscripcion-para-participar-en-talleres-de-escritura\/"},"author":{"name":"diario3","@id":"https:\/\/diariotextual.com\/inicio\/#\/schema\/person\/a1b6f563e0ee944c60f98119389a4d9f"},"headline":"Feria Provincial del Libro 2025: se abri\u00f3 la inscripci\u00f3n para participar en talleres de escritura","datePublished":"2025-09-23T23:31:58+00:00","dateModified":"2025-09-23T23:32:01+00:00","mainEntityOfPage":{"@id":"https:\/\/diariotextual.com\/inicio\/index.php\/2025\/09\/23\/feria-provincial-del-libro-2025-se-abrio-la-inscripcion-para-participar-en-talleres-de-escritura\/"},"wordCount":488,"publisher":{"@id":"https:\/\/diariotextual.com\/inicio\/#organization"},"image":{"@id":"https:\/\/diariotextual.com\/inicio\/index.php\/2025\/09\/23\/feria-provincial-del-libro-2025-se-abrio-la-inscripcion-para-participar-en-talleres-de-escritura\/#primaryimage"},"thumbnailUrl":"https:\/\/diariotextual.com\/inicio\/wp-content\/uploads\/2025\/09\/centroculturalmedasur2025.jpg","articleSection":["A - ES NOTICIA (van abajo)","CULTURA"],"inLanguage":"es"},{"@type":"WebPage","@id":"https:\/\/diariotextual.com\/inicio\/index.php\/2025\/09\/23\/feria-provincial-del-libro-2025-se-abrio-la-inscripcion-para-participar-en-talleres-de-escritura\/","url":"https:\/\/diariotextual.com\/inicio\/index.php\/2025\/09\/23\/feria-provincial-del-libro-2025-se-abrio-la-inscripcion-para-participar-en-talleres-de-escritura\/","name":"Feria Provincial del Libro 2025: se abri\u00f3 la inscripci\u00f3n para participar en talleres de escritura - Diario Textual","isPartOf":{"@id":"https:\/\/diariotextual.com\/inicio\/#website"},"primaryImageOfPage":{"@id":"https:\/\/diariotextual.com\/inicio\/index.php\/2025\/09\/23\/feria-provincial-del-libro-2025-se-abrio-la-inscripcion-para-participar-en-talleres-de-escritura\/#primaryimage"},"image":{"@id":"https:\/\/diariotextual.com\/inicio\/index.php\/2025\/09\/23\/feria-provincial-del-libro-2025-se-abrio-la-inscripcion-para-participar-en-talleres-de-escritura\/#primaryimage"},"thumbnailUrl":"https:\/\/diariotextual.com\/inicio\/wp-content\/uploads\/2025\/09\/centroculturalmedasur2025.jpg","datePublished":"2025-09-23T23:31:58+00:00","dateModified":"2025-09-23T23:32:01+00:00","breadcrumb":{"@id":"https:\/\/diariotextual.com\/inicio\/index.php\/2025\/09\/23\/feria-provincial-del-libro-2025-se-abrio-la-inscripcion-para-participar-en-talleres-de-escritura\/#breadcrumb"},"inLanguage":"es","potentialAction":[{"@type":"ReadAction","target":["https:\/\/diariotextual.com\/inicio\/index.php\/2025\/09\/23\/feria-provincial-del-libro-2025-se-abrio-la-inscripcion-para-participar-en-talleres-de-escritura\/"]}]},{"@type":"ImageObject","inLanguage":"es","@id":"https:\/\/diariotextual.com\/inicio\/index.php\/2025\/09\/23\/feria-provincial-del-libro-2025-se-abrio-la-inscripcion-para-participar-en-talleres-de-escritura\/#primaryimage","url":"https:\/\/diariotextual.com\/inicio\/wp-content\/uploads\/2025\/09\/centroculturalmedasur2025.jpg","contentUrl":"https:\/\/diariotextual.com\/inicio\/wp-content\/uploads\/2025\/09\/centroculturalmedasur2025.jpg","width":900,"height":577},{"@type":"BreadcrumbList","@id":"https:\/\/diariotextual.com\/inicio\/index.php\/2025\/09\/23\/feria-provincial-del-libro-2025-se-abrio-la-inscripcion-para-participar-en-talleres-de-escritura\/#breadcrumb","itemListElement":[{"@type":"ListItem","position":1,"name":"Portada","item":"https:\/\/diariotextual.com\/inicio\/"},{"@type":"ListItem","position":2,"name":"Feria Provincial del Libro 2025: se abri\u00f3 la inscripci\u00f3n para participar en talleres de escritura"}]},{"@type":"WebSite","@id":"https:\/\/diariotextual.com\/inicio\/#website","url":"https:\/\/diariotextual.com\/inicio\/","name":"Diario Textual","description":"","publisher":{"@id":"https:\/\/diariotextual.com\/inicio\/#organization"},"potentialAction":[{"@type":"SearchAction","target":{"@type":"EntryPoint","urlTemplate":"https:\/\/diariotextual.com\/inicio\/?s={search_term_string}"},"query-input":{"@type":"PropertyValueSpecification","valueRequired":true,"valueName":"search_term_string"}}],"inLanguage":"es"},{"@type":"Organization","@id":"https:\/\/diariotextual.com\/inicio\/#organization","name":"Diario Textual","url":"https:\/\/diariotextual.com\/inicio\/","logo":{"@type":"ImageObject","inLanguage":"es","@id":"https:\/\/diariotextual.com\/inicio\/#\/schema\/logo\/image\/","url":"https:\/\/diariotextual.com\/inicio\/wp-content\/uploads\/2023\/05\/logotextual1.jpg","contentUrl":"https:\/\/diariotextual.com\/inicio\/wp-content\/uploads\/2023\/05\/logotextual1.jpg","width":516,"height":76,"caption":"Diario Textual"},"image":{"@id":"https:\/\/diariotextual.com\/inicio\/#\/schema\/logo\/image\/"},"sameAs":["https:\/\/www.facebook.com\/eltextual","https:\/\/x.com\/eltextual","http:\/\/www.instagram.com\/eltextual"]},{"@type":"Person","@id":"https:\/\/diariotextual.com\/inicio\/#\/schema\/person\/a1b6f563e0ee944c60f98119389a4d9f","name":"diario3","image":{"@type":"ImageObject","inLanguage":"es","@id":"https:\/\/secure.gravatar.com\/avatar\/5e7ee62c82fc04d9dd79d746a390d93c69c43223e5faeeb3ea9461ef752bfc5d?s=96&d=mm&r=g","url":"https:\/\/secure.gravatar.com\/avatar\/5e7ee62c82fc04d9dd79d746a390d93c69c43223e5faeeb3ea9461ef752bfc5d?s=96&d=mm&r=g","contentUrl":"https:\/\/secure.gravatar.com\/avatar\/5e7ee62c82fc04d9dd79d746a390d93c69c43223e5faeeb3ea9461ef752bfc5d?s=96&d=mm&r=g","caption":"diario3"},"url":"https:\/\/diariotextual.com\/inicio\/index.php\/author\/diario3\/"}]}},"_links":{"self":[{"href":"https:\/\/diariotextual.com\/inicio\/index.php\/wp-json\/wp\/v2\/posts\/308036","targetHints":{"allow":["GET"]}}],"collection":[{"href":"https:\/\/diariotextual.com\/inicio\/index.php\/wp-json\/wp\/v2\/posts"}],"about":[{"href":"https:\/\/diariotextual.com\/inicio\/index.php\/wp-json\/wp\/v2\/types\/post"}],"author":[{"embeddable":true,"href":"https:\/\/diariotextual.com\/inicio\/index.php\/wp-json\/wp\/v2\/users\/5"}],"replies":[{"embeddable":true,"href":"https:\/\/diariotextual.com\/inicio\/index.php\/wp-json\/wp\/v2\/comments?post=308036"}],"version-history":[{"count":1,"href":"https:\/\/diariotextual.com\/inicio\/index.php\/wp-json\/wp\/v2\/posts\/308036\/revisions"}],"predecessor-version":[{"id":308038,"href":"https:\/\/diariotextual.com\/inicio\/index.php\/wp-json\/wp\/v2\/posts\/308036\/revisions\/308038"}],"wp:featuredmedia":[{"embeddable":true,"href":"https:\/\/diariotextual.com\/inicio\/index.php\/wp-json\/wp\/v2\/media\/308037"}],"wp:attachment":[{"href":"https:\/\/diariotextual.com\/inicio\/index.php\/wp-json\/wp\/v2\/media?parent=308036"}],"wp:term":[{"taxonomy":"category","embeddable":true,"href":"https:\/\/diariotextual.com\/inicio\/index.php\/wp-json\/wp\/v2\/categories?post=308036"},{"taxonomy":"post_tag","embeddable":true,"href":"https:\/\/diariotextual.com\/inicio\/index.php\/wp-json\/wp\/v2\/tags?post=308036"}],"curies":[{"name":"wp","href":"https:\/\/api.w.org\/{rel}","templated":true}]}}