{"id":308517,"date":"2025-09-29T16:50:07","date_gmt":"2025-09-29T19:50:07","guid":{"rendered":"https:\/\/diariotextual.com\/inicio\/?p=308517"},"modified":"2025-09-29T16:50:09","modified_gmt":"2025-09-29T19:50:09","slug":"ferran-y-marin-con-trabajadores-de-la-cultura-pampeana","status":"publish","type":"post","link":"https:\/\/diariotextual.com\/inicio\/index.php\/2025\/09\/29\/ferran-y-marin-con-trabajadores-de-la-cultura-pampeana\/","title":{"rendered":"Ferr\u00e1n y Mar\u00edn con trabajadores de la cultura pampeana"},"content":{"rendered":"\n<p>Los candidatos a <strong>diputados nacionales Abelardo Ferr\u00e1n, Varinia \u201cLichi\u201d Mar\u00edn y Federico Ignaszewski,<\/strong> participaron el s\u00e1bado de un encuentro con referentes culturales de La Pampa y en la que <strong>se plante\u00f3 la preocupaci\u00f3n por el desfinanciamiento e intentos del Gobierno nacional de desmantelar organismos vinculados a la cultura.<\/strong><\/p>\n\n\n\n<p>\u201cA quienes vayan a Buenos Aires, sepan que <strong>en La Pampa hay mucha gente que puede aportarles ideas, somos una usina permanente de generar cultura<\/strong> y, en ella, oportunidades para todos los pampeanos y pampeanas. Al que se vaya, no se olvide de las bases y el territorio\u201d, pidi\u00f3 uno de los asistentes.<\/p>\n\n\n\n<p>En otro tramo de la charla se destac\u00f3 que, <strong>como ocurre muchas veces con el deporte, la cultura tambi\u00e9n saca chicos de la calle y de situaciones problem\u00e1ticas<\/strong>, por eso destacaron la importancia de apostar a todos los \u00e1mbitos culturales y fortalecerlos.<\/p>\n\n\n\n<p>Durante el transcurso de la reuni\u00f3n, se realiz\u00f3 un minuto de silencio por el triple femicidio ocurrido en Florencio Varela, en memoria de Brenda del Castillo, Morena Verdi y Lara Guti\u00e9rrez.<\/p>\n","protected":false},"excerpt":{"rendered":"<p>Los candidatos a diputados nacionales Abelardo Ferr\u00e1n, Varinia \u201cLichi\u201d Mar\u00edn y Federico Ignaszewski, participaron el s\u00e1bado de un encuentro con referentes culturales de La Pampa y en la que se&hellip;<\/p>\n","protected":false},"author":5,"featured_media":308518,"comment_status":"closed","ping_status":"open","sticky":false,"template":"","format":"standard","meta":{"_acf_changed":false,"footnotes":""},"categories":[1,2],"tags":[],"class_list":["post-308517","post","type-post","status-publish","format-standard","has-post-thumbnail","hentry","category-es-noticia","category-cultura"],"acf":[],"yoast_head":"<!-- This site is optimized with the Yoast SEO plugin v27.5 - https:\/\/yoast.com\/product\/yoast-seo-wordpress\/ -->\n<title>Ferr\u00e1n y Mar\u00edn con trabajadores de la cultura pampeana - Diario Textual<\/title>\n<meta name=\"robots\" content=\"index, follow, max-snippet:-1, max-image-preview:large, max-video-preview:-1\" \/>\n<link rel=\"canonical\" href=\"https:\/\/diariotextual.com\/inicio\/index.php\/2025\/09\/29\/ferran-y-marin-con-trabajadores-de-la-cultura-pampeana\/\" \/>\n<meta property=\"og:locale\" content=\"es_ES\" \/>\n<meta property=\"og:type\" content=\"article\" \/>\n<meta property=\"og:title\" content=\"Ferr\u00e1n y Mar\u00edn con trabajadores de la cultura pampeana - Diario Textual\" \/>\n<meta property=\"og:description\" content=\"Los candidatos a diputados nacionales Abelardo Ferr\u00e1n, Varinia \u201cLichi\u201d Mar\u00edn y Federico Ignaszewski, participaron el s\u00e1bado de un encuentro con referentes culturales de La Pampa y en la que se&hellip;\" \/>\n<meta property=\"og:url\" content=\"https:\/\/diariotextual.com\/inicio\/index.php\/2025\/09\/29\/ferran-y-marin-con-trabajadores-de-la-cultura-pampeana\/\" \/>\n<meta property=\"og:site_name\" content=\"Diario Textual\" \/>\n<meta property=\"article:publisher\" content=\"https:\/\/www.facebook.com\/eltextual\" \/>\n<meta property=\"article:published_time\" content=\"2025-09-29T19:50:07+00:00\" \/>\n<meta property=\"article:modified_time\" content=\"2025-09-29T19:50:09+00:00\" \/>\n<meta property=\"og:image\" content=\"https:\/\/diariotextual.com\/inicio\/wp-content\/uploads\/2025\/09\/ferranmarincultura2025.jpg\" \/>\n\t<meta property=\"og:image:width\" content=\"900\" \/>\n\t<meta property=\"og:image:height\" content=\"536\" \/>\n\t<meta property=\"og:image:type\" content=\"image\/jpeg\" \/>\n<meta name=\"author\" content=\"diario3\" \/>\n<meta name=\"twitter:card\" content=\"summary_large_image\" \/>\n<meta name=\"twitter:creator\" content=\"@eltextual\" \/>\n<meta name=\"twitter:site\" content=\"@eltextual\" \/>\n<meta name=\"twitter:label1\" content=\"Escrito por\" \/>\n\t<meta name=\"twitter:data1\" content=\"diario3\" \/>\n\t<meta name=\"twitter:label2\" content=\"Tiempo de lectura\" \/>\n\t<meta name=\"twitter:data2\" content=\"1 minuto\" \/>\n<script type=\"application\/ld+json\" class=\"yoast-schema-graph\">{\"@context\":\"https:\\\/\\\/schema.org\",\"@graph\":[{\"@type\":\"Article\",\"@id\":\"https:\\\/\\\/diariotextual.com\\\/inicio\\\/index.php\\\/2025\\\/09\\\/29\\\/ferran-y-marin-con-trabajadores-de-la-cultura-pampeana\\\/#article\",\"isPartOf\":{\"@id\":\"https:\\\/\\\/diariotextual.com\\\/inicio\\\/index.php\\\/2025\\\/09\\\/29\\\/ferran-y-marin-con-trabajadores-de-la-cultura-pampeana\\\/\"},\"author\":{\"name\":\"diario3\",\"@id\":\"https:\\\/\\\/diariotextual.com\\\/inicio\\\/#\\\/schema\\\/person\\\/a1b6f563e0ee944c60f98119389a4d9f\"},\"headline\":\"Ferr\u00e1n y Mar\u00edn con trabajadores de la cultura pampeana\",\"datePublished\":\"2025-09-29T19:50:07+00:00\",\"dateModified\":\"2025-09-29T19:50:09+00:00\",\"mainEntityOfPage\":{\"@id\":\"https:\\\/\\\/diariotextual.com\\\/inicio\\\/index.php\\\/2025\\\/09\\\/29\\\/ferran-y-marin-con-trabajadores-de-la-cultura-pampeana\\\/\"},\"wordCount\":193,\"publisher\":{\"@id\":\"https:\\\/\\\/diariotextual.com\\\/inicio\\\/#organization\"},\"image\":{\"@id\":\"https:\\\/\\\/diariotextual.com\\\/inicio\\\/index.php\\\/2025\\\/09\\\/29\\\/ferran-y-marin-con-trabajadores-de-la-cultura-pampeana\\\/#primaryimage\"},\"thumbnailUrl\":\"https:\\\/\\\/diariotextual.com\\\/inicio\\\/wp-content\\\/uploads\\\/2025\\\/09\\\/ferranmarincultura2025.jpg\",\"articleSection\":[\"A - ES NOTICIA (van abajo)\",\"CULTURA\"],\"inLanguage\":\"es\"},{\"@type\":\"WebPage\",\"@id\":\"https:\\\/\\\/diariotextual.com\\\/inicio\\\/index.php\\\/2025\\\/09\\\/29\\\/ferran-y-marin-con-trabajadores-de-la-cultura-pampeana\\\/\",\"url\":\"https:\\\/\\\/diariotextual.com\\\/inicio\\\/index.php\\\/2025\\\/09\\\/29\\\/ferran-y-marin-con-trabajadores-de-la-cultura-pampeana\\\/\",\"name\":\"Ferr\u00e1n y Mar\u00edn con trabajadores de la cultura pampeana - Diario Textual\",\"isPartOf\":{\"@id\":\"https:\\\/\\\/diariotextual.com\\\/inicio\\\/#website\"},\"primaryImageOfPage\":{\"@id\":\"https:\\\/\\\/diariotextual.com\\\/inicio\\\/index.php\\\/2025\\\/09\\\/29\\\/ferran-y-marin-con-trabajadores-de-la-cultura-pampeana\\\/#primaryimage\"},\"image\":{\"@id\":\"https:\\\/\\\/diariotextual.com\\\/inicio\\\/index.php\\\/2025\\\/09\\\/29\\\/ferran-y-marin-con-trabajadores-de-la-cultura-pampeana\\\/#primaryimage\"},\"thumbnailUrl\":\"https:\\\/\\\/diariotextual.com\\\/inicio\\\/wp-content\\\/uploads\\\/2025\\\/09\\\/ferranmarincultura2025.jpg\",\"datePublished\":\"2025-09-29T19:50:07+00:00\",\"dateModified\":\"2025-09-29T19:50:09+00:00\",\"breadcrumb\":{\"@id\":\"https:\\\/\\\/diariotextual.com\\\/inicio\\\/index.php\\\/2025\\\/09\\\/29\\\/ferran-y-marin-con-trabajadores-de-la-cultura-pampeana\\\/#breadcrumb\"},\"inLanguage\":\"es\",\"potentialAction\":[{\"@type\":\"ReadAction\",\"target\":[\"https:\\\/\\\/diariotextual.com\\\/inicio\\\/index.php\\\/2025\\\/09\\\/29\\\/ferran-y-marin-con-trabajadores-de-la-cultura-pampeana\\\/\"]}]},{\"@type\":\"ImageObject\",\"inLanguage\":\"es\",\"@id\":\"https:\\\/\\\/diariotextual.com\\\/inicio\\\/index.php\\\/2025\\\/09\\\/29\\\/ferran-y-marin-con-trabajadores-de-la-cultura-pampeana\\\/#primaryimage\",\"url\":\"https:\\\/\\\/diariotextual.com\\\/inicio\\\/wp-content\\\/uploads\\\/2025\\\/09\\\/ferranmarincultura2025.jpg\",\"contentUrl\":\"https:\\\/\\\/diariotextual.com\\\/inicio\\\/wp-content\\\/uploads\\\/2025\\\/09\\\/ferranmarincultura2025.jpg\",\"width\":900,\"height\":536},{\"@type\":\"BreadcrumbList\",\"@id\":\"https:\\\/\\\/diariotextual.com\\\/inicio\\\/index.php\\\/2025\\\/09\\\/29\\\/ferran-y-marin-con-trabajadores-de-la-cultura-pampeana\\\/#breadcrumb\",\"itemListElement\":[{\"@type\":\"ListItem\",\"position\":1,\"name\":\"Portada\",\"item\":\"https:\\\/\\\/diariotextual.com\\\/inicio\\\/\"},{\"@type\":\"ListItem\",\"position\":2,\"name\":\"Ferr\u00e1n y Mar\u00edn con trabajadores de la cultura pampeana\"}]},{\"@type\":\"WebSite\",\"@id\":\"https:\\\/\\\/diariotextual.com\\\/inicio\\\/#website\",\"url\":\"https:\\\/\\\/diariotextual.com\\\/inicio\\\/\",\"name\":\"Diario Textual\",\"description\":\"\",\"publisher\":{\"@id\":\"https:\\\/\\\/diariotextual.com\\\/inicio\\\/#organization\"},\"potentialAction\":[{\"@type\":\"SearchAction\",\"target\":{\"@type\":\"EntryPoint\",\"urlTemplate\":\"https:\\\/\\\/diariotextual.com\\\/inicio\\\/?s={search_term_string}\"},\"query-input\":{\"@type\":\"PropertyValueSpecification\",\"valueRequired\":true,\"valueName\":\"search_term_string\"}}],\"inLanguage\":\"es\"},{\"@type\":\"Organization\",\"@id\":\"https:\\\/\\\/diariotextual.com\\\/inicio\\\/#organization\",\"name\":\"Diario Textual\",\"url\":\"https:\\\/\\\/diariotextual.com\\\/inicio\\\/\",\"logo\":{\"@type\":\"ImageObject\",\"inLanguage\":\"es\",\"@id\":\"https:\\\/\\\/diariotextual.com\\\/inicio\\\/#\\\/schema\\\/logo\\\/image\\\/\",\"url\":\"https:\\\/\\\/diariotextual.com\\\/inicio\\\/wp-content\\\/uploads\\\/2023\\\/05\\\/logotextual1.jpg\",\"contentUrl\":\"https:\\\/\\\/diariotextual.com\\\/inicio\\\/wp-content\\\/uploads\\\/2023\\\/05\\\/logotextual1.jpg\",\"width\":516,\"height\":76,\"caption\":\"Diario Textual\"},\"image\":{\"@id\":\"https:\\\/\\\/diariotextual.com\\\/inicio\\\/#\\\/schema\\\/logo\\\/image\\\/\"},\"sameAs\":[\"https:\\\/\\\/www.facebook.com\\\/eltextual\",\"https:\\\/\\\/x.com\\\/eltextual\",\"http:\\\/\\\/www.instagram.com\\\/eltextual\"]},{\"@type\":\"Person\",\"@id\":\"https:\\\/\\\/diariotextual.com\\\/inicio\\\/#\\\/schema\\\/person\\\/a1b6f563e0ee944c60f98119389a4d9f\",\"name\":\"diario3\",\"image\":{\"@type\":\"ImageObject\",\"inLanguage\":\"es\",\"@id\":\"https:\\\/\\\/secure.gravatar.com\\\/avatar\\\/5e7ee62c82fc04d9dd79d746a390d93c69c43223e5faeeb3ea9461ef752bfc5d?s=96&d=mm&r=g\",\"url\":\"https:\\\/\\\/secure.gravatar.com\\\/avatar\\\/5e7ee62c82fc04d9dd79d746a390d93c69c43223e5faeeb3ea9461ef752bfc5d?s=96&d=mm&r=g\",\"contentUrl\":\"https:\\\/\\\/secure.gravatar.com\\\/avatar\\\/5e7ee62c82fc04d9dd79d746a390d93c69c43223e5faeeb3ea9461ef752bfc5d?s=96&d=mm&r=g\",\"caption\":\"diario3\"},\"url\":\"https:\\\/\\\/diariotextual.com\\\/inicio\\\/index.php\\\/author\\\/diario3\\\/\"}]}<\/script>\n<!-- \/ Yoast SEO plugin. -->","yoast_head_json":{"title":"Ferr\u00e1n y Mar\u00edn con trabajadores de la cultura pampeana - Diario Textual","robots":{"index":"index","follow":"follow","max-snippet":"max-snippet:-1","max-image-preview":"max-image-preview:large","max-video-preview":"max-video-preview:-1"},"canonical":"https:\/\/diariotextual.com\/inicio\/index.php\/2025\/09\/29\/ferran-y-marin-con-trabajadores-de-la-cultura-pampeana\/","og_locale":"es_ES","og_type":"article","og_title":"Ferr\u00e1n y Mar\u00edn con trabajadores de la cultura pampeana - Diario Textual","og_description":"Los candidatos a diputados nacionales Abelardo Ferr\u00e1n, Varinia \u201cLichi\u201d Mar\u00edn y Federico Ignaszewski, participaron el s\u00e1bado de un encuentro con referentes culturales de La Pampa y en la que se&hellip;","og_url":"https:\/\/diariotextual.com\/inicio\/index.php\/2025\/09\/29\/ferran-y-marin-con-trabajadores-de-la-cultura-pampeana\/","og_site_name":"Diario Textual","article_publisher":"https:\/\/www.facebook.com\/eltextual","article_published_time":"2025-09-29T19:50:07+00:00","article_modified_time":"2025-09-29T19:50:09+00:00","og_image":[{"width":900,"height":536,"url":"https:\/\/diariotextual.com\/inicio\/wp-content\/uploads\/2025\/09\/ferranmarincultura2025.jpg","type":"image\/jpeg"}],"author":"diario3","twitter_card":"summary_large_image","twitter_creator":"@eltextual","twitter_site":"@eltextual","twitter_misc":{"Escrito por":"diario3","Tiempo de lectura":"1 minuto"},"schema":{"@context":"https:\/\/schema.org","@graph":[{"@type":"Article","@id":"https:\/\/diariotextual.com\/inicio\/index.php\/2025\/09\/29\/ferran-y-marin-con-trabajadores-de-la-cultura-pampeana\/#article","isPartOf":{"@id":"https:\/\/diariotextual.com\/inicio\/index.php\/2025\/09\/29\/ferran-y-marin-con-trabajadores-de-la-cultura-pampeana\/"},"author":{"name":"diario3","@id":"https:\/\/diariotextual.com\/inicio\/#\/schema\/person\/a1b6f563e0ee944c60f98119389a4d9f"},"headline":"Ferr\u00e1n y Mar\u00edn con trabajadores de la cultura pampeana","datePublished":"2025-09-29T19:50:07+00:00","dateModified":"2025-09-29T19:50:09+00:00","mainEntityOfPage":{"@id":"https:\/\/diariotextual.com\/inicio\/index.php\/2025\/09\/29\/ferran-y-marin-con-trabajadores-de-la-cultura-pampeana\/"},"wordCount":193,"publisher":{"@id":"https:\/\/diariotextual.com\/inicio\/#organization"},"image":{"@id":"https:\/\/diariotextual.com\/inicio\/index.php\/2025\/09\/29\/ferran-y-marin-con-trabajadores-de-la-cultura-pampeana\/#primaryimage"},"thumbnailUrl":"https:\/\/diariotextual.com\/inicio\/wp-content\/uploads\/2025\/09\/ferranmarincultura2025.jpg","articleSection":["A - ES NOTICIA (van abajo)","CULTURA"],"inLanguage":"es"},{"@type":"WebPage","@id":"https:\/\/diariotextual.com\/inicio\/index.php\/2025\/09\/29\/ferran-y-marin-con-trabajadores-de-la-cultura-pampeana\/","url":"https:\/\/diariotextual.com\/inicio\/index.php\/2025\/09\/29\/ferran-y-marin-con-trabajadores-de-la-cultura-pampeana\/","name":"Ferr\u00e1n y Mar\u00edn con trabajadores de la cultura pampeana - Diario Textual","isPartOf":{"@id":"https:\/\/diariotextual.com\/inicio\/#website"},"primaryImageOfPage":{"@id":"https:\/\/diariotextual.com\/inicio\/index.php\/2025\/09\/29\/ferran-y-marin-con-trabajadores-de-la-cultura-pampeana\/#primaryimage"},"image":{"@id":"https:\/\/diariotextual.com\/inicio\/index.php\/2025\/09\/29\/ferran-y-marin-con-trabajadores-de-la-cultura-pampeana\/#primaryimage"},"thumbnailUrl":"https:\/\/diariotextual.com\/inicio\/wp-content\/uploads\/2025\/09\/ferranmarincultura2025.jpg","datePublished":"2025-09-29T19:50:07+00:00","dateModified":"2025-09-29T19:50:09+00:00","breadcrumb":{"@id":"https:\/\/diariotextual.com\/inicio\/index.php\/2025\/09\/29\/ferran-y-marin-con-trabajadores-de-la-cultura-pampeana\/#breadcrumb"},"inLanguage":"es","potentialAction":[{"@type":"ReadAction","target":["https:\/\/diariotextual.com\/inicio\/index.php\/2025\/09\/29\/ferran-y-marin-con-trabajadores-de-la-cultura-pampeana\/"]}]},{"@type":"ImageObject","inLanguage":"es","@id":"https:\/\/diariotextual.com\/inicio\/index.php\/2025\/09\/29\/ferran-y-marin-con-trabajadores-de-la-cultura-pampeana\/#primaryimage","url":"https:\/\/diariotextual.com\/inicio\/wp-content\/uploads\/2025\/09\/ferranmarincultura2025.jpg","contentUrl":"https:\/\/diariotextual.com\/inicio\/wp-content\/uploads\/2025\/09\/ferranmarincultura2025.jpg","width":900,"height":536},{"@type":"BreadcrumbList","@id":"https:\/\/diariotextual.com\/inicio\/index.php\/2025\/09\/29\/ferran-y-marin-con-trabajadores-de-la-cultura-pampeana\/#breadcrumb","itemListElement":[{"@type":"ListItem","position":1,"name":"Portada","item":"https:\/\/diariotextual.com\/inicio\/"},{"@type":"ListItem","position":2,"name":"Ferr\u00e1n y Mar\u00edn con trabajadores de la cultura pampeana"}]},{"@type":"WebSite","@id":"https:\/\/diariotextual.com\/inicio\/#website","url":"https:\/\/diariotextual.com\/inicio\/","name":"Diario Textual","description":"","publisher":{"@id":"https:\/\/diariotextual.com\/inicio\/#organization"},"potentialAction":[{"@type":"SearchAction","target":{"@type":"EntryPoint","urlTemplate":"https:\/\/diariotextual.com\/inicio\/?s={search_term_string}"},"query-input":{"@type":"PropertyValueSpecification","valueRequired":true,"valueName":"search_term_string"}}],"inLanguage":"es"},{"@type":"Organization","@id":"https:\/\/diariotextual.com\/inicio\/#organization","name":"Diario Textual","url":"https:\/\/diariotextual.com\/inicio\/","logo":{"@type":"ImageObject","inLanguage":"es","@id":"https:\/\/diariotextual.com\/inicio\/#\/schema\/logo\/image\/","url":"https:\/\/diariotextual.com\/inicio\/wp-content\/uploads\/2023\/05\/logotextual1.jpg","contentUrl":"https:\/\/diariotextual.com\/inicio\/wp-content\/uploads\/2023\/05\/logotextual1.jpg","width":516,"height":76,"caption":"Diario Textual"},"image":{"@id":"https:\/\/diariotextual.com\/inicio\/#\/schema\/logo\/image\/"},"sameAs":["https:\/\/www.facebook.com\/eltextual","https:\/\/x.com\/eltextual","http:\/\/www.instagram.com\/eltextual"]},{"@type":"Person","@id":"https:\/\/diariotextual.com\/inicio\/#\/schema\/person\/a1b6f563e0ee944c60f98119389a4d9f","name":"diario3","image":{"@type":"ImageObject","inLanguage":"es","@id":"https:\/\/secure.gravatar.com\/avatar\/5e7ee62c82fc04d9dd79d746a390d93c69c43223e5faeeb3ea9461ef752bfc5d?s=96&d=mm&r=g","url":"https:\/\/secure.gravatar.com\/avatar\/5e7ee62c82fc04d9dd79d746a390d93c69c43223e5faeeb3ea9461ef752bfc5d?s=96&d=mm&r=g","contentUrl":"https:\/\/secure.gravatar.com\/avatar\/5e7ee62c82fc04d9dd79d746a390d93c69c43223e5faeeb3ea9461ef752bfc5d?s=96&d=mm&r=g","caption":"diario3"},"url":"https:\/\/diariotextual.com\/inicio\/index.php\/author\/diario3\/"}]}},"_links":{"self":[{"href":"https:\/\/diariotextual.com\/inicio\/index.php\/wp-json\/wp\/v2\/posts\/308517","targetHints":{"allow":["GET"]}}],"collection":[{"href":"https:\/\/diariotextual.com\/inicio\/index.php\/wp-json\/wp\/v2\/posts"}],"about":[{"href":"https:\/\/diariotextual.com\/inicio\/index.php\/wp-json\/wp\/v2\/types\/post"}],"author":[{"embeddable":true,"href":"https:\/\/diariotextual.com\/inicio\/index.php\/wp-json\/wp\/v2\/users\/5"}],"replies":[{"embeddable":true,"href":"https:\/\/diariotextual.com\/inicio\/index.php\/wp-json\/wp\/v2\/comments?post=308517"}],"version-history":[{"count":1,"href":"https:\/\/diariotextual.com\/inicio\/index.php\/wp-json\/wp\/v2\/posts\/308517\/revisions"}],"predecessor-version":[{"id":308519,"href":"https:\/\/diariotextual.com\/inicio\/index.php\/wp-json\/wp\/v2\/posts\/308517\/revisions\/308519"}],"wp:featuredmedia":[{"embeddable":true,"href":"https:\/\/diariotextual.com\/inicio\/index.php\/wp-json\/wp\/v2\/media\/308518"}],"wp:attachment":[{"href":"https:\/\/diariotextual.com\/inicio\/index.php\/wp-json\/wp\/v2\/media?parent=308517"}],"wp:term":[{"taxonomy":"category","embeddable":true,"href":"https:\/\/diariotextual.com\/inicio\/index.php\/wp-json\/wp\/v2\/categories?post=308517"},{"taxonomy":"post_tag","embeddable":true,"href":"https:\/\/diariotextual.com\/inicio\/index.php\/wp-json\/wp\/v2\/tags?post=308517"}],"curies":[{"name":"wp","href":"https:\/\/api.w.org\/{rel}","templated":true}]}}