{"id":308524,"date":"2025-09-29T17:27:07","date_gmt":"2025-09-29T20:27:07","guid":{"rendered":"https:\/\/diariotextual.com\/inicio\/?p=308524"},"modified":"2025-09-29T17:27:09","modified_gmt":"2025-09-29T20:27:09","slug":"comienza-este-jueves-la-feria-provincial-del-libro-2025","status":"publish","type":"post","link":"https:\/\/diariotextual.com\/inicio\/index.php\/2025\/09\/29\/comienza-este-jueves-la-feria-provincial-del-libro-2025\/","title":{"rendered":"Comienza este jueves la Feria Provincial del Libro 2025"},"content":{"rendered":"\n<p>Bajo el lema \u201c<strong>Los libros. La mejor elecci\u00f3n\u201d, la Secretar\u00eda de Cultura del Gobierno de La Pampa<\/strong> difundi\u00f3 las actividades que tendr\u00e1 a cargo el organismo provincial desde <strong>el jueves 2 hasta el domingo 5 de octubre, en los distintos espacios del Centro Cultural Medasur <\/strong>de Santa Rosa.<\/p>\n\n\n\n<p>El punto de partida ser\u00e1 <strong>el jueves 2 de octubre a las 9 horas, en el auditorio<\/strong> con el acto de inauguraci\u00f3n y palabras del secretario de Cultura, Pablo Lucero \u00c1lvarez. A continuaci\u00f3n se presentar\u00e1 \u201cSecundario sinf\u00f3nico + La Odisea\u201d, a cargo de la Banda Sinf\u00f3nica de La Pampa. Luego se proceder\u00e1 a la apertura de los stands de las editoriales y se dar\u00e1 inicio a las actividades.<\/p>\n\n\n\n<p>El director de la BSLP, Manuel \u2018Muchi\u2019 Gerez, destac\u00f3 a la Agencia Provincial de Noticias que la presentaci\u00f3n incluir\u00e1 un fragmento del proyecto \u201cCon\u00f3cete a ti mismo\u201d, una iniciativa multidisciplinaria que toma la Educaci\u00f3n Sexual Integral (ESI) como eje, para invitar a estudiantes de secundaria a un viaje de autodescubrimiento y expresi\u00f3n creativa. La presentaci\u00f3n se complementa con un cl\u00e1sico de la literatura, \u201cLa odisea\u201d de Homero, reflejada en la segunda sinfon\u00eda de Robert W. Smith.<\/p>\n\n\n\n<p>Los museos provinciales ofrecer\u00e1n talleres e intervenciones que fusionan arte, patrimonio y relatos en la carpa institucional y espacios adyacentes:<\/p>\n\n\n\n<p><strong>Museo Provincial de Artes<\/strong><\/p>\n\n\n\n<p>El taller propone un encuentro creativo basado en la obra \u201cDesconectados\u201d de Marcelo Lasarte y el cuento hom\u00f3nimo de Miriam Tirado. \u201cLos participantes explorar\u00e1n los personajes aislados de la obra para convertirlos en protagonistas de nuevas historias centradas en la conexi\u00f3n, comunicaci\u00f3n e imaginaci\u00f3n\u201d, seg\u00fan explic\u00f3 su director, Dante Bagatto.<\/p>\n\n\n\n<p><strong>Museo Provincial de Historia Natural<\/strong><\/p>\n\n\n\n<p>El MPHN presentar\u00e1 \u201cHistorias fant\u00e1sticas de megafauna jam\u00e1s contadas\u201d. El director Daniel Pinc\u00e9n explic\u00f3 que la propuesta busca que los asistentes identifiquen y conozcan las caracter\u00edsticas de los animales de la megafauna pampeana extinta, para luego invitarlos a crear sus propias historias sobre estos seres, ya sea de forma escrita, oral o ilustrada.<\/p>\n\n\n\n<p><strong>Casa Museo Olga Orozco<\/strong><\/p>\n\n\n\n<p>Con una actividad dirigida a escuelas primarias y secundarias, ofrecer\u00e1 un acercamiento al universo po\u00e9tico de Olga Orozco. Se invitar\u00e1 a la lectura y creaci\u00f3n de historias, que luego ser\u00e1n llevadas a un formato de libro con la t\u00e9cnica pop-up, dando vida a personajes y elementos mediante mecanismos interactivos.<\/p>\n\n\n\n<p><strong>Casa Museo Edgar Morisoli y Margarita Monges<\/strong><\/p>\n\n\n\n<p>Su personal replicar\u00e1 la sala de lectura de la Casa Museo en los jardines del Medasur, buscando generar instancias de lectura colectiva, individual y propuestas l\u00fadicas.<\/p>\n\n\n\n<p><strong>Patrimonio, creatividad y nuevas narrativas<\/strong><\/p>\n\n\n\n<p>Direcciones de la Secretar\u00eda aportar\u00e1n actividades enfocadas en la identidad y la innovaci\u00f3n:<\/p>\n\n\n\n<p><strong>Direcci\u00f3n Provincial de Patrimonio Cultural<\/strong>: ofrecer\u00e1 actividades en la carpa institucional para infancias de 3 a 10 a\u00f1os y mayores de 10 a\u00f1os, ambas orientadas al fortalecimiento del patrimonio pampeano.<\/p>\n\n\n\n<p><strong>Direcci\u00f3n Provincial de Art\u00edstica<\/strong>: programar\u00e1 la proyecci\u00f3n del Cap\u00edtulo 9 de Posta Po\u00e9tica, a cargo de la poeta Josefina Bravo.<\/p>\n\n\n\n<p><strong>Direcci\u00f3n de Innovaci\u00f3n en Gesti\u00f3n Cultural<\/strong>: realizar\u00e1 un taller para estudiantes de nivel Secundario sobre la creaci\u00f3n de un relato visual anal\u00f3gico. La propuesta invita a escribir a partir de un conjunto de im\u00e1genes o palabras, buscando explorar nuevos modos de narrar en la era de la imagen.<\/p>\n\n\n\n<p>El <strong>Consejo Provincial del Aborigen<\/strong> tendr\u00e1 una destacada presencia en los jardines del Medasur durante los cuatro d\u00edas:<\/p>\n\n\n\n<p>Exposiciones y muestras: Artesan\u00edas, manualidades, instrumentos, plater\u00eda, mu\u00f1equer\u00eda y libros de autores originarios.<\/p>\n\n\n\n<p>Actividades: Talleres de lectura e interpretaci\u00f3n, charlas con descendientes de pueblos originarios y una obra de teatro.<\/p>\n\n\n\n<p>El \u00c1rea <strong>Bibliotecas Populares de la Secretar\u00eda de Cultura<\/strong> invita a toda la comunidad a participar de la actividad \u201cLecturas privadas en espacios p\u00fablicos\u201d, una propuesta que busca llenar los jardines del Centro Cultural Medasur de lectoras y lectores. El encuentro se realizar\u00e1 este s\u00e1bado 4 y convoca a todas las familias, amigas, amigos y vecinos a acercarse para disfrutar una tarde de lectura privada al aire libre.<\/p>\n\n\n\n<div style=\"height:100px\" aria-hidden=\"true\" class=\"wp-block-spacer\"><\/div>\n\n\n\n<p><strong>Horarios<\/strong><\/p>\n\n\n\n<p>La Feria abrir\u00e1 sus actividades al p\u00fablico con horarios que se extienden <strong>de 9 a 21 horas (jueves 2 y viernes 3), de 10 a 21 horas (s\u00e1bado 4) y de 14 a 20 horas (domingo 5). El acceso es libre y gratuito.<\/strong><\/p>\n\n\n\n<p>Este evento, uno de los m\u00e1s convocantes del calendario cultural, propone un espacio abierto para el encuentro con la literatura de nuestros escritores y escritoras, seminarios, talleres, expresiones art\u00edsticas y 28 expositores con diversidad de sellos independientes que desplegar\u00e1n sus t\u00edtulos al alcance de todos. Un mundo lleno de historias, talleres, encuentros, di\u00e1logos y reflexiones que har\u00e1n de esta feria la mejor elecci\u00f3n.<\/p>\n\n\n\n<p>Con relaci\u00f3n a las ventas, nuevamente el Banco de La Pampa se suma con beneficios para sus clientes, a trav\u00e9s de los Paquetes Pampa (Promo especial Librer\u00edas) y los puntos de Pampa Club con el voucher de Arte Propio.<\/p>\n\n\n\n<p>La Feria Provincial del Libro es organizada por el Gobierno de La Pampa, a trav\u00e9s de la Secretar\u00eda de Cultura y cuenta con el apoyo del Consejo Federal de Inversiones (CFI).<\/p>\n","protected":false},"excerpt":{"rendered":"<p>Bajo el lema \u201cLos libros. La mejor elecci\u00f3n\u201d, la Secretar\u00eda de Cultura del Gobierno de La Pampa difundi\u00f3 las actividades que tendr\u00e1 a cargo el organismo provincial desde el jueves&hellip;<\/p>\n","protected":false},"author":5,"featured_media":308525,"comment_status":"closed","ping_status":"open","sticky":false,"template":"","format":"standard","meta":{"_acf_changed":false,"footnotes":""},"categories":[1,2],"tags":[],"class_list":["post-308524","post","type-post","status-publish","format-standard","has-post-thumbnail","hentry","category-es-noticia","category-cultura"],"acf":[],"yoast_head":"<!-- This site is optimized with the Yoast SEO plugin v27.5 - https:\/\/yoast.com\/product\/yoast-seo-wordpress\/ -->\n<title>Comienza este jueves la Feria Provincial del Libro 2025 - Diario Textual<\/title>\n<meta name=\"robots\" content=\"index, follow, max-snippet:-1, max-image-preview:large, max-video-preview:-1\" \/>\n<link rel=\"canonical\" href=\"https:\/\/diariotextual.com\/inicio\/index.php\/2025\/09\/29\/comienza-este-jueves-la-feria-provincial-del-libro-2025\/\" \/>\n<meta property=\"og:locale\" content=\"es_ES\" \/>\n<meta property=\"og:type\" content=\"article\" \/>\n<meta property=\"og:title\" content=\"Comienza este jueves la Feria Provincial del Libro 2025 - Diario Textual\" \/>\n<meta property=\"og:description\" content=\"Bajo el lema \u201cLos libros. La mejor elecci\u00f3n\u201d, la Secretar\u00eda de Cultura del Gobierno de La Pampa difundi\u00f3 las actividades que tendr\u00e1 a cargo el organismo provincial desde el jueves&hellip;\" \/>\n<meta property=\"og:url\" content=\"https:\/\/diariotextual.com\/inicio\/index.php\/2025\/09\/29\/comienza-este-jueves-la-feria-provincial-del-libro-2025\/\" \/>\n<meta property=\"og:site_name\" content=\"Diario Textual\" \/>\n<meta property=\"article:publisher\" content=\"https:\/\/www.facebook.com\/eltextual\" \/>\n<meta property=\"article:published_time\" content=\"2025-09-29T20:27:07+00:00\" \/>\n<meta property=\"article:modified_time\" content=\"2025-09-29T20:27:09+00:00\" \/>\n<meta property=\"og:image\" content=\"https:\/\/diariotextual.com\/inicio\/wp-content\/uploads\/2025\/09\/feriaprovincialdelibro2024a.jpg\" \/>\n\t<meta property=\"og:image:width\" content=\"783\" \/>\n\t<meta property=\"og:image:height\" content=\"507\" \/>\n\t<meta property=\"og:image:type\" content=\"image\/jpeg\" \/>\n<meta name=\"author\" content=\"diario3\" \/>\n<meta name=\"twitter:card\" content=\"summary_large_image\" \/>\n<meta name=\"twitter:creator\" content=\"@eltextual\" \/>\n<meta name=\"twitter:site\" content=\"@eltextual\" \/>\n<meta name=\"twitter:label1\" content=\"Escrito por\" \/>\n\t<meta name=\"twitter:data1\" content=\"diario3\" \/>\n\t<meta name=\"twitter:label2\" content=\"Tiempo de lectura\" \/>\n\t<meta name=\"twitter:data2\" content=\"4 minutos\" \/>\n<script type=\"application\/ld+json\" class=\"yoast-schema-graph\">{\"@context\":\"https:\\\/\\\/schema.org\",\"@graph\":[{\"@type\":\"Article\",\"@id\":\"https:\\\/\\\/diariotextual.com\\\/inicio\\\/index.php\\\/2025\\\/09\\\/29\\\/comienza-este-jueves-la-feria-provincial-del-libro-2025\\\/#article\",\"isPartOf\":{\"@id\":\"https:\\\/\\\/diariotextual.com\\\/inicio\\\/index.php\\\/2025\\\/09\\\/29\\\/comienza-este-jueves-la-feria-provincial-del-libro-2025\\\/\"},\"author\":{\"name\":\"diario3\",\"@id\":\"https:\\\/\\\/diariotextual.com\\\/inicio\\\/#\\\/schema\\\/person\\\/a1b6f563e0ee944c60f98119389a4d9f\"},\"headline\":\"Comienza este jueves la Feria Provincial del Libro 2025\",\"datePublished\":\"2025-09-29T20:27:07+00:00\",\"dateModified\":\"2025-09-29T20:27:09+00:00\",\"mainEntityOfPage\":{\"@id\":\"https:\\\/\\\/diariotextual.com\\\/inicio\\\/index.php\\\/2025\\\/09\\\/29\\\/comienza-este-jueves-la-feria-provincial-del-libro-2025\\\/\"},\"wordCount\":875,\"publisher\":{\"@id\":\"https:\\\/\\\/diariotextual.com\\\/inicio\\\/#organization\"},\"image\":{\"@id\":\"https:\\\/\\\/diariotextual.com\\\/inicio\\\/index.php\\\/2025\\\/09\\\/29\\\/comienza-este-jueves-la-feria-provincial-del-libro-2025\\\/#primaryimage\"},\"thumbnailUrl\":\"https:\\\/\\\/diariotextual.com\\\/inicio\\\/wp-content\\\/uploads\\\/2025\\\/09\\\/feriaprovincialdelibro2024a.jpg\",\"articleSection\":[\"A - ES NOTICIA (van abajo)\",\"CULTURA\"],\"inLanguage\":\"es\"},{\"@type\":\"WebPage\",\"@id\":\"https:\\\/\\\/diariotextual.com\\\/inicio\\\/index.php\\\/2025\\\/09\\\/29\\\/comienza-este-jueves-la-feria-provincial-del-libro-2025\\\/\",\"url\":\"https:\\\/\\\/diariotextual.com\\\/inicio\\\/index.php\\\/2025\\\/09\\\/29\\\/comienza-este-jueves-la-feria-provincial-del-libro-2025\\\/\",\"name\":\"Comienza este jueves la Feria Provincial del Libro 2025 - Diario Textual\",\"isPartOf\":{\"@id\":\"https:\\\/\\\/diariotextual.com\\\/inicio\\\/#website\"},\"primaryImageOfPage\":{\"@id\":\"https:\\\/\\\/diariotextual.com\\\/inicio\\\/index.php\\\/2025\\\/09\\\/29\\\/comienza-este-jueves-la-feria-provincial-del-libro-2025\\\/#primaryimage\"},\"image\":{\"@id\":\"https:\\\/\\\/diariotextual.com\\\/inicio\\\/index.php\\\/2025\\\/09\\\/29\\\/comienza-este-jueves-la-feria-provincial-del-libro-2025\\\/#primaryimage\"},\"thumbnailUrl\":\"https:\\\/\\\/diariotextual.com\\\/inicio\\\/wp-content\\\/uploads\\\/2025\\\/09\\\/feriaprovincialdelibro2024a.jpg\",\"datePublished\":\"2025-09-29T20:27:07+00:00\",\"dateModified\":\"2025-09-29T20:27:09+00:00\",\"breadcrumb\":{\"@id\":\"https:\\\/\\\/diariotextual.com\\\/inicio\\\/index.php\\\/2025\\\/09\\\/29\\\/comienza-este-jueves-la-feria-provincial-del-libro-2025\\\/#breadcrumb\"},\"inLanguage\":\"es\",\"potentialAction\":[{\"@type\":\"ReadAction\",\"target\":[\"https:\\\/\\\/diariotextual.com\\\/inicio\\\/index.php\\\/2025\\\/09\\\/29\\\/comienza-este-jueves-la-feria-provincial-del-libro-2025\\\/\"]}]},{\"@type\":\"ImageObject\",\"inLanguage\":\"es\",\"@id\":\"https:\\\/\\\/diariotextual.com\\\/inicio\\\/index.php\\\/2025\\\/09\\\/29\\\/comienza-este-jueves-la-feria-provincial-del-libro-2025\\\/#primaryimage\",\"url\":\"https:\\\/\\\/diariotextual.com\\\/inicio\\\/wp-content\\\/uploads\\\/2025\\\/09\\\/feriaprovincialdelibro2024a.jpg\",\"contentUrl\":\"https:\\\/\\\/diariotextual.com\\\/inicio\\\/wp-content\\\/uploads\\\/2025\\\/09\\\/feriaprovincialdelibro2024a.jpg\",\"width\":783,\"height\":507,\"caption\":\"CREATOR: gd-jpeg v1.0 (using IJG JPEG v90), default quality\"},{\"@type\":\"BreadcrumbList\",\"@id\":\"https:\\\/\\\/diariotextual.com\\\/inicio\\\/index.php\\\/2025\\\/09\\\/29\\\/comienza-este-jueves-la-feria-provincial-del-libro-2025\\\/#breadcrumb\",\"itemListElement\":[{\"@type\":\"ListItem\",\"position\":1,\"name\":\"Portada\",\"item\":\"https:\\\/\\\/diariotextual.com\\\/inicio\\\/\"},{\"@type\":\"ListItem\",\"position\":2,\"name\":\"Comienza este jueves la Feria Provincial del Libro 2025\"}]},{\"@type\":\"WebSite\",\"@id\":\"https:\\\/\\\/diariotextual.com\\\/inicio\\\/#website\",\"url\":\"https:\\\/\\\/diariotextual.com\\\/inicio\\\/\",\"name\":\"Diario Textual\",\"description\":\"\",\"publisher\":{\"@id\":\"https:\\\/\\\/diariotextual.com\\\/inicio\\\/#organization\"},\"potentialAction\":[{\"@type\":\"SearchAction\",\"target\":{\"@type\":\"EntryPoint\",\"urlTemplate\":\"https:\\\/\\\/diariotextual.com\\\/inicio\\\/?s={search_term_string}\"},\"query-input\":{\"@type\":\"PropertyValueSpecification\",\"valueRequired\":true,\"valueName\":\"search_term_string\"}}],\"inLanguage\":\"es\"},{\"@type\":\"Organization\",\"@id\":\"https:\\\/\\\/diariotextual.com\\\/inicio\\\/#organization\",\"name\":\"Diario Textual\",\"url\":\"https:\\\/\\\/diariotextual.com\\\/inicio\\\/\",\"logo\":{\"@type\":\"ImageObject\",\"inLanguage\":\"es\",\"@id\":\"https:\\\/\\\/diariotextual.com\\\/inicio\\\/#\\\/schema\\\/logo\\\/image\\\/\",\"url\":\"https:\\\/\\\/diariotextual.com\\\/inicio\\\/wp-content\\\/uploads\\\/2023\\\/05\\\/logotextual1.jpg\",\"contentUrl\":\"https:\\\/\\\/diariotextual.com\\\/inicio\\\/wp-content\\\/uploads\\\/2023\\\/05\\\/logotextual1.jpg\",\"width\":516,\"height\":76,\"caption\":\"Diario Textual\"},\"image\":{\"@id\":\"https:\\\/\\\/diariotextual.com\\\/inicio\\\/#\\\/schema\\\/logo\\\/image\\\/\"},\"sameAs\":[\"https:\\\/\\\/www.facebook.com\\\/eltextual\",\"https:\\\/\\\/x.com\\\/eltextual\",\"http:\\\/\\\/www.instagram.com\\\/eltextual\"]},{\"@type\":\"Person\",\"@id\":\"https:\\\/\\\/diariotextual.com\\\/inicio\\\/#\\\/schema\\\/person\\\/a1b6f563e0ee944c60f98119389a4d9f\",\"name\":\"diario3\",\"image\":{\"@type\":\"ImageObject\",\"inLanguage\":\"es\",\"@id\":\"https:\\\/\\\/secure.gravatar.com\\\/avatar\\\/5e7ee62c82fc04d9dd79d746a390d93c69c43223e5faeeb3ea9461ef752bfc5d?s=96&d=mm&r=g\",\"url\":\"https:\\\/\\\/secure.gravatar.com\\\/avatar\\\/5e7ee62c82fc04d9dd79d746a390d93c69c43223e5faeeb3ea9461ef752bfc5d?s=96&d=mm&r=g\",\"contentUrl\":\"https:\\\/\\\/secure.gravatar.com\\\/avatar\\\/5e7ee62c82fc04d9dd79d746a390d93c69c43223e5faeeb3ea9461ef752bfc5d?s=96&d=mm&r=g\",\"caption\":\"diario3\"},\"url\":\"https:\\\/\\\/diariotextual.com\\\/inicio\\\/index.php\\\/author\\\/diario3\\\/\"}]}<\/script>\n<!-- \/ Yoast SEO plugin. -->","yoast_head_json":{"title":"Comienza este jueves la Feria Provincial del Libro 2025 - Diario Textual","robots":{"index":"index","follow":"follow","max-snippet":"max-snippet:-1","max-image-preview":"max-image-preview:large","max-video-preview":"max-video-preview:-1"},"canonical":"https:\/\/diariotextual.com\/inicio\/index.php\/2025\/09\/29\/comienza-este-jueves-la-feria-provincial-del-libro-2025\/","og_locale":"es_ES","og_type":"article","og_title":"Comienza este jueves la Feria Provincial del Libro 2025 - Diario Textual","og_description":"Bajo el lema \u201cLos libros. La mejor elecci\u00f3n\u201d, la Secretar\u00eda de Cultura del Gobierno de La Pampa difundi\u00f3 las actividades que tendr\u00e1 a cargo el organismo provincial desde el jueves&hellip;","og_url":"https:\/\/diariotextual.com\/inicio\/index.php\/2025\/09\/29\/comienza-este-jueves-la-feria-provincial-del-libro-2025\/","og_site_name":"Diario Textual","article_publisher":"https:\/\/www.facebook.com\/eltextual","article_published_time":"2025-09-29T20:27:07+00:00","article_modified_time":"2025-09-29T20:27:09+00:00","og_image":[{"width":783,"height":507,"url":"https:\/\/diariotextual.com\/inicio\/wp-content\/uploads\/2025\/09\/feriaprovincialdelibro2024a.jpg","type":"image\/jpeg"}],"author":"diario3","twitter_card":"summary_large_image","twitter_creator":"@eltextual","twitter_site":"@eltextual","twitter_misc":{"Escrito por":"diario3","Tiempo de lectura":"4 minutos"},"schema":{"@context":"https:\/\/schema.org","@graph":[{"@type":"Article","@id":"https:\/\/diariotextual.com\/inicio\/index.php\/2025\/09\/29\/comienza-este-jueves-la-feria-provincial-del-libro-2025\/#article","isPartOf":{"@id":"https:\/\/diariotextual.com\/inicio\/index.php\/2025\/09\/29\/comienza-este-jueves-la-feria-provincial-del-libro-2025\/"},"author":{"name":"diario3","@id":"https:\/\/diariotextual.com\/inicio\/#\/schema\/person\/a1b6f563e0ee944c60f98119389a4d9f"},"headline":"Comienza este jueves la Feria Provincial del Libro 2025","datePublished":"2025-09-29T20:27:07+00:00","dateModified":"2025-09-29T20:27:09+00:00","mainEntityOfPage":{"@id":"https:\/\/diariotextual.com\/inicio\/index.php\/2025\/09\/29\/comienza-este-jueves-la-feria-provincial-del-libro-2025\/"},"wordCount":875,"publisher":{"@id":"https:\/\/diariotextual.com\/inicio\/#organization"},"image":{"@id":"https:\/\/diariotextual.com\/inicio\/index.php\/2025\/09\/29\/comienza-este-jueves-la-feria-provincial-del-libro-2025\/#primaryimage"},"thumbnailUrl":"https:\/\/diariotextual.com\/inicio\/wp-content\/uploads\/2025\/09\/feriaprovincialdelibro2024a.jpg","articleSection":["A - ES NOTICIA (van abajo)","CULTURA"],"inLanguage":"es"},{"@type":"WebPage","@id":"https:\/\/diariotextual.com\/inicio\/index.php\/2025\/09\/29\/comienza-este-jueves-la-feria-provincial-del-libro-2025\/","url":"https:\/\/diariotextual.com\/inicio\/index.php\/2025\/09\/29\/comienza-este-jueves-la-feria-provincial-del-libro-2025\/","name":"Comienza este jueves la Feria Provincial del Libro 2025 - Diario Textual","isPartOf":{"@id":"https:\/\/diariotextual.com\/inicio\/#website"},"primaryImageOfPage":{"@id":"https:\/\/diariotextual.com\/inicio\/index.php\/2025\/09\/29\/comienza-este-jueves-la-feria-provincial-del-libro-2025\/#primaryimage"},"image":{"@id":"https:\/\/diariotextual.com\/inicio\/index.php\/2025\/09\/29\/comienza-este-jueves-la-feria-provincial-del-libro-2025\/#primaryimage"},"thumbnailUrl":"https:\/\/diariotextual.com\/inicio\/wp-content\/uploads\/2025\/09\/feriaprovincialdelibro2024a.jpg","datePublished":"2025-09-29T20:27:07+00:00","dateModified":"2025-09-29T20:27:09+00:00","breadcrumb":{"@id":"https:\/\/diariotextual.com\/inicio\/index.php\/2025\/09\/29\/comienza-este-jueves-la-feria-provincial-del-libro-2025\/#breadcrumb"},"inLanguage":"es","potentialAction":[{"@type":"ReadAction","target":["https:\/\/diariotextual.com\/inicio\/index.php\/2025\/09\/29\/comienza-este-jueves-la-feria-provincial-del-libro-2025\/"]}]},{"@type":"ImageObject","inLanguage":"es","@id":"https:\/\/diariotextual.com\/inicio\/index.php\/2025\/09\/29\/comienza-este-jueves-la-feria-provincial-del-libro-2025\/#primaryimage","url":"https:\/\/diariotextual.com\/inicio\/wp-content\/uploads\/2025\/09\/feriaprovincialdelibro2024a.jpg","contentUrl":"https:\/\/diariotextual.com\/inicio\/wp-content\/uploads\/2025\/09\/feriaprovincialdelibro2024a.jpg","width":783,"height":507,"caption":"CREATOR: gd-jpeg v1.0 (using IJG JPEG v90), default quality"},{"@type":"BreadcrumbList","@id":"https:\/\/diariotextual.com\/inicio\/index.php\/2025\/09\/29\/comienza-este-jueves-la-feria-provincial-del-libro-2025\/#breadcrumb","itemListElement":[{"@type":"ListItem","position":1,"name":"Portada","item":"https:\/\/diariotextual.com\/inicio\/"},{"@type":"ListItem","position":2,"name":"Comienza este jueves la Feria Provincial del Libro 2025"}]},{"@type":"WebSite","@id":"https:\/\/diariotextual.com\/inicio\/#website","url":"https:\/\/diariotextual.com\/inicio\/","name":"Diario Textual","description":"","publisher":{"@id":"https:\/\/diariotextual.com\/inicio\/#organization"},"potentialAction":[{"@type":"SearchAction","target":{"@type":"EntryPoint","urlTemplate":"https:\/\/diariotextual.com\/inicio\/?s={search_term_string}"},"query-input":{"@type":"PropertyValueSpecification","valueRequired":true,"valueName":"search_term_string"}}],"inLanguage":"es"},{"@type":"Organization","@id":"https:\/\/diariotextual.com\/inicio\/#organization","name":"Diario Textual","url":"https:\/\/diariotextual.com\/inicio\/","logo":{"@type":"ImageObject","inLanguage":"es","@id":"https:\/\/diariotextual.com\/inicio\/#\/schema\/logo\/image\/","url":"https:\/\/diariotextual.com\/inicio\/wp-content\/uploads\/2023\/05\/logotextual1.jpg","contentUrl":"https:\/\/diariotextual.com\/inicio\/wp-content\/uploads\/2023\/05\/logotextual1.jpg","width":516,"height":76,"caption":"Diario Textual"},"image":{"@id":"https:\/\/diariotextual.com\/inicio\/#\/schema\/logo\/image\/"},"sameAs":["https:\/\/www.facebook.com\/eltextual","https:\/\/x.com\/eltextual","http:\/\/www.instagram.com\/eltextual"]},{"@type":"Person","@id":"https:\/\/diariotextual.com\/inicio\/#\/schema\/person\/a1b6f563e0ee944c60f98119389a4d9f","name":"diario3","image":{"@type":"ImageObject","inLanguage":"es","@id":"https:\/\/secure.gravatar.com\/avatar\/5e7ee62c82fc04d9dd79d746a390d93c69c43223e5faeeb3ea9461ef752bfc5d?s=96&d=mm&r=g","url":"https:\/\/secure.gravatar.com\/avatar\/5e7ee62c82fc04d9dd79d746a390d93c69c43223e5faeeb3ea9461ef752bfc5d?s=96&d=mm&r=g","contentUrl":"https:\/\/secure.gravatar.com\/avatar\/5e7ee62c82fc04d9dd79d746a390d93c69c43223e5faeeb3ea9461ef752bfc5d?s=96&d=mm&r=g","caption":"diario3"},"url":"https:\/\/diariotextual.com\/inicio\/index.php\/author\/diario3\/"}]}},"_links":{"self":[{"href":"https:\/\/diariotextual.com\/inicio\/index.php\/wp-json\/wp\/v2\/posts\/308524","targetHints":{"allow":["GET"]}}],"collection":[{"href":"https:\/\/diariotextual.com\/inicio\/index.php\/wp-json\/wp\/v2\/posts"}],"about":[{"href":"https:\/\/diariotextual.com\/inicio\/index.php\/wp-json\/wp\/v2\/types\/post"}],"author":[{"embeddable":true,"href":"https:\/\/diariotextual.com\/inicio\/index.php\/wp-json\/wp\/v2\/users\/5"}],"replies":[{"embeddable":true,"href":"https:\/\/diariotextual.com\/inicio\/index.php\/wp-json\/wp\/v2\/comments?post=308524"}],"version-history":[{"count":1,"href":"https:\/\/diariotextual.com\/inicio\/index.php\/wp-json\/wp\/v2\/posts\/308524\/revisions"}],"predecessor-version":[{"id":308526,"href":"https:\/\/diariotextual.com\/inicio\/index.php\/wp-json\/wp\/v2\/posts\/308524\/revisions\/308526"}],"wp:featuredmedia":[{"embeddable":true,"href":"https:\/\/diariotextual.com\/inicio\/index.php\/wp-json\/wp\/v2\/media\/308525"}],"wp:attachment":[{"href":"https:\/\/diariotextual.com\/inicio\/index.php\/wp-json\/wp\/v2\/media?parent=308524"}],"wp:term":[{"taxonomy":"category","embeddable":true,"href":"https:\/\/diariotextual.com\/inicio\/index.php\/wp-json\/wp\/v2\/categories?post=308524"},{"taxonomy":"post_tag","embeddable":true,"href":"https:\/\/diariotextual.com\/inicio\/index.php\/wp-json\/wp\/v2\/tags?post=308524"}],"curies":[{"name":"wp","href":"https:\/\/api.w.org\/{rel}","templated":true}]}}