{"id":308964,"date":"2025-10-04T15:43:37","date_gmt":"2025-10-04T18:43:37","guid":{"rendered":"https:\/\/diariotextual.com\/inicio\/?p=308964"},"modified":"2025-10-06T08:25:29","modified_gmt":"2025-10-06T11:25:29","slug":"la-agricola-le-tiro-flores-a-milei-y-le-pidio-a-ziliotto-trabajar-en-una-agenda-en-comun","status":"publish","type":"post","link":"https:\/\/diariotextual.com\/inicio\/index.php\/2025\/10\/04\/la-agricola-le-tiro-flores-a-milei-y-le-pidio-a-ziliotto-trabajar-en-una-agenda-en-comun\/","title":{"rendered":"La Agr\u00edcola le tir\u00f3 flores a Milei y le pidi\u00f3 a Ziliotto trabajar en una agenda en com\u00fan"},"content":{"rendered":"\n<p>El presidente de la Asociaci\u00f3n Agr\u00edcola Ganadera de La Pampa (AAGLP),&nbsp;<strong>Jos\u00e9 Ignacio de la Iglesia<\/strong>, en el acto de inauguraci\u00f3n de la 99\u00b0 Exposici\u00f3n Agr\u00edcola, Ganadera, Industrial, Comercial y de Servicios de Santa Rosa, le tir\u00f3 flores a la administraci\u00f3n de <strong>Javier Milei <\/strong>por \u201cbajar la inflaci\u00f3n\u201d, \u201cdisminuir las retenciones\u201d y generar una \u201cestabilizaci\u00f3n\u201d, y, a su vez, le pidi\u00f3 al Gobierno provincial de <strong>Sergio Ziliotto<\/strong> a \u201cconstruir una agenda en com\u00fan\u201d para fomentar la producci\u00f3n, mejorar los caminos y bajar los impuestos. <\/p>\n\n\n\n<p>Dijo que <strong>no es cierto que en La Pampa, como sostienen los funcionarios provinciales, el campo tiene poca carga impositiva<\/strong>. Minutos despu\u00e9s<strong> le respondi\u00f3 el propio Sergio Ziliotto: el mandatario sostuvo que la carga impositiva nacional al campo pampeano llega al 93,6 por ciento; la carga provincial del 4,36%; y el conjunto de tasas y contribuciones municipales el 2,08%.<\/strong><\/p>\n\n\n\n<p><strong>De la Iglesia solo tuvo elogios para el presidente Javier Milei <\/strong>y resalt\u00f3 el \u201capoyo\u201d de la gente a su programa econ\u00f3mico. <strong>\u201cEste esfuerzo ha permitido bajar la inflaci\u00f3n, la estabilidad del d\u00f3lar, la disminuci\u00f3n de las retenciones, la eliminaci\u00f3n del impuesto Pa\u00eds y otras medidas de simplificaci\u00f3n administrativas y tributarias\u201d,<\/strong> dijo. \u201cEstas decisiones han contado con el respaldo de la mayor\u00eda de los argentinos, lo que permiti\u00f3 una mayor estabilidad\u201d, manifest\u00f3. \u201cPero<strong> todav\u00eda seguimos en la cuerda floja. Lo \u00fanico que hemos es alejarnos de la l\u00ednea de precipicio. Todav\u00eda queda un largo camino por recorrer<\/strong>\u201d, agreg\u00f3.<\/p>\n\n\n\n<p><strong>Un dato no pas\u00f3 desapercibido: no hizo menci\u00f3n a las retenciones 0 \u201cexpr\u00e9s\u201d que implement\u00f3 recientemente la administraci\u00f3n libertaria y que solo benefici\u00f3 a las grandes cerealeras y dej\u00f3 afuera a casi todos los productores. <\/strong>Seg\u00fan pudo saber<strong> Diario Textual<\/strong>, unos integrantes de la comisi\u00f3n directiva pidieron incluir el reclamo, en tanto que otros solicitaron ni mencionarlo. As\u00ed,<strong> sin acuerdo, se omiti\u00f3 el se\u00f1alamiento a esa medida que ha generado enojo de los ruralistas.<\/strong><\/p>\n\n\n\n<p>Posteriormente, De la Iglesia se refiri\u00f3 a la creaci\u00f3n del llamado Observatorio Estrat\u00e9gico Agro Ganadero, una iniciativa que pretende potenciar la profesionalizaci\u00f3n del accionar pol\u00edtico y gremial, recopilar, analizar y difundir indicadores estrat\u00e9gicos sobre la percepci\u00f3n y la perspectiva de los productores, as\u00ed como relevar las coyunturas del sector para priorizar soluciones. \u201cEs necesario un nuevo paradigma para empezar a construir una agenda en com\u00fan, basada en hechos y en el reconocimiento mutuo\u201d, expres\u00f3.<\/p>\n\n\n\n<p>\u201cEl Gobierno provincial debe impulsar una agenda en definir las bases esenciales para una producci\u00f3n pujante, en el que tanto el sector privado y p\u00fablico, asuman riesgos en conjunto; establecer un di\u00e1logo genuino que establezca estrategias comunes; revisar el esquema fiscal e impositivo, para mejorar la eficiencia de la producci\u00f3n; implementar mecanismos de desburocratizaci\u00f3n y articulaci\u00f3n entre los organismo p\u00fablicos para tomar decisiones m\u00e1s \u00e1giles y eficientes: un plan integran de infraestructura rural; difundir y potenciar los altos est\u00e1ndares de las pr\u00e1cticas agron\u00f3micas que est\u00e1n alineadas con los est\u00e1ndares internacionales\u201d, dijo De la Iglesia.<\/p>\n\n\n\n<p>\u201cEl sector agropecuario es clave en La Pampa, por su dinamismo y su generaci\u00f3n de empleo, tanto directo como indirecto\u201d, dijo.<\/p>\n\n\n\n<p>Dijo que hay \u201cdesconcierto y desconfianza\u201d con el Gobierno provincial. \u201cMantenemos di\u00e1logo con el Gobierno provincial; sin embargo, ese di\u00e1logo dista mucho de alcanzar acuerdos\u201d, expres\u00f3.<\/p>\n\n\n\n<p>\u201cPor eso hemos decidido redoblar la apuesta, dejando de lado el reclamo, para pasar a dar datos. Nuestro observatorio ser\u00e1 una herramienta fundamental para ello. Permitir\u00e1 describir la situaci\u00f3n actual si no tambi\u00e9n proyectar tendencias\u201d, expres\u00f3.<\/p>\n\n\n\n<p>Dijo que unas de las preocupaciones de los productores es la presi\u00f3n fiscal, que afecta a la rentabilidad.<\/p>\n\n\n\n<p>Tambi\u00e9n, agreg\u00f3, afecta la falta de acceso al cr\u00e9dito. Dijo que hay l\u00edneas de pr\u00e9stamos, pero \u201cpoco adaptado a los ciclos productivos del sector\u201d agropecuario.<\/p>\n\n\n\n<p>Otro problema es la infraestructura vial, que limita la competitividad. \u201cSiguen siendo obst\u00e1culos\u201d, dijo.<\/p>\n\n\n\n<p>\u201cLas conclusiones de nuestro observatorio indican que La Pampa necesita mayor inteligencia sectorial, construida desde abajo hacia arriba, con la participaci\u00f3n activa de todo el campo\u201d, expres\u00f3.<\/p>\n\n\n\n<p>\u201cEsto dista mucho de lo que indican algunos funcionarios que aseguran que una carga tributaria muy baja y favorable para la actividad. No solo buscan desinformar si no tambi\u00e9n deslegitimar a un sector que es el motor que impulsa el desarrollo y la estabilidad econ\u00f3mica de La Pampa\u201d, manifest\u00f3 el presidente de la Agr\u00edcola. \u00a0<\/p>\n\n\n\n<p>\u201cAl sector muchas veces -dijo- se lo utiliza como chivo expiatorio en litigios pol\u00edticos, buscando culpabilizar a productores o a ciertos actores econ\u00f3micos, revela una postura que solo busca justificar decisiones arbitrarias y frenar el avance de nuestra econom\u00eda productiva. Es fundamental que avancemos hacia un nuevo paradigma: dejar de lado la actitud de confrontaci\u00f3n y suspicacia, y empezar a construir una agenda com\u00fan basada en hechos, en la uni\u00f3n de esfuerzos y en el reconocimiento mutuo\u201d.<\/p>\n\n\n\n<figure class=\"wp-block-embed is-type-wp-embed is-provider-diario-textual wp-block-embed-diario-textual\"><div class=\"wp-block-embed__wrapper\">\n<blockquote class=\"wp-embedded-content\" data-secret=\"fAdCpfugDh\"><a href=\"https:\/\/diariotextual.com\/inicio\/index.php\/2025\/10\/04\/ziliotto-en-la-expo-rural-ratifico-apoyo-al-campo-y-anuncio-inversion-en-rutas-pero-senalo-criticas-selectivas-de-ruralistas\/\">Ziliotto, en la Expo Rural: ratific\u00f3 apoyo al campo y anunci\u00f3 inversi\u00f3n en rutas, pero se\u00f1al\u00f3 cr\u00edticas selectivas de ruralistas<\/a><\/blockquote><iframe class=\"wp-embedded-content\" sandbox=\"allow-scripts\" security=\"restricted\" style=\"position: absolute; visibility: hidden;\" title=\"\u00abZiliotto, en la Expo Rural: ratific\u00f3 apoyo al campo y anunci\u00f3 inversi\u00f3n en rutas, pero se\u00f1al\u00f3 cr\u00edticas selectivas de ruralistas\u00bb \u2014 Diario Textual\" src=\"https:\/\/diariotextual.com\/inicio\/index.php\/2025\/10\/04\/ziliotto-en-la-expo-rural-ratifico-apoyo-al-campo-y-anuncio-inversion-en-rutas-pero-senalo-criticas-selectivas-de-ruralistas\/embed\/#?secret=CEftsvF0s0#?secret=fAdCpfugDh\" data-secret=\"fAdCpfugDh\" width=\"600\" height=\"338\" frameborder=\"0\" marginwidth=\"0\" marginheight=\"0\" scrolling=\"no\"><\/iframe>\n<\/div><\/figure>\n","protected":false},"excerpt":{"rendered":"<p>El presidente de la Asociaci\u00f3n Agr\u00edcola Ganadera de La Pampa (AAGLP),&nbsp;Jos\u00e9 Ignacio de la Iglesia, en el acto de inauguraci\u00f3n de la 99\u00b0 Exposici\u00f3n Agr\u00edcola, Ganadera, Industrial, Comercial y de&hellip;<\/p>\n","protected":false},"author":3,"featured_media":308965,"comment_status":"closed","ping_status":"open","sticky":false,"template":"","format":"standard","meta":{"_acf_changed":false,"footnotes":""},"categories":[1,11,20],"tags":[],"class_list":["post-308964","post","type-post","status-publish","format-standard","has-post-thumbnail","hentry","category-es-noticia","category-que-pasa","category-campo"],"acf":[],"yoast_head":"<!-- This site is optimized with the Yoast SEO plugin v27.5 - https:\/\/yoast.com\/product\/yoast-seo-wordpress\/ -->\n<title>La Agr\u00edcola le tir\u00f3 flores a Milei y le pidi\u00f3 a Ziliotto trabajar en una agenda en com\u00fan - Diario Textual<\/title>\n<meta name=\"robots\" content=\"index, follow, max-snippet:-1, max-image-preview:large, max-video-preview:-1\" \/>\n<link rel=\"canonical\" href=\"https:\/\/diariotextual.com\/inicio\/index.php\/2025\/10\/04\/la-agricola-le-tiro-flores-a-milei-y-le-pidio-a-ziliotto-trabajar-en-una-agenda-en-comun\/\" \/>\n<meta property=\"og:locale\" content=\"es_ES\" \/>\n<meta property=\"og:type\" content=\"article\" \/>\n<meta property=\"og:title\" content=\"La Agr\u00edcola le tir\u00f3 flores a Milei y le pidi\u00f3 a Ziliotto trabajar en una agenda en com\u00fan - Diario Textual\" \/>\n<meta property=\"og:description\" content=\"El presidente de la Asociaci\u00f3n Agr\u00edcola Ganadera de La Pampa (AAGLP),&nbsp;Jos\u00e9 Ignacio de la Iglesia, en el acto de inauguraci\u00f3n de la 99\u00b0 Exposici\u00f3n Agr\u00edcola, Ganadera, Industrial, Comercial y de&hellip;\" \/>\n<meta property=\"og:url\" content=\"https:\/\/diariotextual.com\/inicio\/index.php\/2025\/10\/04\/la-agricola-le-tiro-flores-a-milei-y-le-pidio-a-ziliotto-trabajar-en-una-agenda-en-comun\/\" \/>\n<meta property=\"og:site_name\" content=\"Diario Textual\" \/>\n<meta property=\"article:publisher\" content=\"https:\/\/www.facebook.com\/eltextual\" \/>\n<meta property=\"article:published_time\" content=\"2025-10-04T18:43:37+00:00\" \/>\n<meta property=\"article:modified_time\" content=\"2025-10-06T11:25:29+00:00\" \/>\n<meta property=\"og:image\" content=\"https:\/\/diariotextual.com\/inicio\/wp-content\/uploads\/2025\/10\/exporuralsantarosadelaiglesiajose2025-1.jpg\" \/>\n\t<meta property=\"og:image:width\" content=\"590\" \/>\n\t<meta property=\"og:image:height\" content=\"388\" \/>\n\t<meta property=\"og:image:type\" content=\"image\/jpeg\" \/>\n<meta name=\"author\" content=\"Diario1 Diario1\" \/>\n<meta name=\"twitter:card\" content=\"summary_large_image\" \/>\n<meta name=\"twitter:creator\" content=\"@eltextual\" \/>\n<meta name=\"twitter:site\" content=\"@eltextual\" \/>\n<meta name=\"twitter:label1\" content=\"Escrito por\" \/>\n\t<meta name=\"twitter:data1\" content=\"Diario1 Diario1\" \/>\n\t<meta name=\"twitter:label2\" content=\"Tiempo de lectura\" \/>\n\t<meta name=\"twitter:data2\" content=\"4 minutos\" \/>\n<script type=\"application\/ld+json\" class=\"yoast-schema-graph\">{\"@context\":\"https:\\\/\\\/schema.org\",\"@graph\":[{\"@type\":\"Article\",\"@id\":\"https:\\\/\\\/diariotextual.com\\\/inicio\\\/index.php\\\/2025\\\/10\\\/04\\\/la-agricola-le-tiro-flores-a-milei-y-le-pidio-a-ziliotto-trabajar-en-una-agenda-en-comun\\\/#article\",\"isPartOf\":{\"@id\":\"https:\\\/\\\/diariotextual.com\\\/inicio\\\/index.php\\\/2025\\\/10\\\/04\\\/la-agricola-le-tiro-flores-a-milei-y-le-pidio-a-ziliotto-trabajar-en-una-agenda-en-comun\\\/\"},\"author\":{\"name\":\"Diario1 Diario1\",\"@id\":\"https:\\\/\\\/diariotextual.com\\\/inicio\\\/#\\\/schema\\\/person\\\/418fc4093c33e86ed41562db3508f958\"},\"headline\":\"La Agr\u00edcola le tir\u00f3 flores a Milei y le pidi\u00f3 a Ziliotto trabajar en una agenda en com\u00fan\",\"datePublished\":\"2025-10-04T18:43:37+00:00\",\"dateModified\":\"2025-10-06T11:25:29+00:00\",\"mainEntityOfPage\":{\"@id\":\"https:\\\/\\\/diariotextual.com\\\/inicio\\\/index.php\\\/2025\\\/10\\\/04\\\/la-agricola-le-tiro-flores-a-milei-y-le-pidio-a-ziliotto-trabajar-en-una-agenda-en-comun\\\/\"},\"wordCount\":873,\"publisher\":{\"@id\":\"https:\\\/\\\/diariotextual.com\\\/inicio\\\/#organization\"},\"image\":{\"@id\":\"https:\\\/\\\/diariotextual.com\\\/inicio\\\/index.php\\\/2025\\\/10\\\/04\\\/la-agricola-le-tiro-flores-a-milei-y-le-pidio-a-ziliotto-trabajar-en-una-agenda-en-comun\\\/#primaryimage\"},\"thumbnailUrl\":\"https:\\\/\\\/diariotextual.com\\\/inicio\\\/wp-content\\\/uploads\\\/2025\\\/10\\\/exporuralsantarosadelaiglesiajose2025-1.jpg\",\"articleSection\":[\"A - ES NOTICIA (van abajo)\",\"A - QUE PASA (al costado)\",\"CAMPO\"],\"inLanguage\":\"es\"},{\"@type\":\"WebPage\",\"@id\":\"https:\\\/\\\/diariotextual.com\\\/inicio\\\/index.php\\\/2025\\\/10\\\/04\\\/la-agricola-le-tiro-flores-a-milei-y-le-pidio-a-ziliotto-trabajar-en-una-agenda-en-comun\\\/\",\"url\":\"https:\\\/\\\/diariotextual.com\\\/inicio\\\/index.php\\\/2025\\\/10\\\/04\\\/la-agricola-le-tiro-flores-a-milei-y-le-pidio-a-ziliotto-trabajar-en-una-agenda-en-comun\\\/\",\"name\":\"La Agr\u00edcola le tir\u00f3 flores a Milei y le pidi\u00f3 a Ziliotto trabajar en una agenda en com\u00fan - Diario Textual\",\"isPartOf\":{\"@id\":\"https:\\\/\\\/diariotextual.com\\\/inicio\\\/#website\"},\"primaryImageOfPage\":{\"@id\":\"https:\\\/\\\/diariotextual.com\\\/inicio\\\/index.php\\\/2025\\\/10\\\/04\\\/la-agricola-le-tiro-flores-a-milei-y-le-pidio-a-ziliotto-trabajar-en-una-agenda-en-comun\\\/#primaryimage\"},\"image\":{\"@id\":\"https:\\\/\\\/diariotextual.com\\\/inicio\\\/index.php\\\/2025\\\/10\\\/04\\\/la-agricola-le-tiro-flores-a-milei-y-le-pidio-a-ziliotto-trabajar-en-una-agenda-en-comun\\\/#primaryimage\"},\"thumbnailUrl\":\"https:\\\/\\\/diariotextual.com\\\/inicio\\\/wp-content\\\/uploads\\\/2025\\\/10\\\/exporuralsantarosadelaiglesiajose2025-1.jpg\",\"datePublished\":\"2025-10-04T18:43:37+00:00\",\"dateModified\":\"2025-10-06T11:25:29+00:00\",\"breadcrumb\":{\"@id\":\"https:\\\/\\\/diariotextual.com\\\/inicio\\\/index.php\\\/2025\\\/10\\\/04\\\/la-agricola-le-tiro-flores-a-milei-y-le-pidio-a-ziliotto-trabajar-en-una-agenda-en-comun\\\/#breadcrumb\"},\"inLanguage\":\"es\",\"potentialAction\":[{\"@type\":\"ReadAction\",\"target\":[\"https:\\\/\\\/diariotextual.com\\\/inicio\\\/index.php\\\/2025\\\/10\\\/04\\\/la-agricola-le-tiro-flores-a-milei-y-le-pidio-a-ziliotto-trabajar-en-una-agenda-en-comun\\\/\"]}]},{\"@type\":\"ImageObject\",\"inLanguage\":\"es\",\"@id\":\"https:\\\/\\\/diariotextual.com\\\/inicio\\\/index.php\\\/2025\\\/10\\\/04\\\/la-agricola-le-tiro-flores-a-milei-y-le-pidio-a-ziliotto-trabajar-en-una-agenda-en-comun\\\/#primaryimage\",\"url\":\"https:\\\/\\\/diariotextual.com\\\/inicio\\\/wp-content\\\/uploads\\\/2025\\\/10\\\/exporuralsantarosadelaiglesiajose2025-1.jpg\",\"contentUrl\":\"https:\\\/\\\/diariotextual.com\\\/inicio\\\/wp-content\\\/uploads\\\/2025\\\/10\\\/exporuralsantarosadelaiglesiajose2025-1.jpg\",\"width\":590,\"height\":388},{\"@type\":\"BreadcrumbList\",\"@id\":\"https:\\\/\\\/diariotextual.com\\\/inicio\\\/index.php\\\/2025\\\/10\\\/04\\\/la-agricola-le-tiro-flores-a-milei-y-le-pidio-a-ziliotto-trabajar-en-una-agenda-en-comun\\\/#breadcrumb\",\"itemListElement\":[{\"@type\":\"ListItem\",\"position\":1,\"name\":\"Portada\",\"item\":\"https:\\\/\\\/diariotextual.com\\\/inicio\\\/\"},{\"@type\":\"ListItem\",\"position\":2,\"name\":\"La Agr\u00edcola le tir\u00f3 flores a Milei y le pidi\u00f3 a Ziliotto trabajar en una agenda en com\u00fan\"}]},{\"@type\":\"WebSite\",\"@id\":\"https:\\\/\\\/diariotextual.com\\\/inicio\\\/#website\",\"url\":\"https:\\\/\\\/diariotextual.com\\\/inicio\\\/\",\"name\":\"Diario Textual\",\"description\":\"\",\"publisher\":{\"@id\":\"https:\\\/\\\/diariotextual.com\\\/inicio\\\/#organization\"},\"potentialAction\":[{\"@type\":\"SearchAction\",\"target\":{\"@type\":\"EntryPoint\",\"urlTemplate\":\"https:\\\/\\\/diariotextual.com\\\/inicio\\\/?s={search_term_string}\"},\"query-input\":{\"@type\":\"PropertyValueSpecification\",\"valueRequired\":true,\"valueName\":\"search_term_string\"}}],\"inLanguage\":\"es\"},{\"@type\":\"Organization\",\"@id\":\"https:\\\/\\\/diariotextual.com\\\/inicio\\\/#organization\",\"name\":\"Diario Textual\",\"url\":\"https:\\\/\\\/diariotextual.com\\\/inicio\\\/\",\"logo\":{\"@type\":\"ImageObject\",\"inLanguage\":\"es\",\"@id\":\"https:\\\/\\\/diariotextual.com\\\/inicio\\\/#\\\/schema\\\/logo\\\/image\\\/\",\"url\":\"https:\\\/\\\/diariotextual.com\\\/inicio\\\/wp-content\\\/uploads\\\/2023\\\/05\\\/logotextual1.jpg\",\"contentUrl\":\"https:\\\/\\\/diariotextual.com\\\/inicio\\\/wp-content\\\/uploads\\\/2023\\\/05\\\/logotextual1.jpg\",\"width\":516,\"height\":76,\"caption\":\"Diario Textual\"},\"image\":{\"@id\":\"https:\\\/\\\/diariotextual.com\\\/inicio\\\/#\\\/schema\\\/logo\\\/image\\\/\"},\"sameAs\":[\"https:\\\/\\\/www.facebook.com\\\/eltextual\",\"https:\\\/\\\/x.com\\\/eltextual\",\"http:\\\/\\\/www.instagram.com\\\/eltextual\"]},{\"@type\":\"Person\",\"@id\":\"https:\\\/\\\/diariotextual.com\\\/inicio\\\/#\\\/schema\\\/person\\\/418fc4093c33e86ed41562db3508f958\",\"name\":\"Diario1 Diario1\",\"image\":{\"@type\":\"ImageObject\",\"inLanguage\":\"es\",\"@id\":\"https:\\\/\\\/secure.gravatar.com\\\/avatar\\\/9167d280179c85bc18be67aa7eda765854300033af4896dd779b608640f2ef7a?s=96&d=mm&r=g\",\"url\":\"https:\\\/\\\/secure.gravatar.com\\\/avatar\\\/9167d280179c85bc18be67aa7eda765854300033af4896dd779b608640f2ef7a?s=96&d=mm&r=g\",\"contentUrl\":\"https:\\\/\\\/secure.gravatar.com\\\/avatar\\\/9167d280179c85bc18be67aa7eda765854300033af4896dd779b608640f2ef7a?s=96&d=mm&r=g\",\"caption\":\"Diario1 Diario1\"},\"url\":\"https:\\\/\\\/diariotextual.com\\\/inicio\\\/index.php\\\/author\\\/diario1\\\/\"}]}<\/script>\n<!-- \/ Yoast SEO plugin. -->","yoast_head_json":{"title":"La Agr\u00edcola le tir\u00f3 flores a Milei y le pidi\u00f3 a Ziliotto trabajar en una agenda en com\u00fan - Diario Textual","robots":{"index":"index","follow":"follow","max-snippet":"max-snippet:-1","max-image-preview":"max-image-preview:large","max-video-preview":"max-video-preview:-1"},"canonical":"https:\/\/diariotextual.com\/inicio\/index.php\/2025\/10\/04\/la-agricola-le-tiro-flores-a-milei-y-le-pidio-a-ziliotto-trabajar-en-una-agenda-en-comun\/","og_locale":"es_ES","og_type":"article","og_title":"La Agr\u00edcola le tir\u00f3 flores a Milei y le pidi\u00f3 a Ziliotto trabajar en una agenda en com\u00fan - Diario Textual","og_description":"El presidente de la Asociaci\u00f3n Agr\u00edcola Ganadera de La Pampa (AAGLP),&nbsp;Jos\u00e9 Ignacio de la Iglesia, en el acto de inauguraci\u00f3n de la 99\u00b0 Exposici\u00f3n Agr\u00edcola, Ganadera, Industrial, Comercial y de&hellip;","og_url":"https:\/\/diariotextual.com\/inicio\/index.php\/2025\/10\/04\/la-agricola-le-tiro-flores-a-milei-y-le-pidio-a-ziliotto-trabajar-en-una-agenda-en-comun\/","og_site_name":"Diario Textual","article_publisher":"https:\/\/www.facebook.com\/eltextual","article_published_time":"2025-10-04T18:43:37+00:00","article_modified_time":"2025-10-06T11:25:29+00:00","og_image":[{"width":590,"height":388,"url":"https:\/\/diariotextual.com\/inicio\/wp-content\/uploads\/2025\/10\/exporuralsantarosadelaiglesiajose2025-1.jpg","type":"image\/jpeg"}],"author":"Diario1 Diario1","twitter_card":"summary_large_image","twitter_creator":"@eltextual","twitter_site":"@eltextual","twitter_misc":{"Escrito por":"Diario1 Diario1","Tiempo de lectura":"4 minutos"},"schema":{"@context":"https:\/\/schema.org","@graph":[{"@type":"Article","@id":"https:\/\/diariotextual.com\/inicio\/index.php\/2025\/10\/04\/la-agricola-le-tiro-flores-a-milei-y-le-pidio-a-ziliotto-trabajar-en-una-agenda-en-comun\/#article","isPartOf":{"@id":"https:\/\/diariotextual.com\/inicio\/index.php\/2025\/10\/04\/la-agricola-le-tiro-flores-a-milei-y-le-pidio-a-ziliotto-trabajar-en-una-agenda-en-comun\/"},"author":{"name":"Diario1 Diario1","@id":"https:\/\/diariotextual.com\/inicio\/#\/schema\/person\/418fc4093c33e86ed41562db3508f958"},"headline":"La Agr\u00edcola le tir\u00f3 flores a Milei y le pidi\u00f3 a Ziliotto trabajar en una agenda en com\u00fan","datePublished":"2025-10-04T18:43:37+00:00","dateModified":"2025-10-06T11:25:29+00:00","mainEntityOfPage":{"@id":"https:\/\/diariotextual.com\/inicio\/index.php\/2025\/10\/04\/la-agricola-le-tiro-flores-a-milei-y-le-pidio-a-ziliotto-trabajar-en-una-agenda-en-comun\/"},"wordCount":873,"publisher":{"@id":"https:\/\/diariotextual.com\/inicio\/#organization"},"image":{"@id":"https:\/\/diariotextual.com\/inicio\/index.php\/2025\/10\/04\/la-agricola-le-tiro-flores-a-milei-y-le-pidio-a-ziliotto-trabajar-en-una-agenda-en-comun\/#primaryimage"},"thumbnailUrl":"https:\/\/diariotextual.com\/inicio\/wp-content\/uploads\/2025\/10\/exporuralsantarosadelaiglesiajose2025-1.jpg","articleSection":["A - ES NOTICIA (van abajo)","A - QUE PASA (al costado)","CAMPO"],"inLanguage":"es"},{"@type":"WebPage","@id":"https:\/\/diariotextual.com\/inicio\/index.php\/2025\/10\/04\/la-agricola-le-tiro-flores-a-milei-y-le-pidio-a-ziliotto-trabajar-en-una-agenda-en-comun\/","url":"https:\/\/diariotextual.com\/inicio\/index.php\/2025\/10\/04\/la-agricola-le-tiro-flores-a-milei-y-le-pidio-a-ziliotto-trabajar-en-una-agenda-en-comun\/","name":"La Agr\u00edcola le tir\u00f3 flores a Milei y le pidi\u00f3 a Ziliotto trabajar en una agenda en com\u00fan - Diario Textual","isPartOf":{"@id":"https:\/\/diariotextual.com\/inicio\/#website"},"primaryImageOfPage":{"@id":"https:\/\/diariotextual.com\/inicio\/index.php\/2025\/10\/04\/la-agricola-le-tiro-flores-a-milei-y-le-pidio-a-ziliotto-trabajar-en-una-agenda-en-comun\/#primaryimage"},"image":{"@id":"https:\/\/diariotextual.com\/inicio\/index.php\/2025\/10\/04\/la-agricola-le-tiro-flores-a-milei-y-le-pidio-a-ziliotto-trabajar-en-una-agenda-en-comun\/#primaryimage"},"thumbnailUrl":"https:\/\/diariotextual.com\/inicio\/wp-content\/uploads\/2025\/10\/exporuralsantarosadelaiglesiajose2025-1.jpg","datePublished":"2025-10-04T18:43:37+00:00","dateModified":"2025-10-06T11:25:29+00:00","breadcrumb":{"@id":"https:\/\/diariotextual.com\/inicio\/index.php\/2025\/10\/04\/la-agricola-le-tiro-flores-a-milei-y-le-pidio-a-ziliotto-trabajar-en-una-agenda-en-comun\/#breadcrumb"},"inLanguage":"es","potentialAction":[{"@type":"ReadAction","target":["https:\/\/diariotextual.com\/inicio\/index.php\/2025\/10\/04\/la-agricola-le-tiro-flores-a-milei-y-le-pidio-a-ziliotto-trabajar-en-una-agenda-en-comun\/"]}]},{"@type":"ImageObject","inLanguage":"es","@id":"https:\/\/diariotextual.com\/inicio\/index.php\/2025\/10\/04\/la-agricola-le-tiro-flores-a-milei-y-le-pidio-a-ziliotto-trabajar-en-una-agenda-en-comun\/#primaryimage","url":"https:\/\/diariotextual.com\/inicio\/wp-content\/uploads\/2025\/10\/exporuralsantarosadelaiglesiajose2025-1.jpg","contentUrl":"https:\/\/diariotextual.com\/inicio\/wp-content\/uploads\/2025\/10\/exporuralsantarosadelaiglesiajose2025-1.jpg","width":590,"height":388},{"@type":"BreadcrumbList","@id":"https:\/\/diariotextual.com\/inicio\/index.php\/2025\/10\/04\/la-agricola-le-tiro-flores-a-milei-y-le-pidio-a-ziliotto-trabajar-en-una-agenda-en-comun\/#breadcrumb","itemListElement":[{"@type":"ListItem","position":1,"name":"Portada","item":"https:\/\/diariotextual.com\/inicio\/"},{"@type":"ListItem","position":2,"name":"La Agr\u00edcola le tir\u00f3 flores a Milei y le pidi\u00f3 a Ziliotto trabajar en una agenda en com\u00fan"}]},{"@type":"WebSite","@id":"https:\/\/diariotextual.com\/inicio\/#website","url":"https:\/\/diariotextual.com\/inicio\/","name":"Diario Textual","description":"","publisher":{"@id":"https:\/\/diariotextual.com\/inicio\/#organization"},"potentialAction":[{"@type":"SearchAction","target":{"@type":"EntryPoint","urlTemplate":"https:\/\/diariotextual.com\/inicio\/?s={search_term_string}"},"query-input":{"@type":"PropertyValueSpecification","valueRequired":true,"valueName":"search_term_string"}}],"inLanguage":"es"},{"@type":"Organization","@id":"https:\/\/diariotextual.com\/inicio\/#organization","name":"Diario Textual","url":"https:\/\/diariotextual.com\/inicio\/","logo":{"@type":"ImageObject","inLanguage":"es","@id":"https:\/\/diariotextual.com\/inicio\/#\/schema\/logo\/image\/","url":"https:\/\/diariotextual.com\/inicio\/wp-content\/uploads\/2023\/05\/logotextual1.jpg","contentUrl":"https:\/\/diariotextual.com\/inicio\/wp-content\/uploads\/2023\/05\/logotextual1.jpg","width":516,"height":76,"caption":"Diario Textual"},"image":{"@id":"https:\/\/diariotextual.com\/inicio\/#\/schema\/logo\/image\/"},"sameAs":["https:\/\/www.facebook.com\/eltextual","https:\/\/x.com\/eltextual","http:\/\/www.instagram.com\/eltextual"]},{"@type":"Person","@id":"https:\/\/diariotextual.com\/inicio\/#\/schema\/person\/418fc4093c33e86ed41562db3508f958","name":"Diario1 Diario1","image":{"@type":"ImageObject","inLanguage":"es","@id":"https:\/\/secure.gravatar.com\/avatar\/9167d280179c85bc18be67aa7eda765854300033af4896dd779b608640f2ef7a?s=96&d=mm&r=g","url":"https:\/\/secure.gravatar.com\/avatar\/9167d280179c85bc18be67aa7eda765854300033af4896dd779b608640f2ef7a?s=96&d=mm&r=g","contentUrl":"https:\/\/secure.gravatar.com\/avatar\/9167d280179c85bc18be67aa7eda765854300033af4896dd779b608640f2ef7a?s=96&d=mm&r=g","caption":"Diario1 Diario1"},"url":"https:\/\/diariotextual.com\/inicio\/index.php\/author\/diario1\/"}]}},"_links":{"self":[{"href":"https:\/\/diariotextual.com\/inicio\/index.php\/wp-json\/wp\/v2\/posts\/308964","targetHints":{"allow":["GET"]}}],"collection":[{"href":"https:\/\/diariotextual.com\/inicio\/index.php\/wp-json\/wp\/v2\/posts"}],"about":[{"href":"https:\/\/diariotextual.com\/inicio\/index.php\/wp-json\/wp\/v2\/types\/post"}],"author":[{"embeddable":true,"href":"https:\/\/diariotextual.com\/inicio\/index.php\/wp-json\/wp\/v2\/users\/3"}],"replies":[{"embeddable":true,"href":"https:\/\/diariotextual.com\/inicio\/index.php\/wp-json\/wp\/v2\/comments?post=308964"}],"version-history":[{"count":5,"href":"https:\/\/diariotextual.com\/inicio\/index.php\/wp-json\/wp\/v2\/posts\/308964\/revisions"}],"predecessor-version":[{"id":309005,"href":"https:\/\/diariotextual.com\/inicio\/index.php\/wp-json\/wp\/v2\/posts\/308964\/revisions\/309005"}],"wp:featuredmedia":[{"embeddable":true,"href":"https:\/\/diariotextual.com\/inicio\/index.php\/wp-json\/wp\/v2\/media\/308965"}],"wp:attachment":[{"href":"https:\/\/diariotextual.com\/inicio\/index.php\/wp-json\/wp\/v2\/media?parent=308964"}],"wp:term":[{"taxonomy":"category","embeddable":true,"href":"https:\/\/diariotextual.com\/inicio\/index.php\/wp-json\/wp\/v2\/categories?post=308964"},{"taxonomy":"post_tag","embeddable":true,"href":"https:\/\/diariotextual.com\/inicio\/index.php\/wp-json\/wp\/v2\/tags?post=308964"}],"curies":[{"name":"wp","href":"https:\/\/api.w.org\/{rel}","templated":true}]}}