{"id":308967,"date":"2025-10-04T16:26:41","date_gmt":"2025-10-04T19:26:41","guid":{"rendered":"https:\/\/diariotextual.com\/inicio\/?p=308967"},"modified":"2025-10-06T10:36:46","modified_gmt":"2025-10-06T13:36:46","slug":"ziliotto-en-la-expo-rural-ratifico-apoyo-al-campo-y-anuncio-inversion-en-rutas-pero-senalo-criticas-selectivas-de-ruralistas","status":"publish","type":"post","link":"https:\/\/diariotextual.com\/inicio\/index.php\/2025\/10\/04\/ziliotto-en-la-expo-rural-ratifico-apoyo-al-campo-y-anuncio-inversion-en-rutas-pero-senalo-criticas-selectivas-de-ruralistas\/","title":{"rendered":"Ziliotto, en la Expo Rural: ratific\u00f3 apoyo al campo y anunci\u00f3 inversi\u00f3n en rutas, pero se\u00f1al\u00f3 cr\u00edticas selectivas de ruralistas"},"content":{"rendered":"\n<p>El gobernador <strong>Sergio Ziliotto <\/strong>encabez\u00f3 este s\u00e1bado la apertura de la <strong>99\u00aa Exposici\u00f3n Agr\u00edcola, Ganadera, Industrial, Comercial y de Servicios de Santa Rosa<\/strong>, donde detall\u00f3 las acciones que el Gobierno de La Pampa impulsa para acompa\u00f1ar al sector agropecuario y<strong> critic\u00f3 las pol\u00edticas nacionales que, asegur\u00f3, \u201ccastigan la producci\u00f3n y el trabajo\u201d <\/strong>del pa\u00eds. Dijo que<strong> no le molestan las cr\u00edticas y ratific\u00f3 su \u201cvocaci\u00f3n de di\u00e1logo\u201d<\/strong> con los ruralistas. Tambi\u00e9n sostuvo que <strong>\u201cel modelo es el correcto\u201d<\/strong> porque incluye crecimiento con inclusi\u00f3n social. \u201cCon aciertos y errores, siempre estaremos del lado de los que producen. Nunca tomar\u00edamos una medida que fomente la especulaci\u00f3n financiera, menos que concentre riqueza en desmedro de nuestras pymes productoras\u201d, dijo. <strong>\u201cEntendemos las demandas sectoriales, pero tambi\u00e9n pedimos identificar responsabilidades.<\/strong> <strong>No puede identificarse nuestro esquema recaudatorio como confiscatorio ni de apropiaci\u00f3n\u201d<\/strong>, agreg\u00f3.<br><br><\/p>\n\n\n\n<p>El acto se desarroll\u00f3 en el predio de la <strong>Asociaci\u00f3n Agr\u00edcola Ganadera de Santa Rosa<\/strong>, y reuni\u00f3 a productores, dirigentes y funcionarios provinciales. En su discurso,<strong> Ziliotto repas\u00f3 programas de asistencia financiera, incentivos fiscales y obras viales, adem\u00e1s de anunciar nuevas medidas de acompa\u00f1amiento para peque\u00f1os y medianos productores.<\/strong><\/p>\n\n\n\n<p>En su discurso, resalt\u00f3 las cr\u00edticas selectivas de la dirigencia rural: es que en el acto de hoy, por ejemplo, los dirigentes del campo no hicieron ning\u00fan se\u00f1alamiento a la administraci\u00f3n libertaria. Ni siquiera sobre la ef\u00edmera medida de las retenciones cero que solo beneficiaron a las cerealeras exportadoras y a casi ning\u00fan productor granario genuino. \u201cComo lo hacemos durante el a\u00f1o en los espacios institucionales, hemos escuchado a la dirigencia rural. Nunca nos han molestado las cr\u00edticas. Porque ayudan a mejorar nuestras respuestas. Pero<strong> con sorpresa vemos como se minimiza el apoyo del gobierno provincial, traslad\u00e1ndole la frustraci\u00f3n y el enojo por promesas incumplidas de otros<\/strong>\u201d, dijo, en referencia a  Milei y sus funcionarios. \u201c<strong>Surge entonces propicia la oportunidad para marcar diferencias e identificar, con datos y certezas, quien defiende y quien castiga al campo.<\/strong> Quien lo potencia y quien le pone palos en la rueda. Mucho se habla de la presi\u00f3n tributaria, de la carga impositiva del Estado sobre la econom\u00eda. <strong>El gobierno nacional y sus voceros pretenden instalar que el freno a la econom\u00eda es culpa de las administraciones provinciales y municipales. Una mentira que el mismo Ministerio de Econom\u00eda de la Naci\u00f3n reconoce oficialmente. Sus propios informes certifican que en 2024 la carga impositiva nacional aument\u00f3, mientras que la provincial ha disminuido<\/strong>\u201d, expres\u00f3.<\/p>\n\n\n\n<p>El gobernador explic\u00f3 que, seg\u00fan datos oficiales, el <strong>93,5% de la carga impositiva total que afronta el campo pampeano proviene del Gobierno nacional<\/strong>, mientras que la Provincia aplica el <strong>4,3%<\/strong> y los municipios el <strong>2%<\/strong>.<\/p>\n\n\n\n<figure class=\"wp-block-embed is-type-wp-embed is-provider-diario-textual wp-block-embed-diario-textual\"><div class=\"wp-block-embed__wrapper\">\n<blockquote class=\"wp-embedded-content\" data-secret=\"fjKamFGEy1\"><a href=\"https:\/\/diariotextual.com\/inicio\/index.php\/2025\/10\/04\/ziliotto-ratifico-la-ley-de-plaguicidas-no-prohibe-la-aplicacion-se-trata-de-cuidar-la-salud\/\">Ziliotto ratific\u00f3 la Ley de Plaguicidas: \u201cNo proh\u00edbe la aplicaci\u00f3n; se trata de cuidar la salud\u201d<\/a><\/blockquote><iframe class=\"wp-embedded-content\" sandbox=\"allow-scripts\" security=\"restricted\" style=\"position: absolute; visibility: hidden;\" title=\"\u00abZiliotto ratific\u00f3 la Ley de Plaguicidas: \u201cNo proh\u00edbe la aplicaci\u00f3n; se trata de cuidar la salud\u201d\u00bb \u2014 Diario Textual\" src=\"https:\/\/diariotextual.com\/inicio\/index.php\/2025\/10\/04\/ziliotto-ratifico-la-ley-de-plaguicidas-no-prohibe-la-aplicacion-se-trata-de-cuidar-la-salud\/embed\/#?secret=6OR15SdSg3#?secret=fjKamFGEy1\" data-secret=\"fjKamFGEy1\" width=\"600\" height=\"338\" frameborder=\"0\" marginwidth=\"0\" marginheight=\"0\" scrolling=\"no\"><\/iframe>\n<\/div><\/figure>\n\n\n\n<div style=\"height:100px\" aria-hidden=\"true\" class=\"wp-block-spacer\"><\/div>\n\n\n\n<p><strong>Retenciones cero<\/strong><\/p>\n\n\n\n<p>Ziliotto cuestion\u00f3 tambi\u00e9n la pol\u00edtica de retenciones cero de la administraci\u00f3n libertaria, que dur\u00f3 poco mas de dos d\u00edas. \u201cFue una herramienta que concentr\u00f3 a\u00fan m\u00e1s la renta del campo en unos pocos. La ef\u00edmera y fraudulenta baja de retenciones poco benefici\u00f3 a peque\u00f1os y medianos productores\u201d, dijo.<\/p>\n\n\n\n<p>En ese sentido, critic\u00f3 las decisiones del Gobierno nacional de <strong>mantener impuestos a las exportaciones agropecuarias<\/strong>, mientras se eliminaron retenciones a la miner\u00eda y al Impuesto Pais<strong>. \u201cEntre el campo y los importadores, eligi\u00f3 a los importadores. Ni hablar del da\u00f1o que tambi\u00e9n produjo a la industria nacional y al turismo interno. Entre el campo y las mineras, eligi\u00f3 a las mineras. Y recientemente, el gobierno nacional eligi\u00f3 a los que especulan y no a los que producen<\/strong>\u201d, dijo.<\/p>\n\n\n\n<p>\u201cComo si fuera poco, el proyecto de presupuesto nacional del gobierno prev\u00e9 incrementar en 2026 las retenciones un 3,2 % en t\u00e9rminos del Producto Bruto Nacional.<\/p>\n\n\n\n<p>\u201cEn el medio aparecen medidas que marcan el profundo desconocimiento de la realidad y las necesidades de las econom\u00edas regionales: el desguace del INTA, el desfinanciamiento de las universidades nacionales, incluidas nuestras Facultades de Agronom\u00eda y de Veterinarias, implican barreras para sumar eficiencia y productividad\u201d, resalt\u00f3.<\/p>\n\n\n\n<p><\/p>\n\n\n\n<figure class=\"wp-block-image size-large\"><img fetchpriority=\"high\" decoding=\"async\" width=\"1024\" height=\"682\" src=\"https:\/\/diariotextual.com\/inicio\/wp-content\/uploads\/2025\/10\/ziliottosergioexporuralsantarosa2025-3-1024x682.jpg\" alt=\"\" class=\"wp-image-308975\" srcset=\"https:\/\/diariotextual.com\/inicio\/wp-content\/uploads\/2025\/10\/ziliottosergioexporuralsantarosa2025-3-1024x682.jpg 1024w, https:\/\/diariotextual.com\/inicio\/wp-content\/uploads\/2025\/10\/ziliottosergioexporuralsantarosa2025-3-300x200.jpg 300w, https:\/\/diariotextual.com\/inicio\/wp-content\/uploads\/2025\/10\/ziliottosergioexporuralsantarosa2025-3-768x512.jpg 768w, https:\/\/diariotextual.com\/inicio\/wp-content\/uploads\/2025\/10\/ziliottosergioexporuralsantarosa2025-3-1170x780.jpg 1170w, https:\/\/diariotextual.com\/inicio\/wp-content\/uploads\/2025\/10\/ziliottosergioexporuralsantarosa2025-3-585x390.jpg 585w, https:\/\/diariotextual.com\/inicio\/wp-content\/uploads\/2025\/10\/ziliottosergioexporuralsantarosa2025-3-263x175.jpg 263w, https:\/\/diariotextual.com\/inicio\/wp-content\/uploads\/2025\/10\/ziliottosergioexporuralsantarosa2025-3.jpg 1400w\" sizes=\"(max-width: 1024px) 100vw, 1024px\" \/><\/figure>\n\n\n\n<div style=\"height:100px\" aria-hidden=\"true\" class=\"wp-block-spacer\"><\/div>\n\n\n\n<p><\/p>\n\n\n\n<p><strong>Esquema tributario provincial<\/strong><\/p>\n\n\n\n<p>Con datos, dio detalles del esquema tributario provincial. Dijo que, seg\u00fan la CEPAL, la participaci\u00f3n del campo en el conjunto de la econom\u00eda provincial es del 16 %, pero su aporte a la recaudaci\u00f3n impositiva provincial se ubica en el 10,3 % en 2024. \u201cEse diferencial positivo entre el volumen de sus negocios y lo que tributa, marca nuestra valoraci\u00f3n hacia el sector\u201d, destac\u00f3, para mostrar que la incidencia de los tributos es menor.<br><br>\u201cA ello, sum\u00e9mosle que la tasa m\u00e1s alta que grava los Ingresos Brutos del sector es 10 veces menor que la intermediaci\u00f3n financiera no bancaria\u201d, dijo.<br><br>Adem\u00e1s, si se realiza un an\u00e1lisis del impuesto inmobiliario rural y su evoluci\u00f3n desde 2019, se observa que \u201csu actualizaci\u00f3n ha quedado muy por debajo del aumento de precios\u201d de los productos que genera el campo. \u201cAl d\u00eda de hoy, el impuesto inmobiliario rural ha aumentado un 22 % menos que el aumento del precio del trigo, un 34 % menos que el ma\u00edz, un 50 % menos que la soja, un 92 % menos que el girasol, un 113 % menos que el aumento del novillo o el 144 % menos que el de los terneros\u201d, dijo.<br><br>Ziliotto dijo que lo recaudado por el impuesto inmobiliario rural cubre el 75 % de lo invertido en forma directa por Vialidad Provincial en mantenimiento de la red terciaria. Es que en 2024 se recaudaron 7.760 millones de pesos mientras que se invirtieron 10.322 millones de pesos en esa tarea. \u201cEl resto fue cubierto con recursos de rentas generales\u201d, expres\u00f3.<br><br>\u201cOtra referencia es que, en La Pampa, el campo acumula 19 a\u00f1os de estabilidad fiscal, base de la previsibilidad que se necesita para definir inversiones. M\u00e1s a\u00fan, desde 2021, la Ley de Incentivos Fiscales ha disminuido la carga impositiva. A modo de ejemplo, en 2024 el campo recibi\u00f3 a valores de hoy 1.125 millones en cr\u00e9ditos fiscales, lo que deriv\u00f3 en un menor aporte tributario\u201d, dijo.<br><br>Tambi\u00e9n se meti\u00f3 en otro cuestionamiento del agro: el Sircreb. \u201cUn tema recurrente es el sistema de los pagos a cuenta o adelanto de pago de impuestos a trav\u00e9s de retenciones o percepciones, entre los que se incluye el Sircreb\u201d, dijo. \u201cQuiero mostrarles una cuenta muy simple: en 2024 el campo pag\u00f3 impuestos por 29.740 millones. El monto actual de los saldos a favor de los productores incluidos en el Sircreb es de 398,9 millones. O sea, lo retenido es del 1,3 %. Y solo incluye al 10 % de los productores\u201d.<br><br>Para m\u00e1s datos, seg\u00fan el Instituto IDESA, La Pampa es una de las seis jurisdicciones con menor incidencia de los pagos a cuenta en relaci\u00f3n con la recaudaci\u00f3n total. El monto acumulado es menos de la mitad de la media nacional. \u201cPor ello no puede identificarse nuestro esquema recaudatorio como confiscatorio ni de apropiaci\u00f3n\u201d, dijo. \u201cS\u00ed responde a un necesario control a los que eluden o evaden. Un control que permite sostener la estabilidad tributaria y los incentivos a la producci\u00f3n sin abandonar las funciones esenciales del Estado\u201d, expres\u00f3.<\/p>\n\n\n\n<div style=\"height:100px\" aria-hidden=\"true\" class=\"wp-block-spacer\"><\/div>\n\n\n\n<p><strong>Financiamiento y cr\u00e9ditos<\/strong><\/p>\n\n\n\n<p>\u201cEn el acceso al financiamiento tambi\u00e9n estuvimos acompa\u00f1ando\u201d, dijo. Seg\u00fan cont\u00f3, s\u00f3lo en lo que va del a\u00f1o 2025 hemos aportado 16.625 millones de pesos en cr\u00e9ditos para el sector.<br><br>Adem\u00e1s, durante 2025 habr\u00e1n invertido en subsidios de tasas 1.430 millones de pesos.<br><br>Esos cr\u00e9ditos y subsidios de tasa se potenciaron con el otorgamiento de garant\u00edas p\u00fablicas de nuestro FOGAPAM por m\u00e1s de $ 29 mil 300 millones pesos, a valores actuales y distribuidas en 945 garant\u00edas, desde su creaci\u00f3n en 2021.<br><br>Otro dato para destacar es que el campo es el sector productivo que encabeza las estad\u00edsticas en cuant\u00eda de financiamiento, de garant\u00edas y de subsidio de tasas por parte del Estado provincial.<br><br>\u201cEste conjunto de datos no busca ninguna confrontaci\u00f3n, sino visualizar nuestro apoyo\u201d, dijo Ziliotto. \u201cEntendemos las demandas sectoriales, pero tambi\u00e9n pedimos identificar responsabilidades\u201d.<br><br>\u201cEl gobierno central no s\u00f3lo abandon\u00f3 sus responsabilidades, sino que se apropi\u00f3 ilegalmente de nuestros recursos, tambi\u00e9n de los recursos del campo.&nbsp; Nadie puede desconocer el fuerte incremento de la demanda en salud, educaci\u00f3n, seguridad, contenci\u00f3n social y obra p\u00fablica. A\u00fan, &nbsp;con una fuerte p\u00e9rdida de recursos, el Estado provincial sigue dando respuestas a toda la sociedad, vivan en la ciudad o en el campo. Sin discriminar a nadie\u201d, dijo.<\/p>\n\n\n\n<p><br><br>\u201cA lo que hicimos vamos a incorporar otros beneficios y herramientas. Como es de costumbre, los productores ya disponen de una l\u00ednea de financiamiento para enfrentar la siembra correspondiente a la cosecha gruesa. En el marco del consolidado y exitoso Plan Ganadero Provincial, mantenemos el financiamiento para Inversi\u00f3n y Capital de Trabajo a trav\u00e9s de l\u00edneas tradicionales y del Compre Pampeano v\u00eda Banco de La Pampa\u201d, manifest\u00f3.<br><br>\u201cTambi\u00e9n se hallan vigentes las l\u00edneas Competitividad Pyme y Maquinarias Agr\u00edcolas, producto de nuestra vinculaci\u00f3n con el Consejo Federal de Inversiones. Todas ellas con alternativas de plazo de hasta 5 a\u00f1os y con plazos de gracias de hasta 24 meses. Para cada alternativa crediticia se mantiene el subsidio de tasa, un fuerte incentivo que se financia con el presupuesto provincial\u201d, resalt\u00f3.<\/p>\n\n\n\n<p><\/p>\n\n\n\n<div style=\"height:100px\" aria-hidden=\"true\" class=\"wp-block-spacer\"><\/div>\n\n\n\n<p><strong>Caravanas<\/strong><\/p>\n\n\n\n<p>Entre los anuncios, Ziliotto confirm\u00f3 que el Gobierno <strong>compensar\u00e1 a los productores con menos de 500 animales<\/strong> por la inversi\u00f3n en caravanas electr\u00f3nicas obligatorias desde enero pr\u00f3ximo. Esos gastos podr\u00e1n computarse como <strong>pagos a cuenta del Inmobiliario Rural y de Ingresos Brutos<\/strong>.<\/p>\n\n\n\n<p>Adem\u00e1s, anunci\u00f3 la <strong>incorporaci\u00f3n de 40 antenas satelitales m\u00f3viles y 10 fijas<\/strong> para fortalecer la <strong>seguridad rural y la lucha contra incendios<\/strong>.<\/p>\n\n\n\n<div style=\"height:100px\" aria-hidden=\"true\" class=\"wp-block-spacer\"><\/div>\n\n\n\n<p><strong>Rutas<\/strong><\/p>\n\n\n\n<p>Anunci\u00f3 la licitaci\u00f3n de obras viales por <strong>84 mil millones de pesos<\/strong>, que incluyen intervenciones en las rutas provinciales 1, 4, 13 y 102, entre otras.<\/p>\n\n\n\n<p><strong>\u201cSon i<em>nversiones estrat\u00e9gicas para la salida de la producci\u00f3n pampeana.<\/em> <em>Con un presupuesto a valores actuales de 84 mil millones de pesos, licitaremos las intervenciones en las rutas 1 entre General Pico y la Ruta nacional 188, en cercan\u00edas de Intendente Alvear y Larroud\u00e9; la ruta 1 entre Macach\u00edn y Miguel Riglos, la ruta &#8216;de la cr\u00eda&#8217; 13 entre la ruta provincial 14 y la nacional 143, y tambi\u00e9n la ruta 4 entre la ruta provincial 1 y Gonz\u00e1lez Moreno, l\u00edmite con provincia de Buenos Aires.<\/em> <em>Son 282 kil\u00f3metros de rutas provinciales a intervenir\u201d, dijo.<\/em><\/strong><br><br>\u201cAl mismo tiempo, seguimos adelante con los trabajos de reparaci\u00f3n y mantenimiento sobre las rutas 18, 20, 10, 102 y 1. Adem\u00e1s, otras dos licitaciones prev\u00e9n la conservaci\u00f3n del pavimento de la zona norte provincial y el se\u00f1alamiento de otras interviniendo 2.138 kil\u00f3metros de rutas provinciales. Asimismo, sumaremos obras para iluminar otros 20 cruces de ruta, agregando m\u00e1s seguridad\u201d, expres\u00f3.<br><br>Adem\u00e1s, dijo que siguen esperando una respuesta al pedido que realizamos al Gobierno nacional en enero pasado, para que nos transfieran 600 kil\u00f3metros de rutas nacionales. \u201cA ese silencio se le suma que nada se invierte con la recaudaci\u00f3n del impuesto a los combustibles\u201d, expres\u00f3.<\/p>\n\n\n\n<figure class=\"wp-block-image size-large\"><img decoding=\"async\" width=\"1024\" height=\"682\" src=\"https:\/\/diariotextual.com\/inicio\/wp-content\/uploads\/2025\/10\/ziliottosergioexporuralsantarosa2025-4-1024x682.jpg\" alt=\"\" class=\"wp-image-308977\" srcset=\"https:\/\/diariotextual.com\/inicio\/wp-content\/uploads\/2025\/10\/ziliottosergioexporuralsantarosa2025-4-1024x682.jpg 1024w, https:\/\/diariotextual.com\/inicio\/wp-content\/uploads\/2025\/10\/ziliottosergioexporuralsantarosa2025-4-300x200.jpg 300w, https:\/\/diariotextual.com\/inicio\/wp-content\/uploads\/2025\/10\/ziliottosergioexporuralsantarosa2025-4-768x512.jpg 768w, https:\/\/diariotextual.com\/inicio\/wp-content\/uploads\/2025\/10\/ziliottosergioexporuralsantarosa2025-4-1170x780.jpg 1170w, https:\/\/diariotextual.com\/inicio\/wp-content\/uploads\/2025\/10\/ziliottosergioexporuralsantarosa2025-4-585x390.jpg 585w, https:\/\/diariotextual.com\/inicio\/wp-content\/uploads\/2025\/10\/ziliottosergioexporuralsantarosa2025-4-263x175.jpg 263w, https:\/\/diariotextual.com\/inicio\/wp-content\/uploads\/2025\/10\/ziliottosergioexporuralsantarosa2025-4.jpg 1400w\" sizes=\"(max-width: 1024px) 100vw, 1024px\" \/><\/figure>\n\n\n\n<p><\/p>\n\n\n\n<div style=\"height:100px\" aria-hidden=\"true\" class=\"wp-block-spacer\"><\/div>\n\n\n\n<p><strong>Modelo<\/strong><\/p>\n\n\n\n<p>Ziliotto dijo que los datos indican que impulsan el \u201cmodelo correcto\u201d para el desarrollo de La Pampa. Seg\u00fan el \u00faltimo reporte de la CEPAL para el per\u00edodo 2004-2023, la econom\u00eda de La Pampa creci\u00f3 un 60 %, ubic\u00e1ndose novena en el contexto nacional. \u201cEn esos 20 a\u00f1os crecimos un 34,7 % m\u00e1s que el conjunto de todas las provincias\u201d, dijo.<br><br>\u201cEn el contexto regional, crecimos por encima de las provincias lim\u00edtrofes, salvo Neuqu\u00e9n por el impacto que determina Vaca Muerta. Y ese lugar se logr\u00f3 a pesar de la dependencia clim\u00e1tica de nuestra econom\u00eda. Un escenario que no afecta la producci\u00f3n minera o hidrocarbur\u00edfera, principales motores econ\u00f3micos de las provincias que lideran ese informe de crecimiento\u201d, manifest\u00f3.<br><br>\u201cSeg\u00fan la Organizaci\u00f3n FUNDAR, somos la provincia con m\u00e1s cantidad de empresas vinculadas a la poblaci\u00f3n: 19 empresas por cada 1.000 habitantes\u201d, agreg\u00f3.<\/p>\n\n\n\n<p>Dijo tambi\u00e9n que este modelo lo hacen con inclusi\u00f3n. \u201cQuiz\u00e1 el dato m\u00e1s importante es que hemos acompa\u00f1ado ese crecimiento con inclusi\u00f3n\u201d, dijo. \u201cLa Pampa, seg\u00fan el Censo 2022, es la provincia con el menor \u00edndice de necesidades b\u00e1sicas insatisfechas y tambi\u00e9n la provincia con mayor desarrollo humano, seg\u00fan el Programa Naciones Unidas para el Desarrollo que considera indicadores econ\u00f3micos, sanitarios y educativos.&nbsp; Estos datos certificados contrastan con el relato de una econom\u00eda provincial estancada social y econ\u00f3micamente. Pero principalmente, indican que el modelo es el correcto, y es el que debemos profundizar\u201d, manifest\u00f3.<\/p>\n\n\n\n<div style=\"height:100px\" aria-hidden=\"true\" class=\"wp-block-spacer\"><\/div>\n\n\n\n<p><strong>La Agr\u00edcola, con flores a Milei y pedidos a Ziliotto<\/strong><\/p>\n\n\n\n<p>El presidente de la Asociaci\u00f3n Agr\u00edcola Ganadera de La Pampa (AAGLP),&nbsp;<strong>Jos\u00e9 Ignacio de la Iglesia<\/strong>, en el acto de inauguraci\u00f3n de la 99\u00b0 Exposici\u00f3n Agr\u00edcola, Ganadera, Industrial, Comercial y de Servicios de Santa Rosa, le tir\u00f3 flores a la administraci\u00f3n de <strong>Javier Milei <\/strong>por \u201cbajar la inflaci\u00f3n\u201d, \u201cdisminuir las retenciones\u201d y generar una \u201cestabilizaci\u00f3n\u201d, y, a su vez, le pidi\u00f3 al Gobierno provincial de <strong>Sergio Ziliotto<\/strong> a \u201cconstruir una agenda en com\u00fan\u201d para fomentar la producci\u00f3n, mejorar los caminos y bajar los impuestos. Dijo que no es cierto que en La Pampa, como sostienen los funcionarios provinciales, el campo tiene poca carga impositiva.<\/p>\n\n\n\n<p>De la Iglesia solo tuvo elogios para el presidente Javier Milei y resalt\u00f3 el \u201capoyo\u201d de la gente a su programa econ\u00f3mico. \u201cEste esfuerzo ha permitido bajar la inflaci\u00f3n, la estabilidad del d\u00f3lar, la disminuci\u00f3n de las retenciones, la eliminaci\u00f3n del impuesto Pa\u00eds y otras medidas de simplificaci\u00f3n administrativas y tributarias\u201d, dijo. \u201cEstas decisiones han contado con el respaldo de la mayor\u00eda de los argentinos, lo que permiti\u00f3 una mayor estabilidad\u201d, manifest\u00f3. \u201cPero todav\u00eda seguimos en la cuerda floja. Lo \u00fanico que hemos es alejarnos de la l\u00ednea de precipicio. Todav\u00eda queda un largo camino por recorrer\u201d, agreg\u00f3.<\/p>\n\n\n\n<p><strong>Un dato no pas\u00f3 desapercibido: no hizo menci\u00f3n a las retenciones 0 \u201cexpr\u00e9s\u201d que implement\u00f3 recientemente la administraci\u00f3n libertaria y que solo benefici\u00f3 a las grandes cerealeras y dej\u00f3 afuera a casi todos los productores. <\/strong>Seg\u00fan pudo saber<strong> Diario Textual<\/strong>, unos integrantes de la comisi\u00f3n directiva pidieron incluir el reclamo, en tanto que otros solicitaron ni mencionarlo. As\u00ed,<strong> sin acuerdo, se omiti\u00f3 el se\u00f1alamiento a esa medida que ha generado enojo de los ruralistas.<\/strong><\/p>\n\n\n\n<p>Posteriormente, De la Iglesia se refiri\u00f3 a la creaci\u00f3n de un observatorio, que tiene como objetivo analizar la situaci\u00f3n y las perspectivas del sector agropecuario pampeano. En ese marco, pidi\u00f3 trabajar en conjunto. \u201cEs necesario un nuevo paradigma para empezar a construir una agenda en com\u00fan, basada en hechos y en el reconocimiento mutuo\u201d, expres\u00f3.<\/p>\n\n\n\n<p>\u201cEl Gobierno provincial debe impulsar una agenda en definir las bases esenciales para una producci\u00f3n pujante, en el que tanto el sector privado y p\u00fablico, asuman riesgos en conjunto; establecer un di\u00e1logo genuino que establezca estrategias comunes; revisar el esquema fiscal e impositivo, para mejorar la eficiencia de la producci\u00f3n; implementar mecanismos de desburocratizaci\u00f3n y articulaci\u00f3n entre los organismo p\u00fablicos para tomar decisiones m\u00e1s \u00e1giles y eficientes: un plan integran de infraestructura rural; difundir y potenciar los altos est\u00e1ndares de las pr\u00e1cticas agron\u00f3micas que est\u00e1n alineadas con los est\u00e1ndares internacionales\u201d, dijo De la Iglesia.<\/p>\n\n\n\n<p>\u201cEl sector agropecuario es clave en La Pampa, por su dinamismo y su generaci\u00f3n de empleo, tanto directo como indirecto\u201d, dijo.<\/p>\n\n\n\n<p>Dijo que hay \u201cdesconcierto y desconfianza\u201d con el Gobierno provincial. \u201cMantenemos di\u00e1logo con el Gobierno provincial; sin embargo, ese di\u00e1logo dista mucho de alcanzar acuerdos\u201d, expres\u00f3.<\/p>\n\n\n\n<p>\u201cPor eso hemos decidido redoblar la apuesta, dejando de lado el reclamo, para pasar a dar datos. Nuestro observatorio ser\u00e1 una herramienta fundamental para ello. Permitir\u00e1 describir la situaci\u00f3n actual si no tambi\u00e9n proyectar tendencias\u201d, expres\u00f3.<\/p>\n\n\n\n<p>Dijo que unas de las preocupaciones de los productores es la presi\u00f3n fiscal, que afecta a la rentabilidad.<\/p>\n\n\n\n<p>Tambi\u00e9n, agreg\u00f3, afecta la falta de acceso al cr\u00e9dito. Dijo que hay l\u00edneas de pr\u00e9stamos, pero \u201cpoco adaptado a los ciclos productivos del sector\u201d agropecuario.<\/p>\n\n\n\n<p>Otro problema es la infraestructura vial, que limita la competitividad. \u201cSiguen siendo obst\u00e1culos\u201d, dijo.<\/p>\n\n\n\n<p>\u201cLas conclusiones de nuestro observatorio indican que La Pampa necesita mayor inteligencia sectorial, construida desde abajo hacia arriba, con la participaci\u00f3n activa de todo el campo\u201d, expres\u00f3.<\/p>\n\n\n\n<p>\u201cEsto dista mucho de lo que indican algunos funcionarios que aseguran que una carga tributaria muy baja y favorable para la actividad. No solo buscan desinformar si no tambi\u00e9n deslegitimar a un sector que es el motor que impulsa el desarrollo y la estabilidad econ\u00f3mico de La Pampa\u201d, manifest\u00f3 el presidente de la Agr\u00edcola. &nbsp;\u201cEs necesario un nuevo paradigma para empezar a construir una agenda en com\u00fan, basada en hecho y en el reconocimiento mutuo\u201d, expres\u00f3.<\/p>\n\n\n\n<figure class=\"wp-block-embed is-type-wp-embed is-provider-diario-textual wp-block-embed-diario-textual\"><div class=\"wp-block-embed__wrapper\">\n<blockquote class=\"wp-embedded-content\" data-secret=\"aWON50TgD2\"><a href=\"https:\/\/diariotextual.com\/inicio\/index.php\/2025\/10\/04\/la-agricola-le-tiro-flores-a-milei-y-le-pidio-a-ziliotto-trabajar-en-una-agenda-en-comun\/\">La Agr\u00edcola le tir\u00f3 flores a Milei y le pidi\u00f3 a Ziliotto trabajar en una agenda en com\u00fan<\/a><\/blockquote><iframe class=\"wp-embedded-content\" sandbox=\"allow-scripts\" security=\"restricted\" style=\"position: absolute; visibility: hidden;\" title=\"\u00abLa Agr\u00edcola le tir\u00f3 flores a Milei y le pidi\u00f3 a Ziliotto trabajar en una agenda en com\u00fan\u00bb \u2014 Diario Textual\" src=\"https:\/\/diariotextual.com\/inicio\/index.php\/2025\/10\/04\/la-agricola-le-tiro-flores-a-milei-y-le-pidio-a-ziliotto-trabajar-en-una-agenda-en-comun\/embed\/#?secret=v9cHSrAMyZ#?secret=aWON50TgD2\" data-secret=\"aWON50TgD2\" width=\"600\" height=\"338\" frameborder=\"0\" marginwidth=\"0\" marginheight=\"0\" scrolling=\"no\"><\/iframe>\n<\/div><\/figure>\n","protected":false},"excerpt":{"rendered":"<p>El gobernador Sergio Ziliotto encabez\u00f3 este s\u00e1bado la apertura de la 99\u00aa Exposici\u00f3n Agr\u00edcola, Ganadera, Industrial, Comercial y de Servicios de Santa Rosa, donde detall\u00f3 las acciones que el Gobierno&hellip;<\/p>\n","protected":false},"author":3,"featured_media":308971,"comment_status":"closed","ping_status":"open","sticky":false,"template":"","format":"standard","meta":{"_acf_changed":false,"footnotes":""},"categories":[1,11,20],"tags":[],"class_list":["post-308967","post","type-post","status-publish","format-standard","has-post-thumbnail","hentry","category-es-noticia","category-que-pasa","category-campo"],"acf":[],"yoast_head":"<!-- This site is optimized with the Yoast SEO plugin v27.5 - https:\/\/yoast.com\/product\/yoast-seo-wordpress\/ -->\n<title>Ziliotto, en la Expo Rural: ratific\u00f3 apoyo al campo y anunci\u00f3 inversi\u00f3n en rutas, pero se\u00f1al\u00f3 cr\u00edticas selectivas de ruralistas - Diario Textual<\/title>\n<meta name=\"robots\" content=\"index, follow, max-snippet:-1, max-image-preview:large, max-video-preview:-1\" \/>\n<link rel=\"canonical\" href=\"https:\/\/diariotextual.com\/inicio\/index.php\/2025\/10\/04\/ziliotto-en-la-expo-rural-ratifico-apoyo-al-campo-y-anuncio-inversion-en-rutas-pero-senalo-criticas-selectivas-de-ruralistas\/\" \/>\n<meta property=\"og:locale\" content=\"es_ES\" \/>\n<meta property=\"og:type\" content=\"article\" \/>\n<meta property=\"og:title\" content=\"Ziliotto, en la Expo Rural: ratific\u00f3 apoyo al campo y anunci\u00f3 inversi\u00f3n en rutas, pero se\u00f1al\u00f3 cr\u00edticas selectivas de ruralistas - Diario Textual\" \/>\n<meta property=\"og:description\" content=\"El gobernador Sergio Ziliotto encabez\u00f3 este s\u00e1bado la apertura de la 99\u00aa Exposici\u00f3n Agr\u00edcola, Ganadera, Industrial, Comercial y de Servicios de Santa Rosa, donde detall\u00f3 las acciones que el Gobierno&hellip;\" \/>\n<meta property=\"og:url\" content=\"https:\/\/diariotextual.com\/inicio\/index.php\/2025\/10\/04\/ziliotto-en-la-expo-rural-ratifico-apoyo-al-campo-y-anuncio-inversion-en-rutas-pero-senalo-criticas-selectivas-de-ruralistas\/\" \/>\n<meta property=\"og:site_name\" content=\"Diario Textual\" \/>\n<meta property=\"article:publisher\" content=\"https:\/\/www.facebook.com\/eltextual\" \/>\n<meta property=\"article:published_time\" content=\"2025-10-04T19:26:41+00:00\" \/>\n<meta property=\"article:modified_time\" content=\"2025-10-06T13:36:46+00:00\" \/>\n<meta property=\"og:image\" content=\"https:\/\/diariotextual.com\/inicio\/wp-content\/uploads\/2025\/10\/ziliottosergioexporuralsantarosa2025-2.jpg\" \/>\n\t<meta property=\"og:image:width\" content=\"1300\" \/>\n\t<meta property=\"og:image:height\" content=\"867\" \/>\n\t<meta property=\"og:image:type\" content=\"image\/jpeg\" \/>\n<meta name=\"author\" content=\"Diario1 Diario1\" \/>\n<meta name=\"twitter:card\" content=\"summary_large_image\" \/>\n<meta name=\"twitter:creator\" content=\"@eltextual\" \/>\n<meta name=\"twitter:site\" content=\"@eltextual\" \/>\n<meta name=\"twitter:label1\" content=\"Escrito por\" \/>\n\t<meta name=\"twitter:data1\" content=\"Diario1 Diario1\" \/>\n\t<meta name=\"twitter:label2\" content=\"Tiempo de lectura\" \/>\n\t<meta name=\"twitter:data2\" content=\"13 minutos\" \/>\n<script type=\"application\/ld+json\" class=\"yoast-schema-graph\">{\"@context\":\"https:\\\/\\\/schema.org\",\"@graph\":[{\"@type\":\"Article\",\"@id\":\"https:\\\/\\\/diariotextual.com\\\/inicio\\\/index.php\\\/2025\\\/10\\\/04\\\/ziliotto-en-la-expo-rural-ratifico-apoyo-al-campo-y-anuncio-inversion-en-rutas-pero-senalo-criticas-selectivas-de-ruralistas\\\/#article\",\"isPartOf\":{\"@id\":\"https:\\\/\\\/diariotextual.com\\\/inicio\\\/index.php\\\/2025\\\/10\\\/04\\\/ziliotto-en-la-expo-rural-ratifico-apoyo-al-campo-y-anuncio-inversion-en-rutas-pero-senalo-criticas-selectivas-de-ruralistas\\\/\"},\"author\":{\"name\":\"Diario1 Diario1\",\"@id\":\"https:\\\/\\\/diariotextual.com\\\/inicio\\\/#\\\/schema\\\/person\\\/418fc4093c33e86ed41562db3508f958\"},\"headline\":\"Ziliotto, en la Expo Rural: ratific\u00f3 apoyo al campo y anunci\u00f3 inversi\u00f3n en rutas, pero se\u00f1al\u00f3 cr\u00edticas selectivas de ruralistas\",\"datePublished\":\"2025-10-04T19:26:41+00:00\",\"dateModified\":\"2025-10-06T13:36:46+00:00\",\"mainEntityOfPage\":{\"@id\":\"https:\\\/\\\/diariotextual.com\\\/inicio\\\/index.php\\\/2025\\\/10\\\/04\\\/ziliotto-en-la-expo-rural-ratifico-apoyo-al-campo-y-anuncio-inversion-en-rutas-pero-senalo-criticas-selectivas-de-ruralistas\\\/\"},\"wordCount\":2872,\"publisher\":{\"@id\":\"https:\\\/\\\/diariotextual.com\\\/inicio\\\/#organization\"},\"image\":{\"@id\":\"https:\\\/\\\/diariotextual.com\\\/inicio\\\/index.php\\\/2025\\\/10\\\/04\\\/ziliotto-en-la-expo-rural-ratifico-apoyo-al-campo-y-anuncio-inversion-en-rutas-pero-senalo-criticas-selectivas-de-ruralistas\\\/#primaryimage\"},\"thumbnailUrl\":\"https:\\\/\\\/diariotextual.com\\\/inicio\\\/wp-content\\\/uploads\\\/2025\\\/10\\\/ziliottosergioexporuralsantarosa2025-2.jpg\",\"articleSection\":[\"A - ES NOTICIA (van abajo)\",\"A - QUE PASA (al costado)\",\"CAMPO\"],\"inLanguage\":\"es\"},{\"@type\":\"WebPage\",\"@id\":\"https:\\\/\\\/diariotextual.com\\\/inicio\\\/index.php\\\/2025\\\/10\\\/04\\\/ziliotto-en-la-expo-rural-ratifico-apoyo-al-campo-y-anuncio-inversion-en-rutas-pero-senalo-criticas-selectivas-de-ruralistas\\\/\",\"url\":\"https:\\\/\\\/diariotextual.com\\\/inicio\\\/index.php\\\/2025\\\/10\\\/04\\\/ziliotto-en-la-expo-rural-ratifico-apoyo-al-campo-y-anuncio-inversion-en-rutas-pero-senalo-criticas-selectivas-de-ruralistas\\\/\",\"name\":\"Ziliotto, en la Expo Rural: ratific\u00f3 apoyo al campo y anunci\u00f3 inversi\u00f3n en rutas, pero se\u00f1al\u00f3 cr\u00edticas selectivas de ruralistas - Diario Textual\",\"isPartOf\":{\"@id\":\"https:\\\/\\\/diariotextual.com\\\/inicio\\\/#website\"},\"primaryImageOfPage\":{\"@id\":\"https:\\\/\\\/diariotextual.com\\\/inicio\\\/index.php\\\/2025\\\/10\\\/04\\\/ziliotto-en-la-expo-rural-ratifico-apoyo-al-campo-y-anuncio-inversion-en-rutas-pero-senalo-criticas-selectivas-de-ruralistas\\\/#primaryimage\"},\"image\":{\"@id\":\"https:\\\/\\\/diariotextual.com\\\/inicio\\\/index.php\\\/2025\\\/10\\\/04\\\/ziliotto-en-la-expo-rural-ratifico-apoyo-al-campo-y-anuncio-inversion-en-rutas-pero-senalo-criticas-selectivas-de-ruralistas\\\/#primaryimage\"},\"thumbnailUrl\":\"https:\\\/\\\/diariotextual.com\\\/inicio\\\/wp-content\\\/uploads\\\/2025\\\/10\\\/ziliottosergioexporuralsantarosa2025-2.jpg\",\"datePublished\":\"2025-10-04T19:26:41+00:00\",\"dateModified\":\"2025-10-06T13:36:46+00:00\",\"breadcrumb\":{\"@id\":\"https:\\\/\\\/diariotextual.com\\\/inicio\\\/index.php\\\/2025\\\/10\\\/04\\\/ziliotto-en-la-expo-rural-ratifico-apoyo-al-campo-y-anuncio-inversion-en-rutas-pero-senalo-criticas-selectivas-de-ruralistas\\\/#breadcrumb\"},\"inLanguage\":\"es\",\"potentialAction\":[{\"@type\":\"ReadAction\",\"target\":[\"https:\\\/\\\/diariotextual.com\\\/inicio\\\/index.php\\\/2025\\\/10\\\/04\\\/ziliotto-en-la-expo-rural-ratifico-apoyo-al-campo-y-anuncio-inversion-en-rutas-pero-senalo-criticas-selectivas-de-ruralistas\\\/\"]}]},{\"@type\":\"ImageObject\",\"inLanguage\":\"es\",\"@id\":\"https:\\\/\\\/diariotextual.com\\\/inicio\\\/index.php\\\/2025\\\/10\\\/04\\\/ziliotto-en-la-expo-rural-ratifico-apoyo-al-campo-y-anuncio-inversion-en-rutas-pero-senalo-criticas-selectivas-de-ruralistas\\\/#primaryimage\",\"url\":\"https:\\\/\\\/diariotextual.com\\\/inicio\\\/wp-content\\\/uploads\\\/2025\\\/10\\\/ziliottosergioexporuralsantarosa2025-2.jpg\",\"contentUrl\":\"https:\\\/\\\/diariotextual.com\\\/inicio\\\/wp-content\\\/uploads\\\/2025\\\/10\\\/ziliottosergioexporuralsantarosa2025-2.jpg\",\"width\":1300,\"height\":867},{\"@type\":\"BreadcrumbList\",\"@id\":\"https:\\\/\\\/diariotextual.com\\\/inicio\\\/index.php\\\/2025\\\/10\\\/04\\\/ziliotto-en-la-expo-rural-ratifico-apoyo-al-campo-y-anuncio-inversion-en-rutas-pero-senalo-criticas-selectivas-de-ruralistas\\\/#breadcrumb\",\"itemListElement\":[{\"@type\":\"ListItem\",\"position\":1,\"name\":\"Portada\",\"item\":\"https:\\\/\\\/diariotextual.com\\\/inicio\\\/\"},{\"@type\":\"ListItem\",\"position\":2,\"name\":\"Ziliotto, en la Expo Rural: ratific\u00f3 apoyo al campo y anunci\u00f3 inversi\u00f3n en rutas, pero se\u00f1al\u00f3 cr\u00edticas selectivas de ruralistas\"}]},{\"@type\":\"WebSite\",\"@id\":\"https:\\\/\\\/diariotextual.com\\\/inicio\\\/#website\",\"url\":\"https:\\\/\\\/diariotextual.com\\\/inicio\\\/\",\"name\":\"Diario Textual\",\"description\":\"\",\"publisher\":{\"@id\":\"https:\\\/\\\/diariotextual.com\\\/inicio\\\/#organization\"},\"potentialAction\":[{\"@type\":\"SearchAction\",\"target\":{\"@type\":\"EntryPoint\",\"urlTemplate\":\"https:\\\/\\\/diariotextual.com\\\/inicio\\\/?s={search_term_string}\"},\"query-input\":{\"@type\":\"PropertyValueSpecification\",\"valueRequired\":true,\"valueName\":\"search_term_string\"}}],\"inLanguage\":\"es\"},{\"@type\":\"Organization\",\"@id\":\"https:\\\/\\\/diariotextual.com\\\/inicio\\\/#organization\",\"name\":\"Diario Textual\",\"url\":\"https:\\\/\\\/diariotextual.com\\\/inicio\\\/\",\"logo\":{\"@type\":\"ImageObject\",\"inLanguage\":\"es\",\"@id\":\"https:\\\/\\\/diariotextual.com\\\/inicio\\\/#\\\/schema\\\/logo\\\/image\\\/\",\"url\":\"https:\\\/\\\/diariotextual.com\\\/inicio\\\/wp-content\\\/uploads\\\/2023\\\/05\\\/logotextual1.jpg\",\"contentUrl\":\"https:\\\/\\\/diariotextual.com\\\/inicio\\\/wp-content\\\/uploads\\\/2023\\\/05\\\/logotextual1.jpg\",\"width\":516,\"height\":76,\"caption\":\"Diario Textual\"},\"image\":{\"@id\":\"https:\\\/\\\/diariotextual.com\\\/inicio\\\/#\\\/schema\\\/logo\\\/image\\\/\"},\"sameAs\":[\"https:\\\/\\\/www.facebook.com\\\/eltextual\",\"https:\\\/\\\/x.com\\\/eltextual\",\"http:\\\/\\\/www.instagram.com\\\/eltextual\"]},{\"@type\":\"Person\",\"@id\":\"https:\\\/\\\/diariotextual.com\\\/inicio\\\/#\\\/schema\\\/person\\\/418fc4093c33e86ed41562db3508f958\",\"name\":\"Diario1 Diario1\",\"image\":{\"@type\":\"ImageObject\",\"inLanguage\":\"es\",\"@id\":\"https:\\\/\\\/secure.gravatar.com\\\/avatar\\\/9167d280179c85bc18be67aa7eda765854300033af4896dd779b608640f2ef7a?s=96&d=mm&r=g\",\"url\":\"https:\\\/\\\/secure.gravatar.com\\\/avatar\\\/9167d280179c85bc18be67aa7eda765854300033af4896dd779b608640f2ef7a?s=96&d=mm&r=g\",\"contentUrl\":\"https:\\\/\\\/secure.gravatar.com\\\/avatar\\\/9167d280179c85bc18be67aa7eda765854300033af4896dd779b608640f2ef7a?s=96&d=mm&r=g\",\"caption\":\"Diario1 Diario1\"},\"url\":\"https:\\\/\\\/diariotextual.com\\\/inicio\\\/index.php\\\/author\\\/diario1\\\/\"}]}<\/script>\n<!-- \/ Yoast SEO plugin. -->","yoast_head_json":{"title":"Ziliotto, en la Expo Rural: ratific\u00f3 apoyo al campo y anunci\u00f3 inversi\u00f3n en rutas, pero se\u00f1al\u00f3 cr\u00edticas selectivas de ruralistas - Diario Textual","robots":{"index":"index","follow":"follow","max-snippet":"max-snippet:-1","max-image-preview":"max-image-preview:large","max-video-preview":"max-video-preview:-1"},"canonical":"https:\/\/diariotextual.com\/inicio\/index.php\/2025\/10\/04\/ziliotto-en-la-expo-rural-ratifico-apoyo-al-campo-y-anuncio-inversion-en-rutas-pero-senalo-criticas-selectivas-de-ruralistas\/","og_locale":"es_ES","og_type":"article","og_title":"Ziliotto, en la Expo Rural: ratific\u00f3 apoyo al campo y anunci\u00f3 inversi\u00f3n en rutas, pero se\u00f1al\u00f3 cr\u00edticas selectivas de ruralistas - Diario Textual","og_description":"El gobernador Sergio Ziliotto encabez\u00f3 este s\u00e1bado la apertura de la 99\u00aa Exposici\u00f3n Agr\u00edcola, Ganadera, Industrial, Comercial y de Servicios de Santa Rosa, donde detall\u00f3 las acciones que el Gobierno&hellip;","og_url":"https:\/\/diariotextual.com\/inicio\/index.php\/2025\/10\/04\/ziliotto-en-la-expo-rural-ratifico-apoyo-al-campo-y-anuncio-inversion-en-rutas-pero-senalo-criticas-selectivas-de-ruralistas\/","og_site_name":"Diario Textual","article_publisher":"https:\/\/www.facebook.com\/eltextual","article_published_time":"2025-10-04T19:26:41+00:00","article_modified_time":"2025-10-06T13:36:46+00:00","og_image":[{"width":1300,"height":867,"url":"https:\/\/diariotextual.com\/inicio\/wp-content\/uploads\/2025\/10\/ziliottosergioexporuralsantarosa2025-2.jpg","type":"image\/jpeg"}],"author":"Diario1 Diario1","twitter_card":"summary_large_image","twitter_creator":"@eltextual","twitter_site":"@eltextual","twitter_misc":{"Escrito por":"Diario1 Diario1","Tiempo de lectura":"13 minutos"},"schema":{"@context":"https:\/\/schema.org","@graph":[{"@type":"Article","@id":"https:\/\/diariotextual.com\/inicio\/index.php\/2025\/10\/04\/ziliotto-en-la-expo-rural-ratifico-apoyo-al-campo-y-anuncio-inversion-en-rutas-pero-senalo-criticas-selectivas-de-ruralistas\/#article","isPartOf":{"@id":"https:\/\/diariotextual.com\/inicio\/index.php\/2025\/10\/04\/ziliotto-en-la-expo-rural-ratifico-apoyo-al-campo-y-anuncio-inversion-en-rutas-pero-senalo-criticas-selectivas-de-ruralistas\/"},"author":{"name":"Diario1 Diario1","@id":"https:\/\/diariotextual.com\/inicio\/#\/schema\/person\/418fc4093c33e86ed41562db3508f958"},"headline":"Ziliotto, en la Expo Rural: ratific\u00f3 apoyo al campo y anunci\u00f3 inversi\u00f3n en rutas, pero se\u00f1al\u00f3 cr\u00edticas selectivas de ruralistas","datePublished":"2025-10-04T19:26:41+00:00","dateModified":"2025-10-06T13:36:46+00:00","mainEntityOfPage":{"@id":"https:\/\/diariotextual.com\/inicio\/index.php\/2025\/10\/04\/ziliotto-en-la-expo-rural-ratifico-apoyo-al-campo-y-anuncio-inversion-en-rutas-pero-senalo-criticas-selectivas-de-ruralistas\/"},"wordCount":2872,"publisher":{"@id":"https:\/\/diariotextual.com\/inicio\/#organization"},"image":{"@id":"https:\/\/diariotextual.com\/inicio\/index.php\/2025\/10\/04\/ziliotto-en-la-expo-rural-ratifico-apoyo-al-campo-y-anuncio-inversion-en-rutas-pero-senalo-criticas-selectivas-de-ruralistas\/#primaryimage"},"thumbnailUrl":"https:\/\/diariotextual.com\/inicio\/wp-content\/uploads\/2025\/10\/ziliottosergioexporuralsantarosa2025-2.jpg","articleSection":["A - ES NOTICIA (van abajo)","A - QUE PASA (al costado)","CAMPO"],"inLanguage":"es"},{"@type":"WebPage","@id":"https:\/\/diariotextual.com\/inicio\/index.php\/2025\/10\/04\/ziliotto-en-la-expo-rural-ratifico-apoyo-al-campo-y-anuncio-inversion-en-rutas-pero-senalo-criticas-selectivas-de-ruralistas\/","url":"https:\/\/diariotextual.com\/inicio\/index.php\/2025\/10\/04\/ziliotto-en-la-expo-rural-ratifico-apoyo-al-campo-y-anuncio-inversion-en-rutas-pero-senalo-criticas-selectivas-de-ruralistas\/","name":"Ziliotto, en la Expo Rural: ratific\u00f3 apoyo al campo y anunci\u00f3 inversi\u00f3n en rutas, pero se\u00f1al\u00f3 cr\u00edticas selectivas de ruralistas - Diario Textual","isPartOf":{"@id":"https:\/\/diariotextual.com\/inicio\/#website"},"primaryImageOfPage":{"@id":"https:\/\/diariotextual.com\/inicio\/index.php\/2025\/10\/04\/ziliotto-en-la-expo-rural-ratifico-apoyo-al-campo-y-anuncio-inversion-en-rutas-pero-senalo-criticas-selectivas-de-ruralistas\/#primaryimage"},"image":{"@id":"https:\/\/diariotextual.com\/inicio\/index.php\/2025\/10\/04\/ziliotto-en-la-expo-rural-ratifico-apoyo-al-campo-y-anuncio-inversion-en-rutas-pero-senalo-criticas-selectivas-de-ruralistas\/#primaryimage"},"thumbnailUrl":"https:\/\/diariotextual.com\/inicio\/wp-content\/uploads\/2025\/10\/ziliottosergioexporuralsantarosa2025-2.jpg","datePublished":"2025-10-04T19:26:41+00:00","dateModified":"2025-10-06T13:36:46+00:00","breadcrumb":{"@id":"https:\/\/diariotextual.com\/inicio\/index.php\/2025\/10\/04\/ziliotto-en-la-expo-rural-ratifico-apoyo-al-campo-y-anuncio-inversion-en-rutas-pero-senalo-criticas-selectivas-de-ruralistas\/#breadcrumb"},"inLanguage":"es","potentialAction":[{"@type":"ReadAction","target":["https:\/\/diariotextual.com\/inicio\/index.php\/2025\/10\/04\/ziliotto-en-la-expo-rural-ratifico-apoyo-al-campo-y-anuncio-inversion-en-rutas-pero-senalo-criticas-selectivas-de-ruralistas\/"]}]},{"@type":"ImageObject","inLanguage":"es","@id":"https:\/\/diariotextual.com\/inicio\/index.php\/2025\/10\/04\/ziliotto-en-la-expo-rural-ratifico-apoyo-al-campo-y-anuncio-inversion-en-rutas-pero-senalo-criticas-selectivas-de-ruralistas\/#primaryimage","url":"https:\/\/diariotextual.com\/inicio\/wp-content\/uploads\/2025\/10\/ziliottosergioexporuralsantarosa2025-2.jpg","contentUrl":"https:\/\/diariotextual.com\/inicio\/wp-content\/uploads\/2025\/10\/ziliottosergioexporuralsantarosa2025-2.jpg","width":1300,"height":867},{"@type":"BreadcrumbList","@id":"https:\/\/diariotextual.com\/inicio\/index.php\/2025\/10\/04\/ziliotto-en-la-expo-rural-ratifico-apoyo-al-campo-y-anuncio-inversion-en-rutas-pero-senalo-criticas-selectivas-de-ruralistas\/#breadcrumb","itemListElement":[{"@type":"ListItem","position":1,"name":"Portada","item":"https:\/\/diariotextual.com\/inicio\/"},{"@type":"ListItem","position":2,"name":"Ziliotto, en la Expo Rural: ratific\u00f3 apoyo al campo y anunci\u00f3 inversi\u00f3n en rutas, pero se\u00f1al\u00f3 cr\u00edticas selectivas de ruralistas"}]},{"@type":"WebSite","@id":"https:\/\/diariotextual.com\/inicio\/#website","url":"https:\/\/diariotextual.com\/inicio\/","name":"Diario Textual","description":"","publisher":{"@id":"https:\/\/diariotextual.com\/inicio\/#organization"},"potentialAction":[{"@type":"SearchAction","target":{"@type":"EntryPoint","urlTemplate":"https:\/\/diariotextual.com\/inicio\/?s={search_term_string}"},"query-input":{"@type":"PropertyValueSpecification","valueRequired":true,"valueName":"search_term_string"}}],"inLanguage":"es"},{"@type":"Organization","@id":"https:\/\/diariotextual.com\/inicio\/#organization","name":"Diario Textual","url":"https:\/\/diariotextual.com\/inicio\/","logo":{"@type":"ImageObject","inLanguage":"es","@id":"https:\/\/diariotextual.com\/inicio\/#\/schema\/logo\/image\/","url":"https:\/\/diariotextual.com\/inicio\/wp-content\/uploads\/2023\/05\/logotextual1.jpg","contentUrl":"https:\/\/diariotextual.com\/inicio\/wp-content\/uploads\/2023\/05\/logotextual1.jpg","width":516,"height":76,"caption":"Diario Textual"},"image":{"@id":"https:\/\/diariotextual.com\/inicio\/#\/schema\/logo\/image\/"},"sameAs":["https:\/\/www.facebook.com\/eltextual","https:\/\/x.com\/eltextual","http:\/\/www.instagram.com\/eltextual"]},{"@type":"Person","@id":"https:\/\/diariotextual.com\/inicio\/#\/schema\/person\/418fc4093c33e86ed41562db3508f958","name":"Diario1 Diario1","image":{"@type":"ImageObject","inLanguage":"es","@id":"https:\/\/secure.gravatar.com\/avatar\/9167d280179c85bc18be67aa7eda765854300033af4896dd779b608640f2ef7a?s=96&d=mm&r=g","url":"https:\/\/secure.gravatar.com\/avatar\/9167d280179c85bc18be67aa7eda765854300033af4896dd779b608640f2ef7a?s=96&d=mm&r=g","contentUrl":"https:\/\/secure.gravatar.com\/avatar\/9167d280179c85bc18be67aa7eda765854300033af4896dd779b608640f2ef7a?s=96&d=mm&r=g","caption":"Diario1 Diario1"},"url":"https:\/\/diariotextual.com\/inicio\/index.php\/author\/diario1\/"}]}},"_links":{"self":[{"href":"https:\/\/diariotextual.com\/inicio\/index.php\/wp-json\/wp\/v2\/posts\/308967","targetHints":{"allow":["GET"]}}],"collection":[{"href":"https:\/\/diariotextual.com\/inicio\/index.php\/wp-json\/wp\/v2\/posts"}],"about":[{"href":"https:\/\/diariotextual.com\/inicio\/index.php\/wp-json\/wp\/v2\/types\/post"}],"author":[{"embeddable":true,"href":"https:\/\/diariotextual.com\/inicio\/index.php\/wp-json\/wp\/v2\/users\/3"}],"replies":[{"embeddable":true,"href":"https:\/\/diariotextual.com\/inicio\/index.php\/wp-json\/wp\/v2\/comments?post=308967"}],"version-history":[{"count":14,"href":"https:\/\/diariotextual.com\/inicio\/index.php\/wp-json\/wp\/v2\/posts\/308967\/revisions"}],"predecessor-version":[{"id":308995,"href":"https:\/\/diariotextual.com\/inicio\/index.php\/wp-json\/wp\/v2\/posts\/308967\/revisions\/308995"}],"wp:featuredmedia":[{"embeddable":true,"href":"https:\/\/diariotextual.com\/inicio\/index.php\/wp-json\/wp\/v2\/media\/308971"}],"wp:attachment":[{"href":"https:\/\/diariotextual.com\/inicio\/index.php\/wp-json\/wp\/v2\/media?parent=308967"}],"wp:term":[{"taxonomy":"category","embeddable":true,"href":"https:\/\/diariotextual.com\/inicio\/index.php\/wp-json\/wp\/v2\/categories?post=308967"},{"taxonomy":"post_tag","embeddable":true,"href":"https:\/\/diariotextual.com\/inicio\/index.php\/wp-json\/wp\/v2\/tags?post=308967"}],"curies":[{"name":"wp","href":"https:\/\/api.w.org\/{rel}","templated":true}]}}