{"id":308993,"date":"2025-10-04T16:59:02","date_gmt":"2025-10-04T19:59:02","guid":{"rendered":"https:\/\/diariotextual.com\/inicio\/?p=308993"},"modified":"2025-10-05T11:02:47","modified_gmt":"2025-10-05T14:02:47","slug":"ziliotto-ratifico-la-ley-de-plaguicidas-no-prohibe-la-aplicacion-se-trata-de-cuidar-la-salud","status":"publish","type":"post","link":"https:\/\/diariotextual.com\/inicio\/index.php\/2025\/10\/04\/ziliotto-ratifico-la-ley-de-plaguicidas-no-prohibe-la-aplicacion-se-trata-de-cuidar-la-salud\/","title":{"rendered":"Ziliotto ratific\u00f3 la Ley de Plaguicidas: \u201cNo proh\u00edbe la aplicaci\u00f3n; se trata de cuidar la salud\u201d"},"content":{"rendered":"\n<p>El gobernador<strong> Sergio Ziliotto<\/strong> ratific\u00f3 este s\u00e1bado, en la inauguraci\u00f3n de la<strong> Exposici\u00f3n Rural de Santa Rosa<\/strong>, la implementaci\u00f3n de la <strong>Ley Integral de Plaguicidas<\/strong> que <strong>ya est\u00e1 operativa como prueba piloto en 15 localidades<\/strong> de La Pampa.<strong> Resalt\u00f3 que la legislaci\u00f3n no proh\u00edbe la aplicaci\u00f3n de plaguicidas, sino que exige pr\u00e1cticas y cuidados especiales.<\/strong> Incluso <strong>sostuvo que, ante la creciente rigidez de las reglas del comercio mundial, pol\u00edticas p\u00fablicas de este tipo servir\u00e1n en el futuro para sortear barreras paraarancelarias que castigan la desprotecci\u00f3n ambiental.<\/strong><\/p>\n\n\n\n<p>Ziliotto hizo estas apreciaciones desde el palco la Asociaci\u00f3n Agr\u00edcola Ganadera de La Pampa, una de las entidades que pide la eliminaci\u00f3n total de la norma y empezar a discutir otra vez de cero. \u201cQuiero ratificar nuestra postura a favor de la Ley de Plaguicidas. Se trata de una ley que est\u00e1 vigente, se aplica en 15 municipios, por lo que tambi\u00e9n se cumple\u201d, dijo Ziliotto.<\/p>\n\n\n\n<p>\u201cHay algo sustancial que debe quedar claro: esta ley no proh\u00edbe la aplicaci\u00f3n de plaguicidas. Exige pr\u00e1cticas diferenciales y cuidados especiales en cercan\u00edas de centros urbanos. Estas tareas ya se realizan v\u00eda excepciones solicitadas por los municipios y autorizadas por la autoridad de aplicaci\u00f3n\u201d, expres\u00f3. \u201cPorque no s\u00f3lo promovemos la producci\u00f3n, tambi\u00e9n tenemos la responsabilidad de cuidar la salud y preservar el ambiente\u201d, dijo.<\/p>\n\n\n\n<p>\u201cSaliendo de este escenario coyuntural, no tengo duda que en el tiempo esta ley se transformar\u00e1 en un instrumento de protecci\u00f3n de nuestro sistema productivo\u201d, manifest\u00f3. \u201cObservando la creciente rigidez de las reglas del comercio mundial, pol\u00edticas p\u00fablicas de este tipo servir\u00e1n en el futuro para sortear barreras paraarancelarias que castigan la desprotecci\u00f3n ambiental\u201d, agreg\u00f3.<\/p>\n\n\n\n<p><br>La ley se aprob\u00f3 en 2020. En 2024, se empez\u00f3 a reunir un consejo consultivo para tratar de acordar su reglamentaci\u00f3n.<strong>\u00a0En uno de los \u00faltimos encuentros, representantes de asociaciones rurales y de empresas aplicadoras de fitosanitarios pegaron el portazo<\/strong>\u00a0y\u00a0<strong>se retiraron del consejo consultivo<\/strong>: pidieron, directamente, derogar la ley. Seg\u00fan sostuvieron, la ley \u201cperjudica\u201d y \u201cburocratiza\u201d a la producci\u00f3n y \u201ccriminaliza\u201d a los ruralistas.<\/p>\n\n\n\n<p>Entre otros puntos, cuestionan la prohibici\u00f3n de fumigaci\u00f3n por aire a 3 mil metros de los pueblos y por tierra a 500 metros.<\/p>\n\n\n\n<p>La reglamentaci\u00f3n a\u00fan no ha sido aprobada. Sin embargo, la ley ya comenz\u00f3 a aplicarse en unas 15 localidades.<\/p>\n\n\n\n<p><\/p>\n\n\n\n<figure class=\"wp-block-embed is-type-wp-embed is-provider-diario-textual wp-block-embed-diario-textual\"><div class=\"wp-block-embed__wrapper\">\n<blockquote class=\"wp-embedded-content\" data-secret=\"LeBvIZMCGt\"><a href=\"https:\/\/diariotextual.com\/inicio\/index.php\/2025\/10\/04\/ziliotto-en-la-expo-rural-ratifico-apoyo-al-campo-y-anuncio-inversion-en-rutas-pero-senalo-criticas-selectivas-de-ruralistas\/\">Ziliotto, en la Expo Rural: ratific\u00f3 apoyo al campo y anunci\u00f3 inversi\u00f3n en rutas, pero se\u00f1al\u00f3 cr\u00edticas selectivas de ruralistas<\/a><\/blockquote><iframe class=\"wp-embedded-content\" sandbox=\"allow-scripts\" security=\"restricted\" style=\"position: absolute; visibility: hidden;\" title=\"\u00abZiliotto, en la Expo Rural: ratific\u00f3 apoyo al campo y anunci\u00f3 inversi\u00f3n en rutas, pero se\u00f1al\u00f3 cr\u00edticas selectivas de ruralistas\u00bb \u2014 Diario Textual\" src=\"https:\/\/diariotextual.com\/inicio\/index.php\/2025\/10\/04\/ziliotto-en-la-expo-rural-ratifico-apoyo-al-campo-y-anuncio-inversion-en-rutas-pero-senalo-criticas-selectivas-de-ruralistas\/embed\/#?secret=3mm4kmE5Gw#?secret=LeBvIZMCGt\" data-secret=\"LeBvIZMCGt\" width=\"600\" height=\"338\" frameborder=\"0\" marginwidth=\"0\" marginheight=\"0\" scrolling=\"no\"><\/iframe>\n<\/div><\/figure>\n","protected":false},"excerpt":{"rendered":"<p>El gobernador Sergio Ziliotto ratific\u00f3 este s\u00e1bado, en la inauguraci\u00f3n de la Exposici\u00f3n Rural de Santa Rosa, la implementaci\u00f3n de la Ley Integral de Plaguicidas que ya est\u00e1 operativa como&hellip;<\/p>\n","protected":false},"author":3,"featured_media":308977,"comment_status":"closed","ping_status":"open","sticky":false,"template":"","format":"standard","meta":{"_acf_changed":false,"footnotes":""},"categories":[1,20],"tags":[],"class_list":["post-308993","post","type-post","status-publish","format-standard","has-post-thumbnail","hentry","category-es-noticia","category-campo"],"acf":[],"yoast_head":"<!-- This site is optimized with the Yoast SEO plugin v27.5 - https:\/\/yoast.com\/product\/yoast-seo-wordpress\/ -->\n<title>Ziliotto ratific\u00f3 la Ley de Plaguicidas: \u201cNo proh\u00edbe la aplicaci\u00f3n; se trata de cuidar la salud\u201d - Diario Textual<\/title>\n<meta name=\"robots\" content=\"index, follow, max-snippet:-1, max-image-preview:large, max-video-preview:-1\" \/>\n<link rel=\"canonical\" href=\"https:\/\/diariotextual.com\/inicio\/index.php\/2025\/10\/04\/ziliotto-ratifico-la-ley-de-plaguicidas-no-prohibe-la-aplicacion-se-trata-de-cuidar-la-salud\/\" \/>\n<meta property=\"og:locale\" content=\"es_ES\" \/>\n<meta property=\"og:type\" content=\"article\" \/>\n<meta property=\"og:title\" content=\"Ziliotto ratific\u00f3 la Ley de Plaguicidas: \u201cNo proh\u00edbe la aplicaci\u00f3n; se trata de cuidar la salud\u201d - Diario Textual\" \/>\n<meta property=\"og:description\" content=\"El gobernador Sergio Ziliotto ratific\u00f3 este s\u00e1bado, en la inauguraci\u00f3n de la Exposici\u00f3n Rural de Santa Rosa, la implementaci\u00f3n de la Ley Integral de Plaguicidas que ya est\u00e1 operativa como&hellip;\" \/>\n<meta property=\"og:url\" content=\"https:\/\/diariotextual.com\/inicio\/index.php\/2025\/10\/04\/ziliotto-ratifico-la-ley-de-plaguicidas-no-prohibe-la-aplicacion-se-trata-de-cuidar-la-salud\/\" \/>\n<meta property=\"og:site_name\" content=\"Diario Textual\" \/>\n<meta property=\"article:publisher\" content=\"https:\/\/www.facebook.com\/eltextual\" \/>\n<meta property=\"article:published_time\" content=\"2025-10-04T19:59:02+00:00\" \/>\n<meta property=\"article:modified_time\" content=\"2025-10-05T14:02:47+00:00\" \/>\n<meta property=\"og:image\" content=\"https:\/\/diariotextual.com\/inicio\/wp-content\/uploads\/2025\/10\/ziliottosergioexporuralsantarosa2025-4.jpg\" \/>\n\t<meta property=\"og:image:width\" content=\"1400\" \/>\n\t<meta property=\"og:image:height\" content=\"933\" \/>\n\t<meta property=\"og:image:type\" content=\"image\/jpeg\" \/>\n<meta name=\"author\" content=\"Diario1 Diario1\" \/>\n<meta name=\"twitter:card\" content=\"summary_large_image\" \/>\n<meta name=\"twitter:creator\" content=\"@eltextual\" \/>\n<meta name=\"twitter:site\" content=\"@eltextual\" \/>\n<meta name=\"twitter:label1\" content=\"Escrito por\" \/>\n\t<meta name=\"twitter:data1\" content=\"Diario1 Diario1\" \/>\n\t<meta name=\"twitter:label2\" content=\"Tiempo de lectura\" \/>\n\t<meta name=\"twitter:data2\" content=\"2 minutos\" \/>\n<script type=\"application\/ld+json\" class=\"yoast-schema-graph\">{\"@context\":\"https:\\\/\\\/schema.org\",\"@graph\":[{\"@type\":\"Article\",\"@id\":\"https:\\\/\\\/diariotextual.com\\\/inicio\\\/index.php\\\/2025\\\/10\\\/04\\\/ziliotto-ratifico-la-ley-de-plaguicidas-no-prohibe-la-aplicacion-se-trata-de-cuidar-la-salud\\\/#article\",\"isPartOf\":{\"@id\":\"https:\\\/\\\/diariotextual.com\\\/inicio\\\/index.php\\\/2025\\\/10\\\/04\\\/ziliotto-ratifico-la-ley-de-plaguicidas-no-prohibe-la-aplicacion-se-trata-de-cuidar-la-salud\\\/\"},\"author\":{\"name\":\"Diario1 Diario1\",\"@id\":\"https:\\\/\\\/diariotextual.com\\\/inicio\\\/#\\\/schema\\\/person\\\/418fc4093c33e86ed41562db3508f958\"},\"headline\":\"Ziliotto ratific\u00f3 la Ley de Plaguicidas: \u201cNo proh\u00edbe la aplicaci\u00f3n; se trata de cuidar la salud\u201d\",\"datePublished\":\"2025-10-04T19:59:02+00:00\",\"dateModified\":\"2025-10-05T14:02:47+00:00\",\"mainEntityOfPage\":{\"@id\":\"https:\\\/\\\/diariotextual.com\\\/inicio\\\/index.php\\\/2025\\\/10\\\/04\\\/ziliotto-ratifico-la-ley-de-plaguicidas-no-prohibe-la-aplicacion-se-trata-de-cuidar-la-salud\\\/\"},\"wordCount\":434,\"publisher\":{\"@id\":\"https:\\\/\\\/diariotextual.com\\\/inicio\\\/#organization\"},\"image\":{\"@id\":\"https:\\\/\\\/diariotextual.com\\\/inicio\\\/index.php\\\/2025\\\/10\\\/04\\\/ziliotto-ratifico-la-ley-de-plaguicidas-no-prohibe-la-aplicacion-se-trata-de-cuidar-la-salud\\\/#primaryimage\"},\"thumbnailUrl\":\"https:\\\/\\\/diariotextual.com\\\/inicio\\\/wp-content\\\/uploads\\\/2025\\\/10\\\/ziliottosergioexporuralsantarosa2025-4.jpg\",\"articleSection\":[\"A - ES NOTICIA (van abajo)\",\"CAMPO\"],\"inLanguage\":\"es\"},{\"@type\":\"WebPage\",\"@id\":\"https:\\\/\\\/diariotextual.com\\\/inicio\\\/index.php\\\/2025\\\/10\\\/04\\\/ziliotto-ratifico-la-ley-de-plaguicidas-no-prohibe-la-aplicacion-se-trata-de-cuidar-la-salud\\\/\",\"url\":\"https:\\\/\\\/diariotextual.com\\\/inicio\\\/index.php\\\/2025\\\/10\\\/04\\\/ziliotto-ratifico-la-ley-de-plaguicidas-no-prohibe-la-aplicacion-se-trata-de-cuidar-la-salud\\\/\",\"name\":\"Ziliotto ratific\u00f3 la Ley de Plaguicidas: \u201cNo proh\u00edbe la aplicaci\u00f3n; se trata de cuidar la salud\u201d - Diario Textual\",\"isPartOf\":{\"@id\":\"https:\\\/\\\/diariotextual.com\\\/inicio\\\/#website\"},\"primaryImageOfPage\":{\"@id\":\"https:\\\/\\\/diariotextual.com\\\/inicio\\\/index.php\\\/2025\\\/10\\\/04\\\/ziliotto-ratifico-la-ley-de-plaguicidas-no-prohibe-la-aplicacion-se-trata-de-cuidar-la-salud\\\/#primaryimage\"},\"image\":{\"@id\":\"https:\\\/\\\/diariotextual.com\\\/inicio\\\/index.php\\\/2025\\\/10\\\/04\\\/ziliotto-ratifico-la-ley-de-plaguicidas-no-prohibe-la-aplicacion-se-trata-de-cuidar-la-salud\\\/#primaryimage\"},\"thumbnailUrl\":\"https:\\\/\\\/diariotextual.com\\\/inicio\\\/wp-content\\\/uploads\\\/2025\\\/10\\\/ziliottosergioexporuralsantarosa2025-4.jpg\",\"datePublished\":\"2025-10-04T19:59:02+00:00\",\"dateModified\":\"2025-10-05T14:02:47+00:00\",\"breadcrumb\":{\"@id\":\"https:\\\/\\\/diariotextual.com\\\/inicio\\\/index.php\\\/2025\\\/10\\\/04\\\/ziliotto-ratifico-la-ley-de-plaguicidas-no-prohibe-la-aplicacion-se-trata-de-cuidar-la-salud\\\/#breadcrumb\"},\"inLanguage\":\"es\",\"potentialAction\":[{\"@type\":\"ReadAction\",\"target\":[\"https:\\\/\\\/diariotextual.com\\\/inicio\\\/index.php\\\/2025\\\/10\\\/04\\\/ziliotto-ratifico-la-ley-de-plaguicidas-no-prohibe-la-aplicacion-se-trata-de-cuidar-la-salud\\\/\"]}]},{\"@type\":\"ImageObject\",\"inLanguage\":\"es\",\"@id\":\"https:\\\/\\\/diariotextual.com\\\/inicio\\\/index.php\\\/2025\\\/10\\\/04\\\/ziliotto-ratifico-la-ley-de-plaguicidas-no-prohibe-la-aplicacion-se-trata-de-cuidar-la-salud\\\/#primaryimage\",\"url\":\"https:\\\/\\\/diariotextual.com\\\/inicio\\\/wp-content\\\/uploads\\\/2025\\\/10\\\/ziliottosergioexporuralsantarosa2025-4.jpg\",\"contentUrl\":\"https:\\\/\\\/diariotextual.com\\\/inicio\\\/wp-content\\\/uploads\\\/2025\\\/10\\\/ziliottosergioexporuralsantarosa2025-4.jpg\",\"width\":1400,\"height\":933},{\"@type\":\"BreadcrumbList\",\"@id\":\"https:\\\/\\\/diariotextual.com\\\/inicio\\\/index.php\\\/2025\\\/10\\\/04\\\/ziliotto-ratifico-la-ley-de-plaguicidas-no-prohibe-la-aplicacion-se-trata-de-cuidar-la-salud\\\/#breadcrumb\",\"itemListElement\":[{\"@type\":\"ListItem\",\"position\":1,\"name\":\"Portada\",\"item\":\"https:\\\/\\\/diariotextual.com\\\/inicio\\\/\"},{\"@type\":\"ListItem\",\"position\":2,\"name\":\"Ziliotto ratific\u00f3 la Ley de Plaguicidas: \u201cNo proh\u00edbe la aplicaci\u00f3n; se trata de cuidar la salud\u201d\"}]},{\"@type\":\"WebSite\",\"@id\":\"https:\\\/\\\/diariotextual.com\\\/inicio\\\/#website\",\"url\":\"https:\\\/\\\/diariotextual.com\\\/inicio\\\/\",\"name\":\"Diario Textual\",\"description\":\"\",\"publisher\":{\"@id\":\"https:\\\/\\\/diariotextual.com\\\/inicio\\\/#organization\"},\"potentialAction\":[{\"@type\":\"SearchAction\",\"target\":{\"@type\":\"EntryPoint\",\"urlTemplate\":\"https:\\\/\\\/diariotextual.com\\\/inicio\\\/?s={search_term_string}\"},\"query-input\":{\"@type\":\"PropertyValueSpecification\",\"valueRequired\":true,\"valueName\":\"search_term_string\"}}],\"inLanguage\":\"es\"},{\"@type\":\"Organization\",\"@id\":\"https:\\\/\\\/diariotextual.com\\\/inicio\\\/#organization\",\"name\":\"Diario Textual\",\"url\":\"https:\\\/\\\/diariotextual.com\\\/inicio\\\/\",\"logo\":{\"@type\":\"ImageObject\",\"inLanguage\":\"es\",\"@id\":\"https:\\\/\\\/diariotextual.com\\\/inicio\\\/#\\\/schema\\\/logo\\\/image\\\/\",\"url\":\"https:\\\/\\\/diariotextual.com\\\/inicio\\\/wp-content\\\/uploads\\\/2023\\\/05\\\/logotextual1.jpg\",\"contentUrl\":\"https:\\\/\\\/diariotextual.com\\\/inicio\\\/wp-content\\\/uploads\\\/2023\\\/05\\\/logotextual1.jpg\",\"width\":516,\"height\":76,\"caption\":\"Diario Textual\"},\"image\":{\"@id\":\"https:\\\/\\\/diariotextual.com\\\/inicio\\\/#\\\/schema\\\/logo\\\/image\\\/\"},\"sameAs\":[\"https:\\\/\\\/www.facebook.com\\\/eltextual\",\"https:\\\/\\\/x.com\\\/eltextual\",\"http:\\\/\\\/www.instagram.com\\\/eltextual\"]},{\"@type\":\"Person\",\"@id\":\"https:\\\/\\\/diariotextual.com\\\/inicio\\\/#\\\/schema\\\/person\\\/418fc4093c33e86ed41562db3508f958\",\"name\":\"Diario1 Diario1\",\"image\":{\"@type\":\"ImageObject\",\"inLanguage\":\"es\",\"@id\":\"https:\\\/\\\/secure.gravatar.com\\\/avatar\\\/9167d280179c85bc18be67aa7eda765854300033af4896dd779b608640f2ef7a?s=96&d=mm&r=g\",\"url\":\"https:\\\/\\\/secure.gravatar.com\\\/avatar\\\/9167d280179c85bc18be67aa7eda765854300033af4896dd779b608640f2ef7a?s=96&d=mm&r=g\",\"contentUrl\":\"https:\\\/\\\/secure.gravatar.com\\\/avatar\\\/9167d280179c85bc18be67aa7eda765854300033af4896dd779b608640f2ef7a?s=96&d=mm&r=g\",\"caption\":\"Diario1 Diario1\"},\"url\":\"https:\\\/\\\/diariotextual.com\\\/inicio\\\/index.php\\\/author\\\/diario1\\\/\"}]}<\/script>\n<!-- \/ Yoast SEO plugin. -->","yoast_head_json":{"title":"Ziliotto ratific\u00f3 la Ley de Plaguicidas: \u201cNo proh\u00edbe la aplicaci\u00f3n; se trata de cuidar la salud\u201d - Diario Textual","robots":{"index":"index","follow":"follow","max-snippet":"max-snippet:-1","max-image-preview":"max-image-preview:large","max-video-preview":"max-video-preview:-1"},"canonical":"https:\/\/diariotextual.com\/inicio\/index.php\/2025\/10\/04\/ziliotto-ratifico-la-ley-de-plaguicidas-no-prohibe-la-aplicacion-se-trata-de-cuidar-la-salud\/","og_locale":"es_ES","og_type":"article","og_title":"Ziliotto ratific\u00f3 la Ley de Plaguicidas: \u201cNo proh\u00edbe la aplicaci\u00f3n; se trata de cuidar la salud\u201d - Diario Textual","og_description":"El gobernador Sergio Ziliotto ratific\u00f3 este s\u00e1bado, en la inauguraci\u00f3n de la Exposici\u00f3n Rural de Santa Rosa, la implementaci\u00f3n de la Ley Integral de Plaguicidas que ya est\u00e1 operativa como&hellip;","og_url":"https:\/\/diariotextual.com\/inicio\/index.php\/2025\/10\/04\/ziliotto-ratifico-la-ley-de-plaguicidas-no-prohibe-la-aplicacion-se-trata-de-cuidar-la-salud\/","og_site_name":"Diario Textual","article_publisher":"https:\/\/www.facebook.com\/eltextual","article_published_time":"2025-10-04T19:59:02+00:00","article_modified_time":"2025-10-05T14:02:47+00:00","og_image":[{"width":1400,"height":933,"url":"https:\/\/diariotextual.com\/inicio\/wp-content\/uploads\/2025\/10\/ziliottosergioexporuralsantarosa2025-4.jpg","type":"image\/jpeg"}],"author":"Diario1 Diario1","twitter_card":"summary_large_image","twitter_creator":"@eltextual","twitter_site":"@eltextual","twitter_misc":{"Escrito por":"Diario1 Diario1","Tiempo de lectura":"2 minutos"},"schema":{"@context":"https:\/\/schema.org","@graph":[{"@type":"Article","@id":"https:\/\/diariotextual.com\/inicio\/index.php\/2025\/10\/04\/ziliotto-ratifico-la-ley-de-plaguicidas-no-prohibe-la-aplicacion-se-trata-de-cuidar-la-salud\/#article","isPartOf":{"@id":"https:\/\/diariotextual.com\/inicio\/index.php\/2025\/10\/04\/ziliotto-ratifico-la-ley-de-plaguicidas-no-prohibe-la-aplicacion-se-trata-de-cuidar-la-salud\/"},"author":{"name":"Diario1 Diario1","@id":"https:\/\/diariotextual.com\/inicio\/#\/schema\/person\/418fc4093c33e86ed41562db3508f958"},"headline":"Ziliotto ratific\u00f3 la Ley de Plaguicidas: \u201cNo proh\u00edbe la aplicaci\u00f3n; se trata de cuidar la salud\u201d","datePublished":"2025-10-04T19:59:02+00:00","dateModified":"2025-10-05T14:02:47+00:00","mainEntityOfPage":{"@id":"https:\/\/diariotextual.com\/inicio\/index.php\/2025\/10\/04\/ziliotto-ratifico-la-ley-de-plaguicidas-no-prohibe-la-aplicacion-se-trata-de-cuidar-la-salud\/"},"wordCount":434,"publisher":{"@id":"https:\/\/diariotextual.com\/inicio\/#organization"},"image":{"@id":"https:\/\/diariotextual.com\/inicio\/index.php\/2025\/10\/04\/ziliotto-ratifico-la-ley-de-plaguicidas-no-prohibe-la-aplicacion-se-trata-de-cuidar-la-salud\/#primaryimage"},"thumbnailUrl":"https:\/\/diariotextual.com\/inicio\/wp-content\/uploads\/2025\/10\/ziliottosergioexporuralsantarosa2025-4.jpg","articleSection":["A - ES NOTICIA (van abajo)","CAMPO"],"inLanguage":"es"},{"@type":"WebPage","@id":"https:\/\/diariotextual.com\/inicio\/index.php\/2025\/10\/04\/ziliotto-ratifico-la-ley-de-plaguicidas-no-prohibe-la-aplicacion-se-trata-de-cuidar-la-salud\/","url":"https:\/\/diariotextual.com\/inicio\/index.php\/2025\/10\/04\/ziliotto-ratifico-la-ley-de-plaguicidas-no-prohibe-la-aplicacion-se-trata-de-cuidar-la-salud\/","name":"Ziliotto ratific\u00f3 la Ley de Plaguicidas: \u201cNo proh\u00edbe la aplicaci\u00f3n; se trata de cuidar la salud\u201d - Diario Textual","isPartOf":{"@id":"https:\/\/diariotextual.com\/inicio\/#website"},"primaryImageOfPage":{"@id":"https:\/\/diariotextual.com\/inicio\/index.php\/2025\/10\/04\/ziliotto-ratifico-la-ley-de-plaguicidas-no-prohibe-la-aplicacion-se-trata-de-cuidar-la-salud\/#primaryimage"},"image":{"@id":"https:\/\/diariotextual.com\/inicio\/index.php\/2025\/10\/04\/ziliotto-ratifico-la-ley-de-plaguicidas-no-prohibe-la-aplicacion-se-trata-de-cuidar-la-salud\/#primaryimage"},"thumbnailUrl":"https:\/\/diariotextual.com\/inicio\/wp-content\/uploads\/2025\/10\/ziliottosergioexporuralsantarosa2025-4.jpg","datePublished":"2025-10-04T19:59:02+00:00","dateModified":"2025-10-05T14:02:47+00:00","breadcrumb":{"@id":"https:\/\/diariotextual.com\/inicio\/index.php\/2025\/10\/04\/ziliotto-ratifico-la-ley-de-plaguicidas-no-prohibe-la-aplicacion-se-trata-de-cuidar-la-salud\/#breadcrumb"},"inLanguage":"es","potentialAction":[{"@type":"ReadAction","target":["https:\/\/diariotextual.com\/inicio\/index.php\/2025\/10\/04\/ziliotto-ratifico-la-ley-de-plaguicidas-no-prohibe-la-aplicacion-se-trata-de-cuidar-la-salud\/"]}]},{"@type":"ImageObject","inLanguage":"es","@id":"https:\/\/diariotextual.com\/inicio\/index.php\/2025\/10\/04\/ziliotto-ratifico-la-ley-de-plaguicidas-no-prohibe-la-aplicacion-se-trata-de-cuidar-la-salud\/#primaryimage","url":"https:\/\/diariotextual.com\/inicio\/wp-content\/uploads\/2025\/10\/ziliottosergioexporuralsantarosa2025-4.jpg","contentUrl":"https:\/\/diariotextual.com\/inicio\/wp-content\/uploads\/2025\/10\/ziliottosergioexporuralsantarosa2025-4.jpg","width":1400,"height":933},{"@type":"BreadcrumbList","@id":"https:\/\/diariotextual.com\/inicio\/index.php\/2025\/10\/04\/ziliotto-ratifico-la-ley-de-plaguicidas-no-prohibe-la-aplicacion-se-trata-de-cuidar-la-salud\/#breadcrumb","itemListElement":[{"@type":"ListItem","position":1,"name":"Portada","item":"https:\/\/diariotextual.com\/inicio\/"},{"@type":"ListItem","position":2,"name":"Ziliotto ratific\u00f3 la Ley de Plaguicidas: \u201cNo proh\u00edbe la aplicaci\u00f3n; se trata de cuidar la salud\u201d"}]},{"@type":"WebSite","@id":"https:\/\/diariotextual.com\/inicio\/#website","url":"https:\/\/diariotextual.com\/inicio\/","name":"Diario Textual","description":"","publisher":{"@id":"https:\/\/diariotextual.com\/inicio\/#organization"},"potentialAction":[{"@type":"SearchAction","target":{"@type":"EntryPoint","urlTemplate":"https:\/\/diariotextual.com\/inicio\/?s={search_term_string}"},"query-input":{"@type":"PropertyValueSpecification","valueRequired":true,"valueName":"search_term_string"}}],"inLanguage":"es"},{"@type":"Organization","@id":"https:\/\/diariotextual.com\/inicio\/#organization","name":"Diario Textual","url":"https:\/\/diariotextual.com\/inicio\/","logo":{"@type":"ImageObject","inLanguage":"es","@id":"https:\/\/diariotextual.com\/inicio\/#\/schema\/logo\/image\/","url":"https:\/\/diariotextual.com\/inicio\/wp-content\/uploads\/2023\/05\/logotextual1.jpg","contentUrl":"https:\/\/diariotextual.com\/inicio\/wp-content\/uploads\/2023\/05\/logotextual1.jpg","width":516,"height":76,"caption":"Diario Textual"},"image":{"@id":"https:\/\/diariotextual.com\/inicio\/#\/schema\/logo\/image\/"},"sameAs":["https:\/\/www.facebook.com\/eltextual","https:\/\/x.com\/eltextual","http:\/\/www.instagram.com\/eltextual"]},{"@type":"Person","@id":"https:\/\/diariotextual.com\/inicio\/#\/schema\/person\/418fc4093c33e86ed41562db3508f958","name":"Diario1 Diario1","image":{"@type":"ImageObject","inLanguage":"es","@id":"https:\/\/secure.gravatar.com\/avatar\/9167d280179c85bc18be67aa7eda765854300033af4896dd779b608640f2ef7a?s=96&d=mm&r=g","url":"https:\/\/secure.gravatar.com\/avatar\/9167d280179c85bc18be67aa7eda765854300033af4896dd779b608640f2ef7a?s=96&d=mm&r=g","contentUrl":"https:\/\/secure.gravatar.com\/avatar\/9167d280179c85bc18be67aa7eda765854300033af4896dd779b608640f2ef7a?s=96&d=mm&r=g","caption":"Diario1 Diario1"},"url":"https:\/\/diariotextual.com\/inicio\/index.php\/author\/diario1\/"}]}},"_links":{"self":[{"href":"https:\/\/diariotextual.com\/inicio\/index.php\/wp-json\/wp\/v2\/posts\/308993","targetHints":{"allow":["GET"]}}],"collection":[{"href":"https:\/\/diariotextual.com\/inicio\/index.php\/wp-json\/wp\/v2\/posts"}],"about":[{"href":"https:\/\/diariotextual.com\/inicio\/index.php\/wp-json\/wp\/v2\/types\/post"}],"author":[{"embeddable":true,"href":"https:\/\/diariotextual.com\/inicio\/index.php\/wp-json\/wp\/v2\/users\/3"}],"replies":[{"embeddable":true,"href":"https:\/\/diariotextual.com\/inicio\/index.php\/wp-json\/wp\/v2\/comments?post=308993"}],"version-history":[{"count":2,"href":"https:\/\/diariotextual.com\/inicio\/index.php\/wp-json\/wp\/v2\/posts\/308993\/revisions"}],"predecessor-version":[{"id":308997,"href":"https:\/\/diariotextual.com\/inicio\/index.php\/wp-json\/wp\/v2\/posts\/308993\/revisions\/308997"}],"wp:featuredmedia":[{"embeddable":true,"href":"https:\/\/diariotextual.com\/inicio\/index.php\/wp-json\/wp\/v2\/media\/308977"}],"wp:attachment":[{"href":"https:\/\/diariotextual.com\/inicio\/index.php\/wp-json\/wp\/v2\/media?parent=308993"}],"wp:term":[{"taxonomy":"category","embeddable":true,"href":"https:\/\/diariotextual.com\/inicio\/index.php\/wp-json\/wp\/v2\/categories?post=308993"},{"taxonomy":"post_tag","embeddable":true,"href":"https:\/\/diariotextual.com\/inicio\/index.php\/wp-json\/wp\/v2\/tags?post=308993"}],"curies":[{"name":"wp","href":"https:\/\/api.w.org\/{rel}","templated":true}]}}