{"id":309006,"date":"2025-10-05T08:03:44","date_gmt":"2025-10-05T11:03:44","guid":{"rendered":"https:\/\/diariotextual.com\/inicio\/?p=309006"},"modified":"2025-10-06T08:26:07","modified_gmt":"2025-10-06T11:26:07","slug":"ziliotto-volvio-a-reclamar-el-traspaso-de-las-rutas-nacionales-para-que-las-arregle-la-provincia","status":"publish","type":"post","link":"https:\/\/diariotextual.com\/inicio\/index.php\/2025\/10\/05\/ziliotto-volvio-a-reclamar-el-traspaso-de-las-rutas-nacionales-para-que-las-arregle-la-provincia\/","title":{"rendered":"Ziliotto volvi\u00f3 a reclamar el traspaso de las rutas nacionales para que las arregle la Provincia"},"content":{"rendered":"\n<p>El gobernador de La Pampa, <strong>Sergio Ziliotto<\/strong>, volvi\u00f3 a exigir este domingo, en el <strong>D\u00eda del Camino y la Seguridad Vial<\/strong>, que<strong> Casa Rosada transfiera a la \u00f3rbita provincial el mantenimiento de las rutas nacionales que atraviesan el territorio pampeano.<\/strong> Lo hizo al remarcar la importancia de la infraestructura vial como \u201cgarant\u00eda de seguridad y desarrollo\u201d y al cuestionar el estado actual de los caminos nacionales.<\/p>\n\n\n\n<p>\u201cTener rutas y caminos en condiciones no puede ser una opci\u00f3n, es la \u00fanica respuesta a una necesidad b\u00e1sica. Son la garant\u00eda de seguridad para quienes transitan y la base del desarrollo, de la producci\u00f3n, el turismo, la salud y la educaci\u00f3n\u201d, expres\u00f3 el mandatario.<\/p>\n\n\n\n<p>Ziliotto destac\u00f3 que el Gobierno pampeano <strong>mantiene y mejora la red caminera todos los d\u00edas<\/strong>, con una <strong>inversi\u00f3n estrat\u00e9gica que permitir\u00e1 intervenir 282 kil\u00f3metros de rutas provinciales<\/strong> clave para la salida de la producci\u00f3n. Adem\u00e1s, mencion\u00f3 tareas de <strong>conservaci\u00f3n en m\u00e1s de 2.000 kil\u00f3metros en la zona norte<\/strong>, junto con <strong>nueva se\u00f1alizaci\u00f3n y luminarias en 20 cruces y puestos camineros<\/strong>, acciones que -dijo- buscan reforzar la seguridad vial en toda la provincia.<\/p>\n\n\n\n<p>\u201cMientras nosotros invertimos, tenemos rutas nacionales abandonadas, Vialidad Nacional desfinanciada y desmantelada, y la Agencia de Seguridad Vial en retirada. La motosierra atenta contra el federalismo, el desarrollo del interior y la seguridad de todos\u201d, advirti\u00f3 el gobernador.<\/p>\n\n\n\n<p>Seg\u00fan insisti\u00f3, <strong>el 60% de las rutas nacionales en La Pampa est\u00e1n en estado cr\u00edtico<\/strong>, y la situaci\u00f3n contin\u00faa deterior\u00e1ndose. En ese contexto, la Provincia <strong>solicit\u00f3 hacerse cargo, a trav\u00e9s de Vialidad Provincial, del mantenimiento de 600 kil\u00f3metros<\/strong> de esas trazas, pero a\u00fan <strong>no obtuvo respuesta del Gobierno nacional de Javier Milel<\/strong>.<\/p>\n\n\n\n<p>Finalmente, Ziliotto expres\u00f3 su reconocimiento a los trabajadores viales. \u201cSaludamos con gratitud a nuestra familia vial, que con compromiso y esfuerzo sostiene los caminos de La Pampa frente al abandono del Estado central\u201d, finaliz\u00f3.<\/p>\n\n\n\n<p><\/p>\n\n\n\n<p><\/p>\n","protected":false},"excerpt":{"rendered":"<p>El gobernador de La Pampa, Sergio Ziliotto, volvi\u00f3 a exigir este domingo, en el D\u00eda del Camino y la Seguridad Vial, que Casa Rosada transfiera a la \u00f3rbita provincial el&hellip;<\/p>\n","protected":false},"author":3,"featured_media":263361,"comment_status":"closed","ping_status":"open","sticky":false,"template":"","format":"standard","meta":{"_acf_changed":false,"footnotes":""},"categories":[11,12],"tags":[],"class_list":["post-309006","post","type-post","status-publish","format-standard","has-post-thumbnail","hentry","category-que-pasa","category-sociedad"],"acf":[],"yoast_head":"<!-- This site is optimized with the Yoast SEO plugin v27.5 - https:\/\/yoast.com\/product\/yoast-seo-wordpress\/ -->\n<title>Ziliotto volvi\u00f3 a reclamar el traspaso de las rutas nacionales para que las arregle la Provincia - Diario Textual<\/title>\n<meta name=\"robots\" content=\"index, follow, max-snippet:-1, max-image-preview:large, max-video-preview:-1\" \/>\n<link rel=\"canonical\" href=\"https:\/\/diariotextual.com\/inicio\/index.php\/2025\/10\/05\/ziliotto-volvio-a-reclamar-el-traspaso-de-las-rutas-nacionales-para-que-las-arregle-la-provincia\/\" \/>\n<meta property=\"og:locale\" content=\"es_ES\" \/>\n<meta property=\"og:type\" content=\"article\" \/>\n<meta property=\"og:title\" content=\"Ziliotto volvi\u00f3 a reclamar el traspaso de las rutas nacionales para que las arregle la Provincia - Diario Textual\" \/>\n<meta property=\"og:description\" content=\"El gobernador de La Pampa, Sergio Ziliotto, volvi\u00f3 a exigir este domingo, en el D\u00eda del Camino y la Seguridad Vial, que Casa Rosada transfiera a la \u00f3rbita provincial el&hellip;\" \/>\n<meta property=\"og:url\" content=\"https:\/\/diariotextual.com\/inicio\/index.php\/2025\/10\/05\/ziliotto-volvio-a-reclamar-el-traspaso-de-las-rutas-nacionales-para-que-las-arregle-la-provincia\/\" \/>\n<meta property=\"og:site_name\" content=\"Diario Textual\" \/>\n<meta property=\"article:publisher\" content=\"https:\/\/www.facebook.com\/eltextual\" \/>\n<meta property=\"article:published_time\" content=\"2025-10-05T11:03:44+00:00\" \/>\n<meta property=\"article:modified_time\" content=\"2025-10-06T11:26:07+00:00\" \/>\n<meta property=\"og:image\" content=\"https:\/\/diariotextual.com\/inicio\/wp-content\/uploads\/2024\/05\/vialidadnacionalrutas.jpg\" \/>\n\t<meta property=\"og:image:width\" content=\"900\" \/>\n\t<meta property=\"og:image:height\" content=\"548\" \/>\n\t<meta property=\"og:image:type\" content=\"image\/jpeg\" \/>\n<meta name=\"author\" content=\"Diario1 Diario1\" \/>\n<meta name=\"twitter:card\" content=\"summary_large_image\" \/>\n<meta name=\"twitter:creator\" content=\"@eltextual\" \/>\n<meta name=\"twitter:site\" content=\"@eltextual\" \/>\n<meta name=\"twitter:label1\" content=\"Escrito por\" \/>\n\t<meta name=\"twitter:data1\" content=\"Diario1 Diario1\" \/>\n\t<meta name=\"twitter:label2\" content=\"Tiempo de lectura\" \/>\n\t<meta name=\"twitter:data2\" content=\"2 minutos\" \/>\n<script type=\"application\/ld+json\" class=\"yoast-schema-graph\">{\"@context\":\"https:\\\/\\\/schema.org\",\"@graph\":[{\"@type\":\"Article\",\"@id\":\"https:\\\/\\\/diariotextual.com\\\/inicio\\\/index.php\\\/2025\\\/10\\\/05\\\/ziliotto-volvio-a-reclamar-el-traspaso-de-las-rutas-nacionales-para-que-las-arregle-la-provincia\\\/#article\",\"isPartOf\":{\"@id\":\"https:\\\/\\\/diariotextual.com\\\/inicio\\\/index.php\\\/2025\\\/10\\\/05\\\/ziliotto-volvio-a-reclamar-el-traspaso-de-las-rutas-nacionales-para-que-las-arregle-la-provincia\\\/\"},\"author\":{\"name\":\"Diario1 Diario1\",\"@id\":\"https:\\\/\\\/diariotextual.com\\\/inicio\\\/#\\\/schema\\\/person\\\/418fc4093c33e86ed41562db3508f958\"},\"headline\":\"Ziliotto volvi\u00f3 a reclamar el traspaso de las rutas nacionales para que las arregle la Provincia\",\"datePublished\":\"2025-10-05T11:03:44+00:00\",\"dateModified\":\"2025-10-06T11:26:07+00:00\",\"mainEntityOfPage\":{\"@id\":\"https:\\\/\\\/diariotextual.com\\\/inicio\\\/index.php\\\/2025\\\/10\\\/05\\\/ziliotto-volvio-a-reclamar-el-traspaso-de-las-rutas-nacionales-para-que-las-arregle-la-provincia\\\/\"},\"wordCount\":345,\"publisher\":{\"@id\":\"https:\\\/\\\/diariotextual.com\\\/inicio\\\/#organization\"},\"image\":{\"@id\":\"https:\\\/\\\/diariotextual.com\\\/inicio\\\/index.php\\\/2025\\\/10\\\/05\\\/ziliotto-volvio-a-reclamar-el-traspaso-de-las-rutas-nacionales-para-que-las-arregle-la-provincia\\\/#primaryimage\"},\"thumbnailUrl\":\"https:\\\/\\\/diariotextual.com\\\/inicio\\\/wp-content\\\/uploads\\\/2024\\\/05\\\/vialidadnacionalrutas.jpg\",\"articleSection\":[\"A - QUE PASA (al costado)\",\"SOCIEDAD\"],\"inLanguage\":\"es\"},{\"@type\":\"WebPage\",\"@id\":\"https:\\\/\\\/diariotextual.com\\\/inicio\\\/index.php\\\/2025\\\/10\\\/05\\\/ziliotto-volvio-a-reclamar-el-traspaso-de-las-rutas-nacionales-para-que-las-arregle-la-provincia\\\/\",\"url\":\"https:\\\/\\\/diariotextual.com\\\/inicio\\\/index.php\\\/2025\\\/10\\\/05\\\/ziliotto-volvio-a-reclamar-el-traspaso-de-las-rutas-nacionales-para-que-las-arregle-la-provincia\\\/\",\"name\":\"Ziliotto volvi\u00f3 a reclamar el traspaso de las rutas nacionales para que las arregle la Provincia - Diario Textual\",\"isPartOf\":{\"@id\":\"https:\\\/\\\/diariotextual.com\\\/inicio\\\/#website\"},\"primaryImageOfPage\":{\"@id\":\"https:\\\/\\\/diariotextual.com\\\/inicio\\\/index.php\\\/2025\\\/10\\\/05\\\/ziliotto-volvio-a-reclamar-el-traspaso-de-las-rutas-nacionales-para-que-las-arregle-la-provincia\\\/#primaryimage\"},\"image\":{\"@id\":\"https:\\\/\\\/diariotextual.com\\\/inicio\\\/index.php\\\/2025\\\/10\\\/05\\\/ziliotto-volvio-a-reclamar-el-traspaso-de-las-rutas-nacionales-para-que-las-arregle-la-provincia\\\/#primaryimage\"},\"thumbnailUrl\":\"https:\\\/\\\/diariotextual.com\\\/inicio\\\/wp-content\\\/uploads\\\/2024\\\/05\\\/vialidadnacionalrutas.jpg\",\"datePublished\":\"2025-10-05T11:03:44+00:00\",\"dateModified\":\"2025-10-06T11:26:07+00:00\",\"breadcrumb\":{\"@id\":\"https:\\\/\\\/diariotextual.com\\\/inicio\\\/index.php\\\/2025\\\/10\\\/05\\\/ziliotto-volvio-a-reclamar-el-traspaso-de-las-rutas-nacionales-para-que-las-arregle-la-provincia\\\/#breadcrumb\"},\"inLanguage\":\"es\",\"potentialAction\":[{\"@type\":\"ReadAction\",\"target\":[\"https:\\\/\\\/diariotextual.com\\\/inicio\\\/index.php\\\/2025\\\/10\\\/05\\\/ziliotto-volvio-a-reclamar-el-traspaso-de-las-rutas-nacionales-para-que-las-arregle-la-provincia\\\/\"]}]},{\"@type\":\"ImageObject\",\"inLanguage\":\"es\",\"@id\":\"https:\\\/\\\/diariotextual.com\\\/inicio\\\/index.php\\\/2025\\\/10\\\/05\\\/ziliotto-volvio-a-reclamar-el-traspaso-de-las-rutas-nacionales-para-que-las-arregle-la-provincia\\\/#primaryimage\",\"url\":\"https:\\\/\\\/diariotextual.com\\\/inicio\\\/wp-content\\\/uploads\\\/2024\\\/05\\\/vialidadnacionalrutas.jpg\",\"contentUrl\":\"https:\\\/\\\/diariotextual.com\\\/inicio\\\/wp-content\\\/uploads\\\/2024\\\/05\\\/vialidadnacionalrutas.jpg\",\"width\":900,\"height\":548},{\"@type\":\"BreadcrumbList\",\"@id\":\"https:\\\/\\\/diariotextual.com\\\/inicio\\\/index.php\\\/2025\\\/10\\\/05\\\/ziliotto-volvio-a-reclamar-el-traspaso-de-las-rutas-nacionales-para-que-las-arregle-la-provincia\\\/#breadcrumb\",\"itemListElement\":[{\"@type\":\"ListItem\",\"position\":1,\"name\":\"Portada\",\"item\":\"https:\\\/\\\/diariotextual.com\\\/inicio\\\/\"},{\"@type\":\"ListItem\",\"position\":2,\"name\":\"Ziliotto volvi\u00f3 a reclamar el traspaso de las rutas nacionales para que las arregle la Provincia\"}]},{\"@type\":\"WebSite\",\"@id\":\"https:\\\/\\\/diariotextual.com\\\/inicio\\\/#website\",\"url\":\"https:\\\/\\\/diariotextual.com\\\/inicio\\\/\",\"name\":\"Diario Textual\",\"description\":\"\",\"publisher\":{\"@id\":\"https:\\\/\\\/diariotextual.com\\\/inicio\\\/#organization\"},\"potentialAction\":[{\"@type\":\"SearchAction\",\"target\":{\"@type\":\"EntryPoint\",\"urlTemplate\":\"https:\\\/\\\/diariotextual.com\\\/inicio\\\/?s={search_term_string}\"},\"query-input\":{\"@type\":\"PropertyValueSpecification\",\"valueRequired\":true,\"valueName\":\"search_term_string\"}}],\"inLanguage\":\"es\"},{\"@type\":\"Organization\",\"@id\":\"https:\\\/\\\/diariotextual.com\\\/inicio\\\/#organization\",\"name\":\"Diario Textual\",\"url\":\"https:\\\/\\\/diariotextual.com\\\/inicio\\\/\",\"logo\":{\"@type\":\"ImageObject\",\"inLanguage\":\"es\",\"@id\":\"https:\\\/\\\/diariotextual.com\\\/inicio\\\/#\\\/schema\\\/logo\\\/image\\\/\",\"url\":\"https:\\\/\\\/diariotextual.com\\\/inicio\\\/wp-content\\\/uploads\\\/2023\\\/05\\\/logotextual1.jpg\",\"contentUrl\":\"https:\\\/\\\/diariotextual.com\\\/inicio\\\/wp-content\\\/uploads\\\/2023\\\/05\\\/logotextual1.jpg\",\"width\":516,\"height\":76,\"caption\":\"Diario Textual\"},\"image\":{\"@id\":\"https:\\\/\\\/diariotextual.com\\\/inicio\\\/#\\\/schema\\\/logo\\\/image\\\/\"},\"sameAs\":[\"https:\\\/\\\/www.facebook.com\\\/eltextual\",\"https:\\\/\\\/x.com\\\/eltextual\",\"http:\\\/\\\/www.instagram.com\\\/eltextual\"]},{\"@type\":\"Person\",\"@id\":\"https:\\\/\\\/diariotextual.com\\\/inicio\\\/#\\\/schema\\\/person\\\/418fc4093c33e86ed41562db3508f958\",\"name\":\"Diario1 Diario1\",\"image\":{\"@type\":\"ImageObject\",\"inLanguage\":\"es\",\"@id\":\"https:\\\/\\\/secure.gravatar.com\\\/avatar\\\/9167d280179c85bc18be67aa7eda765854300033af4896dd779b608640f2ef7a?s=96&d=mm&r=g\",\"url\":\"https:\\\/\\\/secure.gravatar.com\\\/avatar\\\/9167d280179c85bc18be67aa7eda765854300033af4896dd779b608640f2ef7a?s=96&d=mm&r=g\",\"contentUrl\":\"https:\\\/\\\/secure.gravatar.com\\\/avatar\\\/9167d280179c85bc18be67aa7eda765854300033af4896dd779b608640f2ef7a?s=96&d=mm&r=g\",\"caption\":\"Diario1 Diario1\"},\"url\":\"https:\\\/\\\/diariotextual.com\\\/inicio\\\/index.php\\\/author\\\/diario1\\\/\"}]}<\/script>\n<!-- \/ Yoast SEO plugin. -->","yoast_head_json":{"title":"Ziliotto volvi\u00f3 a reclamar el traspaso de las rutas nacionales para que las arregle la Provincia - Diario Textual","robots":{"index":"index","follow":"follow","max-snippet":"max-snippet:-1","max-image-preview":"max-image-preview:large","max-video-preview":"max-video-preview:-1"},"canonical":"https:\/\/diariotextual.com\/inicio\/index.php\/2025\/10\/05\/ziliotto-volvio-a-reclamar-el-traspaso-de-las-rutas-nacionales-para-que-las-arregle-la-provincia\/","og_locale":"es_ES","og_type":"article","og_title":"Ziliotto volvi\u00f3 a reclamar el traspaso de las rutas nacionales para que las arregle la Provincia - Diario Textual","og_description":"El gobernador de La Pampa, Sergio Ziliotto, volvi\u00f3 a exigir este domingo, en el D\u00eda del Camino y la Seguridad Vial, que Casa Rosada transfiera a la \u00f3rbita provincial el&hellip;","og_url":"https:\/\/diariotextual.com\/inicio\/index.php\/2025\/10\/05\/ziliotto-volvio-a-reclamar-el-traspaso-de-las-rutas-nacionales-para-que-las-arregle-la-provincia\/","og_site_name":"Diario Textual","article_publisher":"https:\/\/www.facebook.com\/eltextual","article_published_time":"2025-10-05T11:03:44+00:00","article_modified_time":"2025-10-06T11:26:07+00:00","og_image":[{"width":900,"height":548,"url":"https:\/\/diariotextual.com\/inicio\/wp-content\/uploads\/2024\/05\/vialidadnacionalrutas.jpg","type":"image\/jpeg"}],"author":"Diario1 Diario1","twitter_card":"summary_large_image","twitter_creator":"@eltextual","twitter_site":"@eltextual","twitter_misc":{"Escrito por":"Diario1 Diario1","Tiempo de lectura":"2 minutos"},"schema":{"@context":"https:\/\/schema.org","@graph":[{"@type":"Article","@id":"https:\/\/diariotextual.com\/inicio\/index.php\/2025\/10\/05\/ziliotto-volvio-a-reclamar-el-traspaso-de-las-rutas-nacionales-para-que-las-arregle-la-provincia\/#article","isPartOf":{"@id":"https:\/\/diariotextual.com\/inicio\/index.php\/2025\/10\/05\/ziliotto-volvio-a-reclamar-el-traspaso-de-las-rutas-nacionales-para-que-las-arregle-la-provincia\/"},"author":{"name":"Diario1 Diario1","@id":"https:\/\/diariotextual.com\/inicio\/#\/schema\/person\/418fc4093c33e86ed41562db3508f958"},"headline":"Ziliotto volvi\u00f3 a reclamar el traspaso de las rutas nacionales para que las arregle la Provincia","datePublished":"2025-10-05T11:03:44+00:00","dateModified":"2025-10-06T11:26:07+00:00","mainEntityOfPage":{"@id":"https:\/\/diariotextual.com\/inicio\/index.php\/2025\/10\/05\/ziliotto-volvio-a-reclamar-el-traspaso-de-las-rutas-nacionales-para-que-las-arregle-la-provincia\/"},"wordCount":345,"publisher":{"@id":"https:\/\/diariotextual.com\/inicio\/#organization"},"image":{"@id":"https:\/\/diariotextual.com\/inicio\/index.php\/2025\/10\/05\/ziliotto-volvio-a-reclamar-el-traspaso-de-las-rutas-nacionales-para-que-las-arregle-la-provincia\/#primaryimage"},"thumbnailUrl":"https:\/\/diariotextual.com\/inicio\/wp-content\/uploads\/2024\/05\/vialidadnacionalrutas.jpg","articleSection":["A - QUE PASA (al costado)","SOCIEDAD"],"inLanguage":"es"},{"@type":"WebPage","@id":"https:\/\/diariotextual.com\/inicio\/index.php\/2025\/10\/05\/ziliotto-volvio-a-reclamar-el-traspaso-de-las-rutas-nacionales-para-que-las-arregle-la-provincia\/","url":"https:\/\/diariotextual.com\/inicio\/index.php\/2025\/10\/05\/ziliotto-volvio-a-reclamar-el-traspaso-de-las-rutas-nacionales-para-que-las-arregle-la-provincia\/","name":"Ziliotto volvi\u00f3 a reclamar el traspaso de las rutas nacionales para que las arregle la Provincia - Diario Textual","isPartOf":{"@id":"https:\/\/diariotextual.com\/inicio\/#website"},"primaryImageOfPage":{"@id":"https:\/\/diariotextual.com\/inicio\/index.php\/2025\/10\/05\/ziliotto-volvio-a-reclamar-el-traspaso-de-las-rutas-nacionales-para-que-las-arregle-la-provincia\/#primaryimage"},"image":{"@id":"https:\/\/diariotextual.com\/inicio\/index.php\/2025\/10\/05\/ziliotto-volvio-a-reclamar-el-traspaso-de-las-rutas-nacionales-para-que-las-arregle-la-provincia\/#primaryimage"},"thumbnailUrl":"https:\/\/diariotextual.com\/inicio\/wp-content\/uploads\/2024\/05\/vialidadnacionalrutas.jpg","datePublished":"2025-10-05T11:03:44+00:00","dateModified":"2025-10-06T11:26:07+00:00","breadcrumb":{"@id":"https:\/\/diariotextual.com\/inicio\/index.php\/2025\/10\/05\/ziliotto-volvio-a-reclamar-el-traspaso-de-las-rutas-nacionales-para-que-las-arregle-la-provincia\/#breadcrumb"},"inLanguage":"es","potentialAction":[{"@type":"ReadAction","target":["https:\/\/diariotextual.com\/inicio\/index.php\/2025\/10\/05\/ziliotto-volvio-a-reclamar-el-traspaso-de-las-rutas-nacionales-para-que-las-arregle-la-provincia\/"]}]},{"@type":"ImageObject","inLanguage":"es","@id":"https:\/\/diariotextual.com\/inicio\/index.php\/2025\/10\/05\/ziliotto-volvio-a-reclamar-el-traspaso-de-las-rutas-nacionales-para-que-las-arregle-la-provincia\/#primaryimage","url":"https:\/\/diariotextual.com\/inicio\/wp-content\/uploads\/2024\/05\/vialidadnacionalrutas.jpg","contentUrl":"https:\/\/diariotextual.com\/inicio\/wp-content\/uploads\/2024\/05\/vialidadnacionalrutas.jpg","width":900,"height":548},{"@type":"BreadcrumbList","@id":"https:\/\/diariotextual.com\/inicio\/index.php\/2025\/10\/05\/ziliotto-volvio-a-reclamar-el-traspaso-de-las-rutas-nacionales-para-que-las-arregle-la-provincia\/#breadcrumb","itemListElement":[{"@type":"ListItem","position":1,"name":"Portada","item":"https:\/\/diariotextual.com\/inicio\/"},{"@type":"ListItem","position":2,"name":"Ziliotto volvi\u00f3 a reclamar el traspaso de las rutas nacionales para que las arregle la Provincia"}]},{"@type":"WebSite","@id":"https:\/\/diariotextual.com\/inicio\/#website","url":"https:\/\/diariotextual.com\/inicio\/","name":"Diario Textual","description":"","publisher":{"@id":"https:\/\/diariotextual.com\/inicio\/#organization"},"potentialAction":[{"@type":"SearchAction","target":{"@type":"EntryPoint","urlTemplate":"https:\/\/diariotextual.com\/inicio\/?s={search_term_string}"},"query-input":{"@type":"PropertyValueSpecification","valueRequired":true,"valueName":"search_term_string"}}],"inLanguage":"es"},{"@type":"Organization","@id":"https:\/\/diariotextual.com\/inicio\/#organization","name":"Diario Textual","url":"https:\/\/diariotextual.com\/inicio\/","logo":{"@type":"ImageObject","inLanguage":"es","@id":"https:\/\/diariotextual.com\/inicio\/#\/schema\/logo\/image\/","url":"https:\/\/diariotextual.com\/inicio\/wp-content\/uploads\/2023\/05\/logotextual1.jpg","contentUrl":"https:\/\/diariotextual.com\/inicio\/wp-content\/uploads\/2023\/05\/logotextual1.jpg","width":516,"height":76,"caption":"Diario Textual"},"image":{"@id":"https:\/\/diariotextual.com\/inicio\/#\/schema\/logo\/image\/"},"sameAs":["https:\/\/www.facebook.com\/eltextual","https:\/\/x.com\/eltextual","http:\/\/www.instagram.com\/eltextual"]},{"@type":"Person","@id":"https:\/\/diariotextual.com\/inicio\/#\/schema\/person\/418fc4093c33e86ed41562db3508f958","name":"Diario1 Diario1","image":{"@type":"ImageObject","inLanguage":"es","@id":"https:\/\/secure.gravatar.com\/avatar\/9167d280179c85bc18be67aa7eda765854300033af4896dd779b608640f2ef7a?s=96&d=mm&r=g","url":"https:\/\/secure.gravatar.com\/avatar\/9167d280179c85bc18be67aa7eda765854300033af4896dd779b608640f2ef7a?s=96&d=mm&r=g","contentUrl":"https:\/\/secure.gravatar.com\/avatar\/9167d280179c85bc18be67aa7eda765854300033af4896dd779b608640f2ef7a?s=96&d=mm&r=g","caption":"Diario1 Diario1"},"url":"https:\/\/diariotextual.com\/inicio\/index.php\/author\/diario1\/"}]}},"_links":{"self":[{"href":"https:\/\/diariotextual.com\/inicio\/index.php\/wp-json\/wp\/v2\/posts\/309006","targetHints":{"allow":["GET"]}}],"collection":[{"href":"https:\/\/diariotextual.com\/inicio\/index.php\/wp-json\/wp\/v2\/posts"}],"about":[{"href":"https:\/\/diariotextual.com\/inicio\/index.php\/wp-json\/wp\/v2\/types\/post"}],"author":[{"embeddable":true,"href":"https:\/\/diariotextual.com\/inicio\/index.php\/wp-json\/wp\/v2\/users\/3"}],"replies":[{"embeddable":true,"href":"https:\/\/diariotextual.com\/inicio\/index.php\/wp-json\/wp\/v2\/comments?post=309006"}],"version-history":[{"count":2,"href":"https:\/\/diariotextual.com\/inicio\/index.php\/wp-json\/wp\/v2\/posts\/309006\/revisions"}],"predecessor-version":[{"id":309008,"href":"https:\/\/diariotextual.com\/inicio\/index.php\/wp-json\/wp\/v2\/posts\/309006\/revisions\/309008"}],"wp:featuredmedia":[{"embeddable":true,"href":"https:\/\/diariotextual.com\/inicio\/index.php\/wp-json\/wp\/v2\/media\/263361"}],"wp:attachment":[{"href":"https:\/\/diariotextual.com\/inicio\/index.php\/wp-json\/wp\/v2\/media?parent=309006"}],"wp:term":[{"taxonomy":"category","embeddable":true,"href":"https:\/\/diariotextual.com\/inicio\/index.php\/wp-json\/wp\/v2\/categories?post=309006"},{"taxonomy":"post_tag","embeddable":true,"href":"https:\/\/diariotextual.com\/inicio\/index.php\/wp-json\/wp\/v2\/tags?post=309006"}],"curies":[{"name":"wp","href":"https:\/\/api.w.org\/{rel}","templated":true}]}}