{"id":309534,"date":"2025-10-09T19:55:02","date_gmt":"2025-10-09T22:55:02","guid":{"rendered":"https:\/\/diariotextual.com\/inicio\/?p=309534"},"modified":"2025-10-09T19:55:05","modified_gmt":"2025-10-09T22:55:05","slug":"nueva-sesion-del-concejo-deliberante-de-pico-con-estudiantes-secundarios","status":"publish","type":"post","link":"https:\/\/diariotextual.com\/inicio\/index.php\/2025\/10\/09\/nueva-sesion-del-concejo-deliberante-de-pico-con-estudiantes-secundarios\/","title":{"rendered":"Nueva sesi\u00f3n del concejo deliberante de Pico con estudiantes secundarios"},"content":{"rendered":"\n<p>Una nueva sesi\u00f3n ordinaria se desarroll\u00f3 este jueves del concejo deliberante de General Pico y en la que se trataron 22 expedientes. La jornada cont\u00f3 con la presencia en el recinto de estudiantes de tercer a\u00f1o del Colegio Secundario Silvia Machicote.<\/p>\n\n\n\n<p>La sesi\u00f3n cont\u00f3 con la apertura a cargo del presidente del cuerpo, Alberto Campo. Tras aprobarse por unanimidad el acta correspondiente a la sesi\u00f3n anterior, el concejal Marcelo Capellino tuvo a su cargo el izamiento del pabell\u00f3n nacional.<\/p>\n\n\n\n<p>Durante el encuentro, se giraron a las comisiones internas 11 expedientes para su an\u00e1lisis. Entre ellos se destacaron diversas correspondencias, como la del Colegio Santa In\u00e9s, que solicit\u00f3 declarar de inter\u00e9s el \u201cI Foro Estudiantes por el Futuro Verde; Transformar el Impacto Humano\u201d, y la del Servicio de Neonatolog\u00eda del Hospital Gobernador Centeno, que pidi\u00f3 el reconocimiento legislativo de \u201cLa Semana del Prematuro 2025\u201d.<\/p>\n\n\n\n<p>Tambi\u00e9n se present\u00f3 un proyecto de ordenanza para aprobar un modelo de convenio de pr\u00e1cticas profesionales entre la Municipalidad de General Pico y el Instituto Superior de Bellas Artes.<\/p>\n\n\n\n<p>En cuanto a las iniciativas tratadas en el recinto, se aprob\u00f3 por unanimidad la declaraci\u00f3n de inter\u00e9s legislativo para la pe\u00f1a solidaria \u201cTodos por el Hospi\u201d, organizada por el grupo \u201cColibr\u00ed\u201d junto a la Cooperadora del Hospital Gobernador Centeno. Esta actividad solidaria tendr\u00e1 lugar el s\u00e1bado 18 de octubre en el sal\u00f3n del Club Costa Brava.<\/p>\n\n\n\n<p>Adem\u00e1s, se aprobaron tres proyectos de resoluci\u00f3n. Dos de ellos fueron impulsados por el bloque Juntos por el Cambio, solicitando al Departamento Ejecutivo Municipal informes sobre el cumplimiento de la Ordenanza 76\/16, referida al uso de sistemas satelitales en el parque automotor municipal, y sobre el estado del estudio de factibilidad t\u00e9cnica y econ\u00f3mica para la instalaci\u00f3n de un sem\u00e1foro en la intersecci\u00f3n de calle 333 y avenida Isidoro Brunengo.<\/p>\n\n\n\n<p>El tercer proyecto, presentado por el bloque del Frente Justicialista Pampeano, declar\u00f3 de inter\u00e9s legislativo el proyecto \u201cLibro Digital Inclusivo\u201d, una iniciativa llevada adelante por la profesora Delia Balduzzi y un grupo de alumnas del Colegio Secundario Los Ranqueles, recientemente presentado en la Feria del Libro en el Centro Cultural Provincial Medasur, en Santa Rosa.<\/p>\n\n\n\n<p>Como resultado del trabajo en comisiones, tambi\u00e9n se aprobaron cinco despachos. Entre ellos se destacan el reconocimiento a la actividad \u201cSimulaci\u00f3n de la Organizaci\u00f3n de las Naciones Unidas (ONU)\u201d, organizada por el Colegio Santa In\u00e9s; la aprobaci\u00f3n de un marco normativo para la realizaci\u00f3n de eventos p\u00fablicos y\/o privados en la ciudad; y la validaci\u00f3n de convenios de colaboraci\u00f3n entre la Municipalidad y diversas instituciones, como el Comit\u00e9 de Vigilancia de la Zona Franca. Asimismo, se aprob\u00f3 la rendici\u00f3n de cuentas correspondiente al mes de junio de 2025.<\/p>\n","protected":false},"excerpt":{"rendered":"<p>Una nueva sesi\u00f3n ordinaria se desarroll\u00f3 este jueves del concejo deliberante de General Pico y en la que se trataron 22 expedientes. La jornada cont\u00f3 con la presencia en el&hellip;<\/p>\n","protected":false},"author":5,"featured_media":309535,"comment_status":"closed","ping_status":"open","sticky":false,"template":"","format":"standard","meta":{"_acf_changed":false,"footnotes":""},"categories":[1],"tags":[],"class_list":["post-309534","post","type-post","status-publish","format-standard","has-post-thumbnail","hentry","category-es-noticia"],"acf":[],"yoast_head":"<!-- This site is optimized with the Yoast SEO plugin v27.5 - https:\/\/yoast.com\/product\/yoast-seo-wordpress\/ -->\n<title>Nueva sesi\u00f3n del concejo deliberante de Pico con estudiantes secundarios - Diario Textual<\/title>\n<meta name=\"robots\" content=\"index, follow, max-snippet:-1, max-image-preview:large, max-video-preview:-1\" \/>\n<link rel=\"canonical\" href=\"https:\/\/diariotextual.com\/inicio\/index.php\/2025\/10\/09\/nueva-sesion-del-concejo-deliberante-de-pico-con-estudiantes-secundarios\/\" \/>\n<meta property=\"og:locale\" content=\"es_ES\" \/>\n<meta property=\"og:type\" content=\"article\" \/>\n<meta property=\"og:title\" content=\"Nueva sesi\u00f3n del concejo deliberante de Pico con estudiantes secundarios - Diario Textual\" \/>\n<meta property=\"og:description\" content=\"Una nueva sesi\u00f3n ordinaria se desarroll\u00f3 este jueves del concejo deliberante de General Pico y en la que se trataron 22 expedientes. La jornada cont\u00f3 con la presencia en el&hellip;\" \/>\n<meta property=\"og:url\" content=\"https:\/\/diariotextual.com\/inicio\/index.php\/2025\/10\/09\/nueva-sesion-del-concejo-deliberante-de-pico-con-estudiantes-secundarios\/\" \/>\n<meta property=\"og:site_name\" content=\"Diario Textual\" \/>\n<meta property=\"article:publisher\" content=\"https:\/\/www.facebook.com\/eltextual\" \/>\n<meta property=\"article:published_time\" content=\"2025-10-09T22:55:02+00:00\" \/>\n<meta property=\"article:modified_time\" content=\"2025-10-09T22:55:05+00:00\" \/>\n<meta property=\"og:image\" content=\"https:\/\/diariotextual.com\/inicio\/wp-content\/uploads\/2025\/10\/concejodeliberantepicosesionoctubre2025.jpeg\" \/>\n\t<meta property=\"og:image:width\" content=\"900\" \/>\n\t<meta property=\"og:image:height\" content=\"537\" \/>\n\t<meta property=\"og:image:type\" content=\"image\/jpeg\" \/>\n<meta name=\"author\" content=\"diario3\" \/>\n<meta name=\"twitter:card\" content=\"summary_large_image\" \/>\n<meta name=\"twitter:creator\" content=\"@eltextual\" \/>\n<meta name=\"twitter:site\" content=\"@eltextual\" \/>\n<meta name=\"twitter:label1\" content=\"Escrito por\" \/>\n\t<meta name=\"twitter:data1\" content=\"diario3\" \/>\n\t<meta name=\"twitter:label2\" content=\"Tiempo de lectura\" \/>\n\t<meta name=\"twitter:data2\" content=\"3 minutos\" \/>\n<script type=\"application\/ld+json\" class=\"yoast-schema-graph\">{\"@context\":\"https:\\\/\\\/schema.org\",\"@graph\":[{\"@type\":\"Article\",\"@id\":\"https:\\\/\\\/diariotextual.com\\\/inicio\\\/index.php\\\/2025\\\/10\\\/09\\\/nueva-sesion-del-concejo-deliberante-de-pico-con-estudiantes-secundarios\\\/#article\",\"isPartOf\":{\"@id\":\"https:\\\/\\\/diariotextual.com\\\/inicio\\\/index.php\\\/2025\\\/10\\\/09\\\/nueva-sesion-del-concejo-deliberante-de-pico-con-estudiantes-secundarios\\\/\"},\"author\":{\"name\":\"diario3\",\"@id\":\"https:\\\/\\\/diariotextual.com\\\/inicio\\\/#\\\/schema\\\/person\\\/a1b6f563e0ee944c60f98119389a4d9f\"},\"headline\":\"Nueva sesi\u00f3n del concejo deliberante de Pico con estudiantes secundarios\",\"datePublished\":\"2025-10-09T22:55:02+00:00\",\"dateModified\":\"2025-10-09T22:55:05+00:00\",\"mainEntityOfPage\":{\"@id\":\"https:\\\/\\\/diariotextual.com\\\/inicio\\\/index.php\\\/2025\\\/10\\\/09\\\/nueva-sesion-del-concejo-deliberante-de-pico-con-estudiantes-secundarios\\\/\"},\"wordCount\":480,\"publisher\":{\"@id\":\"https:\\\/\\\/diariotextual.com\\\/inicio\\\/#organization\"},\"image\":{\"@id\":\"https:\\\/\\\/diariotextual.com\\\/inicio\\\/index.php\\\/2025\\\/10\\\/09\\\/nueva-sesion-del-concejo-deliberante-de-pico-con-estudiantes-secundarios\\\/#primaryimage\"},\"thumbnailUrl\":\"https:\\\/\\\/diariotextual.com\\\/inicio\\\/wp-content\\\/uploads\\\/2025\\\/10\\\/concejodeliberantepicosesionoctubre2025.jpeg\",\"articleSection\":[\"A - ES NOTICIA (van abajo)\"],\"inLanguage\":\"es\"},{\"@type\":\"WebPage\",\"@id\":\"https:\\\/\\\/diariotextual.com\\\/inicio\\\/index.php\\\/2025\\\/10\\\/09\\\/nueva-sesion-del-concejo-deliberante-de-pico-con-estudiantes-secundarios\\\/\",\"url\":\"https:\\\/\\\/diariotextual.com\\\/inicio\\\/index.php\\\/2025\\\/10\\\/09\\\/nueva-sesion-del-concejo-deliberante-de-pico-con-estudiantes-secundarios\\\/\",\"name\":\"Nueva sesi\u00f3n del concejo deliberante de Pico con estudiantes secundarios - Diario Textual\",\"isPartOf\":{\"@id\":\"https:\\\/\\\/diariotextual.com\\\/inicio\\\/#website\"},\"primaryImageOfPage\":{\"@id\":\"https:\\\/\\\/diariotextual.com\\\/inicio\\\/index.php\\\/2025\\\/10\\\/09\\\/nueva-sesion-del-concejo-deliberante-de-pico-con-estudiantes-secundarios\\\/#primaryimage\"},\"image\":{\"@id\":\"https:\\\/\\\/diariotextual.com\\\/inicio\\\/index.php\\\/2025\\\/10\\\/09\\\/nueva-sesion-del-concejo-deliberante-de-pico-con-estudiantes-secundarios\\\/#primaryimage\"},\"thumbnailUrl\":\"https:\\\/\\\/diariotextual.com\\\/inicio\\\/wp-content\\\/uploads\\\/2025\\\/10\\\/concejodeliberantepicosesionoctubre2025.jpeg\",\"datePublished\":\"2025-10-09T22:55:02+00:00\",\"dateModified\":\"2025-10-09T22:55:05+00:00\",\"breadcrumb\":{\"@id\":\"https:\\\/\\\/diariotextual.com\\\/inicio\\\/index.php\\\/2025\\\/10\\\/09\\\/nueva-sesion-del-concejo-deliberante-de-pico-con-estudiantes-secundarios\\\/#breadcrumb\"},\"inLanguage\":\"es\",\"potentialAction\":[{\"@type\":\"ReadAction\",\"target\":[\"https:\\\/\\\/diariotextual.com\\\/inicio\\\/index.php\\\/2025\\\/10\\\/09\\\/nueva-sesion-del-concejo-deliberante-de-pico-con-estudiantes-secundarios\\\/\"]}]},{\"@type\":\"ImageObject\",\"inLanguage\":\"es\",\"@id\":\"https:\\\/\\\/diariotextual.com\\\/inicio\\\/index.php\\\/2025\\\/10\\\/09\\\/nueva-sesion-del-concejo-deliberante-de-pico-con-estudiantes-secundarios\\\/#primaryimage\",\"url\":\"https:\\\/\\\/diariotextual.com\\\/inicio\\\/wp-content\\\/uploads\\\/2025\\\/10\\\/concejodeliberantepicosesionoctubre2025.jpeg\",\"contentUrl\":\"https:\\\/\\\/diariotextual.com\\\/inicio\\\/wp-content\\\/uploads\\\/2025\\\/10\\\/concejodeliberantepicosesionoctubre2025.jpeg\",\"width\":900,\"height\":537},{\"@type\":\"BreadcrumbList\",\"@id\":\"https:\\\/\\\/diariotextual.com\\\/inicio\\\/index.php\\\/2025\\\/10\\\/09\\\/nueva-sesion-del-concejo-deliberante-de-pico-con-estudiantes-secundarios\\\/#breadcrumb\",\"itemListElement\":[{\"@type\":\"ListItem\",\"position\":1,\"name\":\"Portada\",\"item\":\"https:\\\/\\\/diariotextual.com\\\/inicio\\\/\"},{\"@type\":\"ListItem\",\"position\":2,\"name\":\"Nueva sesi\u00f3n del concejo deliberante de Pico con estudiantes secundarios\"}]},{\"@type\":\"WebSite\",\"@id\":\"https:\\\/\\\/diariotextual.com\\\/inicio\\\/#website\",\"url\":\"https:\\\/\\\/diariotextual.com\\\/inicio\\\/\",\"name\":\"Diario Textual\",\"description\":\"\",\"publisher\":{\"@id\":\"https:\\\/\\\/diariotextual.com\\\/inicio\\\/#organization\"},\"potentialAction\":[{\"@type\":\"SearchAction\",\"target\":{\"@type\":\"EntryPoint\",\"urlTemplate\":\"https:\\\/\\\/diariotextual.com\\\/inicio\\\/?s={search_term_string}\"},\"query-input\":{\"@type\":\"PropertyValueSpecification\",\"valueRequired\":true,\"valueName\":\"search_term_string\"}}],\"inLanguage\":\"es\"},{\"@type\":\"Organization\",\"@id\":\"https:\\\/\\\/diariotextual.com\\\/inicio\\\/#organization\",\"name\":\"Diario Textual\",\"url\":\"https:\\\/\\\/diariotextual.com\\\/inicio\\\/\",\"logo\":{\"@type\":\"ImageObject\",\"inLanguage\":\"es\",\"@id\":\"https:\\\/\\\/diariotextual.com\\\/inicio\\\/#\\\/schema\\\/logo\\\/image\\\/\",\"url\":\"https:\\\/\\\/diariotextual.com\\\/inicio\\\/wp-content\\\/uploads\\\/2023\\\/05\\\/logotextual1.jpg\",\"contentUrl\":\"https:\\\/\\\/diariotextual.com\\\/inicio\\\/wp-content\\\/uploads\\\/2023\\\/05\\\/logotextual1.jpg\",\"width\":516,\"height\":76,\"caption\":\"Diario Textual\"},\"image\":{\"@id\":\"https:\\\/\\\/diariotextual.com\\\/inicio\\\/#\\\/schema\\\/logo\\\/image\\\/\"},\"sameAs\":[\"https:\\\/\\\/www.facebook.com\\\/eltextual\",\"https:\\\/\\\/x.com\\\/eltextual\",\"http:\\\/\\\/www.instagram.com\\\/eltextual\"]},{\"@type\":\"Person\",\"@id\":\"https:\\\/\\\/diariotextual.com\\\/inicio\\\/#\\\/schema\\\/person\\\/a1b6f563e0ee944c60f98119389a4d9f\",\"name\":\"diario3\",\"image\":{\"@type\":\"ImageObject\",\"inLanguage\":\"es\",\"@id\":\"https:\\\/\\\/secure.gravatar.com\\\/avatar\\\/5e7ee62c82fc04d9dd79d746a390d93c69c43223e5faeeb3ea9461ef752bfc5d?s=96&d=mm&r=g\",\"url\":\"https:\\\/\\\/secure.gravatar.com\\\/avatar\\\/5e7ee62c82fc04d9dd79d746a390d93c69c43223e5faeeb3ea9461ef752bfc5d?s=96&d=mm&r=g\",\"contentUrl\":\"https:\\\/\\\/secure.gravatar.com\\\/avatar\\\/5e7ee62c82fc04d9dd79d746a390d93c69c43223e5faeeb3ea9461ef752bfc5d?s=96&d=mm&r=g\",\"caption\":\"diario3\"},\"url\":\"https:\\\/\\\/diariotextual.com\\\/inicio\\\/index.php\\\/author\\\/diario3\\\/\"}]}<\/script>\n<!-- \/ Yoast SEO plugin. -->","yoast_head_json":{"title":"Nueva sesi\u00f3n del concejo deliberante de Pico con estudiantes secundarios - Diario Textual","robots":{"index":"index","follow":"follow","max-snippet":"max-snippet:-1","max-image-preview":"max-image-preview:large","max-video-preview":"max-video-preview:-1"},"canonical":"https:\/\/diariotextual.com\/inicio\/index.php\/2025\/10\/09\/nueva-sesion-del-concejo-deliberante-de-pico-con-estudiantes-secundarios\/","og_locale":"es_ES","og_type":"article","og_title":"Nueva sesi\u00f3n del concejo deliberante de Pico con estudiantes secundarios - Diario Textual","og_description":"Una nueva sesi\u00f3n ordinaria se desarroll\u00f3 este jueves del concejo deliberante de General Pico y en la que se trataron 22 expedientes. La jornada cont\u00f3 con la presencia en el&hellip;","og_url":"https:\/\/diariotextual.com\/inicio\/index.php\/2025\/10\/09\/nueva-sesion-del-concejo-deliberante-de-pico-con-estudiantes-secundarios\/","og_site_name":"Diario Textual","article_publisher":"https:\/\/www.facebook.com\/eltextual","article_published_time":"2025-10-09T22:55:02+00:00","article_modified_time":"2025-10-09T22:55:05+00:00","og_image":[{"width":900,"height":537,"url":"https:\/\/diariotextual.com\/inicio\/wp-content\/uploads\/2025\/10\/concejodeliberantepicosesionoctubre2025.jpeg","type":"image\/jpeg"}],"author":"diario3","twitter_card":"summary_large_image","twitter_creator":"@eltextual","twitter_site":"@eltextual","twitter_misc":{"Escrito por":"diario3","Tiempo de lectura":"3 minutos"},"schema":{"@context":"https:\/\/schema.org","@graph":[{"@type":"Article","@id":"https:\/\/diariotextual.com\/inicio\/index.php\/2025\/10\/09\/nueva-sesion-del-concejo-deliberante-de-pico-con-estudiantes-secundarios\/#article","isPartOf":{"@id":"https:\/\/diariotextual.com\/inicio\/index.php\/2025\/10\/09\/nueva-sesion-del-concejo-deliberante-de-pico-con-estudiantes-secundarios\/"},"author":{"name":"diario3","@id":"https:\/\/diariotextual.com\/inicio\/#\/schema\/person\/a1b6f563e0ee944c60f98119389a4d9f"},"headline":"Nueva sesi\u00f3n del concejo deliberante de Pico con estudiantes secundarios","datePublished":"2025-10-09T22:55:02+00:00","dateModified":"2025-10-09T22:55:05+00:00","mainEntityOfPage":{"@id":"https:\/\/diariotextual.com\/inicio\/index.php\/2025\/10\/09\/nueva-sesion-del-concejo-deliberante-de-pico-con-estudiantes-secundarios\/"},"wordCount":480,"publisher":{"@id":"https:\/\/diariotextual.com\/inicio\/#organization"},"image":{"@id":"https:\/\/diariotextual.com\/inicio\/index.php\/2025\/10\/09\/nueva-sesion-del-concejo-deliberante-de-pico-con-estudiantes-secundarios\/#primaryimage"},"thumbnailUrl":"https:\/\/diariotextual.com\/inicio\/wp-content\/uploads\/2025\/10\/concejodeliberantepicosesionoctubre2025.jpeg","articleSection":["A - ES NOTICIA (van abajo)"],"inLanguage":"es"},{"@type":"WebPage","@id":"https:\/\/diariotextual.com\/inicio\/index.php\/2025\/10\/09\/nueva-sesion-del-concejo-deliberante-de-pico-con-estudiantes-secundarios\/","url":"https:\/\/diariotextual.com\/inicio\/index.php\/2025\/10\/09\/nueva-sesion-del-concejo-deliberante-de-pico-con-estudiantes-secundarios\/","name":"Nueva sesi\u00f3n del concejo deliberante de Pico con estudiantes secundarios - Diario Textual","isPartOf":{"@id":"https:\/\/diariotextual.com\/inicio\/#website"},"primaryImageOfPage":{"@id":"https:\/\/diariotextual.com\/inicio\/index.php\/2025\/10\/09\/nueva-sesion-del-concejo-deliberante-de-pico-con-estudiantes-secundarios\/#primaryimage"},"image":{"@id":"https:\/\/diariotextual.com\/inicio\/index.php\/2025\/10\/09\/nueva-sesion-del-concejo-deliberante-de-pico-con-estudiantes-secundarios\/#primaryimage"},"thumbnailUrl":"https:\/\/diariotextual.com\/inicio\/wp-content\/uploads\/2025\/10\/concejodeliberantepicosesionoctubre2025.jpeg","datePublished":"2025-10-09T22:55:02+00:00","dateModified":"2025-10-09T22:55:05+00:00","breadcrumb":{"@id":"https:\/\/diariotextual.com\/inicio\/index.php\/2025\/10\/09\/nueva-sesion-del-concejo-deliberante-de-pico-con-estudiantes-secundarios\/#breadcrumb"},"inLanguage":"es","potentialAction":[{"@type":"ReadAction","target":["https:\/\/diariotextual.com\/inicio\/index.php\/2025\/10\/09\/nueva-sesion-del-concejo-deliberante-de-pico-con-estudiantes-secundarios\/"]}]},{"@type":"ImageObject","inLanguage":"es","@id":"https:\/\/diariotextual.com\/inicio\/index.php\/2025\/10\/09\/nueva-sesion-del-concejo-deliberante-de-pico-con-estudiantes-secundarios\/#primaryimage","url":"https:\/\/diariotextual.com\/inicio\/wp-content\/uploads\/2025\/10\/concejodeliberantepicosesionoctubre2025.jpeg","contentUrl":"https:\/\/diariotextual.com\/inicio\/wp-content\/uploads\/2025\/10\/concejodeliberantepicosesionoctubre2025.jpeg","width":900,"height":537},{"@type":"BreadcrumbList","@id":"https:\/\/diariotextual.com\/inicio\/index.php\/2025\/10\/09\/nueva-sesion-del-concejo-deliberante-de-pico-con-estudiantes-secundarios\/#breadcrumb","itemListElement":[{"@type":"ListItem","position":1,"name":"Portada","item":"https:\/\/diariotextual.com\/inicio\/"},{"@type":"ListItem","position":2,"name":"Nueva sesi\u00f3n del concejo deliberante de Pico con estudiantes secundarios"}]},{"@type":"WebSite","@id":"https:\/\/diariotextual.com\/inicio\/#website","url":"https:\/\/diariotextual.com\/inicio\/","name":"Diario Textual","description":"","publisher":{"@id":"https:\/\/diariotextual.com\/inicio\/#organization"},"potentialAction":[{"@type":"SearchAction","target":{"@type":"EntryPoint","urlTemplate":"https:\/\/diariotextual.com\/inicio\/?s={search_term_string}"},"query-input":{"@type":"PropertyValueSpecification","valueRequired":true,"valueName":"search_term_string"}}],"inLanguage":"es"},{"@type":"Organization","@id":"https:\/\/diariotextual.com\/inicio\/#organization","name":"Diario Textual","url":"https:\/\/diariotextual.com\/inicio\/","logo":{"@type":"ImageObject","inLanguage":"es","@id":"https:\/\/diariotextual.com\/inicio\/#\/schema\/logo\/image\/","url":"https:\/\/diariotextual.com\/inicio\/wp-content\/uploads\/2023\/05\/logotextual1.jpg","contentUrl":"https:\/\/diariotextual.com\/inicio\/wp-content\/uploads\/2023\/05\/logotextual1.jpg","width":516,"height":76,"caption":"Diario Textual"},"image":{"@id":"https:\/\/diariotextual.com\/inicio\/#\/schema\/logo\/image\/"},"sameAs":["https:\/\/www.facebook.com\/eltextual","https:\/\/x.com\/eltextual","http:\/\/www.instagram.com\/eltextual"]},{"@type":"Person","@id":"https:\/\/diariotextual.com\/inicio\/#\/schema\/person\/a1b6f563e0ee944c60f98119389a4d9f","name":"diario3","image":{"@type":"ImageObject","inLanguage":"es","@id":"https:\/\/secure.gravatar.com\/avatar\/5e7ee62c82fc04d9dd79d746a390d93c69c43223e5faeeb3ea9461ef752bfc5d?s=96&d=mm&r=g","url":"https:\/\/secure.gravatar.com\/avatar\/5e7ee62c82fc04d9dd79d746a390d93c69c43223e5faeeb3ea9461ef752bfc5d?s=96&d=mm&r=g","contentUrl":"https:\/\/secure.gravatar.com\/avatar\/5e7ee62c82fc04d9dd79d746a390d93c69c43223e5faeeb3ea9461ef752bfc5d?s=96&d=mm&r=g","caption":"diario3"},"url":"https:\/\/diariotextual.com\/inicio\/index.php\/author\/diario3\/"}]}},"_links":{"self":[{"href":"https:\/\/diariotextual.com\/inicio\/index.php\/wp-json\/wp\/v2\/posts\/309534","targetHints":{"allow":["GET"]}}],"collection":[{"href":"https:\/\/diariotextual.com\/inicio\/index.php\/wp-json\/wp\/v2\/posts"}],"about":[{"href":"https:\/\/diariotextual.com\/inicio\/index.php\/wp-json\/wp\/v2\/types\/post"}],"author":[{"embeddable":true,"href":"https:\/\/diariotextual.com\/inicio\/index.php\/wp-json\/wp\/v2\/users\/5"}],"replies":[{"embeddable":true,"href":"https:\/\/diariotextual.com\/inicio\/index.php\/wp-json\/wp\/v2\/comments?post=309534"}],"version-history":[{"count":1,"href":"https:\/\/diariotextual.com\/inicio\/index.php\/wp-json\/wp\/v2\/posts\/309534\/revisions"}],"predecessor-version":[{"id":309536,"href":"https:\/\/diariotextual.com\/inicio\/index.php\/wp-json\/wp\/v2\/posts\/309534\/revisions\/309536"}],"wp:featuredmedia":[{"embeddable":true,"href":"https:\/\/diariotextual.com\/inicio\/index.php\/wp-json\/wp\/v2\/media\/309535"}],"wp:attachment":[{"href":"https:\/\/diariotextual.com\/inicio\/index.php\/wp-json\/wp\/v2\/media?parent=309534"}],"wp:term":[{"taxonomy":"category","embeddable":true,"href":"https:\/\/diariotextual.com\/inicio\/index.php\/wp-json\/wp\/v2\/categories?post=309534"},{"taxonomy":"post_tag","embeddable":true,"href":"https:\/\/diariotextual.com\/inicio\/index.php\/wp-json\/wp\/v2\/tags?post=309534"}],"curies":[{"name":"wp","href":"https:\/\/api.w.org\/{rel}","templated":true}]}}