{"id":309988,"date":"2025-10-15T18:43:46","date_gmt":"2025-10-15T21:43:46","guid":{"rendered":"https:\/\/diariotextual.com\/inicio\/?p=309988"},"modified":"2025-10-15T18:43:49","modified_gmt":"2025-10-15T21:43:49","slug":"acuerdo-para-que-el-21-de-octubre-sea-el-dia-de-reafirmacion-de-derechos-pampeanos-sobre-el-rio-atuel","status":"publish","type":"post","link":"https:\/\/diariotextual.com\/inicio\/index.php\/2025\/10\/15\/acuerdo-para-que-el-21-de-octubre-sea-el-dia-de-reafirmacion-de-derechos-pampeanos-sobre-el-rio-atuel\/","title":{"rendered":"Acuerdo para que el 21 de octubre sea el d\u00eda de Reafirmaci\u00f3n de Derechos pampeanos sobre el r\u00edo Atuel"},"content":{"rendered":"\n<p>Encabezada por el diputado provincial, Juan Barrionuevo (FreJuPa), se reuni\u00f3 la comisi\u00f3n de R\u00edos y se emiti\u00f3 un dictamen favorable por unanimidad al proyecto de resoluci\u00f3n por el que se manifiesta la adhesi\u00f3n, este <strong>21 de octubre, al \u201cD\u00eda de la reafirmaci\u00f3n de los derechos pampeanos sobre la cuenca interprovincial del r\u00edo Atuel\u201d.<\/strong><\/p>\n\n\n\n<p>Barrionuevo destac\u00f3 un hecho hist\u00f3rico para la provincia: <strong>la creaci\u00f3n de la primera colonia agr\u00edcola en el noroeste provincial, aprobada el 21 de octubre de 1909 por el entonces presidente de la Naci\u00f3n, Jos\u00e9 Figueroa Alcorta.<\/strong><\/p>\n\n\n\n<p>El diputado explic\u00f3 que aquella resoluci\u00f3n nacional aprob\u00f3 la mensura y divisi\u00f3n de los lotes 11 y 20, fracci\u00f3n A, que abarcaban una superficie total de 9.700 hect\u00e1reas, subdivididas en 93 chacras de 100 hect\u00e1reas y otras fracciones menores. <strong>\u201cCon ese acto administrativo se puso en marcha el primer sue\u00f1o de regad\u00edo y crecimiento en la regi\u00f3n, impulsando el asentamiento de familias agricultoras<\/strong> y la expansi\u00f3n econ\u00f3mica de la zona\u201d, expres\u00f3.<\/p>\n\n\n\n<p>Y <strong>lament\u00f3 que ese proyecto pionero \u201cno haya podido consolidarse plenamente por las reiteradas interrupciones del escurrimiento del r\u00edo proveniente de Mendoza<\/strong>\u201d, una problem\u00e1tica hist\u00f3rica que a\u00fan condiciona el desarrollo del noroeste pampeano.<\/p>\n\n\n\n<div style=\"height:100px\" aria-hidden=\"true\" class=\"wp-block-spacer\"><\/div>\n\n\n\n<p><strong>Hacienda y presupuesto<\/strong><\/p>\n\n\n\n<p>Adem\u00e1s, se reuni\u00f3 la comisi\u00f3n de Hacienda y Presupuesto, presidida por Daniel Lovera, y se dictamin\u00f3 en tres proyectos.<\/p>\n\n\n\n<p>El primero obtuvo dictamen favorable por mayor\u00eda, mientras que la minor\u00eda decidi\u00f3 fijar posici\u00f3n en el recinto. Se trata de una iniciativa de ley por la que se transfiere a t\u00edtulo gratuito al municipio de Alta Italia un inmueble de propiedad de la provincia de La Pampa.<\/p>\n\n\n\n<p>M\u00e1s adelante, tambi\u00e9n obtuvo dictamen favorable por mayor\u00eda, mientras que la minor\u00eda opt\u00f3 por fijar posici\u00f3n en el recinto, el proyecto de ley por el que se propicia la transferencia de dominio, a t\u00edtulo gratuito, de un inmueble de titularidad de la provincia de La Pampa a favor de la Comisi\u00f3n de Fomento de Maisonnave.<\/p>\n\n\n\n<p>Por \u00faltimo, consigui\u00f3 dictamen favorable por mayor\u00eda, en tanto la minor\u00eda fij\u00f3 posici\u00f3n en el recinto, la iniciativa de resoluci\u00f3n por la que se solicita al Poder Ejecutivo que analice la posibilidad de incluir en el Presupuesto 2026 la ampliaci\u00f3n y\/o refacci\u00f3n del Centro de Atenci\u00f3n Primaria de la Salud de La Humada.<\/p>\n","protected":false},"excerpt":{"rendered":"<p>Encabezada por el diputado provincial, Juan Barrionuevo (FreJuPa), se reuni\u00f3 la comisi\u00f3n de R\u00edos y se emiti\u00f3 un dictamen favorable por unanimidad al proyecto de resoluci\u00f3n por el que se&hellip;<\/p>\n","protected":false},"author":5,"featured_media":309990,"comment_status":"closed","ping_status":"open","sticky":false,"template":"","format":"standard","meta":{"_acf_changed":false,"footnotes":""},"categories":[1],"tags":[],"class_list":["post-309988","post","type-post","status-publish","format-standard","has-post-thumbnail","hentry","category-es-noticia"],"acf":[],"yoast_head":"<!-- This site is optimized with the Yoast SEO plugin v27.5 - https:\/\/yoast.com\/product\/yoast-seo-wordpress\/ -->\n<title>Acuerdo para que el 21 de octubre sea el d\u00eda de Reafirmaci\u00f3n de Derechos pampeanos sobre el r\u00edo Atuel - Diario Textual<\/title>\n<meta name=\"robots\" content=\"index, follow, max-snippet:-1, max-image-preview:large, max-video-preview:-1\" \/>\n<link rel=\"canonical\" href=\"https:\/\/diariotextual.com\/inicio\/index.php\/2025\/10\/15\/acuerdo-para-que-el-21-de-octubre-sea-el-dia-de-reafirmacion-de-derechos-pampeanos-sobre-el-rio-atuel\/\" \/>\n<meta property=\"og:locale\" content=\"es_ES\" \/>\n<meta property=\"og:type\" content=\"article\" \/>\n<meta property=\"og:title\" content=\"Acuerdo para que el 21 de octubre sea el d\u00eda de Reafirmaci\u00f3n de Derechos pampeanos sobre el r\u00edo Atuel - Diario Textual\" \/>\n<meta property=\"og:description\" content=\"Encabezada por el diputado provincial, Juan Barrionuevo (FreJuPa), se reuni\u00f3 la comisi\u00f3n de R\u00edos y se emiti\u00f3 un dictamen favorable por unanimidad al proyecto de resoluci\u00f3n por el que se&hellip;\" \/>\n<meta property=\"og:url\" content=\"https:\/\/diariotextual.com\/inicio\/index.php\/2025\/10\/15\/acuerdo-para-que-el-21-de-octubre-sea-el-dia-de-reafirmacion-de-derechos-pampeanos-sobre-el-rio-atuel\/\" \/>\n<meta property=\"og:site_name\" content=\"Diario Textual\" \/>\n<meta property=\"article:publisher\" content=\"https:\/\/www.facebook.com\/eltextual\" \/>\n<meta property=\"article:published_time\" content=\"2025-10-15T21:43:46+00:00\" \/>\n<meta property=\"article:modified_time\" content=\"2025-10-15T21:43:49+00:00\" \/>\n<meta property=\"og:image\" content=\"https:\/\/diariotextual.com\/inicio\/wp-content\/uploads\/2025\/10\/barrionuevojuandiputadocomisionrios2025.png\" \/>\n\t<meta property=\"og:image:width\" content=\"900\" \/>\n\t<meta property=\"og:image:height\" content=\"574\" \/>\n\t<meta property=\"og:image:type\" content=\"image\/png\" \/>\n<meta name=\"author\" content=\"diario3\" \/>\n<meta name=\"twitter:card\" content=\"summary_large_image\" \/>\n<meta name=\"twitter:creator\" content=\"@eltextual\" \/>\n<meta name=\"twitter:site\" content=\"@eltextual\" \/>\n<meta name=\"twitter:label1\" content=\"Escrito por\" \/>\n\t<meta name=\"twitter:data1\" content=\"diario3\" \/>\n\t<meta name=\"twitter:label2\" content=\"Tiempo de lectura\" \/>\n\t<meta name=\"twitter:data2\" content=\"2 minutos\" \/>\n<script type=\"application\/ld+json\" class=\"yoast-schema-graph\">{\"@context\":\"https:\\\/\\\/schema.org\",\"@graph\":[{\"@type\":\"Article\",\"@id\":\"https:\\\/\\\/diariotextual.com\\\/inicio\\\/index.php\\\/2025\\\/10\\\/15\\\/acuerdo-para-que-el-21-de-octubre-sea-el-dia-de-reafirmacion-de-derechos-pampeanos-sobre-el-rio-atuel\\\/#article\",\"isPartOf\":{\"@id\":\"https:\\\/\\\/diariotextual.com\\\/inicio\\\/index.php\\\/2025\\\/10\\\/15\\\/acuerdo-para-que-el-21-de-octubre-sea-el-dia-de-reafirmacion-de-derechos-pampeanos-sobre-el-rio-atuel\\\/\"},\"author\":{\"name\":\"diario3\",\"@id\":\"https:\\\/\\\/diariotextual.com\\\/inicio\\\/#\\\/schema\\\/person\\\/a1b6f563e0ee944c60f98119389a4d9f\"},\"headline\":\"Acuerdo para que el 21 de octubre sea el d\u00eda de Reafirmaci\u00f3n de Derechos pampeanos sobre el r\u00edo Atuel\",\"datePublished\":\"2025-10-15T21:43:46+00:00\",\"dateModified\":\"2025-10-15T21:43:49+00:00\",\"mainEntityOfPage\":{\"@id\":\"https:\\\/\\\/diariotextual.com\\\/inicio\\\/index.php\\\/2025\\\/10\\\/15\\\/acuerdo-para-que-el-21-de-octubre-sea-el-dia-de-reafirmacion-de-derechos-pampeanos-sobre-el-rio-atuel\\\/\"},\"wordCount\":428,\"publisher\":{\"@id\":\"https:\\\/\\\/diariotextual.com\\\/inicio\\\/#organization\"},\"image\":{\"@id\":\"https:\\\/\\\/diariotextual.com\\\/inicio\\\/index.php\\\/2025\\\/10\\\/15\\\/acuerdo-para-que-el-21-de-octubre-sea-el-dia-de-reafirmacion-de-derechos-pampeanos-sobre-el-rio-atuel\\\/#primaryimage\"},\"thumbnailUrl\":\"https:\\\/\\\/diariotextual.com\\\/inicio\\\/wp-content\\\/uploads\\\/2025\\\/10\\\/barrionuevojuandiputadocomisionrios2025.png\",\"articleSection\":[\"A - ES NOTICIA (van abajo)\"],\"inLanguage\":\"es\"},{\"@type\":\"WebPage\",\"@id\":\"https:\\\/\\\/diariotextual.com\\\/inicio\\\/index.php\\\/2025\\\/10\\\/15\\\/acuerdo-para-que-el-21-de-octubre-sea-el-dia-de-reafirmacion-de-derechos-pampeanos-sobre-el-rio-atuel\\\/\",\"url\":\"https:\\\/\\\/diariotextual.com\\\/inicio\\\/index.php\\\/2025\\\/10\\\/15\\\/acuerdo-para-que-el-21-de-octubre-sea-el-dia-de-reafirmacion-de-derechos-pampeanos-sobre-el-rio-atuel\\\/\",\"name\":\"Acuerdo para que el 21 de octubre sea el d\u00eda de Reafirmaci\u00f3n de Derechos pampeanos sobre el r\u00edo Atuel - Diario Textual\",\"isPartOf\":{\"@id\":\"https:\\\/\\\/diariotextual.com\\\/inicio\\\/#website\"},\"primaryImageOfPage\":{\"@id\":\"https:\\\/\\\/diariotextual.com\\\/inicio\\\/index.php\\\/2025\\\/10\\\/15\\\/acuerdo-para-que-el-21-de-octubre-sea-el-dia-de-reafirmacion-de-derechos-pampeanos-sobre-el-rio-atuel\\\/#primaryimage\"},\"image\":{\"@id\":\"https:\\\/\\\/diariotextual.com\\\/inicio\\\/index.php\\\/2025\\\/10\\\/15\\\/acuerdo-para-que-el-21-de-octubre-sea-el-dia-de-reafirmacion-de-derechos-pampeanos-sobre-el-rio-atuel\\\/#primaryimage\"},\"thumbnailUrl\":\"https:\\\/\\\/diariotextual.com\\\/inicio\\\/wp-content\\\/uploads\\\/2025\\\/10\\\/barrionuevojuandiputadocomisionrios2025.png\",\"datePublished\":\"2025-10-15T21:43:46+00:00\",\"dateModified\":\"2025-10-15T21:43:49+00:00\",\"breadcrumb\":{\"@id\":\"https:\\\/\\\/diariotextual.com\\\/inicio\\\/index.php\\\/2025\\\/10\\\/15\\\/acuerdo-para-que-el-21-de-octubre-sea-el-dia-de-reafirmacion-de-derechos-pampeanos-sobre-el-rio-atuel\\\/#breadcrumb\"},\"inLanguage\":\"es\",\"potentialAction\":[{\"@type\":\"ReadAction\",\"target\":[\"https:\\\/\\\/diariotextual.com\\\/inicio\\\/index.php\\\/2025\\\/10\\\/15\\\/acuerdo-para-que-el-21-de-octubre-sea-el-dia-de-reafirmacion-de-derechos-pampeanos-sobre-el-rio-atuel\\\/\"]}]},{\"@type\":\"ImageObject\",\"inLanguage\":\"es\",\"@id\":\"https:\\\/\\\/diariotextual.com\\\/inicio\\\/index.php\\\/2025\\\/10\\\/15\\\/acuerdo-para-que-el-21-de-octubre-sea-el-dia-de-reafirmacion-de-derechos-pampeanos-sobre-el-rio-atuel\\\/#primaryimage\",\"url\":\"https:\\\/\\\/diariotextual.com\\\/inicio\\\/wp-content\\\/uploads\\\/2025\\\/10\\\/barrionuevojuandiputadocomisionrios2025.png\",\"contentUrl\":\"https:\\\/\\\/diariotextual.com\\\/inicio\\\/wp-content\\\/uploads\\\/2025\\\/10\\\/barrionuevojuandiputadocomisionrios2025.png\",\"width\":900,\"height\":574},{\"@type\":\"BreadcrumbList\",\"@id\":\"https:\\\/\\\/diariotextual.com\\\/inicio\\\/index.php\\\/2025\\\/10\\\/15\\\/acuerdo-para-que-el-21-de-octubre-sea-el-dia-de-reafirmacion-de-derechos-pampeanos-sobre-el-rio-atuel\\\/#breadcrumb\",\"itemListElement\":[{\"@type\":\"ListItem\",\"position\":1,\"name\":\"Portada\",\"item\":\"https:\\\/\\\/diariotextual.com\\\/inicio\\\/\"},{\"@type\":\"ListItem\",\"position\":2,\"name\":\"Acuerdo para que el 21 de octubre sea el d\u00eda de Reafirmaci\u00f3n de Derechos pampeanos sobre el r\u00edo Atuel\"}]},{\"@type\":\"WebSite\",\"@id\":\"https:\\\/\\\/diariotextual.com\\\/inicio\\\/#website\",\"url\":\"https:\\\/\\\/diariotextual.com\\\/inicio\\\/\",\"name\":\"Diario Textual\",\"description\":\"\",\"publisher\":{\"@id\":\"https:\\\/\\\/diariotextual.com\\\/inicio\\\/#organization\"},\"potentialAction\":[{\"@type\":\"SearchAction\",\"target\":{\"@type\":\"EntryPoint\",\"urlTemplate\":\"https:\\\/\\\/diariotextual.com\\\/inicio\\\/?s={search_term_string}\"},\"query-input\":{\"@type\":\"PropertyValueSpecification\",\"valueRequired\":true,\"valueName\":\"search_term_string\"}}],\"inLanguage\":\"es\"},{\"@type\":\"Organization\",\"@id\":\"https:\\\/\\\/diariotextual.com\\\/inicio\\\/#organization\",\"name\":\"Diario Textual\",\"url\":\"https:\\\/\\\/diariotextual.com\\\/inicio\\\/\",\"logo\":{\"@type\":\"ImageObject\",\"inLanguage\":\"es\",\"@id\":\"https:\\\/\\\/diariotextual.com\\\/inicio\\\/#\\\/schema\\\/logo\\\/image\\\/\",\"url\":\"https:\\\/\\\/diariotextual.com\\\/inicio\\\/wp-content\\\/uploads\\\/2023\\\/05\\\/logotextual1.jpg\",\"contentUrl\":\"https:\\\/\\\/diariotextual.com\\\/inicio\\\/wp-content\\\/uploads\\\/2023\\\/05\\\/logotextual1.jpg\",\"width\":516,\"height\":76,\"caption\":\"Diario Textual\"},\"image\":{\"@id\":\"https:\\\/\\\/diariotextual.com\\\/inicio\\\/#\\\/schema\\\/logo\\\/image\\\/\"},\"sameAs\":[\"https:\\\/\\\/www.facebook.com\\\/eltextual\",\"https:\\\/\\\/x.com\\\/eltextual\",\"http:\\\/\\\/www.instagram.com\\\/eltextual\"]},{\"@type\":\"Person\",\"@id\":\"https:\\\/\\\/diariotextual.com\\\/inicio\\\/#\\\/schema\\\/person\\\/a1b6f563e0ee944c60f98119389a4d9f\",\"name\":\"diario3\",\"image\":{\"@type\":\"ImageObject\",\"inLanguage\":\"es\",\"@id\":\"https:\\\/\\\/secure.gravatar.com\\\/avatar\\\/5e7ee62c82fc04d9dd79d746a390d93c69c43223e5faeeb3ea9461ef752bfc5d?s=96&d=mm&r=g\",\"url\":\"https:\\\/\\\/secure.gravatar.com\\\/avatar\\\/5e7ee62c82fc04d9dd79d746a390d93c69c43223e5faeeb3ea9461ef752bfc5d?s=96&d=mm&r=g\",\"contentUrl\":\"https:\\\/\\\/secure.gravatar.com\\\/avatar\\\/5e7ee62c82fc04d9dd79d746a390d93c69c43223e5faeeb3ea9461ef752bfc5d?s=96&d=mm&r=g\",\"caption\":\"diario3\"},\"url\":\"https:\\\/\\\/diariotextual.com\\\/inicio\\\/index.php\\\/author\\\/diario3\\\/\"}]}<\/script>\n<!-- \/ Yoast SEO plugin. -->","yoast_head_json":{"title":"Acuerdo para que el 21 de octubre sea el d\u00eda de Reafirmaci\u00f3n de Derechos pampeanos sobre el r\u00edo Atuel - Diario Textual","robots":{"index":"index","follow":"follow","max-snippet":"max-snippet:-1","max-image-preview":"max-image-preview:large","max-video-preview":"max-video-preview:-1"},"canonical":"https:\/\/diariotextual.com\/inicio\/index.php\/2025\/10\/15\/acuerdo-para-que-el-21-de-octubre-sea-el-dia-de-reafirmacion-de-derechos-pampeanos-sobre-el-rio-atuel\/","og_locale":"es_ES","og_type":"article","og_title":"Acuerdo para que el 21 de octubre sea el d\u00eda de Reafirmaci\u00f3n de Derechos pampeanos sobre el r\u00edo Atuel - Diario Textual","og_description":"Encabezada por el diputado provincial, Juan Barrionuevo (FreJuPa), se reuni\u00f3 la comisi\u00f3n de R\u00edos y se emiti\u00f3 un dictamen favorable por unanimidad al proyecto de resoluci\u00f3n por el que se&hellip;","og_url":"https:\/\/diariotextual.com\/inicio\/index.php\/2025\/10\/15\/acuerdo-para-que-el-21-de-octubre-sea-el-dia-de-reafirmacion-de-derechos-pampeanos-sobre-el-rio-atuel\/","og_site_name":"Diario Textual","article_publisher":"https:\/\/www.facebook.com\/eltextual","article_published_time":"2025-10-15T21:43:46+00:00","article_modified_time":"2025-10-15T21:43:49+00:00","og_image":[{"width":900,"height":574,"url":"https:\/\/diariotextual.com\/inicio\/wp-content\/uploads\/2025\/10\/barrionuevojuandiputadocomisionrios2025.png","type":"image\/png"}],"author":"diario3","twitter_card":"summary_large_image","twitter_creator":"@eltextual","twitter_site":"@eltextual","twitter_misc":{"Escrito por":"diario3","Tiempo de lectura":"2 minutos"},"schema":{"@context":"https:\/\/schema.org","@graph":[{"@type":"Article","@id":"https:\/\/diariotextual.com\/inicio\/index.php\/2025\/10\/15\/acuerdo-para-que-el-21-de-octubre-sea-el-dia-de-reafirmacion-de-derechos-pampeanos-sobre-el-rio-atuel\/#article","isPartOf":{"@id":"https:\/\/diariotextual.com\/inicio\/index.php\/2025\/10\/15\/acuerdo-para-que-el-21-de-octubre-sea-el-dia-de-reafirmacion-de-derechos-pampeanos-sobre-el-rio-atuel\/"},"author":{"name":"diario3","@id":"https:\/\/diariotextual.com\/inicio\/#\/schema\/person\/a1b6f563e0ee944c60f98119389a4d9f"},"headline":"Acuerdo para que el 21 de octubre sea el d\u00eda de Reafirmaci\u00f3n de Derechos pampeanos sobre el r\u00edo Atuel","datePublished":"2025-10-15T21:43:46+00:00","dateModified":"2025-10-15T21:43:49+00:00","mainEntityOfPage":{"@id":"https:\/\/diariotextual.com\/inicio\/index.php\/2025\/10\/15\/acuerdo-para-que-el-21-de-octubre-sea-el-dia-de-reafirmacion-de-derechos-pampeanos-sobre-el-rio-atuel\/"},"wordCount":428,"publisher":{"@id":"https:\/\/diariotextual.com\/inicio\/#organization"},"image":{"@id":"https:\/\/diariotextual.com\/inicio\/index.php\/2025\/10\/15\/acuerdo-para-que-el-21-de-octubre-sea-el-dia-de-reafirmacion-de-derechos-pampeanos-sobre-el-rio-atuel\/#primaryimage"},"thumbnailUrl":"https:\/\/diariotextual.com\/inicio\/wp-content\/uploads\/2025\/10\/barrionuevojuandiputadocomisionrios2025.png","articleSection":["A - ES NOTICIA (van abajo)"],"inLanguage":"es"},{"@type":"WebPage","@id":"https:\/\/diariotextual.com\/inicio\/index.php\/2025\/10\/15\/acuerdo-para-que-el-21-de-octubre-sea-el-dia-de-reafirmacion-de-derechos-pampeanos-sobre-el-rio-atuel\/","url":"https:\/\/diariotextual.com\/inicio\/index.php\/2025\/10\/15\/acuerdo-para-que-el-21-de-octubre-sea-el-dia-de-reafirmacion-de-derechos-pampeanos-sobre-el-rio-atuel\/","name":"Acuerdo para que el 21 de octubre sea el d\u00eda de Reafirmaci\u00f3n de Derechos pampeanos sobre el r\u00edo Atuel - Diario Textual","isPartOf":{"@id":"https:\/\/diariotextual.com\/inicio\/#website"},"primaryImageOfPage":{"@id":"https:\/\/diariotextual.com\/inicio\/index.php\/2025\/10\/15\/acuerdo-para-que-el-21-de-octubre-sea-el-dia-de-reafirmacion-de-derechos-pampeanos-sobre-el-rio-atuel\/#primaryimage"},"image":{"@id":"https:\/\/diariotextual.com\/inicio\/index.php\/2025\/10\/15\/acuerdo-para-que-el-21-de-octubre-sea-el-dia-de-reafirmacion-de-derechos-pampeanos-sobre-el-rio-atuel\/#primaryimage"},"thumbnailUrl":"https:\/\/diariotextual.com\/inicio\/wp-content\/uploads\/2025\/10\/barrionuevojuandiputadocomisionrios2025.png","datePublished":"2025-10-15T21:43:46+00:00","dateModified":"2025-10-15T21:43:49+00:00","breadcrumb":{"@id":"https:\/\/diariotextual.com\/inicio\/index.php\/2025\/10\/15\/acuerdo-para-que-el-21-de-octubre-sea-el-dia-de-reafirmacion-de-derechos-pampeanos-sobre-el-rio-atuel\/#breadcrumb"},"inLanguage":"es","potentialAction":[{"@type":"ReadAction","target":["https:\/\/diariotextual.com\/inicio\/index.php\/2025\/10\/15\/acuerdo-para-que-el-21-de-octubre-sea-el-dia-de-reafirmacion-de-derechos-pampeanos-sobre-el-rio-atuel\/"]}]},{"@type":"ImageObject","inLanguage":"es","@id":"https:\/\/diariotextual.com\/inicio\/index.php\/2025\/10\/15\/acuerdo-para-que-el-21-de-octubre-sea-el-dia-de-reafirmacion-de-derechos-pampeanos-sobre-el-rio-atuel\/#primaryimage","url":"https:\/\/diariotextual.com\/inicio\/wp-content\/uploads\/2025\/10\/barrionuevojuandiputadocomisionrios2025.png","contentUrl":"https:\/\/diariotextual.com\/inicio\/wp-content\/uploads\/2025\/10\/barrionuevojuandiputadocomisionrios2025.png","width":900,"height":574},{"@type":"BreadcrumbList","@id":"https:\/\/diariotextual.com\/inicio\/index.php\/2025\/10\/15\/acuerdo-para-que-el-21-de-octubre-sea-el-dia-de-reafirmacion-de-derechos-pampeanos-sobre-el-rio-atuel\/#breadcrumb","itemListElement":[{"@type":"ListItem","position":1,"name":"Portada","item":"https:\/\/diariotextual.com\/inicio\/"},{"@type":"ListItem","position":2,"name":"Acuerdo para que el 21 de octubre sea el d\u00eda de Reafirmaci\u00f3n de Derechos pampeanos sobre el r\u00edo Atuel"}]},{"@type":"WebSite","@id":"https:\/\/diariotextual.com\/inicio\/#website","url":"https:\/\/diariotextual.com\/inicio\/","name":"Diario Textual","description":"","publisher":{"@id":"https:\/\/diariotextual.com\/inicio\/#organization"},"potentialAction":[{"@type":"SearchAction","target":{"@type":"EntryPoint","urlTemplate":"https:\/\/diariotextual.com\/inicio\/?s={search_term_string}"},"query-input":{"@type":"PropertyValueSpecification","valueRequired":true,"valueName":"search_term_string"}}],"inLanguage":"es"},{"@type":"Organization","@id":"https:\/\/diariotextual.com\/inicio\/#organization","name":"Diario Textual","url":"https:\/\/diariotextual.com\/inicio\/","logo":{"@type":"ImageObject","inLanguage":"es","@id":"https:\/\/diariotextual.com\/inicio\/#\/schema\/logo\/image\/","url":"https:\/\/diariotextual.com\/inicio\/wp-content\/uploads\/2023\/05\/logotextual1.jpg","contentUrl":"https:\/\/diariotextual.com\/inicio\/wp-content\/uploads\/2023\/05\/logotextual1.jpg","width":516,"height":76,"caption":"Diario Textual"},"image":{"@id":"https:\/\/diariotextual.com\/inicio\/#\/schema\/logo\/image\/"},"sameAs":["https:\/\/www.facebook.com\/eltextual","https:\/\/x.com\/eltextual","http:\/\/www.instagram.com\/eltextual"]},{"@type":"Person","@id":"https:\/\/diariotextual.com\/inicio\/#\/schema\/person\/a1b6f563e0ee944c60f98119389a4d9f","name":"diario3","image":{"@type":"ImageObject","inLanguage":"es","@id":"https:\/\/secure.gravatar.com\/avatar\/5e7ee62c82fc04d9dd79d746a390d93c69c43223e5faeeb3ea9461ef752bfc5d?s=96&d=mm&r=g","url":"https:\/\/secure.gravatar.com\/avatar\/5e7ee62c82fc04d9dd79d746a390d93c69c43223e5faeeb3ea9461ef752bfc5d?s=96&d=mm&r=g","contentUrl":"https:\/\/secure.gravatar.com\/avatar\/5e7ee62c82fc04d9dd79d746a390d93c69c43223e5faeeb3ea9461ef752bfc5d?s=96&d=mm&r=g","caption":"diario3"},"url":"https:\/\/diariotextual.com\/inicio\/index.php\/author\/diario3\/"}]}},"_links":{"self":[{"href":"https:\/\/diariotextual.com\/inicio\/index.php\/wp-json\/wp\/v2\/posts\/309988","targetHints":{"allow":["GET"]}}],"collection":[{"href":"https:\/\/diariotextual.com\/inicio\/index.php\/wp-json\/wp\/v2\/posts"}],"about":[{"href":"https:\/\/diariotextual.com\/inicio\/index.php\/wp-json\/wp\/v2\/types\/post"}],"author":[{"embeddable":true,"href":"https:\/\/diariotextual.com\/inicio\/index.php\/wp-json\/wp\/v2\/users\/5"}],"replies":[{"embeddable":true,"href":"https:\/\/diariotextual.com\/inicio\/index.php\/wp-json\/wp\/v2\/comments?post=309988"}],"version-history":[{"count":1,"href":"https:\/\/diariotextual.com\/inicio\/index.php\/wp-json\/wp\/v2\/posts\/309988\/revisions"}],"predecessor-version":[{"id":309991,"href":"https:\/\/diariotextual.com\/inicio\/index.php\/wp-json\/wp\/v2\/posts\/309988\/revisions\/309991"}],"wp:featuredmedia":[{"embeddable":true,"href":"https:\/\/diariotextual.com\/inicio\/index.php\/wp-json\/wp\/v2\/media\/309990"}],"wp:attachment":[{"href":"https:\/\/diariotextual.com\/inicio\/index.php\/wp-json\/wp\/v2\/media?parent=309988"}],"wp:term":[{"taxonomy":"category","embeddable":true,"href":"https:\/\/diariotextual.com\/inicio\/index.php\/wp-json\/wp\/v2\/categories?post=309988"},{"taxonomy":"post_tag","embeddable":true,"href":"https:\/\/diariotextual.com\/inicio\/index.php\/wp-json\/wp\/v2\/tags?post=309988"}],"curies":[{"name":"wp","href":"https:\/\/api.w.org\/{rel}","templated":true}]}}