{"id":310848,"date":"2025-10-24T21:30:21","date_gmt":"2025-10-25T00:30:21","guid":{"rendered":"https:\/\/diariotextual.com\/inicio\/?p=310848"},"modified":"2025-10-24T21:30:25","modified_gmt":"2025-10-25T00:30:25","slug":"festival-de-alfareria-en-santa-rosa-7-8-y-9-de-noviembre-en-el-molino","status":"publish","type":"post","link":"https:\/\/diariotextual.com\/inicio\/index.php\/2025\/10\/24\/festival-de-alfareria-en-santa-rosa-7-8-y-9-de-noviembre-en-el-molino\/","title":{"rendered":"Festival de Alfarer\u00eda en Santa Rosa: 7, 8 y 9 de noviembre en El Molino"},"content":{"rendered":"\n<p>El <strong>Colectivo de Ceramistas Pampeanos anunci\u00f3 la realizaci\u00f3n del II Festival de Alfarer\u00eda de La Pampa<\/strong>. Ser\u00e1 los d\u00edas <strong>7, 8 y 9 de noviembre en el Complejo Cultural El Molino de Santa Rosa<\/strong> y las actividades se desarrollar\u00e1n desde las 9 hasta las 20 horas. Est\u00e1n dirigidas tanto a ceramistas y alfareros como al p\u00fablico general interesado.<\/p>\n\n\n\n<p>Desde la organizaci\u00f3n se detall\u00f3 que el festival busca profundizar en la identidad y la conexi\u00f3n territorial de la producci\u00f3n artesanal y se desarrollar\u00e1 bajo la pregunta central: \u201c<strong>\u00bfQu\u00e9 significa hacer cer\u00e1mica en La Pampa? \u00bfC\u00f3mo nos atraviesan el paisaje, los vientos, el barro<\/strong>?\u201d.<\/p>\n\n\n\n<p><strong>\u201cQueremos reunir a ceramistas de toda la regi\u00f3n para conocernos, compartir experiencias, hablar de identidad, territorio y creaci\u00f3n.<\/strong> Este festival es un espacio para charlar, aprender, inspirarnos y celebrar lo que nos une como creadores de la arcilla\u201d, se expres\u00f3 desde el Colectivo de Ceramistas Pampeanos.<\/p>\n\n\n\n<p>El programa incluye una variedad de actividades pr\u00e1cticas y reflexivas:<\/p>\n\n\n\n<p>\u25cf <strong>Indagaci\u00f3n Territorial<\/strong>: paseo guiado por la zona Estancia La Malvina. Impresi\u00f3n directa sobre arcilla de huellas naturales del territorio. Visita a una cantera natural en Cachirulo para la b\u00fasqueda y estudio de materiales locales.<\/p>\n\n\n\n<p>\u25cf <strong>Construcci\u00f3n Colectiva y Quemas<\/strong>: Un espacio de exploraci\u00f3n, intercambio y creaci\u00f3n colectiva que incluye la construcci\u00f3n de piezas de peque\u00f1o formato, quema al aire libre y, como punto destacado, la edificaci\u00f3n de un Horno Escult\u00f3rico a carga del colectivo hom\u00f3nimo proveniente de Mar del Plata.<\/p>\n\n\n\n<p>\u25cf <strong>Rondas de conversaci\u00f3n<\/strong>: Espacios de di\u00e1logo con invitados especiales sobre temas clave como:<\/p>\n\n\n\n<p>-\u201cCer\u00e1mica con acento pampeano \u2013 Simbolog\u00eda rankel\u201d a cargo de Rafael Curtoni, arque\u00f3logo, docente e investigador del CONICET,&nbsp; y la ceramista pampeana Cristina Fiorucci del Taller Kutralton y Tierra Ranquel Cer\u00e1mica.<\/p>\n\n\n\n<p>-\u201cCer\u00e1mica de origen\u201d con Alicia Tapia, doctora en Ciencias Antropol\u00f3gicas con orientaci\u00f3n en Arqueolog\u00eda por la Universidad de Buenos Aires, con la participaci\u00f3n de la Escuela de Cer\u00e1mica de Trenque Lauquen y Taller Barreales, quienes compartir\u00e1n una aproximaci\u00f3n, desde el oficio, a las formas alfareras.<\/p>\n\n\n\n<p>\u25cf \u201cArcilla y materiales locales\u201d con invitados: ge\u00f3logo Martin Buss Jacob (Secretar\u00eda de Energ\u00eda y Miner\u00eda de La Pampa), Ge\u00f3loga Laura Delgado (Subsecretar\u00eda de Miner\u00eda de Buenos Aires.), alumnos y docentes de la Tecnicatura de Cer\u00e1mica y el proyecto Le\u00f1a cer\u00e1mica a fuego.<\/p>\n\n\n\n<p>-\u201cEl sentido del hacer\u201d con invitados: Las 3 Alfareras (Mirtha Funaro, Tini Rivarola y Susana Cortes), proyecto Yen-Tue (de Gral. Pico) y proyecto Piromaquia (de Anguil).<\/p>\n\n\n\n<p>El <strong>s\u00e1bado 8 de noviembre, a partir de las 21 horas, el festival culminar\u00e1 con una gran fiesta en Cheje Casa Cultural (Alvear 455)<\/strong>, abierta a toda la comunidad. El evento contar\u00e1 con la participaci\u00f3n musical de KumbiaKu\u00e1tica, una muestra de obras de la artista Mariana Gagero, proyecciones audiovisuales a carga de Mute, y un DJ set.<\/p>\n\n\n\n<p>Se invita a la prensa y al p\u00fablico a seguir las publicaciones detalladas y actualizadas del evento a trav\u00e9s de las redes sociales: @festivaldealfareria_lapampa<\/p>\n\n\n\n<p><\/p>\n","protected":false},"excerpt":{"rendered":"<p>El Colectivo de Ceramistas Pampeanos anunci\u00f3 la realizaci\u00f3n del II Festival de Alfarer\u00eda de La Pampa. Ser\u00e1 los d\u00edas 7, 8 y 9 de noviembre en el Complejo Cultural El&hellip;<\/p>\n","protected":false},"author":5,"featured_media":310849,"comment_status":"closed","ping_status":"open","sticky":false,"template":"","format":"standard","meta":{"_acf_changed":false,"footnotes":""},"categories":[1,2],"tags":[],"class_list":["post-310848","post","type-post","status-publish","format-standard","has-post-thumbnail","hentry","category-es-noticia","category-cultura"],"acf":[],"yoast_head":"<!-- This site is optimized with the Yoast SEO plugin v27.5 - https:\/\/yoast.com\/product\/yoast-seo-wordpress\/ -->\n<title>Festival de Alfarer\u00eda en Santa Rosa: 7, 8 y 9 de noviembre en El Molino - Diario Textual<\/title>\n<meta name=\"robots\" content=\"index, follow, max-snippet:-1, max-image-preview:large, max-video-preview:-1\" \/>\n<link rel=\"canonical\" href=\"https:\/\/diariotextual.com\/inicio\/index.php\/2025\/10\/24\/festival-de-alfareria-en-santa-rosa-7-8-y-9-de-noviembre-en-el-molino\/\" \/>\n<meta property=\"og:locale\" content=\"es_ES\" \/>\n<meta property=\"og:type\" content=\"article\" \/>\n<meta property=\"og:title\" content=\"Festival de Alfarer\u00eda en Santa Rosa: 7, 8 y 9 de noviembre en El Molino - Diario Textual\" \/>\n<meta property=\"og:description\" content=\"El Colectivo de Ceramistas Pampeanos anunci\u00f3 la realizaci\u00f3n del II Festival de Alfarer\u00eda de La Pampa. Ser\u00e1 los d\u00edas 7, 8 y 9 de noviembre en el Complejo Cultural El&hellip;\" \/>\n<meta property=\"og:url\" content=\"https:\/\/diariotextual.com\/inicio\/index.php\/2025\/10\/24\/festival-de-alfareria-en-santa-rosa-7-8-y-9-de-noviembre-en-el-molino\/\" \/>\n<meta property=\"og:site_name\" content=\"Diario Textual\" \/>\n<meta property=\"article:publisher\" content=\"https:\/\/www.facebook.com\/eltextual\" \/>\n<meta property=\"article:published_time\" content=\"2025-10-25T00:30:21+00:00\" \/>\n<meta property=\"article:modified_time\" content=\"2025-10-25T00:30:25+00:00\" \/>\n<meta property=\"og:image\" content=\"https:\/\/diariotextual.com\/inicio\/wp-content\/uploads\/2025\/10\/festivalalfareria2025.jpg\" \/>\n\t<meta property=\"og:image:width\" content=\"900\" \/>\n\t<meta property=\"og:image:height\" content=\"445\" \/>\n\t<meta property=\"og:image:type\" content=\"image\/jpeg\" \/>\n<meta name=\"author\" content=\"diario3\" \/>\n<meta name=\"twitter:card\" content=\"summary_large_image\" \/>\n<meta name=\"twitter:creator\" content=\"@eltextual\" \/>\n<meta name=\"twitter:site\" content=\"@eltextual\" \/>\n<meta name=\"twitter:label1\" content=\"Escrito por\" \/>\n\t<meta name=\"twitter:data1\" content=\"diario3\" \/>\n\t<meta name=\"twitter:label2\" content=\"Tiempo de lectura\" \/>\n\t<meta name=\"twitter:data2\" content=\"3 minutos\" \/>\n<script type=\"application\/ld+json\" class=\"yoast-schema-graph\">{\"@context\":\"https:\\\/\\\/schema.org\",\"@graph\":[{\"@type\":\"Article\",\"@id\":\"https:\\\/\\\/diariotextual.com\\\/inicio\\\/index.php\\\/2025\\\/10\\\/24\\\/festival-de-alfareria-en-santa-rosa-7-8-y-9-de-noviembre-en-el-molino\\\/#article\",\"isPartOf\":{\"@id\":\"https:\\\/\\\/diariotextual.com\\\/inicio\\\/index.php\\\/2025\\\/10\\\/24\\\/festival-de-alfareria-en-santa-rosa-7-8-y-9-de-noviembre-en-el-molino\\\/\"},\"author\":{\"name\":\"diario3\",\"@id\":\"https:\\\/\\\/diariotextual.com\\\/inicio\\\/#\\\/schema\\\/person\\\/a1b6f563e0ee944c60f98119389a4d9f\"},\"headline\":\"Festival de Alfarer\u00eda en Santa Rosa: 7, 8 y 9 de noviembre en El Molino\",\"datePublished\":\"2025-10-25T00:30:21+00:00\",\"dateModified\":\"2025-10-25T00:30:25+00:00\",\"mainEntityOfPage\":{\"@id\":\"https:\\\/\\\/diariotextual.com\\\/inicio\\\/index.php\\\/2025\\\/10\\\/24\\\/festival-de-alfareria-en-santa-rosa-7-8-y-9-de-noviembre-en-el-molino\\\/\"},\"wordCount\":537,\"publisher\":{\"@id\":\"https:\\\/\\\/diariotextual.com\\\/inicio\\\/#organization\"},\"image\":{\"@id\":\"https:\\\/\\\/diariotextual.com\\\/inicio\\\/index.php\\\/2025\\\/10\\\/24\\\/festival-de-alfareria-en-santa-rosa-7-8-y-9-de-noviembre-en-el-molino\\\/#primaryimage\"},\"thumbnailUrl\":\"https:\\\/\\\/diariotextual.com\\\/inicio\\\/wp-content\\\/uploads\\\/2025\\\/10\\\/festivalalfareria2025.jpg\",\"articleSection\":[\"A - ES NOTICIA (van abajo)\",\"CULTURA\"],\"inLanguage\":\"es\"},{\"@type\":\"WebPage\",\"@id\":\"https:\\\/\\\/diariotextual.com\\\/inicio\\\/index.php\\\/2025\\\/10\\\/24\\\/festival-de-alfareria-en-santa-rosa-7-8-y-9-de-noviembre-en-el-molino\\\/\",\"url\":\"https:\\\/\\\/diariotextual.com\\\/inicio\\\/index.php\\\/2025\\\/10\\\/24\\\/festival-de-alfareria-en-santa-rosa-7-8-y-9-de-noviembre-en-el-molino\\\/\",\"name\":\"Festival de Alfarer\u00eda en Santa Rosa: 7, 8 y 9 de noviembre en El Molino - Diario Textual\",\"isPartOf\":{\"@id\":\"https:\\\/\\\/diariotextual.com\\\/inicio\\\/#website\"},\"primaryImageOfPage\":{\"@id\":\"https:\\\/\\\/diariotextual.com\\\/inicio\\\/index.php\\\/2025\\\/10\\\/24\\\/festival-de-alfareria-en-santa-rosa-7-8-y-9-de-noviembre-en-el-molino\\\/#primaryimage\"},\"image\":{\"@id\":\"https:\\\/\\\/diariotextual.com\\\/inicio\\\/index.php\\\/2025\\\/10\\\/24\\\/festival-de-alfareria-en-santa-rosa-7-8-y-9-de-noviembre-en-el-molino\\\/#primaryimage\"},\"thumbnailUrl\":\"https:\\\/\\\/diariotextual.com\\\/inicio\\\/wp-content\\\/uploads\\\/2025\\\/10\\\/festivalalfareria2025.jpg\",\"datePublished\":\"2025-10-25T00:30:21+00:00\",\"dateModified\":\"2025-10-25T00:30:25+00:00\",\"breadcrumb\":{\"@id\":\"https:\\\/\\\/diariotextual.com\\\/inicio\\\/index.php\\\/2025\\\/10\\\/24\\\/festival-de-alfareria-en-santa-rosa-7-8-y-9-de-noviembre-en-el-molino\\\/#breadcrumb\"},\"inLanguage\":\"es\",\"potentialAction\":[{\"@type\":\"ReadAction\",\"target\":[\"https:\\\/\\\/diariotextual.com\\\/inicio\\\/index.php\\\/2025\\\/10\\\/24\\\/festival-de-alfareria-en-santa-rosa-7-8-y-9-de-noviembre-en-el-molino\\\/\"]}]},{\"@type\":\"ImageObject\",\"inLanguage\":\"es\",\"@id\":\"https:\\\/\\\/diariotextual.com\\\/inicio\\\/index.php\\\/2025\\\/10\\\/24\\\/festival-de-alfareria-en-santa-rosa-7-8-y-9-de-noviembre-en-el-molino\\\/#primaryimage\",\"url\":\"https:\\\/\\\/diariotextual.com\\\/inicio\\\/wp-content\\\/uploads\\\/2025\\\/10\\\/festivalalfareria2025.jpg\",\"contentUrl\":\"https:\\\/\\\/diariotextual.com\\\/inicio\\\/wp-content\\\/uploads\\\/2025\\\/10\\\/festivalalfareria2025.jpg\",\"width\":900,\"height\":445},{\"@type\":\"BreadcrumbList\",\"@id\":\"https:\\\/\\\/diariotextual.com\\\/inicio\\\/index.php\\\/2025\\\/10\\\/24\\\/festival-de-alfareria-en-santa-rosa-7-8-y-9-de-noviembre-en-el-molino\\\/#breadcrumb\",\"itemListElement\":[{\"@type\":\"ListItem\",\"position\":1,\"name\":\"Portada\",\"item\":\"https:\\\/\\\/diariotextual.com\\\/inicio\\\/\"},{\"@type\":\"ListItem\",\"position\":2,\"name\":\"Festival de Alfarer\u00eda en Santa Rosa: 7, 8 y 9 de noviembre en El Molino\"}]},{\"@type\":\"WebSite\",\"@id\":\"https:\\\/\\\/diariotextual.com\\\/inicio\\\/#website\",\"url\":\"https:\\\/\\\/diariotextual.com\\\/inicio\\\/\",\"name\":\"Diario Textual\",\"description\":\"\",\"publisher\":{\"@id\":\"https:\\\/\\\/diariotextual.com\\\/inicio\\\/#organization\"},\"potentialAction\":[{\"@type\":\"SearchAction\",\"target\":{\"@type\":\"EntryPoint\",\"urlTemplate\":\"https:\\\/\\\/diariotextual.com\\\/inicio\\\/?s={search_term_string}\"},\"query-input\":{\"@type\":\"PropertyValueSpecification\",\"valueRequired\":true,\"valueName\":\"search_term_string\"}}],\"inLanguage\":\"es\"},{\"@type\":\"Organization\",\"@id\":\"https:\\\/\\\/diariotextual.com\\\/inicio\\\/#organization\",\"name\":\"Diario Textual\",\"url\":\"https:\\\/\\\/diariotextual.com\\\/inicio\\\/\",\"logo\":{\"@type\":\"ImageObject\",\"inLanguage\":\"es\",\"@id\":\"https:\\\/\\\/diariotextual.com\\\/inicio\\\/#\\\/schema\\\/logo\\\/image\\\/\",\"url\":\"https:\\\/\\\/diariotextual.com\\\/inicio\\\/wp-content\\\/uploads\\\/2023\\\/05\\\/logotextual1.jpg\",\"contentUrl\":\"https:\\\/\\\/diariotextual.com\\\/inicio\\\/wp-content\\\/uploads\\\/2023\\\/05\\\/logotextual1.jpg\",\"width\":516,\"height\":76,\"caption\":\"Diario Textual\"},\"image\":{\"@id\":\"https:\\\/\\\/diariotextual.com\\\/inicio\\\/#\\\/schema\\\/logo\\\/image\\\/\"},\"sameAs\":[\"https:\\\/\\\/www.facebook.com\\\/eltextual\",\"https:\\\/\\\/x.com\\\/eltextual\",\"http:\\\/\\\/www.instagram.com\\\/eltextual\"]},{\"@type\":\"Person\",\"@id\":\"https:\\\/\\\/diariotextual.com\\\/inicio\\\/#\\\/schema\\\/person\\\/a1b6f563e0ee944c60f98119389a4d9f\",\"name\":\"diario3\",\"image\":{\"@type\":\"ImageObject\",\"inLanguage\":\"es\",\"@id\":\"https:\\\/\\\/secure.gravatar.com\\\/avatar\\\/5e7ee62c82fc04d9dd79d746a390d93c69c43223e5faeeb3ea9461ef752bfc5d?s=96&d=mm&r=g\",\"url\":\"https:\\\/\\\/secure.gravatar.com\\\/avatar\\\/5e7ee62c82fc04d9dd79d746a390d93c69c43223e5faeeb3ea9461ef752bfc5d?s=96&d=mm&r=g\",\"contentUrl\":\"https:\\\/\\\/secure.gravatar.com\\\/avatar\\\/5e7ee62c82fc04d9dd79d746a390d93c69c43223e5faeeb3ea9461ef752bfc5d?s=96&d=mm&r=g\",\"caption\":\"diario3\"},\"url\":\"https:\\\/\\\/diariotextual.com\\\/inicio\\\/index.php\\\/author\\\/diario3\\\/\"}]}<\/script>\n<!-- \/ Yoast SEO plugin. -->","yoast_head_json":{"title":"Festival de Alfarer\u00eda en Santa Rosa: 7, 8 y 9 de noviembre en El Molino - Diario Textual","robots":{"index":"index","follow":"follow","max-snippet":"max-snippet:-1","max-image-preview":"max-image-preview:large","max-video-preview":"max-video-preview:-1"},"canonical":"https:\/\/diariotextual.com\/inicio\/index.php\/2025\/10\/24\/festival-de-alfareria-en-santa-rosa-7-8-y-9-de-noviembre-en-el-molino\/","og_locale":"es_ES","og_type":"article","og_title":"Festival de Alfarer\u00eda en Santa Rosa: 7, 8 y 9 de noviembre en El Molino - Diario Textual","og_description":"El Colectivo de Ceramistas Pampeanos anunci\u00f3 la realizaci\u00f3n del II Festival de Alfarer\u00eda de La Pampa. Ser\u00e1 los d\u00edas 7, 8 y 9 de noviembre en el Complejo Cultural El&hellip;","og_url":"https:\/\/diariotextual.com\/inicio\/index.php\/2025\/10\/24\/festival-de-alfareria-en-santa-rosa-7-8-y-9-de-noviembre-en-el-molino\/","og_site_name":"Diario Textual","article_publisher":"https:\/\/www.facebook.com\/eltextual","article_published_time":"2025-10-25T00:30:21+00:00","article_modified_time":"2025-10-25T00:30:25+00:00","og_image":[{"width":900,"height":445,"url":"https:\/\/diariotextual.com\/inicio\/wp-content\/uploads\/2025\/10\/festivalalfareria2025.jpg","type":"image\/jpeg"}],"author":"diario3","twitter_card":"summary_large_image","twitter_creator":"@eltextual","twitter_site":"@eltextual","twitter_misc":{"Escrito por":"diario3","Tiempo de lectura":"3 minutos"},"schema":{"@context":"https:\/\/schema.org","@graph":[{"@type":"Article","@id":"https:\/\/diariotextual.com\/inicio\/index.php\/2025\/10\/24\/festival-de-alfareria-en-santa-rosa-7-8-y-9-de-noviembre-en-el-molino\/#article","isPartOf":{"@id":"https:\/\/diariotextual.com\/inicio\/index.php\/2025\/10\/24\/festival-de-alfareria-en-santa-rosa-7-8-y-9-de-noviembre-en-el-molino\/"},"author":{"name":"diario3","@id":"https:\/\/diariotextual.com\/inicio\/#\/schema\/person\/a1b6f563e0ee944c60f98119389a4d9f"},"headline":"Festival de Alfarer\u00eda en Santa Rosa: 7, 8 y 9 de noviembre en El Molino","datePublished":"2025-10-25T00:30:21+00:00","dateModified":"2025-10-25T00:30:25+00:00","mainEntityOfPage":{"@id":"https:\/\/diariotextual.com\/inicio\/index.php\/2025\/10\/24\/festival-de-alfareria-en-santa-rosa-7-8-y-9-de-noviembre-en-el-molino\/"},"wordCount":537,"publisher":{"@id":"https:\/\/diariotextual.com\/inicio\/#organization"},"image":{"@id":"https:\/\/diariotextual.com\/inicio\/index.php\/2025\/10\/24\/festival-de-alfareria-en-santa-rosa-7-8-y-9-de-noviembre-en-el-molino\/#primaryimage"},"thumbnailUrl":"https:\/\/diariotextual.com\/inicio\/wp-content\/uploads\/2025\/10\/festivalalfareria2025.jpg","articleSection":["A - ES NOTICIA (van abajo)","CULTURA"],"inLanguage":"es"},{"@type":"WebPage","@id":"https:\/\/diariotextual.com\/inicio\/index.php\/2025\/10\/24\/festival-de-alfareria-en-santa-rosa-7-8-y-9-de-noviembre-en-el-molino\/","url":"https:\/\/diariotextual.com\/inicio\/index.php\/2025\/10\/24\/festival-de-alfareria-en-santa-rosa-7-8-y-9-de-noviembre-en-el-molino\/","name":"Festival de Alfarer\u00eda en Santa Rosa: 7, 8 y 9 de noviembre en El Molino - Diario Textual","isPartOf":{"@id":"https:\/\/diariotextual.com\/inicio\/#website"},"primaryImageOfPage":{"@id":"https:\/\/diariotextual.com\/inicio\/index.php\/2025\/10\/24\/festival-de-alfareria-en-santa-rosa-7-8-y-9-de-noviembre-en-el-molino\/#primaryimage"},"image":{"@id":"https:\/\/diariotextual.com\/inicio\/index.php\/2025\/10\/24\/festival-de-alfareria-en-santa-rosa-7-8-y-9-de-noviembre-en-el-molino\/#primaryimage"},"thumbnailUrl":"https:\/\/diariotextual.com\/inicio\/wp-content\/uploads\/2025\/10\/festivalalfareria2025.jpg","datePublished":"2025-10-25T00:30:21+00:00","dateModified":"2025-10-25T00:30:25+00:00","breadcrumb":{"@id":"https:\/\/diariotextual.com\/inicio\/index.php\/2025\/10\/24\/festival-de-alfareria-en-santa-rosa-7-8-y-9-de-noviembre-en-el-molino\/#breadcrumb"},"inLanguage":"es","potentialAction":[{"@type":"ReadAction","target":["https:\/\/diariotextual.com\/inicio\/index.php\/2025\/10\/24\/festival-de-alfareria-en-santa-rosa-7-8-y-9-de-noviembre-en-el-molino\/"]}]},{"@type":"ImageObject","inLanguage":"es","@id":"https:\/\/diariotextual.com\/inicio\/index.php\/2025\/10\/24\/festival-de-alfareria-en-santa-rosa-7-8-y-9-de-noviembre-en-el-molino\/#primaryimage","url":"https:\/\/diariotextual.com\/inicio\/wp-content\/uploads\/2025\/10\/festivalalfareria2025.jpg","contentUrl":"https:\/\/diariotextual.com\/inicio\/wp-content\/uploads\/2025\/10\/festivalalfareria2025.jpg","width":900,"height":445},{"@type":"BreadcrumbList","@id":"https:\/\/diariotextual.com\/inicio\/index.php\/2025\/10\/24\/festival-de-alfareria-en-santa-rosa-7-8-y-9-de-noviembre-en-el-molino\/#breadcrumb","itemListElement":[{"@type":"ListItem","position":1,"name":"Portada","item":"https:\/\/diariotextual.com\/inicio\/"},{"@type":"ListItem","position":2,"name":"Festival de Alfarer\u00eda en Santa Rosa: 7, 8 y 9 de noviembre en El Molino"}]},{"@type":"WebSite","@id":"https:\/\/diariotextual.com\/inicio\/#website","url":"https:\/\/diariotextual.com\/inicio\/","name":"Diario Textual","description":"","publisher":{"@id":"https:\/\/diariotextual.com\/inicio\/#organization"},"potentialAction":[{"@type":"SearchAction","target":{"@type":"EntryPoint","urlTemplate":"https:\/\/diariotextual.com\/inicio\/?s={search_term_string}"},"query-input":{"@type":"PropertyValueSpecification","valueRequired":true,"valueName":"search_term_string"}}],"inLanguage":"es"},{"@type":"Organization","@id":"https:\/\/diariotextual.com\/inicio\/#organization","name":"Diario Textual","url":"https:\/\/diariotextual.com\/inicio\/","logo":{"@type":"ImageObject","inLanguage":"es","@id":"https:\/\/diariotextual.com\/inicio\/#\/schema\/logo\/image\/","url":"https:\/\/diariotextual.com\/inicio\/wp-content\/uploads\/2023\/05\/logotextual1.jpg","contentUrl":"https:\/\/diariotextual.com\/inicio\/wp-content\/uploads\/2023\/05\/logotextual1.jpg","width":516,"height":76,"caption":"Diario Textual"},"image":{"@id":"https:\/\/diariotextual.com\/inicio\/#\/schema\/logo\/image\/"},"sameAs":["https:\/\/www.facebook.com\/eltextual","https:\/\/x.com\/eltextual","http:\/\/www.instagram.com\/eltextual"]},{"@type":"Person","@id":"https:\/\/diariotextual.com\/inicio\/#\/schema\/person\/a1b6f563e0ee944c60f98119389a4d9f","name":"diario3","image":{"@type":"ImageObject","inLanguage":"es","@id":"https:\/\/secure.gravatar.com\/avatar\/5e7ee62c82fc04d9dd79d746a390d93c69c43223e5faeeb3ea9461ef752bfc5d?s=96&d=mm&r=g","url":"https:\/\/secure.gravatar.com\/avatar\/5e7ee62c82fc04d9dd79d746a390d93c69c43223e5faeeb3ea9461ef752bfc5d?s=96&d=mm&r=g","contentUrl":"https:\/\/secure.gravatar.com\/avatar\/5e7ee62c82fc04d9dd79d746a390d93c69c43223e5faeeb3ea9461ef752bfc5d?s=96&d=mm&r=g","caption":"diario3"},"url":"https:\/\/diariotextual.com\/inicio\/index.php\/author\/diario3\/"}]}},"_links":{"self":[{"href":"https:\/\/diariotextual.com\/inicio\/index.php\/wp-json\/wp\/v2\/posts\/310848","targetHints":{"allow":["GET"]}}],"collection":[{"href":"https:\/\/diariotextual.com\/inicio\/index.php\/wp-json\/wp\/v2\/posts"}],"about":[{"href":"https:\/\/diariotextual.com\/inicio\/index.php\/wp-json\/wp\/v2\/types\/post"}],"author":[{"embeddable":true,"href":"https:\/\/diariotextual.com\/inicio\/index.php\/wp-json\/wp\/v2\/users\/5"}],"replies":[{"embeddable":true,"href":"https:\/\/diariotextual.com\/inicio\/index.php\/wp-json\/wp\/v2\/comments?post=310848"}],"version-history":[{"count":1,"href":"https:\/\/diariotextual.com\/inicio\/index.php\/wp-json\/wp\/v2\/posts\/310848\/revisions"}],"predecessor-version":[{"id":310850,"href":"https:\/\/diariotextual.com\/inicio\/index.php\/wp-json\/wp\/v2\/posts\/310848\/revisions\/310850"}],"wp:featuredmedia":[{"embeddable":true,"href":"https:\/\/diariotextual.com\/inicio\/index.php\/wp-json\/wp\/v2\/media\/310849"}],"wp:attachment":[{"href":"https:\/\/diariotextual.com\/inicio\/index.php\/wp-json\/wp\/v2\/media?parent=310848"}],"wp:term":[{"taxonomy":"category","embeddable":true,"href":"https:\/\/diariotextual.com\/inicio\/index.php\/wp-json\/wp\/v2\/categories?post=310848"},{"taxonomy":"post_tag","embeddable":true,"href":"https:\/\/diariotextual.com\/inicio\/index.php\/wp-json\/wp\/v2\/tags?post=310848"}],"curies":[{"name":"wp","href":"https:\/\/api.w.org\/{rel}","templated":true}]}}