{"id":311237,"date":"2025-10-27T18:54:25","date_gmt":"2025-10-27T21:54:25","guid":{"rendered":"https:\/\/diariotextual.com\/inicio\/?p=311237"},"modified":"2025-10-27T18:54:26","modified_gmt":"2025-10-27T21:54:26","slug":"recuperan-agroquimicos-y-semillas-sustraidas-en-anguil-por-250-millones","status":"publish","type":"post","link":"https:\/\/diariotextual.com\/inicio\/index.php\/2025\/10\/27\/recuperan-agroquimicos-y-semillas-sustraidas-en-anguil-por-250-millones\/","title":{"rendered":"Recuperan agroqu\u00edmicos y semillas sustra\u00eddas en Anguil por $250 millones"},"content":{"rendered":"\n<p>Una investigaci\u00f3n llevada adelante por la Polic\u00eda de La Pampa permiti\u00f3 recuperar una importante cantidad de agroqu\u00edmicos y bolsas de semillas sustra\u00eddas en la zona de Anguil, cuyo valor supera los 250 millones de pesos. La pesquisa, que se extendi\u00f3 durante aproximadamente dos meses, culmin\u00f3 exitosamente  luego de un operativo conjunto desarrollado entre fuerzas policiales pampeanas y bonaerenses.<br><\/p>\n\n\n\n<p>La investigaci\u00f3n se inici\u00f3 luego de la denuncia de un productor rural por el faltante de agroqu\u00edmicos y, posteriormente, de bolsas de semillas.<br><\/p>\n\n\n\n<p>Con el trabajo coordinado entre la Subcomisar\u00eda de Anguil, la Unidad Especial de Investigaciones Rurales (perteneciente de la Divisi\u00f3n Seguridad Rural UR-I), la Fiscal\u00eda Tem\u00e1tica de Delitos Rurales y Conexos y la Polic\u00eda de Villa Maza (Buenos Aires), se logr\u00f3 identificar a uno de los sospechosos y establecer su vinculaci\u00f3n con los hechos.<br><\/p>\n\n\n\n<p>Durante las tareas de seguimiento, se determin\u00f3 que el imputado se desplazaba entre la localidad pampeana y la bonaerense de Villa Maza, lo que deriv\u00f3 en la obtenci\u00f3n de una orden de allanamiento para un domicilio del barrio Vial y un exhorto judicial para la vecina provincia.<\/p>\n\n\n\n<p><br>De esta forma, personal policial apostado preventivamente en Villa Maza observ\u00f3 al sospechoso cuando intentaba movilizarse en una camioneta con diversos elementos en la caja, por lo que fue demorado y trasladado al destacamento local.<\/p>\n\n\n\n<p><br>Posteriormente, y en cumplimiento del exhorto emitido por el Juzgado de Garant\u00edas N\u00b0 2, se allan\u00f3 una vivienda donde se hall\u00f3 la totalidad de los elementos sustra\u00eddos, entre ellos una gran cantidad de agroqu\u00edmicos y bolsas de semillas.<\/p>\n\n\n\n<p><br>Los productos fueron reconocidos por el damnificado y entregados en dep\u00f3sito judicial, mientras que el veh\u00edculo y los tel\u00e9fonos m\u00f3viles de los detenidos quedaron secuestrados a disposici\u00f3n de la Fiscal\u00eda interviniente.<\/p>\n","protected":false},"excerpt":{"rendered":"<p>Una investigaci\u00f3n llevada adelante por la Polic\u00eda de La Pampa permiti\u00f3 recuperar una importante cantidad de agroqu\u00edmicos y bolsas de semillas sustra\u00eddas en la zona de Anguil, cuyo valor supera&hellip;<\/p>\n","protected":false},"author":3,"featured_media":311241,"comment_status":"closed","ping_status":"open","sticky":false,"template":"","format":"standard","meta":{"_acf_changed":false,"footnotes":""},"categories":[1,20],"tags":[],"class_list":["post-311237","post","type-post","status-publish","format-standard","has-post-thumbnail","hentry","category-es-noticia","category-campo"],"acf":[],"yoast_head":"<!-- This site is optimized with the Yoast SEO plugin v27.5 - https:\/\/yoast.com\/product\/yoast-seo-wordpress\/ -->\n<title>Recuperan agroqu\u00edmicos y semillas sustra\u00eddas en Anguil por $250 millones - Diario Textual<\/title>\n<meta name=\"robots\" content=\"index, follow, max-snippet:-1, max-image-preview:large, max-video-preview:-1\" \/>\n<link rel=\"canonical\" href=\"https:\/\/diariotextual.com\/inicio\/index.php\/2025\/10\/27\/recuperan-agroquimicos-y-semillas-sustraidas-en-anguil-por-250-millones\/\" \/>\n<meta property=\"og:locale\" content=\"es_ES\" \/>\n<meta property=\"og:type\" content=\"article\" \/>\n<meta property=\"og:title\" content=\"Recuperan agroqu\u00edmicos y semillas sustra\u00eddas en Anguil por $250 millones - Diario Textual\" \/>\n<meta property=\"og:description\" content=\"Una investigaci\u00f3n llevada adelante por la Polic\u00eda de La Pampa permiti\u00f3 recuperar una importante cantidad de agroqu\u00edmicos y bolsas de semillas sustra\u00eddas en la zona de Anguil, cuyo valor supera&hellip;\" \/>\n<meta property=\"og:url\" content=\"https:\/\/diariotextual.com\/inicio\/index.php\/2025\/10\/27\/recuperan-agroquimicos-y-semillas-sustraidas-en-anguil-por-250-millones\/\" \/>\n<meta property=\"og:site_name\" content=\"Diario Textual\" \/>\n<meta property=\"article:publisher\" content=\"https:\/\/www.facebook.com\/eltextual\" \/>\n<meta property=\"article:published_time\" content=\"2025-10-27T21:54:25+00:00\" \/>\n<meta property=\"article:modified_time\" content=\"2025-10-27T21:54:26+00:00\" \/>\n<meta property=\"og:image\" content=\"https:\/\/diariotextual.com\/inicio\/wp-content\/uploads\/2025\/10\/agroquimicossustraidosanguil2025-1.jpg\" \/>\n\t<meta property=\"og:image:width\" content=\"1100\" \/>\n\t<meta property=\"og:image:height\" content=\"767\" \/>\n\t<meta property=\"og:image:type\" content=\"image\/jpeg\" \/>\n<meta name=\"author\" content=\"Diario1 Diario1\" \/>\n<meta name=\"twitter:card\" content=\"summary_large_image\" \/>\n<meta name=\"twitter:creator\" content=\"@eltextual\" \/>\n<meta name=\"twitter:site\" content=\"@eltextual\" \/>\n<meta name=\"twitter:label1\" content=\"Escrito por\" \/>\n\t<meta name=\"twitter:data1\" content=\"Diario1 Diario1\" \/>\n\t<meta name=\"twitter:label2\" content=\"Tiempo de lectura\" \/>\n\t<meta name=\"twitter:data2\" content=\"2 minutos\" \/>\n<script type=\"application\/ld+json\" class=\"yoast-schema-graph\">{\"@context\":\"https:\\\/\\\/schema.org\",\"@graph\":[{\"@type\":\"Article\",\"@id\":\"https:\\\/\\\/diariotextual.com\\\/inicio\\\/index.php\\\/2025\\\/10\\\/27\\\/recuperan-agroquimicos-y-semillas-sustraidas-en-anguil-por-250-millones\\\/#article\",\"isPartOf\":{\"@id\":\"https:\\\/\\\/diariotextual.com\\\/inicio\\\/index.php\\\/2025\\\/10\\\/27\\\/recuperan-agroquimicos-y-semillas-sustraidas-en-anguil-por-250-millones\\\/\"},\"author\":{\"name\":\"Diario1 Diario1\",\"@id\":\"https:\\\/\\\/diariotextual.com\\\/inicio\\\/#\\\/schema\\\/person\\\/418fc4093c33e86ed41562db3508f958\"},\"headline\":\"Recuperan agroqu\u00edmicos y semillas sustra\u00eddas en Anguil por $250 millones\",\"datePublished\":\"2025-10-27T21:54:25+00:00\",\"dateModified\":\"2025-10-27T21:54:26+00:00\",\"mainEntityOfPage\":{\"@id\":\"https:\\\/\\\/diariotextual.com\\\/inicio\\\/index.php\\\/2025\\\/10\\\/27\\\/recuperan-agroquimicos-y-semillas-sustraidas-en-anguil-por-250-millones\\\/\"},\"wordCount\":316,\"publisher\":{\"@id\":\"https:\\\/\\\/diariotextual.com\\\/inicio\\\/#organization\"},\"image\":{\"@id\":\"https:\\\/\\\/diariotextual.com\\\/inicio\\\/index.php\\\/2025\\\/10\\\/27\\\/recuperan-agroquimicos-y-semillas-sustraidas-en-anguil-por-250-millones\\\/#primaryimage\"},\"thumbnailUrl\":\"https:\\\/\\\/diariotextual.com\\\/inicio\\\/wp-content\\\/uploads\\\/2025\\\/10\\\/agroquimicossustraidosanguil2025-1.jpg\",\"articleSection\":[\"A - ES NOTICIA (van abajo)\",\"CAMPO\"],\"inLanguage\":\"es\"},{\"@type\":\"WebPage\",\"@id\":\"https:\\\/\\\/diariotextual.com\\\/inicio\\\/index.php\\\/2025\\\/10\\\/27\\\/recuperan-agroquimicos-y-semillas-sustraidas-en-anguil-por-250-millones\\\/\",\"url\":\"https:\\\/\\\/diariotextual.com\\\/inicio\\\/index.php\\\/2025\\\/10\\\/27\\\/recuperan-agroquimicos-y-semillas-sustraidas-en-anguil-por-250-millones\\\/\",\"name\":\"Recuperan agroqu\u00edmicos y semillas sustra\u00eddas en Anguil por $250 millones - Diario Textual\",\"isPartOf\":{\"@id\":\"https:\\\/\\\/diariotextual.com\\\/inicio\\\/#website\"},\"primaryImageOfPage\":{\"@id\":\"https:\\\/\\\/diariotextual.com\\\/inicio\\\/index.php\\\/2025\\\/10\\\/27\\\/recuperan-agroquimicos-y-semillas-sustraidas-en-anguil-por-250-millones\\\/#primaryimage\"},\"image\":{\"@id\":\"https:\\\/\\\/diariotextual.com\\\/inicio\\\/index.php\\\/2025\\\/10\\\/27\\\/recuperan-agroquimicos-y-semillas-sustraidas-en-anguil-por-250-millones\\\/#primaryimage\"},\"thumbnailUrl\":\"https:\\\/\\\/diariotextual.com\\\/inicio\\\/wp-content\\\/uploads\\\/2025\\\/10\\\/agroquimicossustraidosanguil2025-1.jpg\",\"datePublished\":\"2025-10-27T21:54:25+00:00\",\"dateModified\":\"2025-10-27T21:54:26+00:00\",\"breadcrumb\":{\"@id\":\"https:\\\/\\\/diariotextual.com\\\/inicio\\\/index.php\\\/2025\\\/10\\\/27\\\/recuperan-agroquimicos-y-semillas-sustraidas-en-anguil-por-250-millones\\\/#breadcrumb\"},\"inLanguage\":\"es\",\"potentialAction\":[{\"@type\":\"ReadAction\",\"target\":[\"https:\\\/\\\/diariotextual.com\\\/inicio\\\/index.php\\\/2025\\\/10\\\/27\\\/recuperan-agroquimicos-y-semillas-sustraidas-en-anguil-por-250-millones\\\/\"]}]},{\"@type\":\"ImageObject\",\"inLanguage\":\"es\",\"@id\":\"https:\\\/\\\/diariotextual.com\\\/inicio\\\/index.php\\\/2025\\\/10\\\/27\\\/recuperan-agroquimicos-y-semillas-sustraidas-en-anguil-por-250-millones\\\/#primaryimage\",\"url\":\"https:\\\/\\\/diariotextual.com\\\/inicio\\\/wp-content\\\/uploads\\\/2025\\\/10\\\/agroquimicossustraidosanguil2025-1.jpg\",\"contentUrl\":\"https:\\\/\\\/diariotextual.com\\\/inicio\\\/wp-content\\\/uploads\\\/2025\\\/10\\\/agroquimicossustraidosanguil2025-1.jpg\",\"width\":1100,\"height\":767},{\"@type\":\"BreadcrumbList\",\"@id\":\"https:\\\/\\\/diariotextual.com\\\/inicio\\\/index.php\\\/2025\\\/10\\\/27\\\/recuperan-agroquimicos-y-semillas-sustraidas-en-anguil-por-250-millones\\\/#breadcrumb\",\"itemListElement\":[{\"@type\":\"ListItem\",\"position\":1,\"name\":\"Portada\",\"item\":\"https:\\\/\\\/diariotextual.com\\\/inicio\\\/\"},{\"@type\":\"ListItem\",\"position\":2,\"name\":\"Recuperan agroqu\u00edmicos y semillas sustra\u00eddas en Anguil por $250 millones\"}]},{\"@type\":\"WebSite\",\"@id\":\"https:\\\/\\\/diariotextual.com\\\/inicio\\\/#website\",\"url\":\"https:\\\/\\\/diariotextual.com\\\/inicio\\\/\",\"name\":\"Diario Textual\",\"description\":\"\",\"publisher\":{\"@id\":\"https:\\\/\\\/diariotextual.com\\\/inicio\\\/#organization\"},\"potentialAction\":[{\"@type\":\"SearchAction\",\"target\":{\"@type\":\"EntryPoint\",\"urlTemplate\":\"https:\\\/\\\/diariotextual.com\\\/inicio\\\/?s={search_term_string}\"},\"query-input\":{\"@type\":\"PropertyValueSpecification\",\"valueRequired\":true,\"valueName\":\"search_term_string\"}}],\"inLanguage\":\"es\"},{\"@type\":\"Organization\",\"@id\":\"https:\\\/\\\/diariotextual.com\\\/inicio\\\/#organization\",\"name\":\"Diario Textual\",\"url\":\"https:\\\/\\\/diariotextual.com\\\/inicio\\\/\",\"logo\":{\"@type\":\"ImageObject\",\"inLanguage\":\"es\",\"@id\":\"https:\\\/\\\/diariotextual.com\\\/inicio\\\/#\\\/schema\\\/logo\\\/image\\\/\",\"url\":\"https:\\\/\\\/diariotextual.com\\\/inicio\\\/wp-content\\\/uploads\\\/2023\\\/05\\\/logotextual1.jpg\",\"contentUrl\":\"https:\\\/\\\/diariotextual.com\\\/inicio\\\/wp-content\\\/uploads\\\/2023\\\/05\\\/logotextual1.jpg\",\"width\":516,\"height\":76,\"caption\":\"Diario Textual\"},\"image\":{\"@id\":\"https:\\\/\\\/diariotextual.com\\\/inicio\\\/#\\\/schema\\\/logo\\\/image\\\/\"},\"sameAs\":[\"https:\\\/\\\/www.facebook.com\\\/eltextual\",\"https:\\\/\\\/x.com\\\/eltextual\",\"http:\\\/\\\/www.instagram.com\\\/eltextual\"]},{\"@type\":\"Person\",\"@id\":\"https:\\\/\\\/diariotextual.com\\\/inicio\\\/#\\\/schema\\\/person\\\/418fc4093c33e86ed41562db3508f958\",\"name\":\"Diario1 Diario1\",\"image\":{\"@type\":\"ImageObject\",\"inLanguage\":\"es\",\"@id\":\"https:\\\/\\\/secure.gravatar.com\\\/avatar\\\/9167d280179c85bc18be67aa7eda765854300033af4896dd779b608640f2ef7a?s=96&d=mm&r=g\",\"url\":\"https:\\\/\\\/secure.gravatar.com\\\/avatar\\\/9167d280179c85bc18be67aa7eda765854300033af4896dd779b608640f2ef7a?s=96&d=mm&r=g\",\"contentUrl\":\"https:\\\/\\\/secure.gravatar.com\\\/avatar\\\/9167d280179c85bc18be67aa7eda765854300033af4896dd779b608640f2ef7a?s=96&d=mm&r=g\",\"caption\":\"Diario1 Diario1\"},\"url\":\"https:\\\/\\\/diariotextual.com\\\/inicio\\\/index.php\\\/author\\\/diario1\\\/\"}]}<\/script>\n<!-- \/ Yoast SEO plugin. -->","yoast_head_json":{"title":"Recuperan agroqu\u00edmicos y semillas sustra\u00eddas en Anguil por $250 millones - Diario Textual","robots":{"index":"index","follow":"follow","max-snippet":"max-snippet:-1","max-image-preview":"max-image-preview:large","max-video-preview":"max-video-preview:-1"},"canonical":"https:\/\/diariotextual.com\/inicio\/index.php\/2025\/10\/27\/recuperan-agroquimicos-y-semillas-sustraidas-en-anguil-por-250-millones\/","og_locale":"es_ES","og_type":"article","og_title":"Recuperan agroqu\u00edmicos y semillas sustra\u00eddas en Anguil por $250 millones - Diario Textual","og_description":"Una investigaci\u00f3n llevada adelante por la Polic\u00eda de La Pampa permiti\u00f3 recuperar una importante cantidad de agroqu\u00edmicos y bolsas de semillas sustra\u00eddas en la zona de Anguil, cuyo valor supera&hellip;","og_url":"https:\/\/diariotextual.com\/inicio\/index.php\/2025\/10\/27\/recuperan-agroquimicos-y-semillas-sustraidas-en-anguil-por-250-millones\/","og_site_name":"Diario Textual","article_publisher":"https:\/\/www.facebook.com\/eltextual","article_published_time":"2025-10-27T21:54:25+00:00","article_modified_time":"2025-10-27T21:54:26+00:00","og_image":[{"width":1100,"height":767,"url":"https:\/\/diariotextual.com\/inicio\/wp-content\/uploads\/2025\/10\/agroquimicossustraidosanguil2025-1.jpg","type":"image\/jpeg"}],"author":"Diario1 Diario1","twitter_card":"summary_large_image","twitter_creator":"@eltextual","twitter_site":"@eltextual","twitter_misc":{"Escrito por":"Diario1 Diario1","Tiempo de lectura":"2 minutos"},"schema":{"@context":"https:\/\/schema.org","@graph":[{"@type":"Article","@id":"https:\/\/diariotextual.com\/inicio\/index.php\/2025\/10\/27\/recuperan-agroquimicos-y-semillas-sustraidas-en-anguil-por-250-millones\/#article","isPartOf":{"@id":"https:\/\/diariotextual.com\/inicio\/index.php\/2025\/10\/27\/recuperan-agroquimicos-y-semillas-sustraidas-en-anguil-por-250-millones\/"},"author":{"name":"Diario1 Diario1","@id":"https:\/\/diariotextual.com\/inicio\/#\/schema\/person\/418fc4093c33e86ed41562db3508f958"},"headline":"Recuperan agroqu\u00edmicos y semillas sustra\u00eddas en Anguil por $250 millones","datePublished":"2025-10-27T21:54:25+00:00","dateModified":"2025-10-27T21:54:26+00:00","mainEntityOfPage":{"@id":"https:\/\/diariotextual.com\/inicio\/index.php\/2025\/10\/27\/recuperan-agroquimicos-y-semillas-sustraidas-en-anguil-por-250-millones\/"},"wordCount":316,"publisher":{"@id":"https:\/\/diariotextual.com\/inicio\/#organization"},"image":{"@id":"https:\/\/diariotextual.com\/inicio\/index.php\/2025\/10\/27\/recuperan-agroquimicos-y-semillas-sustraidas-en-anguil-por-250-millones\/#primaryimage"},"thumbnailUrl":"https:\/\/diariotextual.com\/inicio\/wp-content\/uploads\/2025\/10\/agroquimicossustraidosanguil2025-1.jpg","articleSection":["A - ES NOTICIA (van abajo)","CAMPO"],"inLanguage":"es"},{"@type":"WebPage","@id":"https:\/\/diariotextual.com\/inicio\/index.php\/2025\/10\/27\/recuperan-agroquimicos-y-semillas-sustraidas-en-anguil-por-250-millones\/","url":"https:\/\/diariotextual.com\/inicio\/index.php\/2025\/10\/27\/recuperan-agroquimicos-y-semillas-sustraidas-en-anguil-por-250-millones\/","name":"Recuperan agroqu\u00edmicos y semillas sustra\u00eddas en Anguil por $250 millones - Diario Textual","isPartOf":{"@id":"https:\/\/diariotextual.com\/inicio\/#website"},"primaryImageOfPage":{"@id":"https:\/\/diariotextual.com\/inicio\/index.php\/2025\/10\/27\/recuperan-agroquimicos-y-semillas-sustraidas-en-anguil-por-250-millones\/#primaryimage"},"image":{"@id":"https:\/\/diariotextual.com\/inicio\/index.php\/2025\/10\/27\/recuperan-agroquimicos-y-semillas-sustraidas-en-anguil-por-250-millones\/#primaryimage"},"thumbnailUrl":"https:\/\/diariotextual.com\/inicio\/wp-content\/uploads\/2025\/10\/agroquimicossustraidosanguil2025-1.jpg","datePublished":"2025-10-27T21:54:25+00:00","dateModified":"2025-10-27T21:54:26+00:00","breadcrumb":{"@id":"https:\/\/diariotextual.com\/inicio\/index.php\/2025\/10\/27\/recuperan-agroquimicos-y-semillas-sustraidas-en-anguil-por-250-millones\/#breadcrumb"},"inLanguage":"es","potentialAction":[{"@type":"ReadAction","target":["https:\/\/diariotextual.com\/inicio\/index.php\/2025\/10\/27\/recuperan-agroquimicos-y-semillas-sustraidas-en-anguil-por-250-millones\/"]}]},{"@type":"ImageObject","inLanguage":"es","@id":"https:\/\/diariotextual.com\/inicio\/index.php\/2025\/10\/27\/recuperan-agroquimicos-y-semillas-sustraidas-en-anguil-por-250-millones\/#primaryimage","url":"https:\/\/diariotextual.com\/inicio\/wp-content\/uploads\/2025\/10\/agroquimicossustraidosanguil2025-1.jpg","contentUrl":"https:\/\/diariotextual.com\/inicio\/wp-content\/uploads\/2025\/10\/agroquimicossustraidosanguil2025-1.jpg","width":1100,"height":767},{"@type":"BreadcrumbList","@id":"https:\/\/diariotextual.com\/inicio\/index.php\/2025\/10\/27\/recuperan-agroquimicos-y-semillas-sustraidas-en-anguil-por-250-millones\/#breadcrumb","itemListElement":[{"@type":"ListItem","position":1,"name":"Portada","item":"https:\/\/diariotextual.com\/inicio\/"},{"@type":"ListItem","position":2,"name":"Recuperan agroqu\u00edmicos y semillas sustra\u00eddas en Anguil por $250 millones"}]},{"@type":"WebSite","@id":"https:\/\/diariotextual.com\/inicio\/#website","url":"https:\/\/diariotextual.com\/inicio\/","name":"Diario Textual","description":"","publisher":{"@id":"https:\/\/diariotextual.com\/inicio\/#organization"},"potentialAction":[{"@type":"SearchAction","target":{"@type":"EntryPoint","urlTemplate":"https:\/\/diariotextual.com\/inicio\/?s={search_term_string}"},"query-input":{"@type":"PropertyValueSpecification","valueRequired":true,"valueName":"search_term_string"}}],"inLanguage":"es"},{"@type":"Organization","@id":"https:\/\/diariotextual.com\/inicio\/#organization","name":"Diario Textual","url":"https:\/\/diariotextual.com\/inicio\/","logo":{"@type":"ImageObject","inLanguage":"es","@id":"https:\/\/diariotextual.com\/inicio\/#\/schema\/logo\/image\/","url":"https:\/\/diariotextual.com\/inicio\/wp-content\/uploads\/2023\/05\/logotextual1.jpg","contentUrl":"https:\/\/diariotextual.com\/inicio\/wp-content\/uploads\/2023\/05\/logotextual1.jpg","width":516,"height":76,"caption":"Diario Textual"},"image":{"@id":"https:\/\/diariotextual.com\/inicio\/#\/schema\/logo\/image\/"},"sameAs":["https:\/\/www.facebook.com\/eltextual","https:\/\/x.com\/eltextual","http:\/\/www.instagram.com\/eltextual"]},{"@type":"Person","@id":"https:\/\/diariotextual.com\/inicio\/#\/schema\/person\/418fc4093c33e86ed41562db3508f958","name":"Diario1 Diario1","image":{"@type":"ImageObject","inLanguage":"es","@id":"https:\/\/secure.gravatar.com\/avatar\/9167d280179c85bc18be67aa7eda765854300033af4896dd779b608640f2ef7a?s=96&d=mm&r=g","url":"https:\/\/secure.gravatar.com\/avatar\/9167d280179c85bc18be67aa7eda765854300033af4896dd779b608640f2ef7a?s=96&d=mm&r=g","contentUrl":"https:\/\/secure.gravatar.com\/avatar\/9167d280179c85bc18be67aa7eda765854300033af4896dd779b608640f2ef7a?s=96&d=mm&r=g","caption":"Diario1 Diario1"},"url":"https:\/\/diariotextual.com\/inicio\/index.php\/author\/diario1\/"}]}},"_links":{"self":[{"href":"https:\/\/diariotextual.com\/inicio\/index.php\/wp-json\/wp\/v2\/posts\/311237","targetHints":{"allow":["GET"]}}],"collection":[{"href":"https:\/\/diariotextual.com\/inicio\/index.php\/wp-json\/wp\/v2\/posts"}],"about":[{"href":"https:\/\/diariotextual.com\/inicio\/index.php\/wp-json\/wp\/v2\/types\/post"}],"author":[{"embeddable":true,"href":"https:\/\/diariotextual.com\/inicio\/index.php\/wp-json\/wp\/v2\/users\/3"}],"replies":[{"embeddable":true,"href":"https:\/\/diariotextual.com\/inicio\/index.php\/wp-json\/wp\/v2\/comments?post=311237"}],"version-history":[{"count":3,"href":"https:\/\/diariotextual.com\/inicio\/index.php\/wp-json\/wp\/v2\/posts\/311237\/revisions"}],"predecessor-version":[{"id":311240,"href":"https:\/\/diariotextual.com\/inicio\/index.php\/wp-json\/wp\/v2\/posts\/311237\/revisions\/311240"}],"wp:featuredmedia":[{"embeddable":true,"href":"https:\/\/diariotextual.com\/inicio\/index.php\/wp-json\/wp\/v2\/media\/311241"}],"wp:attachment":[{"href":"https:\/\/diariotextual.com\/inicio\/index.php\/wp-json\/wp\/v2\/media?parent=311237"}],"wp:term":[{"taxonomy":"category","embeddable":true,"href":"https:\/\/diariotextual.com\/inicio\/index.php\/wp-json\/wp\/v2\/categories?post=311237"},{"taxonomy":"post_tag","embeddable":true,"href":"https:\/\/diariotextual.com\/inicio\/index.php\/wp-json\/wp\/v2\/tags?post=311237"}],"curies":[{"name":"wp","href":"https:\/\/api.w.org\/{rel}","templated":true}]}}