{"id":311245,"date":"2025-10-27T19:05:14","date_gmt":"2025-10-27T22:05:14","guid":{"rendered":"https:\/\/diariotextual.com\/inicio\/?p=311245"},"modified":"2025-10-27T19:05:17","modified_gmt":"2025-10-27T22:05:17","slug":"encuentro-de-cine-europeo-proyecciones-en-pico-y-santa-rosa","status":"publish","type":"post","link":"https:\/\/diariotextual.com\/inicio\/index.php\/2025\/10\/27\/encuentro-de-cine-europeo-proyecciones-en-pico-y-santa-rosa\/","title":{"rendered":"Encuentro de Cine Europeo: proyecciones en Pico y Santa Rosa"},"content":{"rendered":"\n<p>La Secretar\u00eda de Cultura y la Municipalidad de General Pico anunciaron la 21\u00ba edici\u00f3n del Encuentro de Cine Europeo en Argentina (ECE) y que tendr\u00e1 la <strong>exhibici\u00f3n de ocho pel\u00edculas este s\u00e1bado 1 y domingo 2 de noviembre en Santa Rosa y General Pico, con entrada libre y gratuita.<\/strong><\/p>\n\n\n\n<p>El festival, coordinado por la Delegaci\u00f3n de la Uni\u00f3n Europea en Argentina, cuenta con el respaldo de las embajadas e institutos culturales de Alemania, Austria, B\u00e9lgica, Chipre, Croacia, Eslovenia, Espa\u00f1a, Finlandia, Francia, Grecia, Irlanda, Italia, Polonia, Portugal, Rep\u00fablica Checa, Rumania y Suecia, y se proyectar\u00e1n entre octubre y noviembre en 11 ciudades de Argentina.<\/p>\n\n\n\n<p>En La Pampa, esta XXI edici\u00f3n se llevar\u00e1 a cabo en las ciudades de General Pico (Centro Cultural MEDANO) y Santa Rosa (Centro Cultural MEDASUR), en una acci\u00f3n conjunta entre la Secretar\u00eda de Cultura del Gobierno de La Pampa a trav\u00e9s de la Direcci\u00f3n de Innovaci\u00f3n en Gesti\u00f3n Cultural y la Municipalidad de General Pico, con la proyecci\u00f3n los d\u00edas 1 y 2 de noviembre.<\/p>\n\n\n\n<p>La <strong>programaci\u00f3n en General Pico <\/strong>es la siguiente:<\/p>\n\n\n\n<p><strong>S\u00e1bado 1:<\/strong><\/p>\n\n\n\n<p>19 hs: \u201cLa \u00faltima carrera\u201d (Rep\u00fablica Checa).<\/p>\n\n\n\n<p>21 hs: \u201cTerapia Familiar\u201d (Eslovenia).<\/p>\n\n\n\n<p><strong>Domingo 2:<\/strong><\/p>\n\n\n\n<p>19 hs: \u201cGloria\u201d (Italia).<\/p>\n\n\n\n<p>21 hs: \u201cY el rey dijo, qu\u00e9 m\u00e1quina tan fant\u00e1stica\u201d (Suecia).<\/p>\n\n\n\n<p>En <strong>Santa Rosa, se proyectar\u00e1n<\/strong> los siguientes filmes:<\/p>\n\n\n\n<p><strong>S\u00e1bado 1:<\/strong><\/p>\n\n\n\n<p>19 hs: \u201cHotel Pula\u201d (Croacia).<\/p>\n\n\n\n<p>21 hs: \u201cTres kil\u00f3metros al fin del mundo\u201d (Rumania).<\/p>\n\n\n\n<p><strong>Domingo 2:<\/strong><\/p>\n\n\n\n<p>19 hs: \u201cJokes and Cigarettes\u201d (Espa\u00f1a).<\/p>\n\n\n\n<p>21 hs: \u201cY el rey dijo, qu\u00e9 m\u00e1quina tan fant\u00e1stica\u201d (Suecia).<\/p>\n\n\n\n<p>El Encuentro de Cine Europeo propone una selecci\u00f3n diversa de 17 pel\u00edculas de 17 pa\u00edses de la Uni\u00f3n Europea, bajo el lema \u201cMiradas que nos acercan, historias que nos transforman\u201d. La programaci\u00f3n 2025 invita a recorrer relatos que reflejan tensiones contempor\u00e1neas, v\u00ednculos familiares, b\u00fasquedas personales y desaf\u00edos colectivos, promoviendo el di\u00e1logo entre culturas, generaciones y realidades sociales.<\/p>\n\n\n\n<p>Las proyecciones, adem\u00e1s de Santa Rosa y General Pico, se realizar\u00e1n en espacios culturales y auditorios p\u00fablicos de Buenos Aires, C\u00f3rdoba, Neuqu\u00e9n, Rosario, Salta, San Miguel de Tucum\u00e1n, Ushuaia y Vicente L\u00f3pez.<\/p>\n","protected":false},"excerpt":{"rendered":"<p>La Secretar\u00eda de Cultura y la Municipalidad de General Pico anunciaron la 21\u00ba edici\u00f3n del Encuentro de Cine Europeo en Argentina (ECE) y que tendr\u00e1 la exhibici\u00f3n de ocho pel\u00edculas&hellip;<\/p>\n","protected":false},"author":5,"featured_media":308037,"comment_status":"closed","ping_status":"open","sticky":false,"template":"","format":"standard","meta":{"_acf_changed":false,"footnotes":""},"categories":[1,2],"tags":[],"class_list":["post-311245","post","type-post","status-publish","format-standard","has-post-thumbnail","hentry","category-es-noticia","category-cultura"],"acf":[],"yoast_head":"<!-- This site is optimized with the Yoast SEO plugin v27.5 - https:\/\/yoast.com\/product\/yoast-seo-wordpress\/ -->\n<title>Encuentro de Cine Europeo: proyecciones en Pico y Santa Rosa - Diario Textual<\/title>\n<meta name=\"robots\" content=\"index, follow, max-snippet:-1, max-image-preview:large, max-video-preview:-1\" \/>\n<link rel=\"canonical\" href=\"https:\/\/diariotextual.com\/inicio\/index.php\/2025\/10\/27\/encuentro-de-cine-europeo-proyecciones-en-pico-y-santa-rosa\/\" \/>\n<meta property=\"og:locale\" content=\"es_ES\" \/>\n<meta property=\"og:type\" content=\"article\" \/>\n<meta property=\"og:title\" content=\"Encuentro de Cine Europeo: proyecciones en Pico y Santa Rosa - Diario Textual\" \/>\n<meta property=\"og:description\" content=\"La Secretar\u00eda de Cultura y la Municipalidad de General Pico anunciaron la 21\u00ba edici\u00f3n del Encuentro de Cine Europeo en Argentina (ECE) y que tendr\u00e1 la exhibici\u00f3n de ocho pel\u00edculas&hellip;\" \/>\n<meta property=\"og:url\" content=\"https:\/\/diariotextual.com\/inicio\/index.php\/2025\/10\/27\/encuentro-de-cine-europeo-proyecciones-en-pico-y-santa-rosa\/\" \/>\n<meta property=\"og:site_name\" content=\"Diario Textual\" \/>\n<meta property=\"article:publisher\" content=\"https:\/\/www.facebook.com\/eltextual\" \/>\n<meta property=\"article:published_time\" content=\"2025-10-27T22:05:14+00:00\" \/>\n<meta property=\"article:modified_time\" content=\"2025-10-27T22:05:17+00:00\" \/>\n<meta property=\"og:image\" content=\"https:\/\/diariotextual.com\/inicio\/wp-content\/uploads\/2025\/09\/centroculturalmedasur2025.jpg\" \/>\n\t<meta property=\"og:image:width\" content=\"900\" \/>\n\t<meta property=\"og:image:height\" content=\"577\" \/>\n\t<meta property=\"og:image:type\" content=\"image\/jpeg\" \/>\n<meta name=\"author\" content=\"diario3\" \/>\n<meta name=\"twitter:card\" content=\"summary_large_image\" \/>\n<meta name=\"twitter:creator\" content=\"@eltextual\" \/>\n<meta name=\"twitter:site\" content=\"@eltextual\" \/>\n<meta name=\"twitter:label1\" content=\"Escrito por\" \/>\n\t<meta name=\"twitter:data1\" content=\"diario3\" \/>\n\t<meta name=\"twitter:label2\" content=\"Tiempo de lectura\" \/>\n\t<meta name=\"twitter:data2\" content=\"2 minutos\" \/>\n<script type=\"application\/ld+json\" class=\"yoast-schema-graph\">{\"@context\":\"https:\\\/\\\/schema.org\",\"@graph\":[{\"@type\":\"Article\",\"@id\":\"https:\\\/\\\/diariotextual.com\\\/inicio\\\/index.php\\\/2025\\\/10\\\/27\\\/encuentro-de-cine-europeo-proyecciones-en-pico-y-santa-rosa\\\/#article\",\"isPartOf\":{\"@id\":\"https:\\\/\\\/diariotextual.com\\\/inicio\\\/index.php\\\/2025\\\/10\\\/27\\\/encuentro-de-cine-europeo-proyecciones-en-pico-y-santa-rosa\\\/\"},\"author\":{\"name\":\"diario3\",\"@id\":\"https:\\\/\\\/diariotextual.com\\\/inicio\\\/#\\\/schema\\\/person\\\/a1b6f563e0ee944c60f98119389a4d9f\"},\"headline\":\"Encuentro de Cine Europeo: proyecciones en Pico y Santa Rosa\",\"datePublished\":\"2025-10-27T22:05:14+00:00\",\"dateModified\":\"2025-10-27T22:05:17+00:00\",\"mainEntityOfPage\":{\"@id\":\"https:\\\/\\\/diariotextual.com\\\/inicio\\\/index.php\\\/2025\\\/10\\\/27\\\/encuentro-de-cine-europeo-proyecciones-en-pico-y-santa-rosa\\\/\"},\"wordCount\":376,\"publisher\":{\"@id\":\"https:\\\/\\\/diariotextual.com\\\/inicio\\\/#organization\"},\"image\":{\"@id\":\"https:\\\/\\\/diariotextual.com\\\/inicio\\\/index.php\\\/2025\\\/10\\\/27\\\/encuentro-de-cine-europeo-proyecciones-en-pico-y-santa-rosa\\\/#primaryimage\"},\"thumbnailUrl\":\"https:\\\/\\\/diariotextual.com\\\/inicio\\\/wp-content\\\/uploads\\\/2025\\\/09\\\/centroculturalmedasur2025.jpg\",\"articleSection\":[\"A - ES NOTICIA (van abajo)\",\"CULTURA\"],\"inLanguage\":\"es\"},{\"@type\":\"WebPage\",\"@id\":\"https:\\\/\\\/diariotextual.com\\\/inicio\\\/index.php\\\/2025\\\/10\\\/27\\\/encuentro-de-cine-europeo-proyecciones-en-pico-y-santa-rosa\\\/\",\"url\":\"https:\\\/\\\/diariotextual.com\\\/inicio\\\/index.php\\\/2025\\\/10\\\/27\\\/encuentro-de-cine-europeo-proyecciones-en-pico-y-santa-rosa\\\/\",\"name\":\"Encuentro de Cine Europeo: proyecciones en Pico y Santa Rosa - Diario Textual\",\"isPartOf\":{\"@id\":\"https:\\\/\\\/diariotextual.com\\\/inicio\\\/#website\"},\"primaryImageOfPage\":{\"@id\":\"https:\\\/\\\/diariotextual.com\\\/inicio\\\/index.php\\\/2025\\\/10\\\/27\\\/encuentro-de-cine-europeo-proyecciones-en-pico-y-santa-rosa\\\/#primaryimage\"},\"image\":{\"@id\":\"https:\\\/\\\/diariotextual.com\\\/inicio\\\/index.php\\\/2025\\\/10\\\/27\\\/encuentro-de-cine-europeo-proyecciones-en-pico-y-santa-rosa\\\/#primaryimage\"},\"thumbnailUrl\":\"https:\\\/\\\/diariotextual.com\\\/inicio\\\/wp-content\\\/uploads\\\/2025\\\/09\\\/centroculturalmedasur2025.jpg\",\"datePublished\":\"2025-10-27T22:05:14+00:00\",\"dateModified\":\"2025-10-27T22:05:17+00:00\",\"breadcrumb\":{\"@id\":\"https:\\\/\\\/diariotextual.com\\\/inicio\\\/index.php\\\/2025\\\/10\\\/27\\\/encuentro-de-cine-europeo-proyecciones-en-pico-y-santa-rosa\\\/#breadcrumb\"},\"inLanguage\":\"es\",\"potentialAction\":[{\"@type\":\"ReadAction\",\"target\":[\"https:\\\/\\\/diariotextual.com\\\/inicio\\\/index.php\\\/2025\\\/10\\\/27\\\/encuentro-de-cine-europeo-proyecciones-en-pico-y-santa-rosa\\\/\"]}]},{\"@type\":\"ImageObject\",\"inLanguage\":\"es\",\"@id\":\"https:\\\/\\\/diariotextual.com\\\/inicio\\\/index.php\\\/2025\\\/10\\\/27\\\/encuentro-de-cine-europeo-proyecciones-en-pico-y-santa-rosa\\\/#primaryimage\",\"url\":\"https:\\\/\\\/diariotextual.com\\\/inicio\\\/wp-content\\\/uploads\\\/2025\\\/09\\\/centroculturalmedasur2025.jpg\",\"contentUrl\":\"https:\\\/\\\/diariotextual.com\\\/inicio\\\/wp-content\\\/uploads\\\/2025\\\/09\\\/centroculturalmedasur2025.jpg\",\"width\":900,\"height\":577},{\"@type\":\"BreadcrumbList\",\"@id\":\"https:\\\/\\\/diariotextual.com\\\/inicio\\\/index.php\\\/2025\\\/10\\\/27\\\/encuentro-de-cine-europeo-proyecciones-en-pico-y-santa-rosa\\\/#breadcrumb\",\"itemListElement\":[{\"@type\":\"ListItem\",\"position\":1,\"name\":\"Portada\",\"item\":\"https:\\\/\\\/diariotextual.com\\\/inicio\\\/\"},{\"@type\":\"ListItem\",\"position\":2,\"name\":\"Encuentro de Cine Europeo: proyecciones en Pico y Santa Rosa\"}]},{\"@type\":\"WebSite\",\"@id\":\"https:\\\/\\\/diariotextual.com\\\/inicio\\\/#website\",\"url\":\"https:\\\/\\\/diariotextual.com\\\/inicio\\\/\",\"name\":\"Diario Textual\",\"description\":\"\",\"publisher\":{\"@id\":\"https:\\\/\\\/diariotextual.com\\\/inicio\\\/#organization\"},\"potentialAction\":[{\"@type\":\"SearchAction\",\"target\":{\"@type\":\"EntryPoint\",\"urlTemplate\":\"https:\\\/\\\/diariotextual.com\\\/inicio\\\/?s={search_term_string}\"},\"query-input\":{\"@type\":\"PropertyValueSpecification\",\"valueRequired\":true,\"valueName\":\"search_term_string\"}}],\"inLanguage\":\"es\"},{\"@type\":\"Organization\",\"@id\":\"https:\\\/\\\/diariotextual.com\\\/inicio\\\/#organization\",\"name\":\"Diario Textual\",\"url\":\"https:\\\/\\\/diariotextual.com\\\/inicio\\\/\",\"logo\":{\"@type\":\"ImageObject\",\"inLanguage\":\"es\",\"@id\":\"https:\\\/\\\/diariotextual.com\\\/inicio\\\/#\\\/schema\\\/logo\\\/image\\\/\",\"url\":\"https:\\\/\\\/diariotextual.com\\\/inicio\\\/wp-content\\\/uploads\\\/2023\\\/05\\\/logotextual1.jpg\",\"contentUrl\":\"https:\\\/\\\/diariotextual.com\\\/inicio\\\/wp-content\\\/uploads\\\/2023\\\/05\\\/logotextual1.jpg\",\"width\":516,\"height\":76,\"caption\":\"Diario Textual\"},\"image\":{\"@id\":\"https:\\\/\\\/diariotextual.com\\\/inicio\\\/#\\\/schema\\\/logo\\\/image\\\/\"},\"sameAs\":[\"https:\\\/\\\/www.facebook.com\\\/eltextual\",\"https:\\\/\\\/x.com\\\/eltextual\",\"http:\\\/\\\/www.instagram.com\\\/eltextual\"]},{\"@type\":\"Person\",\"@id\":\"https:\\\/\\\/diariotextual.com\\\/inicio\\\/#\\\/schema\\\/person\\\/a1b6f563e0ee944c60f98119389a4d9f\",\"name\":\"diario3\",\"image\":{\"@type\":\"ImageObject\",\"inLanguage\":\"es\",\"@id\":\"https:\\\/\\\/secure.gravatar.com\\\/avatar\\\/5e7ee62c82fc04d9dd79d746a390d93c69c43223e5faeeb3ea9461ef752bfc5d?s=96&d=mm&r=g\",\"url\":\"https:\\\/\\\/secure.gravatar.com\\\/avatar\\\/5e7ee62c82fc04d9dd79d746a390d93c69c43223e5faeeb3ea9461ef752bfc5d?s=96&d=mm&r=g\",\"contentUrl\":\"https:\\\/\\\/secure.gravatar.com\\\/avatar\\\/5e7ee62c82fc04d9dd79d746a390d93c69c43223e5faeeb3ea9461ef752bfc5d?s=96&d=mm&r=g\",\"caption\":\"diario3\"},\"url\":\"https:\\\/\\\/diariotextual.com\\\/inicio\\\/index.php\\\/author\\\/diario3\\\/\"}]}<\/script>\n<!-- \/ Yoast SEO plugin. -->","yoast_head_json":{"title":"Encuentro de Cine Europeo: proyecciones en Pico y Santa Rosa - Diario Textual","robots":{"index":"index","follow":"follow","max-snippet":"max-snippet:-1","max-image-preview":"max-image-preview:large","max-video-preview":"max-video-preview:-1"},"canonical":"https:\/\/diariotextual.com\/inicio\/index.php\/2025\/10\/27\/encuentro-de-cine-europeo-proyecciones-en-pico-y-santa-rosa\/","og_locale":"es_ES","og_type":"article","og_title":"Encuentro de Cine Europeo: proyecciones en Pico y Santa Rosa - Diario Textual","og_description":"La Secretar\u00eda de Cultura y la Municipalidad de General Pico anunciaron la 21\u00ba edici\u00f3n del Encuentro de Cine Europeo en Argentina (ECE) y que tendr\u00e1 la exhibici\u00f3n de ocho pel\u00edculas&hellip;","og_url":"https:\/\/diariotextual.com\/inicio\/index.php\/2025\/10\/27\/encuentro-de-cine-europeo-proyecciones-en-pico-y-santa-rosa\/","og_site_name":"Diario Textual","article_publisher":"https:\/\/www.facebook.com\/eltextual","article_published_time":"2025-10-27T22:05:14+00:00","article_modified_time":"2025-10-27T22:05:17+00:00","og_image":[{"width":900,"height":577,"url":"https:\/\/diariotextual.com\/inicio\/wp-content\/uploads\/2025\/09\/centroculturalmedasur2025.jpg","type":"image\/jpeg"}],"author":"diario3","twitter_card":"summary_large_image","twitter_creator":"@eltextual","twitter_site":"@eltextual","twitter_misc":{"Escrito por":"diario3","Tiempo de lectura":"2 minutos"},"schema":{"@context":"https:\/\/schema.org","@graph":[{"@type":"Article","@id":"https:\/\/diariotextual.com\/inicio\/index.php\/2025\/10\/27\/encuentro-de-cine-europeo-proyecciones-en-pico-y-santa-rosa\/#article","isPartOf":{"@id":"https:\/\/diariotextual.com\/inicio\/index.php\/2025\/10\/27\/encuentro-de-cine-europeo-proyecciones-en-pico-y-santa-rosa\/"},"author":{"name":"diario3","@id":"https:\/\/diariotextual.com\/inicio\/#\/schema\/person\/a1b6f563e0ee944c60f98119389a4d9f"},"headline":"Encuentro de Cine Europeo: proyecciones en Pico y Santa Rosa","datePublished":"2025-10-27T22:05:14+00:00","dateModified":"2025-10-27T22:05:17+00:00","mainEntityOfPage":{"@id":"https:\/\/diariotextual.com\/inicio\/index.php\/2025\/10\/27\/encuentro-de-cine-europeo-proyecciones-en-pico-y-santa-rosa\/"},"wordCount":376,"publisher":{"@id":"https:\/\/diariotextual.com\/inicio\/#organization"},"image":{"@id":"https:\/\/diariotextual.com\/inicio\/index.php\/2025\/10\/27\/encuentro-de-cine-europeo-proyecciones-en-pico-y-santa-rosa\/#primaryimage"},"thumbnailUrl":"https:\/\/diariotextual.com\/inicio\/wp-content\/uploads\/2025\/09\/centroculturalmedasur2025.jpg","articleSection":["A - ES NOTICIA (van abajo)","CULTURA"],"inLanguage":"es"},{"@type":"WebPage","@id":"https:\/\/diariotextual.com\/inicio\/index.php\/2025\/10\/27\/encuentro-de-cine-europeo-proyecciones-en-pico-y-santa-rosa\/","url":"https:\/\/diariotextual.com\/inicio\/index.php\/2025\/10\/27\/encuentro-de-cine-europeo-proyecciones-en-pico-y-santa-rosa\/","name":"Encuentro de Cine Europeo: proyecciones en Pico y Santa Rosa - Diario Textual","isPartOf":{"@id":"https:\/\/diariotextual.com\/inicio\/#website"},"primaryImageOfPage":{"@id":"https:\/\/diariotextual.com\/inicio\/index.php\/2025\/10\/27\/encuentro-de-cine-europeo-proyecciones-en-pico-y-santa-rosa\/#primaryimage"},"image":{"@id":"https:\/\/diariotextual.com\/inicio\/index.php\/2025\/10\/27\/encuentro-de-cine-europeo-proyecciones-en-pico-y-santa-rosa\/#primaryimage"},"thumbnailUrl":"https:\/\/diariotextual.com\/inicio\/wp-content\/uploads\/2025\/09\/centroculturalmedasur2025.jpg","datePublished":"2025-10-27T22:05:14+00:00","dateModified":"2025-10-27T22:05:17+00:00","breadcrumb":{"@id":"https:\/\/diariotextual.com\/inicio\/index.php\/2025\/10\/27\/encuentro-de-cine-europeo-proyecciones-en-pico-y-santa-rosa\/#breadcrumb"},"inLanguage":"es","potentialAction":[{"@type":"ReadAction","target":["https:\/\/diariotextual.com\/inicio\/index.php\/2025\/10\/27\/encuentro-de-cine-europeo-proyecciones-en-pico-y-santa-rosa\/"]}]},{"@type":"ImageObject","inLanguage":"es","@id":"https:\/\/diariotextual.com\/inicio\/index.php\/2025\/10\/27\/encuentro-de-cine-europeo-proyecciones-en-pico-y-santa-rosa\/#primaryimage","url":"https:\/\/diariotextual.com\/inicio\/wp-content\/uploads\/2025\/09\/centroculturalmedasur2025.jpg","contentUrl":"https:\/\/diariotextual.com\/inicio\/wp-content\/uploads\/2025\/09\/centroculturalmedasur2025.jpg","width":900,"height":577},{"@type":"BreadcrumbList","@id":"https:\/\/diariotextual.com\/inicio\/index.php\/2025\/10\/27\/encuentro-de-cine-europeo-proyecciones-en-pico-y-santa-rosa\/#breadcrumb","itemListElement":[{"@type":"ListItem","position":1,"name":"Portada","item":"https:\/\/diariotextual.com\/inicio\/"},{"@type":"ListItem","position":2,"name":"Encuentro de Cine Europeo: proyecciones en Pico y Santa Rosa"}]},{"@type":"WebSite","@id":"https:\/\/diariotextual.com\/inicio\/#website","url":"https:\/\/diariotextual.com\/inicio\/","name":"Diario Textual","description":"","publisher":{"@id":"https:\/\/diariotextual.com\/inicio\/#organization"},"potentialAction":[{"@type":"SearchAction","target":{"@type":"EntryPoint","urlTemplate":"https:\/\/diariotextual.com\/inicio\/?s={search_term_string}"},"query-input":{"@type":"PropertyValueSpecification","valueRequired":true,"valueName":"search_term_string"}}],"inLanguage":"es"},{"@type":"Organization","@id":"https:\/\/diariotextual.com\/inicio\/#organization","name":"Diario Textual","url":"https:\/\/diariotextual.com\/inicio\/","logo":{"@type":"ImageObject","inLanguage":"es","@id":"https:\/\/diariotextual.com\/inicio\/#\/schema\/logo\/image\/","url":"https:\/\/diariotextual.com\/inicio\/wp-content\/uploads\/2023\/05\/logotextual1.jpg","contentUrl":"https:\/\/diariotextual.com\/inicio\/wp-content\/uploads\/2023\/05\/logotextual1.jpg","width":516,"height":76,"caption":"Diario Textual"},"image":{"@id":"https:\/\/diariotextual.com\/inicio\/#\/schema\/logo\/image\/"},"sameAs":["https:\/\/www.facebook.com\/eltextual","https:\/\/x.com\/eltextual","http:\/\/www.instagram.com\/eltextual"]},{"@type":"Person","@id":"https:\/\/diariotextual.com\/inicio\/#\/schema\/person\/a1b6f563e0ee944c60f98119389a4d9f","name":"diario3","image":{"@type":"ImageObject","inLanguage":"es","@id":"https:\/\/secure.gravatar.com\/avatar\/5e7ee62c82fc04d9dd79d746a390d93c69c43223e5faeeb3ea9461ef752bfc5d?s=96&d=mm&r=g","url":"https:\/\/secure.gravatar.com\/avatar\/5e7ee62c82fc04d9dd79d746a390d93c69c43223e5faeeb3ea9461ef752bfc5d?s=96&d=mm&r=g","contentUrl":"https:\/\/secure.gravatar.com\/avatar\/5e7ee62c82fc04d9dd79d746a390d93c69c43223e5faeeb3ea9461ef752bfc5d?s=96&d=mm&r=g","caption":"diario3"},"url":"https:\/\/diariotextual.com\/inicio\/index.php\/author\/diario3\/"}]}},"_links":{"self":[{"href":"https:\/\/diariotextual.com\/inicio\/index.php\/wp-json\/wp\/v2\/posts\/311245","targetHints":{"allow":["GET"]}}],"collection":[{"href":"https:\/\/diariotextual.com\/inicio\/index.php\/wp-json\/wp\/v2\/posts"}],"about":[{"href":"https:\/\/diariotextual.com\/inicio\/index.php\/wp-json\/wp\/v2\/types\/post"}],"author":[{"embeddable":true,"href":"https:\/\/diariotextual.com\/inicio\/index.php\/wp-json\/wp\/v2\/users\/5"}],"replies":[{"embeddable":true,"href":"https:\/\/diariotextual.com\/inicio\/index.php\/wp-json\/wp\/v2\/comments?post=311245"}],"version-history":[{"count":1,"href":"https:\/\/diariotextual.com\/inicio\/index.php\/wp-json\/wp\/v2\/posts\/311245\/revisions"}],"predecessor-version":[{"id":311246,"href":"https:\/\/diariotextual.com\/inicio\/index.php\/wp-json\/wp\/v2\/posts\/311245\/revisions\/311246"}],"wp:featuredmedia":[{"embeddable":true,"href":"https:\/\/diariotextual.com\/inicio\/index.php\/wp-json\/wp\/v2\/media\/308037"}],"wp:attachment":[{"href":"https:\/\/diariotextual.com\/inicio\/index.php\/wp-json\/wp\/v2\/media?parent=311245"}],"wp:term":[{"taxonomy":"category","embeddable":true,"href":"https:\/\/diariotextual.com\/inicio\/index.php\/wp-json\/wp\/v2\/categories?post=311245"},{"taxonomy":"post_tag","embeddable":true,"href":"https:\/\/diariotextual.com\/inicio\/index.php\/wp-json\/wp\/v2\/tags?post=311245"}],"curies":[{"name":"wp","href":"https:\/\/api.w.org\/{rel}","templated":true}]}}