{"id":311652,"date":"2025-10-31T19:20:25","date_gmt":"2025-10-31T22:20:25","guid":{"rendered":"https:\/\/diariotextual.com\/inicio\/?p=311652"},"modified":"2025-10-31T19:28:02","modified_gmt":"2025-10-31T22:28:02","slug":"fondo-editorial-pampeano-nueva-convocatoria-para-autoras-y-autores","status":"publish","type":"post","link":"https:\/\/diariotextual.com\/inicio\/index.php\/2025\/10\/31\/fondo-editorial-pampeano-nueva-convocatoria-para-autoras-y-autores\/","title":{"rendered":"Fondo Editorial Pampeano: nueva convocatoria para autoras y autores \u00a0"},"content":{"rendered":"\n<p>La<strong> Secretar\u00eda de Cultura del Gobierno de La Pampa<\/strong>, a trav\u00e9s del Fondo Editorial Pampeano (FEP), anunci\u00f3 una nueva convocatoria para la elecci\u00f3n y publicaci\u00f3n de obras literarias in\u00e9ditas de autores pampeanos, en sus g\u00e9neros <strong>poes\u00eda, ensayo y narrativa (un cuento por autor\/a).<\/strong><\/p>\n\n\n\n<p>El plazo de entrega para todos los g\u00e9neros es <strong>desde el lunes 3 de noviembre hasta el 15 de enero de 2026.<\/strong><\/p>\n\n\n\n<p>Las bases y condiciones para presentar en <strong>Poes\u00eda y Ensayo<\/strong> son:<\/p>\n\n\n\n<p>1. Pueden participar todas las personas que acrediten una residencia no inferior a cinco (5) a\u00f1os en la provincia.<\/p>\n\n\n\n<p>2. Los interesados deben enviar 1 (una) copia digital de la obra, firmada con seud\u00f3nimo y en formato PDF al correo: lapampaferiadellibro@gmail.com. El nombre real del\/la autor\/a no puede figurar en ning\u00fan modo dentro del archivo a presentar. De no cumplir con este requisito, la presentaci\u00f3n ser\u00e1 excluida.<\/p>\n\n\n\n<p>3. Los datos del\/la autor\/a deber\u00e1n enviarse en otro archivo (formato Word) con la siguiente informaci\u00f3n: apellido y nombres, n\u00famero de documento, fecha y lugar de nacimiento, domicilio actual, tel\u00e9fono, redes sociales, tiempo de residencia en La Pampa y t\u00edtulo de la obra.<\/p>\n\n\n\n<p>4. Tipo de letra recomendada Times New Roman, tama\u00f1o 12 o 14 e interlineado doble.<\/p>\n\n\n\n<p>5. El m\u00ednimo de p\u00e1ginas deber\u00e1 ser de 65 y tama\u00f1o A4.<\/p>\n\n\n\n<p>6. Las obras a postular deber\u00e1n ser in\u00e9ditas y originales, sin ser copia total o parcial de escritos existentes; y no deben haber sido premiadas anteriormente ni hallarse pendientes de fallos en cualquier otra instancia (concursos, convocatorias, premios, etc.).<\/p>\n\n\n\n<p>7. Todas las obras ser\u00e1n evaluadas por un jurado de pre-selecci\u00f3n, que se conformar\u00e1 para cada g\u00e9nero, quien elevar\u00e1 su decisi\u00f3n a la Comisi\u00f3n Honoraria del FEP y su posterior consideraci\u00f3n de qu\u00e9 obras publicar.<\/p>\n\n\n\n<p>8. La presentaci\u00f3n de una obra a esta convocatoria implicar\u00e1, de forma autom\u00e1tica, el conocimiento y la plena aceptaci\u00f3n por parte del\/a autor\/a de las presentes bases. Aquellos relatos que no cumplan con alguno de los requisitos establecidos quedar\u00e1n fuera de la convocatoria.<\/p>\n\n\n\n<p>9. Cualquier situaci\u00f3n no prevista en las presentes Bases, ser\u00e1 resuelta por la Secretar\u00eda de Cultura del Gobierno de La Pampa.<\/p>\n\n\n\n<p>Para el caso del g\u00e9nero <strong>Narrativa<\/strong>, la convocatoria es para <strong>una selecci\u00f3n de cuentos<\/strong>. Las bases y condiciones son:<\/p>\n\n\n\n<p>1. Pueden participar todas las personas que acrediten una residencia no inferior a cinco (5) a\u00f1os en la provincia.<\/p>\n\n\n\n<p>2. Los interesados deben enviar 1 (un) cuento de no m\u00e1s de dos p\u00e1ginas (tama\u00f1o A4), firmada con seud\u00f3nimo y en formato PDF al correo: lapampaferiadellibro@gmail.com. El nombre real del\/la autor\/a no puede figurar en ning\u00fan modo dentro del archivo a presentar. De no cumplir con este requisito, la presentaci\u00f3n ser\u00e1 excluida.<\/p>\n\n\n\n<p>3. Los datos del\/la autor\/a deber\u00e1n enviarse en otro archivo (formato Word o PDF) con la siguiente informaci\u00f3n: apellido y nombres, n\u00famero de documento, fecha y lugar de nacimiento, domicilio actual, tel\u00e9fono, redes sociales, tiempo de residencia en La Pampa y t\u00edtulo de la obra.<\/p>\n\n\n\n<p>4. Tipo de letra recomendada Times New Roman, tama\u00f1o 12 o 14 e interlineado doble.<\/p>\n\n\n\n<p>5. Las obras a postular deber\u00e1n ser in\u00e9ditas y originales, sin ser copia total o parcial de escritos existentes; y no deben haber sido premiadas anteriormente ni hallarse pendientes de fallos en cualquier otra instancia (concursos, convocatorias, premios, etc.).<\/p>\n\n\n\n<p>6. Todas las obras ser\u00e1n evaluadas por un jurado de pre-selecci\u00f3n, que se conformar\u00e1 para cada g\u00e9nero, quien elevar\u00e1 su decisi\u00f3n a la Comisi\u00f3n Honoraria del FEP y su posterior consideraci\u00f3n de qu\u00e9 obras publicar.<\/p>\n\n\n\n<p>7. La presentaci\u00f3n de una obra a esta convocatoria implicar\u00e1, de forma autom\u00e1tica, el conocimiento y la plena aceptaci\u00f3n por parte del\/a autor\/a de las presentes bases. Aquellos relatos que no cumplan con alguno de los requisitos establecidos quedar\u00e1n fuera de la convocatoria.<\/p>\n\n\n\n<p>8. Cualquier situaci\u00f3n no prevista en las presentes Bases, ser\u00e1 resuelta por la Secretar\u00eda de Cultura del Gobierno de La Pampa.<\/p>\n\n\n\n<p>Para cualquier otro tipo de informaci\u00f3n dirigirse a la Secretar\u00eda de Cultura, Centro Cultural Medasur, Avenida Belgrano Sur 180 (Segundo Piso), Santa Rosa o llamar al (02954) 70 3345 \/ 70 3284 o al correo electr\u00f3nico: culturapublicaciones@lapampa.gob.ar<\/p>\n\n\n\n<p><\/p>\n","protected":false},"excerpt":{"rendered":"<p>La Secretar\u00eda de Cultura del Gobierno de La Pampa, a trav\u00e9s del Fondo Editorial Pampeano (FEP), anunci\u00f3 una nueva convocatoria para la elecci\u00f3n y publicaci\u00f3n de obras literarias in\u00e9ditas de&hellip;<\/p>\n","protected":false},"author":5,"featured_media":311668,"comment_status":"closed","ping_status":"open","sticky":false,"template":"","format":"standard","meta":{"_acf_changed":false,"footnotes":""},"categories":[1,2],"tags":[],"class_list":["post-311652","post","type-post","status-publish","format-standard","has-post-thumbnail","hentry","category-es-noticia","category-cultura"],"acf":[],"yoast_head":"<!-- This site is optimized with the Yoast SEO plugin v27.5 - https:\/\/yoast.com\/product\/yoast-seo-wordpress\/ -->\n<title>Fondo Editorial Pampeano: nueva convocatoria para autoras y autores \u00a0 - Diario Textual<\/title>\n<meta name=\"robots\" content=\"index, follow, max-snippet:-1, max-image-preview:large, max-video-preview:-1\" \/>\n<link rel=\"canonical\" href=\"https:\/\/diariotextual.com\/inicio\/index.php\/2025\/10\/31\/fondo-editorial-pampeano-nueva-convocatoria-para-autoras-y-autores\/\" \/>\n<meta property=\"og:locale\" content=\"es_ES\" \/>\n<meta property=\"og:type\" content=\"article\" \/>\n<meta property=\"og:title\" content=\"Fondo Editorial Pampeano: nueva convocatoria para autoras y autores \u00a0 - Diario Textual\" \/>\n<meta property=\"og:description\" content=\"La Secretar\u00eda de Cultura del Gobierno de La Pampa, a trav\u00e9s del Fondo Editorial Pampeano (FEP), anunci\u00f3 una nueva convocatoria para la elecci\u00f3n y publicaci\u00f3n de obras literarias in\u00e9ditas de&hellip;\" \/>\n<meta property=\"og:url\" content=\"https:\/\/diariotextual.com\/inicio\/index.php\/2025\/10\/31\/fondo-editorial-pampeano-nueva-convocatoria-para-autoras-y-autores\/\" \/>\n<meta property=\"og:site_name\" content=\"Diario Textual\" \/>\n<meta property=\"article:publisher\" content=\"https:\/\/www.facebook.com\/eltextual\" \/>\n<meta property=\"article:published_time\" content=\"2025-10-31T22:20:25+00:00\" \/>\n<meta property=\"article:modified_time\" content=\"2025-10-31T22:28:02+00:00\" \/>\n<meta property=\"og:image\" content=\"https:\/\/diariotextual.com\/inicio\/wp-content\/uploads\/2025\/10\/luceropablo2025.jpg\" \/>\n\t<meta property=\"og:image:width\" content=\"900\" \/>\n\t<meta property=\"og:image:height\" content=\"476\" \/>\n\t<meta property=\"og:image:type\" content=\"image\/jpeg\" \/>\n<meta name=\"author\" content=\"diario3\" \/>\n<meta name=\"twitter:card\" content=\"summary_large_image\" \/>\n<meta name=\"twitter:creator\" content=\"@eltextual\" \/>\n<meta name=\"twitter:site\" content=\"@eltextual\" \/>\n<meta name=\"twitter:label1\" content=\"Escrito por\" \/>\n\t<meta name=\"twitter:data1\" content=\"diario3\" \/>\n\t<meta name=\"twitter:label2\" content=\"Tiempo de lectura\" \/>\n\t<meta name=\"twitter:data2\" content=\"4 minutos\" \/>\n<script type=\"application\/ld+json\" class=\"yoast-schema-graph\">{\"@context\":\"https:\\\/\\\/schema.org\",\"@graph\":[{\"@type\":\"Article\",\"@id\":\"https:\\\/\\\/diariotextual.com\\\/inicio\\\/index.php\\\/2025\\\/10\\\/31\\\/fondo-editorial-pampeano-nueva-convocatoria-para-autoras-y-autores\\\/#article\",\"isPartOf\":{\"@id\":\"https:\\\/\\\/diariotextual.com\\\/inicio\\\/index.php\\\/2025\\\/10\\\/31\\\/fondo-editorial-pampeano-nueva-convocatoria-para-autoras-y-autores\\\/\"},\"author\":{\"name\":\"diario3\",\"@id\":\"https:\\\/\\\/diariotextual.com\\\/inicio\\\/#\\\/schema\\\/person\\\/a1b6f563e0ee944c60f98119389a4d9f\"},\"headline\":\"Fondo Editorial Pampeano: nueva convocatoria para autoras y autores \u00a0\",\"datePublished\":\"2025-10-31T22:20:25+00:00\",\"dateModified\":\"2025-10-31T22:28:02+00:00\",\"mainEntityOfPage\":{\"@id\":\"https:\\\/\\\/diariotextual.com\\\/inicio\\\/index.php\\\/2025\\\/10\\\/31\\\/fondo-editorial-pampeano-nueva-convocatoria-para-autoras-y-autores\\\/\"},\"wordCount\":737,\"publisher\":{\"@id\":\"https:\\\/\\\/diariotextual.com\\\/inicio\\\/#organization\"},\"image\":{\"@id\":\"https:\\\/\\\/diariotextual.com\\\/inicio\\\/index.php\\\/2025\\\/10\\\/31\\\/fondo-editorial-pampeano-nueva-convocatoria-para-autoras-y-autores\\\/#primaryimage\"},\"thumbnailUrl\":\"https:\\\/\\\/diariotextual.com\\\/inicio\\\/wp-content\\\/uploads\\\/2025\\\/10\\\/luceropablo2025.jpg\",\"articleSection\":[\"A - ES NOTICIA (van abajo)\",\"CULTURA\"],\"inLanguage\":\"es\"},{\"@type\":\"WebPage\",\"@id\":\"https:\\\/\\\/diariotextual.com\\\/inicio\\\/index.php\\\/2025\\\/10\\\/31\\\/fondo-editorial-pampeano-nueva-convocatoria-para-autoras-y-autores\\\/\",\"url\":\"https:\\\/\\\/diariotextual.com\\\/inicio\\\/index.php\\\/2025\\\/10\\\/31\\\/fondo-editorial-pampeano-nueva-convocatoria-para-autoras-y-autores\\\/\",\"name\":\"Fondo Editorial Pampeano: nueva convocatoria para autoras y autores \u00a0 - Diario Textual\",\"isPartOf\":{\"@id\":\"https:\\\/\\\/diariotextual.com\\\/inicio\\\/#website\"},\"primaryImageOfPage\":{\"@id\":\"https:\\\/\\\/diariotextual.com\\\/inicio\\\/index.php\\\/2025\\\/10\\\/31\\\/fondo-editorial-pampeano-nueva-convocatoria-para-autoras-y-autores\\\/#primaryimage\"},\"image\":{\"@id\":\"https:\\\/\\\/diariotextual.com\\\/inicio\\\/index.php\\\/2025\\\/10\\\/31\\\/fondo-editorial-pampeano-nueva-convocatoria-para-autoras-y-autores\\\/#primaryimage\"},\"thumbnailUrl\":\"https:\\\/\\\/diariotextual.com\\\/inicio\\\/wp-content\\\/uploads\\\/2025\\\/10\\\/luceropablo2025.jpg\",\"datePublished\":\"2025-10-31T22:20:25+00:00\",\"dateModified\":\"2025-10-31T22:28:02+00:00\",\"breadcrumb\":{\"@id\":\"https:\\\/\\\/diariotextual.com\\\/inicio\\\/index.php\\\/2025\\\/10\\\/31\\\/fondo-editorial-pampeano-nueva-convocatoria-para-autoras-y-autores\\\/#breadcrumb\"},\"inLanguage\":\"es\",\"potentialAction\":[{\"@type\":\"ReadAction\",\"target\":[\"https:\\\/\\\/diariotextual.com\\\/inicio\\\/index.php\\\/2025\\\/10\\\/31\\\/fondo-editorial-pampeano-nueva-convocatoria-para-autoras-y-autores\\\/\"]}]},{\"@type\":\"ImageObject\",\"inLanguage\":\"es\",\"@id\":\"https:\\\/\\\/diariotextual.com\\\/inicio\\\/index.php\\\/2025\\\/10\\\/31\\\/fondo-editorial-pampeano-nueva-convocatoria-para-autoras-y-autores\\\/#primaryimage\",\"url\":\"https:\\\/\\\/diariotextual.com\\\/inicio\\\/wp-content\\\/uploads\\\/2025\\\/10\\\/luceropablo2025.jpg\",\"contentUrl\":\"https:\\\/\\\/diariotextual.com\\\/inicio\\\/wp-content\\\/uploads\\\/2025\\\/10\\\/luceropablo2025.jpg\",\"width\":900,\"height\":476},{\"@type\":\"BreadcrumbList\",\"@id\":\"https:\\\/\\\/diariotextual.com\\\/inicio\\\/index.php\\\/2025\\\/10\\\/31\\\/fondo-editorial-pampeano-nueva-convocatoria-para-autoras-y-autores\\\/#breadcrumb\",\"itemListElement\":[{\"@type\":\"ListItem\",\"position\":1,\"name\":\"Portada\",\"item\":\"https:\\\/\\\/diariotextual.com\\\/inicio\\\/\"},{\"@type\":\"ListItem\",\"position\":2,\"name\":\"Fondo Editorial Pampeano: nueva convocatoria para autoras y autores \u00a0\"}]},{\"@type\":\"WebSite\",\"@id\":\"https:\\\/\\\/diariotextual.com\\\/inicio\\\/#website\",\"url\":\"https:\\\/\\\/diariotextual.com\\\/inicio\\\/\",\"name\":\"Diario Textual\",\"description\":\"\",\"publisher\":{\"@id\":\"https:\\\/\\\/diariotextual.com\\\/inicio\\\/#organization\"},\"potentialAction\":[{\"@type\":\"SearchAction\",\"target\":{\"@type\":\"EntryPoint\",\"urlTemplate\":\"https:\\\/\\\/diariotextual.com\\\/inicio\\\/?s={search_term_string}\"},\"query-input\":{\"@type\":\"PropertyValueSpecification\",\"valueRequired\":true,\"valueName\":\"search_term_string\"}}],\"inLanguage\":\"es\"},{\"@type\":\"Organization\",\"@id\":\"https:\\\/\\\/diariotextual.com\\\/inicio\\\/#organization\",\"name\":\"Diario Textual\",\"url\":\"https:\\\/\\\/diariotextual.com\\\/inicio\\\/\",\"logo\":{\"@type\":\"ImageObject\",\"inLanguage\":\"es\",\"@id\":\"https:\\\/\\\/diariotextual.com\\\/inicio\\\/#\\\/schema\\\/logo\\\/image\\\/\",\"url\":\"https:\\\/\\\/diariotextual.com\\\/inicio\\\/wp-content\\\/uploads\\\/2023\\\/05\\\/logotextual1.jpg\",\"contentUrl\":\"https:\\\/\\\/diariotextual.com\\\/inicio\\\/wp-content\\\/uploads\\\/2023\\\/05\\\/logotextual1.jpg\",\"width\":516,\"height\":76,\"caption\":\"Diario Textual\"},\"image\":{\"@id\":\"https:\\\/\\\/diariotextual.com\\\/inicio\\\/#\\\/schema\\\/logo\\\/image\\\/\"},\"sameAs\":[\"https:\\\/\\\/www.facebook.com\\\/eltextual\",\"https:\\\/\\\/x.com\\\/eltextual\",\"http:\\\/\\\/www.instagram.com\\\/eltextual\"]},{\"@type\":\"Person\",\"@id\":\"https:\\\/\\\/diariotextual.com\\\/inicio\\\/#\\\/schema\\\/person\\\/a1b6f563e0ee944c60f98119389a4d9f\",\"name\":\"diario3\",\"image\":{\"@type\":\"ImageObject\",\"inLanguage\":\"es\",\"@id\":\"https:\\\/\\\/secure.gravatar.com\\\/avatar\\\/5e7ee62c82fc04d9dd79d746a390d93c69c43223e5faeeb3ea9461ef752bfc5d?s=96&d=mm&r=g\",\"url\":\"https:\\\/\\\/secure.gravatar.com\\\/avatar\\\/5e7ee62c82fc04d9dd79d746a390d93c69c43223e5faeeb3ea9461ef752bfc5d?s=96&d=mm&r=g\",\"contentUrl\":\"https:\\\/\\\/secure.gravatar.com\\\/avatar\\\/5e7ee62c82fc04d9dd79d746a390d93c69c43223e5faeeb3ea9461ef752bfc5d?s=96&d=mm&r=g\",\"caption\":\"diario3\"},\"url\":\"https:\\\/\\\/diariotextual.com\\\/inicio\\\/index.php\\\/author\\\/diario3\\\/\"}]}<\/script>\n<!-- \/ Yoast SEO plugin. -->","yoast_head_json":{"title":"Fondo Editorial Pampeano: nueva convocatoria para autoras y autores \u00a0 - Diario Textual","robots":{"index":"index","follow":"follow","max-snippet":"max-snippet:-1","max-image-preview":"max-image-preview:large","max-video-preview":"max-video-preview:-1"},"canonical":"https:\/\/diariotextual.com\/inicio\/index.php\/2025\/10\/31\/fondo-editorial-pampeano-nueva-convocatoria-para-autoras-y-autores\/","og_locale":"es_ES","og_type":"article","og_title":"Fondo Editorial Pampeano: nueva convocatoria para autoras y autores \u00a0 - Diario Textual","og_description":"La Secretar\u00eda de Cultura del Gobierno de La Pampa, a trav\u00e9s del Fondo Editorial Pampeano (FEP), anunci\u00f3 una nueva convocatoria para la elecci\u00f3n y publicaci\u00f3n de obras literarias in\u00e9ditas de&hellip;","og_url":"https:\/\/diariotextual.com\/inicio\/index.php\/2025\/10\/31\/fondo-editorial-pampeano-nueva-convocatoria-para-autoras-y-autores\/","og_site_name":"Diario Textual","article_publisher":"https:\/\/www.facebook.com\/eltextual","article_published_time":"2025-10-31T22:20:25+00:00","article_modified_time":"2025-10-31T22:28:02+00:00","og_image":[{"width":900,"height":476,"url":"https:\/\/diariotextual.com\/inicio\/wp-content\/uploads\/2025\/10\/luceropablo2025.jpg","type":"image\/jpeg"}],"author":"diario3","twitter_card":"summary_large_image","twitter_creator":"@eltextual","twitter_site":"@eltextual","twitter_misc":{"Escrito por":"diario3","Tiempo de lectura":"4 minutos"},"schema":{"@context":"https:\/\/schema.org","@graph":[{"@type":"Article","@id":"https:\/\/diariotextual.com\/inicio\/index.php\/2025\/10\/31\/fondo-editorial-pampeano-nueva-convocatoria-para-autoras-y-autores\/#article","isPartOf":{"@id":"https:\/\/diariotextual.com\/inicio\/index.php\/2025\/10\/31\/fondo-editorial-pampeano-nueva-convocatoria-para-autoras-y-autores\/"},"author":{"name":"diario3","@id":"https:\/\/diariotextual.com\/inicio\/#\/schema\/person\/a1b6f563e0ee944c60f98119389a4d9f"},"headline":"Fondo Editorial Pampeano: nueva convocatoria para autoras y autores \u00a0","datePublished":"2025-10-31T22:20:25+00:00","dateModified":"2025-10-31T22:28:02+00:00","mainEntityOfPage":{"@id":"https:\/\/diariotextual.com\/inicio\/index.php\/2025\/10\/31\/fondo-editorial-pampeano-nueva-convocatoria-para-autoras-y-autores\/"},"wordCount":737,"publisher":{"@id":"https:\/\/diariotextual.com\/inicio\/#organization"},"image":{"@id":"https:\/\/diariotextual.com\/inicio\/index.php\/2025\/10\/31\/fondo-editorial-pampeano-nueva-convocatoria-para-autoras-y-autores\/#primaryimage"},"thumbnailUrl":"https:\/\/diariotextual.com\/inicio\/wp-content\/uploads\/2025\/10\/luceropablo2025.jpg","articleSection":["A - ES NOTICIA (van abajo)","CULTURA"],"inLanguage":"es"},{"@type":"WebPage","@id":"https:\/\/diariotextual.com\/inicio\/index.php\/2025\/10\/31\/fondo-editorial-pampeano-nueva-convocatoria-para-autoras-y-autores\/","url":"https:\/\/diariotextual.com\/inicio\/index.php\/2025\/10\/31\/fondo-editorial-pampeano-nueva-convocatoria-para-autoras-y-autores\/","name":"Fondo Editorial Pampeano: nueva convocatoria para autoras y autores \u00a0 - Diario Textual","isPartOf":{"@id":"https:\/\/diariotextual.com\/inicio\/#website"},"primaryImageOfPage":{"@id":"https:\/\/diariotextual.com\/inicio\/index.php\/2025\/10\/31\/fondo-editorial-pampeano-nueva-convocatoria-para-autoras-y-autores\/#primaryimage"},"image":{"@id":"https:\/\/diariotextual.com\/inicio\/index.php\/2025\/10\/31\/fondo-editorial-pampeano-nueva-convocatoria-para-autoras-y-autores\/#primaryimage"},"thumbnailUrl":"https:\/\/diariotextual.com\/inicio\/wp-content\/uploads\/2025\/10\/luceropablo2025.jpg","datePublished":"2025-10-31T22:20:25+00:00","dateModified":"2025-10-31T22:28:02+00:00","breadcrumb":{"@id":"https:\/\/diariotextual.com\/inicio\/index.php\/2025\/10\/31\/fondo-editorial-pampeano-nueva-convocatoria-para-autoras-y-autores\/#breadcrumb"},"inLanguage":"es","potentialAction":[{"@type":"ReadAction","target":["https:\/\/diariotextual.com\/inicio\/index.php\/2025\/10\/31\/fondo-editorial-pampeano-nueva-convocatoria-para-autoras-y-autores\/"]}]},{"@type":"ImageObject","inLanguage":"es","@id":"https:\/\/diariotextual.com\/inicio\/index.php\/2025\/10\/31\/fondo-editorial-pampeano-nueva-convocatoria-para-autoras-y-autores\/#primaryimage","url":"https:\/\/diariotextual.com\/inicio\/wp-content\/uploads\/2025\/10\/luceropablo2025.jpg","contentUrl":"https:\/\/diariotextual.com\/inicio\/wp-content\/uploads\/2025\/10\/luceropablo2025.jpg","width":900,"height":476},{"@type":"BreadcrumbList","@id":"https:\/\/diariotextual.com\/inicio\/index.php\/2025\/10\/31\/fondo-editorial-pampeano-nueva-convocatoria-para-autoras-y-autores\/#breadcrumb","itemListElement":[{"@type":"ListItem","position":1,"name":"Portada","item":"https:\/\/diariotextual.com\/inicio\/"},{"@type":"ListItem","position":2,"name":"Fondo Editorial Pampeano: nueva convocatoria para autoras y autores \u00a0"}]},{"@type":"WebSite","@id":"https:\/\/diariotextual.com\/inicio\/#website","url":"https:\/\/diariotextual.com\/inicio\/","name":"Diario Textual","description":"","publisher":{"@id":"https:\/\/diariotextual.com\/inicio\/#organization"},"potentialAction":[{"@type":"SearchAction","target":{"@type":"EntryPoint","urlTemplate":"https:\/\/diariotextual.com\/inicio\/?s={search_term_string}"},"query-input":{"@type":"PropertyValueSpecification","valueRequired":true,"valueName":"search_term_string"}}],"inLanguage":"es"},{"@type":"Organization","@id":"https:\/\/diariotextual.com\/inicio\/#organization","name":"Diario Textual","url":"https:\/\/diariotextual.com\/inicio\/","logo":{"@type":"ImageObject","inLanguage":"es","@id":"https:\/\/diariotextual.com\/inicio\/#\/schema\/logo\/image\/","url":"https:\/\/diariotextual.com\/inicio\/wp-content\/uploads\/2023\/05\/logotextual1.jpg","contentUrl":"https:\/\/diariotextual.com\/inicio\/wp-content\/uploads\/2023\/05\/logotextual1.jpg","width":516,"height":76,"caption":"Diario Textual"},"image":{"@id":"https:\/\/diariotextual.com\/inicio\/#\/schema\/logo\/image\/"},"sameAs":["https:\/\/www.facebook.com\/eltextual","https:\/\/x.com\/eltextual","http:\/\/www.instagram.com\/eltextual"]},{"@type":"Person","@id":"https:\/\/diariotextual.com\/inicio\/#\/schema\/person\/a1b6f563e0ee944c60f98119389a4d9f","name":"diario3","image":{"@type":"ImageObject","inLanguage":"es","@id":"https:\/\/secure.gravatar.com\/avatar\/5e7ee62c82fc04d9dd79d746a390d93c69c43223e5faeeb3ea9461ef752bfc5d?s=96&d=mm&r=g","url":"https:\/\/secure.gravatar.com\/avatar\/5e7ee62c82fc04d9dd79d746a390d93c69c43223e5faeeb3ea9461ef752bfc5d?s=96&d=mm&r=g","contentUrl":"https:\/\/secure.gravatar.com\/avatar\/5e7ee62c82fc04d9dd79d746a390d93c69c43223e5faeeb3ea9461ef752bfc5d?s=96&d=mm&r=g","caption":"diario3"},"url":"https:\/\/diariotextual.com\/inicio\/index.php\/author\/diario3\/"}]}},"_links":{"self":[{"href":"https:\/\/diariotextual.com\/inicio\/index.php\/wp-json\/wp\/v2\/posts\/311652","targetHints":{"allow":["GET"]}}],"collection":[{"href":"https:\/\/diariotextual.com\/inicio\/index.php\/wp-json\/wp\/v2\/posts"}],"about":[{"href":"https:\/\/diariotextual.com\/inicio\/index.php\/wp-json\/wp\/v2\/types\/post"}],"author":[{"embeddable":true,"href":"https:\/\/diariotextual.com\/inicio\/index.php\/wp-json\/wp\/v2\/users\/5"}],"replies":[{"embeddable":true,"href":"https:\/\/diariotextual.com\/inicio\/index.php\/wp-json\/wp\/v2\/comments?post=311652"}],"version-history":[{"count":1,"href":"https:\/\/diariotextual.com\/inicio\/index.php\/wp-json\/wp\/v2\/posts\/311652\/revisions"}],"predecessor-version":[{"id":311658,"href":"https:\/\/diariotextual.com\/inicio\/index.php\/wp-json\/wp\/v2\/posts\/311652\/revisions\/311658"}],"wp:featuredmedia":[{"embeddable":true,"href":"https:\/\/diariotextual.com\/inicio\/index.php\/wp-json\/wp\/v2\/media\/311668"}],"wp:attachment":[{"href":"https:\/\/diariotextual.com\/inicio\/index.php\/wp-json\/wp\/v2\/media?parent=311652"}],"wp:term":[{"taxonomy":"category","embeddable":true,"href":"https:\/\/diariotextual.com\/inicio\/index.php\/wp-json\/wp\/v2\/categories?post=311652"},{"taxonomy":"post_tag","embeddable":true,"href":"https:\/\/diariotextual.com\/inicio\/index.php\/wp-json\/wp\/v2\/tags?post=311652"}],"curies":[{"name":"wp","href":"https:\/\/api.w.org\/{rel}","templated":true}]}}