{"id":312049,"date":"2025-11-05T17:48:55","date_gmt":"2025-11-05T20:48:55","guid":{"rendered":"https:\/\/diariotextual.com\/inicio\/?p=312049"},"modified":"2025-11-05T17:48:57","modified_gmt":"2025-11-05T20:48:57","slug":"el-gobierno-nacional-convoco-a-sesiones-extraordinarias-desde-el-10-de-diciembre-al-31","status":"publish","type":"post","link":"https:\/\/diariotextual.com\/inicio\/index.php\/2025\/11\/05\/el-gobierno-nacional-convoco-a-sesiones-extraordinarias-desde-el-10-de-diciembre-al-31\/","title":{"rendered":"El Gobierno nacional convoc\u00f3 a sesiones extraordinarias desde el 10 de diciembre al 31"},"content":{"rendered":"\n<p class=\"wp-block-paragraph\">El gobierno de Javier Milei confirm\u00f3 este mi\u00e9rcoles que las sesiones extraordinarias del Congreso tendr\u00e1n lugar <strong>desde el 10 de diciembre hasta el 31 de diciembre<\/strong>. El Ejecutivo, <strong>con el recambio legislativo, buscar\u00e1 aprobar el proyecto del Presupuesto 2026, el paquete de reformas laboral y tributaria y el nuevo C\u00f3digo Penal,<\/strong> que anunci\u00f3 Javier Milei en un acto de campa\u00f1a. En unos d\u00edas se oficializar\u00e1 el acto en el bolet\u00edn oficial. Sin embargo, no descartan una ampliaci\u00f3n hasta mediados de enero.<\/p>\n\n\n\n<p class=\"wp-block-paragraph\">En la C\u00e1mara de Diputados, el oficialismo hab\u00eda conseguido este martes el dictamen sobre el proyecto de Presupuesto 2026 en la Comisi\u00f3n de Presupuesto y Hacienda y buscar\u00e1 demorar la aprobaci\u00f3n de esa iniciativa hasta diciembre, cuando asuman los nuevos legisladores y La Libertad Avanza (LLA) pasar\u00e1 a tener junto a bloques aliados la primera minor\u00eda del cuerpo parlamentario.<\/p>\n\n\n\n<p class=\"wp-block-paragraph\">El dictamen de la Libertad Avanza (LLA) reuni\u00f3 20 firmas, mientras que el dictamen de Uni\u00f3n por la Patria (UcxP) consigui\u00f3 la misma cantidad, pero al haber habido un empate, el presidente de la Comisi\u00f3n de Presupuesto, Alberto \u2018Bertie\u2019 Benegas Lynch, hizo uso de su voto doble para desempatar a favor del oficialismo.<\/p>\n\n\n\n<p class=\"wp-block-paragraph\">La decisi\u00f3n de dilatar los tiempos le permite al Gobierno nacional avanzar en las negociaciones con los gobernadores para incluir algunos cambios en la propuesta oficial y garantizar as\u00ed los votos para aprobar el Presupuesto antes de fines de diciembre.<\/p>\n\n\n\n<p class=\"wp-block-paragraph\">Desde diciembre, LLA tendr\u00e1 entre propios y aliados 115 diputados y podr\u00e1 sumar el respaldo de siete legisladores de Innovaci\u00f3n Federal; dos de Producci\u00f3n y Trabajo y uno de Libertad y Futuro, con lo cual solo necesitar\u00e1 del aval de tres legisladores m\u00e1s.<\/p>\n\n\n\n<p class=\"wp-block-paragraph\">El dictamen de mayor\u00eda mantiene sin cambios el proyecto de Presupuesto oficial que proyecta un aumento de la econom\u00eda del 5%; una inflaci\u00f3n del 10%; un d\u00f3lar de 1,423 pesos a diciembre de 2026 y proyecta incrementos del 10,6 % de las exportaciones y 11 % de importaciones que se toman fuera de los organismos de gesti\u00f3n que establece la Constituci\u00f3n.<\/p>\n","protected":false},"excerpt":{"rendered":"<p>El gobierno de Javier Milei confirm\u00f3 este mi\u00e9rcoles que las sesiones extraordinarias del Congreso tendr\u00e1n lugar desde el 10 de diciembre hasta el 31 de diciembre. El Ejecutivo, con el&hellip;<\/p>\n","protected":false},"author":5,"featured_media":299296,"comment_status":"closed","ping_status":"open","sticky":false,"template":"","format":"standard","meta":{"_acf_changed":false,"footnotes":""},"categories":[1,8],"tags":[],"class_list":["post-312049","post","type-post","status-publish","format-standard","has-post-thumbnail","hentry","category-es-noticia","category-politica"],"acf":[],"yoast_head":"<!-- This site is optimized with the Yoast SEO plugin v28.4 - https:\/\/yoast.com\/product\/yoast-seo-wordpress\/ -->\n<title>El Gobierno nacional convoc\u00f3 a sesiones extraordinarias desde el 10 de diciembre al 31 - Diario Textual<\/title>\n<meta name=\"robots\" content=\"index, follow, max-snippet:-1, max-image-preview:large, max-video-preview:-1\" \/>\n<link rel=\"canonical\" href=\"https:\/\/diariotextual.com\/inicio\/index.php\/2025\/11\/05\/el-gobierno-nacional-convoco-a-sesiones-extraordinarias-desde-el-10-de-diciembre-al-31\/\" \/>\n<meta property=\"og:locale\" content=\"es_ES\" \/>\n<meta property=\"og:type\" content=\"article\" \/>\n<meta property=\"og:title\" content=\"El Gobierno nacional convoc\u00f3 a sesiones extraordinarias desde el 10 de diciembre al 31 - Diario Textual\" \/>\n<meta property=\"og:description\" content=\"El gobierno de Javier Milei confirm\u00f3 este mi\u00e9rcoles que las sesiones extraordinarias del Congreso tendr\u00e1n lugar desde el 10 de diciembre hasta el 31 de diciembre. El Ejecutivo, con el&hellip;\" \/>\n<meta property=\"og:url\" content=\"https:\/\/diariotextual.com\/inicio\/index.php\/2025\/11\/05\/el-gobierno-nacional-convoco-a-sesiones-extraordinarias-desde-el-10-de-diciembre-al-31\/\" \/>\n<meta property=\"og:site_name\" content=\"Diario Textual\" \/>\n<meta property=\"article:publisher\" content=\"https:\/\/www.facebook.com\/eltextual\" \/>\n<meta property=\"article:published_time\" content=\"2025-11-05T20:48:55+00:00\" \/>\n<meta property=\"article:modified_time\" content=\"2025-11-05T20:48:57+00:00\" \/>\n<meta property=\"og:image\" content=\"https:\/\/diariotextual.com\/inicio\/wp-content\/uploads\/2025\/06\/congresodelanacion2025.jpg\" \/>\n\t<meta property=\"og:image:width\" content=\"950\" \/>\n\t<meta property=\"og:image:height\" content=\"534\" \/>\n\t<meta property=\"og:image:type\" content=\"image\/jpeg\" \/>\n<meta name=\"author\" content=\"diario3\" \/>\n<meta name=\"twitter:card\" content=\"summary_large_image\" \/>\n<meta name=\"twitter:creator\" content=\"@eltextual\" \/>\n<meta name=\"twitter:site\" content=\"@eltextual\" \/>\n<meta name=\"twitter:label1\" content=\"Escrito por\" \/>\n\t<meta name=\"twitter:data1\" content=\"diario3\" \/>\n\t<meta name=\"twitter:label2\" content=\"Tiempo de lectura\" \/>\n\t<meta name=\"twitter:data2\" content=\"2 minutos\" \/>\n<script type=\"application\/ld+json\" class=\"yoast-schema-graph\">{\"@context\":\"https:\\\/\\\/schema.org\",\"@graph\":[{\"@type\":\"Article\",\"@id\":\"https:\\\/\\\/diariotextual.com\\\/inicio\\\/index.php\\\/2025\\\/11\\\/05\\\/el-gobierno-nacional-convoco-a-sesiones-extraordinarias-desde-el-10-de-diciembre-al-31\\\/#article\",\"isPartOf\":{\"@id\":\"https:\\\/\\\/diariotextual.com\\\/inicio\\\/index.php\\\/2025\\\/11\\\/05\\\/el-gobierno-nacional-convoco-a-sesiones-extraordinarias-desde-el-10-de-diciembre-al-31\\\/\"},\"author\":{\"name\":\"diario3\",\"@id\":\"https:\\\/\\\/diariotextual.com\\\/inicio\\\/#\\\/schema\\\/person\\\/a1b6f563e0ee944c60f98119389a4d9f\"},\"headline\":\"El Gobierno nacional convoc\u00f3 a sesiones extraordinarias desde el 10 de diciembre al 31\",\"datePublished\":\"2025-11-05T20:48:55+00:00\",\"dateModified\":\"2025-11-05T20:48:57+00:00\",\"mainEntityOfPage\":{\"@id\":\"https:\\\/\\\/diariotextual.com\\\/inicio\\\/index.php\\\/2025\\\/11\\\/05\\\/el-gobierno-nacional-convoco-a-sesiones-extraordinarias-desde-el-10-de-diciembre-al-31\\\/\"},\"wordCount\":359,\"publisher\":{\"@id\":\"https:\\\/\\\/diariotextual.com\\\/inicio\\\/#organization\"},\"image\":{\"@id\":\"https:\\\/\\\/diariotextual.com\\\/inicio\\\/index.php\\\/2025\\\/11\\\/05\\\/el-gobierno-nacional-convoco-a-sesiones-extraordinarias-desde-el-10-de-diciembre-al-31\\\/#primaryimage\"},\"thumbnailUrl\":\"https:\\\/\\\/diariotextual.com\\\/inicio\\\/wp-content\\\/uploads\\\/2025\\\/06\\\/congresodelanacion2025.jpg\",\"articleSection\":[\"A - ES NOTICIA (van abajo)\",\"POLITICA\"],\"inLanguage\":\"es\"},{\"@type\":\"WebPage\",\"@id\":\"https:\\\/\\\/diariotextual.com\\\/inicio\\\/index.php\\\/2025\\\/11\\\/05\\\/el-gobierno-nacional-convoco-a-sesiones-extraordinarias-desde-el-10-de-diciembre-al-31\\\/\",\"url\":\"https:\\\/\\\/diariotextual.com\\\/inicio\\\/index.php\\\/2025\\\/11\\\/05\\\/el-gobierno-nacional-convoco-a-sesiones-extraordinarias-desde-el-10-de-diciembre-al-31\\\/\",\"name\":\"El Gobierno nacional convoc\u00f3 a sesiones extraordinarias desde el 10 de diciembre al 31 - Diario Textual\",\"isPartOf\":{\"@id\":\"https:\\\/\\\/diariotextual.com\\\/inicio\\\/#website\"},\"primaryImageOfPage\":{\"@id\":\"https:\\\/\\\/diariotextual.com\\\/inicio\\\/index.php\\\/2025\\\/11\\\/05\\\/el-gobierno-nacional-convoco-a-sesiones-extraordinarias-desde-el-10-de-diciembre-al-31\\\/#primaryimage\"},\"image\":{\"@id\":\"https:\\\/\\\/diariotextual.com\\\/inicio\\\/index.php\\\/2025\\\/11\\\/05\\\/el-gobierno-nacional-convoco-a-sesiones-extraordinarias-desde-el-10-de-diciembre-al-31\\\/#primaryimage\"},\"thumbnailUrl\":\"https:\\\/\\\/diariotextual.com\\\/inicio\\\/wp-content\\\/uploads\\\/2025\\\/06\\\/congresodelanacion2025.jpg\",\"datePublished\":\"2025-11-05T20:48:55+00:00\",\"dateModified\":\"2025-11-05T20:48:57+00:00\",\"breadcrumb\":{\"@id\":\"https:\\\/\\\/diariotextual.com\\\/inicio\\\/index.php\\\/2025\\\/11\\\/05\\\/el-gobierno-nacional-convoco-a-sesiones-extraordinarias-desde-el-10-de-diciembre-al-31\\\/#breadcrumb\"},\"inLanguage\":\"es\",\"potentialAction\":[{\"@type\":\"ReadAction\",\"target\":[\"https:\\\/\\\/diariotextual.com\\\/inicio\\\/index.php\\\/2025\\\/11\\\/05\\\/el-gobierno-nacional-convoco-a-sesiones-extraordinarias-desde-el-10-de-diciembre-al-31\\\/\"]}]},{\"@type\":\"ImageObject\",\"inLanguage\":\"es\",\"@id\":\"https:\\\/\\\/diariotextual.com\\\/inicio\\\/index.php\\\/2025\\\/11\\\/05\\\/el-gobierno-nacional-convoco-a-sesiones-extraordinarias-desde-el-10-de-diciembre-al-31\\\/#primaryimage\",\"url\":\"https:\\\/\\\/diariotextual.com\\\/inicio\\\/wp-content\\\/uploads\\\/2025\\\/06\\\/congresodelanacion2025.jpg\",\"contentUrl\":\"https:\\\/\\\/diariotextual.com\\\/inicio\\\/wp-content\\\/uploads\\\/2025\\\/06\\\/congresodelanacion2025.jpg\",\"width\":950,\"height\":534},{\"@type\":\"BreadcrumbList\",\"@id\":\"https:\\\/\\\/diariotextual.com\\\/inicio\\\/index.php\\\/2025\\\/11\\\/05\\\/el-gobierno-nacional-convoco-a-sesiones-extraordinarias-desde-el-10-de-diciembre-al-31\\\/#breadcrumb\",\"itemListElement\":[{\"@type\":\"ListItem\",\"position\":1,\"name\":\"Portada\",\"item\":\"https:\\\/\\\/diariotextual.com\\\/inicio\\\/\"},{\"@type\":\"ListItem\",\"position\":2,\"name\":\"El Gobierno nacional convoc\u00f3 a sesiones extraordinarias desde el 10 de diciembre al 31\"}]},{\"@type\":\"WebSite\",\"@id\":\"https:\\\/\\\/diariotextual.com\\\/inicio\\\/#website\",\"url\":\"https:\\\/\\\/diariotextual.com\\\/inicio\\\/\",\"name\":\"Diario Textual\",\"description\":\"\",\"publisher\":{\"@id\":\"https:\\\/\\\/diariotextual.com\\\/inicio\\\/#organization\"},\"potentialAction\":[{\"@type\":\"SearchAction\",\"target\":{\"@type\":\"EntryPoint\",\"urlTemplate\":\"https:\\\/\\\/diariotextual.com\\\/inicio\\\/?s={search_term_string}\"},\"query-input\":{\"@type\":\"PropertyValueSpecification\",\"valueRequired\":true,\"valueName\":\"search_term_string\"}}],\"inLanguage\":\"es\"},{\"@type\":\"Organization\",\"@id\":\"https:\\\/\\\/diariotextual.com\\\/inicio\\\/#organization\",\"name\":\"Diario Textual\",\"url\":\"https:\\\/\\\/diariotextual.com\\\/inicio\\\/\",\"logo\":{\"@type\":\"ImageObject\",\"inLanguage\":\"es\",\"@id\":\"https:\\\/\\\/diariotextual.com\\\/inicio\\\/#\\\/schema\\\/logo\\\/image\\\/\",\"url\":\"https:\\\/\\\/diariotextual.com\\\/inicio\\\/wp-content\\\/uploads\\\/2023\\\/05\\\/logotextual1.jpg\",\"contentUrl\":\"https:\\\/\\\/diariotextual.com\\\/inicio\\\/wp-content\\\/uploads\\\/2023\\\/05\\\/logotextual1.jpg\",\"width\":516,\"height\":76,\"caption\":\"Diario Textual\"},\"image\":{\"@id\":\"https:\\\/\\\/diariotextual.com\\\/inicio\\\/#\\\/schema\\\/logo\\\/image\\\/\"},\"sameAs\":[\"https:\\\/\\\/www.facebook.com\\\/eltextual\",\"https:\\\/\\\/x.com\\\/eltextual\",\"http:\\\/\\\/www.instagram.com\\\/eltextual\"]},{\"@type\":\"Person\",\"@id\":\"https:\\\/\\\/diariotextual.com\\\/inicio\\\/#\\\/schema\\\/person\\\/a1b6f563e0ee944c60f98119389a4d9f\",\"name\":\"diario3\",\"image\":{\"@type\":\"ImageObject\",\"inLanguage\":\"es\",\"@id\":\"https:\\\/\\\/secure.gravatar.com\\\/avatar\\\/5e7ee62c82fc04d9dd79d746a390d93c69c43223e5faeeb3ea9461ef752bfc5d?s=96&d=mm&r=g\",\"url\":\"https:\\\/\\\/secure.gravatar.com\\\/avatar\\\/5e7ee62c82fc04d9dd79d746a390d93c69c43223e5faeeb3ea9461ef752bfc5d?s=96&d=mm&r=g\",\"contentUrl\":\"https:\\\/\\\/secure.gravatar.com\\\/avatar\\\/5e7ee62c82fc04d9dd79d746a390d93c69c43223e5faeeb3ea9461ef752bfc5d?s=96&d=mm&r=g\",\"caption\":\"diario3\"},\"url\":\"https:\\\/\\\/diariotextual.com\\\/inicio\\\/index.php\\\/author\\\/diario3\\\/\"}]}<\/script>\n<!-- \/ Yoast SEO plugin. -->","yoast_head_json":{"title":"El Gobierno nacional convoc\u00f3 a sesiones extraordinarias desde el 10 de diciembre al 31 - Diario Textual","robots":{"index":"index","follow":"follow","max-snippet":"max-snippet:-1","max-image-preview":"max-image-preview:large","max-video-preview":"max-video-preview:-1"},"canonical":"https:\/\/diariotextual.com\/inicio\/index.php\/2025\/11\/05\/el-gobierno-nacional-convoco-a-sesiones-extraordinarias-desde-el-10-de-diciembre-al-31\/","og_locale":"es_ES","og_type":"article","og_title":"El Gobierno nacional convoc\u00f3 a sesiones extraordinarias desde el 10 de diciembre al 31 - Diario Textual","og_description":"El gobierno de Javier Milei confirm\u00f3 este mi\u00e9rcoles que las sesiones extraordinarias del Congreso tendr\u00e1n lugar desde el 10 de diciembre hasta el 31 de diciembre. El Ejecutivo, con el&hellip;","og_url":"https:\/\/diariotextual.com\/inicio\/index.php\/2025\/11\/05\/el-gobierno-nacional-convoco-a-sesiones-extraordinarias-desde-el-10-de-diciembre-al-31\/","og_site_name":"Diario Textual","article_publisher":"https:\/\/www.facebook.com\/eltextual","article_published_time":"2025-11-05T20:48:55+00:00","article_modified_time":"2025-11-05T20:48:57+00:00","og_image":[{"width":950,"height":534,"url":"https:\/\/diariotextual.com\/inicio\/wp-content\/uploads\/2025\/06\/congresodelanacion2025.jpg","type":"image\/jpeg"}],"author":"diario3","twitter_card":"summary_large_image","twitter_creator":"@eltextual","twitter_site":"@eltextual","twitter_misc":{"Escrito por":"diario3","Tiempo de lectura":"2 minutos"},"schema":{"@context":"https:\/\/schema.org","@graph":[{"@type":"Article","@id":"https:\/\/diariotextual.com\/inicio\/index.php\/2025\/11\/05\/el-gobierno-nacional-convoco-a-sesiones-extraordinarias-desde-el-10-de-diciembre-al-31\/#article","isPartOf":{"@id":"https:\/\/diariotextual.com\/inicio\/index.php\/2025\/11\/05\/el-gobierno-nacional-convoco-a-sesiones-extraordinarias-desde-el-10-de-diciembre-al-31\/"},"author":{"name":"diario3","@id":"https:\/\/diariotextual.com\/inicio\/#\/schema\/person\/a1b6f563e0ee944c60f98119389a4d9f"},"headline":"El Gobierno nacional convoc\u00f3 a sesiones extraordinarias desde el 10 de diciembre al 31","datePublished":"2025-11-05T20:48:55+00:00","dateModified":"2025-11-05T20:48:57+00:00","mainEntityOfPage":{"@id":"https:\/\/diariotextual.com\/inicio\/index.php\/2025\/11\/05\/el-gobierno-nacional-convoco-a-sesiones-extraordinarias-desde-el-10-de-diciembre-al-31\/"},"wordCount":359,"publisher":{"@id":"https:\/\/diariotextual.com\/inicio\/#organization"},"image":{"@id":"https:\/\/diariotextual.com\/inicio\/index.php\/2025\/11\/05\/el-gobierno-nacional-convoco-a-sesiones-extraordinarias-desde-el-10-de-diciembre-al-31\/#primaryimage"},"thumbnailUrl":"https:\/\/diariotextual.com\/inicio\/wp-content\/uploads\/2025\/06\/congresodelanacion2025.jpg","articleSection":["A - ES NOTICIA (van abajo)","POLITICA"],"inLanguage":"es"},{"@type":"WebPage","@id":"https:\/\/diariotextual.com\/inicio\/index.php\/2025\/11\/05\/el-gobierno-nacional-convoco-a-sesiones-extraordinarias-desde-el-10-de-diciembre-al-31\/","url":"https:\/\/diariotextual.com\/inicio\/index.php\/2025\/11\/05\/el-gobierno-nacional-convoco-a-sesiones-extraordinarias-desde-el-10-de-diciembre-al-31\/","name":"El Gobierno nacional convoc\u00f3 a sesiones extraordinarias desde el 10 de diciembre al 31 - Diario Textual","isPartOf":{"@id":"https:\/\/diariotextual.com\/inicio\/#website"},"primaryImageOfPage":{"@id":"https:\/\/diariotextual.com\/inicio\/index.php\/2025\/11\/05\/el-gobierno-nacional-convoco-a-sesiones-extraordinarias-desde-el-10-de-diciembre-al-31\/#primaryimage"},"image":{"@id":"https:\/\/diariotextual.com\/inicio\/index.php\/2025\/11\/05\/el-gobierno-nacional-convoco-a-sesiones-extraordinarias-desde-el-10-de-diciembre-al-31\/#primaryimage"},"thumbnailUrl":"https:\/\/diariotextual.com\/inicio\/wp-content\/uploads\/2025\/06\/congresodelanacion2025.jpg","datePublished":"2025-11-05T20:48:55+00:00","dateModified":"2025-11-05T20:48:57+00:00","breadcrumb":{"@id":"https:\/\/diariotextual.com\/inicio\/index.php\/2025\/11\/05\/el-gobierno-nacional-convoco-a-sesiones-extraordinarias-desde-el-10-de-diciembre-al-31\/#breadcrumb"},"inLanguage":"es","potentialAction":[{"@type":"ReadAction","target":["https:\/\/diariotextual.com\/inicio\/index.php\/2025\/11\/05\/el-gobierno-nacional-convoco-a-sesiones-extraordinarias-desde-el-10-de-diciembre-al-31\/"]}]},{"@type":"ImageObject","inLanguage":"es","@id":"https:\/\/diariotextual.com\/inicio\/index.php\/2025\/11\/05\/el-gobierno-nacional-convoco-a-sesiones-extraordinarias-desde-el-10-de-diciembre-al-31\/#primaryimage","url":"https:\/\/diariotextual.com\/inicio\/wp-content\/uploads\/2025\/06\/congresodelanacion2025.jpg","contentUrl":"https:\/\/diariotextual.com\/inicio\/wp-content\/uploads\/2025\/06\/congresodelanacion2025.jpg","width":950,"height":534},{"@type":"BreadcrumbList","@id":"https:\/\/diariotextual.com\/inicio\/index.php\/2025\/11\/05\/el-gobierno-nacional-convoco-a-sesiones-extraordinarias-desde-el-10-de-diciembre-al-31\/#breadcrumb","itemListElement":[{"@type":"ListItem","position":1,"name":"Portada","item":"https:\/\/diariotextual.com\/inicio\/"},{"@type":"ListItem","position":2,"name":"El Gobierno nacional convoc\u00f3 a sesiones extraordinarias desde el 10 de diciembre al 31"}]},{"@type":"WebSite","@id":"https:\/\/diariotextual.com\/inicio\/#website","url":"https:\/\/diariotextual.com\/inicio\/","name":"Diario Textual","description":"","publisher":{"@id":"https:\/\/diariotextual.com\/inicio\/#organization"},"potentialAction":[{"@type":"SearchAction","target":{"@type":"EntryPoint","urlTemplate":"https:\/\/diariotextual.com\/inicio\/?s={search_term_string}"},"query-input":{"@type":"PropertyValueSpecification","valueRequired":true,"valueName":"search_term_string"}}],"inLanguage":"es"},{"@type":"Organization","@id":"https:\/\/diariotextual.com\/inicio\/#organization","name":"Diario Textual","url":"https:\/\/diariotextual.com\/inicio\/","logo":{"@type":"ImageObject","inLanguage":"es","@id":"https:\/\/diariotextual.com\/inicio\/#\/schema\/logo\/image\/","url":"https:\/\/diariotextual.com\/inicio\/wp-content\/uploads\/2023\/05\/logotextual1.jpg","contentUrl":"https:\/\/diariotextual.com\/inicio\/wp-content\/uploads\/2023\/05\/logotextual1.jpg","width":516,"height":76,"caption":"Diario Textual"},"image":{"@id":"https:\/\/diariotextual.com\/inicio\/#\/schema\/logo\/image\/"},"sameAs":["https:\/\/www.facebook.com\/eltextual","https:\/\/x.com\/eltextual","http:\/\/www.instagram.com\/eltextual"]},{"@type":"Person","@id":"https:\/\/diariotextual.com\/inicio\/#\/schema\/person\/a1b6f563e0ee944c60f98119389a4d9f","name":"diario3","image":{"@type":"ImageObject","inLanguage":"es","@id":"https:\/\/secure.gravatar.com\/avatar\/5e7ee62c82fc04d9dd79d746a390d93c69c43223e5faeeb3ea9461ef752bfc5d?s=96&d=mm&r=g","url":"https:\/\/secure.gravatar.com\/avatar\/5e7ee62c82fc04d9dd79d746a390d93c69c43223e5faeeb3ea9461ef752bfc5d?s=96&d=mm&r=g","contentUrl":"https:\/\/secure.gravatar.com\/avatar\/5e7ee62c82fc04d9dd79d746a390d93c69c43223e5faeeb3ea9461ef752bfc5d?s=96&d=mm&r=g","caption":"diario3"},"url":"https:\/\/diariotextual.com\/inicio\/index.php\/author\/diario3\/"}]}},"_links":{"self":[{"href":"https:\/\/diariotextual.com\/inicio\/index.php\/wp-json\/wp\/v2\/posts\/312049","targetHints":{"allow":["GET"]}}],"collection":[{"href":"https:\/\/diariotextual.com\/inicio\/index.php\/wp-json\/wp\/v2\/posts"}],"about":[{"href":"https:\/\/diariotextual.com\/inicio\/index.php\/wp-json\/wp\/v2\/types\/post"}],"author":[{"embeddable":true,"href":"https:\/\/diariotextual.com\/inicio\/index.php\/wp-json\/wp\/v2\/users\/5"}],"replies":[{"embeddable":true,"href":"https:\/\/diariotextual.com\/inicio\/index.php\/wp-json\/wp\/v2\/comments?post=312049"}],"version-history":[{"count":1,"href":"https:\/\/diariotextual.com\/inicio\/index.php\/wp-json\/wp\/v2\/posts\/312049\/revisions"}],"predecessor-version":[{"id":312050,"href":"https:\/\/diariotextual.com\/inicio\/index.php\/wp-json\/wp\/v2\/posts\/312049\/revisions\/312050"}],"wp:featuredmedia":[{"embeddable":true,"href":"https:\/\/diariotextual.com\/inicio\/index.php\/wp-json\/wp\/v2\/media\/299296"}],"wp:attachment":[{"href":"https:\/\/diariotextual.com\/inicio\/index.php\/wp-json\/wp\/v2\/media?parent=312049"}],"wp:term":[{"taxonomy":"category","embeddable":true,"href":"https:\/\/diariotextual.com\/inicio\/index.php\/wp-json\/wp\/v2\/categories?post=312049"},{"taxonomy":"post_tag","embeddable":true,"href":"https:\/\/diariotextual.com\/inicio\/index.php\/wp-json\/wp\/v2\/tags?post=312049"}],"curies":[{"name":"wp","href":"https:\/\/api.w.org\/{rel}","templated":true}]}}