{"id":312061,"date":"2025-11-05T20:50:21","date_gmt":"2025-11-05T23:50:21","guid":{"rendered":"https:\/\/diariotextual.com\/inicio\/?p=312061"},"modified":"2025-11-05T20:50:26","modified_gmt":"2025-11-05T23:50:26","slug":"departamentos-del-sur-pampeano-seguiran-en-estado-de-emergencia-por-sequia","status":"publish","type":"post","link":"https:\/\/diariotextual.com\/inicio\/index.php\/2025\/11\/05\/departamentos-del-sur-pampeano-seguiran-en-estado-de-emergencia-por-sequia\/","title":{"rendered":"Departamentos del Sur pampeano seguir\u00e1n en estado de emergencia por sequ\u00eda"},"content":{"rendered":"\n<p>La <strong>Comisi\u00f3n Provincial de Emergencia y Asistencia Agropecuaria,<\/strong> convocada por el Ministerio de la Producci\u00f3n de La Pampa, determin\u00f3 la continuidad del <strong>estado de emergencia desde el 1 de noviembre de 2025 hasta el 30 de abril de 2026<\/strong>, en los <strong>departamentos Lihuel Calel, Curac\u00f3, Caleu Caleu y Puel\u00e9n.<\/strong><\/p>\n\n\n\n<p>El encuentro estuvo encabezado por la ministra de la Producci\u00f3n, Fernanda Gonz\u00e1lez, y cont\u00f3 con la participaci\u00f3n de representantes de los organismos provinciales y nacionales que integran dicha Comisi\u00f3n, junto a referentes de las entidades agropecuarias. Participaron el subsecretario de Asuntos Agrarios, Ricardo Baraldi, los directores de Ganader\u00eda, Marcelo Lluch, de Recursos Naturales, Carlos Bonnemez\u00f3n, de Agricultura, Natalia Ovando y de Defensa Civil del Ministerio de Gobierno, David Garc\u00eda, adem\u00e1s del subdirector de Agricultura, Sergio Baudracco.<\/p>\n\n\n\n<p>En representaci\u00f3n de los organismos nacionales asistieron Ezequiel Fern\u00e1ndez (SENASA) y Pablo V\u00e1zquez (INTA). Por las entidades gremiales agropecuarias, Marcelo Rodr\u00edguez (CARBAP), Juan Botting (SRA), Ulises Forte (FAA) y Le\u00f3n Iruretagoyena (CONINAGRO).<\/p>\n\n\n\n<p>Durante el encuentro, INTA present\u00f3 las perspectivas clim\u00e1ticas e h\u00eddricas para los pr\u00f3ximos meses, se\u00f1alando que, si bien <strong>se prev\u00e9n algunas precipitaciones en sectores del centro y este provincial, las reservas de humedad a\u00fan se mantienen por debajo de lo normal en algunos sectores del oeste y sur.<\/strong><\/p>\n\n\n\n<p>T\u00e9cnicos de la Subsecretar\u00eda de Asuntos Agrarios brindaron un informe actualizado sobre la situaci\u00f3n de emergencia agropecuaria por sequ\u00eda, destacando la vigencia del Decreto N\u00b0 2390\/25, que establece el estado de emergencia desde el 1 de noviembre de 2025 hasta el 30 de abril de 2026, e incluye parte de los departamentos de Lihuel Calel, Curac\u00f3, Caleu Caleu y Puel\u00e9n.<\/p>\n\n\n\n<figure class=\"wp-block-image size-full\"><img fetchpriority=\"high\" decoding=\"async\" width=\"900\" height=\"613\" src=\"https:\/\/diariotextual.com\/inicio\/wp-content\/uploads\/2025\/11\/emergenciaagropecuarianoviembree2025.jpg\" alt=\"\" class=\"wp-image-312063\" srcset=\"https:\/\/diariotextual.com\/inicio\/wp-content\/uploads\/2025\/11\/emergenciaagropecuarianoviembree2025.jpg 900w, https:\/\/diariotextual.com\/inicio\/wp-content\/uploads\/2025\/11\/emergenciaagropecuarianoviembree2025-300x204.jpg 300w, https:\/\/diariotextual.com\/inicio\/wp-content\/uploads\/2025\/11\/emergenciaagropecuarianoviembree2025-768x523.jpg 768w, https:\/\/diariotextual.com\/inicio\/wp-content\/uploads\/2025\/11\/emergenciaagropecuarianoviembree2025-585x398.jpg 585w\" sizes=\"(max-width: 900px) 100vw, 900px\" \/><\/figure>\n\n\n\n<p>La ministra Gonz\u00e1lez explic\u00f3 a la Agencia Provincial de Noticias que la reuni\u00f3n permiti\u00f3 revisar la evoluci\u00f3n de la emergencia agropecuaria y analizar los pron\u00f3sticos para los pr\u00f3ximos meses, que indican un \u201cescenario incierto\u201d.<\/p>\n\n\n\n<p>El director de Ganader\u00eda explic\u00f3 que los campos del sur provincial necesitar\u00e1n m\u00e1s tiempo para recuperarse, ya que son sistemas con resiliencia m\u00e1s lenta. \u201c<strong>En las zonas donde se mantiene la emergencia, se observa escasez de forraje y la hacienda presenta un estado corporal de regular a malo<\/strong>, lo que evidencia el impacto sostenido de la sequ\u00eda\u201d, sostuvo Marcelo Lluch.<\/p>\n\n\n\n<p>La directora de Agricultura remarc\u00f3 la importancia de mantener los monitoreos a nivel territorial de las \u00e1reas que no se encuentran en emergencia, para conocer c\u00f3mo transita la campa\u00f1a de gruesa, considerando los fen\u00f3menos clim\u00e1ticos adversos que se vienen registrando, como heladas o estr\u00e9s t\u00e9rmico e h\u00eddrico. \u201c<strong>Los pron\u00f3sticos anticipan un verano con lluvias normales pero temperaturas m\u00e1s altas de lo habitual, por lo que el seguimiento continuo resulta clave<\/strong> para orientar las acciones de acompa\u00f1amiento y brindar respuestas oportunas al sector\u201d, a\u00f1adi\u00f3 Natalia Ovando.<\/p>\n\n\n\n<p>En tanto, el director de Defensa Civil, destac\u00f3 el trabajo de manera coordinada con bomberos voluntarios, municipios y entidades rurales para prevenir los incendios y reducir sus consecuencias. \u201cLa anticipaci\u00f3n y la comunicaci\u00f3n permanente son claves para cuidar la vida de las personas, proteger la producci\u00f3n y evitar da\u00f1os irreparables al ambiente\u201d, expres\u00f3.<\/p>\n\n\n\n<p>Y desde ese organismo recordaron la importancia de mantener las picadas cortafuego limpias y en condiciones, especialmente durante el per\u00edodo estival, cuando aumenta el riesgo de propagaci\u00f3n del fuego. \u201c<strong>La temporada oficial de incendios rurales rige desde el 1 de noviembre, por lo que se recomienda extremar las medidas preventivas <\/strong>y dar aviso inmediato ante cualquier foco o columna de humo\u201d, dijo Garc\u00eda.<\/p>\n","protected":false},"excerpt":{"rendered":"<p>La Comisi\u00f3n Provincial de Emergencia y Asistencia Agropecuaria, convocada por el Ministerio de la Producci\u00f3n de La Pampa, determin\u00f3 la continuidad del estado de emergencia desde el 1 de noviembre&hellip;<\/p>\n","protected":false},"author":5,"featured_media":312062,"comment_status":"closed","ping_status":"open","sticky":false,"template":"","format":"standard","meta":{"_acf_changed":false,"footnotes":""},"categories":[1,20],"tags":[],"class_list":["post-312061","post","type-post","status-publish","format-standard","has-post-thumbnail","hentry","category-es-noticia","category-campo"],"acf":[],"yoast_head":"<!-- This site is optimized with the Yoast SEO plugin v27.5 - https:\/\/yoast.com\/product\/yoast-seo-wordpress\/ -->\n<title>Departamentos del Sur pampeano seguir\u00e1n en estado de emergencia por sequ\u00eda - Diario Textual<\/title>\n<meta name=\"robots\" content=\"index, follow, max-snippet:-1, max-image-preview:large, max-video-preview:-1\" \/>\n<link rel=\"canonical\" href=\"https:\/\/diariotextual.com\/inicio\/index.php\/2025\/11\/05\/departamentos-del-sur-pampeano-seguiran-en-estado-de-emergencia-por-sequia\/\" \/>\n<meta property=\"og:locale\" content=\"es_ES\" \/>\n<meta property=\"og:type\" content=\"article\" \/>\n<meta property=\"og:title\" content=\"Departamentos del Sur pampeano seguir\u00e1n en estado de emergencia por sequ\u00eda - Diario Textual\" \/>\n<meta property=\"og:description\" content=\"La Comisi\u00f3n Provincial de Emergencia y Asistencia Agropecuaria, convocada por el Ministerio de la Producci\u00f3n de La Pampa, determin\u00f3 la continuidad del estado de emergencia desde el 1 de noviembre&hellip;\" \/>\n<meta property=\"og:url\" content=\"https:\/\/diariotextual.com\/inicio\/index.php\/2025\/11\/05\/departamentos-del-sur-pampeano-seguiran-en-estado-de-emergencia-por-sequia\/\" \/>\n<meta property=\"og:site_name\" content=\"Diario Textual\" \/>\n<meta property=\"article:publisher\" content=\"https:\/\/www.facebook.com\/eltextual\" \/>\n<meta property=\"article:published_time\" content=\"2025-11-05T23:50:21+00:00\" \/>\n<meta property=\"article:modified_time\" content=\"2025-11-05T23:50:26+00:00\" \/>\n<meta property=\"og:image\" content=\"https:\/\/diariotextual.com\/inicio\/wp-content\/uploads\/2025\/11\/emergenciaagropecuarianoviembre2025.jpg\" \/>\n\t<meta property=\"og:image:width\" content=\"900\" \/>\n\t<meta property=\"og:image:height\" content=\"567\" \/>\n\t<meta property=\"og:image:type\" content=\"image\/jpeg\" \/>\n<meta name=\"author\" content=\"diario3\" \/>\n<meta name=\"twitter:card\" content=\"summary_large_image\" \/>\n<meta name=\"twitter:creator\" content=\"@eltextual\" \/>\n<meta name=\"twitter:site\" content=\"@eltextual\" \/>\n<meta name=\"twitter:label1\" content=\"Escrito por\" \/>\n\t<meta name=\"twitter:data1\" content=\"diario3\" \/>\n\t<meta name=\"twitter:label2\" content=\"Tiempo de lectura\" \/>\n\t<meta name=\"twitter:data2\" content=\"3 minutos\" \/>\n<script type=\"application\/ld+json\" class=\"yoast-schema-graph\">{\"@context\":\"https:\\\/\\\/schema.org\",\"@graph\":[{\"@type\":\"Article\",\"@id\":\"https:\\\/\\\/diariotextual.com\\\/inicio\\\/index.php\\\/2025\\\/11\\\/05\\\/departamentos-del-sur-pampeano-seguiran-en-estado-de-emergencia-por-sequia\\\/#article\",\"isPartOf\":{\"@id\":\"https:\\\/\\\/diariotextual.com\\\/inicio\\\/index.php\\\/2025\\\/11\\\/05\\\/departamentos-del-sur-pampeano-seguiran-en-estado-de-emergencia-por-sequia\\\/\"},\"author\":{\"name\":\"diario3\",\"@id\":\"https:\\\/\\\/diariotextual.com\\\/inicio\\\/#\\\/schema\\\/person\\\/a1b6f563e0ee944c60f98119389a4d9f\"},\"headline\":\"Departamentos del Sur pampeano seguir\u00e1n en estado de emergencia por sequ\u00eda\",\"datePublished\":\"2025-11-05T23:50:21+00:00\",\"dateModified\":\"2025-11-05T23:50:26+00:00\",\"mainEntityOfPage\":{\"@id\":\"https:\\\/\\\/diariotextual.com\\\/inicio\\\/index.php\\\/2025\\\/11\\\/05\\\/departamentos-del-sur-pampeano-seguiran-en-estado-de-emergencia-por-sequia\\\/\"},\"wordCount\":618,\"publisher\":{\"@id\":\"https:\\\/\\\/diariotextual.com\\\/inicio\\\/#organization\"},\"image\":{\"@id\":\"https:\\\/\\\/diariotextual.com\\\/inicio\\\/index.php\\\/2025\\\/11\\\/05\\\/departamentos-del-sur-pampeano-seguiran-en-estado-de-emergencia-por-sequia\\\/#primaryimage\"},\"thumbnailUrl\":\"https:\\\/\\\/diariotextual.com\\\/inicio\\\/wp-content\\\/uploads\\\/2025\\\/11\\\/emergenciaagropecuarianoviembre2025.jpg\",\"articleSection\":[\"A - ES NOTICIA (van abajo)\",\"CAMPO\"],\"inLanguage\":\"es\"},{\"@type\":\"WebPage\",\"@id\":\"https:\\\/\\\/diariotextual.com\\\/inicio\\\/index.php\\\/2025\\\/11\\\/05\\\/departamentos-del-sur-pampeano-seguiran-en-estado-de-emergencia-por-sequia\\\/\",\"url\":\"https:\\\/\\\/diariotextual.com\\\/inicio\\\/index.php\\\/2025\\\/11\\\/05\\\/departamentos-del-sur-pampeano-seguiran-en-estado-de-emergencia-por-sequia\\\/\",\"name\":\"Departamentos del Sur pampeano seguir\u00e1n en estado de emergencia por sequ\u00eda - Diario Textual\",\"isPartOf\":{\"@id\":\"https:\\\/\\\/diariotextual.com\\\/inicio\\\/#website\"},\"primaryImageOfPage\":{\"@id\":\"https:\\\/\\\/diariotextual.com\\\/inicio\\\/index.php\\\/2025\\\/11\\\/05\\\/departamentos-del-sur-pampeano-seguiran-en-estado-de-emergencia-por-sequia\\\/#primaryimage\"},\"image\":{\"@id\":\"https:\\\/\\\/diariotextual.com\\\/inicio\\\/index.php\\\/2025\\\/11\\\/05\\\/departamentos-del-sur-pampeano-seguiran-en-estado-de-emergencia-por-sequia\\\/#primaryimage\"},\"thumbnailUrl\":\"https:\\\/\\\/diariotextual.com\\\/inicio\\\/wp-content\\\/uploads\\\/2025\\\/11\\\/emergenciaagropecuarianoviembre2025.jpg\",\"datePublished\":\"2025-11-05T23:50:21+00:00\",\"dateModified\":\"2025-11-05T23:50:26+00:00\",\"breadcrumb\":{\"@id\":\"https:\\\/\\\/diariotextual.com\\\/inicio\\\/index.php\\\/2025\\\/11\\\/05\\\/departamentos-del-sur-pampeano-seguiran-en-estado-de-emergencia-por-sequia\\\/#breadcrumb\"},\"inLanguage\":\"es\",\"potentialAction\":[{\"@type\":\"ReadAction\",\"target\":[\"https:\\\/\\\/diariotextual.com\\\/inicio\\\/index.php\\\/2025\\\/11\\\/05\\\/departamentos-del-sur-pampeano-seguiran-en-estado-de-emergencia-por-sequia\\\/\"]}]},{\"@type\":\"ImageObject\",\"inLanguage\":\"es\",\"@id\":\"https:\\\/\\\/diariotextual.com\\\/inicio\\\/index.php\\\/2025\\\/11\\\/05\\\/departamentos-del-sur-pampeano-seguiran-en-estado-de-emergencia-por-sequia\\\/#primaryimage\",\"url\":\"https:\\\/\\\/diariotextual.com\\\/inicio\\\/wp-content\\\/uploads\\\/2025\\\/11\\\/emergenciaagropecuarianoviembre2025.jpg\",\"contentUrl\":\"https:\\\/\\\/diariotextual.com\\\/inicio\\\/wp-content\\\/uploads\\\/2025\\\/11\\\/emergenciaagropecuarianoviembre2025.jpg\",\"width\":900,\"height\":567},{\"@type\":\"BreadcrumbList\",\"@id\":\"https:\\\/\\\/diariotextual.com\\\/inicio\\\/index.php\\\/2025\\\/11\\\/05\\\/departamentos-del-sur-pampeano-seguiran-en-estado-de-emergencia-por-sequia\\\/#breadcrumb\",\"itemListElement\":[{\"@type\":\"ListItem\",\"position\":1,\"name\":\"Portada\",\"item\":\"https:\\\/\\\/diariotextual.com\\\/inicio\\\/\"},{\"@type\":\"ListItem\",\"position\":2,\"name\":\"Departamentos del Sur pampeano seguir\u00e1n en estado de emergencia por sequ\u00eda\"}]},{\"@type\":\"WebSite\",\"@id\":\"https:\\\/\\\/diariotextual.com\\\/inicio\\\/#website\",\"url\":\"https:\\\/\\\/diariotextual.com\\\/inicio\\\/\",\"name\":\"Diario Textual\",\"description\":\"\",\"publisher\":{\"@id\":\"https:\\\/\\\/diariotextual.com\\\/inicio\\\/#organization\"},\"potentialAction\":[{\"@type\":\"SearchAction\",\"target\":{\"@type\":\"EntryPoint\",\"urlTemplate\":\"https:\\\/\\\/diariotextual.com\\\/inicio\\\/?s={search_term_string}\"},\"query-input\":{\"@type\":\"PropertyValueSpecification\",\"valueRequired\":true,\"valueName\":\"search_term_string\"}}],\"inLanguage\":\"es\"},{\"@type\":\"Organization\",\"@id\":\"https:\\\/\\\/diariotextual.com\\\/inicio\\\/#organization\",\"name\":\"Diario Textual\",\"url\":\"https:\\\/\\\/diariotextual.com\\\/inicio\\\/\",\"logo\":{\"@type\":\"ImageObject\",\"inLanguage\":\"es\",\"@id\":\"https:\\\/\\\/diariotextual.com\\\/inicio\\\/#\\\/schema\\\/logo\\\/image\\\/\",\"url\":\"https:\\\/\\\/diariotextual.com\\\/inicio\\\/wp-content\\\/uploads\\\/2023\\\/05\\\/logotextual1.jpg\",\"contentUrl\":\"https:\\\/\\\/diariotextual.com\\\/inicio\\\/wp-content\\\/uploads\\\/2023\\\/05\\\/logotextual1.jpg\",\"width\":516,\"height\":76,\"caption\":\"Diario Textual\"},\"image\":{\"@id\":\"https:\\\/\\\/diariotextual.com\\\/inicio\\\/#\\\/schema\\\/logo\\\/image\\\/\"},\"sameAs\":[\"https:\\\/\\\/www.facebook.com\\\/eltextual\",\"https:\\\/\\\/x.com\\\/eltextual\",\"http:\\\/\\\/www.instagram.com\\\/eltextual\"]},{\"@type\":\"Person\",\"@id\":\"https:\\\/\\\/diariotextual.com\\\/inicio\\\/#\\\/schema\\\/person\\\/a1b6f563e0ee944c60f98119389a4d9f\",\"name\":\"diario3\",\"image\":{\"@type\":\"ImageObject\",\"inLanguage\":\"es\",\"@id\":\"https:\\\/\\\/secure.gravatar.com\\\/avatar\\\/5e7ee62c82fc04d9dd79d746a390d93c69c43223e5faeeb3ea9461ef752bfc5d?s=96&d=mm&r=g\",\"url\":\"https:\\\/\\\/secure.gravatar.com\\\/avatar\\\/5e7ee62c82fc04d9dd79d746a390d93c69c43223e5faeeb3ea9461ef752bfc5d?s=96&d=mm&r=g\",\"contentUrl\":\"https:\\\/\\\/secure.gravatar.com\\\/avatar\\\/5e7ee62c82fc04d9dd79d746a390d93c69c43223e5faeeb3ea9461ef752bfc5d?s=96&d=mm&r=g\",\"caption\":\"diario3\"},\"url\":\"https:\\\/\\\/diariotextual.com\\\/inicio\\\/index.php\\\/author\\\/diario3\\\/\"}]}<\/script>\n<!-- \/ Yoast SEO plugin. -->","yoast_head_json":{"title":"Departamentos del Sur pampeano seguir\u00e1n en estado de emergencia por sequ\u00eda - Diario Textual","robots":{"index":"index","follow":"follow","max-snippet":"max-snippet:-1","max-image-preview":"max-image-preview:large","max-video-preview":"max-video-preview:-1"},"canonical":"https:\/\/diariotextual.com\/inicio\/index.php\/2025\/11\/05\/departamentos-del-sur-pampeano-seguiran-en-estado-de-emergencia-por-sequia\/","og_locale":"es_ES","og_type":"article","og_title":"Departamentos del Sur pampeano seguir\u00e1n en estado de emergencia por sequ\u00eda - Diario Textual","og_description":"La Comisi\u00f3n Provincial de Emergencia y Asistencia Agropecuaria, convocada por el Ministerio de la Producci\u00f3n de La Pampa, determin\u00f3 la continuidad del estado de emergencia desde el 1 de noviembre&hellip;","og_url":"https:\/\/diariotextual.com\/inicio\/index.php\/2025\/11\/05\/departamentos-del-sur-pampeano-seguiran-en-estado-de-emergencia-por-sequia\/","og_site_name":"Diario Textual","article_publisher":"https:\/\/www.facebook.com\/eltextual","article_published_time":"2025-11-05T23:50:21+00:00","article_modified_time":"2025-11-05T23:50:26+00:00","og_image":[{"width":900,"height":567,"url":"https:\/\/diariotextual.com\/inicio\/wp-content\/uploads\/2025\/11\/emergenciaagropecuarianoviembre2025.jpg","type":"image\/jpeg"}],"author":"diario3","twitter_card":"summary_large_image","twitter_creator":"@eltextual","twitter_site":"@eltextual","twitter_misc":{"Escrito por":"diario3","Tiempo de lectura":"3 minutos"},"schema":{"@context":"https:\/\/schema.org","@graph":[{"@type":"Article","@id":"https:\/\/diariotextual.com\/inicio\/index.php\/2025\/11\/05\/departamentos-del-sur-pampeano-seguiran-en-estado-de-emergencia-por-sequia\/#article","isPartOf":{"@id":"https:\/\/diariotextual.com\/inicio\/index.php\/2025\/11\/05\/departamentos-del-sur-pampeano-seguiran-en-estado-de-emergencia-por-sequia\/"},"author":{"name":"diario3","@id":"https:\/\/diariotextual.com\/inicio\/#\/schema\/person\/a1b6f563e0ee944c60f98119389a4d9f"},"headline":"Departamentos del Sur pampeano seguir\u00e1n en estado de emergencia por sequ\u00eda","datePublished":"2025-11-05T23:50:21+00:00","dateModified":"2025-11-05T23:50:26+00:00","mainEntityOfPage":{"@id":"https:\/\/diariotextual.com\/inicio\/index.php\/2025\/11\/05\/departamentos-del-sur-pampeano-seguiran-en-estado-de-emergencia-por-sequia\/"},"wordCount":618,"publisher":{"@id":"https:\/\/diariotextual.com\/inicio\/#organization"},"image":{"@id":"https:\/\/diariotextual.com\/inicio\/index.php\/2025\/11\/05\/departamentos-del-sur-pampeano-seguiran-en-estado-de-emergencia-por-sequia\/#primaryimage"},"thumbnailUrl":"https:\/\/diariotextual.com\/inicio\/wp-content\/uploads\/2025\/11\/emergenciaagropecuarianoviembre2025.jpg","articleSection":["A - ES NOTICIA (van abajo)","CAMPO"],"inLanguage":"es"},{"@type":"WebPage","@id":"https:\/\/diariotextual.com\/inicio\/index.php\/2025\/11\/05\/departamentos-del-sur-pampeano-seguiran-en-estado-de-emergencia-por-sequia\/","url":"https:\/\/diariotextual.com\/inicio\/index.php\/2025\/11\/05\/departamentos-del-sur-pampeano-seguiran-en-estado-de-emergencia-por-sequia\/","name":"Departamentos del Sur pampeano seguir\u00e1n en estado de emergencia por sequ\u00eda - Diario Textual","isPartOf":{"@id":"https:\/\/diariotextual.com\/inicio\/#website"},"primaryImageOfPage":{"@id":"https:\/\/diariotextual.com\/inicio\/index.php\/2025\/11\/05\/departamentos-del-sur-pampeano-seguiran-en-estado-de-emergencia-por-sequia\/#primaryimage"},"image":{"@id":"https:\/\/diariotextual.com\/inicio\/index.php\/2025\/11\/05\/departamentos-del-sur-pampeano-seguiran-en-estado-de-emergencia-por-sequia\/#primaryimage"},"thumbnailUrl":"https:\/\/diariotextual.com\/inicio\/wp-content\/uploads\/2025\/11\/emergenciaagropecuarianoviembre2025.jpg","datePublished":"2025-11-05T23:50:21+00:00","dateModified":"2025-11-05T23:50:26+00:00","breadcrumb":{"@id":"https:\/\/diariotextual.com\/inicio\/index.php\/2025\/11\/05\/departamentos-del-sur-pampeano-seguiran-en-estado-de-emergencia-por-sequia\/#breadcrumb"},"inLanguage":"es","potentialAction":[{"@type":"ReadAction","target":["https:\/\/diariotextual.com\/inicio\/index.php\/2025\/11\/05\/departamentos-del-sur-pampeano-seguiran-en-estado-de-emergencia-por-sequia\/"]}]},{"@type":"ImageObject","inLanguage":"es","@id":"https:\/\/diariotextual.com\/inicio\/index.php\/2025\/11\/05\/departamentos-del-sur-pampeano-seguiran-en-estado-de-emergencia-por-sequia\/#primaryimage","url":"https:\/\/diariotextual.com\/inicio\/wp-content\/uploads\/2025\/11\/emergenciaagropecuarianoviembre2025.jpg","contentUrl":"https:\/\/diariotextual.com\/inicio\/wp-content\/uploads\/2025\/11\/emergenciaagropecuarianoviembre2025.jpg","width":900,"height":567},{"@type":"BreadcrumbList","@id":"https:\/\/diariotextual.com\/inicio\/index.php\/2025\/11\/05\/departamentos-del-sur-pampeano-seguiran-en-estado-de-emergencia-por-sequia\/#breadcrumb","itemListElement":[{"@type":"ListItem","position":1,"name":"Portada","item":"https:\/\/diariotextual.com\/inicio\/"},{"@type":"ListItem","position":2,"name":"Departamentos del Sur pampeano seguir\u00e1n en estado de emergencia por sequ\u00eda"}]},{"@type":"WebSite","@id":"https:\/\/diariotextual.com\/inicio\/#website","url":"https:\/\/diariotextual.com\/inicio\/","name":"Diario Textual","description":"","publisher":{"@id":"https:\/\/diariotextual.com\/inicio\/#organization"},"potentialAction":[{"@type":"SearchAction","target":{"@type":"EntryPoint","urlTemplate":"https:\/\/diariotextual.com\/inicio\/?s={search_term_string}"},"query-input":{"@type":"PropertyValueSpecification","valueRequired":true,"valueName":"search_term_string"}}],"inLanguage":"es"},{"@type":"Organization","@id":"https:\/\/diariotextual.com\/inicio\/#organization","name":"Diario Textual","url":"https:\/\/diariotextual.com\/inicio\/","logo":{"@type":"ImageObject","inLanguage":"es","@id":"https:\/\/diariotextual.com\/inicio\/#\/schema\/logo\/image\/","url":"https:\/\/diariotextual.com\/inicio\/wp-content\/uploads\/2023\/05\/logotextual1.jpg","contentUrl":"https:\/\/diariotextual.com\/inicio\/wp-content\/uploads\/2023\/05\/logotextual1.jpg","width":516,"height":76,"caption":"Diario Textual"},"image":{"@id":"https:\/\/diariotextual.com\/inicio\/#\/schema\/logo\/image\/"},"sameAs":["https:\/\/www.facebook.com\/eltextual","https:\/\/x.com\/eltextual","http:\/\/www.instagram.com\/eltextual"]},{"@type":"Person","@id":"https:\/\/diariotextual.com\/inicio\/#\/schema\/person\/a1b6f563e0ee944c60f98119389a4d9f","name":"diario3","image":{"@type":"ImageObject","inLanguage":"es","@id":"https:\/\/secure.gravatar.com\/avatar\/5e7ee62c82fc04d9dd79d746a390d93c69c43223e5faeeb3ea9461ef752bfc5d?s=96&d=mm&r=g","url":"https:\/\/secure.gravatar.com\/avatar\/5e7ee62c82fc04d9dd79d746a390d93c69c43223e5faeeb3ea9461ef752bfc5d?s=96&d=mm&r=g","contentUrl":"https:\/\/secure.gravatar.com\/avatar\/5e7ee62c82fc04d9dd79d746a390d93c69c43223e5faeeb3ea9461ef752bfc5d?s=96&d=mm&r=g","caption":"diario3"},"url":"https:\/\/diariotextual.com\/inicio\/index.php\/author\/diario3\/"}]}},"_links":{"self":[{"href":"https:\/\/diariotextual.com\/inicio\/index.php\/wp-json\/wp\/v2\/posts\/312061","targetHints":{"allow":["GET"]}}],"collection":[{"href":"https:\/\/diariotextual.com\/inicio\/index.php\/wp-json\/wp\/v2\/posts"}],"about":[{"href":"https:\/\/diariotextual.com\/inicio\/index.php\/wp-json\/wp\/v2\/types\/post"}],"author":[{"embeddable":true,"href":"https:\/\/diariotextual.com\/inicio\/index.php\/wp-json\/wp\/v2\/users\/5"}],"replies":[{"embeddable":true,"href":"https:\/\/diariotextual.com\/inicio\/index.php\/wp-json\/wp\/v2\/comments?post=312061"}],"version-history":[{"count":1,"href":"https:\/\/diariotextual.com\/inicio\/index.php\/wp-json\/wp\/v2\/posts\/312061\/revisions"}],"predecessor-version":[{"id":312064,"href":"https:\/\/diariotextual.com\/inicio\/index.php\/wp-json\/wp\/v2\/posts\/312061\/revisions\/312064"}],"wp:featuredmedia":[{"embeddable":true,"href":"https:\/\/diariotextual.com\/inicio\/index.php\/wp-json\/wp\/v2\/media\/312062"}],"wp:attachment":[{"href":"https:\/\/diariotextual.com\/inicio\/index.php\/wp-json\/wp\/v2\/media?parent=312061"}],"wp:term":[{"taxonomy":"category","embeddable":true,"href":"https:\/\/diariotextual.com\/inicio\/index.php\/wp-json\/wp\/v2\/categories?post=312061"},{"taxonomy":"post_tag","embeddable":true,"href":"https:\/\/diariotextual.com\/inicio\/index.php\/wp-json\/wp\/v2\/tags?post=312061"}],"curies":[{"name":"wp","href":"https:\/\/api.w.org\/{rel}","templated":true}]}}