{"id":312255,"date":"2025-11-07T19:15:29","date_gmt":"2025-11-07T22:15:29","guid":{"rendered":"https:\/\/diariotextual.com\/inicio\/?p=312255"},"modified":"2025-11-07T19:15:31","modified_gmt":"2025-11-07T22:15:31","slug":"proyecto-para-fortalecer-fiestas-provinciales-pampeanas-fue-seleccionado","status":"publish","type":"post","link":"https:\/\/diariotextual.com\/inicio\/index.php\/2025\/11\/07\/proyecto-para-fortalecer-fiestas-provinciales-pampeanas-fue-seleccionado\/","title":{"rendered":"Proyecto para fortalecer fiestas provinciales pampeanas fue seleccionado"},"content":{"rendered":"\n<p>Funcionarios de la Secretar\u00eda de Cultura de La Pampa participaron y obtuvieron un reconocimiento por un proyecto presentado en la <strong>Segunda Jornada de Integraci\u00f3n Federal, organizada por el Consejo Federal de Inversiones (CFI)<\/strong> en la ciudad de Buenos Aires, del 28 al 30 de octubre.<\/p>\n\n\n\n<p>La Pampa fue seleccionada por su proyecto entre cuatro que se aceptaron (de un total de 23 elaborados por las provincias), todos presentados ante las autoridades del CFI. El <strong>proyecto pampeano se enfoca en el desarrollo de instrumentos que permitan fortalecer las fiestas provinciales desde la identidad territorial<\/strong>, un eje clave para la promoci\u00f3n cultural y tur\u00edstica.<\/p>\n\n\n\n<p>La Secretar\u00eda de Cultura de La Pampa estuvo representada por Jes\u00fas Gallego, director provincial de Art\u00edstica; Dante Bagatto, director del Museo Provincial de Artes y Claudia Salom\u00f3n Tarquini, directora provincial de Patrimonio Cultural.<\/p>\n\n\n\n<p>\u201cCompartimos las jornadas de cierre intercambiando proyectos y herramientas para generar pol\u00edticas p\u00fablicas capaces de adaptarse y cooperar en un entorno en constante transformaci\u00f3n\u201d, expresaron los representantes pampeanos a la Agencia Provincial de Noticias.<\/p>\n\n\n\n<p>El<strong> Programa de Formaci\u00f3n en Industrias Culturales e Innovaci\u00f3n del CFI capacit\u00f3 a funcionarios\/as provinciales para el dise\u00f1o de pol\u00edticas p\u00fablicas en \u00e1reas estrat\u00e9gicas como industrias culturales,<\/strong> industrias creativas y econom\u00eda del conocimiento.<\/p>\n\n\n\n<p>Durante sus siete meses de duraci\u00f3n en modalidad virtual y presencial, se abordaron m\u00f3dulos tem\u00e1ticos determinantes para el desarrollo del sector, incluyendo introducci\u00f3n a las industrias creativas y la gesti\u00f3n cultural; datos e indicadores para la generaci\u00f3n de pol\u00edticas; la industria de los videojuegos, audiovisual y musical; artesan\u00edas y expresiones populares; dise\u00f1o, gastronom\u00eda y enoturismo y talleres de formulaci\u00f3n de pol\u00edticas p\u00fablicas.<\/p>\n\n\n\n<p>Las Industrias Culturales y Creativas (ICC) son un motor de desarrollo. En Argentina, las ICC representan m\u00e1s del 2% de la participaci\u00f3n econ\u00f3mica y generan m\u00e1s de 300 mil puestos de trabajo (seg\u00fan el SINCA), proyectando al mundo el talento creativo del pa\u00eds.<\/p>\n","protected":false},"excerpt":{"rendered":"<p>Funcionarios de la Secretar\u00eda de Cultura de La Pampa participaron y obtuvieron un reconocimiento por un proyecto presentado en la Segunda Jornada de Integraci\u00f3n Federal, organizada por el Consejo Federal&hellip;<\/p>\n","protected":false},"author":5,"featured_media":312256,"comment_status":"closed","ping_status":"open","sticky":false,"template":"","format":"standard","meta":{"_acf_changed":false,"footnotes":""},"categories":[1,2],"tags":[],"class_list":["post-312255","post","type-post","status-publish","format-standard","has-post-thumbnail","hentry","category-es-noticia","category-cultura"],"acf":[],"yoast_head":"<!-- This site is optimized with the Yoast SEO plugin v27.5 - https:\/\/yoast.com\/product\/yoast-seo-wordpress\/ -->\n<title>Proyecto para fortalecer fiestas provinciales pampeanas fue seleccionado - Diario Textual<\/title>\n<meta name=\"robots\" content=\"index, follow, max-snippet:-1, max-image-preview:large, max-video-preview:-1\" \/>\n<link rel=\"canonical\" href=\"https:\/\/diariotextual.com\/inicio\/index.php\/2025\/11\/07\/proyecto-para-fortalecer-fiestas-provinciales-pampeanas-fue-seleccionado\/\" \/>\n<meta property=\"og:locale\" content=\"es_ES\" \/>\n<meta property=\"og:type\" content=\"article\" \/>\n<meta property=\"og:title\" content=\"Proyecto para fortalecer fiestas provinciales pampeanas fue seleccionado - Diario Textual\" \/>\n<meta property=\"og:description\" content=\"Funcionarios de la Secretar\u00eda de Cultura de La Pampa participaron y obtuvieron un reconocimiento por un proyecto presentado en la Segunda Jornada de Integraci\u00f3n Federal, organizada por el Consejo Federal&hellip;\" \/>\n<meta property=\"og:url\" content=\"https:\/\/diariotextual.com\/inicio\/index.php\/2025\/11\/07\/proyecto-para-fortalecer-fiestas-provinciales-pampeanas-fue-seleccionado\/\" \/>\n<meta property=\"og:site_name\" content=\"Diario Textual\" \/>\n<meta property=\"article:publisher\" content=\"https:\/\/www.facebook.com\/eltextual\" \/>\n<meta property=\"article:published_time\" content=\"2025-11-07T22:15:29+00:00\" \/>\n<meta property=\"article:modified_time\" content=\"2025-11-07T22:15:31+00:00\" \/>\n<meta property=\"og:image\" content=\"https:\/\/diariotextual.com\/inicio\/wp-content\/uploads\/2025\/11\/salomontarquini.jpg\" \/>\n\t<meta property=\"og:image:width\" content=\"900\" \/>\n\t<meta property=\"og:image:height\" content=\"507\" \/>\n\t<meta property=\"og:image:type\" content=\"image\/jpeg\" \/>\n<meta name=\"author\" content=\"diario3\" \/>\n<meta name=\"twitter:card\" content=\"summary_large_image\" \/>\n<meta name=\"twitter:creator\" content=\"@eltextual\" \/>\n<meta name=\"twitter:site\" content=\"@eltextual\" \/>\n<meta name=\"twitter:label1\" content=\"Escrito por\" \/>\n\t<meta name=\"twitter:data1\" content=\"diario3\" \/>\n\t<meta name=\"twitter:label2\" content=\"Tiempo de lectura\" \/>\n\t<meta name=\"twitter:data2\" content=\"2 minutos\" \/>\n<script type=\"application\/ld+json\" class=\"yoast-schema-graph\">{\"@context\":\"https:\\\/\\\/schema.org\",\"@graph\":[{\"@type\":\"Article\",\"@id\":\"https:\\\/\\\/diariotextual.com\\\/inicio\\\/index.php\\\/2025\\\/11\\\/07\\\/proyecto-para-fortalecer-fiestas-provinciales-pampeanas-fue-seleccionado\\\/#article\",\"isPartOf\":{\"@id\":\"https:\\\/\\\/diariotextual.com\\\/inicio\\\/index.php\\\/2025\\\/11\\\/07\\\/proyecto-para-fortalecer-fiestas-provinciales-pampeanas-fue-seleccionado\\\/\"},\"author\":{\"name\":\"diario3\",\"@id\":\"https:\\\/\\\/diariotextual.com\\\/inicio\\\/#\\\/schema\\\/person\\\/a1b6f563e0ee944c60f98119389a4d9f\"},\"headline\":\"Proyecto para fortalecer fiestas provinciales pampeanas fue seleccionado\",\"datePublished\":\"2025-11-07T22:15:29+00:00\",\"dateModified\":\"2025-11-07T22:15:31+00:00\",\"mainEntityOfPage\":{\"@id\":\"https:\\\/\\\/diariotextual.com\\\/inicio\\\/index.php\\\/2025\\\/11\\\/07\\\/proyecto-para-fortalecer-fiestas-provinciales-pampeanas-fue-seleccionado\\\/\"},\"wordCount\":348,\"publisher\":{\"@id\":\"https:\\\/\\\/diariotextual.com\\\/inicio\\\/#organization\"},\"image\":{\"@id\":\"https:\\\/\\\/diariotextual.com\\\/inicio\\\/index.php\\\/2025\\\/11\\\/07\\\/proyecto-para-fortalecer-fiestas-provinciales-pampeanas-fue-seleccionado\\\/#primaryimage\"},\"thumbnailUrl\":\"https:\\\/\\\/diariotextual.com\\\/inicio\\\/wp-content\\\/uploads\\\/2025\\\/11\\\/salomontarquini.jpg\",\"articleSection\":[\"A - ES NOTICIA (van abajo)\",\"CULTURA\"],\"inLanguage\":\"es\"},{\"@type\":\"WebPage\",\"@id\":\"https:\\\/\\\/diariotextual.com\\\/inicio\\\/index.php\\\/2025\\\/11\\\/07\\\/proyecto-para-fortalecer-fiestas-provinciales-pampeanas-fue-seleccionado\\\/\",\"url\":\"https:\\\/\\\/diariotextual.com\\\/inicio\\\/index.php\\\/2025\\\/11\\\/07\\\/proyecto-para-fortalecer-fiestas-provinciales-pampeanas-fue-seleccionado\\\/\",\"name\":\"Proyecto para fortalecer fiestas provinciales pampeanas fue seleccionado - Diario Textual\",\"isPartOf\":{\"@id\":\"https:\\\/\\\/diariotextual.com\\\/inicio\\\/#website\"},\"primaryImageOfPage\":{\"@id\":\"https:\\\/\\\/diariotextual.com\\\/inicio\\\/index.php\\\/2025\\\/11\\\/07\\\/proyecto-para-fortalecer-fiestas-provinciales-pampeanas-fue-seleccionado\\\/#primaryimage\"},\"image\":{\"@id\":\"https:\\\/\\\/diariotextual.com\\\/inicio\\\/index.php\\\/2025\\\/11\\\/07\\\/proyecto-para-fortalecer-fiestas-provinciales-pampeanas-fue-seleccionado\\\/#primaryimage\"},\"thumbnailUrl\":\"https:\\\/\\\/diariotextual.com\\\/inicio\\\/wp-content\\\/uploads\\\/2025\\\/11\\\/salomontarquini.jpg\",\"datePublished\":\"2025-11-07T22:15:29+00:00\",\"dateModified\":\"2025-11-07T22:15:31+00:00\",\"breadcrumb\":{\"@id\":\"https:\\\/\\\/diariotextual.com\\\/inicio\\\/index.php\\\/2025\\\/11\\\/07\\\/proyecto-para-fortalecer-fiestas-provinciales-pampeanas-fue-seleccionado\\\/#breadcrumb\"},\"inLanguage\":\"es\",\"potentialAction\":[{\"@type\":\"ReadAction\",\"target\":[\"https:\\\/\\\/diariotextual.com\\\/inicio\\\/index.php\\\/2025\\\/11\\\/07\\\/proyecto-para-fortalecer-fiestas-provinciales-pampeanas-fue-seleccionado\\\/\"]}]},{\"@type\":\"ImageObject\",\"inLanguage\":\"es\",\"@id\":\"https:\\\/\\\/diariotextual.com\\\/inicio\\\/index.php\\\/2025\\\/11\\\/07\\\/proyecto-para-fortalecer-fiestas-provinciales-pampeanas-fue-seleccionado\\\/#primaryimage\",\"url\":\"https:\\\/\\\/diariotextual.com\\\/inicio\\\/wp-content\\\/uploads\\\/2025\\\/11\\\/salomontarquini.jpg\",\"contentUrl\":\"https:\\\/\\\/diariotextual.com\\\/inicio\\\/wp-content\\\/uploads\\\/2025\\\/11\\\/salomontarquini.jpg\",\"width\":900,\"height\":507},{\"@type\":\"BreadcrumbList\",\"@id\":\"https:\\\/\\\/diariotextual.com\\\/inicio\\\/index.php\\\/2025\\\/11\\\/07\\\/proyecto-para-fortalecer-fiestas-provinciales-pampeanas-fue-seleccionado\\\/#breadcrumb\",\"itemListElement\":[{\"@type\":\"ListItem\",\"position\":1,\"name\":\"Portada\",\"item\":\"https:\\\/\\\/diariotextual.com\\\/inicio\\\/\"},{\"@type\":\"ListItem\",\"position\":2,\"name\":\"Proyecto para fortalecer fiestas provinciales pampeanas fue seleccionado\"}]},{\"@type\":\"WebSite\",\"@id\":\"https:\\\/\\\/diariotextual.com\\\/inicio\\\/#website\",\"url\":\"https:\\\/\\\/diariotextual.com\\\/inicio\\\/\",\"name\":\"Diario Textual\",\"description\":\"\",\"publisher\":{\"@id\":\"https:\\\/\\\/diariotextual.com\\\/inicio\\\/#organization\"},\"potentialAction\":[{\"@type\":\"SearchAction\",\"target\":{\"@type\":\"EntryPoint\",\"urlTemplate\":\"https:\\\/\\\/diariotextual.com\\\/inicio\\\/?s={search_term_string}\"},\"query-input\":{\"@type\":\"PropertyValueSpecification\",\"valueRequired\":true,\"valueName\":\"search_term_string\"}}],\"inLanguage\":\"es\"},{\"@type\":\"Organization\",\"@id\":\"https:\\\/\\\/diariotextual.com\\\/inicio\\\/#organization\",\"name\":\"Diario Textual\",\"url\":\"https:\\\/\\\/diariotextual.com\\\/inicio\\\/\",\"logo\":{\"@type\":\"ImageObject\",\"inLanguage\":\"es\",\"@id\":\"https:\\\/\\\/diariotextual.com\\\/inicio\\\/#\\\/schema\\\/logo\\\/image\\\/\",\"url\":\"https:\\\/\\\/diariotextual.com\\\/inicio\\\/wp-content\\\/uploads\\\/2023\\\/05\\\/logotextual1.jpg\",\"contentUrl\":\"https:\\\/\\\/diariotextual.com\\\/inicio\\\/wp-content\\\/uploads\\\/2023\\\/05\\\/logotextual1.jpg\",\"width\":516,\"height\":76,\"caption\":\"Diario Textual\"},\"image\":{\"@id\":\"https:\\\/\\\/diariotextual.com\\\/inicio\\\/#\\\/schema\\\/logo\\\/image\\\/\"},\"sameAs\":[\"https:\\\/\\\/www.facebook.com\\\/eltextual\",\"https:\\\/\\\/x.com\\\/eltextual\",\"http:\\\/\\\/www.instagram.com\\\/eltextual\"]},{\"@type\":\"Person\",\"@id\":\"https:\\\/\\\/diariotextual.com\\\/inicio\\\/#\\\/schema\\\/person\\\/a1b6f563e0ee944c60f98119389a4d9f\",\"name\":\"diario3\",\"image\":{\"@type\":\"ImageObject\",\"inLanguage\":\"es\",\"@id\":\"https:\\\/\\\/secure.gravatar.com\\\/avatar\\\/5e7ee62c82fc04d9dd79d746a390d93c69c43223e5faeeb3ea9461ef752bfc5d?s=96&d=mm&r=g\",\"url\":\"https:\\\/\\\/secure.gravatar.com\\\/avatar\\\/5e7ee62c82fc04d9dd79d746a390d93c69c43223e5faeeb3ea9461ef752bfc5d?s=96&d=mm&r=g\",\"contentUrl\":\"https:\\\/\\\/secure.gravatar.com\\\/avatar\\\/5e7ee62c82fc04d9dd79d746a390d93c69c43223e5faeeb3ea9461ef752bfc5d?s=96&d=mm&r=g\",\"caption\":\"diario3\"},\"url\":\"https:\\\/\\\/diariotextual.com\\\/inicio\\\/index.php\\\/author\\\/diario3\\\/\"}]}<\/script>\n<!-- \/ Yoast SEO plugin. -->","yoast_head_json":{"title":"Proyecto para fortalecer fiestas provinciales pampeanas fue seleccionado - Diario Textual","robots":{"index":"index","follow":"follow","max-snippet":"max-snippet:-1","max-image-preview":"max-image-preview:large","max-video-preview":"max-video-preview:-1"},"canonical":"https:\/\/diariotextual.com\/inicio\/index.php\/2025\/11\/07\/proyecto-para-fortalecer-fiestas-provinciales-pampeanas-fue-seleccionado\/","og_locale":"es_ES","og_type":"article","og_title":"Proyecto para fortalecer fiestas provinciales pampeanas fue seleccionado - Diario Textual","og_description":"Funcionarios de la Secretar\u00eda de Cultura de La Pampa participaron y obtuvieron un reconocimiento por un proyecto presentado en la Segunda Jornada de Integraci\u00f3n Federal, organizada por el Consejo Federal&hellip;","og_url":"https:\/\/diariotextual.com\/inicio\/index.php\/2025\/11\/07\/proyecto-para-fortalecer-fiestas-provinciales-pampeanas-fue-seleccionado\/","og_site_name":"Diario Textual","article_publisher":"https:\/\/www.facebook.com\/eltextual","article_published_time":"2025-11-07T22:15:29+00:00","article_modified_time":"2025-11-07T22:15:31+00:00","og_image":[{"width":900,"height":507,"url":"https:\/\/diariotextual.com\/inicio\/wp-content\/uploads\/2025\/11\/salomontarquini.jpg","type":"image\/jpeg"}],"author":"diario3","twitter_card":"summary_large_image","twitter_creator":"@eltextual","twitter_site":"@eltextual","twitter_misc":{"Escrito por":"diario3","Tiempo de lectura":"2 minutos"},"schema":{"@context":"https:\/\/schema.org","@graph":[{"@type":"Article","@id":"https:\/\/diariotextual.com\/inicio\/index.php\/2025\/11\/07\/proyecto-para-fortalecer-fiestas-provinciales-pampeanas-fue-seleccionado\/#article","isPartOf":{"@id":"https:\/\/diariotextual.com\/inicio\/index.php\/2025\/11\/07\/proyecto-para-fortalecer-fiestas-provinciales-pampeanas-fue-seleccionado\/"},"author":{"name":"diario3","@id":"https:\/\/diariotextual.com\/inicio\/#\/schema\/person\/a1b6f563e0ee944c60f98119389a4d9f"},"headline":"Proyecto para fortalecer fiestas provinciales pampeanas fue seleccionado","datePublished":"2025-11-07T22:15:29+00:00","dateModified":"2025-11-07T22:15:31+00:00","mainEntityOfPage":{"@id":"https:\/\/diariotextual.com\/inicio\/index.php\/2025\/11\/07\/proyecto-para-fortalecer-fiestas-provinciales-pampeanas-fue-seleccionado\/"},"wordCount":348,"publisher":{"@id":"https:\/\/diariotextual.com\/inicio\/#organization"},"image":{"@id":"https:\/\/diariotextual.com\/inicio\/index.php\/2025\/11\/07\/proyecto-para-fortalecer-fiestas-provinciales-pampeanas-fue-seleccionado\/#primaryimage"},"thumbnailUrl":"https:\/\/diariotextual.com\/inicio\/wp-content\/uploads\/2025\/11\/salomontarquini.jpg","articleSection":["A - ES NOTICIA (van abajo)","CULTURA"],"inLanguage":"es"},{"@type":"WebPage","@id":"https:\/\/diariotextual.com\/inicio\/index.php\/2025\/11\/07\/proyecto-para-fortalecer-fiestas-provinciales-pampeanas-fue-seleccionado\/","url":"https:\/\/diariotextual.com\/inicio\/index.php\/2025\/11\/07\/proyecto-para-fortalecer-fiestas-provinciales-pampeanas-fue-seleccionado\/","name":"Proyecto para fortalecer fiestas provinciales pampeanas fue seleccionado - Diario Textual","isPartOf":{"@id":"https:\/\/diariotextual.com\/inicio\/#website"},"primaryImageOfPage":{"@id":"https:\/\/diariotextual.com\/inicio\/index.php\/2025\/11\/07\/proyecto-para-fortalecer-fiestas-provinciales-pampeanas-fue-seleccionado\/#primaryimage"},"image":{"@id":"https:\/\/diariotextual.com\/inicio\/index.php\/2025\/11\/07\/proyecto-para-fortalecer-fiestas-provinciales-pampeanas-fue-seleccionado\/#primaryimage"},"thumbnailUrl":"https:\/\/diariotextual.com\/inicio\/wp-content\/uploads\/2025\/11\/salomontarquini.jpg","datePublished":"2025-11-07T22:15:29+00:00","dateModified":"2025-11-07T22:15:31+00:00","breadcrumb":{"@id":"https:\/\/diariotextual.com\/inicio\/index.php\/2025\/11\/07\/proyecto-para-fortalecer-fiestas-provinciales-pampeanas-fue-seleccionado\/#breadcrumb"},"inLanguage":"es","potentialAction":[{"@type":"ReadAction","target":["https:\/\/diariotextual.com\/inicio\/index.php\/2025\/11\/07\/proyecto-para-fortalecer-fiestas-provinciales-pampeanas-fue-seleccionado\/"]}]},{"@type":"ImageObject","inLanguage":"es","@id":"https:\/\/diariotextual.com\/inicio\/index.php\/2025\/11\/07\/proyecto-para-fortalecer-fiestas-provinciales-pampeanas-fue-seleccionado\/#primaryimage","url":"https:\/\/diariotextual.com\/inicio\/wp-content\/uploads\/2025\/11\/salomontarquini.jpg","contentUrl":"https:\/\/diariotextual.com\/inicio\/wp-content\/uploads\/2025\/11\/salomontarquini.jpg","width":900,"height":507},{"@type":"BreadcrumbList","@id":"https:\/\/diariotextual.com\/inicio\/index.php\/2025\/11\/07\/proyecto-para-fortalecer-fiestas-provinciales-pampeanas-fue-seleccionado\/#breadcrumb","itemListElement":[{"@type":"ListItem","position":1,"name":"Portada","item":"https:\/\/diariotextual.com\/inicio\/"},{"@type":"ListItem","position":2,"name":"Proyecto para fortalecer fiestas provinciales pampeanas fue seleccionado"}]},{"@type":"WebSite","@id":"https:\/\/diariotextual.com\/inicio\/#website","url":"https:\/\/diariotextual.com\/inicio\/","name":"Diario Textual","description":"","publisher":{"@id":"https:\/\/diariotextual.com\/inicio\/#organization"},"potentialAction":[{"@type":"SearchAction","target":{"@type":"EntryPoint","urlTemplate":"https:\/\/diariotextual.com\/inicio\/?s={search_term_string}"},"query-input":{"@type":"PropertyValueSpecification","valueRequired":true,"valueName":"search_term_string"}}],"inLanguage":"es"},{"@type":"Organization","@id":"https:\/\/diariotextual.com\/inicio\/#organization","name":"Diario Textual","url":"https:\/\/diariotextual.com\/inicio\/","logo":{"@type":"ImageObject","inLanguage":"es","@id":"https:\/\/diariotextual.com\/inicio\/#\/schema\/logo\/image\/","url":"https:\/\/diariotextual.com\/inicio\/wp-content\/uploads\/2023\/05\/logotextual1.jpg","contentUrl":"https:\/\/diariotextual.com\/inicio\/wp-content\/uploads\/2023\/05\/logotextual1.jpg","width":516,"height":76,"caption":"Diario Textual"},"image":{"@id":"https:\/\/diariotextual.com\/inicio\/#\/schema\/logo\/image\/"},"sameAs":["https:\/\/www.facebook.com\/eltextual","https:\/\/x.com\/eltextual","http:\/\/www.instagram.com\/eltextual"]},{"@type":"Person","@id":"https:\/\/diariotextual.com\/inicio\/#\/schema\/person\/a1b6f563e0ee944c60f98119389a4d9f","name":"diario3","image":{"@type":"ImageObject","inLanguage":"es","@id":"https:\/\/secure.gravatar.com\/avatar\/5e7ee62c82fc04d9dd79d746a390d93c69c43223e5faeeb3ea9461ef752bfc5d?s=96&d=mm&r=g","url":"https:\/\/secure.gravatar.com\/avatar\/5e7ee62c82fc04d9dd79d746a390d93c69c43223e5faeeb3ea9461ef752bfc5d?s=96&d=mm&r=g","contentUrl":"https:\/\/secure.gravatar.com\/avatar\/5e7ee62c82fc04d9dd79d746a390d93c69c43223e5faeeb3ea9461ef752bfc5d?s=96&d=mm&r=g","caption":"diario3"},"url":"https:\/\/diariotextual.com\/inicio\/index.php\/author\/diario3\/"}]}},"_links":{"self":[{"href":"https:\/\/diariotextual.com\/inicio\/index.php\/wp-json\/wp\/v2\/posts\/312255","targetHints":{"allow":["GET"]}}],"collection":[{"href":"https:\/\/diariotextual.com\/inicio\/index.php\/wp-json\/wp\/v2\/posts"}],"about":[{"href":"https:\/\/diariotextual.com\/inicio\/index.php\/wp-json\/wp\/v2\/types\/post"}],"author":[{"embeddable":true,"href":"https:\/\/diariotextual.com\/inicio\/index.php\/wp-json\/wp\/v2\/users\/5"}],"replies":[{"embeddable":true,"href":"https:\/\/diariotextual.com\/inicio\/index.php\/wp-json\/wp\/v2\/comments?post=312255"}],"version-history":[{"count":1,"href":"https:\/\/diariotextual.com\/inicio\/index.php\/wp-json\/wp\/v2\/posts\/312255\/revisions"}],"predecessor-version":[{"id":312257,"href":"https:\/\/diariotextual.com\/inicio\/index.php\/wp-json\/wp\/v2\/posts\/312255\/revisions\/312257"}],"wp:featuredmedia":[{"embeddable":true,"href":"https:\/\/diariotextual.com\/inicio\/index.php\/wp-json\/wp\/v2\/media\/312256"}],"wp:attachment":[{"href":"https:\/\/diariotextual.com\/inicio\/index.php\/wp-json\/wp\/v2\/media?parent=312255"}],"wp:term":[{"taxonomy":"category","embeddable":true,"href":"https:\/\/diariotextual.com\/inicio\/index.php\/wp-json\/wp\/v2\/categories?post=312255"},{"taxonomy":"post_tag","embeddable":true,"href":"https:\/\/diariotextual.com\/inicio\/index.php\/wp-json\/wp\/v2\/tags?post=312255"}],"curies":[{"name":"wp","href":"https:\/\/api.w.org\/{rel}","templated":true}]}}