{"id":312476,"date":"2025-11-10T19:26:06","date_gmt":"2025-11-10T22:26:06","guid":{"rendered":"https:\/\/diariotextual.com\/inicio\/?p=312476"},"modified":"2025-11-11T06:17:53","modified_gmt":"2025-11-11T09:17:53","slug":"sandra-abdo-reelegida-nos-posicionaremos-frente-a-la-reforma-previsional","status":"publish","type":"post","link":"https:\/\/diariotextual.com\/inicio\/index.php\/2025\/11\/10\/sandra-abdo-reelegida-nos-posicionaremos-frente-a-la-reforma-previsional\/","title":{"rendered":"Sandra Abdo reelegida: \u201cNos posicionaremos frente a la reforma previsional\u201d"},"content":{"rendered":"\n<p>La <strong>abogada pampeana Sandra Abdo, vicepresidenta de Caja Forense<\/strong>, fue reelegida nuevamente para el per\u00edodo 2026 como <strong>secretaria general de la Coordinadora de Cajas de Previsi\u00f3n y Seguridad Social<\/strong> para Profesionales de la Rep\u00fablica Argentina, el organismo que re\u00fane a todas las cajas profesionales del pa\u00eds.<\/p>\n\n\n\n<p>De esta manera, Abdo estar\u00e1 al frente de la Coordinadora por tercer a\u00f1o, posicion\u00e1ndose como la m\u00e1xima referente nacional, acompa\u00f1ada nuevamente por Mar\u00eda Cecilia L\u00f3pez (Bioqu\u00edmicos de Chaco) y Carina Zanello (Profesionales de la Salud de C\u00f3rdoba) como secretarias generales alternas.<\/p>\n\n\n\n<p>\u201cEs un honor para m\u00ed poder representar la seguridad social para profesionales acompa\u00f1ada por mis alternas. En la gesti\u00f3n <strong>2026 profundizaremos el proceso de reformulaci\u00f3n del sistema de cajas de seguridad social para profesionales de la Rep\u00fablica Argentina<\/strong> consolidando un modelo de plan estrat\u00e9gico. El objetivo es modernizar y reorganizar la estructura interna de la coordinadora\u201d, dijo Abdo.<\/p>\n\n\n\n<p>\u201cEl <strong>2026 ser\u00e1 un a\u00f1o donde nos posicionaremos frente a la reforma previsional<\/strong>. Las cajas de profesionales exigen estar en las mesas de debate porque representamos un sector de casi un mill\u00f3n de profesionales en todo el pa\u00eds. Por eso <strong>estamos elaborando un protocolo frente a proyectos de leyes que violentan nuestros principios<\/strong>\u201d, a\u00f1adi\u00f3.<\/p>\n\n\n\n<p>\u201cLa <strong>defensa de nuestro sistema lo plantearemos desde una \u00f3ptica federal<\/strong> -sostuvo- y defendiendo las autonom\u00edas, ya que las cajas de seguridad social para profesionales act\u00faan por delegaci\u00f3n constitucional de nuestros estados provinciales. La Pampa es un ejemplo en esta materia y ser\u00e1 el punto de partida para trabajar con las otras provincias del pa\u00eds\u201d.<\/p>\n\n\n\n<p>La secretaria adelant\u00f3 que se crear\u00e1 una <strong>Diplomatura Universitaria en Seguridad Social para Cajas de Profesionales <\/strong>con docentes exclusivamente de la instituci\u00f3n enfocada para dirigentes de todas las cajas del pa\u00eds y afiliados de manera virtual con una plataforma de f\u00e1cil acceso. La idea es acordar su desarrollo con la Universidad Nacional de La Pampa, y ya se iniciaron las gestiones con las autoridades.<\/p>\n\n\n\n<p>Abdo explic\u00f3 que en el 86 plenario de la Coordinadora se incorpor\u00f3 la caja n\u00famero 80, que es interprofesional de la provincia de Salta, luego de un importante trabajo de la entidad nacional. \u201cEs un logro muy importante incorporar una caja en estos contextos de tanto ataque, y adem\u00e1s es un aliciente. Adem\u00e1s, tambi\u00e9n estamos elaborando un plan estrat\u00e9gico en materia comunicacional para poder hacer conocer nuestro sistema en todo el pa\u00eds.<strong> Tenemos presencia en 19 provincias por lo tanto es un \u00e1mbito muy federal<\/strong>\u201d, remarc\u00f3.<\/p>\n\n\n\n<p>\u201cHaber sido elegida por tercera vez para conducir la Coordinadora nacional no es s\u00f3lo un reconocimiento a mi trabajo, a mi gesti\u00f3n, sino al de la Caja Forense de La Pampa a la que pertenezco y tambi\u00e9n incluyo el trabajo de las Cajas de Profesionales de la provincia. <strong>La Pampa es reconocida como un sost\u00e9n y apoyo al sistema,<\/strong> entonces es un m\u00e9rito del trabajo que las cajas de profesionales pampeanas estamos realizando\u201d, finaliz\u00f3.<\/p>\n","protected":false},"excerpt":{"rendered":"<p>La abogada pampeana Sandra Abdo, vicepresidenta de Caja Forense, fue reelegida nuevamente para el per\u00edodo 2026 como secretaria general de la Coordinadora de Cajas de Previsi\u00f3n y Seguridad Social para&hellip;<\/p>\n","protected":false},"author":5,"featured_media":312477,"comment_status":"closed","ping_status":"open","sticky":false,"template":"","format":"standard","meta":{"_acf_changed":false,"footnotes":""},"categories":[1,12],"tags":[],"class_list":["post-312476","post","type-post","status-publish","format-standard","has-post-thumbnail","hentry","category-es-noticia","category-sociedad"],"acf":[],"yoast_head":"<!-- This site is optimized with the Yoast SEO plugin v27.5 - https:\/\/yoast.com\/product\/yoast-seo-wordpress\/ -->\n<title>Sandra Abdo reelegida: \u201cNos posicionaremos frente a la reforma previsional\u201d - Diario Textual<\/title>\n<meta name=\"robots\" content=\"index, follow, max-snippet:-1, max-image-preview:large, max-video-preview:-1\" \/>\n<link rel=\"canonical\" href=\"https:\/\/diariotextual.com\/inicio\/index.php\/2025\/11\/10\/sandra-abdo-reelegida-nos-posicionaremos-frente-a-la-reforma-previsional\/\" \/>\n<meta property=\"og:locale\" content=\"es_ES\" \/>\n<meta property=\"og:type\" content=\"article\" \/>\n<meta property=\"og:title\" content=\"Sandra Abdo reelegida: \u201cNos posicionaremos frente a la reforma previsional\u201d - Diario Textual\" \/>\n<meta property=\"og:description\" content=\"La abogada pampeana Sandra Abdo, vicepresidenta de Caja Forense, fue reelegida nuevamente para el per\u00edodo 2026 como secretaria general de la Coordinadora de Cajas de Previsi\u00f3n y Seguridad Social para&hellip;\" \/>\n<meta property=\"og:url\" content=\"https:\/\/diariotextual.com\/inicio\/index.php\/2025\/11\/10\/sandra-abdo-reelegida-nos-posicionaremos-frente-a-la-reforma-previsional\/\" \/>\n<meta property=\"og:site_name\" content=\"Diario Textual\" \/>\n<meta property=\"article:publisher\" content=\"https:\/\/www.facebook.com\/eltextual\" \/>\n<meta property=\"article:published_time\" content=\"2025-11-10T22:26:06+00:00\" \/>\n<meta property=\"article:modified_time\" content=\"2025-11-11T09:17:53+00:00\" \/>\n<meta property=\"og:image\" content=\"https:\/\/diariotextual.com\/inicio\/wp-content\/uploads\/2025\/11\/abdosandra2025.jpg\" \/>\n\t<meta property=\"og:image:width\" content=\"603\" \/>\n\t<meta property=\"og:image:height\" content=\"322\" \/>\n\t<meta property=\"og:image:type\" content=\"image\/jpeg\" \/>\n<meta name=\"author\" content=\"diario3\" \/>\n<meta name=\"twitter:card\" content=\"summary_large_image\" \/>\n<meta name=\"twitter:creator\" content=\"@eltextual\" \/>\n<meta name=\"twitter:site\" content=\"@eltextual\" \/>\n<meta name=\"twitter:label1\" content=\"Escrito por\" \/>\n\t<meta name=\"twitter:data1\" content=\"diario3\" \/>\n\t<meta name=\"twitter:label2\" content=\"Tiempo de lectura\" \/>\n\t<meta name=\"twitter:data2\" content=\"3 minutos\" \/>\n<script type=\"application\/ld+json\" class=\"yoast-schema-graph\">{\"@context\":\"https:\\\/\\\/schema.org\",\"@graph\":[{\"@type\":\"Article\",\"@id\":\"https:\\\/\\\/diariotextual.com\\\/inicio\\\/index.php\\\/2025\\\/11\\\/10\\\/sandra-abdo-reelegida-nos-posicionaremos-frente-a-la-reforma-previsional\\\/#article\",\"isPartOf\":{\"@id\":\"https:\\\/\\\/diariotextual.com\\\/inicio\\\/index.php\\\/2025\\\/11\\\/10\\\/sandra-abdo-reelegida-nos-posicionaremos-frente-a-la-reforma-previsional\\\/\"},\"author\":{\"name\":\"diario3\",\"@id\":\"https:\\\/\\\/diariotextual.com\\\/inicio\\\/#\\\/schema\\\/person\\\/a1b6f563e0ee944c60f98119389a4d9f\"},\"headline\":\"Sandra Abdo reelegida: \u201cNos posicionaremos frente a la reforma previsional\u201d\",\"datePublished\":\"2025-11-10T22:26:06+00:00\",\"dateModified\":\"2025-11-11T09:17:53+00:00\",\"mainEntityOfPage\":{\"@id\":\"https:\\\/\\\/diariotextual.com\\\/inicio\\\/index.php\\\/2025\\\/11\\\/10\\\/sandra-abdo-reelegida-nos-posicionaremos-frente-a-la-reforma-previsional\\\/\"},\"wordCount\":522,\"publisher\":{\"@id\":\"https:\\\/\\\/diariotextual.com\\\/inicio\\\/#organization\"},\"image\":{\"@id\":\"https:\\\/\\\/diariotextual.com\\\/inicio\\\/index.php\\\/2025\\\/11\\\/10\\\/sandra-abdo-reelegida-nos-posicionaremos-frente-a-la-reforma-previsional\\\/#primaryimage\"},\"thumbnailUrl\":\"https:\\\/\\\/diariotextual.com\\\/inicio\\\/wp-content\\\/uploads\\\/2025\\\/11\\\/abdosandra2025.jpg\",\"articleSection\":[\"A - ES NOTICIA (van abajo)\",\"SOCIEDAD\"],\"inLanguage\":\"es\"},{\"@type\":\"WebPage\",\"@id\":\"https:\\\/\\\/diariotextual.com\\\/inicio\\\/index.php\\\/2025\\\/11\\\/10\\\/sandra-abdo-reelegida-nos-posicionaremos-frente-a-la-reforma-previsional\\\/\",\"url\":\"https:\\\/\\\/diariotextual.com\\\/inicio\\\/index.php\\\/2025\\\/11\\\/10\\\/sandra-abdo-reelegida-nos-posicionaremos-frente-a-la-reforma-previsional\\\/\",\"name\":\"Sandra Abdo reelegida: \u201cNos posicionaremos frente a la reforma previsional\u201d - Diario Textual\",\"isPartOf\":{\"@id\":\"https:\\\/\\\/diariotextual.com\\\/inicio\\\/#website\"},\"primaryImageOfPage\":{\"@id\":\"https:\\\/\\\/diariotextual.com\\\/inicio\\\/index.php\\\/2025\\\/11\\\/10\\\/sandra-abdo-reelegida-nos-posicionaremos-frente-a-la-reforma-previsional\\\/#primaryimage\"},\"image\":{\"@id\":\"https:\\\/\\\/diariotextual.com\\\/inicio\\\/index.php\\\/2025\\\/11\\\/10\\\/sandra-abdo-reelegida-nos-posicionaremos-frente-a-la-reforma-previsional\\\/#primaryimage\"},\"thumbnailUrl\":\"https:\\\/\\\/diariotextual.com\\\/inicio\\\/wp-content\\\/uploads\\\/2025\\\/11\\\/abdosandra2025.jpg\",\"datePublished\":\"2025-11-10T22:26:06+00:00\",\"dateModified\":\"2025-11-11T09:17:53+00:00\",\"breadcrumb\":{\"@id\":\"https:\\\/\\\/diariotextual.com\\\/inicio\\\/index.php\\\/2025\\\/11\\\/10\\\/sandra-abdo-reelegida-nos-posicionaremos-frente-a-la-reforma-previsional\\\/#breadcrumb\"},\"inLanguage\":\"es\",\"potentialAction\":[{\"@type\":\"ReadAction\",\"target\":[\"https:\\\/\\\/diariotextual.com\\\/inicio\\\/index.php\\\/2025\\\/11\\\/10\\\/sandra-abdo-reelegida-nos-posicionaremos-frente-a-la-reforma-previsional\\\/\"]}]},{\"@type\":\"ImageObject\",\"inLanguage\":\"es\",\"@id\":\"https:\\\/\\\/diariotextual.com\\\/inicio\\\/index.php\\\/2025\\\/11\\\/10\\\/sandra-abdo-reelegida-nos-posicionaremos-frente-a-la-reforma-previsional\\\/#primaryimage\",\"url\":\"https:\\\/\\\/diariotextual.com\\\/inicio\\\/wp-content\\\/uploads\\\/2025\\\/11\\\/abdosandra2025.jpg\",\"contentUrl\":\"https:\\\/\\\/diariotextual.com\\\/inicio\\\/wp-content\\\/uploads\\\/2025\\\/11\\\/abdosandra2025.jpg\",\"width\":603,\"height\":322},{\"@type\":\"BreadcrumbList\",\"@id\":\"https:\\\/\\\/diariotextual.com\\\/inicio\\\/index.php\\\/2025\\\/11\\\/10\\\/sandra-abdo-reelegida-nos-posicionaremos-frente-a-la-reforma-previsional\\\/#breadcrumb\",\"itemListElement\":[{\"@type\":\"ListItem\",\"position\":1,\"name\":\"Portada\",\"item\":\"https:\\\/\\\/diariotextual.com\\\/inicio\\\/\"},{\"@type\":\"ListItem\",\"position\":2,\"name\":\"Sandra Abdo reelegida: \u201cNos posicionaremos frente a la reforma previsional\u201d\"}]},{\"@type\":\"WebSite\",\"@id\":\"https:\\\/\\\/diariotextual.com\\\/inicio\\\/#website\",\"url\":\"https:\\\/\\\/diariotextual.com\\\/inicio\\\/\",\"name\":\"Diario Textual\",\"description\":\"\",\"publisher\":{\"@id\":\"https:\\\/\\\/diariotextual.com\\\/inicio\\\/#organization\"},\"potentialAction\":[{\"@type\":\"SearchAction\",\"target\":{\"@type\":\"EntryPoint\",\"urlTemplate\":\"https:\\\/\\\/diariotextual.com\\\/inicio\\\/?s={search_term_string}\"},\"query-input\":{\"@type\":\"PropertyValueSpecification\",\"valueRequired\":true,\"valueName\":\"search_term_string\"}}],\"inLanguage\":\"es\"},{\"@type\":\"Organization\",\"@id\":\"https:\\\/\\\/diariotextual.com\\\/inicio\\\/#organization\",\"name\":\"Diario Textual\",\"url\":\"https:\\\/\\\/diariotextual.com\\\/inicio\\\/\",\"logo\":{\"@type\":\"ImageObject\",\"inLanguage\":\"es\",\"@id\":\"https:\\\/\\\/diariotextual.com\\\/inicio\\\/#\\\/schema\\\/logo\\\/image\\\/\",\"url\":\"https:\\\/\\\/diariotextual.com\\\/inicio\\\/wp-content\\\/uploads\\\/2023\\\/05\\\/logotextual1.jpg\",\"contentUrl\":\"https:\\\/\\\/diariotextual.com\\\/inicio\\\/wp-content\\\/uploads\\\/2023\\\/05\\\/logotextual1.jpg\",\"width\":516,\"height\":76,\"caption\":\"Diario Textual\"},\"image\":{\"@id\":\"https:\\\/\\\/diariotextual.com\\\/inicio\\\/#\\\/schema\\\/logo\\\/image\\\/\"},\"sameAs\":[\"https:\\\/\\\/www.facebook.com\\\/eltextual\",\"https:\\\/\\\/x.com\\\/eltextual\",\"http:\\\/\\\/www.instagram.com\\\/eltextual\"]},{\"@type\":\"Person\",\"@id\":\"https:\\\/\\\/diariotextual.com\\\/inicio\\\/#\\\/schema\\\/person\\\/a1b6f563e0ee944c60f98119389a4d9f\",\"name\":\"diario3\",\"image\":{\"@type\":\"ImageObject\",\"inLanguage\":\"es\",\"@id\":\"https:\\\/\\\/secure.gravatar.com\\\/avatar\\\/5e7ee62c82fc04d9dd79d746a390d93c69c43223e5faeeb3ea9461ef752bfc5d?s=96&d=mm&r=g\",\"url\":\"https:\\\/\\\/secure.gravatar.com\\\/avatar\\\/5e7ee62c82fc04d9dd79d746a390d93c69c43223e5faeeb3ea9461ef752bfc5d?s=96&d=mm&r=g\",\"contentUrl\":\"https:\\\/\\\/secure.gravatar.com\\\/avatar\\\/5e7ee62c82fc04d9dd79d746a390d93c69c43223e5faeeb3ea9461ef752bfc5d?s=96&d=mm&r=g\",\"caption\":\"diario3\"},\"url\":\"https:\\\/\\\/diariotextual.com\\\/inicio\\\/index.php\\\/author\\\/diario3\\\/\"}]}<\/script>\n<!-- \/ Yoast SEO plugin. -->","yoast_head_json":{"title":"Sandra Abdo reelegida: \u201cNos posicionaremos frente a la reforma previsional\u201d - Diario Textual","robots":{"index":"index","follow":"follow","max-snippet":"max-snippet:-1","max-image-preview":"max-image-preview:large","max-video-preview":"max-video-preview:-1"},"canonical":"https:\/\/diariotextual.com\/inicio\/index.php\/2025\/11\/10\/sandra-abdo-reelegida-nos-posicionaremos-frente-a-la-reforma-previsional\/","og_locale":"es_ES","og_type":"article","og_title":"Sandra Abdo reelegida: \u201cNos posicionaremos frente a la reforma previsional\u201d - Diario Textual","og_description":"La abogada pampeana Sandra Abdo, vicepresidenta de Caja Forense, fue reelegida nuevamente para el per\u00edodo 2026 como secretaria general de la Coordinadora de Cajas de Previsi\u00f3n y Seguridad Social para&hellip;","og_url":"https:\/\/diariotextual.com\/inicio\/index.php\/2025\/11\/10\/sandra-abdo-reelegida-nos-posicionaremos-frente-a-la-reforma-previsional\/","og_site_name":"Diario Textual","article_publisher":"https:\/\/www.facebook.com\/eltextual","article_published_time":"2025-11-10T22:26:06+00:00","article_modified_time":"2025-11-11T09:17:53+00:00","og_image":[{"width":603,"height":322,"url":"https:\/\/diariotextual.com\/inicio\/wp-content\/uploads\/2025\/11\/abdosandra2025.jpg","type":"image\/jpeg"}],"author":"diario3","twitter_card":"summary_large_image","twitter_creator":"@eltextual","twitter_site":"@eltextual","twitter_misc":{"Escrito por":"diario3","Tiempo de lectura":"3 minutos"},"schema":{"@context":"https:\/\/schema.org","@graph":[{"@type":"Article","@id":"https:\/\/diariotextual.com\/inicio\/index.php\/2025\/11\/10\/sandra-abdo-reelegida-nos-posicionaremos-frente-a-la-reforma-previsional\/#article","isPartOf":{"@id":"https:\/\/diariotextual.com\/inicio\/index.php\/2025\/11\/10\/sandra-abdo-reelegida-nos-posicionaremos-frente-a-la-reforma-previsional\/"},"author":{"name":"diario3","@id":"https:\/\/diariotextual.com\/inicio\/#\/schema\/person\/a1b6f563e0ee944c60f98119389a4d9f"},"headline":"Sandra Abdo reelegida: \u201cNos posicionaremos frente a la reforma previsional\u201d","datePublished":"2025-11-10T22:26:06+00:00","dateModified":"2025-11-11T09:17:53+00:00","mainEntityOfPage":{"@id":"https:\/\/diariotextual.com\/inicio\/index.php\/2025\/11\/10\/sandra-abdo-reelegida-nos-posicionaremos-frente-a-la-reforma-previsional\/"},"wordCount":522,"publisher":{"@id":"https:\/\/diariotextual.com\/inicio\/#organization"},"image":{"@id":"https:\/\/diariotextual.com\/inicio\/index.php\/2025\/11\/10\/sandra-abdo-reelegida-nos-posicionaremos-frente-a-la-reforma-previsional\/#primaryimage"},"thumbnailUrl":"https:\/\/diariotextual.com\/inicio\/wp-content\/uploads\/2025\/11\/abdosandra2025.jpg","articleSection":["A - ES NOTICIA (van abajo)","SOCIEDAD"],"inLanguage":"es"},{"@type":"WebPage","@id":"https:\/\/diariotextual.com\/inicio\/index.php\/2025\/11\/10\/sandra-abdo-reelegida-nos-posicionaremos-frente-a-la-reforma-previsional\/","url":"https:\/\/diariotextual.com\/inicio\/index.php\/2025\/11\/10\/sandra-abdo-reelegida-nos-posicionaremos-frente-a-la-reforma-previsional\/","name":"Sandra Abdo reelegida: \u201cNos posicionaremos frente a la reforma previsional\u201d - Diario Textual","isPartOf":{"@id":"https:\/\/diariotextual.com\/inicio\/#website"},"primaryImageOfPage":{"@id":"https:\/\/diariotextual.com\/inicio\/index.php\/2025\/11\/10\/sandra-abdo-reelegida-nos-posicionaremos-frente-a-la-reforma-previsional\/#primaryimage"},"image":{"@id":"https:\/\/diariotextual.com\/inicio\/index.php\/2025\/11\/10\/sandra-abdo-reelegida-nos-posicionaremos-frente-a-la-reforma-previsional\/#primaryimage"},"thumbnailUrl":"https:\/\/diariotextual.com\/inicio\/wp-content\/uploads\/2025\/11\/abdosandra2025.jpg","datePublished":"2025-11-10T22:26:06+00:00","dateModified":"2025-11-11T09:17:53+00:00","breadcrumb":{"@id":"https:\/\/diariotextual.com\/inicio\/index.php\/2025\/11\/10\/sandra-abdo-reelegida-nos-posicionaremos-frente-a-la-reforma-previsional\/#breadcrumb"},"inLanguage":"es","potentialAction":[{"@type":"ReadAction","target":["https:\/\/diariotextual.com\/inicio\/index.php\/2025\/11\/10\/sandra-abdo-reelegida-nos-posicionaremos-frente-a-la-reforma-previsional\/"]}]},{"@type":"ImageObject","inLanguage":"es","@id":"https:\/\/diariotextual.com\/inicio\/index.php\/2025\/11\/10\/sandra-abdo-reelegida-nos-posicionaremos-frente-a-la-reforma-previsional\/#primaryimage","url":"https:\/\/diariotextual.com\/inicio\/wp-content\/uploads\/2025\/11\/abdosandra2025.jpg","contentUrl":"https:\/\/diariotextual.com\/inicio\/wp-content\/uploads\/2025\/11\/abdosandra2025.jpg","width":603,"height":322},{"@type":"BreadcrumbList","@id":"https:\/\/diariotextual.com\/inicio\/index.php\/2025\/11\/10\/sandra-abdo-reelegida-nos-posicionaremos-frente-a-la-reforma-previsional\/#breadcrumb","itemListElement":[{"@type":"ListItem","position":1,"name":"Portada","item":"https:\/\/diariotextual.com\/inicio\/"},{"@type":"ListItem","position":2,"name":"Sandra Abdo reelegida: \u201cNos posicionaremos frente a la reforma previsional\u201d"}]},{"@type":"WebSite","@id":"https:\/\/diariotextual.com\/inicio\/#website","url":"https:\/\/diariotextual.com\/inicio\/","name":"Diario Textual","description":"","publisher":{"@id":"https:\/\/diariotextual.com\/inicio\/#organization"},"potentialAction":[{"@type":"SearchAction","target":{"@type":"EntryPoint","urlTemplate":"https:\/\/diariotextual.com\/inicio\/?s={search_term_string}"},"query-input":{"@type":"PropertyValueSpecification","valueRequired":true,"valueName":"search_term_string"}}],"inLanguage":"es"},{"@type":"Organization","@id":"https:\/\/diariotextual.com\/inicio\/#organization","name":"Diario Textual","url":"https:\/\/diariotextual.com\/inicio\/","logo":{"@type":"ImageObject","inLanguage":"es","@id":"https:\/\/diariotextual.com\/inicio\/#\/schema\/logo\/image\/","url":"https:\/\/diariotextual.com\/inicio\/wp-content\/uploads\/2023\/05\/logotextual1.jpg","contentUrl":"https:\/\/diariotextual.com\/inicio\/wp-content\/uploads\/2023\/05\/logotextual1.jpg","width":516,"height":76,"caption":"Diario Textual"},"image":{"@id":"https:\/\/diariotextual.com\/inicio\/#\/schema\/logo\/image\/"},"sameAs":["https:\/\/www.facebook.com\/eltextual","https:\/\/x.com\/eltextual","http:\/\/www.instagram.com\/eltextual"]},{"@type":"Person","@id":"https:\/\/diariotextual.com\/inicio\/#\/schema\/person\/a1b6f563e0ee944c60f98119389a4d9f","name":"diario3","image":{"@type":"ImageObject","inLanguage":"es","@id":"https:\/\/secure.gravatar.com\/avatar\/5e7ee62c82fc04d9dd79d746a390d93c69c43223e5faeeb3ea9461ef752bfc5d?s=96&d=mm&r=g","url":"https:\/\/secure.gravatar.com\/avatar\/5e7ee62c82fc04d9dd79d746a390d93c69c43223e5faeeb3ea9461ef752bfc5d?s=96&d=mm&r=g","contentUrl":"https:\/\/secure.gravatar.com\/avatar\/5e7ee62c82fc04d9dd79d746a390d93c69c43223e5faeeb3ea9461ef752bfc5d?s=96&d=mm&r=g","caption":"diario3"},"url":"https:\/\/diariotextual.com\/inicio\/index.php\/author\/diario3\/"}]}},"_links":{"self":[{"href":"https:\/\/diariotextual.com\/inicio\/index.php\/wp-json\/wp\/v2\/posts\/312476","targetHints":{"allow":["GET"]}}],"collection":[{"href":"https:\/\/diariotextual.com\/inicio\/index.php\/wp-json\/wp\/v2\/posts"}],"about":[{"href":"https:\/\/diariotextual.com\/inicio\/index.php\/wp-json\/wp\/v2\/types\/post"}],"author":[{"embeddable":true,"href":"https:\/\/diariotextual.com\/inicio\/index.php\/wp-json\/wp\/v2\/users\/5"}],"replies":[{"embeddable":true,"href":"https:\/\/diariotextual.com\/inicio\/index.php\/wp-json\/wp\/v2\/comments?post=312476"}],"version-history":[{"count":1,"href":"https:\/\/diariotextual.com\/inicio\/index.php\/wp-json\/wp\/v2\/posts\/312476\/revisions"}],"predecessor-version":[{"id":312478,"href":"https:\/\/diariotextual.com\/inicio\/index.php\/wp-json\/wp\/v2\/posts\/312476\/revisions\/312478"}],"wp:featuredmedia":[{"embeddable":true,"href":"https:\/\/diariotextual.com\/inicio\/index.php\/wp-json\/wp\/v2\/media\/312477"}],"wp:attachment":[{"href":"https:\/\/diariotextual.com\/inicio\/index.php\/wp-json\/wp\/v2\/media?parent=312476"}],"wp:term":[{"taxonomy":"category","embeddable":true,"href":"https:\/\/diariotextual.com\/inicio\/index.php\/wp-json\/wp\/v2\/categories?post=312476"},{"taxonomy":"post_tag","embeddable":true,"href":"https:\/\/diariotextual.com\/inicio\/index.php\/wp-json\/wp\/v2\/tags?post=312476"}],"curies":[{"name":"wp","href":"https:\/\/api.w.org\/{rel}","templated":true}]}}