{"id":313136,"date":"2025-11-17T10:30:33","date_gmt":"2025-11-17T13:30:33","guid":{"rendered":"https:\/\/diariotextual.com\/inicio\/?p=313136"},"modified":"2025-11-17T10:30:36","modified_gmt":"2025-11-17T13:30:36","slug":"dia-mundial-del-cancer-de-pulmon-alertan-sobre-el-aumento-de-casos","status":"publish","type":"post","link":"https:\/\/diariotextual.com\/inicio\/index.php\/2025\/11\/17\/dia-mundial-del-cancer-de-pulmon-alertan-sobre-el-aumento-de-casos\/","title":{"rendered":"D\u00eda Mundial del C\u00e1ncer de Pulm\u00f3n: alertan sobre el aumento de casos"},"content":{"rendered":"\n<p><strong>El D\u00eda Mundial del C\u00e1ncer de Pulm\u00f3n<\/strong> se conmemora este lunes y los especialistas advierten que esta enfermedad contin\u00faa como una de las <strong>principales causas de muerte<\/strong> en el mundo. Seg\u00fan la <strong>Organizaci\u00f3n Mundial de la Salud (OMS)<\/strong>, provoca entre <em>\u201c1,8 y 2,2 millones de muertes por a\u00f1o\u201d<\/em>, lo que equivale al <strong>20% de todos los fallecimientos por c\u00e1ncer<\/strong>.<\/p>\n\n\n\n<p>En Argentina, ocupa el <strong>segundo lugar en incidencia<\/strong> y el <strong>primero en mortalidad oncol\u00f3gica<\/strong>: se registran cerca de <strong>12.000 nuevos diagn\u00f3sticos<\/strong> y alrededor de <strong>10.000 muertes anuales<\/strong>, lo que representa el <strong>15% de todas las muertes por c\u00e1ncer<\/strong>.<\/p>\n\n\n\n<p>De acuerdo con las proyecciones de la <strong>Agencia Internacional para la Investigaci\u00f3n sobre el C\u00e1ncer (IARC)<\/strong>, en un informe al que accedi\u00f3 Agencia Noticias Argentinas, los casos en el pa\u00eds podr\u00edan <strong>aumentar casi un 80% hacia 2050<\/strong>, una cifra que refuerza la necesidad de <strong>fortalecer la prevenci\u00f3n<\/strong>, asegurar un <strong>acceso equitativo al tratamiento<\/strong> y mejorar la <strong>detecci\u00f3n temprana<\/strong>.<\/p>\n\n\n\n<p>El c\u00e1ncer de pulm\u00f3n no responde a una \u00fanica causa, aunque el <strong>tabaquismo<\/strong> se mantiene como el <strong>principal factor de riesgo<\/strong>: el <strong>80% de los casos<\/strong> se asocia al consumo de tabaco o a la exposici\u00f3n al <strong>humo pasivo<\/strong>. El cigarrillo contiene <strong>decenas de sustancias cancer\u00edgenas<\/strong> capaces de da\u00f1ar las c\u00e9lulas pulmonares y transformarlas en c\u00e9lulas malignas.<\/p>\n\n\n\n<p>Sin embargo, la enfermedad tambi\u00e9n aparece en personas que nunca fumaron. En esos casos, se vincula con la exposici\u00f3n al <strong>rad\u00f3n<\/strong>, un gas natural que puede acumularse en viviendas con poca ventilaci\u00f3n; al <strong>asbesto<\/strong>, presente en construcciones antiguas; a los <strong>gases di\u00e9sel<\/strong> y a la <strong>contaminaci\u00f3n urbana<\/strong>, que libera part\u00edculas microsc\u00f3picas da\u00f1inas. A esto se suman <strong>factores gen\u00e9ticos<\/strong> que aumentan la predisposici\u00f3n aun sin otros riesgos.<\/p>\n\n\n\n<p><em>\u201cAunque el tabaquismo sigue siendo el principal responsable, el c\u00e1ncer de pulm\u00f3n tambi\u00e9n afecta a personas no fumadoras. Por eso es importante evitar la estigmatizaci\u00f3n y promover la consulta m\u00e9dica ante s\u00edntomas persistentes como tos cr\u00f3nica o dificultad para respirar\u201d<\/em>, se\u00f1ala <strong>Gabriela Bugar\u00edn<\/strong> (M.N. 71.988), directora m\u00e9dica de Oncolog\u00eda de MSD Argentina.<\/p>\n\n\n\n<div style=\"height:100px\" aria-hidden=\"true\" class=\"wp-block-spacer\"><\/div>\n\n\n\n<h3 class=\"wp-block-heading\"><strong>Signos y s\u00edntomas: se\u00f1ales de alerta<\/strong><\/h3>\n\n\n\n<p>En sus etapas iniciales, el c\u00e1ncer de pulm\u00f3n suele no mostrar signos, lo que explica que muchos casos se diagnostiquen en fases avanzadas. Aun as\u00ed, existen s\u00edntomas que funcionan como <strong>alerta temprana<\/strong>.<\/p>\n\n\n\n<p>Entre los m\u00e1s frecuentes aparecen <strong>tos persistente<\/strong>, tos que <strong>empeora con el tiempo<\/strong>, <strong>sangre en la flema<\/strong>, <strong>dolor tor\u00e1cico<\/strong>, <strong>ronquera<\/strong> y <strong>dificultad para respirar<\/strong>. Tambi\u00e9n pueden presentarse <strong>p\u00e9rdida de peso o apetito sin causa aparente<\/strong>, <strong>cansancio extremo<\/strong> y episodios repetidos de <strong>bronquitis o neumon\u00eda<\/strong>.<\/p>\n\n\n\n<p><em>\u201cSabemos que el c\u00e1ncer de pulm\u00f3n muchas veces no produce s\u00edntomas hasta estadios tard\u00edos. Por eso, utilizar herramientas de diagn\u00f3stico como el tamizaje resulta clave para detectarlo a tiempo, en especial en personas con factores de riesgo o antecedentes de exposici\u00f3n al tabaco\u201d<\/em>, explica Bugar\u00edn.<\/p>\n\n\n\n<div style=\"height:100px\" aria-hidden=\"true\" class=\"wp-block-spacer\"><\/div>\n\n\n\n<h3 class=\"wp-block-heading\"><strong>Tamizaje: detectar antes para vivir m\u00e1s y mejor<\/strong><\/h3>\n\n\n\n<p>El <strong>tamizaje del c\u00e1ncer de pulm\u00f3n<\/strong> avanza en el mundo como una estrategia fundamental para <strong>reducir la mortalidad<\/strong>. Su objetivo consiste en diagnosticar la enfermedad en etapas <strong>tempranas<\/strong>, cuando el tratamiento resulta m\u00e1s efectivo e incluso <strong>curativo<\/strong>.<\/p>\n\n\n\n<p>La herramienta m\u00e1s utilizada es la <strong>tomograf\u00eda computada de baja dosis (TCBD)<\/strong>, un estudio r\u00e1pido, indoloro y de alta precisi\u00f3n que permite identificar lesiones pulmonares muy peque\u00f1as, aun antes de que aparezcan s\u00edntomas.<\/p>\n\n\n\n<p>En Argentina, el <strong>Consenso Nacional sobre Tamizaje de C\u00e1ncer de Pulm\u00f3n<\/strong> recomienda realizar este estudio una vez al a\u00f1o en personas de <strong>55 a 74 a\u00f1os<\/strong> con <strong>alto riesgo<\/strong>: fumadores o exfumadores con un consumo acumulado de <strong>al menos 30 paquetes\/a\u00f1o<\/strong>, que hayan dejado de fumar en los \u00faltimos <strong>15 a\u00f1os<\/strong> y que no presenten enfermedades graves.<\/p>\n\n\n\n<p><em>\u201cEl tamizaje debe acompa\u00f1arse con programas para dejar de fumar y con una evaluaci\u00f3n del riesgo cardiovascular. Ambas medidas potencian su impacto positivo y permiten un abordaje integral de la salud pulmonar. No se trata solo de detectar la enfermedad antes, sino tambi\u00e9n de reducir los factores que la originan y mejorar la salud general de los pacientes\u201d<\/em>, afirma Bugar\u00edn.<\/p>\n\n\n\n<p>Diversos estudios demostraron que estos controles pueden <strong>reducir la mortalidad por c\u00e1ncer de pulm\u00f3n hasta en un 20%<\/strong>, y que el diagn\u00f3stico precoz no solo <strong>mejora la calidad de vida<\/strong>, sino que tambi\u00e9n <strong>reduce los costos del sistema sanitario<\/strong>, ya que tratar la enfermedad en etapas avanzadas puede resultar <strong>hasta diez veces m\u00e1s costoso<\/strong>.<\/p>\n\n\n\n<div style=\"height:100px\" aria-hidden=\"true\" class=\"wp-block-spacer\"><\/div>\n\n\n\n<h3 class=\"wp-block-heading\"><strong>El impacto econ\u00f3mico<\/strong><\/h3>\n\n\n\n<p>Adem\u00e1s de afectar la salud, el c\u00e1ncer de pulm\u00f3n genera <strong>consecuencias econ\u00f3micas profundas<\/strong> para los pacientes y sus familias.<\/p>\n\n\n\n<p>Un estudio del <strong>Instituto de Efectividad Cl\u00ednica y Sanitaria (IECS)<\/strong>, realizado en hospitales p\u00fablicos de Buenos Aires y La Plata, revel\u00f3 que casi la mitad de los pacientes (<strong>48%<\/strong>) vio <strong>reducidos sus ingresos<\/strong> por la enfermedad; un <strong>16%<\/strong> perdi\u00f3 su <strong>empleo<\/strong> y m\u00e1s de dos tercios (<strong>68%<\/strong>) experimentaron <em>\u201ctoxicidad financiera\u201d<\/em>, es decir, <strong>gastos de bolsillo superiores a su capacidad econ\u00f3mica<\/strong>.<\/p>\n\n\n\n<p>Detr\u00e1s de cada diagn\u00f3stico hay un impacto que afecta la salud del paciente y tambi\u00e9n la <strong>estabilidad econ\u00f3mica y emocional<\/strong> de su entorno familiar. Por eso, como marca el estudio, los pa\u00edses deben <strong>mejorar las pol\u00edticas de prevenci\u00f3n<\/strong> y fortalecer tanto los <strong>servicios de atenci\u00f3n m\u00e9dica<\/strong> como el <strong>acceso al tratamiento<\/strong>.<\/p>\n\n\n\n<p>Es evidente que reforzar la prevenci\u00f3n y la detecci\u00f3n temprana salva vidas y tambi\u00e9n reduce el <strong>impacto econ\u00f3mico y social<\/strong> que esta enfermedad provoca en los hogares y en el sistema sanitario.<\/p>\n\n\n\n<p>En el marco del <strong>D\u00eda Mundial del C\u00e1ncer de Pulm\u00f3n<\/strong>, los especialistas coinciden en que la lucha contra esta enfermedad depende no solo de los avances m\u00e9dicos, sino tambi\u00e9n de la <strong>concientizaci\u00f3n<\/strong> y la <strong>detecci\u00f3n temprana<\/strong>. Impulsar el tamizaje y consolidar las pol\u00edticas de prevenci\u00f3n resulta esencial para evitar que el aumento proyectado de casos se convierta en una realidad.<\/p>\n\n\n\n<p><\/p>\n","protected":false},"excerpt":{"rendered":"<p>El D\u00eda Mundial del C\u00e1ncer de Pulm\u00f3n se conmemora este lunes y los especialistas advierten que esta enfermedad contin\u00faa como una de las principales causas de muerte en el mundo.&hellip;<\/p>\n","protected":false},"author":3,"featured_media":313139,"comment_status":"closed","ping_status":"open","sticky":false,"template":"","format":"standard","meta":{"_acf_changed":false,"footnotes":""},"categories":[1,12],"tags":[],"class_list":["post-313136","post","type-post","status-publish","format-standard","has-post-thumbnail","hentry","category-es-noticia","category-sociedad"],"acf":[],"yoast_head":"<!-- This site is optimized with the Yoast SEO plugin v27.5 - https:\/\/yoast.com\/product\/yoast-seo-wordpress\/ -->\n<title>D\u00eda Mundial del C\u00e1ncer de Pulm\u00f3n: alertan sobre el aumento de casos - Diario Textual<\/title>\n<meta name=\"robots\" content=\"index, follow, max-snippet:-1, max-image-preview:large, max-video-preview:-1\" \/>\n<link rel=\"canonical\" href=\"https:\/\/diariotextual.com\/inicio\/index.php\/2025\/11\/17\/dia-mundial-del-cancer-de-pulmon-alertan-sobre-el-aumento-de-casos\/\" \/>\n<meta property=\"og:locale\" content=\"es_ES\" \/>\n<meta property=\"og:type\" content=\"article\" \/>\n<meta property=\"og:title\" content=\"D\u00eda Mundial del C\u00e1ncer de Pulm\u00f3n: alertan sobre el aumento de casos - Diario Textual\" \/>\n<meta property=\"og:description\" content=\"El D\u00eda Mundial del C\u00e1ncer de Pulm\u00f3n se conmemora este lunes y los especialistas advierten que esta enfermedad contin\u00faa como una de las principales causas de muerte en el mundo.&hellip;\" \/>\n<meta property=\"og:url\" content=\"https:\/\/diariotextual.com\/inicio\/index.php\/2025\/11\/17\/dia-mundial-del-cancer-de-pulmon-alertan-sobre-el-aumento-de-casos\/\" \/>\n<meta property=\"og:site_name\" content=\"Diario Textual\" \/>\n<meta property=\"article:publisher\" content=\"https:\/\/www.facebook.com\/eltextual\" \/>\n<meta property=\"article:published_time\" content=\"2025-11-17T13:30:33+00:00\" \/>\n<meta property=\"article:modified_time\" content=\"2025-11-17T13:30:36+00:00\" \/>\n<meta property=\"og:image\" content=\"https:\/\/diariotextual.com\/inicio\/wp-content\/uploads\/2025\/11\/cancerdepulmon2025-1.jpg\" \/>\n\t<meta property=\"og:image:width\" content=\"1024\" \/>\n\t<meta property=\"og:image:height\" content=\"576\" \/>\n\t<meta property=\"og:image:type\" content=\"image\/jpeg\" \/>\n<meta name=\"author\" content=\"Diario1 Diario1\" \/>\n<meta name=\"twitter:card\" content=\"summary_large_image\" \/>\n<meta name=\"twitter:creator\" content=\"@eltextual\" \/>\n<meta name=\"twitter:site\" content=\"@eltextual\" \/>\n<meta name=\"twitter:label1\" content=\"Escrito por\" \/>\n\t<meta name=\"twitter:data1\" content=\"Diario1 Diario1\" \/>\n\t<meta name=\"twitter:label2\" content=\"Tiempo de lectura\" \/>\n\t<meta name=\"twitter:data2\" content=\"5 minutos\" \/>\n<script type=\"application\/ld+json\" class=\"yoast-schema-graph\">{\"@context\":\"https:\\\/\\\/schema.org\",\"@graph\":[{\"@type\":\"Article\",\"@id\":\"https:\\\/\\\/diariotextual.com\\\/inicio\\\/index.php\\\/2025\\\/11\\\/17\\\/dia-mundial-del-cancer-de-pulmon-alertan-sobre-el-aumento-de-casos\\\/#article\",\"isPartOf\":{\"@id\":\"https:\\\/\\\/diariotextual.com\\\/inicio\\\/index.php\\\/2025\\\/11\\\/17\\\/dia-mundial-del-cancer-de-pulmon-alertan-sobre-el-aumento-de-casos\\\/\"},\"author\":{\"name\":\"Diario1 Diario1\",\"@id\":\"https:\\\/\\\/diariotextual.com\\\/inicio\\\/#\\\/schema\\\/person\\\/418fc4093c33e86ed41562db3508f958\"},\"headline\":\"D\u00eda Mundial del C\u00e1ncer de Pulm\u00f3n: alertan sobre el aumento de casos\",\"datePublished\":\"2025-11-17T13:30:33+00:00\",\"dateModified\":\"2025-11-17T13:30:36+00:00\",\"mainEntityOfPage\":{\"@id\":\"https:\\\/\\\/diariotextual.com\\\/inicio\\\/index.php\\\/2025\\\/11\\\/17\\\/dia-mundial-del-cancer-de-pulmon-alertan-sobre-el-aumento-de-casos\\\/\"},\"wordCount\":1049,\"publisher\":{\"@id\":\"https:\\\/\\\/diariotextual.com\\\/inicio\\\/#organization\"},\"image\":{\"@id\":\"https:\\\/\\\/diariotextual.com\\\/inicio\\\/index.php\\\/2025\\\/11\\\/17\\\/dia-mundial-del-cancer-de-pulmon-alertan-sobre-el-aumento-de-casos\\\/#primaryimage\"},\"thumbnailUrl\":\"https:\\\/\\\/diariotextual.com\\\/inicio\\\/wp-content\\\/uploads\\\/2025\\\/11\\\/cancerdepulmon2025-1.jpg\",\"articleSection\":[\"A - ES NOTICIA (van abajo)\",\"SOCIEDAD\"],\"inLanguage\":\"es\"},{\"@type\":\"WebPage\",\"@id\":\"https:\\\/\\\/diariotextual.com\\\/inicio\\\/index.php\\\/2025\\\/11\\\/17\\\/dia-mundial-del-cancer-de-pulmon-alertan-sobre-el-aumento-de-casos\\\/\",\"url\":\"https:\\\/\\\/diariotextual.com\\\/inicio\\\/index.php\\\/2025\\\/11\\\/17\\\/dia-mundial-del-cancer-de-pulmon-alertan-sobre-el-aumento-de-casos\\\/\",\"name\":\"D\u00eda Mundial del C\u00e1ncer de Pulm\u00f3n: alertan sobre el aumento de casos - Diario Textual\",\"isPartOf\":{\"@id\":\"https:\\\/\\\/diariotextual.com\\\/inicio\\\/#website\"},\"primaryImageOfPage\":{\"@id\":\"https:\\\/\\\/diariotextual.com\\\/inicio\\\/index.php\\\/2025\\\/11\\\/17\\\/dia-mundial-del-cancer-de-pulmon-alertan-sobre-el-aumento-de-casos\\\/#primaryimage\"},\"image\":{\"@id\":\"https:\\\/\\\/diariotextual.com\\\/inicio\\\/index.php\\\/2025\\\/11\\\/17\\\/dia-mundial-del-cancer-de-pulmon-alertan-sobre-el-aumento-de-casos\\\/#primaryimage\"},\"thumbnailUrl\":\"https:\\\/\\\/diariotextual.com\\\/inicio\\\/wp-content\\\/uploads\\\/2025\\\/11\\\/cancerdepulmon2025-1.jpg\",\"datePublished\":\"2025-11-17T13:30:33+00:00\",\"dateModified\":\"2025-11-17T13:30:36+00:00\",\"breadcrumb\":{\"@id\":\"https:\\\/\\\/diariotextual.com\\\/inicio\\\/index.php\\\/2025\\\/11\\\/17\\\/dia-mundial-del-cancer-de-pulmon-alertan-sobre-el-aumento-de-casos\\\/#breadcrumb\"},\"inLanguage\":\"es\",\"potentialAction\":[{\"@type\":\"ReadAction\",\"target\":[\"https:\\\/\\\/diariotextual.com\\\/inicio\\\/index.php\\\/2025\\\/11\\\/17\\\/dia-mundial-del-cancer-de-pulmon-alertan-sobre-el-aumento-de-casos\\\/\"]}]},{\"@type\":\"ImageObject\",\"inLanguage\":\"es\",\"@id\":\"https:\\\/\\\/diariotextual.com\\\/inicio\\\/index.php\\\/2025\\\/11\\\/17\\\/dia-mundial-del-cancer-de-pulmon-alertan-sobre-el-aumento-de-casos\\\/#primaryimage\",\"url\":\"https:\\\/\\\/diariotextual.com\\\/inicio\\\/wp-content\\\/uploads\\\/2025\\\/11\\\/cancerdepulmon2025-1.jpg\",\"contentUrl\":\"https:\\\/\\\/diariotextual.com\\\/inicio\\\/wp-content\\\/uploads\\\/2025\\\/11\\\/cancerdepulmon2025-1.jpg\",\"width\":1024,\"height\":576},{\"@type\":\"BreadcrumbList\",\"@id\":\"https:\\\/\\\/diariotextual.com\\\/inicio\\\/index.php\\\/2025\\\/11\\\/17\\\/dia-mundial-del-cancer-de-pulmon-alertan-sobre-el-aumento-de-casos\\\/#breadcrumb\",\"itemListElement\":[{\"@type\":\"ListItem\",\"position\":1,\"name\":\"Portada\",\"item\":\"https:\\\/\\\/diariotextual.com\\\/inicio\\\/\"},{\"@type\":\"ListItem\",\"position\":2,\"name\":\"D\u00eda Mundial del C\u00e1ncer de Pulm\u00f3n: alertan sobre el aumento de casos\"}]},{\"@type\":\"WebSite\",\"@id\":\"https:\\\/\\\/diariotextual.com\\\/inicio\\\/#website\",\"url\":\"https:\\\/\\\/diariotextual.com\\\/inicio\\\/\",\"name\":\"Diario Textual\",\"description\":\"\",\"publisher\":{\"@id\":\"https:\\\/\\\/diariotextual.com\\\/inicio\\\/#organization\"},\"potentialAction\":[{\"@type\":\"SearchAction\",\"target\":{\"@type\":\"EntryPoint\",\"urlTemplate\":\"https:\\\/\\\/diariotextual.com\\\/inicio\\\/?s={search_term_string}\"},\"query-input\":{\"@type\":\"PropertyValueSpecification\",\"valueRequired\":true,\"valueName\":\"search_term_string\"}}],\"inLanguage\":\"es\"},{\"@type\":\"Organization\",\"@id\":\"https:\\\/\\\/diariotextual.com\\\/inicio\\\/#organization\",\"name\":\"Diario Textual\",\"url\":\"https:\\\/\\\/diariotextual.com\\\/inicio\\\/\",\"logo\":{\"@type\":\"ImageObject\",\"inLanguage\":\"es\",\"@id\":\"https:\\\/\\\/diariotextual.com\\\/inicio\\\/#\\\/schema\\\/logo\\\/image\\\/\",\"url\":\"https:\\\/\\\/diariotextual.com\\\/inicio\\\/wp-content\\\/uploads\\\/2023\\\/05\\\/logotextual1.jpg\",\"contentUrl\":\"https:\\\/\\\/diariotextual.com\\\/inicio\\\/wp-content\\\/uploads\\\/2023\\\/05\\\/logotextual1.jpg\",\"width\":516,\"height\":76,\"caption\":\"Diario Textual\"},\"image\":{\"@id\":\"https:\\\/\\\/diariotextual.com\\\/inicio\\\/#\\\/schema\\\/logo\\\/image\\\/\"},\"sameAs\":[\"https:\\\/\\\/www.facebook.com\\\/eltextual\",\"https:\\\/\\\/x.com\\\/eltextual\",\"http:\\\/\\\/www.instagram.com\\\/eltextual\"]},{\"@type\":\"Person\",\"@id\":\"https:\\\/\\\/diariotextual.com\\\/inicio\\\/#\\\/schema\\\/person\\\/418fc4093c33e86ed41562db3508f958\",\"name\":\"Diario1 Diario1\",\"image\":{\"@type\":\"ImageObject\",\"inLanguage\":\"es\",\"@id\":\"https:\\\/\\\/secure.gravatar.com\\\/avatar\\\/9167d280179c85bc18be67aa7eda765854300033af4896dd779b608640f2ef7a?s=96&d=mm&r=g\",\"url\":\"https:\\\/\\\/secure.gravatar.com\\\/avatar\\\/9167d280179c85bc18be67aa7eda765854300033af4896dd779b608640f2ef7a?s=96&d=mm&r=g\",\"contentUrl\":\"https:\\\/\\\/secure.gravatar.com\\\/avatar\\\/9167d280179c85bc18be67aa7eda765854300033af4896dd779b608640f2ef7a?s=96&d=mm&r=g\",\"caption\":\"Diario1 Diario1\"},\"url\":\"https:\\\/\\\/diariotextual.com\\\/inicio\\\/index.php\\\/author\\\/diario1\\\/\"}]}<\/script>\n<!-- \/ Yoast SEO plugin. -->","yoast_head_json":{"title":"D\u00eda Mundial del C\u00e1ncer de Pulm\u00f3n: alertan sobre el aumento de casos - Diario Textual","robots":{"index":"index","follow":"follow","max-snippet":"max-snippet:-1","max-image-preview":"max-image-preview:large","max-video-preview":"max-video-preview:-1"},"canonical":"https:\/\/diariotextual.com\/inicio\/index.php\/2025\/11\/17\/dia-mundial-del-cancer-de-pulmon-alertan-sobre-el-aumento-de-casos\/","og_locale":"es_ES","og_type":"article","og_title":"D\u00eda Mundial del C\u00e1ncer de Pulm\u00f3n: alertan sobre el aumento de casos - Diario Textual","og_description":"El D\u00eda Mundial del C\u00e1ncer de Pulm\u00f3n se conmemora este lunes y los especialistas advierten que esta enfermedad contin\u00faa como una de las principales causas de muerte en el mundo.&hellip;","og_url":"https:\/\/diariotextual.com\/inicio\/index.php\/2025\/11\/17\/dia-mundial-del-cancer-de-pulmon-alertan-sobre-el-aumento-de-casos\/","og_site_name":"Diario Textual","article_publisher":"https:\/\/www.facebook.com\/eltextual","article_published_time":"2025-11-17T13:30:33+00:00","article_modified_time":"2025-11-17T13:30:36+00:00","og_image":[{"width":1024,"height":576,"url":"https:\/\/diariotextual.com\/inicio\/wp-content\/uploads\/2025\/11\/cancerdepulmon2025-1.jpg","type":"image\/jpeg"}],"author":"Diario1 Diario1","twitter_card":"summary_large_image","twitter_creator":"@eltextual","twitter_site":"@eltextual","twitter_misc":{"Escrito por":"Diario1 Diario1","Tiempo de lectura":"5 minutos"},"schema":{"@context":"https:\/\/schema.org","@graph":[{"@type":"Article","@id":"https:\/\/diariotextual.com\/inicio\/index.php\/2025\/11\/17\/dia-mundial-del-cancer-de-pulmon-alertan-sobre-el-aumento-de-casos\/#article","isPartOf":{"@id":"https:\/\/diariotextual.com\/inicio\/index.php\/2025\/11\/17\/dia-mundial-del-cancer-de-pulmon-alertan-sobre-el-aumento-de-casos\/"},"author":{"name":"Diario1 Diario1","@id":"https:\/\/diariotextual.com\/inicio\/#\/schema\/person\/418fc4093c33e86ed41562db3508f958"},"headline":"D\u00eda Mundial del C\u00e1ncer de Pulm\u00f3n: alertan sobre el aumento de casos","datePublished":"2025-11-17T13:30:33+00:00","dateModified":"2025-11-17T13:30:36+00:00","mainEntityOfPage":{"@id":"https:\/\/diariotextual.com\/inicio\/index.php\/2025\/11\/17\/dia-mundial-del-cancer-de-pulmon-alertan-sobre-el-aumento-de-casos\/"},"wordCount":1049,"publisher":{"@id":"https:\/\/diariotextual.com\/inicio\/#organization"},"image":{"@id":"https:\/\/diariotextual.com\/inicio\/index.php\/2025\/11\/17\/dia-mundial-del-cancer-de-pulmon-alertan-sobre-el-aumento-de-casos\/#primaryimage"},"thumbnailUrl":"https:\/\/diariotextual.com\/inicio\/wp-content\/uploads\/2025\/11\/cancerdepulmon2025-1.jpg","articleSection":["A - ES NOTICIA (van abajo)","SOCIEDAD"],"inLanguage":"es"},{"@type":"WebPage","@id":"https:\/\/diariotextual.com\/inicio\/index.php\/2025\/11\/17\/dia-mundial-del-cancer-de-pulmon-alertan-sobre-el-aumento-de-casos\/","url":"https:\/\/diariotextual.com\/inicio\/index.php\/2025\/11\/17\/dia-mundial-del-cancer-de-pulmon-alertan-sobre-el-aumento-de-casos\/","name":"D\u00eda Mundial del C\u00e1ncer de Pulm\u00f3n: alertan sobre el aumento de casos - Diario Textual","isPartOf":{"@id":"https:\/\/diariotextual.com\/inicio\/#website"},"primaryImageOfPage":{"@id":"https:\/\/diariotextual.com\/inicio\/index.php\/2025\/11\/17\/dia-mundial-del-cancer-de-pulmon-alertan-sobre-el-aumento-de-casos\/#primaryimage"},"image":{"@id":"https:\/\/diariotextual.com\/inicio\/index.php\/2025\/11\/17\/dia-mundial-del-cancer-de-pulmon-alertan-sobre-el-aumento-de-casos\/#primaryimage"},"thumbnailUrl":"https:\/\/diariotextual.com\/inicio\/wp-content\/uploads\/2025\/11\/cancerdepulmon2025-1.jpg","datePublished":"2025-11-17T13:30:33+00:00","dateModified":"2025-11-17T13:30:36+00:00","breadcrumb":{"@id":"https:\/\/diariotextual.com\/inicio\/index.php\/2025\/11\/17\/dia-mundial-del-cancer-de-pulmon-alertan-sobre-el-aumento-de-casos\/#breadcrumb"},"inLanguage":"es","potentialAction":[{"@type":"ReadAction","target":["https:\/\/diariotextual.com\/inicio\/index.php\/2025\/11\/17\/dia-mundial-del-cancer-de-pulmon-alertan-sobre-el-aumento-de-casos\/"]}]},{"@type":"ImageObject","inLanguage":"es","@id":"https:\/\/diariotextual.com\/inicio\/index.php\/2025\/11\/17\/dia-mundial-del-cancer-de-pulmon-alertan-sobre-el-aumento-de-casos\/#primaryimage","url":"https:\/\/diariotextual.com\/inicio\/wp-content\/uploads\/2025\/11\/cancerdepulmon2025-1.jpg","contentUrl":"https:\/\/diariotextual.com\/inicio\/wp-content\/uploads\/2025\/11\/cancerdepulmon2025-1.jpg","width":1024,"height":576},{"@type":"BreadcrumbList","@id":"https:\/\/diariotextual.com\/inicio\/index.php\/2025\/11\/17\/dia-mundial-del-cancer-de-pulmon-alertan-sobre-el-aumento-de-casos\/#breadcrumb","itemListElement":[{"@type":"ListItem","position":1,"name":"Portada","item":"https:\/\/diariotextual.com\/inicio\/"},{"@type":"ListItem","position":2,"name":"D\u00eda Mundial del C\u00e1ncer de Pulm\u00f3n: alertan sobre el aumento de casos"}]},{"@type":"WebSite","@id":"https:\/\/diariotextual.com\/inicio\/#website","url":"https:\/\/diariotextual.com\/inicio\/","name":"Diario Textual","description":"","publisher":{"@id":"https:\/\/diariotextual.com\/inicio\/#organization"},"potentialAction":[{"@type":"SearchAction","target":{"@type":"EntryPoint","urlTemplate":"https:\/\/diariotextual.com\/inicio\/?s={search_term_string}"},"query-input":{"@type":"PropertyValueSpecification","valueRequired":true,"valueName":"search_term_string"}}],"inLanguage":"es"},{"@type":"Organization","@id":"https:\/\/diariotextual.com\/inicio\/#organization","name":"Diario Textual","url":"https:\/\/diariotextual.com\/inicio\/","logo":{"@type":"ImageObject","inLanguage":"es","@id":"https:\/\/diariotextual.com\/inicio\/#\/schema\/logo\/image\/","url":"https:\/\/diariotextual.com\/inicio\/wp-content\/uploads\/2023\/05\/logotextual1.jpg","contentUrl":"https:\/\/diariotextual.com\/inicio\/wp-content\/uploads\/2023\/05\/logotextual1.jpg","width":516,"height":76,"caption":"Diario Textual"},"image":{"@id":"https:\/\/diariotextual.com\/inicio\/#\/schema\/logo\/image\/"},"sameAs":["https:\/\/www.facebook.com\/eltextual","https:\/\/x.com\/eltextual","http:\/\/www.instagram.com\/eltextual"]},{"@type":"Person","@id":"https:\/\/diariotextual.com\/inicio\/#\/schema\/person\/418fc4093c33e86ed41562db3508f958","name":"Diario1 Diario1","image":{"@type":"ImageObject","inLanguage":"es","@id":"https:\/\/secure.gravatar.com\/avatar\/9167d280179c85bc18be67aa7eda765854300033af4896dd779b608640f2ef7a?s=96&d=mm&r=g","url":"https:\/\/secure.gravatar.com\/avatar\/9167d280179c85bc18be67aa7eda765854300033af4896dd779b608640f2ef7a?s=96&d=mm&r=g","contentUrl":"https:\/\/secure.gravatar.com\/avatar\/9167d280179c85bc18be67aa7eda765854300033af4896dd779b608640f2ef7a?s=96&d=mm&r=g","caption":"Diario1 Diario1"},"url":"https:\/\/diariotextual.com\/inicio\/index.php\/author\/diario1\/"}]}},"_links":{"self":[{"href":"https:\/\/diariotextual.com\/inicio\/index.php\/wp-json\/wp\/v2\/posts\/313136","targetHints":{"allow":["GET"]}}],"collection":[{"href":"https:\/\/diariotextual.com\/inicio\/index.php\/wp-json\/wp\/v2\/posts"}],"about":[{"href":"https:\/\/diariotextual.com\/inicio\/index.php\/wp-json\/wp\/v2\/types\/post"}],"author":[{"embeddable":true,"href":"https:\/\/diariotextual.com\/inicio\/index.php\/wp-json\/wp\/v2\/users\/3"}],"replies":[{"embeddable":true,"href":"https:\/\/diariotextual.com\/inicio\/index.php\/wp-json\/wp\/v2\/comments?post=313136"}],"version-history":[{"count":2,"href":"https:\/\/diariotextual.com\/inicio\/index.php\/wp-json\/wp\/v2\/posts\/313136\/revisions"}],"predecessor-version":[{"id":313138,"href":"https:\/\/diariotextual.com\/inicio\/index.php\/wp-json\/wp\/v2\/posts\/313136\/revisions\/313138"}],"wp:featuredmedia":[{"embeddable":true,"href":"https:\/\/diariotextual.com\/inicio\/index.php\/wp-json\/wp\/v2\/media\/313139"}],"wp:attachment":[{"href":"https:\/\/diariotextual.com\/inicio\/index.php\/wp-json\/wp\/v2\/media?parent=313136"}],"wp:term":[{"taxonomy":"category","embeddable":true,"href":"https:\/\/diariotextual.com\/inicio\/index.php\/wp-json\/wp\/v2\/categories?post=313136"},{"taxonomy":"post_tag","embeddable":true,"href":"https:\/\/diariotextual.com\/inicio\/index.php\/wp-json\/wp\/v2\/tags?post=313136"}],"curies":[{"name":"wp","href":"https:\/\/api.w.org\/{rel}","templated":true}]}}