{"id":313229,"date":"2025-11-17T21:20:39","date_gmt":"2025-11-18T00:20:39","guid":{"rendered":"https:\/\/diariotextual.com\/inicio\/?p=313229"},"modified":"2025-11-17T21:20:47","modified_gmt":"2025-11-18T00:20:47","slug":"inundaciones-en-buenos-aires-carbap-dice-que-son-casi-6-millones-de-hectareas-afectadas","status":"publish","type":"post","link":"https:\/\/diariotextual.com\/inicio\/index.php\/2025\/11\/17\/inundaciones-en-buenos-aires-carbap-dice-que-son-casi-6-millones-de-hectareas-afectadas\/","title":{"rendered":"Inundaciones en Buenos Aires: Carbap dice que son casi 6 millones de hect\u00e1reas afectadas"},"content":{"rendered":"\n<p>La <strong>Confederaci\u00f3n de Asociaciones Rurales de Buenos Aires y La Pampa (CARBAP)<\/strong> inform\u00f3 que casi 6 millones de hect\u00e1reas son las afectadas en la provincia de Buenos Aires (PBA) debido a las inundaciones y totalizar\u00eda unos <strong>US$2.000 millones que dejar\u00edan de ingresar al circuito econ\u00f3mico en 2026.<\/strong><\/p>\n\n\n\n<p>En un comunicado, la entidad agropecuaria detall\u00f3 las hect\u00e1reas afectadas por las inundaciones seg\u00fan c\u00e1lculos realizados sobre im\u00e1genes satelitales, tomadas entre el 11 y el 13 de noviembre, que visibilizan la problem\u00e1tica que trajo a la regi\u00f3n centro de la provincia.<\/p>\n\n\n\n<p>En base a esa im\u00e1genes, <strong>aproximadamente 2.000.000 de hect\u00e1reas quedaron inundadas\/anegadas y casi 3.800.000 fueron afectadas<\/strong>. Esta segunda clasificaci\u00f3n se define como las \u00e1reas que \u201cno poseen condiciones m\u00ednimas para avanzar con las labores de siembra\u201d.<\/p>\n\n\n\n<p>Entre los <strong>partidos m\u00e1s afectados se ubica Bol\u00edvar con 169.224 hect\u00e1reas inundadas o anegadas, seguido por el municipio de 9 de Julio, con 136.797 hect\u00e1reas en total, y Pehuaj\u00f3 con 109.366.<\/strong><\/p>\n\n\n\n<div style=\"height:100px\" aria-hidden=\"true\" class=\"wp-block-spacer\"><\/div>\n\n\n\n<p><strong>\u00c1reas perjudicadas<\/strong><\/p>\n\n\n\n<p>Junto con los primeros tres, el resto de los municipios afectados representan m\u00e1s de 4.500.000 hect\u00e1reas, de las cuales m\u00e1s de 1.100.000 est\u00e1n \u201cdirectamente bajo agua\u201d.<\/p>\n\n\n\n<p>\u201cEstos partidos vienen soportando el fen\u00f3meno desde hace tiempo.<strong> Y a\u00fan donde \u2018parece seco\u2019, como muestran claramente las im\u00e1genes satelitales, las condiciones del suelo hacen pr\u00e1cticamente imposible<\/strong> llevar adelante cualquier tarea agr\u00edcola\u201d, agreg\u00f3 CARBAP.<\/p>\n\n\n\n<p>La confederaci\u00f3n que nuclea las \u00e1reas rurales de PBA y La Pampa afirma que la <strong>ventana de siembra de soja y ma\u00edz se cierra \u201caceleradamente\u201d, con la posibilidad de que una enorme superficie quede sin producir<\/strong>: m\u00e1s de 1.500.000 hect\u00e1reas agr\u00edcolas tienen un \u201criesgo muy alto\u201d de quedar improductivas en lo que resta del a\u00f1o.<\/p>\n\n\n\n<p>Para dimensionar la magnitud de la problem\u00e1tica se ejemplific\u00f3 con un c\u00e1lculo: suponiendo que una superficie siembra bajo una relaci\u00f3n 60% soja\/40% ma\u00edz, se ponen en juego alrededor de US$2.000 millones que dejar\u00edan de ingresar al circuito econ\u00f3mico en 2026.<\/p>\n\n\n\n<p>\u201cEsto impactar\u00e1 directamente en los productores, pero tambi\u00e9n en toda la cadena de pago que sostiene la vida econ\u00f3mica de nuestros pueblos: contratistas, transportistas, proveedores, talleres, comercios y pymes locales. Y por supuesto, afectar\u00e1 tambi\u00e9n a los tres niveles del Estado, que ver\u00e1n caer su recaudaci\u00f3n. La conclusi\u00f3n es simple: todos perdemos, mientras las obras siguen sin aparecer\u201d, advirti\u00f3.<\/p>\n\n\n\n<div style=\"height:100px\" aria-hidden=\"true\" class=\"wp-block-spacer\"><\/div>\n\n\n\n<p><strong>Obras del R\u00edo Salado<\/strong><\/p>\n\n\n\n<p>Frente a esto, <strong>responsabilizaron a los tres niveles de Gobierno (nacional, provincial y municipal) y pidieron que para el 2030 se finalicen las obras del Plan Maestro del R\u00edo Salado<\/strong>. \u201cNo es una meta aspiracional. Es un l\u00edmite. Es una obligaci\u00f3n\u201d, sostuvo la entidad.<\/p>\n\n\n\n<p>Y a\u00f1adi\u00f3: \u201cNo se trata de un slogan ni de una expresi\u00f3n de deseo. <strong>Es una obligaci\u00f3n moral, productiva y social. Estamos hablando de millones de hect\u00e1reas productivas<\/strong>, miles de familias rurales y millones de bonaerenses afectados directa e indirectamente\u201d.<\/p>\n\n\n\n<p>\u201c<strong>No pedimos lo imposible. No hablamos de tecnolog\u00edas revolucionarias<\/strong> ni de colocar una misi\u00f3n tripulada en Marte. <strong>Se trata de canales, puentes y obras hidr\u00e1ulicas b\u00e1sicas<\/strong>, para las cuales Argentina -dijo Carbap- cuenta con t\u00e9cnicos, ingenieros y maquinaria disponible. La capacidad existe; lo que falta es decisi\u00f3n pol\u00edtica\u201d.<\/p>\n\n\n\n<figure class=\"wp-block-embed is-type-wp-embed is-provider-diario-textual wp-block-embed-diario-textual\"><div class=\"wp-block-embed__wrapper\">\n<blockquote class=\"wp-embedded-content\" data-secret=\"UJZmsw5Utg\"><a href=\"https:\/\/diariotextual.com\/inicio\/index.php\/2025\/11\/08\/bullrich-visitara-9-de-julio-para-coordinar-asistencia-tras-las-inundaciones\/\">Inundaciones: en medio de las criticas por haber frenado el dragado, Bullrich fue a 9 de Julio y prometi\u00f3 ayuda<\/a><\/blockquote><iframe class=\"wp-embedded-content\" sandbox=\"allow-scripts\" security=\"restricted\" style=\"position: absolute; visibility: hidden;\" title=\"\u00abInundaciones: en medio de las criticas por haber frenado el dragado, Bullrich fue a 9 de Julio y prometi\u00f3 ayuda\u00bb \u2014 Diario Textual\" src=\"https:\/\/diariotextual.com\/inicio\/index.php\/2025\/11\/08\/bullrich-visitara-9-de-julio-para-coordinar-asistencia-tras-las-inundaciones\/embed\/#?secret=wNj7NlWp5c#?secret=UJZmsw5Utg\" data-secret=\"UJZmsw5Utg\" width=\"600\" height=\"338\" frameborder=\"0\" marginwidth=\"0\" marginheight=\"0\" scrolling=\"no\"><\/iframe>\n<\/div><\/figure>\n","protected":false},"excerpt":{"rendered":"<p>La Confederaci\u00f3n de Asociaciones Rurales de Buenos Aires y La Pampa (CARBAP) inform\u00f3 que casi 6 millones de hect\u00e1reas son las afectadas en la provincia de Buenos Aires (PBA) debido&hellip;<\/p>\n","protected":false},"author":5,"featured_media":313234,"comment_status":"closed","ping_status":"open","sticky":false,"template":"","format":"standard","meta":{"_acf_changed":false,"footnotes":""},"categories":[1,20],"tags":[],"class_list":["post-313229","post","type-post","status-publish","format-standard","has-post-thumbnail","hentry","category-es-noticia","category-campo"],"acf":[],"yoast_head":"<!-- This site is optimized with the Yoast SEO plugin v27.5 - https:\/\/yoast.com\/product\/yoast-seo-wordpress\/ -->\n<title>Inundaciones en Buenos Aires: Carbap dice que son casi 6 millones de hect\u00e1reas afectadas - Diario Textual<\/title>\n<meta name=\"robots\" content=\"index, follow, max-snippet:-1, max-image-preview:large, max-video-preview:-1\" \/>\n<link rel=\"canonical\" href=\"https:\/\/diariotextual.com\/inicio\/index.php\/2025\/11\/17\/inundaciones-en-buenos-aires-carbap-dice-que-son-casi-6-millones-de-hectareas-afectadas\/\" \/>\n<meta property=\"og:locale\" content=\"es_ES\" \/>\n<meta property=\"og:type\" content=\"article\" \/>\n<meta property=\"og:title\" content=\"Inundaciones en Buenos Aires: Carbap dice que son casi 6 millones de hect\u00e1reas afectadas - Diario Textual\" \/>\n<meta property=\"og:description\" content=\"La Confederaci\u00f3n de Asociaciones Rurales de Buenos Aires y La Pampa (CARBAP) inform\u00f3 que casi 6 millones de hect\u00e1reas son las afectadas en la provincia de Buenos Aires (PBA) debido&hellip;\" \/>\n<meta property=\"og:url\" content=\"https:\/\/diariotextual.com\/inicio\/index.php\/2025\/11\/17\/inundaciones-en-buenos-aires-carbap-dice-que-son-casi-6-millones-de-hectareas-afectadas\/\" \/>\n<meta property=\"og:site_name\" content=\"Diario Textual\" \/>\n<meta property=\"article:publisher\" content=\"https:\/\/www.facebook.com\/eltextual\" \/>\n<meta property=\"article:published_time\" content=\"2025-11-18T00:20:39+00:00\" \/>\n<meta property=\"article:modified_time\" content=\"2025-11-18T00:20:47+00:00\" \/>\n<meta property=\"og:image\" content=\"https:\/\/diariotextual.com\/inicio\/wp-content\/uploads\/2025\/11\/inundacionesbuenosairesbolivar2025.jpg\" \/>\n\t<meta property=\"og:image:width\" content=\"864\" \/>\n\t<meta property=\"og:image:height\" content=\"452\" \/>\n\t<meta property=\"og:image:type\" content=\"image\/jpeg\" \/>\n<meta name=\"author\" content=\"diario3\" \/>\n<meta name=\"twitter:card\" content=\"summary_large_image\" \/>\n<meta name=\"twitter:creator\" content=\"@eltextual\" \/>\n<meta name=\"twitter:site\" content=\"@eltextual\" \/>\n<meta name=\"twitter:label1\" content=\"Escrito por\" \/>\n\t<meta name=\"twitter:data1\" content=\"diario3\" \/>\n\t<meta name=\"twitter:label2\" content=\"Tiempo de lectura\" \/>\n\t<meta name=\"twitter:data2\" content=\"3 minutos\" \/>\n<script type=\"application\/ld+json\" class=\"yoast-schema-graph\">{\"@context\":\"https:\\\/\\\/schema.org\",\"@graph\":[{\"@type\":\"Article\",\"@id\":\"https:\\\/\\\/diariotextual.com\\\/inicio\\\/index.php\\\/2025\\\/11\\\/17\\\/inundaciones-en-buenos-aires-carbap-dice-que-son-casi-6-millones-de-hectareas-afectadas\\\/#article\",\"isPartOf\":{\"@id\":\"https:\\\/\\\/diariotextual.com\\\/inicio\\\/index.php\\\/2025\\\/11\\\/17\\\/inundaciones-en-buenos-aires-carbap-dice-que-son-casi-6-millones-de-hectareas-afectadas\\\/\"},\"author\":{\"name\":\"diario3\",\"@id\":\"https:\\\/\\\/diariotextual.com\\\/inicio\\\/#\\\/schema\\\/person\\\/a1b6f563e0ee944c60f98119389a4d9f\"},\"headline\":\"Inundaciones en Buenos Aires: Carbap dice que son casi 6 millones de hect\u00e1reas afectadas\",\"datePublished\":\"2025-11-18T00:20:39+00:00\",\"dateModified\":\"2025-11-18T00:20:47+00:00\",\"mainEntityOfPage\":{\"@id\":\"https:\\\/\\\/diariotextual.com\\\/inicio\\\/index.php\\\/2025\\\/11\\\/17\\\/inundaciones-en-buenos-aires-carbap-dice-que-son-casi-6-millones-de-hectareas-afectadas\\\/\"},\"wordCount\":575,\"publisher\":{\"@id\":\"https:\\\/\\\/diariotextual.com\\\/inicio\\\/#organization\"},\"image\":{\"@id\":\"https:\\\/\\\/diariotextual.com\\\/inicio\\\/index.php\\\/2025\\\/11\\\/17\\\/inundaciones-en-buenos-aires-carbap-dice-que-son-casi-6-millones-de-hectareas-afectadas\\\/#primaryimage\"},\"thumbnailUrl\":\"https:\\\/\\\/diariotextual.com\\\/inicio\\\/wp-content\\\/uploads\\\/2025\\\/11\\\/inundacionesbuenosairesbolivar2025.jpg\",\"articleSection\":[\"A - ES NOTICIA (van abajo)\",\"CAMPO\"],\"inLanguage\":\"es\"},{\"@type\":\"WebPage\",\"@id\":\"https:\\\/\\\/diariotextual.com\\\/inicio\\\/index.php\\\/2025\\\/11\\\/17\\\/inundaciones-en-buenos-aires-carbap-dice-que-son-casi-6-millones-de-hectareas-afectadas\\\/\",\"url\":\"https:\\\/\\\/diariotextual.com\\\/inicio\\\/index.php\\\/2025\\\/11\\\/17\\\/inundaciones-en-buenos-aires-carbap-dice-que-son-casi-6-millones-de-hectareas-afectadas\\\/\",\"name\":\"Inundaciones en Buenos Aires: Carbap dice que son casi 6 millones de hect\u00e1reas afectadas - Diario Textual\",\"isPartOf\":{\"@id\":\"https:\\\/\\\/diariotextual.com\\\/inicio\\\/#website\"},\"primaryImageOfPage\":{\"@id\":\"https:\\\/\\\/diariotextual.com\\\/inicio\\\/index.php\\\/2025\\\/11\\\/17\\\/inundaciones-en-buenos-aires-carbap-dice-que-son-casi-6-millones-de-hectareas-afectadas\\\/#primaryimage\"},\"image\":{\"@id\":\"https:\\\/\\\/diariotextual.com\\\/inicio\\\/index.php\\\/2025\\\/11\\\/17\\\/inundaciones-en-buenos-aires-carbap-dice-que-son-casi-6-millones-de-hectareas-afectadas\\\/#primaryimage\"},\"thumbnailUrl\":\"https:\\\/\\\/diariotextual.com\\\/inicio\\\/wp-content\\\/uploads\\\/2025\\\/11\\\/inundacionesbuenosairesbolivar2025.jpg\",\"datePublished\":\"2025-11-18T00:20:39+00:00\",\"dateModified\":\"2025-11-18T00:20:47+00:00\",\"breadcrumb\":{\"@id\":\"https:\\\/\\\/diariotextual.com\\\/inicio\\\/index.php\\\/2025\\\/11\\\/17\\\/inundaciones-en-buenos-aires-carbap-dice-que-son-casi-6-millones-de-hectareas-afectadas\\\/#breadcrumb\"},\"inLanguage\":\"es\",\"potentialAction\":[{\"@type\":\"ReadAction\",\"target\":[\"https:\\\/\\\/diariotextual.com\\\/inicio\\\/index.php\\\/2025\\\/11\\\/17\\\/inundaciones-en-buenos-aires-carbap-dice-que-son-casi-6-millones-de-hectareas-afectadas\\\/\"]}]},{\"@type\":\"ImageObject\",\"inLanguage\":\"es\",\"@id\":\"https:\\\/\\\/diariotextual.com\\\/inicio\\\/index.php\\\/2025\\\/11\\\/17\\\/inundaciones-en-buenos-aires-carbap-dice-que-son-casi-6-millones-de-hectareas-afectadas\\\/#primaryimage\",\"url\":\"https:\\\/\\\/diariotextual.com\\\/inicio\\\/wp-content\\\/uploads\\\/2025\\\/11\\\/inundacionesbuenosairesbolivar2025.jpg\",\"contentUrl\":\"https:\\\/\\\/diariotextual.com\\\/inicio\\\/wp-content\\\/uploads\\\/2025\\\/11\\\/inundacionesbuenosairesbolivar2025.jpg\",\"width\":864,\"height\":452,\"caption\":\"CREATOR: gd-jpeg v1.0 (using IJG JPEG v62), quality = 95\"},{\"@type\":\"BreadcrumbList\",\"@id\":\"https:\\\/\\\/diariotextual.com\\\/inicio\\\/index.php\\\/2025\\\/11\\\/17\\\/inundaciones-en-buenos-aires-carbap-dice-que-son-casi-6-millones-de-hectareas-afectadas\\\/#breadcrumb\",\"itemListElement\":[{\"@type\":\"ListItem\",\"position\":1,\"name\":\"Portada\",\"item\":\"https:\\\/\\\/diariotextual.com\\\/inicio\\\/\"},{\"@type\":\"ListItem\",\"position\":2,\"name\":\"Inundaciones en Buenos Aires: Carbap dice que son casi 6 millones de hect\u00e1reas afectadas\"}]},{\"@type\":\"WebSite\",\"@id\":\"https:\\\/\\\/diariotextual.com\\\/inicio\\\/#website\",\"url\":\"https:\\\/\\\/diariotextual.com\\\/inicio\\\/\",\"name\":\"Diario Textual\",\"description\":\"\",\"publisher\":{\"@id\":\"https:\\\/\\\/diariotextual.com\\\/inicio\\\/#organization\"},\"potentialAction\":[{\"@type\":\"SearchAction\",\"target\":{\"@type\":\"EntryPoint\",\"urlTemplate\":\"https:\\\/\\\/diariotextual.com\\\/inicio\\\/?s={search_term_string}\"},\"query-input\":{\"@type\":\"PropertyValueSpecification\",\"valueRequired\":true,\"valueName\":\"search_term_string\"}}],\"inLanguage\":\"es\"},{\"@type\":\"Organization\",\"@id\":\"https:\\\/\\\/diariotextual.com\\\/inicio\\\/#organization\",\"name\":\"Diario Textual\",\"url\":\"https:\\\/\\\/diariotextual.com\\\/inicio\\\/\",\"logo\":{\"@type\":\"ImageObject\",\"inLanguage\":\"es\",\"@id\":\"https:\\\/\\\/diariotextual.com\\\/inicio\\\/#\\\/schema\\\/logo\\\/image\\\/\",\"url\":\"https:\\\/\\\/diariotextual.com\\\/inicio\\\/wp-content\\\/uploads\\\/2023\\\/05\\\/logotextual1.jpg\",\"contentUrl\":\"https:\\\/\\\/diariotextual.com\\\/inicio\\\/wp-content\\\/uploads\\\/2023\\\/05\\\/logotextual1.jpg\",\"width\":516,\"height\":76,\"caption\":\"Diario Textual\"},\"image\":{\"@id\":\"https:\\\/\\\/diariotextual.com\\\/inicio\\\/#\\\/schema\\\/logo\\\/image\\\/\"},\"sameAs\":[\"https:\\\/\\\/www.facebook.com\\\/eltextual\",\"https:\\\/\\\/x.com\\\/eltextual\",\"http:\\\/\\\/www.instagram.com\\\/eltextual\"]},{\"@type\":\"Person\",\"@id\":\"https:\\\/\\\/diariotextual.com\\\/inicio\\\/#\\\/schema\\\/person\\\/a1b6f563e0ee944c60f98119389a4d9f\",\"name\":\"diario3\",\"image\":{\"@type\":\"ImageObject\",\"inLanguage\":\"es\",\"@id\":\"https:\\\/\\\/secure.gravatar.com\\\/avatar\\\/5e7ee62c82fc04d9dd79d746a390d93c69c43223e5faeeb3ea9461ef752bfc5d?s=96&d=mm&r=g\",\"url\":\"https:\\\/\\\/secure.gravatar.com\\\/avatar\\\/5e7ee62c82fc04d9dd79d746a390d93c69c43223e5faeeb3ea9461ef752bfc5d?s=96&d=mm&r=g\",\"contentUrl\":\"https:\\\/\\\/secure.gravatar.com\\\/avatar\\\/5e7ee62c82fc04d9dd79d746a390d93c69c43223e5faeeb3ea9461ef752bfc5d?s=96&d=mm&r=g\",\"caption\":\"diario3\"},\"url\":\"https:\\\/\\\/diariotextual.com\\\/inicio\\\/index.php\\\/author\\\/diario3\\\/\"}]}<\/script>\n<!-- \/ Yoast SEO plugin. -->","yoast_head_json":{"title":"Inundaciones en Buenos Aires: Carbap dice que son casi 6 millones de hect\u00e1reas afectadas - Diario Textual","robots":{"index":"index","follow":"follow","max-snippet":"max-snippet:-1","max-image-preview":"max-image-preview:large","max-video-preview":"max-video-preview:-1"},"canonical":"https:\/\/diariotextual.com\/inicio\/index.php\/2025\/11\/17\/inundaciones-en-buenos-aires-carbap-dice-que-son-casi-6-millones-de-hectareas-afectadas\/","og_locale":"es_ES","og_type":"article","og_title":"Inundaciones en Buenos Aires: Carbap dice que son casi 6 millones de hect\u00e1reas afectadas - Diario Textual","og_description":"La Confederaci\u00f3n de Asociaciones Rurales de Buenos Aires y La Pampa (CARBAP) inform\u00f3 que casi 6 millones de hect\u00e1reas son las afectadas en la provincia de Buenos Aires (PBA) debido&hellip;","og_url":"https:\/\/diariotextual.com\/inicio\/index.php\/2025\/11\/17\/inundaciones-en-buenos-aires-carbap-dice-que-son-casi-6-millones-de-hectareas-afectadas\/","og_site_name":"Diario Textual","article_publisher":"https:\/\/www.facebook.com\/eltextual","article_published_time":"2025-11-18T00:20:39+00:00","article_modified_time":"2025-11-18T00:20:47+00:00","og_image":[{"width":864,"height":452,"url":"https:\/\/diariotextual.com\/inicio\/wp-content\/uploads\/2025\/11\/inundacionesbuenosairesbolivar2025.jpg","type":"image\/jpeg"}],"author":"diario3","twitter_card":"summary_large_image","twitter_creator":"@eltextual","twitter_site":"@eltextual","twitter_misc":{"Escrito por":"diario3","Tiempo de lectura":"3 minutos"},"schema":{"@context":"https:\/\/schema.org","@graph":[{"@type":"Article","@id":"https:\/\/diariotextual.com\/inicio\/index.php\/2025\/11\/17\/inundaciones-en-buenos-aires-carbap-dice-que-son-casi-6-millones-de-hectareas-afectadas\/#article","isPartOf":{"@id":"https:\/\/diariotextual.com\/inicio\/index.php\/2025\/11\/17\/inundaciones-en-buenos-aires-carbap-dice-que-son-casi-6-millones-de-hectareas-afectadas\/"},"author":{"name":"diario3","@id":"https:\/\/diariotextual.com\/inicio\/#\/schema\/person\/a1b6f563e0ee944c60f98119389a4d9f"},"headline":"Inundaciones en Buenos Aires: Carbap dice que son casi 6 millones de hect\u00e1reas afectadas","datePublished":"2025-11-18T00:20:39+00:00","dateModified":"2025-11-18T00:20:47+00:00","mainEntityOfPage":{"@id":"https:\/\/diariotextual.com\/inicio\/index.php\/2025\/11\/17\/inundaciones-en-buenos-aires-carbap-dice-que-son-casi-6-millones-de-hectareas-afectadas\/"},"wordCount":575,"publisher":{"@id":"https:\/\/diariotextual.com\/inicio\/#organization"},"image":{"@id":"https:\/\/diariotextual.com\/inicio\/index.php\/2025\/11\/17\/inundaciones-en-buenos-aires-carbap-dice-que-son-casi-6-millones-de-hectareas-afectadas\/#primaryimage"},"thumbnailUrl":"https:\/\/diariotextual.com\/inicio\/wp-content\/uploads\/2025\/11\/inundacionesbuenosairesbolivar2025.jpg","articleSection":["A - ES NOTICIA (van abajo)","CAMPO"],"inLanguage":"es"},{"@type":"WebPage","@id":"https:\/\/diariotextual.com\/inicio\/index.php\/2025\/11\/17\/inundaciones-en-buenos-aires-carbap-dice-que-son-casi-6-millones-de-hectareas-afectadas\/","url":"https:\/\/diariotextual.com\/inicio\/index.php\/2025\/11\/17\/inundaciones-en-buenos-aires-carbap-dice-que-son-casi-6-millones-de-hectareas-afectadas\/","name":"Inundaciones en Buenos Aires: Carbap dice que son casi 6 millones de hect\u00e1reas afectadas - Diario Textual","isPartOf":{"@id":"https:\/\/diariotextual.com\/inicio\/#website"},"primaryImageOfPage":{"@id":"https:\/\/diariotextual.com\/inicio\/index.php\/2025\/11\/17\/inundaciones-en-buenos-aires-carbap-dice-que-son-casi-6-millones-de-hectareas-afectadas\/#primaryimage"},"image":{"@id":"https:\/\/diariotextual.com\/inicio\/index.php\/2025\/11\/17\/inundaciones-en-buenos-aires-carbap-dice-que-son-casi-6-millones-de-hectareas-afectadas\/#primaryimage"},"thumbnailUrl":"https:\/\/diariotextual.com\/inicio\/wp-content\/uploads\/2025\/11\/inundacionesbuenosairesbolivar2025.jpg","datePublished":"2025-11-18T00:20:39+00:00","dateModified":"2025-11-18T00:20:47+00:00","breadcrumb":{"@id":"https:\/\/diariotextual.com\/inicio\/index.php\/2025\/11\/17\/inundaciones-en-buenos-aires-carbap-dice-que-son-casi-6-millones-de-hectareas-afectadas\/#breadcrumb"},"inLanguage":"es","potentialAction":[{"@type":"ReadAction","target":["https:\/\/diariotextual.com\/inicio\/index.php\/2025\/11\/17\/inundaciones-en-buenos-aires-carbap-dice-que-son-casi-6-millones-de-hectareas-afectadas\/"]}]},{"@type":"ImageObject","inLanguage":"es","@id":"https:\/\/diariotextual.com\/inicio\/index.php\/2025\/11\/17\/inundaciones-en-buenos-aires-carbap-dice-que-son-casi-6-millones-de-hectareas-afectadas\/#primaryimage","url":"https:\/\/diariotextual.com\/inicio\/wp-content\/uploads\/2025\/11\/inundacionesbuenosairesbolivar2025.jpg","contentUrl":"https:\/\/diariotextual.com\/inicio\/wp-content\/uploads\/2025\/11\/inundacionesbuenosairesbolivar2025.jpg","width":864,"height":452,"caption":"CREATOR: gd-jpeg v1.0 (using IJG JPEG v62), quality = 95"},{"@type":"BreadcrumbList","@id":"https:\/\/diariotextual.com\/inicio\/index.php\/2025\/11\/17\/inundaciones-en-buenos-aires-carbap-dice-que-son-casi-6-millones-de-hectareas-afectadas\/#breadcrumb","itemListElement":[{"@type":"ListItem","position":1,"name":"Portada","item":"https:\/\/diariotextual.com\/inicio\/"},{"@type":"ListItem","position":2,"name":"Inundaciones en Buenos Aires: Carbap dice que son casi 6 millones de hect\u00e1reas afectadas"}]},{"@type":"WebSite","@id":"https:\/\/diariotextual.com\/inicio\/#website","url":"https:\/\/diariotextual.com\/inicio\/","name":"Diario Textual","description":"","publisher":{"@id":"https:\/\/diariotextual.com\/inicio\/#organization"},"potentialAction":[{"@type":"SearchAction","target":{"@type":"EntryPoint","urlTemplate":"https:\/\/diariotextual.com\/inicio\/?s={search_term_string}"},"query-input":{"@type":"PropertyValueSpecification","valueRequired":true,"valueName":"search_term_string"}}],"inLanguage":"es"},{"@type":"Organization","@id":"https:\/\/diariotextual.com\/inicio\/#organization","name":"Diario Textual","url":"https:\/\/diariotextual.com\/inicio\/","logo":{"@type":"ImageObject","inLanguage":"es","@id":"https:\/\/diariotextual.com\/inicio\/#\/schema\/logo\/image\/","url":"https:\/\/diariotextual.com\/inicio\/wp-content\/uploads\/2023\/05\/logotextual1.jpg","contentUrl":"https:\/\/diariotextual.com\/inicio\/wp-content\/uploads\/2023\/05\/logotextual1.jpg","width":516,"height":76,"caption":"Diario Textual"},"image":{"@id":"https:\/\/diariotextual.com\/inicio\/#\/schema\/logo\/image\/"},"sameAs":["https:\/\/www.facebook.com\/eltextual","https:\/\/x.com\/eltextual","http:\/\/www.instagram.com\/eltextual"]},{"@type":"Person","@id":"https:\/\/diariotextual.com\/inicio\/#\/schema\/person\/a1b6f563e0ee944c60f98119389a4d9f","name":"diario3","image":{"@type":"ImageObject","inLanguage":"es","@id":"https:\/\/secure.gravatar.com\/avatar\/5e7ee62c82fc04d9dd79d746a390d93c69c43223e5faeeb3ea9461ef752bfc5d?s=96&d=mm&r=g","url":"https:\/\/secure.gravatar.com\/avatar\/5e7ee62c82fc04d9dd79d746a390d93c69c43223e5faeeb3ea9461ef752bfc5d?s=96&d=mm&r=g","contentUrl":"https:\/\/secure.gravatar.com\/avatar\/5e7ee62c82fc04d9dd79d746a390d93c69c43223e5faeeb3ea9461ef752bfc5d?s=96&d=mm&r=g","caption":"diario3"},"url":"https:\/\/diariotextual.com\/inicio\/index.php\/author\/diario3\/"}]}},"_links":{"self":[{"href":"https:\/\/diariotextual.com\/inicio\/index.php\/wp-json\/wp\/v2\/posts\/313229","targetHints":{"allow":["GET"]}}],"collection":[{"href":"https:\/\/diariotextual.com\/inicio\/index.php\/wp-json\/wp\/v2\/posts"}],"about":[{"href":"https:\/\/diariotextual.com\/inicio\/index.php\/wp-json\/wp\/v2\/types\/post"}],"author":[{"embeddable":true,"href":"https:\/\/diariotextual.com\/inicio\/index.php\/wp-json\/wp\/v2\/users\/5"}],"replies":[{"embeddable":true,"href":"https:\/\/diariotextual.com\/inicio\/index.php\/wp-json\/wp\/v2\/comments?post=313229"}],"version-history":[{"count":1,"href":"https:\/\/diariotextual.com\/inicio\/index.php\/wp-json\/wp\/v2\/posts\/313229\/revisions"}],"predecessor-version":[{"id":313236,"href":"https:\/\/diariotextual.com\/inicio\/index.php\/wp-json\/wp\/v2\/posts\/313229\/revisions\/313236"}],"wp:featuredmedia":[{"embeddable":true,"href":"https:\/\/diariotextual.com\/inicio\/index.php\/wp-json\/wp\/v2\/media\/313234"}],"wp:attachment":[{"href":"https:\/\/diariotextual.com\/inicio\/index.php\/wp-json\/wp\/v2\/media?parent=313229"}],"wp:term":[{"taxonomy":"category","embeddable":true,"href":"https:\/\/diariotextual.com\/inicio\/index.php\/wp-json\/wp\/v2\/categories?post=313229"},{"taxonomy":"post_tag","embeddable":true,"href":"https:\/\/diariotextual.com\/inicio\/index.php\/wp-json\/wp\/v2\/tags?post=313229"}],"curies":[{"name":"wp","href":"https:\/\/api.w.org\/{rel}","templated":true}]}}