{"id":313330,"date":"2025-11-18T19:39:13","date_gmt":"2025-11-18T22:39:13","guid":{"rendered":"https:\/\/diariotextual.com\/inicio\/?p=313330"},"modified":"2025-11-18T19:39:14","modified_gmt":"2025-11-18T22:39:14","slug":"gonzalez-confirmo-el-plan-de-desarrollo-productivo-para-el-ano-que-viene","status":"publish","type":"post","link":"https:\/\/diariotextual.com\/inicio\/index.php\/2025\/11\/18\/gonzalez-confirmo-el-plan-de-desarrollo-productivo-para-el-ano-que-viene\/","title":{"rendered":"Gonz\u00e1lez confirm\u00f3 el plan de Desarrollo Productivo para el a\u00f1o que viene"},"content":{"rendered":"\n<p>La <strong>ministra de la Producci\u00f3n, Fernanda Gonz\u00e1lez<\/strong>, expuso ante legisladoras y legisladores los fundamentos del presupuesto 2026 de su \u00e1rea, en una presentaci\u00f3n donde describi\u00f3 el contexto econ\u00f3mico provincial y detall\u00f3 las pol\u00edticas que el Gobierno de La Pampa sostiene para \u201cseguir acompa\u00f1ando a la producci\u00f3n, al empleo y al arraigo\u201d.<\/p>\n\n\n\n<p>Gonz\u00e1lez asegur\u00f3 que <strong>el 2025 arranc\u00f3 con una actividad econ\u00f3mica que no repunta, afectada por \u201cla paralizaci\u00f3n de obras p\u00fablicas, la baja hist\u00f3rica del consumo<\/strong>, el estancamiento de ciertos sectores industriales y la ca\u00edda del empleo privado\u201d.<\/p>\n\n\n\n<p>Y record\u00f3 que <strong>la provincia tuvo \u201cun pico de desempleo del 9% en el primer trimestre\u201d <\/strong>y afirm\u00f3 que este escenario se da \u201cacompa\u00f1ado por <strong>el retiro del Gobierno Nacional en todas las pol\u00edticas productivas<\/strong>\u201d.<\/p>\n\n\n\n<p>Frente a este panorama, destac\u00f3 que <strong>el Ejecutivo impuls\u00f3 el Plan de Desarrollo Productivo 2025-2030, definido como un instrumento que permite ordenar prioridades, anticipar escenarios <\/strong>y definir pol\u00edticas coherentes para sostener la producci\u00f3n, el empleo y el arraigo, a\u00fan en un contexto nacional adverso.<\/p>\n\n\n\n<p>Inform\u00f3 adem\u00e1s que <strong>el plan se encuentra en proceso de socializaci\u00f3n con los distintos sectores econ\u00f3micos y que su texto definitivo ser\u00e1 presentado el pr\u00f3ximo a\u00f1o.<\/strong><\/p>\n\n\n\n<p>Al referirse al proyecto presupuestario, Gonz\u00e1lez plante\u00f3 que el presupuesto que presenta no escapa a una paradoja: \u201cLa obligaci\u00f3n de ajustar cuidadosamente las cuentas p\u00fablicas para garantizar el equilibrio fiscal\u201d y, al mismo tiempo, la necesidad de <strong>\u201cinyectar recursos en la econom\u00eda real, sostener nuestras pymes, acompa\u00f1ar a los emprendedores<\/strong> y asegurar que ning\u00fan proyecto viable quede sin apoyo\u201d.<\/p>\n\n\n\n<p>\u201cEsa tensi\u00f3n entre la prudencia fiscal y la necesidad de motorizar la actividad -dijo- es uno de los mayores desaf\u00edos del presente, pero lejos de paralizarnos nos obliga a ser m\u00e1s eficientes, creativos y responsables\u201d.<\/p>\n\n\n\n<p>La ministra destac\u00f3 que el Gobierno provincial mantuvo activas herramientas que \u201choy no existen en ninguna jurisdicci\u00f3n del pa\u00eds\u201d, y precis\u00f3 que <strong>hasta septiembre de 2025 se movilizaron m\u00e1s de 65.500 millones de pesos en cr\u00e9ditos productivos, con \u201cun subsidio de tasa superior a los 7.600 millones de pesos\u201d, articulados con el Banco de La Pampa y el FoFaPam<\/strong>. \u201cCon estas l\u00edneas asistimos a todos los sectores: industrias, servicios, agro, comercios, emprendimientos y especialmente a la industria frigor\u00edfica\u201d, afirm\u00f3.<\/p>\n\n\n\n<p>Al referirse al sector agropecuario, hizo un \u201cp\u00e1rrafo aparte\u201d para destacar que en 2025 se registra \u201cun buen valor de la producci\u00f3n primaria, acompa\u00f1ado por un clima excepcional\u201d, lo que permite que industrias y servicios vinculados \u201ctambi\u00e9n se encuentren activos\u201d.<\/p>\n\n\n\n<p>En materia de innovaci\u00f3n y econom\u00eda del conocimiento, subray\u00f3 <strong>el rol de CITIA, que \u201cintegr\u00f3 incubaci\u00f3n de empresas, formaci\u00f3n de talento, vinculaci\u00f3n institucional, financiamiento y promoci\u00f3n cient\u00edfica<\/strong>\u201d y consolid\u00f3 su posici\u00f3n como agencia t\u00e9cnica de referencia.<\/p>\n\n\n\n<div style=\"height:100px\" aria-hidden=\"true\" class=\"wp-block-spacer\"><\/div>\n\n\n\n<p><strong>Plan<\/strong><\/p>\n\n\n\n<p>El <strong>director ejecutivo de ICOMEX, Sebasti\u00e1n Lastiri,<\/strong> destac\u00f3 <strong>como uno de los hitos del a\u00f1o el avance del Plan de Desarrollo Productivo 2025-2030<\/strong>, impulsado por el Ministerio de la Producci\u00f3n y acompa\u00f1ado por \u00e1reas como Energ\u00eda y Turismo.<\/p>\n\n\n\n<p>El funcionario explic\u00f3 que el plan ya fue debatido con sectores privados en las primeras reuniones sectoriales, y que durante las pr\u00f3ximas semanas continuar\u00e1n los encuentros, incluida la jornada de hoy con el sector industrial. Adem\u00e1s, sostuvo que <strong>se espera contar con una primera versi\u00f3n del plan a principios de 2026, con un car\u00e1cter \u201cflexible y adaptable\u201d dada la inestabilidad macroecon\u00f3mica<\/strong> y del contexto internacional.<\/p>\n\n\n\n<p>En materia de promoci\u00f3n de inversiones, Lastiri sintetiz\u00f3 el trabajo del organismo en dos grandes l\u00edneas: acciones focalizadas, vinculadas al desarrollo de proyectos y modelos de negocio para atraer inversiones.<\/p>\n\n\n\n<p>Entre los casos destacados mencion\u00f3 <strong>el trabajo realizado junto a la Secretar\u00eda de Energ\u00eda y Pampetrol para avanzar en la puesta en marcha del parque solar fotovoltaico de General Pico<\/strong>, y confirm\u00f3 que la pr\u00f3xima semana se firmar\u00eda el contrato para poner en marcha su primera etapa. Record\u00f3 adem\u00e1s que el proyecto prev\u00e9 pasar de 15 a 50 megavatios, meta para la cual ICOMEX continuar\u00e1 colaborando con los organismos involucrados.<\/p>\n","protected":false},"excerpt":{"rendered":"<p>La ministra de la Producci\u00f3n, Fernanda Gonz\u00e1lez, expuso ante legisladoras y legisladores los fundamentos del presupuesto 2026 de su \u00e1rea, en una presentaci\u00f3n donde describi\u00f3 el contexto econ\u00f3mico provincial y&hellip;<\/p>\n","protected":false},"author":5,"featured_media":313332,"comment_status":"closed","ping_status":"open","sticky":false,"template":"","format":"standard","meta":{"_acf_changed":false,"footnotes":""},"categories":[1,5],"tags":[],"class_list":["post-313330","post","type-post","status-publish","format-standard","has-post-thumbnail","hentry","category-es-noticia","category-economia"],"acf":[],"yoast_head":"<!-- This site is optimized with the Yoast SEO plugin v27.5 - https:\/\/yoast.com\/product\/yoast-seo-wordpress\/ -->\n<title>Gonz\u00e1lez confirm\u00f3 el plan de Desarrollo Productivo para el a\u00f1o que viene - Diario Textual<\/title>\n<meta name=\"robots\" content=\"index, follow, max-snippet:-1, max-image-preview:large, max-video-preview:-1\" \/>\n<link rel=\"canonical\" href=\"https:\/\/diariotextual.com\/inicio\/index.php\/2025\/11\/18\/gonzalez-confirmo-el-plan-de-desarrollo-productivo-para-el-ano-que-viene\/\" \/>\n<meta property=\"og:locale\" content=\"es_ES\" \/>\n<meta property=\"og:type\" content=\"article\" \/>\n<meta property=\"og:title\" content=\"Gonz\u00e1lez confirm\u00f3 el plan de Desarrollo Productivo para el a\u00f1o que viene - Diario Textual\" \/>\n<meta property=\"og:description\" content=\"La ministra de la Producci\u00f3n, Fernanda Gonz\u00e1lez, expuso ante legisladoras y legisladores los fundamentos del presupuesto 2026 de su \u00e1rea, en una presentaci\u00f3n donde describi\u00f3 el contexto econ\u00f3mico provincial y&hellip;\" \/>\n<meta property=\"og:url\" content=\"https:\/\/diariotextual.com\/inicio\/index.php\/2025\/11\/18\/gonzalez-confirmo-el-plan-de-desarrollo-productivo-para-el-ano-que-viene\/\" \/>\n<meta property=\"og:site_name\" content=\"Diario Textual\" \/>\n<meta property=\"article:publisher\" content=\"https:\/\/www.facebook.com\/eltextual\" \/>\n<meta property=\"article:published_time\" content=\"2025-11-18T22:39:13+00:00\" \/>\n<meta property=\"article:modified_time\" content=\"2025-11-18T22:39:14+00:00\" \/>\n<meta property=\"og:image\" content=\"https:\/\/diariotextual.com\/inicio\/wp-content\/uploads\/2025\/11\/gonzalezfernandapresupuesto2025.jpg\" \/>\n\t<meta property=\"og:image:width\" content=\"900\" \/>\n\t<meta property=\"og:image:height\" content=\"594\" \/>\n\t<meta property=\"og:image:type\" content=\"image\/jpeg\" \/>\n<meta name=\"author\" content=\"diario3\" \/>\n<meta name=\"twitter:card\" content=\"summary_large_image\" \/>\n<meta name=\"twitter:creator\" content=\"@eltextual\" \/>\n<meta name=\"twitter:site\" content=\"@eltextual\" \/>\n<meta name=\"twitter:label1\" content=\"Escrito por\" \/>\n\t<meta name=\"twitter:data1\" content=\"diario3\" \/>\n\t<meta name=\"twitter:label2\" content=\"Tiempo de lectura\" \/>\n\t<meta name=\"twitter:data2\" content=\"4 minutos\" \/>\n<script type=\"application\/ld+json\" class=\"yoast-schema-graph\">{\"@context\":\"https:\\\/\\\/schema.org\",\"@graph\":[{\"@type\":\"Article\",\"@id\":\"https:\\\/\\\/diariotextual.com\\\/inicio\\\/index.php\\\/2025\\\/11\\\/18\\\/gonzalez-confirmo-el-plan-de-desarrollo-productivo-para-el-ano-que-viene\\\/#article\",\"isPartOf\":{\"@id\":\"https:\\\/\\\/diariotextual.com\\\/inicio\\\/index.php\\\/2025\\\/11\\\/18\\\/gonzalez-confirmo-el-plan-de-desarrollo-productivo-para-el-ano-que-viene\\\/\"},\"author\":{\"name\":\"diario3\",\"@id\":\"https:\\\/\\\/diariotextual.com\\\/inicio\\\/#\\\/schema\\\/person\\\/a1b6f563e0ee944c60f98119389a4d9f\"},\"headline\":\"Gonz\u00e1lez confirm\u00f3 el plan de Desarrollo Productivo para el a\u00f1o que viene\",\"datePublished\":\"2025-11-18T22:39:13+00:00\",\"dateModified\":\"2025-11-18T22:39:14+00:00\",\"mainEntityOfPage\":{\"@id\":\"https:\\\/\\\/diariotextual.com\\\/inicio\\\/index.php\\\/2025\\\/11\\\/18\\\/gonzalez-confirmo-el-plan-de-desarrollo-productivo-para-el-ano-que-viene\\\/\"},\"wordCount\":719,\"publisher\":{\"@id\":\"https:\\\/\\\/diariotextual.com\\\/inicio\\\/#organization\"},\"image\":{\"@id\":\"https:\\\/\\\/diariotextual.com\\\/inicio\\\/index.php\\\/2025\\\/11\\\/18\\\/gonzalez-confirmo-el-plan-de-desarrollo-productivo-para-el-ano-que-viene\\\/#primaryimage\"},\"thumbnailUrl\":\"https:\\\/\\\/diariotextual.com\\\/inicio\\\/wp-content\\\/uploads\\\/2025\\\/11\\\/gonzalezfernandapresupuesto2025.jpg\",\"articleSection\":[\"A - ES NOTICIA (van abajo)\",\"ECONOMIA\"],\"inLanguage\":\"es\"},{\"@type\":\"WebPage\",\"@id\":\"https:\\\/\\\/diariotextual.com\\\/inicio\\\/index.php\\\/2025\\\/11\\\/18\\\/gonzalez-confirmo-el-plan-de-desarrollo-productivo-para-el-ano-que-viene\\\/\",\"url\":\"https:\\\/\\\/diariotextual.com\\\/inicio\\\/index.php\\\/2025\\\/11\\\/18\\\/gonzalez-confirmo-el-plan-de-desarrollo-productivo-para-el-ano-que-viene\\\/\",\"name\":\"Gonz\u00e1lez confirm\u00f3 el plan de Desarrollo Productivo para el a\u00f1o que viene - Diario Textual\",\"isPartOf\":{\"@id\":\"https:\\\/\\\/diariotextual.com\\\/inicio\\\/#website\"},\"primaryImageOfPage\":{\"@id\":\"https:\\\/\\\/diariotextual.com\\\/inicio\\\/index.php\\\/2025\\\/11\\\/18\\\/gonzalez-confirmo-el-plan-de-desarrollo-productivo-para-el-ano-que-viene\\\/#primaryimage\"},\"image\":{\"@id\":\"https:\\\/\\\/diariotextual.com\\\/inicio\\\/index.php\\\/2025\\\/11\\\/18\\\/gonzalez-confirmo-el-plan-de-desarrollo-productivo-para-el-ano-que-viene\\\/#primaryimage\"},\"thumbnailUrl\":\"https:\\\/\\\/diariotextual.com\\\/inicio\\\/wp-content\\\/uploads\\\/2025\\\/11\\\/gonzalezfernandapresupuesto2025.jpg\",\"datePublished\":\"2025-11-18T22:39:13+00:00\",\"dateModified\":\"2025-11-18T22:39:14+00:00\",\"breadcrumb\":{\"@id\":\"https:\\\/\\\/diariotextual.com\\\/inicio\\\/index.php\\\/2025\\\/11\\\/18\\\/gonzalez-confirmo-el-plan-de-desarrollo-productivo-para-el-ano-que-viene\\\/#breadcrumb\"},\"inLanguage\":\"es\",\"potentialAction\":[{\"@type\":\"ReadAction\",\"target\":[\"https:\\\/\\\/diariotextual.com\\\/inicio\\\/index.php\\\/2025\\\/11\\\/18\\\/gonzalez-confirmo-el-plan-de-desarrollo-productivo-para-el-ano-que-viene\\\/\"]}]},{\"@type\":\"ImageObject\",\"inLanguage\":\"es\",\"@id\":\"https:\\\/\\\/diariotextual.com\\\/inicio\\\/index.php\\\/2025\\\/11\\\/18\\\/gonzalez-confirmo-el-plan-de-desarrollo-productivo-para-el-ano-que-viene\\\/#primaryimage\",\"url\":\"https:\\\/\\\/diariotextual.com\\\/inicio\\\/wp-content\\\/uploads\\\/2025\\\/11\\\/gonzalezfernandapresupuesto2025.jpg\",\"contentUrl\":\"https:\\\/\\\/diariotextual.com\\\/inicio\\\/wp-content\\\/uploads\\\/2025\\\/11\\\/gonzalezfernandapresupuesto2025.jpg\",\"width\":900,\"height\":594},{\"@type\":\"BreadcrumbList\",\"@id\":\"https:\\\/\\\/diariotextual.com\\\/inicio\\\/index.php\\\/2025\\\/11\\\/18\\\/gonzalez-confirmo-el-plan-de-desarrollo-productivo-para-el-ano-que-viene\\\/#breadcrumb\",\"itemListElement\":[{\"@type\":\"ListItem\",\"position\":1,\"name\":\"Portada\",\"item\":\"https:\\\/\\\/diariotextual.com\\\/inicio\\\/\"},{\"@type\":\"ListItem\",\"position\":2,\"name\":\"Gonz\u00e1lez confirm\u00f3 el plan de Desarrollo Productivo para el a\u00f1o que viene\"}]},{\"@type\":\"WebSite\",\"@id\":\"https:\\\/\\\/diariotextual.com\\\/inicio\\\/#website\",\"url\":\"https:\\\/\\\/diariotextual.com\\\/inicio\\\/\",\"name\":\"Diario Textual\",\"description\":\"\",\"publisher\":{\"@id\":\"https:\\\/\\\/diariotextual.com\\\/inicio\\\/#organization\"},\"potentialAction\":[{\"@type\":\"SearchAction\",\"target\":{\"@type\":\"EntryPoint\",\"urlTemplate\":\"https:\\\/\\\/diariotextual.com\\\/inicio\\\/?s={search_term_string}\"},\"query-input\":{\"@type\":\"PropertyValueSpecification\",\"valueRequired\":true,\"valueName\":\"search_term_string\"}}],\"inLanguage\":\"es\"},{\"@type\":\"Organization\",\"@id\":\"https:\\\/\\\/diariotextual.com\\\/inicio\\\/#organization\",\"name\":\"Diario Textual\",\"url\":\"https:\\\/\\\/diariotextual.com\\\/inicio\\\/\",\"logo\":{\"@type\":\"ImageObject\",\"inLanguage\":\"es\",\"@id\":\"https:\\\/\\\/diariotextual.com\\\/inicio\\\/#\\\/schema\\\/logo\\\/image\\\/\",\"url\":\"https:\\\/\\\/diariotextual.com\\\/inicio\\\/wp-content\\\/uploads\\\/2023\\\/05\\\/logotextual1.jpg\",\"contentUrl\":\"https:\\\/\\\/diariotextual.com\\\/inicio\\\/wp-content\\\/uploads\\\/2023\\\/05\\\/logotextual1.jpg\",\"width\":516,\"height\":76,\"caption\":\"Diario Textual\"},\"image\":{\"@id\":\"https:\\\/\\\/diariotextual.com\\\/inicio\\\/#\\\/schema\\\/logo\\\/image\\\/\"},\"sameAs\":[\"https:\\\/\\\/www.facebook.com\\\/eltextual\",\"https:\\\/\\\/x.com\\\/eltextual\",\"http:\\\/\\\/www.instagram.com\\\/eltextual\"]},{\"@type\":\"Person\",\"@id\":\"https:\\\/\\\/diariotextual.com\\\/inicio\\\/#\\\/schema\\\/person\\\/a1b6f563e0ee944c60f98119389a4d9f\",\"name\":\"diario3\",\"image\":{\"@type\":\"ImageObject\",\"inLanguage\":\"es\",\"@id\":\"https:\\\/\\\/secure.gravatar.com\\\/avatar\\\/5e7ee62c82fc04d9dd79d746a390d93c69c43223e5faeeb3ea9461ef752bfc5d?s=96&d=mm&r=g\",\"url\":\"https:\\\/\\\/secure.gravatar.com\\\/avatar\\\/5e7ee62c82fc04d9dd79d746a390d93c69c43223e5faeeb3ea9461ef752bfc5d?s=96&d=mm&r=g\",\"contentUrl\":\"https:\\\/\\\/secure.gravatar.com\\\/avatar\\\/5e7ee62c82fc04d9dd79d746a390d93c69c43223e5faeeb3ea9461ef752bfc5d?s=96&d=mm&r=g\",\"caption\":\"diario3\"},\"url\":\"https:\\\/\\\/diariotextual.com\\\/inicio\\\/index.php\\\/author\\\/diario3\\\/\"}]}<\/script>\n<!-- \/ Yoast SEO plugin. -->","yoast_head_json":{"title":"Gonz\u00e1lez confirm\u00f3 el plan de Desarrollo Productivo para el a\u00f1o que viene - Diario Textual","robots":{"index":"index","follow":"follow","max-snippet":"max-snippet:-1","max-image-preview":"max-image-preview:large","max-video-preview":"max-video-preview:-1"},"canonical":"https:\/\/diariotextual.com\/inicio\/index.php\/2025\/11\/18\/gonzalez-confirmo-el-plan-de-desarrollo-productivo-para-el-ano-que-viene\/","og_locale":"es_ES","og_type":"article","og_title":"Gonz\u00e1lez confirm\u00f3 el plan de Desarrollo Productivo para el a\u00f1o que viene - Diario Textual","og_description":"La ministra de la Producci\u00f3n, Fernanda Gonz\u00e1lez, expuso ante legisladoras y legisladores los fundamentos del presupuesto 2026 de su \u00e1rea, en una presentaci\u00f3n donde describi\u00f3 el contexto econ\u00f3mico provincial y&hellip;","og_url":"https:\/\/diariotextual.com\/inicio\/index.php\/2025\/11\/18\/gonzalez-confirmo-el-plan-de-desarrollo-productivo-para-el-ano-que-viene\/","og_site_name":"Diario Textual","article_publisher":"https:\/\/www.facebook.com\/eltextual","article_published_time":"2025-11-18T22:39:13+00:00","article_modified_time":"2025-11-18T22:39:14+00:00","og_image":[{"width":900,"height":594,"url":"https:\/\/diariotextual.com\/inicio\/wp-content\/uploads\/2025\/11\/gonzalezfernandapresupuesto2025.jpg","type":"image\/jpeg"}],"author":"diario3","twitter_card":"summary_large_image","twitter_creator":"@eltextual","twitter_site":"@eltextual","twitter_misc":{"Escrito por":"diario3","Tiempo de lectura":"4 minutos"},"schema":{"@context":"https:\/\/schema.org","@graph":[{"@type":"Article","@id":"https:\/\/diariotextual.com\/inicio\/index.php\/2025\/11\/18\/gonzalez-confirmo-el-plan-de-desarrollo-productivo-para-el-ano-que-viene\/#article","isPartOf":{"@id":"https:\/\/diariotextual.com\/inicio\/index.php\/2025\/11\/18\/gonzalez-confirmo-el-plan-de-desarrollo-productivo-para-el-ano-que-viene\/"},"author":{"name":"diario3","@id":"https:\/\/diariotextual.com\/inicio\/#\/schema\/person\/a1b6f563e0ee944c60f98119389a4d9f"},"headline":"Gonz\u00e1lez confirm\u00f3 el plan de Desarrollo Productivo para el a\u00f1o que viene","datePublished":"2025-11-18T22:39:13+00:00","dateModified":"2025-11-18T22:39:14+00:00","mainEntityOfPage":{"@id":"https:\/\/diariotextual.com\/inicio\/index.php\/2025\/11\/18\/gonzalez-confirmo-el-plan-de-desarrollo-productivo-para-el-ano-que-viene\/"},"wordCount":719,"publisher":{"@id":"https:\/\/diariotextual.com\/inicio\/#organization"},"image":{"@id":"https:\/\/diariotextual.com\/inicio\/index.php\/2025\/11\/18\/gonzalez-confirmo-el-plan-de-desarrollo-productivo-para-el-ano-que-viene\/#primaryimage"},"thumbnailUrl":"https:\/\/diariotextual.com\/inicio\/wp-content\/uploads\/2025\/11\/gonzalezfernandapresupuesto2025.jpg","articleSection":["A - ES NOTICIA (van abajo)","ECONOMIA"],"inLanguage":"es"},{"@type":"WebPage","@id":"https:\/\/diariotextual.com\/inicio\/index.php\/2025\/11\/18\/gonzalez-confirmo-el-plan-de-desarrollo-productivo-para-el-ano-que-viene\/","url":"https:\/\/diariotextual.com\/inicio\/index.php\/2025\/11\/18\/gonzalez-confirmo-el-plan-de-desarrollo-productivo-para-el-ano-que-viene\/","name":"Gonz\u00e1lez confirm\u00f3 el plan de Desarrollo Productivo para el a\u00f1o que viene - Diario Textual","isPartOf":{"@id":"https:\/\/diariotextual.com\/inicio\/#website"},"primaryImageOfPage":{"@id":"https:\/\/diariotextual.com\/inicio\/index.php\/2025\/11\/18\/gonzalez-confirmo-el-plan-de-desarrollo-productivo-para-el-ano-que-viene\/#primaryimage"},"image":{"@id":"https:\/\/diariotextual.com\/inicio\/index.php\/2025\/11\/18\/gonzalez-confirmo-el-plan-de-desarrollo-productivo-para-el-ano-que-viene\/#primaryimage"},"thumbnailUrl":"https:\/\/diariotextual.com\/inicio\/wp-content\/uploads\/2025\/11\/gonzalezfernandapresupuesto2025.jpg","datePublished":"2025-11-18T22:39:13+00:00","dateModified":"2025-11-18T22:39:14+00:00","breadcrumb":{"@id":"https:\/\/diariotextual.com\/inicio\/index.php\/2025\/11\/18\/gonzalez-confirmo-el-plan-de-desarrollo-productivo-para-el-ano-que-viene\/#breadcrumb"},"inLanguage":"es","potentialAction":[{"@type":"ReadAction","target":["https:\/\/diariotextual.com\/inicio\/index.php\/2025\/11\/18\/gonzalez-confirmo-el-plan-de-desarrollo-productivo-para-el-ano-que-viene\/"]}]},{"@type":"ImageObject","inLanguage":"es","@id":"https:\/\/diariotextual.com\/inicio\/index.php\/2025\/11\/18\/gonzalez-confirmo-el-plan-de-desarrollo-productivo-para-el-ano-que-viene\/#primaryimage","url":"https:\/\/diariotextual.com\/inicio\/wp-content\/uploads\/2025\/11\/gonzalezfernandapresupuesto2025.jpg","contentUrl":"https:\/\/diariotextual.com\/inicio\/wp-content\/uploads\/2025\/11\/gonzalezfernandapresupuesto2025.jpg","width":900,"height":594},{"@type":"BreadcrumbList","@id":"https:\/\/diariotextual.com\/inicio\/index.php\/2025\/11\/18\/gonzalez-confirmo-el-plan-de-desarrollo-productivo-para-el-ano-que-viene\/#breadcrumb","itemListElement":[{"@type":"ListItem","position":1,"name":"Portada","item":"https:\/\/diariotextual.com\/inicio\/"},{"@type":"ListItem","position":2,"name":"Gonz\u00e1lez confirm\u00f3 el plan de Desarrollo Productivo para el a\u00f1o que viene"}]},{"@type":"WebSite","@id":"https:\/\/diariotextual.com\/inicio\/#website","url":"https:\/\/diariotextual.com\/inicio\/","name":"Diario Textual","description":"","publisher":{"@id":"https:\/\/diariotextual.com\/inicio\/#organization"},"potentialAction":[{"@type":"SearchAction","target":{"@type":"EntryPoint","urlTemplate":"https:\/\/diariotextual.com\/inicio\/?s={search_term_string}"},"query-input":{"@type":"PropertyValueSpecification","valueRequired":true,"valueName":"search_term_string"}}],"inLanguage":"es"},{"@type":"Organization","@id":"https:\/\/diariotextual.com\/inicio\/#organization","name":"Diario Textual","url":"https:\/\/diariotextual.com\/inicio\/","logo":{"@type":"ImageObject","inLanguage":"es","@id":"https:\/\/diariotextual.com\/inicio\/#\/schema\/logo\/image\/","url":"https:\/\/diariotextual.com\/inicio\/wp-content\/uploads\/2023\/05\/logotextual1.jpg","contentUrl":"https:\/\/diariotextual.com\/inicio\/wp-content\/uploads\/2023\/05\/logotextual1.jpg","width":516,"height":76,"caption":"Diario Textual"},"image":{"@id":"https:\/\/diariotextual.com\/inicio\/#\/schema\/logo\/image\/"},"sameAs":["https:\/\/www.facebook.com\/eltextual","https:\/\/x.com\/eltextual","http:\/\/www.instagram.com\/eltextual"]},{"@type":"Person","@id":"https:\/\/diariotextual.com\/inicio\/#\/schema\/person\/a1b6f563e0ee944c60f98119389a4d9f","name":"diario3","image":{"@type":"ImageObject","inLanguage":"es","@id":"https:\/\/secure.gravatar.com\/avatar\/5e7ee62c82fc04d9dd79d746a390d93c69c43223e5faeeb3ea9461ef752bfc5d?s=96&d=mm&r=g","url":"https:\/\/secure.gravatar.com\/avatar\/5e7ee62c82fc04d9dd79d746a390d93c69c43223e5faeeb3ea9461ef752bfc5d?s=96&d=mm&r=g","contentUrl":"https:\/\/secure.gravatar.com\/avatar\/5e7ee62c82fc04d9dd79d746a390d93c69c43223e5faeeb3ea9461ef752bfc5d?s=96&d=mm&r=g","caption":"diario3"},"url":"https:\/\/diariotextual.com\/inicio\/index.php\/author\/diario3\/"}]}},"_links":{"self":[{"href":"https:\/\/diariotextual.com\/inicio\/index.php\/wp-json\/wp\/v2\/posts\/313330","targetHints":{"allow":["GET"]}}],"collection":[{"href":"https:\/\/diariotextual.com\/inicio\/index.php\/wp-json\/wp\/v2\/posts"}],"about":[{"href":"https:\/\/diariotextual.com\/inicio\/index.php\/wp-json\/wp\/v2\/types\/post"}],"author":[{"embeddable":true,"href":"https:\/\/diariotextual.com\/inicio\/index.php\/wp-json\/wp\/v2\/users\/5"}],"replies":[{"embeddable":true,"href":"https:\/\/diariotextual.com\/inicio\/index.php\/wp-json\/wp\/v2\/comments?post=313330"}],"version-history":[{"count":1,"href":"https:\/\/diariotextual.com\/inicio\/index.php\/wp-json\/wp\/v2\/posts\/313330\/revisions"}],"predecessor-version":[{"id":313333,"href":"https:\/\/diariotextual.com\/inicio\/index.php\/wp-json\/wp\/v2\/posts\/313330\/revisions\/313333"}],"wp:featuredmedia":[{"embeddable":true,"href":"https:\/\/diariotextual.com\/inicio\/index.php\/wp-json\/wp\/v2\/media\/313332"}],"wp:attachment":[{"href":"https:\/\/diariotextual.com\/inicio\/index.php\/wp-json\/wp\/v2\/media?parent=313330"}],"wp:term":[{"taxonomy":"category","embeddable":true,"href":"https:\/\/diariotextual.com\/inicio\/index.php\/wp-json\/wp\/v2\/categories?post=313330"},{"taxonomy":"post_tag","embeddable":true,"href":"https:\/\/diariotextual.com\/inicio\/index.php\/wp-json\/wp\/v2\/tags?post=313330"}],"curies":[{"name":"wp","href":"https:\/\/api.w.org\/{rel}","templated":true}]}}