{"id":313554,"date":"2025-11-20T20:19:37","date_gmt":"2025-11-20T23:19:37","guid":{"rendered":"https:\/\/diariotextual.com\/inicio\/?p=313554"},"modified":"2025-11-20T20:19:40","modified_gmt":"2025-11-20T23:19:40","slug":"nuevo-encuentro-de-las-letras-pampeanas-con-homenaje-a-ana-maria-lassalle","status":"publish","type":"post","link":"https:\/\/diariotextual.com\/inicio\/index.php\/2025\/11\/20\/nuevo-encuentro-de-las-letras-pampeanas-con-homenaje-a-ana-maria-lassalle\/","title":{"rendered":"Nuevo encuentro de las letras pampeanas con homenaje a Ana Mar\u00eda Lassalle"},"content":{"rendered":"\n<p>La <strong>Asociaci\u00f3n Pampeana de Escritorxs (APE) anunci\u00f3 el cronograma del 39\u00b0 Encuentro de las Letras Pampeanas<\/strong> que se realizar\u00e1 el 28 y 29 de noviembre. El tema convocante es <strong>\u201cArtes y diversidades\u201d y se desarrollar\u00e1 en Santa Rosa y Anguil.<\/strong><\/p>\n\n\n\n<p>Este nuevo encuentro de la agremiaci\u00f3n cultural de escritorxs rendir\u00e1 <strong>homenaje a la poeta Ana Mar\u00eda Lassalle, socia fundadora de APE.<\/strong><\/p>\n\n\n\n<p>La jornada inicial de este 39\u00b0 Encuentro de APE ser\u00e1 el <strong>viernes 28 de noviembre desde las 19.30 hs en la Casa de les Escritorxs (V\u00edctor Lordi 73)<\/strong>. En la apertura, el colectivo de artistas Proyecto Obrante presentar\u00e1 la muestra \u201cLa huelga salinera y las mujeres. Diagrama po\u00e9tico de la experiencia\u201d que se realiz\u00f3 tomando como referencias los relatos orales y el libro \u201cVerano del \u201972. La gran huelga salinera. Memorias, g\u00e9nero y pol\u00edtica\u201d, publicado en 2011 por el Instituto Interdisciplinario de Estudios de la Mujer de la UNLPam, escrito por Mar\u00eda Herminia Di Liscia, Ana Mar\u00eda Lassalle y Paula Lassalle.<\/p>\n\n\n\n<p>Luego, el Dispositivo Grupal del Hospital de D\u00eda La Molas, intervendr\u00e1 con la propuesta \u201cCorrespondencia con Ana Mar\u00eda Lassalle\u201d.<\/p>\n\n\n\n<p>En este homenaje a la poeta se presentar\u00e1 una mesa de prologuistas de su obra y ser\u00e1 coordinada por Natividad Ponce, junto a Anamar\u00eda Mayol, Lisa Segovia, Pinky Pumilla, Hugo Francisco Rivella, Nilda \u201cPaty\u201d Redondo y Ernestina Elorriaga.<\/p>\n\n\n\n<p>La actividad tambi\u00e9n contar\u00e1 con la intervenci\u00f3n del grupo art\u00edstico La Juglar\u00eda y del Coro Provincial dirigido por el maestro Mario Figueroa.<\/p>\n\n\n\n<div style=\"height:100px\" aria-hidden=\"true\" class=\"wp-block-spacer\"><\/div>\n\n\n\n<p><strong>Artes y diversidades<\/strong><\/p>\n\n\n\n<p>El <strong>s\u00e1bado 29 de noviembre desde las 9.30 hs en la localidad de Anguil (LP), comenzar\u00e1 a desarrollarse en la Estaci\u00f3n Ferroviaria la segunda jornada<\/strong>. En primer lugar participar\u00e1 el poeta Sergio Mirabelli autor del libro \u201cEl rel\u00e1mpago y las cenizas\u201d, y a continuaci\u00f3n se llevar\u00e1 a cabo la lectura de las ponencias recibidas sobre el tema convocante \u201cArtes y diversidades\u201d.<\/p>\n\n\n\n<p>Luego ser\u00e1 el turno del comunicador Ver\u00f3 Mac Lennan, autor del libro \u00abUn sol de juguete\u201d quien presentar\u00e1 una nouvelle, su actual trabajo.<\/p>\n\n\n\n<p>El poeta neuquino Gerardo Burton ser\u00e1 el encargado del reconocimiento a la poeta Macky Corbal\u00e1n, quien naci\u00f3 en Cutral C\u00f3 y muri\u00f3 el 14 de setiembre de 2014. Fue periodista y licenciada en servicio social. Activa militante del feminismo y el lesbianismo, cultiv\u00f3 una de las voces po\u00e9ticas m\u00e1s originales de la regi\u00f3n y del pa\u00eds.<\/p>\n\n\n\n<p>La m\u00fasica estar\u00e1 presente con canciones interpretadas por Laura Paturlanne y Eugenia Borges, y la artista pl\u00e1stica Yamila Berhau exhibir\u00e1 una serie de sus trabajos.<\/p>\n\n\n\n<p>El cierre del 39\u00b0 Encuentro de las Letras Pampeanas ser\u00e1 en formato de Caf\u00e9 po\u00e9tico coordinado por la poeta Alicia Santill\u00e1n y se desarrollar\u00e1 en la Esquina Auge (Mitre y Zeballos) a las 14 hs. Tendr\u00e1 como invitades a Hugo Francisco Rivella, Anamar\u00eda Mayol, Ernestina Elorriaga y Gerardo Burton.<\/p>\n\n\n\n<p>El encuentro est\u00e1 auspiciado por la Secretar\u00eda de Cultura de la Provincia de La Pampa, Municipalidad de Anguil, Secretar\u00eda de Mujer, G\u00e9neros y Diversidad de la Provincia de La Pampa, CPE Cooperativa Popular de Electricidad Obras y Servicios P\u00fablicos de Santa Rosa Limitada, UTELPa Uni\u00f3n Trabajadorxs de la Educaci\u00f3n, UNLPam Universidad Nacional de La Pampa y Biblioteca Popular Edgar Morisoli.<\/p>\n","protected":false},"excerpt":{"rendered":"<p>La Asociaci\u00f3n Pampeana de Escritorxs (APE) anunci\u00f3 el cronograma del 39\u00b0 Encuentro de las Letras Pampeanas que se realizar\u00e1 el 28 y 29 de noviembre. El tema convocante es \u201cArtes&hellip;<\/p>\n","protected":false},"author":5,"featured_media":119590,"comment_status":"closed","ping_status":"open","sticky":false,"template":"","format":"standard","meta":{"_acf_changed":false,"footnotes":""},"categories":[1,2],"tags":[],"class_list":["post-313554","post","type-post","status-publish","format-standard","has-post-thumbnail","hentry","category-es-noticia","category-cultura"],"acf":[],"yoast_head":"<!-- This site is optimized with the Yoast SEO plugin v27.5 - https:\/\/yoast.com\/product\/yoast-seo-wordpress\/ -->\n<title>Nuevo encuentro de las letras pampeanas con homenaje a Ana Mar\u00eda Lassalle - Diario Textual<\/title>\n<meta name=\"robots\" content=\"index, follow, max-snippet:-1, max-image-preview:large, max-video-preview:-1\" \/>\n<link rel=\"canonical\" href=\"https:\/\/diariotextual.com\/inicio\/index.php\/2025\/11\/20\/nuevo-encuentro-de-las-letras-pampeanas-con-homenaje-a-ana-maria-lassalle\/\" \/>\n<meta property=\"og:locale\" content=\"es_ES\" \/>\n<meta property=\"og:type\" content=\"article\" \/>\n<meta property=\"og:title\" content=\"Nuevo encuentro de las letras pampeanas con homenaje a Ana Mar\u00eda Lassalle - Diario Textual\" \/>\n<meta property=\"og:description\" content=\"La Asociaci\u00f3n Pampeana de Escritorxs (APE) anunci\u00f3 el cronograma del 39\u00b0 Encuentro de las Letras Pampeanas que se realizar\u00e1 el 28 y 29 de noviembre. El tema convocante es \u201cArtes&hellip;\" \/>\n<meta property=\"og:url\" content=\"https:\/\/diariotextual.com\/inicio\/index.php\/2025\/11\/20\/nuevo-encuentro-de-las-letras-pampeanas-con-homenaje-a-ana-maria-lassalle\/\" \/>\n<meta property=\"og:site_name\" content=\"Diario Textual\" \/>\n<meta property=\"article:publisher\" content=\"https:\/\/www.facebook.com\/eltextual\" \/>\n<meta property=\"article:published_time\" content=\"2025-11-20T23:19:37+00:00\" \/>\n<meta property=\"article:modified_time\" content=\"2025-11-20T23:19:40+00:00\" \/>\n<meta property=\"og:image\" content=\"https:\/\/diariotextual.com\/inicio\/wp-content\/uploads\/2020\/11\/lassalleanamaria233.jpg\" \/>\n\t<meta property=\"og:image:width\" content=\"709\" \/>\n\t<meta property=\"og:image:height\" content=\"534\" \/>\n\t<meta property=\"og:image:type\" content=\"image\/jpeg\" \/>\n<meta name=\"author\" content=\"diario3\" \/>\n<meta name=\"twitter:card\" content=\"summary_large_image\" \/>\n<meta name=\"twitter:creator\" content=\"@eltextual\" \/>\n<meta name=\"twitter:site\" content=\"@eltextual\" \/>\n<meta name=\"twitter:label1\" content=\"Escrito por\" \/>\n\t<meta name=\"twitter:data1\" content=\"diario3\" \/>\n\t<meta name=\"twitter:label2\" content=\"Tiempo de lectura\" \/>\n\t<meta name=\"twitter:data2\" content=\"3 minutos\" \/>\n<script type=\"application\/ld+json\" class=\"yoast-schema-graph\">{\"@context\":\"https:\\\/\\\/schema.org\",\"@graph\":[{\"@type\":\"Article\",\"@id\":\"https:\\\/\\\/diariotextual.com\\\/inicio\\\/index.php\\\/2025\\\/11\\\/20\\\/nuevo-encuentro-de-las-letras-pampeanas-con-homenaje-a-ana-maria-lassalle\\\/#article\",\"isPartOf\":{\"@id\":\"https:\\\/\\\/diariotextual.com\\\/inicio\\\/index.php\\\/2025\\\/11\\\/20\\\/nuevo-encuentro-de-las-letras-pampeanas-con-homenaje-a-ana-maria-lassalle\\\/\"},\"author\":{\"name\":\"diario3\",\"@id\":\"https:\\\/\\\/diariotextual.com\\\/inicio\\\/#\\\/schema\\\/person\\\/a1b6f563e0ee944c60f98119389a4d9f\"},\"headline\":\"Nuevo encuentro de las letras pampeanas con homenaje a Ana Mar\u00eda Lassalle\",\"datePublished\":\"2025-11-20T23:19:37+00:00\",\"dateModified\":\"2025-11-20T23:19:40+00:00\",\"mainEntityOfPage\":{\"@id\":\"https:\\\/\\\/diariotextual.com\\\/inicio\\\/index.php\\\/2025\\\/11\\\/20\\\/nuevo-encuentro-de-las-letras-pampeanas-con-homenaje-a-ana-maria-lassalle\\\/\"},\"wordCount\":552,\"publisher\":{\"@id\":\"https:\\\/\\\/diariotextual.com\\\/inicio\\\/#organization\"},\"image\":{\"@id\":\"https:\\\/\\\/diariotextual.com\\\/inicio\\\/index.php\\\/2025\\\/11\\\/20\\\/nuevo-encuentro-de-las-letras-pampeanas-con-homenaje-a-ana-maria-lassalle\\\/#primaryimage\"},\"thumbnailUrl\":\"https:\\\/\\\/diariotextual.com\\\/inicio\\\/wp-content\\\/uploads\\\/2020\\\/11\\\/lassalleanamaria233.jpg\",\"articleSection\":[\"A - ES NOTICIA (van abajo)\",\"CULTURA\"],\"inLanguage\":\"es\"},{\"@type\":\"WebPage\",\"@id\":\"https:\\\/\\\/diariotextual.com\\\/inicio\\\/index.php\\\/2025\\\/11\\\/20\\\/nuevo-encuentro-de-las-letras-pampeanas-con-homenaje-a-ana-maria-lassalle\\\/\",\"url\":\"https:\\\/\\\/diariotextual.com\\\/inicio\\\/index.php\\\/2025\\\/11\\\/20\\\/nuevo-encuentro-de-las-letras-pampeanas-con-homenaje-a-ana-maria-lassalle\\\/\",\"name\":\"Nuevo encuentro de las letras pampeanas con homenaje a Ana Mar\u00eda Lassalle - Diario Textual\",\"isPartOf\":{\"@id\":\"https:\\\/\\\/diariotextual.com\\\/inicio\\\/#website\"},\"primaryImageOfPage\":{\"@id\":\"https:\\\/\\\/diariotextual.com\\\/inicio\\\/index.php\\\/2025\\\/11\\\/20\\\/nuevo-encuentro-de-las-letras-pampeanas-con-homenaje-a-ana-maria-lassalle\\\/#primaryimage\"},\"image\":{\"@id\":\"https:\\\/\\\/diariotextual.com\\\/inicio\\\/index.php\\\/2025\\\/11\\\/20\\\/nuevo-encuentro-de-las-letras-pampeanas-con-homenaje-a-ana-maria-lassalle\\\/#primaryimage\"},\"thumbnailUrl\":\"https:\\\/\\\/diariotextual.com\\\/inicio\\\/wp-content\\\/uploads\\\/2020\\\/11\\\/lassalleanamaria233.jpg\",\"datePublished\":\"2025-11-20T23:19:37+00:00\",\"dateModified\":\"2025-11-20T23:19:40+00:00\",\"breadcrumb\":{\"@id\":\"https:\\\/\\\/diariotextual.com\\\/inicio\\\/index.php\\\/2025\\\/11\\\/20\\\/nuevo-encuentro-de-las-letras-pampeanas-con-homenaje-a-ana-maria-lassalle\\\/#breadcrumb\"},\"inLanguage\":\"es\",\"potentialAction\":[{\"@type\":\"ReadAction\",\"target\":[\"https:\\\/\\\/diariotextual.com\\\/inicio\\\/index.php\\\/2025\\\/11\\\/20\\\/nuevo-encuentro-de-las-letras-pampeanas-con-homenaje-a-ana-maria-lassalle\\\/\"]}]},{\"@type\":\"ImageObject\",\"inLanguage\":\"es\",\"@id\":\"https:\\\/\\\/diariotextual.com\\\/inicio\\\/index.php\\\/2025\\\/11\\\/20\\\/nuevo-encuentro-de-las-letras-pampeanas-con-homenaje-a-ana-maria-lassalle\\\/#primaryimage\",\"url\":\"https:\\\/\\\/diariotextual.com\\\/inicio\\\/wp-content\\\/uploads\\\/2020\\\/11\\\/lassalleanamaria233.jpg\",\"contentUrl\":\"https:\\\/\\\/diariotextual.com\\\/inicio\\\/wp-content\\\/uploads\\\/2020\\\/11\\\/lassalleanamaria233.jpg\",\"width\":709,\"height\":534},{\"@type\":\"BreadcrumbList\",\"@id\":\"https:\\\/\\\/diariotextual.com\\\/inicio\\\/index.php\\\/2025\\\/11\\\/20\\\/nuevo-encuentro-de-las-letras-pampeanas-con-homenaje-a-ana-maria-lassalle\\\/#breadcrumb\",\"itemListElement\":[{\"@type\":\"ListItem\",\"position\":1,\"name\":\"Portada\",\"item\":\"https:\\\/\\\/diariotextual.com\\\/inicio\\\/\"},{\"@type\":\"ListItem\",\"position\":2,\"name\":\"Nuevo encuentro de las letras pampeanas con homenaje a Ana Mar\u00eda Lassalle\"}]},{\"@type\":\"WebSite\",\"@id\":\"https:\\\/\\\/diariotextual.com\\\/inicio\\\/#website\",\"url\":\"https:\\\/\\\/diariotextual.com\\\/inicio\\\/\",\"name\":\"Diario Textual\",\"description\":\"\",\"publisher\":{\"@id\":\"https:\\\/\\\/diariotextual.com\\\/inicio\\\/#organization\"},\"potentialAction\":[{\"@type\":\"SearchAction\",\"target\":{\"@type\":\"EntryPoint\",\"urlTemplate\":\"https:\\\/\\\/diariotextual.com\\\/inicio\\\/?s={search_term_string}\"},\"query-input\":{\"@type\":\"PropertyValueSpecification\",\"valueRequired\":true,\"valueName\":\"search_term_string\"}}],\"inLanguage\":\"es\"},{\"@type\":\"Organization\",\"@id\":\"https:\\\/\\\/diariotextual.com\\\/inicio\\\/#organization\",\"name\":\"Diario Textual\",\"url\":\"https:\\\/\\\/diariotextual.com\\\/inicio\\\/\",\"logo\":{\"@type\":\"ImageObject\",\"inLanguage\":\"es\",\"@id\":\"https:\\\/\\\/diariotextual.com\\\/inicio\\\/#\\\/schema\\\/logo\\\/image\\\/\",\"url\":\"https:\\\/\\\/diariotextual.com\\\/inicio\\\/wp-content\\\/uploads\\\/2023\\\/05\\\/logotextual1.jpg\",\"contentUrl\":\"https:\\\/\\\/diariotextual.com\\\/inicio\\\/wp-content\\\/uploads\\\/2023\\\/05\\\/logotextual1.jpg\",\"width\":516,\"height\":76,\"caption\":\"Diario Textual\"},\"image\":{\"@id\":\"https:\\\/\\\/diariotextual.com\\\/inicio\\\/#\\\/schema\\\/logo\\\/image\\\/\"},\"sameAs\":[\"https:\\\/\\\/www.facebook.com\\\/eltextual\",\"https:\\\/\\\/x.com\\\/eltextual\",\"http:\\\/\\\/www.instagram.com\\\/eltextual\"]},{\"@type\":\"Person\",\"@id\":\"https:\\\/\\\/diariotextual.com\\\/inicio\\\/#\\\/schema\\\/person\\\/a1b6f563e0ee944c60f98119389a4d9f\",\"name\":\"diario3\",\"image\":{\"@type\":\"ImageObject\",\"inLanguage\":\"es\",\"@id\":\"https:\\\/\\\/secure.gravatar.com\\\/avatar\\\/5e7ee62c82fc04d9dd79d746a390d93c69c43223e5faeeb3ea9461ef752bfc5d?s=96&d=mm&r=g\",\"url\":\"https:\\\/\\\/secure.gravatar.com\\\/avatar\\\/5e7ee62c82fc04d9dd79d746a390d93c69c43223e5faeeb3ea9461ef752bfc5d?s=96&d=mm&r=g\",\"contentUrl\":\"https:\\\/\\\/secure.gravatar.com\\\/avatar\\\/5e7ee62c82fc04d9dd79d746a390d93c69c43223e5faeeb3ea9461ef752bfc5d?s=96&d=mm&r=g\",\"caption\":\"diario3\"},\"url\":\"https:\\\/\\\/diariotextual.com\\\/inicio\\\/index.php\\\/author\\\/diario3\\\/\"}]}<\/script>\n<!-- \/ Yoast SEO plugin. -->","yoast_head_json":{"title":"Nuevo encuentro de las letras pampeanas con homenaje a Ana Mar\u00eda Lassalle - Diario Textual","robots":{"index":"index","follow":"follow","max-snippet":"max-snippet:-1","max-image-preview":"max-image-preview:large","max-video-preview":"max-video-preview:-1"},"canonical":"https:\/\/diariotextual.com\/inicio\/index.php\/2025\/11\/20\/nuevo-encuentro-de-las-letras-pampeanas-con-homenaje-a-ana-maria-lassalle\/","og_locale":"es_ES","og_type":"article","og_title":"Nuevo encuentro de las letras pampeanas con homenaje a Ana Mar\u00eda Lassalle - Diario Textual","og_description":"La Asociaci\u00f3n Pampeana de Escritorxs (APE) anunci\u00f3 el cronograma del 39\u00b0 Encuentro de las Letras Pampeanas que se realizar\u00e1 el 28 y 29 de noviembre. El tema convocante es \u201cArtes&hellip;","og_url":"https:\/\/diariotextual.com\/inicio\/index.php\/2025\/11\/20\/nuevo-encuentro-de-las-letras-pampeanas-con-homenaje-a-ana-maria-lassalle\/","og_site_name":"Diario Textual","article_publisher":"https:\/\/www.facebook.com\/eltextual","article_published_time":"2025-11-20T23:19:37+00:00","article_modified_time":"2025-11-20T23:19:40+00:00","og_image":[{"width":709,"height":534,"url":"https:\/\/diariotextual.com\/inicio\/wp-content\/uploads\/2020\/11\/lassalleanamaria233.jpg","type":"image\/jpeg"}],"author":"diario3","twitter_card":"summary_large_image","twitter_creator":"@eltextual","twitter_site":"@eltextual","twitter_misc":{"Escrito por":"diario3","Tiempo de lectura":"3 minutos"},"schema":{"@context":"https:\/\/schema.org","@graph":[{"@type":"Article","@id":"https:\/\/diariotextual.com\/inicio\/index.php\/2025\/11\/20\/nuevo-encuentro-de-las-letras-pampeanas-con-homenaje-a-ana-maria-lassalle\/#article","isPartOf":{"@id":"https:\/\/diariotextual.com\/inicio\/index.php\/2025\/11\/20\/nuevo-encuentro-de-las-letras-pampeanas-con-homenaje-a-ana-maria-lassalle\/"},"author":{"name":"diario3","@id":"https:\/\/diariotextual.com\/inicio\/#\/schema\/person\/a1b6f563e0ee944c60f98119389a4d9f"},"headline":"Nuevo encuentro de las letras pampeanas con homenaje a Ana Mar\u00eda Lassalle","datePublished":"2025-11-20T23:19:37+00:00","dateModified":"2025-11-20T23:19:40+00:00","mainEntityOfPage":{"@id":"https:\/\/diariotextual.com\/inicio\/index.php\/2025\/11\/20\/nuevo-encuentro-de-las-letras-pampeanas-con-homenaje-a-ana-maria-lassalle\/"},"wordCount":552,"publisher":{"@id":"https:\/\/diariotextual.com\/inicio\/#organization"},"image":{"@id":"https:\/\/diariotextual.com\/inicio\/index.php\/2025\/11\/20\/nuevo-encuentro-de-las-letras-pampeanas-con-homenaje-a-ana-maria-lassalle\/#primaryimage"},"thumbnailUrl":"https:\/\/diariotextual.com\/inicio\/wp-content\/uploads\/2020\/11\/lassalleanamaria233.jpg","articleSection":["A - ES NOTICIA (van abajo)","CULTURA"],"inLanguage":"es"},{"@type":"WebPage","@id":"https:\/\/diariotextual.com\/inicio\/index.php\/2025\/11\/20\/nuevo-encuentro-de-las-letras-pampeanas-con-homenaje-a-ana-maria-lassalle\/","url":"https:\/\/diariotextual.com\/inicio\/index.php\/2025\/11\/20\/nuevo-encuentro-de-las-letras-pampeanas-con-homenaje-a-ana-maria-lassalle\/","name":"Nuevo encuentro de las letras pampeanas con homenaje a Ana Mar\u00eda Lassalle - Diario Textual","isPartOf":{"@id":"https:\/\/diariotextual.com\/inicio\/#website"},"primaryImageOfPage":{"@id":"https:\/\/diariotextual.com\/inicio\/index.php\/2025\/11\/20\/nuevo-encuentro-de-las-letras-pampeanas-con-homenaje-a-ana-maria-lassalle\/#primaryimage"},"image":{"@id":"https:\/\/diariotextual.com\/inicio\/index.php\/2025\/11\/20\/nuevo-encuentro-de-las-letras-pampeanas-con-homenaje-a-ana-maria-lassalle\/#primaryimage"},"thumbnailUrl":"https:\/\/diariotextual.com\/inicio\/wp-content\/uploads\/2020\/11\/lassalleanamaria233.jpg","datePublished":"2025-11-20T23:19:37+00:00","dateModified":"2025-11-20T23:19:40+00:00","breadcrumb":{"@id":"https:\/\/diariotextual.com\/inicio\/index.php\/2025\/11\/20\/nuevo-encuentro-de-las-letras-pampeanas-con-homenaje-a-ana-maria-lassalle\/#breadcrumb"},"inLanguage":"es","potentialAction":[{"@type":"ReadAction","target":["https:\/\/diariotextual.com\/inicio\/index.php\/2025\/11\/20\/nuevo-encuentro-de-las-letras-pampeanas-con-homenaje-a-ana-maria-lassalle\/"]}]},{"@type":"ImageObject","inLanguage":"es","@id":"https:\/\/diariotextual.com\/inicio\/index.php\/2025\/11\/20\/nuevo-encuentro-de-las-letras-pampeanas-con-homenaje-a-ana-maria-lassalle\/#primaryimage","url":"https:\/\/diariotextual.com\/inicio\/wp-content\/uploads\/2020\/11\/lassalleanamaria233.jpg","contentUrl":"https:\/\/diariotextual.com\/inicio\/wp-content\/uploads\/2020\/11\/lassalleanamaria233.jpg","width":709,"height":534},{"@type":"BreadcrumbList","@id":"https:\/\/diariotextual.com\/inicio\/index.php\/2025\/11\/20\/nuevo-encuentro-de-las-letras-pampeanas-con-homenaje-a-ana-maria-lassalle\/#breadcrumb","itemListElement":[{"@type":"ListItem","position":1,"name":"Portada","item":"https:\/\/diariotextual.com\/inicio\/"},{"@type":"ListItem","position":2,"name":"Nuevo encuentro de las letras pampeanas con homenaje a Ana Mar\u00eda Lassalle"}]},{"@type":"WebSite","@id":"https:\/\/diariotextual.com\/inicio\/#website","url":"https:\/\/diariotextual.com\/inicio\/","name":"Diario Textual","description":"","publisher":{"@id":"https:\/\/diariotextual.com\/inicio\/#organization"},"potentialAction":[{"@type":"SearchAction","target":{"@type":"EntryPoint","urlTemplate":"https:\/\/diariotextual.com\/inicio\/?s={search_term_string}"},"query-input":{"@type":"PropertyValueSpecification","valueRequired":true,"valueName":"search_term_string"}}],"inLanguage":"es"},{"@type":"Organization","@id":"https:\/\/diariotextual.com\/inicio\/#organization","name":"Diario Textual","url":"https:\/\/diariotextual.com\/inicio\/","logo":{"@type":"ImageObject","inLanguage":"es","@id":"https:\/\/diariotextual.com\/inicio\/#\/schema\/logo\/image\/","url":"https:\/\/diariotextual.com\/inicio\/wp-content\/uploads\/2023\/05\/logotextual1.jpg","contentUrl":"https:\/\/diariotextual.com\/inicio\/wp-content\/uploads\/2023\/05\/logotextual1.jpg","width":516,"height":76,"caption":"Diario Textual"},"image":{"@id":"https:\/\/diariotextual.com\/inicio\/#\/schema\/logo\/image\/"},"sameAs":["https:\/\/www.facebook.com\/eltextual","https:\/\/x.com\/eltextual","http:\/\/www.instagram.com\/eltextual"]},{"@type":"Person","@id":"https:\/\/diariotextual.com\/inicio\/#\/schema\/person\/a1b6f563e0ee944c60f98119389a4d9f","name":"diario3","image":{"@type":"ImageObject","inLanguage":"es","@id":"https:\/\/secure.gravatar.com\/avatar\/5e7ee62c82fc04d9dd79d746a390d93c69c43223e5faeeb3ea9461ef752bfc5d?s=96&d=mm&r=g","url":"https:\/\/secure.gravatar.com\/avatar\/5e7ee62c82fc04d9dd79d746a390d93c69c43223e5faeeb3ea9461ef752bfc5d?s=96&d=mm&r=g","contentUrl":"https:\/\/secure.gravatar.com\/avatar\/5e7ee62c82fc04d9dd79d746a390d93c69c43223e5faeeb3ea9461ef752bfc5d?s=96&d=mm&r=g","caption":"diario3"},"url":"https:\/\/diariotextual.com\/inicio\/index.php\/author\/diario3\/"}]}},"_links":{"self":[{"href":"https:\/\/diariotextual.com\/inicio\/index.php\/wp-json\/wp\/v2\/posts\/313554","targetHints":{"allow":["GET"]}}],"collection":[{"href":"https:\/\/diariotextual.com\/inicio\/index.php\/wp-json\/wp\/v2\/posts"}],"about":[{"href":"https:\/\/diariotextual.com\/inicio\/index.php\/wp-json\/wp\/v2\/types\/post"}],"author":[{"embeddable":true,"href":"https:\/\/diariotextual.com\/inicio\/index.php\/wp-json\/wp\/v2\/users\/5"}],"replies":[{"embeddable":true,"href":"https:\/\/diariotextual.com\/inicio\/index.php\/wp-json\/wp\/v2\/comments?post=313554"}],"version-history":[{"count":1,"href":"https:\/\/diariotextual.com\/inicio\/index.php\/wp-json\/wp\/v2\/posts\/313554\/revisions"}],"predecessor-version":[{"id":313555,"href":"https:\/\/diariotextual.com\/inicio\/index.php\/wp-json\/wp\/v2\/posts\/313554\/revisions\/313555"}],"wp:featuredmedia":[{"embeddable":true,"href":"https:\/\/diariotextual.com\/inicio\/index.php\/wp-json\/wp\/v2\/media\/119590"}],"wp:attachment":[{"href":"https:\/\/diariotextual.com\/inicio\/index.php\/wp-json\/wp\/v2\/media?parent=313554"}],"wp:term":[{"taxonomy":"category","embeddable":true,"href":"https:\/\/diariotextual.com\/inicio\/index.php\/wp-json\/wp\/v2\/categories?post=313554"},{"taxonomy":"post_tag","embeddable":true,"href":"https:\/\/diariotextual.com\/inicio\/index.php\/wp-json\/wp\/v2\/tags?post=313554"}],"curies":[{"name":"wp","href":"https:\/\/api.w.org\/{rel}","templated":true}]}}