{"id":313635,"date":"2025-11-22T08:16:24","date_gmt":"2025-11-22T11:16:24","guid":{"rendered":"https:\/\/diariotextual.com\/inicio\/?p=313635"},"modified":"2025-11-22T09:17:03","modified_gmt":"2025-11-22T12:17:03","slug":"la-policia-brasilena-arresto-al-expresidente-jair-bolsonaro","status":"publish","type":"post","link":"https:\/\/diariotextual.com\/inicio\/index.php\/2025\/11\/22\/la-policia-brasilena-arresto-al-expresidente-jair-bolsonaro\/","title":{"rendered":"La Polic\u00eda brasile\u00f1a arrest\u00f3 al expresidente Jair Bolsonaro"},"content":{"rendered":"\n<p>La Polic\u00eda Federal de Brasil detuvo de forma preventiva este s\u00e1bado al expresidente<strong> Jair Bolsonaro<\/strong>, condenado por intento de golpe de Estado y quien ya se encontraba en prisi\u00f3n domiciliaria.<\/p>\n\n\n\n<p>Un grupo de agentes acudi\u00f3 a las 6 de la ma\u00f1ana a la residencia de Bolsonaro, en\u00a0<strong>Brasilia<\/strong>, y arrest\u00f3 al l\u00edder ultraderechista, quien inmediatamente fue trasladado a dependencias policiales.<\/p>\n\n\n\n<p>Seg\u00fan el grupo\u00a0<em>Globo<\/em>,\u00a0<strong>la Corte Suprema brasile\u00f1a decret\u00f3 la prisi\u00f3n preventiva del ex mandatario para \u201cgarantizar el orden p\u00fablico\u201d<\/strong>.<\/p>\n\n\n\n<p>La Polic\u00eda Federal de Brasil inform\u00f3 en una escueta nota de que \u201c<strong>cumpli\u00f3 este s\u00e1bado, en Brasilia, una orden de prisi\u00f3n preventiva conforme una decisi\u00f3n de la Corte Suprema<\/strong>\u201d, aunque no especific\u00f3 contra qui\u00e9n.<\/p>\n\n\n\n<p>La detenci\u00f3n del ex jefe de Estado se produce un d\u00eda despu\u00e9s de que sus abogados solicitaran al alto tribunal poder cumplir la pena de&nbsp;<strong>27 a\u00f1os de c\u00e1rcel<\/strong>&nbsp;que recibi\u00f3 por intento de golpe de Estado bajo r\u00e9gimen domiciliario por motivos de salud.<\/p>\n\n\n\n<p>El pasado 11 de septiembre, Bolsonaro fue condenado por la Primera Sala del Supremo por intentar \u201cperpetuarse\u201d en el poder con el apoyo de antiguos ministros y mandos militares, tras perder las elecciones de 2022 frente al actual gobernante, el progresista Luiz In\u00e1cio Lula da Silva.<\/p>\n\n\n\n<p>El l\u00edder ultraderechista, de 70 a\u00f1os,&nbsp;<strong>se encontraba bajo arresto domiciliario<\/strong>&nbsp;en su residencia de Brasilia desde el&nbsp;<strong>pasado 4 de agosto<\/strong>&nbsp;por incumplir una serie de medidas cautelares en el marco de esa causa.<\/p>\n\n\n\n<p>Seg\u00fan medios locales,&nbsp;<strong>la prisi\u00f3n preventiva de este s\u00e1bado no se trata del inicio de la ejecuci\u00f3n de la pena<\/strong>, lo que se esperaba para las pr\u00f3ximas semanas, tras el rechazo por parte del Supremo de los primeros recursos de apelaci\u00f3n contra la sentencia.<\/p>\n\n\n\n<p><\/p>\n","protected":false},"excerpt":{"rendered":"<p>La Polic\u00eda Federal de Brasil detuvo de forma preventiva este s\u00e1bado al expresidente Jair Bolsonaro, condenado por intento de golpe de Estado y quien ya se encontraba en prisi\u00f3n domiciliaria.&hellip;<\/p>\n","protected":false},"author":3,"featured_media":175132,"comment_status":"closed","ping_status":"open","sticky":false,"template":"","format":"standard","meta":{"_acf_changed":false,"footnotes":""},"categories":[1,7],"tags":[],"class_list":["post-313635","post","type-post","status-publish","format-standard","has-post-thumbnail","hentry","category-es-noticia","category-mundo"],"acf":[],"yoast_head":"<!-- This site is optimized with the Yoast SEO plugin v27.4 - https:\/\/yoast.com\/product\/yoast-seo-wordpress\/ -->\n<title>La Polic\u00eda brasile\u00f1a arrest\u00f3 al expresidente Jair Bolsonaro - Diario Textual<\/title>\n<meta name=\"robots\" content=\"index, follow, max-snippet:-1, max-image-preview:large, max-video-preview:-1\" \/>\n<link rel=\"canonical\" href=\"https:\/\/diariotextual.com\/inicio\/index.php\/2025\/11\/22\/la-policia-brasilena-arresto-al-expresidente-jair-bolsonaro\/\" \/>\n<meta property=\"og:locale\" content=\"es_ES\" \/>\n<meta property=\"og:type\" content=\"article\" \/>\n<meta property=\"og:title\" content=\"La Polic\u00eda brasile\u00f1a arrest\u00f3 al expresidente Jair Bolsonaro - Diario Textual\" \/>\n<meta property=\"og:description\" content=\"La Polic\u00eda Federal de Brasil detuvo de forma preventiva este s\u00e1bado al expresidente Jair Bolsonaro, condenado por intento de golpe de Estado y quien ya se encontraba en prisi\u00f3n domiciliaria.&hellip;\" \/>\n<meta property=\"og:url\" content=\"https:\/\/diariotextual.com\/inicio\/index.php\/2025\/11\/22\/la-policia-brasilena-arresto-al-expresidente-jair-bolsonaro\/\" \/>\n<meta property=\"og:site_name\" content=\"Diario Textual\" \/>\n<meta property=\"article:publisher\" content=\"https:\/\/www.facebook.com\/eltextual\" \/>\n<meta property=\"article:published_time\" content=\"2025-11-22T11:16:24+00:00\" \/>\n<meta property=\"article:modified_time\" content=\"2025-11-22T12:17:03+00:00\" \/>\n<meta property=\"og:image\" content=\"https:\/\/diariotextual.com\/inicio\/wp-content\/uploads\/2022\/01\/bolsonarojair2022-1.jpg\" \/>\n\t<meta property=\"og:image:width\" content=\"900\" \/>\n\t<meta property=\"og:image:height\" content=\"506\" \/>\n\t<meta property=\"og:image:type\" content=\"image\/jpeg\" \/>\n<meta name=\"author\" content=\"Diario1 Diario1\" \/>\n<meta name=\"twitter:card\" content=\"summary_large_image\" \/>\n<meta name=\"twitter:creator\" content=\"@eltextual\" \/>\n<meta name=\"twitter:site\" content=\"@eltextual\" \/>\n<meta name=\"twitter:label1\" content=\"Escrito por\" \/>\n\t<meta name=\"twitter:data1\" content=\"Diario1 Diario1\" \/>\n\t<meta name=\"twitter:label2\" content=\"Tiempo de lectura\" \/>\n\t<meta name=\"twitter:data2\" content=\"2 minutos\" \/>\n<script type=\"application\/ld+json\" class=\"yoast-schema-graph\">{\"@context\":\"https:\\\/\\\/schema.org\",\"@graph\":[{\"@type\":\"Article\",\"@id\":\"https:\\\/\\\/diariotextual.com\\\/inicio\\\/index.php\\\/2025\\\/11\\\/22\\\/la-policia-brasilena-arresto-al-expresidente-jair-bolsonaro\\\/#article\",\"isPartOf\":{\"@id\":\"https:\\\/\\\/diariotextual.com\\\/inicio\\\/index.php\\\/2025\\\/11\\\/22\\\/la-policia-brasilena-arresto-al-expresidente-jair-bolsonaro\\\/\"},\"author\":{\"name\":\"Diario1 Diario1\",\"@id\":\"https:\\\/\\\/diariotextual.com\\\/inicio\\\/#\\\/schema\\\/person\\\/418fc4093c33e86ed41562db3508f958\"},\"headline\":\"La Polic\u00eda brasile\u00f1a arrest\u00f3 al expresidente Jair Bolsonaro\",\"datePublished\":\"2025-11-22T11:16:24+00:00\",\"dateModified\":\"2025-11-22T12:17:03+00:00\",\"mainEntityOfPage\":{\"@id\":\"https:\\\/\\\/diariotextual.com\\\/inicio\\\/index.php\\\/2025\\\/11\\\/22\\\/la-policia-brasilena-arresto-al-expresidente-jair-bolsonaro\\\/\"},\"wordCount\":323,\"publisher\":{\"@id\":\"https:\\\/\\\/diariotextual.com\\\/inicio\\\/#organization\"},\"image\":{\"@id\":\"https:\\\/\\\/diariotextual.com\\\/inicio\\\/index.php\\\/2025\\\/11\\\/22\\\/la-policia-brasilena-arresto-al-expresidente-jair-bolsonaro\\\/#primaryimage\"},\"thumbnailUrl\":\"https:\\\/\\\/diariotextual.com\\\/inicio\\\/wp-content\\\/uploads\\\/2022\\\/01\\\/bolsonarojair2022-1.jpg\",\"articleSection\":[\"A - ES NOTICIA (van abajo)\",\"MUNDO\"],\"inLanguage\":\"es\"},{\"@type\":\"WebPage\",\"@id\":\"https:\\\/\\\/diariotextual.com\\\/inicio\\\/index.php\\\/2025\\\/11\\\/22\\\/la-policia-brasilena-arresto-al-expresidente-jair-bolsonaro\\\/\",\"url\":\"https:\\\/\\\/diariotextual.com\\\/inicio\\\/index.php\\\/2025\\\/11\\\/22\\\/la-policia-brasilena-arresto-al-expresidente-jair-bolsonaro\\\/\",\"name\":\"La Polic\u00eda brasile\u00f1a arrest\u00f3 al expresidente Jair Bolsonaro - Diario Textual\",\"isPartOf\":{\"@id\":\"https:\\\/\\\/diariotextual.com\\\/inicio\\\/#website\"},\"primaryImageOfPage\":{\"@id\":\"https:\\\/\\\/diariotextual.com\\\/inicio\\\/index.php\\\/2025\\\/11\\\/22\\\/la-policia-brasilena-arresto-al-expresidente-jair-bolsonaro\\\/#primaryimage\"},\"image\":{\"@id\":\"https:\\\/\\\/diariotextual.com\\\/inicio\\\/index.php\\\/2025\\\/11\\\/22\\\/la-policia-brasilena-arresto-al-expresidente-jair-bolsonaro\\\/#primaryimage\"},\"thumbnailUrl\":\"https:\\\/\\\/diariotextual.com\\\/inicio\\\/wp-content\\\/uploads\\\/2022\\\/01\\\/bolsonarojair2022-1.jpg\",\"datePublished\":\"2025-11-22T11:16:24+00:00\",\"dateModified\":\"2025-11-22T12:17:03+00:00\",\"breadcrumb\":{\"@id\":\"https:\\\/\\\/diariotextual.com\\\/inicio\\\/index.php\\\/2025\\\/11\\\/22\\\/la-policia-brasilena-arresto-al-expresidente-jair-bolsonaro\\\/#breadcrumb\"},\"inLanguage\":\"es\",\"potentialAction\":[{\"@type\":\"ReadAction\",\"target\":[\"https:\\\/\\\/diariotextual.com\\\/inicio\\\/index.php\\\/2025\\\/11\\\/22\\\/la-policia-brasilena-arresto-al-expresidente-jair-bolsonaro\\\/\"]}]},{\"@type\":\"ImageObject\",\"inLanguage\":\"es\",\"@id\":\"https:\\\/\\\/diariotextual.com\\\/inicio\\\/index.php\\\/2025\\\/11\\\/22\\\/la-policia-brasilena-arresto-al-expresidente-jair-bolsonaro\\\/#primaryimage\",\"url\":\"https:\\\/\\\/diariotextual.com\\\/inicio\\\/wp-content\\\/uploads\\\/2022\\\/01\\\/bolsonarojair2022-1.jpg\",\"contentUrl\":\"https:\\\/\\\/diariotextual.com\\\/inicio\\\/wp-content\\\/uploads\\\/2022\\\/01\\\/bolsonarojair2022-1.jpg\",\"width\":900,\"height\":506},{\"@type\":\"BreadcrumbList\",\"@id\":\"https:\\\/\\\/diariotextual.com\\\/inicio\\\/index.php\\\/2025\\\/11\\\/22\\\/la-policia-brasilena-arresto-al-expresidente-jair-bolsonaro\\\/#breadcrumb\",\"itemListElement\":[{\"@type\":\"ListItem\",\"position\":1,\"name\":\"Portada\",\"item\":\"https:\\\/\\\/diariotextual.com\\\/inicio\\\/\"},{\"@type\":\"ListItem\",\"position\":2,\"name\":\"La Polic\u00eda brasile\u00f1a arrest\u00f3 al expresidente Jair Bolsonaro\"}]},{\"@type\":\"WebSite\",\"@id\":\"https:\\\/\\\/diariotextual.com\\\/inicio\\\/#website\",\"url\":\"https:\\\/\\\/diariotextual.com\\\/inicio\\\/\",\"name\":\"Diario Textual\",\"description\":\"\",\"publisher\":{\"@id\":\"https:\\\/\\\/diariotextual.com\\\/inicio\\\/#organization\"},\"potentialAction\":[{\"@type\":\"SearchAction\",\"target\":{\"@type\":\"EntryPoint\",\"urlTemplate\":\"https:\\\/\\\/diariotextual.com\\\/inicio\\\/?s={search_term_string}\"},\"query-input\":{\"@type\":\"PropertyValueSpecification\",\"valueRequired\":true,\"valueName\":\"search_term_string\"}}],\"inLanguage\":\"es\"},{\"@type\":\"Organization\",\"@id\":\"https:\\\/\\\/diariotextual.com\\\/inicio\\\/#organization\",\"name\":\"Diario Textual\",\"url\":\"https:\\\/\\\/diariotextual.com\\\/inicio\\\/\",\"logo\":{\"@type\":\"ImageObject\",\"inLanguage\":\"es\",\"@id\":\"https:\\\/\\\/diariotextual.com\\\/inicio\\\/#\\\/schema\\\/logo\\\/image\\\/\",\"url\":\"https:\\\/\\\/diariotextual.com\\\/inicio\\\/wp-content\\\/uploads\\\/2023\\\/05\\\/logotextual1.jpg\",\"contentUrl\":\"https:\\\/\\\/diariotextual.com\\\/inicio\\\/wp-content\\\/uploads\\\/2023\\\/05\\\/logotextual1.jpg\",\"width\":516,\"height\":76,\"caption\":\"Diario Textual\"},\"image\":{\"@id\":\"https:\\\/\\\/diariotextual.com\\\/inicio\\\/#\\\/schema\\\/logo\\\/image\\\/\"},\"sameAs\":[\"https:\\\/\\\/www.facebook.com\\\/eltextual\",\"https:\\\/\\\/x.com\\\/eltextual\",\"http:\\\/\\\/www.instagram.com\\\/eltextual\"]},{\"@type\":\"Person\",\"@id\":\"https:\\\/\\\/diariotextual.com\\\/inicio\\\/#\\\/schema\\\/person\\\/418fc4093c33e86ed41562db3508f958\",\"name\":\"Diario1 Diario1\",\"image\":{\"@type\":\"ImageObject\",\"inLanguage\":\"es\",\"@id\":\"https:\\\/\\\/secure.gravatar.com\\\/avatar\\\/9167d280179c85bc18be67aa7eda765854300033af4896dd779b608640f2ef7a?s=96&d=mm&r=g\",\"url\":\"https:\\\/\\\/secure.gravatar.com\\\/avatar\\\/9167d280179c85bc18be67aa7eda765854300033af4896dd779b608640f2ef7a?s=96&d=mm&r=g\",\"contentUrl\":\"https:\\\/\\\/secure.gravatar.com\\\/avatar\\\/9167d280179c85bc18be67aa7eda765854300033af4896dd779b608640f2ef7a?s=96&d=mm&r=g\",\"caption\":\"Diario1 Diario1\"},\"url\":\"https:\\\/\\\/diariotextual.com\\\/inicio\\\/index.php\\\/author\\\/diario1\\\/\"}]}<\/script>\n<!-- \/ Yoast SEO plugin. -->","yoast_head_json":{"title":"La Polic\u00eda brasile\u00f1a arrest\u00f3 al expresidente Jair Bolsonaro - Diario Textual","robots":{"index":"index","follow":"follow","max-snippet":"max-snippet:-1","max-image-preview":"max-image-preview:large","max-video-preview":"max-video-preview:-1"},"canonical":"https:\/\/diariotextual.com\/inicio\/index.php\/2025\/11\/22\/la-policia-brasilena-arresto-al-expresidente-jair-bolsonaro\/","og_locale":"es_ES","og_type":"article","og_title":"La Polic\u00eda brasile\u00f1a arrest\u00f3 al expresidente Jair Bolsonaro - Diario Textual","og_description":"La Polic\u00eda Federal de Brasil detuvo de forma preventiva este s\u00e1bado al expresidente Jair Bolsonaro, condenado por intento de golpe de Estado y quien ya se encontraba en prisi\u00f3n domiciliaria.&hellip;","og_url":"https:\/\/diariotextual.com\/inicio\/index.php\/2025\/11\/22\/la-policia-brasilena-arresto-al-expresidente-jair-bolsonaro\/","og_site_name":"Diario Textual","article_publisher":"https:\/\/www.facebook.com\/eltextual","article_published_time":"2025-11-22T11:16:24+00:00","article_modified_time":"2025-11-22T12:17:03+00:00","og_image":[{"width":900,"height":506,"url":"https:\/\/diariotextual.com\/inicio\/wp-content\/uploads\/2022\/01\/bolsonarojair2022-1.jpg","type":"image\/jpeg"}],"author":"Diario1 Diario1","twitter_card":"summary_large_image","twitter_creator":"@eltextual","twitter_site":"@eltextual","twitter_misc":{"Escrito por":"Diario1 Diario1","Tiempo de lectura":"2 minutos"},"schema":{"@context":"https:\/\/schema.org","@graph":[{"@type":"Article","@id":"https:\/\/diariotextual.com\/inicio\/index.php\/2025\/11\/22\/la-policia-brasilena-arresto-al-expresidente-jair-bolsonaro\/#article","isPartOf":{"@id":"https:\/\/diariotextual.com\/inicio\/index.php\/2025\/11\/22\/la-policia-brasilena-arresto-al-expresidente-jair-bolsonaro\/"},"author":{"name":"Diario1 Diario1","@id":"https:\/\/diariotextual.com\/inicio\/#\/schema\/person\/418fc4093c33e86ed41562db3508f958"},"headline":"La Polic\u00eda brasile\u00f1a arrest\u00f3 al expresidente Jair Bolsonaro","datePublished":"2025-11-22T11:16:24+00:00","dateModified":"2025-11-22T12:17:03+00:00","mainEntityOfPage":{"@id":"https:\/\/diariotextual.com\/inicio\/index.php\/2025\/11\/22\/la-policia-brasilena-arresto-al-expresidente-jair-bolsonaro\/"},"wordCount":323,"publisher":{"@id":"https:\/\/diariotextual.com\/inicio\/#organization"},"image":{"@id":"https:\/\/diariotextual.com\/inicio\/index.php\/2025\/11\/22\/la-policia-brasilena-arresto-al-expresidente-jair-bolsonaro\/#primaryimage"},"thumbnailUrl":"https:\/\/diariotextual.com\/inicio\/wp-content\/uploads\/2022\/01\/bolsonarojair2022-1.jpg","articleSection":["A - ES NOTICIA (van abajo)","MUNDO"],"inLanguage":"es"},{"@type":"WebPage","@id":"https:\/\/diariotextual.com\/inicio\/index.php\/2025\/11\/22\/la-policia-brasilena-arresto-al-expresidente-jair-bolsonaro\/","url":"https:\/\/diariotextual.com\/inicio\/index.php\/2025\/11\/22\/la-policia-brasilena-arresto-al-expresidente-jair-bolsonaro\/","name":"La Polic\u00eda brasile\u00f1a arrest\u00f3 al expresidente Jair Bolsonaro - Diario Textual","isPartOf":{"@id":"https:\/\/diariotextual.com\/inicio\/#website"},"primaryImageOfPage":{"@id":"https:\/\/diariotextual.com\/inicio\/index.php\/2025\/11\/22\/la-policia-brasilena-arresto-al-expresidente-jair-bolsonaro\/#primaryimage"},"image":{"@id":"https:\/\/diariotextual.com\/inicio\/index.php\/2025\/11\/22\/la-policia-brasilena-arresto-al-expresidente-jair-bolsonaro\/#primaryimage"},"thumbnailUrl":"https:\/\/diariotextual.com\/inicio\/wp-content\/uploads\/2022\/01\/bolsonarojair2022-1.jpg","datePublished":"2025-11-22T11:16:24+00:00","dateModified":"2025-11-22T12:17:03+00:00","breadcrumb":{"@id":"https:\/\/diariotextual.com\/inicio\/index.php\/2025\/11\/22\/la-policia-brasilena-arresto-al-expresidente-jair-bolsonaro\/#breadcrumb"},"inLanguage":"es","potentialAction":[{"@type":"ReadAction","target":["https:\/\/diariotextual.com\/inicio\/index.php\/2025\/11\/22\/la-policia-brasilena-arresto-al-expresidente-jair-bolsonaro\/"]}]},{"@type":"ImageObject","inLanguage":"es","@id":"https:\/\/diariotextual.com\/inicio\/index.php\/2025\/11\/22\/la-policia-brasilena-arresto-al-expresidente-jair-bolsonaro\/#primaryimage","url":"https:\/\/diariotextual.com\/inicio\/wp-content\/uploads\/2022\/01\/bolsonarojair2022-1.jpg","contentUrl":"https:\/\/diariotextual.com\/inicio\/wp-content\/uploads\/2022\/01\/bolsonarojair2022-1.jpg","width":900,"height":506},{"@type":"BreadcrumbList","@id":"https:\/\/diariotextual.com\/inicio\/index.php\/2025\/11\/22\/la-policia-brasilena-arresto-al-expresidente-jair-bolsonaro\/#breadcrumb","itemListElement":[{"@type":"ListItem","position":1,"name":"Portada","item":"https:\/\/diariotextual.com\/inicio\/"},{"@type":"ListItem","position":2,"name":"La Polic\u00eda brasile\u00f1a arrest\u00f3 al expresidente Jair Bolsonaro"}]},{"@type":"WebSite","@id":"https:\/\/diariotextual.com\/inicio\/#website","url":"https:\/\/diariotextual.com\/inicio\/","name":"Diario Textual","description":"","publisher":{"@id":"https:\/\/diariotextual.com\/inicio\/#organization"},"potentialAction":[{"@type":"SearchAction","target":{"@type":"EntryPoint","urlTemplate":"https:\/\/diariotextual.com\/inicio\/?s={search_term_string}"},"query-input":{"@type":"PropertyValueSpecification","valueRequired":true,"valueName":"search_term_string"}}],"inLanguage":"es"},{"@type":"Organization","@id":"https:\/\/diariotextual.com\/inicio\/#organization","name":"Diario Textual","url":"https:\/\/diariotextual.com\/inicio\/","logo":{"@type":"ImageObject","inLanguage":"es","@id":"https:\/\/diariotextual.com\/inicio\/#\/schema\/logo\/image\/","url":"https:\/\/diariotextual.com\/inicio\/wp-content\/uploads\/2023\/05\/logotextual1.jpg","contentUrl":"https:\/\/diariotextual.com\/inicio\/wp-content\/uploads\/2023\/05\/logotextual1.jpg","width":516,"height":76,"caption":"Diario Textual"},"image":{"@id":"https:\/\/diariotextual.com\/inicio\/#\/schema\/logo\/image\/"},"sameAs":["https:\/\/www.facebook.com\/eltextual","https:\/\/x.com\/eltextual","http:\/\/www.instagram.com\/eltextual"]},{"@type":"Person","@id":"https:\/\/diariotextual.com\/inicio\/#\/schema\/person\/418fc4093c33e86ed41562db3508f958","name":"Diario1 Diario1","image":{"@type":"ImageObject","inLanguage":"es","@id":"https:\/\/secure.gravatar.com\/avatar\/9167d280179c85bc18be67aa7eda765854300033af4896dd779b608640f2ef7a?s=96&d=mm&r=g","url":"https:\/\/secure.gravatar.com\/avatar\/9167d280179c85bc18be67aa7eda765854300033af4896dd779b608640f2ef7a?s=96&d=mm&r=g","contentUrl":"https:\/\/secure.gravatar.com\/avatar\/9167d280179c85bc18be67aa7eda765854300033af4896dd779b608640f2ef7a?s=96&d=mm&r=g","caption":"Diario1 Diario1"},"url":"https:\/\/diariotextual.com\/inicio\/index.php\/author\/diario1\/"}]}},"_links":{"self":[{"href":"https:\/\/diariotextual.com\/inicio\/index.php\/wp-json\/wp\/v2\/posts\/313635","targetHints":{"allow":["GET"]}}],"collection":[{"href":"https:\/\/diariotextual.com\/inicio\/index.php\/wp-json\/wp\/v2\/posts"}],"about":[{"href":"https:\/\/diariotextual.com\/inicio\/index.php\/wp-json\/wp\/v2\/types\/post"}],"author":[{"embeddable":true,"href":"https:\/\/diariotextual.com\/inicio\/index.php\/wp-json\/wp\/v2\/users\/3"}],"replies":[{"embeddable":true,"href":"https:\/\/diariotextual.com\/inicio\/index.php\/wp-json\/wp\/v2\/comments?post=313635"}],"version-history":[{"count":4,"href":"https:\/\/diariotextual.com\/inicio\/index.php\/wp-json\/wp\/v2\/posts\/313635\/revisions"}],"predecessor-version":[{"id":313640,"href":"https:\/\/diariotextual.com\/inicio\/index.php\/wp-json\/wp\/v2\/posts\/313635\/revisions\/313640"}],"wp:featuredmedia":[{"embeddable":true,"href":"https:\/\/diariotextual.com\/inicio\/index.php\/wp-json\/wp\/v2\/media\/175132"}],"wp:attachment":[{"href":"https:\/\/diariotextual.com\/inicio\/index.php\/wp-json\/wp\/v2\/media?parent=313635"}],"wp:term":[{"taxonomy":"category","embeddable":true,"href":"https:\/\/diariotextual.com\/inicio\/index.php\/wp-json\/wp\/v2\/categories?post=313635"},{"taxonomy":"post_tag","embeddable":true,"href":"https:\/\/diariotextual.com\/inicio\/index.php\/wp-json\/wp\/v2\/tags?post=313635"}],"curies":[{"name":"wp","href":"https:\/\/api.w.org\/{rel}","templated":true}]}}