{"id":314131,"date":"2025-11-28T10:41:26","date_gmt":"2025-11-28T13:41:26","guid":{"rendered":"https:\/\/diariotextual.com\/inicio\/?p=314131"},"modified":"2025-11-28T13:34:31","modified_gmt":"2025-11-28T16:34:31","slug":"fuerte-suba-de-tarifas-de-luz-y-gas-el-gobierno-nacional-aplicara-nueva-quita-de-subsidios","status":"publish","type":"post","link":"https:\/\/diariotextual.com\/inicio\/index.php\/2025\/11\/28\/fuerte-suba-de-tarifas-de-luz-y-gas-el-gobierno-nacional-aplicara-nueva-quita-de-subsidios\/","title":{"rendered":"Fuerte suba de tarifas de luz y gas: el Gobierno nacional aplicar\u00e1 nueva quita de subsidios"},"content":{"rendered":"\n<p>El <strong>gobierno de Javier Milei <\/strong>pondr\u00e1 en marcha a partir del pr\u00f3ximo a\u00f1o un <strong>nuevo esquema de subsidios energ\u00e9ticos<\/strong>. Desde <strong>enero, se establecer\u00e1 un r\u00e9gimen \u00fanico y simplificado para los consumos de energ\u00eda<\/strong>, que en la pr\u00e1ctica implicar\u00e1 la quita de las subvenciones para una porci\u00f3n importante de los hogares y un <strong>fuerte incremento en las tarifas de luz, gas natural, garrafas y gas propano<\/strong> por redes.<\/p>\n\n\n\n<p>El proyecto <strong>elimina la segmentaci\u00f3n por niveles N1, N2 y N3, as\u00ed como el Programa Hogar y la Tarifa Social de Gas como esquemas separados.<\/strong> En su lugar, quedan <strong>definidas solo dos categor\u00edas: hogares con subsidio y hogares sin subsidio, determinadas por los ingresos<\/strong>, el patrimonio y la condici\u00f3n socioecon\u00f3mica de cada grupo familiar.<\/p>\n\n\n\n<p>Bajo el nuevo sistema, <strong>recibir\u00e1n asistencia los hogares con ingresos menores a tres Canastas B\u00e1sicas Totales, equivalentes a $3.641.397.<\/strong><\/p>\n\n\n\n<p>Quienes <strong>ya est\u00e9n inscriptos en el Registro de Acceso a los Subsidios Energ\u00e9ticos (RASE) no deber\u00e1n realizar un nuevo tr\u00e1mite<\/strong>: su informaci\u00f3n ser\u00e1 migrada autom\u00e1ticamente, con posibilidad de actualizaci\u00f3n mediante declaraci\u00f3n jurada.<\/p>\n\n\n\n<div style=\"height:100px\" aria-hidden=\"true\" class=\"wp-block-spacer\"><\/div>\n\n\n\n<p><strong>Los que perder\u00e1n los subsidios<\/strong><\/p>\n\n\n\n<p>El r\u00e9gimen<strong> incorpora a 3.364.065 usuarios del Programa Hogar, que pasar\u00e1n a recibir el subsidio bajo reglas unificadas<\/strong>. A su vez, los usuarios de gas propano indiluido por redes y de garrafas de GLP de 10 kilos podr\u00e1n inscribirse a partir de enero en <a href=\"http:\/\/www.argentina.gob.ar\/subsidios\">www.argentina.gob.ar\/subsidios<\/a><\/p>\n\n\n\n<p>En electricidad, <strong>los hogares que califiquen tendr\u00e1n una bonificaci\u00f3n base del 50% durante todo el a\u00f1o, aplicada sobre un bloque de 300 kWh mensuales en los meses de mayor demanda<\/strong> y de 150 kWh en los meses templados.<\/p>\n\n\n\n<p>Para el gas por redes, el subsidio del 50% se concentrar\u00e1 entre abril y septiembre, per\u00edodo vde mayor consumo. En los meses de bajo consumo no habr\u00e1 subsidio. Por su parte, los vol\u00famenes de consumo subsidiado de gas natural se mantienen, ya que los bloques base vigentes contemplan las necesidades estacionales de cada regi\u00f3n.<\/p>\n\n\n\n<p>De forma extraordinaria, y solo durante 2026, el Gobierno nacional incluir\u00e1 una bonificaci\u00f3n adicional del 25% en enero para ambos servicios. En electricidad, ese mes el subsidio total llegar\u00e1 al 75%, mientras que en gas, que no cuenta con subsidio base en verano, la bonificaci\u00f3n ser\u00e1 del 25%. Ese componente adicional se ir\u00e1 reduciendo mes a mes hasta desaparecer en diciembre de 2026, public\u00f3 el portal \u00c1mbito Financiero.<\/p>\n\n\n\n<p>Desde el Gobierno aseguraron que la revisi\u00f3n del sistema permiti\u00f3 detectar irregularidades significativas. Seg\u00fan datos del Ministerio de Econom\u00eda, 2.590.000 millones de usuarios recib\u00edan subsidio de ingresos bajos sin cumplir los requisitos, entre ellos 370.000 solicitudes a nombre de personas fallecidas.<\/p>\n\n\n\n<p>Adem\u00e1s, <strong>se localizaron 15.518 hogares ubicados en countries y clubes de campo que recib\u00edan subsidios como si fueran de bajos ingresos.<\/strong><\/p>\n","protected":false},"excerpt":{"rendered":"<p>El gobierno de Javier Milei pondr\u00e1 en marcha a partir del pr\u00f3ximo a\u00f1o un nuevo esquema de subsidios energ\u00e9ticos. Desde enero, se establecer\u00e1 un r\u00e9gimen \u00fanico y simplificado para los&hellip;<\/p>\n","protected":false},"author":5,"featured_media":314133,"comment_status":"closed","ping_status":"open","sticky":false,"template":"","format":"standard","meta":{"_acf_changed":false,"footnotes":""},"categories":[4,5],"tags":[],"class_list":["post-314131","post","type-post","status-publish","format-standard","has-post-thumbnail","hentry","category-destacadas","category-economia"],"acf":[],"yoast_head":"<!-- This site is optimized with the Yoast SEO plugin v27.4 - https:\/\/yoast.com\/product\/yoast-seo-wordpress\/ -->\n<title>Fuerte suba de tarifas de luz y gas: el Gobierno nacional aplicar\u00e1 nueva quita de subsidios - Diario Textual<\/title>\n<meta name=\"robots\" content=\"index, follow, max-snippet:-1, max-image-preview:large, max-video-preview:-1\" \/>\n<link rel=\"canonical\" href=\"https:\/\/diariotextual.com\/inicio\/index.php\/2025\/11\/28\/fuerte-suba-de-tarifas-de-luz-y-gas-el-gobierno-nacional-aplicara-nueva-quita-de-subsidios\/\" \/>\n<meta property=\"og:locale\" content=\"es_ES\" \/>\n<meta property=\"og:type\" content=\"article\" \/>\n<meta property=\"og:title\" content=\"Fuerte suba de tarifas de luz y gas: el Gobierno nacional aplicar\u00e1 nueva quita de subsidios - Diario Textual\" \/>\n<meta property=\"og:description\" content=\"El gobierno de Javier Milei pondr\u00e1 en marcha a partir del pr\u00f3ximo a\u00f1o un nuevo esquema de subsidios energ\u00e9ticos. Desde enero, se establecer\u00e1 un r\u00e9gimen \u00fanico y simplificado para los&hellip;\" \/>\n<meta property=\"og:url\" content=\"https:\/\/diariotextual.com\/inicio\/index.php\/2025\/11\/28\/fuerte-suba-de-tarifas-de-luz-y-gas-el-gobierno-nacional-aplicara-nueva-quita-de-subsidios\/\" \/>\n<meta property=\"og:site_name\" content=\"Diario Textual\" \/>\n<meta property=\"article:publisher\" content=\"https:\/\/www.facebook.com\/eltextual\" \/>\n<meta property=\"article:published_time\" content=\"2025-11-28T13:41:26+00:00\" \/>\n<meta property=\"article:modified_time\" content=\"2025-11-28T16:34:31+00:00\" \/>\n<meta property=\"og:image\" content=\"https:\/\/diariotextual.com\/inicio\/wp-content\/uploads\/2025\/11\/luzgas2024.webp\" \/>\n\t<meta property=\"og:image:width\" content=\"1260\" \/>\n\t<meta property=\"og:image:height\" content=\"720\" \/>\n\t<meta property=\"og:image:type\" content=\"image\/webp\" \/>\n<meta name=\"author\" content=\"diario3\" \/>\n<meta name=\"twitter:card\" content=\"summary_large_image\" \/>\n<meta name=\"twitter:creator\" content=\"@eltextual\" \/>\n<meta name=\"twitter:site\" content=\"@eltextual\" \/>\n<meta name=\"twitter:label1\" content=\"Escrito por\" \/>\n\t<meta name=\"twitter:data1\" content=\"diario3\" \/>\n\t<meta name=\"twitter:label2\" content=\"Tiempo de lectura\" \/>\n\t<meta name=\"twitter:data2\" content=\"3 minutos\" \/>\n<script type=\"application\/ld+json\" class=\"yoast-schema-graph\">{\"@context\":\"https:\\\/\\\/schema.org\",\"@graph\":[{\"@type\":\"Article\",\"@id\":\"https:\\\/\\\/diariotextual.com\\\/inicio\\\/index.php\\\/2025\\\/11\\\/28\\\/fuerte-suba-de-tarifas-de-luz-y-gas-el-gobierno-nacional-aplicara-nueva-quita-de-subsidios\\\/#article\",\"isPartOf\":{\"@id\":\"https:\\\/\\\/diariotextual.com\\\/inicio\\\/index.php\\\/2025\\\/11\\\/28\\\/fuerte-suba-de-tarifas-de-luz-y-gas-el-gobierno-nacional-aplicara-nueva-quita-de-subsidios\\\/\"},\"author\":{\"name\":\"diario3\",\"@id\":\"https:\\\/\\\/diariotextual.com\\\/inicio\\\/#\\\/schema\\\/person\\\/a1b6f563e0ee944c60f98119389a4d9f\"},\"headline\":\"Fuerte suba de tarifas de luz y gas: el Gobierno nacional aplicar\u00e1 nueva quita de subsidios\",\"datePublished\":\"2025-11-28T13:41:26+00:00\",\"dateModified\":\"2025-11-28T16:34:31+00:00\",\"mainEntityOfPage\":{\"@id\":\"https:\\\/\\\/diariotextual.com\\\/inicio\\\/index.php\\\/2025\\\/11\\\/28\\\/fuerte-suba-de-tarifas-de-luz-y-gas-el-gobierno-nacional-aplicara-nueva-quita-de-subsidios\\\/\"},\"wordCount\":488,\"publisher\":{\"@id\":\"https:\\\/\\\/diariotextual.com\\\/inicio\\\/#organization\"},\"image\":{\"@id\":\"https:\\\/\\\/diariotextual.com\\\/inicio\\\/index.php\\\/2025\\\/11\\\/28\\\/fuerte-suba-de-tarifas-de-luz-y-gas-el-gobierno-nacional-aplicara-nueva-quita-de-subsidios\\\/#primaryimage\"},\"thumbnailUrl\":\"https:\\\/\\\/diariotextual.com\\\/inicio\\\/wp-content\\\/uploads\\\/2025\\\/11\\\/luzgas2024.webp\",\"articleSection\":[\"A - DESTACADAS (mod 16)\",\"ECONOMIA\"],\"inLanguage\":\"es\"},{\"@type\":\"WebPage\",\"@id\":\"https:\\\/\\\/diariotextual.com\\\/inicio\\\/index.php\\\/2025\\\/11\\\/28\\\/fuerte-suba-de-tarifas-de-luz-y-gas-el-gobierno-nacional-aplicara-nueva-quita-de-subsidios\\\/\",\"url\":\"https:\\\/\\\/diariotextual.com\\\/inicio\\\/index.php\\\/2025\\\/11\\\/28\\\/fuerte-suba-de-tarifas-de-luz-y-gas-el-gobierno-nacional-aplicara-nueva-quita-de-subsidios\\\/\",\"name\":\"Fuerte suba de tarifas de luz y gas: el Gobierno nacional aplicar\u00e1 nueva quita de subsidios - Diario Textual\",\"isPartOf\":{\"@id\":\"https:\\\/\\\/diariotextual.com\\\/inicio\\\/#website\"},\"primaryImageOfPage\":{\"@id\":\"https:\\\/\\\/diariotextual.com\\\/inicio\\\/index.php\\\/2025\\\/11\\\/28\\\/fuerte-suba-de-tarifas-de-luz-y-gas-el-gobierno-nacional-aplicara-nueva-quita-de-subsidios\\\/#primaryimage\"},\"image\":{\"@id\":\"https:\\\/\\\/diariotextual.com\\\/inicio\\\/index.php\\\/2025\\\/11\\\/28\\\/fuerte-suba-de-tarifas-de-luz-y-gas-el-gobierno-nacional-aplicara-nueva-quita-de-subsidios\\\/#primaryimage\"},\"thumbnailUrl\":\"https:\\\/\\\/diariotextual.com\\\/inicio\\\/wp-content\\\/uploads\\\/2025\\\/11\\\/luzgas2024.webp\",\"datePublished\":\"2025-11-28T13:41:26+00:00\",\"dateModified\":\"2025-11-28T16:34:31+00:00\",\"breadcrumb\":{\"@id\":\"https:\\\/\\\/diariotextual.com\\\/inicio\\\/index.php\\\/2025\\\/11\\\/28\\\/fuerte-suba-de-tarifas-de-luz-y-gas-el-gobierno-nacional-aplicara-nueva-quita-de-subsidios\\\/#breadcrumb\"},\"inLanguage\":\"es\",\"potentialAction\":[{\"@type\":\"ReadAction\",\"target\":[\"https:\\\/\\\/diariotextual.com\\\/inicio\\\/index.php\\\/2025\\\/11\\\/28\\\/fuerte-suba-de-tarifas-de-luz-y-gas-el-gobierno-nacional-aplicara-nueva-quita-de-subsidios\\\/\"]}]},{\"@type\":\"ImageObject\",\"inLanguage\":\"es\",\"@id\":\"https:\\\/\\\/diariotextual.com\\\/inicio\\\/index.php\\\/2025\\\/11\\\/28\\\/fuerte-suba-de-tarifas-de-luz-y-gas-el-gobierno-nacional-aplicara-nueva-quita-de-subsidios\\\/#primaryimage\",\"url\":\"https:\\\/\\\/diariotextual.com\\\/inicio\\\/wp-content\\\/uploads\\\/2025\\\/11\\\/luzgas2024.webp\",\"contentUrl\":\"https:\\\/\\\/diariotextual.com\\\/inicio\\\/wp-content\\\/uploads\\\/2025\\\/11\\\/luzgas2024.webp\",\"width\":1260,\"height\":720},{\"@type\":\"BreadcrumbList\",\"@id\":\"https:\\\/\\\/diariotextual.com\\\/inicio\\\/index.php\\\/2025\\\/11\\\/28\\\/fuerte-suba-de-tarifas-de-luz-y-gas-el-gobierno-nacional-aplicara-nueva-quita-de-subsidios\\\/#breadcrumb\",\"itemListElement\":[{\"@type\":\"ListItem\",\"position\":1,\"name\":\"Portada\",\"item\":\"https:\\\/\\\/diariotextual.com\\\/inicio\\\/\"},{\"@type\":\"ListItem\",\"position\":2,\"name\":\"Fuerte suba de tarifas de luz y gas: el Gobierno nacional aplicar\u00e1 nueva quita de subsidios\"}]},{\"@type\":\"WebSite\",\"@id\":\"https:\\\/\\\/diariotextual.com\\\/inicio\\\/#website\",\"url\":\"https:\\\/\\\/diariotextual.com\\\/inicio\\\/\",\"name\":\"Diario Textual\",\"description\":\"\",\"publisher\":{\"@id\":\"https:\\\/\\\/diariotextual.com\\\/inicio\\\/#organization\"},\"potentialAction\":[{\"@type\":\"SearchAction\",\"target\":{\"@type\":\"EntryPoint\",\"urlTemplate\":\"https:\\\/\\\/diariotextual.com\\\/inicio\\\/?s={search_term_string}\"},\"query-input\":{\"@type\":\"PropertyValueSpecification\",\"valueRequired\":true,\"valueName\":\"search_term_string\"}}],\"inLanguage\":\"es\"},{\"@type\":\"Organization\",\"@id\":\"https:\\\/\\\/diariotextual.com\\\/inicio\\\/#organization\",\"name\":\"Diario Textual\",\"url\":\"https:\\\/\\\/diariotextual.com\\\/inicio\\\/\",\"logo\":{\"@type\":\"ImageObject\",\"inLanguage\":\"es\",\"@id\":\"https:\\\/\\\/diariotextual.com\\\/inicio\\\/#\\\/schema\\\/logo\\\/image\\\/\",\"url\":\"https:\\\/\\\/diariotextual.com\\\/inicio\\\/wp-content\\\/uploads\\\/2023\\\/05\\\/logotextual1.jpg\",\"contentUrl\":\"https:\\\/\\\/diariotextual.com\\\/inicio\\\/wp-content\\\/uploads\\\/2023\\\/05\\\/logotextual1.jpg\",\"width\":516,\"height\":76,\"caption\":\"Diario Textual\"},\"image\":{\"@id\":\"https:\\\/\\\/diariotextual.com\\\/inicio\\\/#\\\/schema\\\/logo\\\/image\\\/\"},\"sameAs\":[\"https:\\\/\\\/www.facebook.com\\\/eltextual\",\"https:\\\/\\\/x.com\\\/eltextual\",\"http:\\\/\\\/www.instagram.com\\\/eltextual\"]},{\"@type\":\"Person\",\"@id\":\"https:\\\/\\\/diariotextual.com\\\/inicio\\\/#\\\/schema\\\/person\\\/a1b6f563e0ee944c60f98119389a4d9f\",\"name\":\"diario3\",\"image\":{\"@type\":\"ImageObject\",\"inLanguage\":\"es\",\"@id\":\"https:\\\/\\\/secure.gravatar.com\\\/avatar\\\/5e7ee62c82fc04d9dd79d746a390d93c69c43223e5faeeb3ea9461ef752bfc5d?s=96&d=mm&r=g\",\"url\":\"https:\\\/\\\/secure.gravatar.com\\\/avatar\\\/5e7ee62c82fc04d9dd79d746a390d93c69c43223e5faeeb3ea9461ef752bfc5d?s=96&d=mm&r=g\",\"contentUrl\":\"https:\\\/\\\/secure.gravatar.com\\\/avatar\\\/5e7ee62c82fc04d9dd79d746a390d93c69c43223e5faeeb3ea9461ef752bfc5d?s=96&d=mm&r=g\",\"caption\":\"diario3\"},\"url\":\"https:\\\/\\\/diariotextual.com\\\/inicio\\\/index.php\\\/author\\\/diario3\\\/\"}]}<\/script>\n<!-- \/ Yoast SEO plugin. -->","yoast_head_json":{"title":"Fuerte suba de tarifas de luz y gas: el Gobierno nacional aplicar\u00e1 nueva quita de subsidios - Diario Textual","robots":{"index":"index","follow":"follow","max-snippet":"max-snippet:-1","max-image-preview":"max-image-preview:large","max-video-preview":"max-video-preview:-1"},"canonical":"https:\/\/diariotextual.com\/inicio\/index.php\/2025\/11\/28\/fuerte-suba-de-tarifas-de-luz-y-gas-el-gobierno-nacional-aplicara-nueva-quita-de-subsidios\/","og_locale":"es_ES","og_type":"article","og_title":"Fuerte suba de tarifas de luz y gas: el Gobierno nacional aplicar\u00e1 nueva quita de subsidios - Diario Textual","og_description":"El gobierno de Javier Milei pondr\u00e1 en marcha a partir del pr\u00f3ximo a\u00f1o un nuevo esquema de subsidios energ\u00e9ticos. Desde enero, se establecer\u00e1 un r\u00e9gimen \u00fanico y simplificado para los&hellip;","og_url":"https:\/\/diariotextual.com\/inicio\/index.php\/2025\/11\/28\/fuerte-suba-de-tarifas-de-luz-y-gas-el-gobierno-nacional-aplicara-nueva-quita-de-subsidios\/","og_site_name":"Diario Textual","article_publisher":"https:\/\/www.facebook.com\/eltextual","article_published_time":"2025-11-28T13:41:26+00:00","article_modified_time":"2025-11-28T16:34:31+00:00","og_image":[{"width":1260,"height":720,"url":"https:\/\/diariotextual.com\/inicio\/wp-content\/uploads\/2025\/11\/luzgas2024.webp","type":"image\/webp"}],"author":"diario3","twitter_card":"summary_large_image","twitter_creator":"@eltextual","twitter_site":"@eltextual","twitter_misc":{"Escrito por":"diario3","Tiempo de lectura":"3 minutos"},"schema":{"@context":"https:\/\/schema.org","@graph":[{"@type":"Article","@id":"https:\/\/diariotextual.com\/inicio\/index.php\/2025\/11\/28\/fuerte-suba-de-tarifas-de-luz-y-gas-el-gobierno-nacional-aplicara-nueva-quita-de-subsidios\/#article","isPartOf":{"@id":"https:\/\/diariotextual.com\/inicio\/index.php\/2025\/11\/28\/fuerte-suba-de-tarifas-de-luz-y-gas-el-gobierno-nacional-aplicara-nueva-quita-de-subsidios\/"},"author":{"name":"diario3","@id":"https:\/\/diariotextual.com\/inicio\/#\/schema\/person\/a1b6f563e0ee944c60f98119389a4d9f"},"headline":"Fuerte suba de tarifas de luz y gas: el Gobierno nacional aplicar\u00e1 nueva quita de subsidios","datePublished":"2025-11-28T13:41:26+00:00","dateModified":"2025-11-28T16:34:31+00:00","mainEntityOfPage":{"@id":"https:\/\/diariotextual.com\/inicio\/index.php\/2025\/11\/28\/fuerte-suba-de-tarifas-de-luz-y-gas-el-gobierno-nacional-aplicara-nueva-quita-de-subsidios\/"},"wordCount":488,"publisher":{"@id":"https:\/\/diariotextual.com\/inicio\/#organization"},"image":{"@id":"https:\/\/diariotextual.com\/inicio\/index.php\/2025\/11\/28\/fuerte-suba-de-tarifas-de-luz-y-gas-el-gobierno-nacional-aplicara-nueva-quita-de-subsidios\/#primaryimage"},"thumbnailUrl":"https:\/\/diariotextual.com\/inicio\/wp-content\/uploads\/2025\/11\/luzgas2024.webp","articleSection":["A - DESTACADAS (mod 16)","ECONOMIA"],"inLanguage":"es"},{"@type":"WebPage","@id":"https:\/\/diariotextual.com\/inicio\/index.php\/2025\/11\/28\/fuerte-suba-de-tarifas-de-luz-y-gas-el-gobierno-nacional-aplicara-nueva-quita-de-subsidios\/","url":"https:\/\/diariotextual.com\/inicio\/index.php\/2025\/11\/28\/fuerte-suba-de-tarifas-de-luz-y-gas-el-gobierno-nacional-aplicara-nueva-quita-de-subsidios\/","name":"Fuerte suba de tarifas de luz y gas: el Gobierno nacional aplicar\u00e1 nueva quita de subsidios - Diario Textual","isPartOf":{"@id":"https:\/\/diariotextual.com\/inicio\/#website"},"primaryImageOfPage":{"@id":"https:\/\/diariotextual.com\/inicio\/index.php\/2025\/11\/28\/fuerte-suba-de-tarifas-de-luz-y-gas-el-gobierno-nacional-aplicara-nueva-quita-de-subsidios\/#primaryimage"},"image":{"@id":"https:\/\/diariotextual.com\/inicio\/index.php\/2025\/11\/28\/fuerte-suba-de-tarifas-de-luz-y-gas-el-gobierno-nacional-aplicara-nueva-quita-de-subsidios\/#primaryimage"},"thumbnailUrl":"https:\/\/diariotextual.com\/inicio\/wp-content\/uploads\/2025\/11\/luzgas2024.webp","datePublished":"2025-11-28T13:41:26+00:00","dateModified":"2025-11-28T16:34:31+00:00","breadcrumb":{"@id":"https:\/\/diariotextual.com\/inicio\/index.php\/2025\/11\/28\/fuerte-suba-de-tarifas-de-luz-y-gas-el-gobierno-nacional-aplicara-nueva-quita-de-subsidios\/#breadcrumb"},"inLanguage":"es","potentialAction":[{"@type":"ReadAction","target":["https:\/\/diariotextual.com\/inicio\/index.php\/2025\/11\/28\/fuerte-suba-de-tarifas-de-luz-y-gas-el-gobierno-nacional-aplicara-nueva-quita-de-subsidios\/"]}]},{"@type":"ImageObject","inLanguage":"es","@id":"https:\/\/diariotextual.com\/inicio\/index.php\/2025\/11\/28\/fuerte-suba-de-tarifas-de-luz-y-gas-el-gobierno-nacional-aplicara-nueva-quita-de-subsidios\/#primaryimage","url":"https:\/\/diariotextual.com\/inicio\/wp-content\/uploads\/2025\/11\/luzgas2024.webp","contentUrl":"https:\/\/diariotextual.com\/inicio\/wp-content\/uploads\/2025\/11\/luzgas2024.webp","width":1260,"height":720},{"@type":"BreadcrumbList","@id":"https:\/\/diariotextual.com\/inicio\/index.php\/2025\/11\/28\/fuerte-suba-de-tarifas-de-luz-y-gas-el-gobierno-nacional-aplicara-nueva-quita-de-subsidios\/#breadcrumb","itemListElement":[{"@type":"ListItem","position":1,"name":"Portada","item":"https:\/\/diariotextual.com\/inicio\/"},{"@type":"ListItem","position":2,"name":"Fuerte suba de tarifas de luz y gas: el Gobierno nacional aplicar\u00e1 nueva quita de subsidios"}]},{"@type":"WebSite","@id":"https:\/\/diariotextual.com\/inicio\/#website","url":"https:\/\/diariotextual.com\/inicio\/","name":"Diario Textual","description":"","publisher":{"@id":"https:\/\/diariotextual.com\/inicio\/#organization"},"potentialAction":[{"@type":"SearchAction","target":{"@type":"EntryPoint","urlTemplate":"https:\/\/diariotextual.com\/inicio\/?s={search_term_string}"},"query-input":{"@type":"PropertyValueSpecification","valueRequired":true,"valueName":"search_term_string"}}],"inLanguage":"es"},{"@type":"Organization","@id":"https:\/\/diariotextual.com\/inicio\/#organization","name":"Diario Textual","url":"https:\/\/diariotextual.com\/inicio\/","logo":{"@type":"ImageObject","inLanguage":"es","@id":"https:\/\/diariotextual.com\/inicio\/#\/schema\/logo\/image\/","url":"https:\/\/diariotextual.com\/inicio\/wp-content\/uploads\/2023\/05\/logotextual1.jpg","contentUrl":"https:\/\/diariotextual.com\/inicio\/wp-content\/uploads\/2023\/05\/logotextual1.jpg","width":516,"height":76,"caption":"Diario Textual"},"image":{"@id":"https:\/\/diariotextual.com\/inicio\/#\/schema\/logo\/image\/"},"sameAs":["https:\/\/www.facebook.com\/eltextual","https:\/\/x.com\/eltextual","http:\/\/www.instagram.com\/eltextual"]},{"@type":"Person","@id":"https:\/\/diariotextual.com\/inicio\/#\/schema\/person\/a1b6f563e0ee944c60f98119389a4d9f","name":"diario3","image":{"@type":"ImageObject","inLanguage":"es","@id":"https:\/\/secure.gravatar.com\/avatar\/5e7ee62c82fc04d9dd79d746a390d93c69c43223e5faeeb3ea9461ef752bfc5d?s=96&d=mm&r=g","url":"https:\/\/secure.gravatar.com\/avatar\/5e7ee62c82fc04d9dd79d746a390d93c69c43223e5faeeb3ea9461ef752bfc5d?s=96&d=mm&r=g","contentUrl":"https:\/\/secure.gravatar.com\/avatar\/5e7ee62c82fc04d9dd79d746a390d93c69c43223e5faeeb3ea9461ef752bfc5d?s=96&d=mm&r=g","caption":"diario3"},"url":"https:\/\/diariotextual.com\/inicio\/index.php\/author\/diario3\/"}]}},"_links":{"self":[{"href":"https:\/\/diariotextual.com\/inicio\/index.php\/wp-json\/wp\/v2\/posts\/314131","targetHints":{"allow":["GET"]}}],"collection":[{"href":"https:\/\/diariotextual.com\/inicio\/index.php\/wp-json\/wp\/v2\/posts"}],"about":[{"href":"https:\/\/diariotextual.com\/inicio\/index.php\/wp-json\/wp\/v2\/types\/post"}],"author":[{"embeddable":true,"href":"https:\/\/diariotextual.com\/inicio\/index.php\/wp-json\/wp\/v2\/users\/5"}],"replies":[{"embeddable":true,"href":"https:\/\/diariotextual.com\/inicio\/index.php\/wp-json\/wp\/v2\/comments?post=314131"}],"version-history":[{"count":1,"href":"https:\/\/diariotextual.com\/inicio\/index.php\/wp-json\/wp\/v2\/posts\/314131\/revisions"}],"predecessor-version":[{"id":314134,"href":"https:\/\/diariotextual.com\/inicio\/index.php\/wp-json\/wp\/v2\/posts\/314131\/revisions\/314134"}],"wp:featuredmedia":[{"embeddable":true,"href":"https:\/\/diariotextual.com\/inicio\/index.php\/wp-json\/wp\/v2\/media\/314133"}],"wp:attachment":[{"href":"https:\/\/diariotextual.com\/inicio\/index.php\/wp-json\/wp\/v2\/media?parent=314131"}],"wp:term":[{"taxonomy":"category","embeddable":true,"href":"https:\/\/diariotextual.com\/inicio\/index.php\/wp-json\/wp\/v2\/categories?post=314131"},{"taxonomy":"post_tag","embeddable":true,"href":"https:\/\/diariotextual.com\/inicio\/index.php\/wp-json\/wp\/v2\/tags?post=314131"}],"curies":[{"name":"wp","href":"https:\/\/api.w.org\/{rel}","templated":true}]}}