{"id":314298,"date":"2025-12-01T17:22:32","date_gmt":"2025-12-01T20:22:32","guid":{"rendered":"https:\/\/diariotextual.com\/inicio\/?p=314298"},"modified":"2025-12-01T17:22:34","modified_gmt":"2025-12-01T20:22:34","slug":"jornada-de-cierre-de-los-talleres-de-la-cooperativa-popular-de-electricidad","status":"publish","type":"post","link":"https:\/\/diariotextual.com\/inicio\/index.php\/2025\/12\/01\/jornada-de-cierre-de-los-talleres-de-la-cooperativa-popular-de-electricidad\/","title":{"rendered":"Jornada de cierre de los talleres de la Cooperativa Popular de Electricidad"},"content":{"rendered":"\n<p>Con la participaci\u00f3n de un gran n\u00famero de p\u00fablico, <strong>el s\u00e1bado 29 de noviembre, el Centro Municipal de Cultura (CMC)<\/strong> fue escenario de la exposici\u00f3n de cierre de ciclo de los Talleres de Capacitaci\u00f3n de la CPE, que <strong>este a\u00f1o reunieron a m\u00e1s de 500 alumnas y alumnos, alrededor de 25 propuestas en Santa Rosa y Toay.<\/strong><\/p>\n\n\n\n<p>Como en cada edici\u00f3n, el cierre de actividades es la oportunidad en la que las y los talleristas muestran el avance alcanzado en cada uno de los espacios de formaci\u00f3n que, desde hace m\u00e1s de dos d\u00e9cadas, la CPE sostiene y pone a disposici\u00f3n de la comunidad, ofreciendo propuestas recreativas, culturales y de formaci\u00f3n en oficios.<\/p>\n\n\n\n<p>Los talleristas agradecieron a la cooperativa por el apoyo y la oportunidad de desarrollar sus proyectos de formaci\u00f3n, y destacaron el compromiso de la instituci\u00f3n con actividades que re\u00fanen a una gran cantidad de personas de todas las edades.<\/p>\n\n\n\n<p>El presidente del Consejo de Administraci\u00f3n, Manuel Simpson, celebr\u00f3 que cada a\u00f1o se sumen m\u00e1s alumnos y alumnas a los talleres, lo que ratifica el acierto de sostener este programa institucional a lo largo del tiempo, y destac\u00f3 la labor que llevan a cabo los responsables de cada espacio.<\/p>\n\n\n\n<p>Desde las diez de la ma\u00f1ana hubo exposiciones de lo realizado en los talleres de \u201cAlimentaci\u00f3n saludable y deportes\u201d, \u201cAlfabetizaci\u00f3n digital\u201d, \u201cArte y dise\u00f1o\u201d, \u201cDibujo y pintura\u201d, \u201cInicio de corte y confecci\u00f3n\u201d, \u201cMosaiquismo\u201d, \u201cC\u00f3mic y manga\u201d, \u201cEscultura de dinosaurios\u201d, \u201cPeluquer\u00eda\u201d, \u201cMacram\u00e9\u201d, \u201cRePintar muebles y ambientes\u201d, \u201cEncuadernaci\u00f3n artesanal\u201d, \u201cArte y reciclado\u201d, \u201cIniciaci\u00f3n al dibujo\u201d, \u201cAeromodelismo\u201d y \u201cEmprendimientos y finanzas\u201d.<\/p>\n\n\n\n<p>Durante la actividad, los talleres de \u201cYoga\u201d ofrecieron una clase abierta para todas las personas que quisieran explorar la disciplina y, cerca del mediod\u00eda, en el escenario auditorio \u201cBustriazo Ortiz\u201d del CMC, fue el turno de los talleres de \u201cTeatro en movimiento para adultos mayores\u201d, \u201cTango\u201d y \u201cBaile terapia\u201d para mostrar sus trabajos.<\/p>\n\n\n\n<p>Durante diciembre, el Consejo de Administraci\u00f3n definir\u00e1 una nueva convocatoria abierta para la presentaci\u00f3n de los proyectos que integrar\u00e1n el ciclo 2026, cuyas actividades comenzar\u00e1n en marzo pr\u00f3ximo.<\/p>\n","protected":false},"excerpt":{"rendered":"<p>Con la participaci\u00f3n de un gran n\u00famero de p\u00fablico, el s\u00e1bado 29 de noviembre, el Centro Municipal de Cultura (CMC) fue escenario de la exposici\u00f3n de cierre de ciclo de&hellip;<\/p>\n","protected":false},"author":5,"featured_media":314302,"comment_status":"closed","ping_status":"open","sticky":false,"template":"","format":"standard","meta":{"_acf_changed":false,"footnotes":""},"categories":[1,2],"tags":[],"class_list":["post-314298","post","type-post","status-publish","format-standard","has-post-thumbnail","hentry","category-es-noticia","category-cultura"],"acf":[],"yoast_head":"<!-- This site is optimized with the Yoast SEO plugin v27.5 - https:\/\/yoast.com\/product\/yoast-seo-wordpress\/ -->\n<title>Jornada de cierre de los talleres de la Cooperativa Popular de Electricidad - Diario Textual<\/title>\n<meta name=\"robots\" content=\"index, follow, max-snippet:-1, max-image-preview:large, max-video-preview:-1\" \/>\n<link rel=\"canonical\" href=\"https:\/\/diariotextual.com\/inicio\/index.php\/2025\/12\/01\/jornada-de-cierre-de-los-talleres-de-la-cooperativa-popular-de-electricidad\/\" \/>\n<meta property=\"og:locale\" content=\"es_ES\" \/>\n<meta property=\"og:type\" content=\"article\" \/>\n<meta property=\"og:title\" content=\"Jornada de cierre de los talleres de la Cooperativa Popular de Electricidad - Diario Textual\" \/>\n<meta property=\"og:description\" content=\"Con la participaci\u00f3n de un gran n\u00famero de p\u00fablico, el s\u00e1bado 29 de noviembre, el Centro Municipal de Cultura (CMC) fue escenario de la exposici\u00f3n de cierre de ciclo de&hellip;\" \/>\n<meta property=\"og:url\" content=\"https:\/\/diariotextual.com\/inicio\/index.php\/2025\/12\/01\/jornada-de-cierre-de-los-talleres-de-la-cooperativa-popular-de-electricidad\/\" \/>\n<meta property=\"og:site_name\" content=\"Diario Textual\" \/>\n<meta property=\"article:publisher\" content=\"https:\/\/www.facebook.com\/eltextual\" \/>\n<meta property=\"article:published_time\" content=\"2025-12-01T20:22:32+00:00\" \/>\n<meta property=\"article:modified_time\" content=\"2025-12-01T20:22:34+00:00\" \/>\n<meta property=\"og:image\" content=\"https:\/\/diariotextual.com\/inicio\/wp-content\/uploads\/2025\/12\/cpecierretalleres2025.jpg\" \/>\n\t<meta property=\"og:image:width\" content=\"900\" \/>\n\t<meta property=\"og:image:height\" content=\"522\" \/>\n\t<meta property=\"og:image:type\" content=\"image\/jpeg\" \/>\n<meta name=\"author\" content=\"diario3\" \/>\n<meta name=\"twitter:card\" content=\"summary_large_image\" \/>\n<meta name=\"twitter:creator\" content=\"@eltextual\" \/>\n<meta name=\"twitter:site\" content=\"@eltextual\" \/>\n<meta name=\"twitter:label1\" content=\"Escrito por\" \/>\n\t<meta name=\"twitter:data1\" content=\"diario3\" \/>\n\t<meta name=\"twitter:label2\" content=\"Tiempo de lectura\" \/>\n\t<meta name=\"twitter:data2\" content=\"2 minutos\" \/>\n<script type=\"application\/ld+json\" class=\"yoast-schema-graph\">{\"@context\":\"https:\\\/\\\/schema.org\",\"@graph\":[{\"@type\":\"Article\",\"@id\":\"https:\\\/\\\/diariotextual.com\\\/inicio\\\/index.php\\\/2025\\\/12\\\/01\\\/jornada-de-cierre-de-los-talleres-de-la-cooperativa-popular-de-electricidad\\\/#article\",\"isPartOf\":{\"@id\":\"https:\\\/\\\/diariotextual.com\\\/inicio\\\/index.php\\\/2025\\\/12\\\/01\\\/jornada-de-cierre-de-los-talleres-de-la-cooperativa-popular-de-electricidad\\\/\"},\"author\":{\"name\":\"diario3\",\"@id\":\"https:\\\/\\\/diariotextual.com\\\/inicio\\\/#\\\/schema\\\/person\\\/a1b6f563e0ee944c60f98119389a4d9f\"},\"headline\":\"Jornada de cierre de los talleres de la Cooperativa Popular de Electricidad\",\"datePublished\":\"2025-12-01T20:22:32+00:00\",\"dateModified\":\"2025-12-01T20:22:34+00:00\",\"mainEntityOfPage\":{\"@id\":\"https:\\\/\\\/diariotextual.com\\\/inicio\\\/index.php\\\/2025\\\/12\\\/01\\\/jornada-de-cierre-de-los-talleres-de-la-cooperativa-popular-de-electricidad\\\/\"},\"wordCount\":383,\"publisher\":{\"@id\":\"https:\\\/\\\/diariotextual.com\\\/inicio\\\/#organization\"},\"image\":{\"@id\":\"https:\\\/\\\/diariotextual.com\\\/inicio\\\/index.php\\\/2025\\\/12\\\/01\\\/jornada-de-cierre-de-los-talleres-de-la-cooperativa-popular-de-electricidad\\\/#primaryimage\"},\"thumbnailUrl\":\"https:\\\/\\\/diariotextual.com\\\/inicio\\\/wp-content\\\/uploads\\\/2025\\\/12\\\/cpecierretalleres2025.jpg\",\"articleSection\":[\"A - ES NOTICIA (van abajo)\",\"CULTURA\"],\"inLanguage\":\"es\"},{\"@type\":\"WebPage\",\"@id\":\"https:\\\/\\\/diariotextual.com\\\/inicio\\\/index.php\\\/2025\\\/12\\\/01\\\/jornada-de-cierre-de-los-talleres-de-la-cooperativa-popular-de-electricidad\\\/\",\"url\":\"https:\\\/\\\/diariotextual.com\\\/inicio\\\/index.php\\\/2025\\\/12\\\/01\\\/jornada-de-cierre-de-los-talleres-de-la-cooperativa-popular-de-electricidad\\\/\",\"name\":\"Jornada de cierre de los talleres de la Cooperativa Popular de Electricidad - Diario Textual\",\"isPartOf\":{\"@id\":\"https:\\\/\\\/diariotextual.com\\\/inicio\\\/#website\"},\"primaryImageOfPage\":{\"@id\":\"https:\\\/\\\/diariotextual.com\\\/inicio\\\/index.php\\\/2025\\\/12\\\/01\\\/jornada-de-cierre-de-los-talleres-de-la-cooperativa-popular-de-electricidad\\\/#primaryimage\"},\"image\":{\"@id\":\"https:\\\/\\\/diariotextual.com\\\/inicio\\\/index.php\\\/2025\\\/12\\\/01\\\/jornada-de-cierre-de-los-talleres-de-la-cooperativa-popular-de-electricidad\\\/#primaryimage\"},\"thumbnailUrl\":\"https:\\\/\\\/diariotextual.com\\\/inicio\\\/wp-content\\\/uploads\\\/2025\\\/12\\\/cpecierretalleres2025.jpg\",\"datePublished\":\"2025-12-01T20:22:32+00:00\",\"dateModified\":\"2025-12-01T20:22:34+00:00\",\"breadcrumb\":{\"@id\":\"https:\\\/\\\/diariotextual.com\\\/inicio\\\/index.php\\\/2025\\\/12\\\/01\\\/jornada-de-cierre-de-los-talleres-de-la-cooperativa-popular-de-electricidad\\\/#breadcrumb\"},\"inLanguage\":\"es\",\"potentialAction\":[{\"@type\":\"ReadAction\",\"target\":[\"https:\\\/\\\/diariotextual.com\\\/inicio\\\/index.php\\\/2025\\\/12\\\/01\\\/jornada-de-cierre-de-los-talleres-de-la-cooperativa-popular-de-electricidad\\\/\"]}]},{\"@type\":\"ImageObject\",\"inLanguage\":\"es\",\"@id\":\"https:\\\/\\\/diariotextual.com\\\/inicio\\\/index.php\\\/2025\\\/12\\\/01\\\/jornada-de-cierre-de-los-talleres-de-la-cooperativa-popular-de-electricidad\\\/#primaryimage\",\"url\":\"https:\\\/\\\/diariotextual.com\\\/inicio\\\/wp-content\\\/uploads\\\/2025\\\/12\\\/cpecierretalleres2025.jpg\",\"contentUrl\":\"https:\\\/\\\/diariotextual.com\\\/inicio\\\/wp-content\\\/uploads\\\/2025\\\/12\\\/cpecierretalleres2025.jpg\",\"width\":900,\"height\":522,\"caption\":\"????????????????????????????????????\"},{\"@type\":\"BreadcrumbList\",\"@id\":\"https:\\\/\\\/diariotextual.com\\\/inicio\\\/index.php\\\/2025\\\/12\\\/01\\\/jornada-de-cierre-de-los-talleres-de-la-cooperativa-popular-de-electricidad\\\/#breadcrumb\",\"itemListElement\":[{\"@type\":\"ListItem\",\"position\":1,\"name\":\"Portada\",\"item\":\"https:\\\/\\\/diariotextual.com\\\/inicio\\\/\"},{\"@type\":\"ListItem\",\"position\":2,\"name\":\"Jornada de cierre de los talleres de la Cooperativa Popular de Electricidad\"}]},{\"@type\":\"WebSite\",\"@id\":\"https:\\\/\\\/diariotextual.com\\\/inicio\\\/#website\",\"url\":\"https:\\\/\\\/diariotextual.com\\\/inicio\\\/\",\"name\":\"Diario Textual\",\"description\":\"\",\"publisher\":{\"@id\":\"https:\\\/\\\/diariotextual.com\\\/inicio\\\/#organization\"},\"potentialAction\":[{\"@type\":\"SearchAction\",\"target\":{\"@type\":\"EntryPoint\",\"urlTemplate\":\"https:\\\/\\\/diariotextual.com\\\/inicio\\\/?s={search_term_string}\"},\"query-input\":{\"@type\":\"PropertyValueSpecification\",\"valueRequired\":true,\"valueName\":\"search_term_string\"}}],\"inLanguage\":\"es\"},{\"@type\":\"Organization\",\"@id\":\"https:\\\/\\\/diariotextual.com\\\/inicio\\\/#organization\",\"name\":\"Diario Textual\",\"url\":\"https:\\\/\\\/diariotextual.com\\\/inicio\\\/\",\"logo\":{\"@type\":\"ImageObject\",\"inLanguage\":\"es\",\"@id\":\"https:\\\/\\\/diariotextual.com\\\/inicio\\\/#\\\/schema\\\/logo\\\/image\\\/\",\"url\":\"https:\\\/\\\/diariotextual.com\\\/inicio\\\/wp-content\\\/uploads\\\/2023\\\/05\\\/logotextual1.jpg\",\"contentUrl\":\"https:\\\/\\\/diariotextual.com\\\/inicio\\\/wp-content\\\/uploads\\\/2023\\\/05\\\/logotextual1.jpg\",\"width\":516,\"height\":76,\"caption\":\"Diario Textual\"},\"image\":{\"@id\":\"https:\\\/\\\/diariotextual.com\\\/inicio\\\/#\\\/schema\\\/logo\\\/image\\\/\"},\"sameAs\":[\"https:\\\/\\\/www.facebook.com\\\/eltextual\",\"https:\\\/\\\/x.com\\\/eltextual\",\"http:\\\/\\\/www.instagram.com\\\/eltextual\"]},{\"@type\":\"Person\",\"@id\":\"https:\\\/\\\/diariotextual.com\\\/inicio\\\/#\\\/schema\\\/person\\\/a1b6f563e0ee944c60f98119389a4d9f\",\"name\":\"diario3\",\"image\":{\"@type\":\"ImageObject\",\"inLanguage\":\"es\",\"@id\":\"https:\\\/\\\/secure.gravatar.com\\\/avatar\\\/5e7ee62c82fc04d9dd79d746a390d93c69c43223e5faeeb3ea9461ef752bfc5d?s=96&d=mm&r=g\",\"url\":\"https:\\\/\\\/secure.gravatar.com\\\/avatar\\\/5e7ee62c82fc04d9dd79d746a390d93c69c43223e5faeeb3ea9461ef752bfc5d?s=96&d=mm&r=g\",\"contentUrl\":\"https:\\\/\\\/secure.gravatar.com\\\/avatar\\\/5e7ee62c82fc04d9dd79d746a390d93c69c43223e5faeeb3ea9461ef752bfc5d?s=96&d=mm&r=g\",\"caption\":\"diario3\"},\"url\":\"https:\\\/\\\/diariotextual.com\\\/inicio\\\/index.php\\\/author\\\/diario3\\\/\"}]}<\/script>\n<!-- \/ Yoast SEO plugin. -->","yoast_head_json":{"title":"Jornada de cierre de los talleres de la Cooperativa Popular de Electricidad - Diario Textual","robots":{"index":"index","follow":"follow","max-snippet":"max-snippet:-1","max-image-preview":"max-image-preview:large","max-video-preview":"max-video-preview:-1"},"canonical":"https:\/\/diariotextual.com\/inicio\/index.php\/2025\/12\/01\/jornada-de-cierre-de-los-talleres-de-la-cooperativa-popular-de-electricidad\/","og_locale":"es_ES","og_type":"article","og_title":"Jornada de cierre de los talleres de la Cooperativa Popular de Electricidad - Diario Textual","og_description":"Con la participaci\u00f3n de un gran n\u00famero de p\u00fablico, el s\u00e1bado 29 de noviembre, el Centro Municipal de Cultura (CMC) fue escenario de la exposici\u00f3n de cierre de ciclo de&hellip;","og_url":"https:\/\/diariotextual.com\/inicio\/index.php\/2025\/12\/01\/jornada-de-cierre-de-los-talleres-de-la-cooperativa-popular-de-electricidad\/","og_site_name":"Diario Textual","article_publisher":"https:\/\/www.facebook.com\/eltextual","article_published_time":"2025-12-01T20:22:32+00:00","article_modified_time":"2025-12-01T20:22:34+00:00","og_image":[{"width":900,"height":522,"url":"https:\/\/diariotextual.com\/inicio\/wp-content\/uploads\/2025\/12\/cpecierretalleres2025.jpg","type":"image\/jpeg"}],"author":"diario3","twitter_card":"summary_large_image","twitter_creator":"@eltextual","twitter_site":"@eltextual","twitter_misc":{"Escrito por":"diario3","Tiempo de lectura":"2 minutos"},"schema":{"@context":"https:\/\/schema.org","@graph":[{"@type":"Article","@id":"https:\/\/diariotextual.com\/inicio\/index.php\/2025\/12\/01\/jornada-de-cierre-de-los-talleres-de-la-cooperativa-popular-de-electricidad\/#article","isPartOf":{"@id":"https:\/\/diariotextual.com\/inicio\/index.php\/2025\/12\/01\/jornada-de-cierre-de-los-talleres-de-la-cooperativa-popular-de-electricidad\/"},"author":{"name":"diario3","@id":"https:\/\/diariotextual.com\/inicio\/#\/schema\/person\/a1b6f563e0ee944c60f98119389a4d9f"},"headline":"Jornada de cierre de los talleres de la Cooperativa Popular de Electricidad","datePublished":"2025-12-01T20:22:32+00:00","dateModified":"2025-12-01T20:22:34+00:00","mainEntityOfPage":{"@id":"https:\/\/diariotextual.com\/inicio\/index.php\/2025\/12\/01\/jornada-de-cierre-de-los-talleres-de-la-cooperativa-popular-de-electricidad\/"},"wordCount":383,"publisher":{"@id":"https:\/\/diariotextual.com\/inicio\/#organization"},"image":{"@id":"https:\/\/diariotextual.com\/inicio\/index.php\/2025\/12\/01\/jornada-de-cierre-de-los-talleres-de-la-cooperativa-popular-de-electricidad\/#primaryimage"},"thumbnailUrl":"https:\/\/diariotextual.com\/inicio\/wp-content\/uploads\/2025\/12\/cpecierretalleres2025.jpg","articleSection":["A - ES NOTICIA (van abajo)","CULTURA"],"inLanguage":"es"},{"@type":"WebPage","@id":"https:\/\/diariotextual.com\/inicio\/index.php\/2025\/12\/01\/jornada-de-cierre-de-los-talleres-de-la-cooperativa-popular-de-electricidad\/","url":"https:\/\/diariotextual.com\/inicio\/index.php\/2025\/12\/01\/jornada-de-cierre-de-los-talleres-de-la-cooperativa-popular-de-electricidad\/","name":"Jornada de cierre de los talleres de la Cooperativa Popular de Electricidad - Diario Textual","isPartOf":{"@id":"https:\/\/diariotextual.com\/inicio\/#website"},"primaryImageOfPage":{"@id":"https:\/\/diariotextual.com\/inicio\/index.php\/2025\/12\/01\/jornada-de-cierre-de-los-talleres-de-la-cooperativa-popular-de-electricidad\/#primaryimage"},"image":{"@id":"https:\/\/diariotextual.com\/inicio\/index.php\/2025\/12\/01\/jornada-de-cierre-de-los-talleres-de-la-cooperativa-popular-de-electricidad\/#primaryimage"},"thumbnailUrl":"https:\/\/diariotextual.com\/inicio\/wp-content\/uploads\/2025\/12\/cpecierretalleres2025.jpg","datePublished":"2025-12-01T20:22:32+00:00","dateModified":"2025-12-01T20:22:34+00:00","breadcrumb":{"@id":"https:\/\/diariotextual.com\/inicio\/index.php\/2025\/12\/01\/jornada-de-cierre-de-los-talleres-de-la-cooperativa-popular-de-electricidad\/#breadcrumb"},"inLanguage":"es","potentialAction":[{"@type":"ReadAction","target":["https:\/\/diariotextual.com\/inicio\/index.php\/2025\/12\/01\/jornada-de-cierre-de-los-talleres-de-la-cooperativa-popular-de-electricidad\/"]}]},{"@type":"ImageObject","inLanguage":"es","@id":"https:\/\/diariotextual.com\/inicio\/index.php\/2025\/12\/01\/jornada-de-cierre-de-los-talleres-de-la-cooperativa-popular-de-electricidad\/#primaryimage","url":"https:\/\/diariotextual.com\/inicio\/wp-content\/uploads\/2025\/12\/cpecierretalleres2025.jpg","contentUrl":"https:\/\/diariotextual.com\/inicio\/wp-content\/uploads\/2025\/12\/cpecierretalleres2025.jpg","width":900,"height":522,"caption":"????????????????????????????????????"},{"@type":"BreadcrumbList","@id":"https:\/\/diariotextual.com\/inicio\/index.php\/2025\/12\/01\/jornada-de-cierre-de-los-talleres-de-la-cooperativa-popular-de-electricidad\/#breadcrumb","itemListElement":[{"@type":"ListItem","position":1,"name":"Portada","item":"https:\/\/diariotextual.com\/inicio\/"},{"@type":"ListItem","position":2,"name":"Jornada de cierre de los talleres de la Cooperativa Popular de Electricidad"}]},{"@type":"WebSite","@id":"https:\/\/diariotextual.com\/inicio\/#website","url":"https:\/\/diariotextual.com\/inicio\/","name":"Diario Textual","description":"","publisher":{"@id":"https:\/\/diariotextual.com\/inicio\/#organization"},"potentialAction":[{"@type":"SearchAction","target":{"@type":"EntryPoint","urlTemplate":"https:\/\/diariotextual.com\/inicio\/?s={search_term_string}"},"query-input":{"@type":"PropertyValueSpecification","valueRequired":true,"valueName":"search_term_string"}}],"inLanguage":"es"},{"@type":"Organization","@id":"https:\/\/diariotextual.com\/inicio\/#organization","name":"Diario Textual","url":"https:\/\/diariotextual.com\/inicio\/","logo":{"@type":"ImageObject","inLanguage":"es","@id":"https:\/\/diariotextual.com\/inicio\/#\/schema\/logo\/image\/","url":"https:\/\/diariotextual.com\/inicio\/wp-content\/uploads\/2023\/05\/logotextual1.jpg","contentUrl":"https:\/\/diariotextual.com\/inicio\/wp-content\/uploads\/2023\/05\/logotextual1.jpg","width":516,"height":76,"caption":"Diario Textual"},"image":{"@id":"https:\/\/diariotextual.com\/inicio\/#\/schema\/logo\/image\/"},"sameAs":["https:\/\/www.facebook.com\/eltextual","https:\/\/x.com\/eltextual","http:\/\/www.instagram.com\/eltextual"]},{"@type":"Person","@id":"https:\/\/diariotextual.com\/inicio\/#\/schema\/person\/a1b6f563e0ee944c60f98119389a4d9f","name":"diario3","image":{"@type":"ImageObject","inLanguage":"es","@id":"https:\/\/secure.gravatar.com\/avatar\/5e7ee62c82fc04d9dd79d746a390d93c69c43223e5faeeb3ea9461ef752bfc5d?s=96&d=mm&r=g","url":"https:\/\/secure.gravatar.com\/avatar\/5e7ee62c82fc04d9dd79d746a390d93c69c43223e5faeeb3ea9461ef752bfc5d?s=96&d=mm&r=g","contentUrl":"https:\/\/secure.gravatar.com\/avatar\/5e7ee62c82fc04d9dd79d746a390d93c69c43223e5faeeb3ea9461ef752bfc5d?s=96&d=mm&r=g","caption":"diario3"},"url":"https:\/\/diariotextual.com\/inicio\/index.php\/author\/diario3\/"}]}},"_links":{"self":[{"href":"https:\/\/diariotextual.com\/inicio\/index.php\/wp-json\/wp\/v2\/posts\/314298","targetHints":{"allow":["GET"]}}],"collection":[{"href":"https:\/\/diariotextual.com\/inicio\/index.php\/wp-json\/wp\/v2\/posts"}],"about":[{"href":"https:\/\/diariotextual.com\/inicio\/index.php\/wp-json\/wp\/v2\/types\/post"}],"author":[{"embeddable":true,"href":"https:\/\/diariotextual.com\/inicio\/index.php\/wp-json\/wp\/v2\/users\/5"}],"replies":[{"embeddable":true,"href":"https:\/\/diariotextual.com\/inicio\/index.php\/wp-json\/wp\/v2\/comments?post=314298"}],"version-history":[{"count":1,"href":"https:\/\/diariotextual.com\/inicio\/index.php\/wp-json\/wp\/v2\/posts\/314298\/revisions"}],"predecessor-version":[{"id":314303,"href":"https:\/\/diariotextual.com\/inicio\/index.php\/wp-json\/wp\/v2\/posts\/314298\/revisions\/314303"}],"wp:featuredmedia":[{"embeddable":true,"href":"https:\/\/diariotextual.com\/inicio\/index.php\/wp-json\/wp\/v2\/media\/314302"}],"wp:attachment":[{"href":"https:\/\/diariotextual.com\/inicio\/index.php\/wp-json\/wp\/v2\/media?parent=314298"}],"wp:term":[{"taxonomy":"category","embeddable":true,"href":"https:\/\/diariotextual.com\/inicio\/index.php\/wp-json\/wp\/v2\/categories?post=314298"},{"taxonomy":"post_tag","embeddable":true,"href":"https:\/\/diariotextual.com\/inicio\/index.php\/wp-json\/wp\/v2\/tags?post=314298"}],"curies":[{"name":"wp","href":"https:\/\/api.w.org\/{rel}","templated":true}]}}