{"id":314778,"date":"2025-12-05T17:21:17","date_gmt":"2025-12-05T20:21:17","guid":{"rendered":"https:\/\/diariotextual.com\/inicio\/?p=314778"},"modified":"2025-12-05T20:09:08","modified_gmt":"2025-12-05T23:09:08","slug":"la-nina-pampeana-lectora-reconocida-por-la-fundacion-leer","status":"publish","type":"post","link":"https:\/\/diariotextual.com\/inicio\/index.php\/2025\/12\/05\/la-nina-pampeana-lectora-reconocida-por-la-fundacion-leer\/","title":{"rendered":"La ni\u00f1a pampeana lectora reconocida por la Fundaci\u00f3n Leer"},"content":{"rendered":"\n<p><strong>Ana Chauvie Fiddiemi, de 8 a\u00f1os,<\/strong> fue la ni\u00f1a distinguida por la ONG Fundaci\u00f3n Leer por ser la mayor lectora por La Pampa en la plataforma Desaf\u00edo Leer-El Club. El gran <strong>ganador nacional fue Andr\u00e9s Vildoza Costa, de 12 a\u00f1os, de Catamarca.<\/strong><\/p>\n\n\n\n<p><strong>Patricia Mejalelaty, directora ejecutiva de Fundaci\u00f3n Leer<\/strong>, afirm\u00f3 que, por primera vez, el premio incluy\u00f3 a estudiantes de nivel secundario, con la idea de mostrar que la lectura tambi\u00e9n es un refugio y un espacio de reflexi\u00f3n para los adolescentes. \u201cEl acceso al libro es clave para formar lectores aut\u00f3nomos y competentes\u201d, dijo y subray\u00f3 que<strong> la plataforma democratiza la lectura al ofrecer materiales de calidad de manera abierta y gratuita.<\/strong><\/p>\n\n\n\n<p><strong>Desaf\u00edo Leer-El Club es una biblioteca digital, con m\u00e1s de 200 libros seleccionados por especialistas<\/strong>, con trivias, desaf\u00edos y herramientas pedag\u00f3gicas para docentes, familias y bibliotecarios. Cada quince d\u00edas, nuevas lecturas y retos permiten que los chicos ampl\u00eden sus horizontes y descubran mundos, ideas y aventuras que los conectan con distintas realidades.<\/p>\n\n\n\n<p>Desde su lanzamiento, la plataforma alcanz\u00f3 cifras impresionantes: <strong>266.626 chicos y chicas participaron, se leyeron 866.173 libros y se acumularon 117.589 horas de lectura<\/strong>, cada una un viaje \u00fanico hacia el conocimiento y la imaginaci\u00f3n.<\/p>\n\n\n\n<p>Los lectores destacados de 2025, uno por provincia, fueron: Andr\u00e9s Vildoza Costa (Catamarca), Milo Prado Montalvo (Salta), Cristiano Acu\u00f1a (Buenos Aires), Victoria Alzualde (C\u00f3rdoba), Guillermina Lorca (Tucum\u00e1n), Ana Letain (Chubut), Emma Orellano (CABA), Yuliana Gauna (Santa Fe), Santiago Rodr\u00edguez (Corrientes), Luana Cano y Luana Brito (Jujuy), Julieta Francesca Alvez (Misiones), Ariadne Jazm\u00edn Coceres (Entre R\u00edos), Iara Magal\u00ed G\u00f3mez (Tierra del Fuego), Olivia Boscarino (Formosa), Gino Santilli (Mendoza), Amparo Pizarro (San Luis), Benjam\u00edn Castillo (Neuqu\u00e9n), Thiago Blanco (Santa Cruz), Stefany Pacheco (San Juan), Thiago De la Vega (La Rioja), Nazareno Inostroza (R\u00edo Negro), Ana Chauvie Fiddiemi (La Pampa), Isabela G\u00f3mez (Chaco) y \u00c1mbar G\u00f3mez (Santiago del Estero).<\/p>\n\n\n\n<p>Desde 1997, Fundaci\u00f3n Leer trabaja para promover la lectura en todo el pa\u00eds. En 27 a\u00f1os, distribuy\u00f3 2,6 millones de libros nuevos, cre\u00f3 m\u00e1s de 4.500 espacios de lectura y capacit\u00f3 a m\u00e1s de 31.000 adultos, demostrando que leer no solo abre puertas al conocimiento, sino que expande mundos, despierta la imaginaci\u00f3n y conecta a chicos y grandes con historias capaces de transformar vidas.<\/p>\n","protected":false},"excerpt":{"rendered":"<p>Ana Chauvie Fiddiemi, de 8 a\u00f1os, fue la ni\u00f1a distinguida por la ONG Fundaci\u00f3n Leer por ser la mayor lectora por La Pampa en la plataforma Desaf\u00edo Leer-El Club. El&hellip;<\/p>\n","protected":false},"author":5,"featured_media":314779,"comment_status":"closed","ping_status":"open","sticky":false,"template":"","format":"standard","meta":{"_acf_changed":false,"footnotes":""},"categories":[1,2],"tags":[],"class_list":["post-314778","post","type-post","status-publish","format-standard","has-post-thumbnail","hentry","category-es-noticia","category-cultura"],"acf":[],"yoast_head":"<!-- This site is optimized with the Yoast SEO plugin v27.5 - https:\/\/yoast.com\/product\/yoast-seo-wordpress\/ -->\n<title>La ni\u00f1a pampeana lectora reconocida por la Fundaci\u00f3n Leer - Diario Textual<\/title>\n<meta name=\"robots\" content=\"index, follow, max-snippet:-1, max-image-preview:large, max-video-preview:-1\" \/>\n<link rel=\"canonical\" href=\"https:\/\/diariotextual.com\/inicio\/index.php\/2025\/12\/05\/la-nina-pampeana-lectora-reconocida-por-la-fundacion-leer\/\" \/>\n<meta property=\"og:locale\" content=\"es_ES\" \/>\n<meta property=\"og:type\" content=\"article\" \/>\n<meta property=\"og:title\" content=\"La ni\u00f1a pampeana lectora reconocida por la Fundaci\u00f3n Leer - Diario Textual\" \/>\n<meta property=\"og:description\" content=\"Ana Chauvie Fiddiemi, de 8 a\u00f1os, fue la ni\u00f1a distinguida por la ONG Fundaci\u00f3n Leer por ser la mayor lectora por La Pampa en la plataforma Desaf\u00edo Leer-El Club. El&hellip;\" \/>\n<meta property=\"og:url\" content=\"https:\/\/diariotextual.com\/inicio\/index.php\/2025\/12\/05\/la-nina-pampeana-lectora-reconocida-por-la-fundacion-leer\/\" \/>\n<meta property=\"og:site_name\" content=\"Diario Textual\" \/>\n<meta property=\"article:publisher\" content=\"https:\/\/www.facebook.com\/eltextual\" \/>\n<meta property=\"article:published_time\" content=\"2025-12-05T20:21:17+00:00\" \/>\n<meta property=\"article:modified_time\" content=\"2025-12-05T23:09:08+00:00\" \/>\n<meta property=\"og:image\" content=\"https:\/\/diariotextual.com\/inicio\/wp-content\/uploads\/2025\/12\/fundacionleer2025.webp\" \/>\n\t<meta property=\"og:image:width\" content=\"700\" \/>\n\t<meta property=\"og:image:height\" content=\"468\" \/>\n\t<meta property=\"og:image:type\" content=\"image\/webp\" \/>\n<meta name=\"author\" content=\"diario3\" \/>\n<meta name=\"twitter:card\" content=\"summary_large_image\" \/>\n<meta name=\"twitter:creator\" content=\"@eltextual\" \/>\n<meta name=\"twitter:site\" content=\"@eltextual\" \/>\n<meta name=\"twitter:label1\" content=\"Escrito por\" \/>\n\t<meta name=\"twitter:data1\" content=\"diario3\" \/>\n\t<meta name=\"twitter:label2\" content=\"Tiempo de lectura\" \/>\n\t<meta name=\"twitter:data2\" content=\"2 minutos\" \/>\n<script type=\"application\/ld+json\" class=\"yoast-schema-graph\">{\"@context\":\"https:\\\/\\\/schema.org\",\"@graph\":[{\"@type\":\"Article\",\"@id\":\"https:\\\/\\\/diariotextual.com\\\/inicio\\\/index.php\\\/2025\\\/12\\\/05\\\/la-nina-pampeana-lectora-reconocida-por-la-fundacion-leer\\\/#article\",\"isPartOf\":{\"@id\":\"https:\\\/\\\/diariotextual.com\\\/inicio\\\/index.php\\\/2025\\\/12\\\/05\\\/la-nina-pampeana-lectora-reconocida-por-la-fundacion-leer\\\/\"},\"author\":{\"name\":\"diario3\",\"@id\":\"https:\\\/\\\/diariotextual.com\\\/inicio\\\/#\\\/schema\\\/person\\\/a1b6f563e0ee944c60f98119389a4d9f\"},\"headline\":\"La ni\u00f1a pampeana lectora reconocida por la Fundaci\u00f3n Leer\",\"datePublished\":\"2025-12-05T20:21:17+00:00\",\"dateModified\":\"2025-12-05T23:09:08+00:00\",\"mainEntityOfPage\":{\"@id\":\"https:\\\/\\\/diariotextual.com\\\/inicio\\\/index.php\\\/2025\\\/12\\\/05\\\/la-nina-pampeana-lectora-reconocida-por-la-fundacion-leer\\\/\"},\"wordCount\":405,\"publisher\":{\"@id\":\"https:\\\/\\\/diariotextual.com\\\/inicio\\\/#organization\"},\"image\":{\"@id\":\"https:\\\/\\\/diariotextual.com\\\/inicio\\\/index.php\\\/2025\\\/12\\\/05\\\/la-nina-pampeana-lectora-reconocida-por-la-fundacion-leer\\\/#primaryimage\"},\"thumbnailUrl\":\"https:\\\/\\\/diariotextual.com\\\/inicio\\\/wp-content\\\/uploads\\\/2025\\\/12\\\/fundacionleer2025.webp\",\"articleSection\":[\"A - ES NOTICIA (van abajo)\",\"CULTURA\"],\"inLanguage\":\"es\"},{\"@type\":\"WebPage\",\"@id\":\"https:\\\/\\\/diariotextual.com\\\/inicio\\\/index.php\\\/2025\\\/12\\\/05\\\/la-nina-pampeana-lectora-reconocida-por-la-fundacion-leer\\\/\",\"url\":\"https:\\\/\\\/diariotextual.com\\\/inicio\\\/index.php\\\/2025\\\/12\\\/05\\\/la-nina-pampeana-lectora-reconocida-por-la-fundacion-leer\\\/\",\"name\":\"La ni\u00f1a pampeana lectora reconocida por la Fundaci\u00f3n Leer - Diario Textual\",\"isPartOf\":{\"@id\":\"https:\\\/\\\/diariotextual.com\\\/inicio\\\/#website\"},\"primaryImageOfPage\":{\"@id\":\"https:\\\/\\\/diariotextual.com\\\/inicio\\\/index.php\\\/2025\\\/12\\\/05\\\/la-nina-pampeana-lectora-reconocida-por-la-fundacion-leer\\\/#primaryimage\"},\"image\":{\"@id\":\"https:\\\/\\\/diariotextual.com\\\/inicio\\\/index.php\\\/2025\\\/12\\\/05\\\/la-nina-pampeana-lectora-reconocida-por-la-fundacion-leer\\\/#primaryimage\"},\"thumbnailUrl\":\"https:\\\/\\\/diariotextual.com\\\/inicio\\\/wp-content\\\/uploads\\\/2025\\\/12\\\/fundacionleer2025.webp\",\"datePublished\":\"2025-12-05T20:21:17+00:00\",\"dateModified\":\"2025-12-05T23:09:08+00:00\",\"breadcrumb\":{\"@id\":\"https:\\\/\\\/diariotextual.com\\\/inicio\\\/index.php\\\/2025\\\/12\\\/05\\\/la-nina-pampeana-lectora-reconocida-por-la-fundacion-leer\\\/#breadcrumb\"},\"inLanguage\":\"es\",\"potentialAction\":[{\"@type\":\"ReadAction\",\"target\":[\"https:\\\/\\\/diariotextual.com\\\/inicio\\\/index.php\\\/2025\\\/12\\\/05\\\/la-nina-pampeana-lectora-reconocida-por-la-fundacion-leer\\\/\"]}]},{\"@type\":\"ImageObject\",\"inLanguage\":\"es\",\"@id\":\"https:\\\/\\\/diariotextual.com\\\/inicio\\\/index.php\\\/2025\\\/12\\\/05\\\/la-nina-pampeana-lectora-reconocida-por-la-fundacion-leer\\\/#primaryimage\",\"url\":\"https:\\\/\\\/diariotextual.com\\\/inicio\\\/wp-content\\\/uploads\\\/2025\\\/12\\\/fundacionleer2025.webp\",\"contentUrl\":\"https:\\\/\\\/diariotextual.com\\\/inicio\\\/wp-content\\\/uploads\\\/2025\\\/12\\\/fundacionleer2025.webp\",\"width\":700,\"height\":468},{\"@type\":\"BreadcrumbList\",\"@id\":\"https:\\\/\\\/diariotextual.com\\\/inicio\\\/index.php\\\/2025\\\/12\\\/05\\\/la-nina-pampeana-lectora-reconocida-por-la-fundacion-leer\\\/#breadcrumb\",\"itemListElement\":[{\"@type\":\"ListItem\",\"position\":1,\"name\":\"Portada\",\"item\":\"https:\\\/\\\/diariotextual.com\\\/inicio\\\/\"},{\"@type\":\"ListItem\",\"position\":2,\"name\":\"La ni\u00f1a pampeana lectora reconocida por la Fundaci\u00f3n Leer\"}]},{\"@type\":\"WebSite\",\"@id\":\"https:\\\/\\\/diariotextual.com\\\/inicio\\\/#website\",\"url\":\"https:\\\/\\\/diariotextual.com\\\/inicio\\\/\",\"name\":\"Diario Textual\",\"description\":\"\",\"publisher\":{\"@id\":\"https:\\\/\\\/diariotextual.com\\\/inicio\\\/#organization\"},\"potentialAction\":[{\"@type\":\"SearchAction\",\"target\":{\"@type\":\"EntryPoint\",\"urlTemplate\":\"https:\\\/\\\/diariotextual.com\\\/inicio\\\/?s={search_term_string}\"},\"query-input\":{\"@type\":\"PropertyValueSpecification\",\"valueRequired\":true,\"valueName\":\"search_term_string\"}}],\"inLanguage\":\"es\"},{\"@type\":\"Organization\",\"@id\":\"https:\\\/\\\/diariotextual.com\\\/inicio\\\/#organization\",\"name\":\"Diario Textual\",\"url\":\"https:\\\/\\\/diariotextual.com\\\/inicio\\\/\",\"logo\":{\"@type\":\"ImageObject\",\"inLanguage\":\"es\",\"@id\":\"https:\\\/\\\/diariotextual.com\\\/inicio\\\/#\\\/schema\\\/logo\\\/image\\\/\",\"url\":\"https:\\\/\\\/diariotextual.com\\\/inicio\\\/wp-content\\\/uploads\\\/2023\\\/05\\\/logotextual1.jpg\",\"contentUrl\":\"https:\\\/\\\/diariotextual.com\\\/inicio\\\/wp-content\\\/uploads\\\/2023\\\/05\\\/logotextual1.jpg\",\"width\":516,\"height\":76,\"caption\":\"Diario Textual\"},\"image\":{\"@id\":\"https:\\\/\\\/diariotextual.com\\\/inicio\\\/#\\\/schema\\\/logo\\\/image\\\/\"},\"sameAs\":[\"https:\\\/\\\/www.facebook.com\\\/eltextual\",\"https:\\\/\\\/x.com\\\/eltextual\",\"http:\\\/\\\/www.instagram.com\\\/eltextual\"]},{\"@type\":\"Person\",\"@id\":\"https:\\\/\\\/diariotextual.com\\\/inicio\\\/#\\\/schema\\\/person\\\/a1b6f563e0ee944c60f98119389a4d9f\",\"name\":\"diario3\",\"image\":{\"@type\":\"ImageObject\",\"inLanguage\":\"es\",\"@id\":\"https:\\\/\\\/secure.gravatar.com\\\/avatar\\\/5e7ee62c82fc04d9dd79d746a390d93c69c43223e5faeeb3ea9461ef752bfc5d?s=96&d=mm&r=g\",\"url\":\"https:\\\/\\\/secure.gravatar.com\\\/avatar\\\/5e7ee62c82fc04d9dd79d746a390d93c69c43223e5faeeb3ea9461ef752bfc5d?s=96&d=mm&r=g\",\"contentUrl\":\"https:\\\/\\\/secure.gravatar.com\\\/avatar\\\/5e7ee62c82fc04d9dd79d746a390d93c69c43223e5faeeb3ea9461ef752bfc5d?s=96&d=mm&r=g\",\"caption\":\"diario3\"},\"url\":\"https:\\\/\\\/diariotextual.com\\\/inicio\\\/index.php\\\/author\\\/diario3\\\/\"}]}<\/script>\n<!-- \/ Yoast SEO plugin. -->","yoast_head_json":{"title":"La ni\u00f1a pampeana lectora reconocida por la Fundaci\u00f3n Leer - Diario Textual","robots":{"index":"index","follow":"follow","max-snippet":"max-snippet:-1","max-image-preview":"max-image-preview:large","max-video-preview":"max-video-preview:-1"},"canonical":"https:\/\/diariotextual.com\/inicio\/index.php\/2025\/12\/05\/la-nina-pampeana-lectora-reconocida-por-la-fundacion-leer\/","og_locale":"es_ES","og_type":"article","og_title":"La ni\u00f1a pampeana lectora reconocida por la Fundaci\u00f3n Leer - Diario Textual","og_description":"Ana Chauvie Fiddiemi, de 8 a\u00f1os, fue la ni\u00f1a distinguida por la ONG Fundaci\u00f3n Leer por ser la mayor lectora por La Pampa en la plataforma Desaf\u00edo Leer-El Club. El&hellip;","og_url":"https:\/\/diariotextual.com\/inicio\/index.php\/2025\/12\/05\/la-nina-pampeana-lectora-reconocida-por-la-fundacion-leer\/","og_site_name":"Diario Textual","article_publisher":"https:\/\/www.facebook.com\/eltextual","article_published_time":"2025-12-05T20:21:17+00:00","article_modified_time":"2025-12-05T23:09:08+00:00","og_image":[{"width":700,"height":468,"url":"https:\/\/diariotextual.com\/inicio\/wp-content\/uploads\/2025\/12\/fundacionleer2025.webp","type":"image\/webp"}],"author":"diario3","twitter_card":"summary_large_image","twitter_creator":"@eltextual","twitter_site":"@eltextual","twitter_misc":{"Escrito por":"diario3","Tiempo de lectura":"2 minutos"},"schema":{"@context":"https:\/\/schema.org","@graph":[{"@type":"Article","@id":"https:\/\/diariotextual.com\/inicio\/index.php\/2025\/12\/05\/la-nina-pampeana-lectora-reconocida-por-la-fundacion-leer\/#article","isPartOf":{"@id":"https:\/\/diariotextual.com\/inicio\/index.php\/2025\/12\/05\/la-nina-pampeana-lectora-reconocida-por-la-fundacion-leer\/"},"author":{"name":"diario3","@id":"https:\/\/diariotextual.com\/inicio\/#\/schema\/person\/a1b6f563e0ee944c60f98119389a4d9f"},"headline":"La ni\u00f1a pampeana lectora reconocida por la Fundaci\u00f3n Leer","datePublished":"2025-12-05T20:21:17+00:00","dateModified":"2025-12-05T23:09:08+00:00","mainEntityOfPage":{"@id":"https:\/\/diariotextual.com\/inicio\/index.php\/2025\/12\/05\/la-nina-pampeana-lectora-reconocida-por-la-fundacion-leer\/"},"wordCount":405,"publisher":{"@id":"https:\/\/diariotextual.com\/inicio\/#organization"},"image":{"@id":"https:\/\/diariotextual.com\/inicio\/index.php\/2025\/12\/05\/la-nina-pampeana-lectora-reconocida-por-la-fundacion-leer\/#primaryimage"},"thumbnailUrl":"https:\/\/diariotextual.com\/inicio\/wp-content\/uploads\/2025\/12\/fundacionleer2025.webp","articleSection":["A - ES NOTICIA (van abajo)","CULTURA"],"inLanguage":"es"},{"@type":"WebPage","@id":"https:\/\/diariotextual.com\/inicio\/index.php\/2025\/12\/05\/la-nina-pampeana-lectora-reconocida-por-la-fundacion-leer\/","url":"https:\/\/diariotextual.com\/inicio\/index.php\/2025\/12\/05\/la-nina-pampeana-lectora-reconocida-por-la-fundacion-leer\/","name":"La ni\u00f1a pampeana lectora reconocida por la Fundaci\u00f3n Leer - Diario Textual","isPartOf":{"@id":"https:\/\/diariotextual.com\/inicio\/#website"},"primaryImageOfPage":{"@id":"https:\/\/diariotextual.com\/inicio\/index.php\/2025\/12\/05\/la-nina-pampeana-lectora-reconocida-por-la-fundacion-leer\/#primaryimage"},"image":{"@id":"https:\/\/diariotextual.com\/inicio\/index.php\/2025\/12\/05\/la-nina-pampeana-lectora-reconocida-por-la-fundacion-leer\/#primaryimage"},"thumbnailUrl":"https:\/\/diariotextual.com\/inicio\/wp-content\/uploads\/2025\/12\/fundacionleer2025.webp","datePublished":"2025-12-05T20:21:17+00:00","dateModified":"2025-12-05T23:09:08+00:00","breadcrumb":{"@id":"https:\/\/diariotextual.com\/inicio\/index.php\/2025\/12\/05\/la-nina-pampeana-lectora-reconocida-por-la-fundacion-leer\/#breadcrumb"},"inLanguage":"es","potentialAction":[{"@type":"ReadAction","target":["https:\/\/diariotextual.com\/inicio\/index.php\/2025\/12\/05\/la-nina-pampeana-lectora-reconocida-por-la-fundacion-leer\/"]}]},{"@type":"ImageObject","inLanguage":"es","@id":"https:\/\/diariotextual.com\/inicio\/index.php\/2025\/12\/05\/la-nina-pampeana-lectora-reconocida-por-la-fundacion-leer\/#primaryimage","url":"https:\/\/diariotextual.com\/inicio\/wp-content\/uploads\/2025\/12\/fundacionleer2025.webp","contentUrl":"https:\/\/diariotextual.com\/inicio\/wp-content\/uploads\/2025\/12\/fundacionleer2025.webp","width":700,"height":468},{"@type":"BreadcrumbList","@id":"https:\/\/diariotextual.com\/inicio\/index.php\/2025\/12\/05\/la-nina-pampeana-lectora-reconocida-por-la-fundacion-leer\/#breadcrumb","itemListElement":[{"@type":"ListItem","position":1,"name":"Portada","item":"https:\/\/diariotextual.com\/inicio\/"},{"@type":"ListItem","position":2,"name":"La ni\u00f1a pampeana lectora reconocida por la Fundaci\u00f3n Leer"}]},{"@type":"WebSite","@id":"https:\/\/diariotextual.com\/inicio\/#website","url":"https:\/\/diariotextual.com\/inicio\/","name":"Diario Textual","description":"","publisher":{"@id":"https:\/\/diariotextual.com\/inicio\/#organization"},"potentialAction":[{"@type":"SearchAction","target":{"@type":"EntryPoint","urlTemplate":"https:\/\/diariotextual.com\/inicio\/?s={search_term_string}"},"query-input":{"@type":"PropertyValueSpecification","valueRequired":true,"valueName":"search_term_string"}}],"inLanguage":"es"},{"@type":"Organization","@id":"https:\/\/diariotextual.com\/inicio\/#organization","name":"Diario Textual","url":"https:\/\/diariotextual.com\/inicio\/","logo":{"@type":"ImageObject","inLanguage":"es","@id":"https:\/\/diariotextual.com\/inicio\/#\/schema\/logo\/image\/","url":"https:\/\/diariotextual.com\/inicio\/wp-content\/uploads\/2023\/05\/logotextual1.jpg","contentUrl":"https:\/\/diariotextual.com\/inicio\/wp-content\/uploads\/2023\/05\/logotextual1.jpg","width":516,"height":76,"caption":"Diario Textual"},"image":{"@id":"https:\/\/diariotextual.com\/inicio\/#\/schema\/logo\/image\/"},"sameAs":["https:\/\/www.facebook.com\/eltextual","https:\/\/x.com\/eltextual","http:\/\/www.instagram.com\/eltextual"]},{"@type":"Person","@id":"https:\/\/diariotextual.com\/inicio\/#\/schema\/person\/a1b6f563e0ee944c60f98119389a4d9f","name":"diario3","image":{"@type":"ImageObject","inLanguage":"es","@id":"https:\/\/secure.gravatar.com\/avatar\/5e7ee62c82fc04d9dd79d746a390d93c69c43223e5faeeb3ea9461ef752bfc5d?s=96&d=mm&r=g","url":"https:\/\/secure.gravatar.com\/avatar\/5e7ee62c82fc04d9dd79d746a390d93c69c43223e5faeeb3ea9461ef752bfc5d?s=96&d=mm&r=g","contentUrl":"https:\/\/secure.gravatar.com\/avatar\/5e7ee62c82fc04d9dd79d746a390d93c69c43223e5faeeb3ea9461ef752bfc5d?s=96&d=mm&r=g","caption":"diario3"},"url":"https:\/\/diariotextual.com\/inicio\/index.php\/author\/diario3\/"}]}},"_links":{"self":[{"href":"https:\/\/diariotextual.com\/inicio\/index.php\/wp-json\/wp\/v2\/posts\/314778","targetHints":{"allow":["GET"]}}],"collection":[{"href":"https:\/\/diariotextual.com\/inicio\/index.php\/wp-json\/wp\/v2\/posts"}],"about":[{"href":"https:\/\/diariotextual.com\/inicio\/index.php\/wp-json\/wp\/v2\/types\/post"}],"author":[{"embeddable":true,"href":"https:\/\/diariotextual.com\/inicio\/index.php\/wp-json\/wp\/v2\/users\/5"}],"replies":[{"embeddable":true,"href":"https:\/\/diariotextual.com\/inicio\/index.php\/wp-json\/wp\/v2\/comments?post=314778"}],"version-history":[{"count":1,"href":"https:\/\/diariotextual.com\/inicio\/index.php\/wp-json\/wp\/v2\/posts\/314778\/revisions"}],"predecessor-version":[{"id":314780,"href":"https:\/\/diariotextual.com\/inicio\/index.php\/wp-json\/wp\/v2\/posts\/314778\/revisions\/314780"}],"wp:featuredmedia":[{"embeddable":true,"href":"https:\/\/diariotextual.com\/inicio\/index.php\/wp-json\/wp\/v2\/media\/314779"}],"wp:attachment":[{"href":"https:\/\/diariotextual.com\/inicio\/index.php\/wp-json\/wp\/v2\/media?parent=314778"}],"wp:term":[{"taxonomy":"category","embeddable":true,"href":"https:\/\/diariotextual.com\/inicio\/index.php\/wp-json\/wp\/v2\/categories?post=314778"},{"taxonomy":"post_tag","embeddable":true,"href":"https:\/\/diariotextual.com\/inicio\/index.php\/wp-json\/wp\/v2\/tags?post=314778"}],"curies":[{"name":"wp","href":"https:\/\/api.w.org\/{rel}","templated":true}]}}