{"id":314788,"date":"2025-12-05T23:57:00","date_gmt":"2025-12-06T02:57:00","guid":{"rendered":"https:\/\/diariotextual.com\/inicio\/?p=314788"},"modified":"2025-12-07T07:46:48","modified_gmt":"2025-12-07T10:46:48","slug":"provincia-activa-una-polemica-medida-docente-que-se-enferma-pierde-parte-del-descanso-anual","status":"publish","type":"post","link":"https:\/\/diariotextual.com\/inicio\/index.php\/2025\/12\/05\/provincia-activa-una-polemica-medida-docente-que-se-enferma-pierde-parte-del-descanso-anual\/","title":{"rendered":"Una medida genera alerta en Utelpa: docente que se enferma pierde parte del descanso anual"},"content":{"rendered":"\n<p>La <strong>Uni\u00f3n de Trabajadores de la Educaci\u00f3n de La Pampa (Utelpa)<\/strong> denunci\u00f3 p\u00fablicamente que el <strong>Gobierno provincial<\/strong> comenz\u00f3 a notificar en las \u00faltimas horas a las escuelas de la aplicaci\u00f3n de un (al menos) <strong>pol\u00e9mico art\u00edculo<\/strong> que<strong> afecta a los docentes<\/strong>:<strong> si una persona tuvo licencias por enfermedad o por un accidente laboral, se pierde parte del descanso anual o las vacaciones que le corresponde. <\/strong>La medida gener\u00f3 la<strong> furia <\/strong>de dirigentes del sindicato, quienes pidieron <strong>derogar <\/strong>la norma. Dijeron que el objetivo es<strong> \u201cdisciplinarlos\u201d<\/strong>, en medio de una puja por los aumentos salariales y las mejoras laborales. <strong>\u201cLas licencias m\u00e9dicas y las enfermedades profesionales son derechos protegidos, no privilegios que puedan recortarse\u201d<\/strong>, resaltaron.<\/p>\n\n\n\n<p><strong>Diario Textual pudo saber que, en rigor, el Ministerio de Educaci\u00f3n notific\u00f3 a las instituciones educativas de esta normativa el 25 de febrero de 2025<\/strong>. Adem\u00e1s, que <strong>se aplica en forma generalizada los estatales<\/strong> -sean o no docentes-.<\/p>\n\n\n\n<p>En 2017, se incorpor\u00f3 esta exigencia en la Ley de Presupuesto 2018. Se aplica a toda la administraci\u00f3n p\u00fablica y entes aut\u00e1rquicos y descentralizados. El art\u00edculo 28 sostiene que \u201cel per\u00edodo de tiempo que los agentes se encuentran en uso de licencia por largo tratamiento o por accidente de trabajo, no genera derecho a licencia para descanso anual. Si en un mismo a\u00f1o una persona trabaj\u00f3 una parte y la otra estuvo con licencia, s\u00f3lo tiene descanso anual por vacaciones en la parte proporcional al per\u00edodo trabajado\u201d.<\/p>\n\n\n\n<div style=\"height:100px\" aria-hidden=\"true\" class=\"wp-block-spacer\"><\/div>\n\n\n\n<p><strong>Derogaci\u00f3n<\/strong><\/p>\n\n\n\n<p>Por lo pronto, desde el sindicato pidieron derogar ese art\u00edculo. \u201cDesde UTELPa expresamos nuestro rechazo absoluto al <strong>Art\u00edculo 28 de la Ley N\u00b0 3056<\/strong>, una medida que constituye un <strong>grave retroceso<\/strong> en materia de derechos laborales y que<strong> afecta directamente al conjunto de las y los trabajadores de la educaci\u00f3n<\/strong>\u201d, dijeron en un comunicado de prensa.<\/p>\n\n\n\n<p>\u201cEsta normativa aparece justo despu\u00e9s de un paro con acatamiento de casi del 100% y en respuesta a la medida, sabemos que no se aplica en toda la administraci\u00f3n p\u00fablica (distintas reparticiones) y es la primera vez que deciden aplicarla al colectivo docente con una clara intenci\u00f3n de disciplinarnos\u201d, expresaron.<\/p>\n\n\n\n<p>\u201c<strong>La ley 3056\/2018 desconoce la salud laboral, al plantear que las licencias por enfermedad o accidentes de trabajo no generen derecho a la licencia anual.<\/strong> Esta definici\u00f3n <strong>implica penalizar a quien se enferma o padece un accidente, y rompe con principios b\u00e1sicos de protecci\u00f3n del trabajo docente<\/strong>\u201d, resaltaron.<\/p>\n\n\n\n<p>\u201cDesde UTELPa afirmamos con claridad: El derecho al descanso es una garant\u00eda constitucional. La salud de las y los trabajadores no puede ser moneda de ajuste. Las licencias m\u00e9dicas y las enfermedades profesionales son derechos protegidos, no privilegios que puedan recortarse\u201d, dijeron.<\/p>\n\n\n\n<p>\u201cNo vamos a permitir pol\u00edticas que desvaloricen o castiguen el trabajo docente. Continuaremos informando al colectivo docente frente a cualquier intento de avanzar sobre nuestras conquistas laborales. Porque la educaci\u00f3n p\u00fablica se sostiene con trabajo digno, con salud garantizada y con respeto a los derechos de quienes todos los d\u00edas estamos en las escuelas\u201d, finalizaron.<\/p>\n\n\n\n<div style=\"height:100px\" aria-hidden=\"true\" class=\"wp-block-spacer\"><\/div>\n\n\n\n<p><strong>Un ejemplo<\/strong><\/p>\n\n\n\n<p>Dirigentes del sindicato, ante una consulta de este portal, explicaron en qu\u00e9 los afecta. \u201cEl m\u00e1ximo de licencia de descanso anual de las docentes es de 45 d\u00edas; son las que tienen mayor antig\u00fcedad. Como la fecha de presentaci\u00f3n de las y los docentes es el 2 de febrero de 2026, a esos docentes que tienen 45 d\u00edas de licencia, les corresponder\u00eda regresar a las escuelas el 17 de febrero. Pero, con este art\u00edculo 28, se les descuentan los d\u00edas que tuvo de licencia. Es decir, si tuvo, por ejemplo, 20 d\u00edas de licencia, tendr\u00eda 20 d\u00edas menos de vacaciones. As\u00ed deber\u00e1 presentarse el 2 de febrero, la fecha estipulada de apertura de las escuelas para los docentes\u201d, contaron.<\/p>\n\n\n\n<p><\/p>\n","protected":false},"excerpt":{"rendered":"<p>La Uni\u00f3n de Trabajadores de la Educaci\u00f3n de La Pampa (Utelpa) denunci\u00f3 p\u00fablicamente que el Gobierno provincial comenz\u00f3 a notificar en las \u00faltimas horas a las escuelas de la aplicaci\u00f3n&hellip;<\/p>\n","protected":false},"author":3,"featured_media":314791,"comment_status":"closed","ping_status":"open","sticky":false,"template":"","format":"standard","meta":{"_acf_changed":false,"footnotes":""},"categories":[1,11,12],"tags":[],"class_list":["post-314788","post","type-post","status-publish","format-standard","has-post-thumbnail","hentry","category-es-noticia","category-que-pasa","category-sociedad"],"acf":[],"yoast_head":"<!-- This site is optimized with the Yoast SEO plugin v27.5 - https:\/\/yoast.com\/product\/yoast-seo-wordpress\/ -->\n<title>Una medida genera alerta en Utelpa: docente que se enferma pierde parte del descanso anual - Diario Textual<\/title>\n<meta name=\"robots\" content=\"index, follow, max-snippet:-1, max-image-preview:large, max-video-preview:-1\" \/>\n<link rel=\"canonical\" href=\"https:\/\/diariotextual.com\/inicio\/index.php\/2025\/12\/05\/provincia-activa-una-polemica-medida-docente-que-se-enferma-pierde-parte-del-descanso-anual\/\" \/>\n<meta property=\"og:locale\" content=\"es_ES\" \/>\n<meta property=\"og:type\" content=\"article\" \/>\n<meta property=\"og:title\" content=\"Una medida genera alerta en Utelpa: docente que se enferma pierde parte del descanso anual - Diario Textual\" \/>\n<meta property=\"og:description\" content=\"La Uni\u00f3n de Trabajadores de la Educaci\u00f3n de La Pampa (Utelpa) denunci\u00f3 p\u00fablicamente que el Gobierno provincial comenz\u00f3 a notificar en las \u00faltimas horas a las escuelas de la aplicaci\u00f3n&hellip;\" \/>\n<meta property=\"og:url\" content=\"https:\/\/diariotextual.com\/inicio\/index.php\/2025\/12\/05\/provincia-activa-una-polemica-medida-docente-que-se-enferma-pierde-parte-del-descanso-anual\/\" \/>\n<meta property=\"og:site_name\" content=\"Diario Textual\" \/>\n<meta property=\"article:publisher\" content=\"https:\/\/www.facebook.com\/eltextual\" \/>\n<meta property=\"article:published_time\" content=\"2025-12-06T02:57:00+00:00\" \/>\n<meta property=\"article:modified_time\" content=\"2025-12-07T10:46:48+00:00\" \/>\n<meta property=\"og:image\" content=\"https:\/\/diariotextual.com\/inicio\/wp-content\/uploads\/2025\/12\/utelpamanifestacionparoutelpa4diciembre2025-3.jpeg\" \/>\n\t<meta property=\"og:image:width\" content=\"1440\" \/>\n\t<meta property=\"og:image:height\" content=\"961\" \/>\n\t<meta property=\"og:image:type\" content=\"image\/jpeg\" \/>\n<meta name=\"author\" content=\"Diario1 Diario1\" \/>\n<meta name=\"twitter:card\" content=\"summary_large_image\" \/>\n<meta name=\"twitter:creator\" content=\"@eltextual\" \/>\n<meta name=\"twitter:site\" content=\"@eltextual\" \/>\n<meta name=\"twitter:label1\" content=\"Escrito por\" \/>\n\t<meta name=\"twitter:data1\" content=\"Diario1 Diario1\" \/>\n\t<meta name=\"twitter:label2\" content=\"Tiempo de lectura\" \/>\n\t<meta name=\"twitter:data2\" content=\"4 minutos\" \/>\n<script type=\"application\/ld+json\" class=\"yoast-schema-graph\">{\"@context\":\"https:\\\/\\\/schema.org\",\"@graph\":[{\"@type\":\"Article\",\"@id\":\"https:\\\/\\\/diariotextual.com\\\/inicio\\\/index.php\\\/2025\\\/12\\\/05\\\/provincia-activa-una-polemica-medida-docente-que-se-enferma-pierde-parte-del-descanso-anual\\\/#article\",\"isPartOf\":{\"@id\":\"https:\\\/\\\/diariotextual.com\\\/inicio\\\/index.php\\\/2025\\\/12\\\/05\\\/provincia-activa-una-polemica-medida-docente-que-se-enferma-pierde-parte-del-descanso-anual\\\/\"},\"author\":{\"name\":\"Diario1 Diario1\",\"@id\":\"https:\\\/\\\/diariotextual.com\\\/inicio\\\/#\\\/schema\\\/person\\\/418fc4093c33e86ed41562db3508f958\"},\"headline\":\"Una medida genera alerta en Utelpa: docente que se enferma pierde parte del descanso anual\",\"datePublished\":\"2025-12-06T02:57:00+00:00\",\"dateModified\":\"2025-12-07T10:46:48+00:00\",\"mainEntityOfPage\":{\"@id\":\"https:\\\/\\\/diariotextual.com\\\/inicio\\\/index.php\\\/2025\\\/12\\\/05\\\/provincia-activa-una-polemica-medida-docente-que-se-enferma-pierde-parte-del-descanso-anual\\\/\"},\"wordCount\":654,\"publisher\":{\"@id\":\"https:\\\/\\\/diariotextual.com\\\/inicio\\\/#organization\"},\"image\":{\"@id\":\"https:\\\/\\\/diariotextual.com\\\/inicio\\\/index.php\\\/2025\\\/12\\\/05\\\/provincia-activa-una-polemica-medida-docente-que-se-enferma-pierde-parte-del-descanso-anual\\\/#primaryimage\"},\"thumbnailUrl\":\"https:\\\/\\\/diariotextual.com\\\/inicio\\\/wp-content\\\/uploads\\\/2025\\\/12\\\/utelpamanifestacionparoutelpa4diciembre2025-3.jpeg\",\"articleSection\":[\"A - ES NOTICIA (van abajo)\",\"A - QUE PASA (al costado)\",\"SOCIEDAD\"],\"inLanguage\":\"es\"},{\"@type\":\"WebPage\",\"@id\":\"https:\\\/\\\/diariotextual.com\\\/inicio\\\/index.php\\\/2025\\\/12\\\/05\\\/provincia-activa-una-polemica-medida-docente-que-se-enferma-pierde-parte-del-descanso-anual\\\/\",\"url\":\"https:\\\/\\\/diariotextual.com\\\/inicio\\\/index.php\\\/2025\\\/12\\\/05\\\/provincia-activa-una-polemica-medida-docente-que-se-enferma-pierde-parte-del-descanso-anual\\\/\",\"name\":\"Una medida genera alerta en Utelpa: docente que se enferma pierde parte del descanso anual - Diario Textual\",\"isPartOf\":{\"@id\":\"https:\\\/\\\/diariotextual.com\\\/inicio\\\/#website\"},\"primaryImageOfPage\":{\"@id\":\"https:\\\/\\\/diariotextual.com\\\/inicio\\\/index.php\\\/2025\\\/12\\\/05\\\/provincia-activa-una-polemica-medida-docente-que-se-enferma-pierde-parte-del-descanso-anual\\\/#primaryimage\"},\"image\":{\"@id\":\"https:\\\/\\\/diariotextual.com\\\/inicio\\\/index.php\\\/2025\\\/12\\\/05\\\/provincia-activa-una-polemica-medida-docente-que-se-enferma-pierde-parte-del-descanso-anual\\\/#primaryimage\"},\"thumbnailUrl\":\"https:\\\/\\\/diariotextual.com\\\/inicio\\\/wp-content\\\/uploads\\\/2025\\\/12\\\/utelpamanifestacionparoutelpa4diciembre2025-3.jpeg\",\"datePublished\":\"2025-12-06T02:57:00+00:00\",\"dateModified\":\"2025-12-07T10:46:48+00:00\",\"breadcrumb\":{\"@id\":\"https:\\\/\\\/diariotextual.com\\\/inicio\\\/index.php\\\/2025\\\/12\\\/05\\\/provincia-activa-una-polemica-medida-docente-que-se-enferma-pierde-parte-del-descanso-anual\\\/#breadcrumb\"},\"inLanguage\":\"es\",\"potentialAction\":[{\"@type\":\"ReadAction\",\"target\":[\"https:\\\/\\\/diariotextual.com\\\/inicio\\\/index.php\\\/2025\\\/12\\\/05\\\/provincia-activa-una-polemica-medida-docente-que-se-enferma-pierde-parte-del-descanso-anual\\\/\"]}]},{\"@type\":\"ImageObject\",\"inLanguage\":\"es\",\"@id\":\"https:\\\/\\\/diariotextual.com\\\/inicio\\\/index.php\\\/2025\\\/12\\\/05\\\/provincia-activa-una-polemica-medida-docente-que-se-enferma-pierde-parte-del-descanso-anual\\\/#primaryimage\",\"url\":\"https:\\\/\\\/diariotextual.com\\\/inicio\\\/wp-content\\\/uploads\\\/2025\\\/12\\\/utelpamanifestacionparoutelpa4diciembre2025-3.jpeg\",\"contentUrl\":\"https:\\\/\\\/diariotextual.com\\\/inicio\\\/wp-content\\\/uploads\\\/2025\\\/12\\\/utelpamanifestacionparoutelpa4diciembre2025-3.jpeg\",\"width\":1440,\"height\":961},{\"@type\":\"BreadcrumbList\",\"@id\":\"https:\\\/\\\/diariotextual.com\\\/inicio\\\/index.php\\\/2025\\\/12\\\/05\\\/provincia-activa-una-polemica-medida-docente-que-se-enferma-pierde-parte-del-descanso-anual\\\/#breadcrumb\",\"itemListElement\":[{\"@type\":\"ListItem\",\"position\":1,\"name\":\"Portada\",\"item\":\"https:\\\/\\\/diariotextual.com\\\/inicio\\\/\"},{\"@type\":\"ListItem\",\"position\":2,\"name\":\"Una medida genera alerta en Utelpa: docente que se enferma pierde parte del descanso anual\"}]},{\"@type\":\"WebSite\",\"@id\":\"https:\\\/\\\/diariotextual.com\\\/inicio\\\/#website\",\"url\":\"https:\\\/\\\/diariotextual.com\\\/inicio\\\/\",\"name\":\"Diario Textual\",\"description\":\"\",\"publisher\":{\"@id\":\"https:\\\/\\\/diariotextual.com\\\/inicio\\\/#organization\"},\"potentialAction\":[{\"@type\":\"SearchAction\",\"target\":{\"@type\":\"EntryPoint\",\"urlTemplate\":\"https:\\\/\\\/diariotextual.com\\\/inicio\\\/?s={search_term_string}\"},\"query-input\":{\"@type\":\"PropertyValueSpecification\",\"valueRequired\":true,\"valueName\":\"search_term_string\"}}],\"inLanguage\":\"es\"},{\"@type\":\"Organization\",\"@id\":\"https:\\\/\\\/diariotextual.com\\\/inicio\\\/#organization\",\"name\":\"Diario Textual\",\"url\":\"https:\\\/\\\/diariotextual.com\\\/inicio\\\/\",\"logo\":{\"@type\":\"ImageObject\",\"inLanguage\":\"es\",\"@id\":\"https:\\\/\\\/diariotextual.com\\\/inicio\\\/#\\\/schema\\\/logo\\\/image\\\/\",\"url\":\"https:\\\/\\\/diariotextual.com\\\/inicio\\\/wp-content\\\/uploads\\\/2023\\\/05\\\/logotextual1.jpg\",\"contentUrl\":\"https:\\\/\\\/diariotextual.com\\\/inicio\\\/wp-content\\\/uploads\\\/2023\\\/05\\\/logotextual1.jpg\",\"width\":516,\"height\":76,\"caption\":\"Diario Textual\"},\"image\":{\"@id\":\"https:\\\/\\\/diariotextual.com\\\/inicio\\\/#\\\/schema\\\/logo\\\/image\\\/\"},\"sameAs\":[\"https:\\\/\\\/www.facebook.com\\\/eltextual\",\"https:\\\/\\\/x.com\\\/eltextual\",\"http:\\\/\\\/www.instagram.com\\\/eltextual\"]},{\"@type\":\"Person\",\"@id\":\"https:\\\/\\\/diariotextual.com\\\/inicio\\\/#\\\/schema\\\/person\\\/418fc4093c33e86ed41562db3508f958\",\"name\":\"Diario1 Diario1\",\"image\":{\"@type\":\"ImageObject\",\"inLanguage\":\"es\",\"@id\":\"https:\\\/\\\/secure.gravatar.com\\\/avatar\\\/9167d280179c85bc18be67aa7eda765854300033af4896dd779b608640f2ef7a?s=96&d=mm&r=g\",\"url\":\"https:\\\/\\\/secure.gravatar.com\\\/avatar\\\/9167d280179c85bc18be67aa7eda765854300033af4896dd779b608640f2ef7a?s=96&d=mm&r=g\",\"contentUrl\":\"https:\\\/\\\/secure.gravatar.com\\\/avatar\\\/9167d280179c85bc18be67aa7eda765854300033af4896dd779b608640f2ef7a?s=96&d=mm&r=g\",\"caption\":\"Diario1 Diario1\"},\"url\":\"https:\\\/\\\/diariotextual.com\\\/inicio\\\/index.php\\\/author\\\/diario1\\\/\"}]}<\/script>\n<!-- \/ Yoast SEO plugin. -->","yoast_head_json":{"title":"Una medida genera alerta en Utelpa: docente que se enferma pierde parte del descanso anual - Diario Textual","robots":{"index":"index","follow":"follow","max-snippet":"max-snippet:-1","max-image-preview":"max-image-preview:large","max-video-preview":"max-video-preview:-1"},"canonical":"https:\/\/diariotextual.com\/inicio\/index.php\/2025\/12\/05\/provincia-activa-una-polemica-medida-docente-que-se-enferma-pierde-parte-del-descanso-anual\/","og_locale":"es_ES","og_type":"article","og_title":"Una medida genera alerta en Utelpa: docente que se enferma pierde parte del descanso anual - Diario Textual","og_description":"La Uni\u00f3n de Trabajadores de la Educaci\u00f3n de La Pampa (Utelpa) denunci\u00f3 p\u00fablicamente que el Gobierno provincial comenz\u00f3 a notificar en las \u00faltimas horas a las escuelas de la aplicaci\u00f3n&hellip;","og_url":"https:\/\/diariotextual.com\/inicio\/index.php\/2025\/12\/05\/provincia-activa-una-polemica-medida-docente-que-se-enferma-pierde-parte-del-descanso-anual\/","og_site_name":"Diario Textual","article_publisher":"https:\/\/www.facebook.com\/eltextual","article_published_time":"2025-12-06T02:57:00+00:00","article_modified_time":"2025-12-07T10:46:48+00:00","og_image":[{"width":1440,"height":961,"url":"https:\/\/diariotextual.com\/inicio\/wp-content\/uploads\/2025\/12\/utelpamanifestacionparoutelpa4diciembre2025-3.jpeg","type":"image\/jpeg"}],"author":"Diario1 Diario1","twitter_card":"summary_large_image","twitter_creator":"@eltextual","twitter_site":"@eltextual","twitter_misc":{"Escrito por":"Diario1 Diario1","Tiempo de lectura":"4 minutos"},"schema":{"@context":"https:\/\/schema.org","@graph":[{"@type":"Article","@id":"https:\/\/diariotextual.com\/inicio\/index.php\/2025\/12\/05\/provincia-activa-una-polemica-medida-docente-que-se-enferma-pierde-parte-del-descanso-anual\/#article","isPartOf":{"@id":"https:\/\/diariotextual.com\/inicio\/index.php\/2025\/12\/05\/provincia-activa-una-polemica-medida-docente-que-se-enferma-pierde-parte-del-descanso-anual\/"},"author":{"name":"Diario1 Diario1","@id":"https:\/\/diariotextual.com\/inicio\/#\/schema\/person\/418fc4093c33e86ed41562db3508f958"},"headline":"Una medida genera alerta en Utelpa: docente que se enferma pierde parte del descanso anual","datePublished":"2025-12-06T02:57:00+00:00","dateModified":"2025-12-07T10:46:48+00:00","mainEntityOfPage":{"@id":"https:\/\/diariotextual.com\/inicio\/index.php\/2025\/12\/05\/provincia-activa-una-polemica-medida-docente-que-se-enferma-pierde-parte-del-descanso-anual\/"},"wordCount":654,"publisher":{"@id":"https:\/\/diariotextual.com\/inicio\/#organization"},"image":{"@id":"https:\/\/diariotextual.com\/inicio\/index.php\/2025\/12\/05\/provincia-activa-una-polemica-medida-docente-que-se-enferma-pierde-parte-del-descanso-anual\/#primaryimage"},"thumbnailUrl":"https:\/\/diariotextual.com\/inicio\/wp-content\/uploads\/2025\/12\/utelpamanifestacionparoutelpa4diciembre2025-3.jpeg","articleSection":["A - ES NOTICIA (van abajo)","A - QUE PASA (al costado)","SOCIEDAD"],"inLanguage":"es"},{"@type":"WebPage","@id":"https:\/\/diariotextual.com\/inicio\/index.php\/2025\/12\/05\/provincia-activa-una-polemica-medida-docente-que-se-enferma-pierde-parte-del-descanso-anual\/","url":"https:\/\/diariotextual.com\/inicio\/index.php\/2025\/12\/05\/provincia-activa-una-polemica-medida-docente-que-se-enferma-pierde-parte-del-descanso-anual\/","name":"Una medida genera alerta en Utelpa: docente que se enferma pierde parte del descanso anual - Diario Textual","isPartOf":{"@id":"https:\/\/diariotextual.com\/inicio\/#website"},"primaryImageOfPage":{"@id":"https:\/\/diariotextual.com\/inicio\/index.php\/2025\/12\/05\/provincia-activa-una-polemica-medida-docente-que-se-enferma-pierde-parte-del-descanso-anual\/#primaryimage"},"image":{"@id":"https:\/\/diariotextual.com\/inicio\/index.php\/2025\/12\/05\/provincia-activa-una-polemica-medida-docente-que-se-enferma-pierde-parte-del-descanso-anual\/#primaryimage"},"thumbnailUrl":"https:\/\/diariotextual.com\/inicio\/wp-content\/uploads\/2025\/12\/utelpamanifestacionparoutelpa4diciembre2025-3.jpeg","datePublished":"2025-12-06T02:57:00+00:00","dateModified":"2025-12-07T10:46:48+00:00","breadcrumb":{"@id":"https:\/\/diariotextual.com\/inicio\/index.php\/2025\/12\/05\/provincia-activa-una-polemica-medida-docente-que-se-enferma-pierde-parte-del-descanso-anual\/#breadcrumb"},"inLanguage":"es","potentialAction":[{"@type":"ReadAction","target":["https:\/\/diariotextual.com\/inicio\/index.php\/2025\/12\/05\/provincia-activa-una-polemica-medida-docente-que-se-enferma-pierde-parte-del-descanso-anual\/"]}]},{"@type":"ImageObject","inLanguage":"es","@id":"https:\/\/diariotextual.com\/inicio\/index.php\/2025\/12\/05\/provincia-activa-una-polemica-medida-docente-que-se-enferma-pierde-parte-del-descanso-anual\/#primaryimage","url":"https:\/\/diariotextual.com\/inicio\/wp-content\/uploads\/2025\/12\/utelpamanifestacionparoutelpa4diciembre2025-3.jpeg","contentUrl":"https:\/\/diariotextual.com\/inicio\/wp-content\/uploads\/2025\/12\/utelpamanifestacionparoutelpa4diciembre2025-3.jpeg","width":1440,"height":961},{"@type":"BreadcrumbList","@id":"https:\/\/diariotextual.com\/inicio\/index.php\/2025\/12\/05\/provincia-activa-una-polemica-medida-docente-que-se-enferma-pierde-parte-del-descanso-anual\/#breadcrumb","itemListElement":[{"@type":"ListItem","position":1,"name":"Portada","item":"https:\/\/diariotextual.com\/inicio\/"},{"@type":"ListItem","position":2,"name":"Una medida genera alerta en Utelpa: docente que se enferma pierde parte del descanso anual"}]},{"@type":"WebSite","@id":"https:\/\/diariotextual.com\/inicio\/#website","url":"https:\/\/diariotextual.com\/inicio\/","name":"Diario Textual","description":"","publisher":{"@id":"https:\/\/diariotextual.com\/inicio\/#organization"},"potentialAction":[{"@type":"SearchAction","target":{"@type":"EntryPoint","urlTemplate":"https:\/\/diariotextual.com\/inicio\/?s={search_term_string}"},"query-input":{"@type":"PropertyValueSpecification","valueRequired":true,"valueName":"search_term_string"}}],"inLanguage":"es"},{"@type":"Organization","@id":"https:\/\/diariotextual.com\/inicio\/#organization","name":"Diario Textual","url":"https:\/\/diariotextual.com\/inicio\/","logo":{"@type":"ImageObject","inLanguage":"es","@id":"https:\/\/diariotextual.com\/inicio\/#\/schema\/logo\/image\/","url":"https:\/\/diariotextual.com\/inicio\/wp-content\/uploads\/2023\/05\/logotextual1.jpg","contentUrl":"https:\/\/diariotextual.com\/inicio\/wp-content\/uploads\/2023\/05\/logotextual1.jpg","width":516,"height":76,"caption":"Diario Textual"},"image":{"@id":"https:\/\/diariotextual.com\/inicio\/#\/schema\/logo\/image\/"},"sameAs":["https:\/\/www.facebook.com\/eltextual","https:\/\/x.com\/eltextual","http:\/\/www.instagram.com\/eltextual"]},{"@type":"Person","@id":"https:\/\/diariotextual.com\/inicio\/#\/schema\/person\/418fc4093c33e86ed41562db3508f958","name":"Diario1 Diario1","image":{"@type":"ImageObject","inLanguage":"es","@id":"https:\/\/secure.gravatar.com\/avatar\/9167d280179c85bc18be67aa7eda765854300033af4896dd779b608640f2ef7a?s=96&d=mm&r=g","url":"https:\/\/secure.gravatar.com\/avatar\/9167d280179c85bc18be67aa7eda765854300033af4896dd779b608640f2ef7a?s=96&d=mm&r=g","contentUrl":"https:\/\/secure.gravatar.com\/avatar\/9167d280179c85bc18be67aa7eda765854300033af4896dd779b608640f2ef7a?s=96&d=mm&r=g","caption":"Diario1 Diario1"},"url":"https:\/\/diariotextual.com\/inicio\/index.php\/author\/diario1\/"}]}},"_links":{"self":[{"href":"https:\/\/diariotextual.com\/inicio\/index.php\/wp-json\/wp\/v2\/posts\/314788","targetHints":{"allow":["GET"]}}],"collection":[{"href":"https:\/\/diariotextual.com\/inicio\/index.php\/wp-json\/wp\/v2\/posts"}],"about":[{"href":"https:\/\/diariotextual.com\/inicio\/index.php\/wp-json\/wp\/v2\/types\/post"}],"author":[{"embeddable":true,"href":"https:\/\/diariotextual.com\/inicio\/index.php\/wp-json\/wp\/v2\/users\/3"}],"replies":[{"embeddable":true,"href":"https:\/\/diariotextual.com\/inicio\/index.php\/wp-json\/wp\/v2\/comments?post=314788"}],"version-history":[{"count":14,"href":"https:\/\/diariotextual.com\/inicio\/index.php\/wp-json\/wp\/v2\/posts\/314788\/revisions"}],"predecessor-version":[{"id":314812,"href":"https:\/\/diariotextual.com\/inicio\/index.php\/wp-json\/wp\/v2\/posts\/314788\/revisions\/314812"}],"wp:featuredmedia":[{"embeddable":true,"href":"https:\/\/diariotextual.com\/inicio\/index.php\/wp-json\/wp\/v2\/media\/314791"}],"wp:attachment":[{"href":"https:\/\/diariotextual.com\/inicio\/index.php\/wp-json\/wp\/v2\/media?parent=314788"}],"wp:term":[{"taxonomy":"category","embeddable":true,"href":"https:\/\/diariotextual.com\/inicio\/index.php\/wp-json\/wp\/v2\/categories?post=314788"},{"taxonomy":"post_tag","embeddable":true,"href":"https:\/\/diariotextual.com\/inicio\/index.php\/wp-json\/wp\/v2\/tags?post=314788"}],"curies":[{"name":"wp","href":"https:\/\/api.w.org\/{rel}","templated":true}]}}