{"id":314869,"date":"2025-12-06T18:10:37","date_gmt":"2025-12-06T21:10:37","guid":{"rendered":"https:\/\/diariotextual.com\/inicio\/?p=314869"},"modified":"2025-12-08T12:26:30","modified_gmt":"2025-12-08T15:26:30","slug":"jury-al-fiscal-mendiara-se-avanza-con-el-pedido-de-las-pruebas-ofrecidas-por-la-procuracion-y-la-defensa","status":"publish","type":"post","link":"https:\/\/diariotextual.com\/inicio\/index.php\/2025\/12\/06\/jury-al-fiscal-mendiara-se-avanza-con-el-pedido-de-las-pruebas-ofrecidas-por-la-procuracion-y-la-defensa\/","title":{"rendered":"Jury al fiscal Mendiara: se avanza con el pedido de las pruebas ofrecidas por la Procuraci\u00f3n y la defensa"},"content":{"rendered":"\n<p>El <strong>jury<\/strong> al fiscal <strong>Alejandro Sebasti\u00e1n Mendiara<\/strong>, a quien se pretende remover de su cargo por la imputaci\u00f3n de <strong>\u201cdesorden de conducta\u201d<\/strong>, sigue avanzando. Se han diligenciado pruebas requeridas por la <strong>Procuraci\u00f3n General<\/strong> y la <strong>defensa<\/strong>, y ahora se aguardan las contestaciones de los organismos y hasta de medios de comunicaci\u00f3n, dijeron a <strong>Diario Textual<\/strong> fuentes vinculadas al caso.<\/p>\n\n\n\n<p>Ambas partes ya ofrecieron qu\u00e9 <strong>pruebas<\/strong> pretenden en el proceso. \u201cEn ese marco, se diligenciaron los oficios y resta que se agreguen las contestaciones con la informaci\u00f3n pedida\u201d, se\u00f1alaron los informantes.<\/p>\n\n\n\n<p>El cuerpo est\u00e1 encabezado por el presidente del <strong>Superior Tribunal de Justicia (stj)<\/strong>, <strong>Eduardo Fern\u00e1ndez Mend\u00eda<\/strong>; y tambi\u00e9n lo integran las diputadas provinciales <strong>Silvia Larreta<\/strong> y <strong>Andrea Valderrama<\/strong>; y los abogados de la matr\u00edcula <strong>Cristian Sebasti\u00e1n Zaikoski<\/strong>, de Bernasconi, y <strong>Federico Lamelo<\/strong>, de Santa Rosa.<\/p>\n\n\n\n<p>La <strong>acusaci\u00f3n<\/strong> la realiza la <strong>Procuraci\u00f3n<\/strong>, a trav\u00e9s del procurador <strong>Mario Oscar Bongianino<\/strong>, en tanto que la <strong>defensa<\/strong> es ejercida por los abogados <strong>Seila Dom\u00ednguez Ardohain<\/strong> y <strong>Rodrigo Villa<\/strong>.<\/p>\n\n\n\n<p><strong>Mendiara<\/strong>, fiscal general de la <strong>Tercera Circunscripci\u00f3n Judicial<\/strong> \u2013con sede en <strong>General Acha<\/strong>\u2013, tiene tres <strong>denuncias<\/strong> que oportunamente fueron presentadas y ratificadas: una del propio <strong>Superior Tribunal de Justicia<\/strong>, otra de legisladores del bloque <strong>Frente Justicialista Pampeano<\/strong>, y la restante de diputados de los bloques <strong>Uni\u00f3n C\u00edvica Radical<\/strong>, <strong>pro-mid<\/strong> y <strong>Comunidad Organizada<\/strong>.<\/p>\n\n\n\n<p>La <strong>imputaci\u00f3n<\/strong> es por <strong>desorden de conducta<\/strong>, una causal de <strong>remoci\u00f3n<\/strong> prevista en el art\u00edculo 21, inciso 2\u00b0, de la <strong>ley 313<\/strong> de <strong>Jurado de Enjuiciamiento<\/strong>.<\/p>\n\n\n\n<p>Al fiscal <strong>Mendiara<\/strong> se lo investiga por un episodio ocurrido en la madrugada del <strong>8 de marzo<\/strong> en <strong>Victorica<\/strong>, donde increp\u00f3 a efectivos policiales durante un control a la salida de un local nocturno. Sus expresiones quedaron registradas en un <strong>video<\/strong> que se viraliz\u00f3 y gener\u00f3 una fuerte repercusi\u00f3n p\u00fablica.<\/p>\n\n\n\n<p>El <strong>stj<\/strong> consider\u00f3 que el accionar del fiscal podr\u00eda encuadrarse en la causal de <strong>\u201cdesorden de conducta\u201d<\/strong> prevista por los art\u00edculos 21 inciso 2\u00b0 y 23 inciso 1\u00b0 de la <strong>ley 313<\/strong>, que habilitan su <strong>remoci\u00f3n<\/strong> en caso de inmoralidad comprobada por hechos concretos que afecten su reputaci\u00f3n.<\/p>\n\n\n\n<p><strong>Mendiara<\/strong> neg\u00f3 haber estado alcoholizado y denunci\u00f3 una <strong>\u201cvendetta\u201d<\/strong> en su contra por parte de la <strong>Polic\u00eda<\/strong>, debido a sus investigaciones sobre <strong>apremios ilegales<\/strong>. Adem\u00e1s, enfrenta otra <strong>denuncia<\/strong> por presunta <strong>agresi\u00f3n<\/strong> a un menor durante un partido de f\u00fatbol en <strong>General Acha<\/strong>, hecho que tambi\u00e9n desminti\u00f3.<\/p>\n\n\n\n<p>El tercer hecho por el que se lo investiga es el <strong>hostigamiento<\/strong> denunciado por un empleado de la Fiscal\u00eda, el abogado <strong>Rodrigo Gonz\u00e1lez<\/strong>, a quien <strong>Mendiara<\/strong> le habr\u00eda negado el traslado a <strong>Santa Rosa<\/strong>. En este caso, el fiscal achense sostiene que esa derivaci\u00f3n se producir\u00eda luego de que se designara un reemplazante.<\/p>\n\n\n\n<p><\/p>\n","protected":false},"excerpt":{"rendered":"<p>El jury al fiscal Alejandro Sebasti\u00e1n Mendiara, a quien se pretende remover de su cargo por la imputaci\u00f3n de \u201cdesorden de conducta\u201d, sigue avanzando. Se han diligenciado pruebas requeridas por&hellip;<\/p>\n","protected":false},"author":3,"featured_media":312583,"comment_status":"closed","ping_status":"open","sticky":false,"template":"","format":"standard","meta":{"_acf_changed":false,"footnotes":""},"categories":[1,12],"tags":[],"class_list":["post-314869","post","type-post","status-publish","format-standard","has-post-thumbnail","hentry","category-es-noticia","category-sociedad"],"acf":[],"yoast_head":"<!-- This site is optimized with the Yoast SEO plugin v27.5 - https:\/\/yoast.com\/product\/yoast-seo-wordpress\/ -->\n<title>Jury al fiscal Mendiara: se avanza con el pedido de las pruebas ofrecidas por la Procuraci\u00f3n y la defensa - Diario Textual<\/title>\n<meta name=\"robots\" content=\"index, follow, max-snippet:-1, max-image-preview:large, max-video-preview:-1\" \/>\n<link rel=\"canonical\" href=\"https:\/\/diariotextual.com\/inicio\/index.php\/2025\/12\/06\/jury-al-fiscal-mendiara-se-avanza-con-el-pedido-de-las-pruebas-ofrecidas-por-la-procuracion-y-la-defensa\/\" \/>\n<meta property=\"og:locale\" content=\"es_ES\" \/>\n<meta property=\"og:type\" content=\"article\" \/>\n<meta property=\"og:title\" content=\"Jury al fiscal Mendiara: se avanza con el pedido de las pruebas ofrecidas por la Procuraci\u00f3n y la defensa - Diario Textual\" \/>\n<meta property=\"og:description\" content=\"El jury al fiscal Alejandro Sebasti\u00e1n Mendiara, a quien se pretende remover de su cargo por la imputaci\u00f3n de \u201cdesorden de conducta\u201d, sigue avanzando. Se han diligenciado pruebas requeridas por&hellip;\" \/>\n<meta property=\"og:url\" content=\"https:\/\/diariotextual.com\/inicio\/index.php\/2025\/12\/06\/jury-al-fiscal-mendiara-se-avanza-con-el-pedido-de-las-pruebas-ofrecidas-por-la-procuracion-y-la-defensa\/\" \/>\n<meta property=\"og:site_name\" content=\"Diario Textual\" \/>\n<meta property=\"article:publisher\" content=\"https:\/\/www.facebook.com\/eltextual\" \/>\n<meta property=\"article:published_time\" content=\"2025-12-06T21:10:37+00:00\" \/>\n<meta property=\"article:modified_time\" content=\"2025-12-08T15:26:30+00:00\" \/>\n<meta property=\"og:image\" content=\"https:\/\/diariotextual.com\/inicio\/wp-content\/uploads\/2025\/11\/mendiaraalejandrofiscaljury2025-1.jpg\" \/>\n\t<meta property=\"og:image:width\" content=\"1300\" \/>\n\t<meta property=\"og:image:height\" content=\"975\" \/>\n\t<meta property=\"og:image:type\" content=\"image\/jpeg\" \/>\n<meta name=\"author\" content=\"Diario1 Diario1\" \/>\n<meta name=\"twitter:card\" content=\"summary_large_image\" \/>\n<meta name=\"twitter:creator\" content=\"@eltextual\" \/>\n<meta name=\"twitter:site\" content=\"@eltextual\" \/>\n<meta name=\"twitter:label1\" content=\"Escrito por\" \/>\n\t<meta name=\"twitter:data1\" content=\"Diario1 Diario1\" \/>\n\t<meta name=\"twitter:label2\" content=\"Tiempo de lectura\" \/>\n\t<meta name=\"twitter:data2\" content=\"3 minutos\" \/>\n<script type=\"application\/ld+json\" class=\"yoast-schema-graph\">{\"@context\":\"https:\\\/\\\/schema.org\",\"@graph\":[{\"@type\":\"Article\",\"@id\":\"https:\\\/\\\/diariotextual.com\\\/inicio\\\/index.php\\\/2025\\\/12\\\/06\\\/jury-al-fiscal-mendiara-se-avanza-con-el-pedido-de-las-pruebas-ofrecidas-por-la-procuracion-y-la-defensa\\\/#article\",\"isPartOf\":{\"@id\":\"https:\\\/\\\/diariotextual.com\\\/inicio\\\/index.php\\\/2025\\\/12\\\/06\\\/jury-al-fiscal-mendiara-se-avanza-con-el-pedido-de-las-pruebas-ofrecidas-por-la-procuracion-y-la-defensa\\\/\"},\"author\":{\"name\":\"Diario1 Diario1\",\"@id\":\"https:\\\/\\\/diariotextual.com\\\/inicio\\\/#\\\/schema\\\/person\\\/418fc4093c33e86ed41562db3508f958\"},\"headline\":\"Jury al fiscal Mendiara: se avanza con el pedido de las pruebas ofrecidas por la Procuraci\u00f3n y la defensa\",\"datePublished\":\"2025-12-06T21:10:37+00:00\",\"dateModified\":\"2025-12-08T15:26:30+00:00\",\"mainEntityOfPage\":{\"@id\":\"https:\\\/\\\/diariotextual.com\\\/inicio\\\/index.php\\\/2025\\\/12\\\/06\\\/jury-al-fiscal-mendiara-se-avanza-con-el-pedido-de-las-pruebas-ofrecidas-por-la-procuracion-y-la-defensa\\\/\"},\"wordCount\":487,\"publisher\":{\"@id\":\"https:\\\/\\\/diariotextual.com\\\/inicio\\\/#organization\"},\"image\":{\"@id\":\"https:\\\/\\\/diariotextual.com\\\/inicio\\\/index.php\\\/2025\\\/12\\\/06\\\/jury-al-fiscal-mendiara-se-avanza-con-el-pedido-de-las-pruebas-ofrecidas-por-la-procuracion-y-la-defensa\\\/#primaryimage\"},\"thumbnailUrl\":\"https:\\\/\\\/diariotextual.com\\\/inicio\\\/wp-content\\\/uploads\\\/2025\\\/11\\\/mendiaraalejandrofiscaljury2025-1.jpg\",\"articleSection\":[\"A - ES NOTICIA (van abajo)\",\"SOCIEDAD\"],\"inLanguage\":\"es\"},{\"@type\":\"WebPage\",\"@id\":\"https:\\\/\\\/diariotextual.com\\\/inicio\\\/index.php\\\/2025\\\/12\\\/06\\\/jury-al-fiscal-mendiara-se-avanza-con-el-pedido-de-las-pruebas-ofrecidas-por-la-procuracion-y-la-defensa\\\/\",\"url\":\"https:\\\/\\\/diariotextual.com\\\/inicio\\\/index.php\\\/2025\\\/12\\\/06\\\/jury-al-fiscal-mendiara-se-avanza-con-el-pedido-de-las-pruebas-ofrecidas-por-la-procuracion-y-la-defensa\\\/\",\"name\":\"Jury al fiscal Mendiara: se avanza con el pedido de las pruebas ofrecidas por la Procuraci\u00f3n y la defensa - Diario Textual\",\"isPartOf\":{\"@id\":\"https:\\\/\\\/diariotextual.com\\\/inicio\\\/#website\"},\"primaryImageOfPage\":{\"@id\":\"https:\\\/\\\/diariotextual.com\\\/inicio\\\/index.php\\\/2025\\\/12\\\/06\\\/jury-al-fiscal-mendiara-se-avanza-con-el-pedido-de-las-pruebas-ofrecidas-por-la-procuracion-y-la-defensa\\\/#primaryimage\"},\"image\":{\"@id\":\"https:\\\/\\\/diariotextual.com\\\/inicio\\\/index.php\\\/2025\\\/12\\\/06\\\/jury-al-fiscal-mendiara-se-avanza-con-el-pedido-de-las-pruebas-ofrecidas-por-la-procuracion-y-la-defensa\\\/#primaryimage\"},\"thumbnailUrl\":\"https:\\\/\\\/diariotextual.com\\\/inicio\\\/wp-content\\\/uploads\\\/2025\\\/11\\\/mendiaraalejandrofiscaljury2025-1.jpg\",\"datePublished\":\"2025-12-06T21:10:37+00:00\",\"dateModified\":\"2025-12-08T15:26:30+00:00\",\"breadcrumb\":{\"@id\":\"https:\\\/\\\/diariotextual.com\\\/inicio\\\/index.php\\\/2025\\\/12\\\/06\\\/jury-al-fiscal-mendiara-se-avanza-con-el-pedido-de-las-pruebas-ofrecidas-por-la-procuracion-y-la-defensa\\\/#breadcrumb\"},\"inLanguage\":\"es\",\"potentialAction\":[{\"@type\":\"ReadAction\",\"target\":[\"https:\\\/\\\/diariotextual.com\\\/inicio\\\/index.php\\\/2025\\\/12\\\/06\\\/jury-al-fiscal-mendiara-se-avanza-con-el-pedido-de-las-pruebas-ofrecidas-por-la-procuracion-y-la-defensa\\\/\"]}]},{\"@type\":\"ImageObject\",\"inLanguage\":\"es\",\"@id\":\"https:\\\/\\\/diariotextual.com\\\/inicio\\\/index.php\\\/2025\\\/12\\\/06\\\/jury-al-fiscal-mendiara-se-avanza-con-el-pedido-de-las-pruebas-ofrecidas-por-la-procuracion-y-la-defensa\\\/#primaryimage\",\"url\":\"https:\\\/\\\/diariotextual.com\\\/inicio\\\/wp-content\\\/uploads\\\/2025\\\/11\\\/mendiaraalejandrofiscaljury2025-1.jpg\",\"contentUrl\":\"https:\\\/\\\/diariotextual.com\\\/inicio\\\/wp-content\\\/uploads\\\/2025\\\/11\\\/mendiaraalejandrofiscaljury2025-1.jpg\",\"width\":1300,\"height\":975},{\"@type\":\"BreadcrumbList\",\"@id\":\"https:\\\/\\\/diariotextual.com\\\/inicio\\\/index.php\\\/2025\\\/12\\\/06\\\/jury-al-fiscal-mendiara-se-avanza-con-el-pedido-de-las-pruebas-ofrecidas-por-la-procuracion-y-la-defensa\\\/#breadcrumb\",\"itemListElement\":[{\"@type\":\"ListItem\",\"position\":1,\"name\":\"Portada\",\"item\":\"https:\\\/\\\/diariotextual.com\\\/inicio\\\/\"},{\"@type\":\"ListItem\",\"position\":2,\"name\":\"Jury al fiscal Mendiara: se avanza con el pedido de las pruebas ofrecidas por la Procuraci\u00f3n y la defensa\"}]},{\"@type\":\"WebSite\",\"@id\":\"https:\\\/\\\/diariotextual.com\\\/inicio\\\/#website\",\"url\":\"https:\\\/\\\/diariotextual.com\\\/inicio\\\/\",\"name\":\"Diario Textual\",\"description\":\"\",\"publisher\":{\"@id\":\"https:\\\/\\\/diariotextual.com\\\/inicio\\\/#organization\"},\"potentialAction\":[{\"@type\":\"SearchAction\",\"target\":{\"@type\":\"EntryPoint\",\"urlTemplate\":\"https:\\\/\\\/diariotextual.com\\\/inicio\\\/?s={search_term_string}\"},\"query-input\":{\"@type\":\"PropertyValueSpecification\",\"valueRequired\":true,\"valueName\":\"search_term_string\"}}],\"inLanguage\":\"es\"},{\"@type\":\"Organization\",\"@id\":\"https:\\\/\\\/diariotextual.com\\\/inicio\\\/#organization\",\"name\":\"Diario Textual\",\"url\":\"https:\\\/\\\/diariotextual.com\\\/inicio\\\/\",\"logo\":{\"@type\":\"ImageObject\",\"inLanguage\":\"es\",\"@id\":\"https:\\\/\\\/diariotextual.com\\\/inicio\\\/#\\\/schema\\\/logo\\\/image\\\/\",\"url\":\"https:\\\/\\\/diariotextual.com\\\/inicio\\\/wp-content\\\/uploads\\\/2023\\\/05\\\/logotextual1.jpg\",\"contentUrl\":\"https:\\\/\\\/diariotextual.com\\\/inicio\\\/wp-content\\\/uploads\\\/2023\\\/05\\\/logotextual1.jpg\",\"width\":516,\"height\":76,\"caption\":\"Diario Textual\"},\"image\":{\"@id\":\"https:\\\/\\\/diariotextual.com\\\/inicio\\\/#\\\/schema\\\/logo\\\/image\\\/\"},\"sameAs\":[\"https:\\\/\\\/www.facebook.com\\\/eltextual\",\"https:\\\/\\\/x.com\\\/eltextual\",\"http:\\\/\\\/www.instagram.com\\\/eltextual\"]},{\"@type\":\"Person\",\"@id\":\"https:\\\/\\\/diariotextual.com\\\/inicio\\\/#\\\/schema\\\/person\\\/418fc4093c33e86ed41562db3508f958\",\"name\":\"Diario1 Diario1\",\"image\":{\"@type\":\"ImageObject\",\"inLanguage\":\"es\",\"@id\":\"https:\\\/\\\/secure.gravatar.com\\\/avatar\\\/9167d280179c85bc18be67aa7eda765854300033af4896dd779b608640f2ef7a?s=96&d=mm&r=g\",\"url\":\"https:\\\/\\\/secure.gravatar.com\\\/avatar\\\/9167d280179c85bc18be67aa7eda765854300033af4896dd779b608640f2ef7a?s=96&d=mm&r=g\",\"contentUrl\":\"https:\\\/\\\/secure.gravatar.com\\\/avatar\\\/9167d280179c85bc18be67aa7eda765854300033af4896dd779b608640f2ef7a?s=96&d=mm&r=g\",\"caption\":\"Diario1 Diario1\"},\"url\":\"https:\\\/\\\/diariotextual.com\\\/inicio\\\/index.php\\\/author\\\/diario1\\\/\"}]}<\/script>\n<!-- \/ Yoast SEO plugin. -->","yoast_head_json":{"title":"Jury al fiscal Mendiara: se avanza con el pedido de las pruebas ofrecidas por la Procuraci\u00f3n y la defensa - Diario Textual","robots":{"index":"index","follow":"follow","max-snippet":"max-snippet:-1","max-image-preview":"max-image-preview:large","max-video-preview":"max-video-preview:-1"},"canonical":"https:\/\/diariotextual.com\/inicio\/index.php\/2025\/12\/06\/jury-al-fiscal-mendiara-se-avanza-con-el-pedido-de-las-pruebas-ofrecidas-por-la-procuracion-y-la-defensa\/","og_locale":"es_ES","og_type":"article","og_title":"Jury al fiscal Mendiara: se avanza con el pedido de las pruebas ofrecidas por la Procuraci\u00f3n y la defensa - Diario Textual","og_description":"El jury al fiscal Alejandro Sebasti\u00e1n Mendiara, a quien se pretende remover de su cargo por la imputaci\u00f3n de \u201cdesorden de conducta\u201d, sigue avanzando. Se han diligenciado pruebas requeridas por&hellip;","og_url":"https:\/\/diariotextual.com\/inicio\/index.php\/2025\/12\/06\/jury-al-fiscal-mendiara-se-avanza-con-el-pedido-de-las-pruebas-ofrecidas-por-la-procuracion-y-la-defensa\/","og_site_name":"Diario Textual","article_publisher":"https:\/\/www.facebook.com\/eltextual","article_published_time":"2025-12-06T21:10:37+00:00","article_modified_time":"2025-12-08T15:26:30+00:00","og_image":[{"width":1300,"height":975,"url":"https:\/\/diariotextual.com\/inicio\/wp-content\/uploads\/2025\/11\/mendiaraalejandrofiscaljury2025-1.jpg","type":"image\/jpeg"}],"author":"Diario1 Diario1","twitter_card":"summary_large_image","twitter_creator":"@eltextual","twitter_site":"@eltextual","twitter_misc":{"Escrito por":"Diario1 Diario1","Tiempo de lectura":"3 minutos"},"schema":{"@context":"https:\/\/schema.org","@graph":[{"@type":"Article","@id":"https:\/\/diariotextual.com\/inicio\/index.php\/2025\/12\/06\/jury-al-fiscal-mendiara-se-avanza-con-el-pedido-de-las-pruebas-ofrecidas-por-la-procuracion-y-la-defensa\/#article","isPartOf":{"@id":"https:\/\/diariotextual.com\/inicio\/index.php\/2025\/12\/06\/jury-al-fiscal-mendiara-se-avanza-con-el-pedido-de-las-pruebas-ofrecidas-por-la-procuracion-y-la-defensa\/"},"author":{"name":"Diario1 Diario1","@id":"https:\/\/diariotextual.com\/inicio\/#\/schema\/person\/418fc4093c33e86ed41562db3508f958"},"headline":"Jury al fiscal Mendiara: se avanza con el pedido de las pruebas ofrecidas por la Procuraci\u00f3n y la defensa","datePublished":"2025-12-06T21:10:37+00:00","dateModified":"2025-12-08T15:26:30+00:00","mainEntityOfPage":{"@id":"https:\/\/diariotextual.com\/inicio\/index.php\/2025\/12\/06\/jury-al-fiscal-mendiara-se-avanza-con-el-pedido-de-las-pruebas-ofrecidas-por-la-procuracion-y-la-defensa\/"},"wordCount":487,"publisher":{"@id":"https:\/\/diariotextual.com\/inicio\/#organization"},"image":{"@id":"https:\/\/diariotextual.com\/inicio\/index.php\/2025\/12\/06\/jury-al-fiscal-mendiara-se-avanza-con-el-pedido-de-las-pruebas-ofrecidas-por-la-procuracion-y-la-defensa\/#primaryimage"},"thumbnailUrl":"https:\/\/diariotextual.com\/inicio\/wp-content\/uploads\/2025\/11\/mendiaraalejandrofiscaljury2025-1.jpg","articleSection":["A - ES NOTICIA (van abajo)","SOCIEDAD"],"inLanguage":"es"},{"@type":"WebPage","@id":"https:\/\/diariotextual.com\/inicio\/index.php\/2025\/12\/06\/jury-al-fiscal-mendiara-se-avanza-con-el-pedido-de-las-pruebas-ofrecidas-por-la-procuracion-y-la-defensa\/","url":"https:\/\/diariotextual.com\/inicio\/index.php\/2025\/12\/06\/jury-al-fiscal-mendiara-se-avanza-con-el-pedido-de-las-pruebas-ofrecidas-por-la-procuracion-y-la-defensa\/","name":"Jury al fiscal Mendiara: se avanza con el pedido de las pruebas ofrecidas por la Procuraci\u00f3n y la defensa - Diario Textual","isPartOf":{"@id":"https:\/\/diariotextual.com\/inicio\/#website"},"primaryImageOfPage":{"@id":"https:\/\/diariotextual.com\/inicio\/index.php\/2025\/12\/06\/jury-al-fiscal-mendiara-se-avanza-con-el-pedido-de-las-pruebas-ofrecidas-por-la-procuracion-y-la-defensa\/#primaryimage"},"image":{"@id":"https:\/\/diariotextual.com\/inicio\/index.php\/2025\/12\/06\/jury-al-fiscal-mendiara-se-avanza-con-el-pedido-de-las-pruebas-ofrecidas-por-la-procuracion-y-la-defensa\/#primaryimage"},"thumbnailUrl":"https:\/\/diariotextual.com\/inicio\/wp-content\/uploads\/2025\/11\/mendiaraalejandrofiscaljury2025-1.jpg","datePublished":"2025-12-06T21:10:37+00:00","dateModified":"2025-12-08T15:26:30+00:00","breadcrumb":{"@id":"https:\/\/diariotextual.com\/inicio\/index.php\/2025\/12\/06\/jury-al-fiscal-mendiara-se-avanza-con-el-pedido-de-las-pruebas-ofrecidas-por-la-procuracion-y-la-defensa\/#breadcrumb"},"inLanguage":"es","potentialAction":[{"@type":"ReadAction","target":["https:\/\/diariotextual.com\/inicio\/index.php\/2025\/12\/06\/jury-al-fiscal-mendiara-se-avanza-con-el-pedido-de-las-pruebas-ofrecidas-por-la-procuracion-y-la-defensa\/"]}]},{"@type":"ImageObject","inLanguage":"es","@id":"https:\/\/diariotextual.com\/inicio\/index.php\/2025\/12\/06\/jury-al-fiscal-mendiara-se-avanza-con-el-pedido-de-las-pruebas-ofrecidas-por-la-procuracion-y-la-defensa\/#primaryimage","url":"https:\/\/diariotextual.com\/inicio\/wp-content\/uploads\/2025\/11\/mendiaraalejandrofiscaljury2025-1.jpg","contentUrl":"https:\/\/diariotextual.com\/inicio\/wp-content\/uploads\/2025\/11\/mendiaraalejandrofiscaljury2025-1.jpg","width":1300,"height":975},{"@type":"BreadcrumbList","@id":"https:\/\/diariotextual.com\/inicio\/index.php\/2025\/12\/06\/jury-al-fiscal-mendiara-se-avanza-con-el-pedido-de-las-pruebas-ofrecidas-por-la-procuracion-y-la-defensa\/#breadcrumb","itemListElement":[{"@type":"ListItem","position":1,"name":"Portada","item":"https:\/\/diariotextual.com\/inicio\/"},{"@type":"ListItem","position":2,"name":"Jury al fiscal Mendiara: se avanza con el pedido de las pruebas ofrecidas por la Procuraci\u00f3n y la defensa"}]},{"@type":"WebSite","@id":"https:\/\/diariotextual.com\/inicio\/#website","url":"https:\/\/diariotextual.com\/inicio\/","name":"Diario Textual","description":"","publisher":{"@id":"https:\/\/diariotextual.com\/inicio\/#organization"},"potentialAction":[{"@type":"SearchAction","target":{"@type":"EntryPoint","urlTemplate":"https:\/\/diariotextual.com\/inicio\/?s={search_term_string}"},"query-input":{"@type":"PropertyValueSpecification","valueRequired":true,"valueName":"search_term_string"}}],"inLanguage":"es"},{"@type":"Organization","@id":"https:\/\/diariotextual.com\/inicio\/#organization","name":"Diario Textual","url":"https:\/\/diariotextual.com\/inicio\/","logo":{"@type":"ImageObject","inLanguage":"es","@id":"https:\/\/diariotextual.com\/inicio\/#\/schema\/logo\/image\/","url":"https:\/\/diariotextual.com\/inicio\/wp-content\/uploads\/2023\/05\/logotextual1.jpg","contentUrl":"https:\/\/diariotextual.com\/inicio\/wp-content\/uploads\/2023\/05\/logotextual1.jpg","width":516,"height":76,"caption":"Diario Textual"},"image":{"@id":"https:\/\/diariotextual.com\/inicio\/#\/schema\/logo\/image\/"},"sameAs":["https:\/\/www.facebook.com\/eltextual","https:\/\/x.com\/eltextual","http:\/\/www.instagram.com\/eltextual"]},{"@type":"Person","@id":"https:\/\/diariotextual.com\/inicio\/#\/schema\/person\/418fc4093c33e86ed41562db3508f958","name":"Diario1 Diario1","image":{"@type":"ImageObject","inLanguage":"es","@id":"https:\/\/secure.gravatar.com\/avatar\/9167d280179c85bc18be67aa7eda765854300033af4896dd779b608640f2ef7a?s=96&d=mm&r=g","url":"https:\/\/secure.gravatar.com\/avatar\/9167d280179c85bc18be67aa7eda765854300033af4896dd779b608640f2ef7a?s=96&d=mm&r=g","contentUrl":"https:\/\/secure.gravatar.com\/avatar\/9167d280179c85bc18be67aa7eda765854300033af4896dd779b608640f2ef7a?s=96&d=mm&r=g","caption":"Diario1 Diario1"},"url":"https:\/\/diariotextual.com\/inicio\/index.php\/author\/diario1\/"}]}},"_links":{"self":[{"href":"https:\/\/diariotextual.com\/inicio\/index.php\/wp-json\/wp\/v2\/posts\/314869","targetHints":{"allow":["GET"]}}],"collection":[{"href":"https:\/\/diariotextual.com\/inicio\/index.php\/wp-json\/wp\/v2\/posts"}],"about":[{"href":"https:\/\/diariotextual.com\/inicio\/index.php\/wp-json\/wp\/v2\/types\/post"}],"author":[{"embeddable":true,"href":"https:\/\/diariotextual.com\/inicio\/index.php\/wp-json\/wp\/v2\/users\/3"}],"replies":[{"embeddable":true,"href":"https:\/\/diariotextual.com\/inicio\/index.php\/wp-json\/wp\/v2\/comments?post=314869"}],"version-history":[{"count":2,"href":"https:\/\/diariotextual.com\/inicio\/index.php\/wp-json\/wp\/v2\/posts\/314869\/revisions"}],"predecessor-version":[{"id":314871,"href":"https:\/\/diariotextual.com\/inicio\/index.php\/wp-json\/wp\/v2\/posts\/314869\/revisions\/314871"}],"wp:featuredmedia":[{"embeddable":true,"href":"https:\/\/diariotextual.com\/inicio\/index.php\/wp-json\/wp\/v2\/media\/312583"}],"wp:attachment":[{"href":"https:\/\/diariotextual.com\/inicio\/index.php\/wp-json\/wp\/v2\/media?parent=314869"}],"wp:term":[{"taxonomy":"category","embeddable":true,"href":"https:\/\/diariotextual.com\/inicio\/index.php\/wp-json\/wp\/v2\/categories?post=314869"},{"taxonomy":"post_tag","embeddable":true,"href":"https:\/\/diariotextual.com\/inicio\/index.php\/wp-json\/wp\/v2\/tags?post=314869"}],"curies":[{"name":"wp","href":"https:\/\/api.w.org\/{rel}","templated":true}]}}