{"id":31523,"date":"2018-12-19T13:23:53","date_gmt":"2018-12-19T16:23:53","guid":{"rendered":"http:\/\/diariotextual.com\/inicio\/?p=31523"},"modified":"2018-12-19T21:06:10","modified_gmt":"2018-12-20T00:06:10","slug":"verna-avisa-los-organismos-credito-portezuelo-inviable","status":"publish","type":"post","link":"https:\/\/diariotextual.com\/inicio\/index.php\/2018\/12\/19\/verna-avisa-los-organismos-credito-portezuelo-inviable\/","title":{"rendered":"Verna avisa a los organismos de cr\u00e9dito que Portezuelo es \u00abinviable\u00bb"},"content":{"rendered":"<p>\u00abLos pampeanos vamos a demostrarle a los organismos internacionales de cr\u00e9dito que pretendan financiar a Portezuelo del Viento que la obra es inviable en los t\u00e9rminos que propone Naci\u00f3n. El proyecto fue tres veces judicializado y es ambientalmente insostenible\u00bb. Lo expres\u00f3 el gobernador <strong>Carlos Verna<\/strong>, por las redes sociales.<\/p>\n<p>La represa, que se ubicar\u00e1 sobre el r\u00edo Grande -tributario del Colorado, en el sur mendocino- es impulsada fuertemente por Naci\u00f3n y Mendoza. La Pampa se resiste: entre otros puntos, porque considera que podr\u00eda afectarse la calidad y cantidad de agua del r\u00edo Colorado. Adem\u00e1s viene denunciando que es inviable ambiental y econ\u00f3micamente.<\/p>\n<p>Ayer al mediod\u00eda se oficializ\u00f3 el llamado a licitaci\u00f3n de Portezuelo del Viento, la postergada megaobra hidroel\u00e9ctrica. La novedad fue que el proyecto no ser\u00e1 financiado a trav\u00e9s de Participaci\u00f3n P\u00fablico-Privada (PPP), sino por organismos multilaterales, bilaterales o bien por el Tesoro de la Naci\u00f3n.<\/p>\n<blockquote class=\"twitter-tweet\" data-lang=\"es\">\n<p dir=\"ltr\" lang=\"es\">Los pampeanos vamos a demostrarle a los organismos internacionales de cr\u00e9dito que pretendan financiar a Portezuelo del Viento que la obra es inviable en los t\u00e9rminos que propone Naci\u00f3n. El proyecto fue tres veces judicializado y es ambientalmente insostenible. <a href=\"https:\/\/t.co\/XwiIz13cOW\">pic.twitter.com\/XwiIz13cOW<\/a><\/p>\n<p>\u2014 Carlos Verna (@VernaGobernador) <a href=\"https:\/\/twitter.com\/VernaGobernador\/status\/1075420718064640000?ref_src=twsrc%5Etfw\">19 de diciembre de 2018<\/a><\/p><\/blockquote>\n<p><script async src=\"https:\/\/platform.twitter.com\/widgets.js\" charset=\"utf-8\"><\/script><\/p>\n<p>&nbsp;<\/p>\n<p>En septiembre, el gobernador pampeano hab\u00eda advertido de los PPP: explic\u00f3 que, con esta forma de financiamiento, las empresas que participaran de la obra -luego de una licitaci\u00f3n- deb\u00edan recuperar el dinero con lo recaudado por la venta de energ\u00eda el\u00e9ctrica. \u201cEl trabajo de los pampeanos es explicarles a los particulares interesados en hacer la obra que la generaci\u00f3n el\u00e9ctrica es la tercera parte de lo que dice Mendoza: ellos dicen que ser\u00e1 de 210 megas y nosotros hemos demostrado que son 76 megas. Eso es decisivo para calcular la tasa interna de retorno\u201d, lleg\u00f3 a decir.<\/p>\n<p>Ahora, sin los PPP, ya Verna no apuntar\u00e1 a las constructoras para que desistan de avanzar con la obra: directamente ir\u00e1 a persuadir a los organismos internacionales de cr\u00e9dito.<\/p>\n<p>&nbsp;<\/p>\n<p>&nbsp;<\/p>\n<p>&nbsp;<\/p>\n","protected":false},"excerpt":{"rendered":"<p>\u00abLos pampeanos vamos a demostrarle a los organismos internacionales de cr\u00e9dito que pretendan financiar a Portezuelo del Viento que la obra es inviable en los t\u00e9rminos que propone Naci\u00f3n. El&hellip;<\/p>\n","protected":false},"author":3,"featured_media":23596,"comment_status":"closed","ping_status":"open","sticky":false,"template":"","format":"standard","meta":{"_acf_changed":false,"footnotes":""},"categories":[11,319,12],"tags":[259,19],"class_list":["post-31523","post","type-post","status-publish","format-standard","has-post-thumbnail","hentry","category-que-pasa","category-a-temporales","category-sociedad","tag-portezuelo","tag-verna"],"acf":[],"yoast_head":"<!-- This site is optimized with the Yoast SEO plugin v27.5 - https:\/\/yoast.com\/product\/yoast-seo-wordpress\/ -->\n<title>Verna avisa a los organismos de cr\u00e9dito que Portezuelo es &quot;inviable&quot; - Diario Textual<\/title>\n<meta name=\"robots\" content=\"index, follow, max-snippet:-1, max-image-preview:large, max-video-preview:-1\" \/>\n<link rel=\"canonical\" href=\"https:\/\/diariotextual.com\/inicio\/index.php\/2018\/12\/19\/verna-avisa-los-organismos-credito-portezuelo-inviable\/\" \/>\n<meta property=\"og:locale\" content=\"es_ES\" \/>\n<meta property=\"og:type\" content=\"article\" \/>\n<meta property=\"og:title\" content=\"Verna avisa a los organismos de cr\u00e9dito que Portezuelo es &quot;inviable&quot; - Diario Textual\" \/>\n<meta property=\"og:description\" content=\"\u00abLos pampeanos vamos a demostrarle a los organismos internacionales de cr\u00e9dito que pretendan financiar a Portezuelo del Viento que la obra es inviable en los t\u00e9rminos que propone Naci\u00f3n. El&hellip;\" \/>\n<meta property=\"og:url\" content=\"https:\/\/diariotextual.com\/inicio\/index.php\/2018\/12\/19\/verna-avisa-los-organismos-credito-portezuelo-inviable\/\" \/>\n<meta property=\"og:site_name\" content=\"Diario Textual\" \/>\n<meta property=\"article:publisher\" content=\"https:\/\/www.facebook.com\/eltextual\" \/>\n<meta property=\"article:published_time\" content=\"2018-12-19T16:23:53+00:00\" \/>\n<meta property=\"article:modified_time\" content=\"2018-12-20T00:06:10+00:00\" \/>\n<meta property=\"og:image\" content=\"https:\/\/diariotextual.com\/inicio\/wp-content\/uploads\/2018\/10\/vernacarlosportezueloatuelgorra1.jpg\" \/>\n\t<meta property=\"og:image:width\" content=\"2048\" \/>\n\t<meta property=\"og:image:height\" content=\"1368\" \/>\n\t<meta property=\"og:image:type\" content=\"image\/jpeg\" \/>\n<meta name=\"author\" content=\"Diario1 Diario1\" \/>\n<meta name=\"twitter:card\" content=\"summary_large_image\" \/>\n<meta name=\"twitter:creator\" content=\"@eltextual\" \/>\n<meta name=\"twitter:site\" content=\"@eltextual\" \/>\n<meta name=\"twitter:label1\" content=\"Escrito por\" \/>\n\t<meta name=\"twitter:data1\" content=\"Diario1 Diario1\" \/>\n\t<meta name=\"twitter:label2\" content=\"Tiempo de lectura\" \/>\n\t<meta name=\"twitter:data2\" content=\"2 minutos\" \/>\n<script type=\"application\/ld+json\" class=\"yoast-schema-graph\">{\"@context\":\"https:\\\/\\\/schema.org\",\"@graph\":[{\"@type\":\"Article\",\"@id\":\"https:\\\/\\\/diariotextual.com\\\/inicio\\\/index.php\\\/2018\\\/12\\\/19\\\/verna-avisa-los-organismos-credito-portezuelo-inviable\\\/#article\",\"isPartOf\":{\"@id\":\"https:\\\/\\\/diariotextual.com\\\/inicio\\\/index.php\\\/2018\\\/12\\\/19\\\/verna-avisa-los-organismos-credito-portezuelo-inviable\\\/\"},\"author\":{\"name\":\"Diario1 Diario1\",\"@id\":\"https:\\\/\\\/diariotextual.com\\\/inicio\\\/#\\\/schema\\\/person\\\/418fc4093c33e86ed41562db3508f958\"},\"headline\":\"Verna avisa a los organismos de cr\u00e9dito que Portezuelo es \u00abinviable\u00bb\",\"datePublished\":\"2018-12-19T16:23:53+00:00\",\"dateModified\":\"2018-12-20T00:06:10+00:00\",\"mainEntityOfPage\":{\"@id\":\"https:\\\/\\\/diariotextual.com\\\/inicio\\\/index.php\\\/2018\\\/12\\\/19\\\/verna-avisa-los-organismos-credito-portezuelo-inviable\\\/\"},\"wordCount\":364,\"publisher\":{\"@id\":\"https:\\\/\\\/diariotextual.com\\\/inicio\\\/#organization\"},\"image\":{\"@id\":\"https:\\\/\\\/diariotextual.com\\\/inicio\\\/index.php\\\/2018\\\/12\\\/19\\\/verna-avisa-los-organismos-credito-portezuelo-inviable\\\/#primaryimage\"},\"thumbnailUrl\":\"https:\\\/\\\/diariotextual.com\\\/inicio\\\/wp-content\\\/uploads\\\/2018\\\/10\\\/vernacarlosportezueloatuelgorra1.jpg\",\"keywords\":[\"portezuelo\",\"verna\"],\"articleSection\":[\"A - QUE PASA (al costado)\",\"A - TEMPORALES\",\"SOCIEDAD\"],\"inLanguage\":\"es\"},{\"@type\":\"WebPage\",\"@id\":\"https:\\\/\\\/diariotextual.com\\\/inicio\\\/index.php\\\/2018\\\/12\\\/19\\\/verna-avisa-los-organismos-credito-portezuelo-inviable\\\/\",\"url\":\"https:\\\/\\\/diariotextual.com\\\/inicio\\\/index.php\\\/2018\\\/12\\\/19\\\/verna-avisa-los-organismos-credito-portezuelo-inviable\\\/\",\"name\":\"Verna avisa a los organismos de cr\u00e9dito que Portezuelo es \\\"inviable\\\" - Diario Textual\",\"isPartOf\":{\"@id\":\"https:\\\/\\\/diariotextual.com\\\/inicio\\\/#website\"},\"primaryImageOfPage\":{\"@id\":\"https:\\\/\\\/diariotextual.com\\\/inicio\\\/index.php\\\/2018\\\/12\\\/19\\\/verna-avisa-los-organismos-credito-portezuelo-inviable\\\/#primaryimage\"},\"image\":{\"@id\":\"https:\\\/\\\/diariotextual.com\\\/inicio\\\/index.php\\\/2018\\\/12\\\/19\\\/verna-avisa-los-organismos-credito-portezuelo-inviable\\\/#primaryimage\"},\"thumbnailUrl\":\"https:\\\/\\\/diariotextual.com\\\/inicio\\\/wp-content\\\/uploads\\\/2018\\\/10\\\/vernacarlosportezueloatuelgorra1.jpg\",\"datePublished\":\"2018-12-19T16:23:53+00:00\",\"dateModified\":\"2018-12-20T00:06:10+00:00\",\"breadcrumb\":{\"@id\":\"https:\\\/\\\/diariotextual.com\\\/inicio\\\/index.php\\\/2018\\\/12\\\/19\\\/verna-avisa-los-organismos-credito-portezuelo-inviable\\\/#breadcrumb\"},\"inLanguage\":\"es\",\"potentialAction\":[{\"@type\":\"ReadAction\",\"target\":[\"https:\\\/\\\/diariotextual.com\\\/inicio\\\/index.php\\\/2018\\\/12\\\/19\\\/verna-avisa-los-organismos-credito-portezuelo-inviable\\\/\"]}]},{\"@type\":\"ImageObject\",\"inLanguage\":\"es\",\"@id\":\"https:\\\/\\\/diariotextual.com\\\/inicio\\\/index.php\\\/2018\\\/12\\\/19\\\/verna-avisa-los-organismos-credito-portezuelo-inviable\\\/#primaryimage\",\"url\":\"https:\\\/\\\/diariotextual.com\\\/inicio\\\/wp-content\\\/uploads\\\/2018\\\/10\\\/vernacarlosportezueloatuelgorra1.jpg\",\"contentUrl\":\"https:\\\/\\\/diariotextual.com\\\/inicio\\\/wp-content\\\/uploads\\\/2018\\\/10\\\/vernacarlosportezueloatuelgorra1.jpg\",\"width\":2048,\"height\":1368},{\"@type\":\"BreadcrumbList\",\"@id\":\"https:\\\/\\\/diariotextual.com\\\/inicio\\\/index.php\\\/2018\\\/12\\\/19\\\/verna-avisa-los-organismos-credito-portezuelo-inviable\\\/#breadcrumb\",\"itemListElement\":[{\"@type\":\"ListItem\",\"position\":1,\"name\":\"Portada\",\"item\":\"https:\\\/\\\/diariotextual.com\\\/inicio\\\/\"},{\"@type\":\"ListItem\",\"position\":2,\"name\":\"Verna avisa a los organismos de cr\u00e9dito que Portezuelo es \u00abinviable\u00bb\"}]},{\"@type\":\"WebSite\",\"@id\":\"https:\\\/\\\/diariotextual.com\\\/inicio\\\/#website\",\"url\":\"https:\\\/\\\/diariotextual.com\\\/inicio\\\/\",\"name\":\"Diario Textual\",\"description\":\"\",\"publisher\":{\"@id\":\"https:\\\/\\\/diariotextual.com\\\/inicio\\\/#organization\"},\"potentialAction\":[{\"@type\":\"SearchAction\",\"target\":{\"@type\":\"EntryPoint\",\"urlTemplate\":\"https:\\\/\\\/diariotextual.com\\\/inicio\\\/?s={search_term_string}\"},\"query-input\":{\"@type\":\"PropertyValueSpecification\",\"valueRequired\":true,\"valueName\":\"search_term_string\"}}],\"inLanguage\":\"es\"},{\"@type\":\"Organization\",\"@id\":\"https:\\\/\\\/diariotextual.com\\\/inicio\\\/#organization\",\"name\":\"Diario Textual\",\"url\":\"https:\\\/\\\/diariotextual.com\\\/inicio\\\/\",\"logo\":{\"@type\":\"ImageObject\",\"inLanguage\":\"es\",\"@id\":\"https:\\\/\\\/diariotextual.com\\\/inicio\\\/#\\\/schema\\\/logo\\\/image\\\/\",\"url\":\"https:\\\/\\\/diariotextual.com\\\/inicio\\\/wp-content\\\/uploads\\\/2023\\\/05\\\/logotextual1.jpg\",\"contentUrl\":\"https:\\\/\\\/diariotextual.com\\\/inicio\\\/wp-content\\\/uploads\\\/2023\\\/05\\\/logotextual1.jpg\",\"width\":516,\"height\":76,\"caption\":\"Diario Textual\"},\"image\":{\"@id\":\"https:\\\/\\\/diariotextual.com\\\/inicio\\\/#\\\/schema\\\/logo\\\/image\\\/\"},\"sameAs\":[\"https:\\\/\\\/www.facebook.com\\\/eltextual\",\"https:\\\/\\\/x.com\\\/eltextual\",\"http:\\\/\\\/www.instagram.com\\\/eltextual\"]},{\"@type\":\"Person\",\"@id\":\"https:\\\/\\\/diariotextual.com\\\/inicio\\\/#\\\/schema\\\/person\\\/418fc4093c33e86ed41562db3508f958\",\"name\":\"Diario1 Diario1\",\"image\":{\"@type\":\"ImageObject\",\"inLanguage\":\"es\",\"@id\":\"https:\\\/\\\/secure.gravatar.com\\\/avatar\\\/9167d280179c85bc18be67aa7eda765854300033af4896dd779b608640f2ef7a?s=96&d=mm&r=g\",\"url\":\"https:\\\/\\\/secure.gravatar.com\\\/avatar\\\/9167d280179c85bc18be67aa7eda765854300033af4896dd779b608640f2ef7a?s=96&d=mm&r=g\",\"contentUrl\":\"https:\\\/\\\/secure.gravatar.com\\\/avatar\\\/9167d280179c85bc18be67aa7eda765854300033af4896dd779b608640f2ef7a?s=96&d=mm&r=g\",\"caption\":\"Diario1 Diario1\"},\"url\":\"https:\\\/\\\/diariotextual.com\\\/inicio\\\/index.php\\\/author\\\/diario1\\\/\"}]}<\/script>\n<!-- \/ Yoast SEO plugin. -->","yoast_head_json":{"title":"Verna avisa a los organismos de cr\u00e9dito que Portezuelo es \"inviable\" - Diario Textual","robots":{"index":"index","follow":"follow","max-snippet":"max-snippet:-1","max-image-preview":"max-image-preview:large","max-video-preview":"max-video-preview:-1"},"canonical":"https:\/\/diariotextual.com\/inicio\/index.php\/2018\/12\/19\/verna-avisa-los-organismos-credito-portezuelo-inviable\/","og_locale":"es_ES","og_type":"article","og_title":"Verna avisa a los organismos de cr\u00e9dito que Portezuelo es \"inviable\" - Diario Textual","og_description":"\u00abLos pampeanos vamos a demostrarle a los organismos internacionales de cr\u00e9dito que pretendan financiar a Portezuelo del Viento que la obra es inviable en los t\u00e9rminos que propone Naci\u00f3n. El&hellip;","og_url":"https:\/\/diariotextual.com\/inicio\/index.php\/2018\/12\/19\/verna-avisa-los-organismos-credito-portezuelo-inviable\/","og_site_name":"Diario Textual","article_publisher":"https:\/\/www.facebook.com\/eltextual","article_published_time":"2018-12-19T16:23:53+00:00","article_modified_time":"2018-12-20T00:06:10+00:00","og_image":[{"width":2048,"height":1368,"url":"https:\/\/diariotextual.com\/inicio\/wp-content\/uploads\/2018\/10\/vernacarlosportezueloatuelgorra1.jpg","type":"image\/jpeg"}],"author":"Diario1 Diario1","twitter_card":"summary_large_image","twitter_creator":"@eltextual","twitter_site":"@eltextual","twitter_misc":{"Escrito por":"Diario1 Diario1","Tiempo de lectura":"2 minutos"},"schema":{"@context":"https:\/\/schema.org","@graph":[{"@type":"Article","@id":"https:\/\/diariotextual.com\/inicio\/index.php\/2018\/12\/19\/verna-avisa-los-organismos-credito-portezuelo-inviable\/#article","isPartOf":{"@id":"https:\/\/diariotextual.com\/inicio\/index.php\/2018\/12\/19\/verna-avisa-los-organismos-credito-portezuelo-inviable\/"},"author":{"name":"Diario1 Diario1","@id":"https:\/\/diariotextual.com\/inicio\/#\/schema\/person\/418fc4093c33e86ed41562db3508f958"},"headline":"Verna avisa a los organismos de cr\u00e9dito que Portezuelo es \u00abinviable\u00bb","datePublished":"2018-12-19T16:23:53+00:00","dateModified":"2018-12-20T00:06:10+00:00","mainEntityOfPage":{"@id":"https:\/\/diariotextual.com\/inicio\/index.php\/2018\/12\/19\/verna-avisa-los-organismos-credito-portezuelo-inviable\/"},"wordCount":364,"publisher":{"@id":"https:\/\/diariotextual.com\/inicio\/#organization"},"image":{"@id":"https:\/\/diariotextual.com\/inicio\/index.php\/2018\/12\/19\/verna-avisa-los-organismos-credito-portezuelo-inviable\/#primaryimage"},"thumbnailUrl":"https:\/\/diariotextual.com\/inicio\/wp-content\/uploads\/2018\/10\/vernacarlosportezueloatuelgorra1.jpg","keywords":["portezuelo","verna"],"articleSection":["A - QUE PASA (al costado)","A - TEMPORALES","SOCIEDAD"],"inLanguage":"es"},{"@type":"WebPage","@id":"https:\/\/diariotextual.com\/inicio\/index.php\/2018\/12\/19\/verna-avisa-los-organismos-credito-portezuelo-inviable\/","url":"https:\/\/diariotextual.com\/inicio\/index.php\/2018\/12\/19\/verna-avisa-los-organismos-credito-portezuelo-inviable\/","name":"Verna avisa a los organismos de cr\u00e9dito que Portezuelo es \"inviable\" - Diario Textual","isPartOf":{"@id":"https:\/\/diariotextual.com\/inicio\/#website"},"primaryImageOfPage":{"@id":"https:\/\/diariotextual.com\/inicio\/index.php\/2018\/12\/19\/verna-avisa-los-organismos-credito-portezuelo-inviable\/#primaryimage"},"image":{"@id":"https:\/\/diariotextual.com\/inicio\/index.php\/2018\/12\/19\/verna-avisa-los-organismos-credito-portezuelo-inviable\/#primaryimage"},"thumbnailUrl":"https:\/\/diariotextual.com\/inicio\/wp-content\/uploads\/2018\/10\/vernacarlosportezueloatuelgorra1.jpg","datePublished":"2018-12-19T16:23:53+00:00","dateModified":"2018-12-20T00:06:10+00:00","breadcrumb":{"@id":"https:\/\/diariotextual.com\/inicio\/index.php\/2018\/12\/19\/verna-avisa-los-organismos-credito-portezuelo-inviable\/#breadcrumb"},"inLanguage":"es","potentialAction":[{"@type":"ReadAction","target":["https:\/\/diariotextual.com\/inicio\/index.php\/2018\/12\/19\/verna-avisa-los-organismos-credito-portezuelo-inviable\/"]}]},{"@type":"ImageObject","inLanguage":"es","@id":"https:\/\/diariotextual.com\/inicio\/index.php\/2018\/12\/19\/verna-avisa-los-organismos-credito-portezuelo-inviable\/#primaryimage","url":"https:\/\/diariotextual.com\/inicio\/wp-content\/uploads\/2018\/10\/vernacarlosportezueloatuelgorra1.jpg","contentUrl":"https:\/\/diariotextual.com\/inicio\/wp-content\/uploads\/2018\/10\/vernacarlosportezueloatuelgorra1.jpg","width":2048,"height":1368},{"@type":"BreadcrumbList","@id":"https:\/\/diariotextual.com\/inicio\/index.php\/2018\/12\/19\/verna-avisa-los-organismos-credito-portezuelo-inviable\/#breadcrumb","itemListElement":[{"@type":"ListItem","position":1,"name":"Portada","item":"https:\/\/diariotextual.com\/inicio\/"},{"@type":"ListItem","position":2,"name":"Verna avisa a los organismos de cr\u00e9dito que Portezuelo es \u00abinviable\u00bb"}]},{"@type":"WebSite","@id":"https:\/\/diariotextual.com\/inicio\/#website","url":"https:\/\/diariotextual.com\/inicio\/","name":"Diario Textual","description":"","publisher":{"@id":"https:\/\/diariotextual.com\/inicio\/#organization"},"potentialAction":[{"@type":"SearchAction","target":{"@type":"EntryPoint","urlTemplate":"https:\/\/diariotextual.com\/inicio\/?s={search_term_string}"},"query-input":{"@type":"PropertyValueSpecification","valueRequired":true,"valueName":"search_term_string"}}],"inLanguage":"es"},{"@type":"Organization","@id":"https:\/\/diariotextual.com\/inicio\/#organization","name":"Diario Textual","url":"https:\/\/diariotextual.com\/inicio\/","logo":{"@type":"ImageObject","inLanguage":"es","@id":"https:\/\/diariotextual.com\/inicio\/#\/schema\/logo\/image\/","url":"https:\/\/diariotextual.com\/inicio\/wp-content\/uploads\/2023\/05\/logotextual1.jpg","contentUrl":"https:\/\/diariotextual.com\/inicio\/wp-content\/uploads\/2023\/05\/logotextual1.jpg","width":516,"height":76,"caption":"Diario Textual"},"image":{"@id":"https:\/\/diariotextual.com\/inicio\/#\/schema\/logo\/image\/"},"sameAs":["https:\/\/www.facebook.com\/eltextual","https:\/\/x.com\/eltextual","http:\/\/www.instagram.com\/eltextual"]},{"@type":"Person","@id":"https:\/\/diariotextual.com\/inicio\/#\/schema\/person\/418fc4093c33e86ed41562db3508f958","name":"Diario1 Diario1","image":{"@type":"ImageObject","inLanguage":"es","@id":"https:\/\/secure.gravatar.com\/avatar\/9167d280179c85bc18be67aa7eda765854300033af4896dd779b608640f2ef7a?s=96&d=mm&r=g","url":"https:\/\/secure.gravatar.com\/avatar\/9167d280179c85bc18be67aa7eda765854300033af4896dd779b608640f2ef7a?s=96&d=mm&r=g","contentUrl":"https:\/\/secure.gravatar.com\/avatar\/9167d280179c85bc18be67aa7eda765854300033af4896dd779b608640f2ef7a?s=96&d=mm&r=g","caption":"Diario1 Diario1"},"url":"https:\/\/diariotextual.com\/inicio\/index.php\/author\/diario1\/"}]}},"_links":{"self":[{"href":"https:\/\/diariotextual.com\/inicio\/index.php\/wp-json\/wp\/v2\/posts\/31523","targetHints":{"allow":["GET"]}}],"collection":[{"href":"https:\/\/diariotextual.com\/inicio\/index.php\/wp-json\/wp\/v2\/posts"}],"about":[{"href":"https:\/\/diariotextual.com\/inicio\/index.php\/wp-json\/wp\/v2\/types\/post"}],"author":[{"embeddable":true,"href":"https:\/\/diariotextual.com\/inicio\/index.php\/wp-json\/wp\/v2\/users\/3"}],"replies":[{"embeddable":true,"href":"https:\/\/diariotextual.com\/inicio\/index.php\/wp-json\/wp\/v2\/comments?post=31523"}],"version-history":[{"count":5,"href":"https:\/\/diariotextual.com\/inicio\/index.php\/wp-json\/wp\/v2\/posts\/31523\/revisions"}],"predecessor-version":[{"id":31528,"href":"https:\/\/diariotextual.com\/inicio\/index.php\/wp-json\/wp\/v2\/posts\/31523\/revisions\/31528"}],"wp:featuredmedia":[{"embeddable":true,"href":"https:\/\/diariotextual.com\/inicio\/index.php\/wp-json\/wp\/v2\/media\/23596"}],"wp:attachment":[{"href":"https:\/\/diariotextual.com\/inicio\/index.php\/wp-json\/wp\/v2\/media?parent=31523"}],"wp:term":[{"taxonomy":"category","embeddable":true,"href":"https:\/\/diariotextual.com\/inicio\/index.php\/wp-json\/wp\/v2\/categories?post=31523"},{"taxonomy":"post_tag","embeddable":true,"href":"https:\/\/diariotextual.com\/inicio\/index.php\/wp-json\/wp\/v2\/tags?post=31523"}],"curies":[{"name":"wp","href":"https:\/\/api.w.org\/{rel}","templated":true}]}}