{"id":31587,"date":"2018-12-19T20:08:28","date_gmt":"2018-12-19T23:08:28","guid":{"rendered":"http:\/\/diariotextual.com\/inicio\/?p=31587"},"modified":"2018-12-20T08:31:38","modified_gmt":"2018-12-20T11:31:38","slug":"se-reunio-la-ciai-la-pampa-apura-la-corte-defina-caudal-del-atuel","status":"publish","type":"post","link":"https:\/\/diariotextual.com\/inicio\/index.php\/2018\/12\/19\/se-reunio-la-ciai-la-pampa-apura-la-corte-defina-caudal-del-atuel\/","title":{"rendered":"Se reuni\u00f3 la CIAI: La Pampa apura a la Corte que defina el caudal del Atuel"},"content":{"rendered":"<p>Se reunieron los representantes de La Pampa y Mendoza en el <strong>Consejo Interjurisdiccional del Atuel Inferior (CIAI)<\/strong>. Luego del encuentro en la sede del Comit\u00e9 H\u00eddrico Federal (COHIFE), Javier Schlegel, secretario de Recursos H\u00eddricos de La Pampa, sostuvo que<strong> se continu\u00f3 trabajando en la conformaci\u00f3n de los medidores de da\u00f1o ambiental<\/strong> y en el estatuto de conformaci\u00f3n del organismo de cuenca y <strong>reclam\u00f3 una definici\u00f3n del caudal del Atuel por parte de la Corte Suprema de Justicia<\/strong> de la Naci\u00f3n (CSJN).<\/p>\n<p>&nbsp;<\/p>\n<blockquote class=\"wp-embedded-content\" data-secret=\"wdZbQbOKFI\"><p><a href=\"http:\/\/diariotextual.com\/inicio\/index.php\/2018\/12\/19\/verna-avisa-los-organismos-credito-portezuelo-inviable\/\">Verna avisa a los organismos de cr\u00e9dito que Portezuelo es &#8220;inviable&#8221;<\/a><\/p><\/blockquote>\n<p><iframe class=\"wp-embedded-content\" sandbox=\"allow-scripts\" security=\"restricted\" style=\"position: absolute; clip: rect(1px, 1px, 1px, 1px);\" src=\"http:\/\/diariotextual.com\/inicio\/index.php\/2018\/12\/19\/verna-avisa-los-organismos-credito-portezuelo-inviable\/embed\/#?secret=wdZbQbOKFI\" data-secret=\"wdZbQbOKFI\" width=\"600\" height=\"338\" title=\"&#8220;Verna avisa a los organismos de cr\u00e9dito que Portezuelo es &#8220;inviable&#8221;&#8221; &#8212; Diario Textual\" frameborder=\"0\" marginwidth=\"0\" marginheight=\"0\" scrolling=\"no\"><\/iframe><\/p>\n<p>&nbsp;<\/p>\n<p>El a\u00f1o pasado, la\u00a0Corte orden\u00f3 a Mendoza y La Pampa que se pongan de acuerdo para establecer\u00a0el\u00a0caudal m\u00ednimo del r\u00edo Atuel que permita recomponer el ecosistema del oeste pampeano. Hubo negociaciones durante buena parte del a\u00f1o, pero no se acord\u00f3. As\u00ed ahora la \u00faltima palabra la tiene el m\u00e1ximo organismo judicial del pa\u00eds.<\/p>\n<p>&nbsp;<\/p>\n<div id=\"attachment_31163\" style=\"width: 970px\" class=\"wp-caption alignnone\"><img fetchpriority=\"high\" decoding=\"async\" aria-describedby=\"caption-attachment-31163\" class=\"wp-image-31163 size-full\" src=\"http:\/\/diariotextual.com\/inicio\/wp-content\/uploads\/2018\/12\/algarroboatueltemporadaturismo20182019-1.jpg\" alt=\"\" width=\"960\" height=\"662\" srcset=\"https:\/\/diariotextual.com\/inicio\/wp-content\/uploads\/2018\/12\/algarroboatueltemporadaturismo20182019-1.jpg 960w, https:\/\/diariotextual.com\/inicio\/wp-content\/uploads\/2018\/12\/algarroboatueltemporadaturismo20182019-1-300x207.jpg 300w, https:\/\/diariotextual.com\/inicio\/wp-content\/uploads\/2018\/12\/algarroboatueltemporadaturismo20182019-1-768x530.jpg 768w, https:\/\/diariotextual.com\/inicio\/wp-content\/uploads\/2018\/12\/algarroboatueltemporadaturismo20182019-1-585x403.jpg 585w\" sizes=\"(max-width: 960px) 100vw, 960px\" \/><p id=\"caption-attachment-31163\" class=\"wp-caption-text\">Hace unos d\u00edas se abri\u00f3 la temporada de verano en Algarrobo. \u00bfHasta cu\u00e1ndo habr\u00e1 agua?<\/p><\/div>\n<p>\u201cSe trabaj\u00f3 -dijo- en la posibilidad de poder poner dos estaciones para medir el caudal en Algarrobo del \u00c1guila y en Paso Maroma. Teniendo en cuenta que est\u00e1 ingresando a La Pampa un caudal de 0.44 m3\/seg, entendimos la importancia de continuar con las reuniones, de hacer los reclamos, y de resaltar la necesidad de que la Corte pueda decidir el caudal que tiene que ingresar a la provincia (de La Pampa), necesitamos la definici\u00f3n de ese valor de caudal\u201d.<\/p>\n<p>&nbsp;<\/p>\n<p><strong>Por correo electr\u00f3nico<\/strong><\/p>\n<p>En lo que respecta al trabajo a futuro, se continuar\u00e1 a trav\u00e9s del env\u00edo de correos electr\u00f3nicos. \u201cVamos a seguir sosteniendo la necesidad de un organismo de cuenca, que maneje toda la cuenca, lo vamos a continuar proponiendo\u00bb, expres\u00f3. \u00ab<strong>Habr\u00e1 una nueva reuni\u00f3n el 20 de febrero<\/strong>, pero es evidente que si bien la parte Ejecutiva de cada estamento sigue trabajando, aqu\u00ed es necesario un fallo de fondo para definir el valor que tenemos que tener de agua en el cauce, para que no suceda lo que estamos viendo, que cuando tenemos agua, como pasa en Algarrobo del \u00c1guila, nos desarrollamos, pero falta que la tengamos de manera continua y con un valor adecuado. Mientras el ambiente se sigue degradando, si bien seguimos trabajando, la llave la tiene la Corte Suprema de Justicia\u201d, dijo.<\/p>\n<p>&nbsp;<\/p>\n<p><strong>Propuestas<\/strong><\/p>\n<p>El plazo para fijar el caudal del Atuel venci\u00f3 el 16 de octubre pasado.\u00a0<strong>La Pampa pidi\u00f3 un caudal m\u00ednimo de 4,5 m3\/s y 2.400 microSiemens por cent\u00edmetro de conductividad para empezar a reconstituir el medio ambiente en la zona afectada.\u00a0<\/strong>Tambi\u00e9n\u00a0solicit\u00f3 la creaci\u00f3n de un comit\u00e9 de cuenca\u00a0-que abarque todo el Atuel, no solo el llamado \u201cAtuel Inferior\u201d- y\u00a0propuso una serie de obras\u00a0-que excluye toda posibilidad de trasvase, como pretende Mendoza, desde el r\u00edo Grande-.<\/p>\n<p>A su vez,\u00a0<strong>Mendoza propuso 1,3 m3\/s de caudal a partir de una bater\u00eda de pozos con una calidad de 6.000 microSiemens\u00a0por cent\u00edmetro de conductividad<\/strong>.\u00a0Nuestra provincia se opuso por ser escaso el caudal y porque, entre otros puntos, se establece que el agua se sacar\u00e1 a trav\u00e9s de pozos.<\/p>\n<p>En tanto,\u00a0<strong>Naci\u00f3n dijo que se podr\u00eda dar un caudal m\u00ednimo de 3,2 m3\/s, con un caudal inicial de 2,2 m3\/s. Esa propuesta de Casa Rosada tambi\u00e9n fue rechazada<\/strong>: nuestra provincia sostiene que no cesa el da\u00f1o y que los fondos propuestos -700 millones de pesos- solo alcanzan para los pozos, una parte de la propuesta de obras.<\/p>\n<p>&nbsp;<\/p>\n<p>&nbsp;<\/p>\n","protected":false},"excerpt":{"rendered":"<p>Se reunieron los representantes de La Pampa y Mendoza en el Consejo Interjurisdiccional del Atuel Inferior (CIAI). Luego del encuentro en la sede del Comit\u00e9 H\u00eddrico Federal (COHIFE), Javier Schlegel,&hellip;<\/p>\n","protected":false},"author":3,"featured_media":31589,"comment_status":"closed","ping_status":"open","sticky":false,"template":"","format":"standard","meta":{"_acf_changed":false,"footnotes":""},"categories":[1,319,12],"tags":[34,264],"class_list":["post-31587","post","type-post","status-publish","format-standard","has-post-thumbnail","hentry","category-es-noticia","category-a-temporales","category-sociedad","tag-atuel","tag-schlegel"],"acf":[],"yoast_head":"<!-- This site is optimized with the Yoast SEO plugin v27.5 - https:\/\/yoast.com\/product\/yoast-seo-wordpress\/ -->\n<title>Se reuni\u00f3 la CIAI: La Pampa apura a la Corte que defina el caudal del Atuel - Diario Textual<\/title>\n<meta name=\"robots\" content=\"index, follow, max-snippet:-1, max-image-preview:large, max-video-preview:-1\" \/>\n<link rel=\"canonical\" href=\"https:\/\/diariotextual.com\/inicio\/index.php\/2018\/12\/19\/se-reunio-la-ciai-la-pampa-apura-la-corte-defina-caudal-del-atuel\/\" \/>\n<meta property=\"og:locale\" content=\"es_ES\" \/>\n<meta property=\"og:type\" content=\"article\" \/>\n<meta property=\"og:title\" content=\"Se reuni\u00f3 la CIAI: La Pampa apura a la Corte que defina el caudal del Atuel - Diario Textual\" \/>\n<meta property=\"og:description\" content=\"Se reunieron los representantes de La Pampa y Mendoza en el Consejo Interjurisdiccional del Atuel Inferior (CIAI). Luego del encuentro en la sede del Comit\u00e9 H\u00eddrico Federal (COHIFE), Javier Schlegel,&hellip;\" \/>\n<meta property=\"og:url\" content=\"https:\/\/diariotextual.com\/inicio\/index.php\/2018\/12\/19\/se-reunio-la-ciai-la-pampa-apura-la-corte-defina-caudal-del-atuel\/\" \/>\n<meta property=\"og:site_name\" content=\"Diario Textual\" \/>\n<meta property=\"article:publisher\" content=\"https:\/\/www.facebook.com\/eltextual\" \/>\n<meta property=\"article:published_time\" content=\"2018-12-19T23:08:28+00:00\" \/>\n<meta property=\"article:modified_time\" content=\"2018-12-20T11:31:38+00:00\" \/>\n<meta property=\"og:image\" content=\"https:\/\/diariotextual.com\/inicio\/wp-content\/uploads\/2018\/12\/schlegeljavier2018-222222.jpg\" \/>\n\t<meta property=\"og:image:width\" content=\"1000\" \/>\n\t<meta property=\"og:image:height\" content=\"664\" \/>\n\t<meta property=\"og:image:type\" content=\"image\/jpeg\" \/>\n<meta name=\"author\" content=\"Diario1 Diario1\" \/>\n<meta name=\"twitter:card\" content=\"summary_large_image\" \/>\n<meta name=\"twitter:creator\" content=\"@eltextual\" \/>\n<meta name=\"twitter:site\" content=\"@eltextual\" \/>\n<meta name=\"twitter:label1\" content=\"Escrito por\" \/>\n\t<meta name=\"twitter:data1\" content=\"Diario1 Diario1\" \/>\n\t<meta name=\"twitter:label2\" content=\"Tiempo de lectura\" \/>\n\t<meta name=\"twitter:data2\" content=\"3 minutos\" \/>\n<script type=\"application\/ld+json\" class=\"yoast-schema-graph\">{\"@context\":\"https:\\\/\\\/schema.org\",\"@graph\":[{\"@type\":\"Article\",\"@id\":\"https:\\\/\\\/diariotextual.com\\\/inicio\\\/index.php\\\/2018\\\/12\\\/19\\\/se-reunio-la-ciai-la-pampa-apura-la-corte-defina-caudal-del-atuel\\\/#article\",\"isPartOf\":{\"@id\":\"https:\\\/\\\/diariotextual.com\\\/inicio\\\/index.php\\\/2018\\\/12\\\/19\\\/se-reunio-la-ciai-la-pampa-apura-la-corte-defina-caudal-del-atuel\\\/\"},\"author\":{\"name\":\"Diario1 Diario1\",\"@id\":\"https:\\\/\\\/diariotextual.com\\\/inicio\\\/#\\\/schema\\\/person\\\/418fc4093c33e86ed41562db3508f958\"},\"headline\":\"Se reuni\u00f3 la CIAI: La Pampa apura a la Corte que defina el caudal del Atuel\",\"datePublished\":\"2018-12-19T23:08:28+00:00\",\"dateModified\":\"2018-12-20T11:31:38+00:00\",\"mainEntityOfPage\":{\"@id\":\"https:\\\/\\\/diariotextual.com\\\/inicio\\\/index.php\\\/2018\\\/12\\\/19\\\/se-reunio-la-ciai-la-pampa-apura-la-corte-defina-caudal-del-atuel\\\/\"},\"wordCount\":627,\"publisher\":{\"@id\":\"https:\\\/\\\/diariotextual.com\\\/inicio\\\/#organization\"},\"image\":{\"@id\":\"https:\\\/\\\/diariotextual.com\\\/inicio\\\/index.php\\\/2018\\\/12\\\/19\\\/se-reunio-la-ciai-la-pampa-apura-la-corte-defina-caudal-del-atuel\\\/#primaryimage\"},\"thumbnailUrl\":\"https:\\\/\\\/diariotextual.com\\\/inicio\\\/wp-content\\\/uploads\\\/2018\\\/12\\\/schlegeljavier2018-222222.jpg\",\"keywords\":[\"atuel\",\"schlegel\"],\"articleSection\":[\"A - ES NOTICIA (van abajo)\",\"A - TEMPORALES\",\"SOCIEDAD\"],\"inLanguage\":\"es\"},{\"@type\":\"WebPage\",\"@id\":\"https:\\\/\\\/diariotextual.com\\\/inicio\\\/index.php\\\/2018\\\/12\\\/19\\\/se-reunio-la-ciai-la-pampa-apura-la-corte-defina-caudal-del-atuel\\\/\",\"url\":\"https:\\\/\\\/diariotextual.com\\\/inicio\\\/index.php\\\/2018\\\/12\\\/19\\\/se-reunio-la-ciai-la-pampa-apura-la-corte-defina-caudal-del-atuel\\\/\",\"name\":\"Se reuni\u00f3 la CIAI: La Pampa apura a la Corte que defina el caudal del Atuel - Diario Textual\",\"isPartOf\":{\"@id\":\"https:\\\/\\\/diariotextual.com\\\/inicio\\\/#website\"},\"primaryImageOfPage\":{\"@id\":\"https:\\\/\\\/diariotextual.com\\\/inicio\\\/index.php\\\/2018\\\/12\\\/19\\\/se-reunio-la-ciai-la-pampa-apura-la-corte-defina-caudal-del-atuel\\\/#primaryimage\"},\"image\":{\"@id\":\"https:\\\/\\\/diariotextual.com\\\/inicio\\\/index.php\\\/2018\\\/12\\\/19\\\/se-reunio-la-ciai-la-pampa-apura-la-corte-defina-caudal-del-atuel\\\/#primaryimage\"},\"thumbnailUrl\":\"https:\\\/\\\/diariotextual.com\\\/inicio\\\/wp-content\\\/uploads\\\/2018\\\/12\\\/schlegeljavier2018-222222.jpg\",\"datePublished\":\"2018-12-19T23:08:28+00:00\",\"dateModified\":\"2018-12-20T11:31:38+00:00\",\"breadcrumb\":{\"@id\":\"https:\\\/\\\/diariotextual.com\\\/inicio\\\/index.php\\\/2018\\\/12\\\/19\\\/se-reunio-la-ciai-la-pampa-apura-la-corte-defina-caudal-del-atuel\\\/#breadcrumb\"},\"inLanguage\":\"es\",\"potentialAction\":[{\"@type\":\"ReadAction\",\"target\":[\"https:\\\/\\\/diariotextual.com\\\/inicio\\\/index.php\\\/2018\\\/12\\\/19\\\/se-reunio-la-ciai-la-pampa-apura-la-corte-defina-caudal-del-atuel\\\/\"]}]},{\"@type\":\"ImageObject\",\"inLanguage\":\"es\",\"@id\":\"https:\\\/\\\/diariotextual.com\\\/inicio\\\/index.php\\\/2018\\\/12\\\/19\\\/se-reunio-la-ciai-la-pampa-apura-la-corte-defina-caudal-del-atuel\\\/#primaryimage\",\"url\":\"https:\\\/\\\/diariotextual.com\\\/inicio\\\/wp-content\\\/uploads\\\/2018\\\/12\\\/schlegeljavier2018-222222.jpg\",\"contentUrl\":\"https:\\\/\\\/diariotextual.com\\\/inicio\\\/wp-content\\\/uploads\\\/2018\\\/12\\\/schlegeljavier2018-222222.jpg\",\"width\":1000,\"height\":664},{\"@type\":\"BreadcrumbList\",\"@id\":\"https:\\\/\\\/diariotextual.com\\\/inicio\\\/index.php\\\/2018\\\/12\\\/19\\\/se-reunio-la-ciai-la-pampa-apura-la-corte-defina-caudal-del-atuel\\\/#breadcrumb\",\"itemListElement\":[{\"@type\":\"ListItem\",\"position\":1,\"name\":\"Portada\",\"item\":\"https:\\\/\\\/diariotextual.com\\\/inicio\\\/\"},{\"@type\":\"ListItem\",\"position\":2,\"name\":\"Se reuni\u00f3 la CIAI: La Pampa apura a la Corte que defina el caudal del Atuel\"}]},{\"@type\":\"WebSite\",\"@id\":\"https:\\\/\\\/diariotextual.com\\\/inicio\\\/#website\",\"url\":\"https:\\\/\\\/diariotextual.com\\\/inicio\\\/\",\"name\":\"Diario Textual\",\"description\":\"\",\"publisher\":{\"@id\":\"https:\\\/\\\/diariotextual.com\\\/inicio\\\/#organization\"},\"potentialAction\":[{\"@type\":\"SearchAction\",\"target\":{\"@type\":\"EntryPoint\",\"urlTemplate\":\"https:\\\/\\\/diariotextual.com\\\/inicio\\\/?s={search_term_string}\"},\"query-input\":{\"@type\":\"PropertyValueSpecification\",\"valueRequired\":true,\"valueName\":\"search_term_string\"}}],\"inLanguage\":\"es\"},{\"@type\":\"Organization\",\"@id\":\"https:\\\/\\\/diariotextual.com\\\/inicio\\\/#organization\",\"name\":\"Diario Textual\",\"url\":\"https:\\\/\\\/diariotextual.com\\\/inicio\\\/\",\"logo\":{\"@type\":\"ImageObject\",\"inLanguage\":\"es\",\"@id\":\"https:\\\/\\\/diariotextual.com\\\/inicio\\\/#\\\/schema\\\/logo\\\/image\\\/\",\"url\":\"https:\\\/\\\/diariotextual.com\\\/inicio\\\/wp-content\\\/uploads\\\/2023\\\/05\\\/logotextual1.jpg\",\"contentUrl\":\"https:\\\/\\\/diariotextual.com\\\/inicio\\\/wp-content\\\/uploads\\\/2023\\\/05\\\/logotextual1.jpg\",\"width\":516,\"height\":76,\"caption\":\"Diario Textual\"},\"image\":{\"@id\":\"https:\\\/\\\/diariotextual.com\\\/inicio\\\/#\\\/schema\\\/logo\\\/image\\\/\"},\"sameAs\":[\"https:\\\/\\\/www.facebook.com\\\/eltextual\",\"https:\\\/\\\/x.com\\\/eltextual\",\"http:\\\/\\\/www.instagram.com\\\/eltextual\"]},{\"@type\":\"Person\",\"@id\":\"https:\\\/\\\/diariotextual.com\\\/inicio\\\/#\\\/schema\\\/person\\\/418fc4093c33e86ed41562db3508f958\",\"name\":\"Diario1 Diario1\",\"image\":{\"@type\":\"ImageObject\",\"inLanguage\":\"es\",\"@id\":\"https:\\\/\\\/secure.gravatar.com\\\/avatar\\\/9167d280179c85bc18be67aa7eda765854300033af4896dd779b608640f2ef7a?s=96&d=mm&r=g\",\"url\":\"https:\\\/\\\/secure.gravatar.com\\\/avatar\\\/9167d280179c85bc18be67aa7eda765854300033af4896dd779b608640f2ef7a?s=96&d=mm&r=g\",\"contentUrl\":\"https:\\\/\\\/secure.gravatar.com\\\/avatar\\\/9167d280179c85bc18be67aa7eda765854300033af4896dd779b608640f2ef7a?s=96&d=mm&r=g\",\"caption\":\"Diario1 Diario1\"},\"url\":\"https:\\\/\\\/diariotextual.com\\\/inicio\\\/index.php\\\/author\\\/diario1\\\/\"}]}<\/script>\n<!-- \/ Yoast SEO plugin. -->","yoast_head_json":{"title":"Se reuni\u00f3 la CIAI: La Pampa apura a la Corte que defina el caudal del Atuel - Diario Textual","robots":{"index":"index","follow":"follow","max-snippet":"max-snippet:-1","max-image-preview":"max-image-preview:large","max-video-preview":"max-video-preview:-1"},"canonical":"https:\/\/diariotextual.com\/inicio\/index.php\/2018\/12\/19\/se-reunio-la-ciai-la-pampa-apura-la-corte-defina-caudal-del-atuel\/","og_locale":"es_ES","og_type":"article","og_title":"Se reuni\u00f3 la CIAI: La Pampa apura a la Corte que defina el caudal del Atuel - Diario Textual","og_description":"Se reunieron los representantes de La Pampa y Mendoza en el Consejo Interjurisdiccional del Atuel Inferior (CIAI). Luego del encuentro en la sede del Comit\u00e9 H\u00eddrico Federal (COHIFE), Javier Schlegel,&hellip;","og_url":"https:\/\/diariotextual.com\/inicio\/index.php\/2018\/12\/19\/se-reunio-la-ciai-la-pampa-apura-la-corte-defina-caudal-del-atuel\/","og_site_name":"Diario Textual","article_publisher":"https:\/\/www.facebook.com\/eltextual","article_published_time":"2018-12-19T23:08:28+00:00","article_modified_time":"2018-12-20T11:31:38+00:00","og_image":[{"width":1000,"height":664,"url":"https:\/\/diariotextual.com\/inicio\/wp-content\/uploads\/2018\/12\/schlegeljavier2018-222222.jpg","type":"image\/jpeg"}],"author":"Diario1 Diario1","twitter_card":"summary_large_image","twitter_creator":"@eltextual","twitter_site":"@eltextual","twitter_misc":{"Escrito por":"Diario1 Diario1","Tiempo de lectura":"3 minutos"},"schema":{"@context":"https:\/\/schema.org","@graph":[{"@type":"Article","@id":"https:\/\/diariotextual.com\/inicio\/index.php\/2018\/12\/19\/se-reunio-la-ciai-la-pampa-apura-la-corte-defina-caudal-del-atuel\/#article","isPartOf":{"@id":"https:\/\/diariotextual.com\/inicio\/index.php\/2018\/12\/19\/se-reunio-la-ciai-la-pampa-apura-la-corte-defina-caudal-del-atuel\/"},"author":{"name":"Diario1 Diario1","@id":"https:\/\/diariotextual.com\/inicio\/#\/schema\/person\/418fc4093c33e86ed41562db3508f958"},"headline":"Se reuni\u00f3 la CIAI: La Pampa apura a la Corte que defina el caudal del Atuel","datePublished":"2018-12-19T23:08:28+00:00","dateModified":"2018-12-20T11:31:38+00:00","mainEntityOfPage":{"@id":"https:\/\/diariotextual.com\/inicio\/index.php\/2018\/12\/19\/se-reunio-la-ciai-la-pampa-apura-la-corte-defina-caudal-del-atuel\/"},"wordCount":627,"publisher":{"@id":"https:\/\/diariotextual.com\/inicio\/#organization"},"image":{"@id":"https:\/\/diariotextual.com\/inicio\/index.php\/2018\/12\/19\/se-reunio-la-ciai-la-pampa-apura-la-corte-defina-caudal-del-atuel\/#primaryimage"},"thumbnailUrl":"https:\/\/diariotextual.com\/inicio\/wp-content\/uploads\/2018\/12\/schlegeljavier2018-222222.jpg","keywords":["atuel","schlegel"],"articleSection":["A - ES NOTICIA (van abajo)","A - TEMPORALES","SOCIEDAD"],"inLanguage":"es"},{"@type":"WebPage","@id":"https:\/\/diariotextual.com\/inicio\/index.php\/2018\/12\/19\/se-reunio-la-ciai-la-pampa-apura-la-corte-defina-caudal-del-atuel\/","url":"https:\/\/diariotextual.com\/inicio\/index.php\/2018\/12\/19\/se-reunio-la-ciai-la-pampa-apura-la-corte-defina-caudal-del-atuel\/","name":"Se reuni\u00f3 la CIAI: La Pampa apura a la Corte que defina el caudal del Atuel - Diario Textual","isPartOf":{"@id":"https:\/\/diariotextual.com\/inicio\/#website"},"primaryImageOfPage":{"@id":"https:\/\/diariotextual.com\/inicio\/index.php\/2018\/12\/19\/se-reunio-la-ciai-la-pampa-apura-la-corte-defina-caudal-del-atuel\/#primaryimage"},"image":{"@id":"https:\/\/diariotextual.com\/inicio\/index.php\/2018\/12\/19\/se-reunio-la-ciai-la-pampa-apura-la-corte-defina-caudal-del-atuel\/#primaryimage"},"thumbnailUrl":"https:\/\/diariotextual.com\/inicio\/wp-content\/uploads\/2018\/12\/schlegeljavier2018-222222.jpg","datePublished":"2018-12-19T23:08:28+00:00","dateModified":"2018-12-20T11:31:38+00:00","breadcrumb":{"@id":"https:\/\/diariotextual.com\/inicio\/index.php\/2018\/12\/19\/se-reunio-la-ciai-la-pampa-apura-la-corte-defina-caudal-del-atuel\/#breadcrumb"},"inLanguage":"es","potentialAction":[{"@type":"ReadAction","target":["https:\/\/diariotextual.com\/inicio\/index.php\/2018\/12\/19\/se-reunio-la-ciai-la-pampa-apura-la-corte-defina-caudal-del-atuel\/"]}]},{"@type":"ImageObject","inLanguage":"es","@id":"https:\/\/diariotextual.com\/inicio\/index.php\/2018\/12\/19\/se-reunio-la-ciai-la-pampa-apura-la-corte-defina-caudal-del-atuel\/#primaryimage","url":"https:\/\/diariotextual.com\/inicio\/wp-content\/uploads\/2018\/12\/schlegeljavier2018-222222.jpg","contentUrl":"https:\/\/diariotextual.com\/inicio\/wp-content\/uploads\/2018\/12\/schlegeljavier2018-222222.jpg","width":1000,"height":664},{"@type":"BreadcrumbList","@id":"https:\/\/diariotextual.com\/inicio\/index.php\/2018\/12\/19\/se-reunio-la-ciai-la-pampa-apura-la-corte-defina-caudal-del-atuel\/#breadcrumb","itemListElement":[{"@type":"ListItem","position":1,"name":"Portada","item":"https:\/\/diariotextual.com\/inicio\/"},{"@type":"ListItem","position":2,"name":"Se reuni\u00f3 la CIAI: La Pampa apura a la Corte que defina el caudal del Atuel"}]},{"@type":"WebSite","@id":"https:\/\/diariotextual.com\/inicio\/#website","url":"https:\/\/diariotextual.com\/inicio\/","name":"Diario Textual","description":"","publisher":{"@id":"https:\/\/diariotextual.com\/inicio\/#organization"},"potentialAction":[{"@type":"SearchAction","target":{"@type":"EntryPoint","urlTemplate":"https:\/\/diariotextual.com\/inicio\/?s={search_term_string}"},"query-input":{"@type":"PropertyValueSpecification","valueRequired":true,"valueName":"search_term_string"}}],"inLanguage":"es"},{"@type":"Organization","@id":"https:\/\/diariotextual.com\/inicio\/#organization","name":"Diario Textual","url":"https:\/\/diariotextual.com\/inicio\/","logo":{"@type":"ImageObject","inLanguage":"es","@id":"https:\/\/diariotextual.com\/inicio\/#\/schema\/logo\/image\/","url":"https:\/\/diariotextual.com\/inicio\/wp-content\/uploads\/2023\/05\/logotextual1.jpg","contentUrl":"https:\/\/diariotextual.com\/inicio\/wp-content\/uploads\/2023\/05\/logotextual1.jpg","width":516,"height":76,"caption":"Diario Textual"},"image":{"@id":"https:\/\/diariotextual.com\/inicio\/#\/schema\/logo\/image\/"},"sameAs":["https:\/\/www.facebook.com\/eltextual","https:\/\/x.com\/eltextual","http:\/\/www.instagram.com\/eltextual"]},{"@type":"Person","@id":"https:\/\/diariotextual.com\/inicio\/#\/schema\/person\/418fc4093c33e86ed41562db3508f958","name":"Diario1 Diario1","image":{"@type":"ImageObject","inLanguage":"es","@id":"https:\/\/secure.gravatar.com\/avatar\/9167d280179c85bc18be67aa7eda765854300033af4896dd779b608640f2ef7a?s=96&d=mm&r=g","url":"https:\/\/secure.gravatar.com\/avatar\/9167d280179c85bc18be67aa7eda765854300033af4896dd779b608640f2ef7a?s=96&d=mm&r=g","contentUrl":"https:\/\/secure.gravatar.com\/avatar\/9167d280179c85bc18be67aa7eda765854300033af4896dd779b608640f2ef7a?s=96&d=mm&r=g","caption":"Diario1 Diario1"},"url":"https:\/\/diariotextual.com\/inicio\/index.php\/author\/diario1\/"}]}},"_links":{"self":[{"href":"https:\/\/diariotextual.com\/inicio\/index.php\/wp-json\/wp\/v2\/posts\/31587","targetHints":{"allow":["GET"]}}],"collection":[{"href":"https:\/\/diariotextual.com\/inicio\/index.php\/wp-json\/wp\/v2\/posts"}],"about":[{"href":"https:\/\/diariotextual.com\/inicio\/index.php\/wp-json\/wp\/v2\/types\/post"}],"author":[{"embeddable":true,"href":"https:\/\/diariotextual.com\/inicio\/index.php\/wp-json\/wp\/v2\/users\/3"}],"replies":[{"embeddable":true,"href":"https:\/\/diariotextual.com\/inicio\/index.php\/wp-json\/wp\/v2\/comments?post=31587"}],"version-history":[{"count":8,"href":"https:\/\/diariotextual.com\/inicio\/index.php\/wp-json\/wp\/v2\/posts\/31587\/revisions"}],"predecessor-version":[{"id":31603,"href":"https:\/\/diariotextual.com\/inicio\/index.php\/wp-json\/wp\/v2\/posts\/31587\/revisions\/31603"}],"wp:featuredmedia":[{"embeddable":true,"href":"https:\/\/diariotextual.com\/inicio\/index.php\/wp-json\/wp\/v2\/media\/31589"}],"wp:attachment":[{"href":"https:\/\/diariotextual.com\/inicio\/index.php\/wp-json\/wp\/v2\/media?parent=31587"}],"wp:term":[{"taxonomy":"category","embeddable":true,"href":"https:\/\/diariotextual.com\/inicio\/index.php\/wp-json\/wp\/v2\/categories?post=31587"},{"taxonomy":"post_tag","embeddable":true,"href":"https:\/\/diariotextual.com\/inicio\/index.php\/wp-json\/wp\/v2\/tags?post=31587"}],"curies":[{"name":"wp","href":"https:\/\/api.w.org\/{rel}","templated":true}]}}