{"id":316090,"date":"2025-12-21T08:58:27","date_gmt":"2025-12-21T11:58:27","guid":{"rendered":"https:\/\/diariotextual.com\/inicio\/?p=316090"},"modified":"2025-12-21T17:33:02","modified_gmt":"2025-12-21T20:33:02","slug":"la-motosierra-se-consolida-con-caidas-reales-en-prestaciones-sociales-subsidios-y-obra-publica","status":"publish","type":"post","link":"https:\/\/diariotextual.com\/inicio\/index.php\/2025\/12\/21\/la-motosierra-se-consolida-con-caidas-reales-en-prestaciones-sociales-subsidios-y-obra-publica\/","title":{"rendered":"La motosierra se consolida con ca\u00eddas reales en prestaciones sociales, subsidios y obra p\u00fablica"},"content":{"rendered":"\n<p>El <strong>Centro de Econom\u00eda Pol\u00edtica Argentina (CEPA)<\/strong> public\u00f3 un informe que expone una <strong>fuerte contracci\u00f3n real del gasto p\u00fablico nacional<\/strong> durante noviembre. El gasto total del <strong>Sector P\u00fablico Nacional<\/strong> alcanz\u00f3 los <strong>9,27 billones de pesos<\/strong>, lo que representa una <strong>ca\u00edda real interanual del 14,2 por ciento<\/strong>.<\/p>\n\n\n\n<p>De acuerdo con el relevamiento, si la comparaci\u00f3n se realiza contra noviembre de 2023, el <strong>recorte asciende al 35,2 por ciento<\/strong>, mientras que en el <strong>acumulado del a\u00f1o<\/strong> la reducci\u00f3n real llega al <strong>28,3 por ciento<\/strong>, seg\u00fan informaci\u00f3n a la que accedi\u00f3 la Agencia Noticias Argentinas.<\/p>\n\n\n\n<p>El informe advierte que el ajuste impact\u00f3 con mayor intensidad sobre <strong>partidas sensibles<\/strong>, con efectos directos en el sistema previsional, las universidades, los subsidios econ\u00f3micos y la obra p\u00fablica.<\/p>\n\n\n\n<div style=\"height:100px\" aria-hidden=\"true\" class=\"wp-block-spacer\"><\/div>\n\n\n\n<p><strong>Prestaciones sociales, las m\u00e1s afectadas<\/strong><\/p>\n\n\n\n<p>Las <strong>prestaciones sociales<\/strong> registraron una <strong>ca\u00edda real interanual del 10,6 por ciento<\/strong> y un descenso del <strong>19,8 por ciento<\/strong> respecto de noviembre de 2023. Las mayores bajas frente a ese per\u00edodo se observaron en <strong>asignaciones familiares (-17,5%)<\/strong>, <strong>prestaciones del inssjp (-44,6%)<\/strong>, <strong>pensiones no contributivas (-16,8%)<\/strong> y en el rubro <strong>otros programas (-79,8%)<\/strong>.<\/p>\n\n\n\n<p>Desde el CEPA se\u00f1alaron que, de haberse sostenido los niveles de gasto de noviembre de 2024, las dos \u00faltimas partidas habr\u00edan implicado <strong>0,96 billones de pesos adicionales<\/strong>.<\/p>\n\n\n\n<div style=\"height:100px\" aria-hidden=\"true\" class=\"wp-block-spacer\"><\/div>\n\n\n\n<p><strong>Jubilaciones, universidades y obra p\u00fablica<\/strong><\/p>\n\n\n\n<p>En cuanto a <strong>jubilaciones y pensiones contributivas<\/strong>, los haberes mostraron una <strong>suba real interanual del 5,5 por ciento<\/strong> y del <strong>9,4 por ciento<\/strong> en relaci\u00f3n con noviembre de 2023. No obstante, en el <strong>acumulado anual<\/strong> se verifica una <strong>ca\u00edda real del 6,3 por ciento<\/strong> frente al mismo per\u00edodo del a\u00f1o pasado.<\/p>\n\n\n\n<p>El informe tambi\u00e9n remarca una <strong>reducci\u00f3n casi total del gasto en universidades nacionales<\/strong>, con bajas reales del <strong>95,5 por ciento<\/strong> respecto de noviembre de 2024 y del <strong>96,7 por ciento<\/strong> en comparaci\u00f3n con 2023. Seg\u00fan estimaciones del organismo, de mantenerse el nivel previo, el gasto adicional habr\u00eda alcanzado los <strong>0,39 billones de pesos<\/strong>. En ese marco, se record\u00f3 la <strong>suspensi\u00f3n de la Ley de Financiamiento Universitario<\/strong>, que preve\u00eda la actualizaci\u00f3n de los presupuestos para recomponer salarios docentes y no docentes.<\/p>\n\n\n\n<p>Por \u00faltimo, los <strong>subsidios econ\u00f3micos<\/strong> disminuyeron un <strong>25,8 por ciento interanual real<\/strong>, con una ca\u00edda del <strong>47,8 por ciento<\/strong> en los destinados al transporte, principalmente por la discontinuidad de las compensaciones tarifarias en el amba a trav\u00e9s de la SUBE. El subrubro <strong>otras funciones<\/strong> sufri\u00f3 una baja del <strong>97 por ciento<\/strong>.<\/p>\n\n\n\n<p>En paralelo, el <strong>gasto de capital y la obra p\u00fablica<\/strong> registraron una <strong>ca\u00edda real interanual del 32,5 por ciento<\/strong> y del <strong>84,6 por ciento<\/strong> frente a noviembre de 2023. En el acumulado del a\u00f1o, la inversi\u00f3n p\u00fablica se redujo un <strong>80,6 por ciento<\/strong>, lo que, seg\u00fan el CEPA, \u201c<strong>evidencia que no hay recuperaci\u00f3n<\/strong>\u201d.<\/p>\n","protected":false},"excerpt":{"rendered":"<p>El Centro de Econom\u00eda Pol\u00edtica Argentina (CEPA) public\u00f3 un informe que expone una fuerte contracci\u00f3n real del gasto p\u00fablico nacional durante noviembre. El gasto total del Sector P\u00fablico Nacional alcanz\u00f3&hellip;<\/p>\n","protected":false},"author":3,"featured_media":259484,"comment_status":"closed","ping_status":"open","sticky":false,"template":"","format":"standard","meta":{"_acf_changed":false,"footnotes":""},"categories":[4,8],"tags":[],"class_list":["post-316090","post","type-post","status-publish","format-standard","has-post-thumbnail","hentry","category-destacadas","category-politica"],"acf":[],"yoast_head":"<!-- This site is optimized with the Yoast SEO plugin v27.4 - https:\/\/yoast.com\/product\/yoast-seo-wordpress\/ -->\n<title>La motosierra se consolida con ca\u00eddas reales en prestaciones sociales, subsidios y obra p\u00fablica - Diario Textual<\/title>\n<meta name=\"robots\" content=\"index, follow, max-snippet:-1, max-image-preview:large, max-video-preview:-1\" \/>\n<link rel=\"canonical\" href=\"https:\/\/diariotextual.com\/inicio\/index.php\/2025\/12\/21\/la-motosierra-se-consolida-con-caidas-reales-en-prestaciones-sociales-subsidios-y-obra-publica\/\" \/>\n<meta property=\"og:locale\" content=\"es_ES\" \/>\n<meta property=\"og:type\" content=\"article\" \/>\n<meta property=\"og:title\" content=\"La motosierra se consolida con ca\u00eddas reales en prestaciones sociales, subsidios y obra p\u00fablica - Diario Textual\" \/>\n<meta property=\"og:description\" content=\"El Centro de Econom\u00eda Pol\u00edtica Argentina (CEPA) public\u00f3 un informe que expone una fuerte contracci\u00f3n real del gasto p\u00fablico nacional durante noviembre. El gasto total del Sector P\u00fablico Nacional alcanz\u00f3&hellip;\" \/>\n<meta property=\"og:url\" content=\"https:\/\/diariotextual.com\/inicio\/index.php\/2025\/12\/21\/la-motosierra-se-consolida-con-caidas-reales-en-prestaciones-sociales-subsidios-y-obra-publica\/\" \/>\n<meta property=\"og:site_name\" content=\"Diario Textual\" \/>\n<meta property=\"article:publisher\" content=\"https:\/\/www.facebook.com\/eltextual\" \/>\n<meta property=\"article:published_time\" content=\"2025-12-21T11:58:27+00:00\" \/>\n<meta property=\"article:modified_time\" content=\"2025-12-21T20:33:02+00:00\" \/>\n<meta property=\"og:image\" content=\"https:\/\/diariotextual.com\/inicio\/wp-content\/uploads\/2024\/04\/mileicaputo2024-56.jpg\" \/>\n\t<meta property=\"og:image:width\" content=\"614\" \/>\n\t<meta property=\"og:image:height\" content=\"368\" \/>\n\t<meta property=\"og:image:type\" content=\"image\/jpeg\" \/>\n<meta name=\"author\" content=\"Diario1 Diario1\" \/>\n<meta name=\"twitter:card\" content=\"summary_large_image\" \/>\n<meta name=\"twitter:creator\" content=\"@eltextual\" \/>\n<meta name=\"twitter:site\" content=\"@eltextual\" \/>\n<meta name=\"twitter:label1\" content=\"Escrito por\" \/>\n\t<meta name=\"twitter:data1\" content=\"Diario1 Diario1\" \/>\n\t<meta name=\"twitter:label2\" content=\"Tiempo de lectura\" \/>\n\t<meta name=\"twitter:data2\" content=\"3 minutos\" \/>\n<script type=\"application\/ld+json\" class=\"yoast-schema-graph\">{\"@context\":\"https:\\\/\\\/schema.org\",\"@graph\":[{\"@type\":\"Article\",\"@id\":\"https:\\\/\\\/diariotextual.com\\\/inicio\\\/index.php\\\/2025\\\/12\\\/21\\\/la-motosierra-se-consolida-con-caidas-reales-en-prestaciones-sociales-subsidios-y-obra-publica\\\/#article\",\"isPartOf\":{\"@id\":\"https:\\\/\\\/diariotextual.com\\\/inicio\\\/index.php\\\/2025\\\/12\\\/21\\\/la-motosierra-se-consolida-con-caidas-reales-en-prestaciones-sociales-subsidios-y-obra-publica\\\/\"},\"author\":{\"name\":\"Diario1 Diario1\",\"@id\":\"https:\\\/\\\/diariotextual.com\\\/inicio\\\/#\\\/schema\\\/person\\\/418fc4093c33e86ed41562db3508f958\"},\"headline\":\"La motosierra se consolida con ca\u00eddas reales en prestaciones sociales, subsidios y obra p\u00fablica\",\"datePublished\":\"2025-12-21T11:58:27+00:00\",\"dateModified\":\"2025-12-21T20:33:02+00:00\",\"mainEntityOfPage\":{\"@id\":\"https:\\\/\\\/diariotextual.com\\\/inicio\\\/index.php\\\/2025\\\/12\\\/21\\\/la-motosierra-se-consolida-con-caidas-reales-en-prestaciones-sociales-subsidios-y-obra-publica\\\/\"},\"wordCount\":476,\"publisher\":{\"@id\":\"https:\\\/\\\/diariotextual.com\\\/inicio\\\/#organization\"},\"image\":{\"@id\":\"https:\\\/\\\/diariotextual.com\\\/inicio\\\/index.php\\\/2025\\\/12\\\/21\\\/la-motosierra-se-consolida-con-caidas-reales-en-prestaciones-sociales-subsidios-y-obra-publica\\\/#primaryimage\"},\"thumbnailUrl\":\"https:\\\/\\\/diariotextual.com\\\/inicio\\\/wp-content\\\/uploads\\\/2024\\\/04\\\/mileicaputo2024-56.jpg\",\"articleSection\":[\"A - DESTACADAS (mod 16)\",\"POLITICA\"],\"inLanguage\":\"es\"},{\"@type\":\"WebPage\",\"@id\":\"https:\\\/\\\/diariotextual.com\\\/inicio\\\/index.php\\\/2025\\\/12\\\/21\\\/la-motosierra-se-consolida-con-caidas-reales-en-prestaciones-sociales-subsidios-y-obra-publica\\\/\",\"url\":\"https:\\\/\\\/diariotextual.com\\\/inicio\\\/index.php\\\/2025\\\/12\\\/21\\\/la-motosierra-se-consolida-con-caidas-reales-en-prestaciones-sociales-subsidios-y-obra-publica\\\/\",\"name\":\"La motosierra se consolida con ca\u00eddas reales en prestaciones sociales, subsidios y obra p\u00fablica - Diario Textual\",\"isPartOf\":{\"@id\":\"https:\\\/\\\/diariotextual.com\\\/inicio\\\/#website\"},\"primaryImageOfPage\":{\"@id\":\"https:\\\/\\\/diariotextual.com\\\/inicio\\\/index.php\\\/2025\\\/12\\\/21\\\/la-motosierra-se-consolida-con-caidas-reales-en-prestaciones-sociales-subsidios-y-obra-publica\\\/#primaryimage\"},\"image\":{\"@id\":\"https:\\\/\\\/diariotextual.com\\\/inicio\\\/index.php\\\/2025\\\/12\\\/21\\\/la-motosierra-se-consolida-con-caidas-reales-en-prestaciones-sociales-subsidios-y-obra-publica\\\/#primaryimage\"},\"thumbnailUrl\":\"https:\\\/\\\/diariotextual.com\\\/inicio\\\/wp-content\\\/uploads\\\/2024\\\/04\\\/mileicaputo2024-56.jpg\",\"datePublished\":\"2025-12-21T11:58:27+00:00\",\"dateModified\":\"2025-12-21T20:33:02+00:00\",\"breadcrumb\":{\"@id\":\"https:\\\/\\\/diariotextual.com\\\/inicio\\\/index.php\\\/2025\\\/12\\\/21\\\/la-motosierra-se-consolida-con-caidas-reales-en-prestaciones-sociales-subsidios-y-obra-publica\\\/#breadcrumb\"},\"inLanguage\":\"es\",\"potentialAction\":[{\"@type\":\"ReadAction\",\"target\":[\"https:\\\/\\\/diariotextual.com\\\/inicio\\\/index.php\\\/2025\\\/12\\\/21\\\/la-motosierra-se-consolida-con-caidas-reales-en-prestaciones-sociales-subsidios-y-obra-publica\\\/\"]}]},{\"@type\":\"ImageObject\",\"inLanguage\":\"es\",\"@id\":\"https:\\\/\\\/diariotextual.com\\\/inicio\\\/index.php\\\/2025\\\/12\\\/21\\\/la-motosierra-se-consolida-con-caidas-reales-en-prestaciones-sociales-subsidios-y-obra-publica\\\/#primaryimage\",\"url\":\"https:\\\/\\\/diariotextual.com\\\/inicio\\\/wp-content\\\/uploads\\\/2024\\\/04\\\/mileicaputo2024-56.jpg\",\"contentUrl\":\"https:\\\/\\\/diariotextual.com\\\/inicio\\\/wp-content\\\/uploads\\\/2024\\\/04\\\/mileicaputo2024-56.jpg\",\"width\":614,\"height\":368},{\"@type\":\"BreadcrumbList\",\"@id\":\"https:\\\/\\\/diariotextual.com\\\/inicio\\\/index.php\\\/2025\\\/12\\\/21\\\/la-motosierra-se-consolida-con-caidas-reales-en-prestaciones-sociales-subsidios-y-obra-publica\\\/#breadcrumb\",\"itemListElement\":[{\"@type\":\"ListItem\",\"position\":1,\"name\":\"Portada\",\"item\":\"https:\\\/\\\/diariotextual.com\\\/inicio\\\/\"},{\"@type\":\"ListItem\",\"position\":2,\"name\":\"La motosierra se consolida con ca\u00eddas reales en prestaciones sociales, subsidios y obra p\u00fablica\"}]},{\"@type\":\"WebSite\",\"@id\":\"https:\\\/\\\/diariotextual.com\\\/inicio\\\/#website\",\"url\":\"https:\\\/\\\/diariotextual.com\\\/inicio\\\/\",\"name\":\"Diario Textual\",\"description\":\"\",\"publisher\":{\"@id\":\"https:\\\/\\\/diariotextual.com\\\/inicio\\\/#organization\"},\"potentialAction\":[{\"@type\":\"SearchAction\",\"target\":{\"@type\":\"EntryPoint\",\"urlTemplate\":\"https:\\\/\\\/diariotextual.com\\\/inicio\\\/?s={search_term_string}\"},\"query-input\":{\"@type\":\"PropertyValueSpecification\",\"valueRequired\":true,\"valueName\":\"search_term_string\"}}],\"inLanguage\":\"es\"},{\"@type\":\"Organization\",\"@id\":\"https:\\\/\\\/diariotextual.com\\\/inicio\\\/#organization\",\"name\":\"Diario Textual\",\"url\":\"https:\\\/\\\/diariotextual.com\\\/inicio\\\/\",\"logo\":{\"@type\":\"ImageObject\",\"inLanguage\":\"es\",\"@id\":\"https:\\\/\\\/diariotextual.com\\\/inicio\\\/#\\\/schema\\\/logo\\\/image\\\/\",\"url\":\"https:\\\/\\\/diariotextual.com\\\/inicio\\\/wp-content\\\/uploads\\\/2023\\\/05\\\/logotextual1.jpg\",\"contentUrl\":\"https:\\\/\\\/diariotextual.com\\\/inicio\\\/wp-content\\\/uploads\\\/2023\\\/05\\\/logotextual1.jpg\",\"width\":516,\"height\":76,\"caption\":\"Diario Textual\"},\"image\":{\"@id\":\"https:\\\/\\\/diariotextual.com\\\/inicio\\\/#\\\/schema\\\/logo\\\/image\\\/\"},\"sameAs\":[\"https:\\\/\\\/www.facebook.com\\\/eltextual\",\"https:\\\/\\\/x.com\\\/eltextual\",\"http:\\\/\\\/www.instagram.com\\\/eltextual\"]},{\"@type\":\"Person\",\"@id\":\"https:\\\/\\\/diariotextual.com\\\/inicio\\\/#\\\/schema\\\/person\\\/418fc4093c33e86ed41562db3508f958\",\"name\":\"Diario1 Diario1\",\"image\":{\"@type\":\"ImageObject\",\"inLanguage\":\"es\",\"@id\":\"https:\\\/\\\/secure.gravatar.com\\\/avatar\\\/9167d280179c85bc18be67aa7eda765854300033af4896dd779b608640f2ef7a?s=96&d=mm&r=g\",\"url\":\"https:\\\/\\\/secure.gravatar.com\\\/avatar\\\/9167d280179c85bc18be67aa7eda765854300033af4896dd779b608640f2ef7a?s=96&d=mm&r=g\",\"contentUrl\":\"https:\\\/\\\/secure.gravatar.com\\\/avatar\\\/9167d280179c85bc18be67aa7eda765854300033af4896dd779b608640f2ef7a?s=96&d=mm&r=g\",\"caption\":\"Diario1 Diario1\"},\"url\":\"https:\\\/\\\/diariotextual.com\\\/inicio\\\/index.php\\\/author\\\/diario1\\\/\"}]}<\/script>\n<!-- \/ Yoast SEO plugin. -->","yoast_head_json":{"title":"La motosierra se consolida con ca\u00eddas reales en prestaciones sociales, subsidios y obra p\u00fablica - Diario Textual","robots":{"index":"index","follow":"follow","max-snippet":"max-snippet:-1","max-image-preview":"max-image-preview:large","max-video-preview":"max-video-preview:-1"},"canonical":"https:\/\/diariotextual.com\/inicio\/index.php\/2025\/12\/21\/la-motosierra-se-consolida-con-caidas-reales-en-prestaciones-sociales-subsidios-y-obra-publica\/","og_locale":"es_ES","og_type":"article","og_title":"La motosierra se consolida con ca\u00eddas reales en prestaciones sociales, subsidios y obra p\u00fablica - Diario Textual","og_description":"El Centro de Econom\u00eda Pol\u00edtica Argentina (CEPA) public\u00f3 un informe que expone una fuerte contracci\u00f3n real del gasto p\u00fablico nacional durante noviembre. El gasto total del Sector P\u00fablico Nacional alcanz\u00f3&hellip;","og_url":"https:\/\/diariotextual.com\/inicio\/index.php\/2025\/12\/21\/la-motosierra-se-consolida-con-caidas-reales-en-prestaciones-sociales-subsidios-y-obra-publica\/","og_site_name":"Diario Textual","article_publisher":"https:\/\/www.facebook.com\/eltextual","article_published_time":"2025-12-21T11:58:27+00:00","article_modified_time":"2025-12-21T20:33:02+00:00","og_image":[{"width":614,"height":368,"url":"https:\/\/diariotextual.com\/inicio\/wp-content\/uploads\/2024\/04\/mileicaputo2024-56.jpg","type":"image\/jpeg"}],"author":"Diario1 Diario1","twitter_card":"summary_large_image","twitter_creator":"@eltextual","twitter_site":"@eltextual","twitter_misc":{"Escrito por":"Diario1 Diario1","Tiempo de lectura":"3 minutos"},"schema":{"@context":"https:\/\/schema.org","@graph":[{"@type":"Article","@id":"https:\/\/diariotextual.com\/inicio\/index.php\/2025\/12\/21\/la-motosierra-se-consolida-con-caidas-reales-en-prestaciones-sociales-subsidios-y-obra-publica\/#article","isPartOf":{"@id":"https:\/\/diariotextual.com\/inicio\/index.php\/2025\/12\/21\/la-motosierra-se-consolida-con-caidas-reales-en-prestaciones-sociales-subsidios-y-obra-publica\/"},"author":{"name":"Diario1 Diario1","@id":"https:\/\/diariotextual.com\/inicio\/#\/schema\/person\/418fc4093c33e86ed41562db3508f958"},"headline":"La motosierra se consolida con ca\u00eddas reales en prestaciones sociales, subsidios y obra p\u00fablica","datePublished":"2025-12-21T11:58:27+00:00","dateModified":"2025-12-21T20:33:02+00:00","mainEntityOfPage":{"@id":"https:\/\/diariotextual.com\/inicio\/index.php\/2025\/12\/21\/la-motosierra-se-consolida-con-caidas-reales-en-prestaciones-sociales-subsidios-y-obra-publica\/"},"wordCount":476,"publisher":{"@id":"https:\/\/diariotextual.com\/inicio\/#organization"},"image":{"@id":"https:\/\/diariotextual.com\/inicio\/index.php\/2025\/12\/21\/la-motosierra-se-consolida-con-caidas-reales-en-prestaciones-sociales-subsidios-y-obra-publica\/#primaryimage"},"thumbnailUrl":"https:\/\/diariotextual.com\/inicio\/wp-content\/uploads\/2024\/04\/mileicaputo2024-56.jpg","articleSection":["A - DESTACADAS (mod 16)","POLITICA"],"inLanguage":"es"},{"@type":"WebPage","@id":"https:\/\/diariotextual.com\/inicio\/index.php\/2025\/12\/21\/la-motosierra-se-consolida-con-caidas-reales-en-prestaciones-sociales-subsidios-y-obra-publica\/","url":"https:\/\/diariotextual.com\/inicio\/index.php\/2025\/12\/21\/la-motosierra-se-consolida-con-caidas-reales-en-prestaciones-sociales-subsidios-y-obra-publica\/","name":"La motosierra se consolida con ca\u00eddas reales en prestaciones sociales, subsidios y obra p\u00fablica - Diario Textual","isPartOf":{"@id":"https:\/\/diariotextual.com\/inicio\/#website"},"primaryImageOfPage":{"@id":"https:\/\/diariotextual.com\/inicio\/index.php\/2025\/12\/21\/la-motosierra-se-consolida-con-caidas-reales-en-prestaciones-sociales-subsidios-y-obra-publica\/#primaryimage"},"image":{"@id":"https:\/\/diariotextual.com\/inicio\/index.php\/2025\/12\/21\/la-motosierra-se-consolida-con-caidas-reales-en-prestaciones-sociales-subsidios-y-obra-publica\/#primaryimage"},"thumbnailUrl":"https:\/\/diariotextual.com\/inicio\/wp-content\/uploads\/2024\/04\/mileicaputo2024-56.jpg","datePublished":"2025-12-21T11:58:27+00:00","dateModified":"2025-12-21T20:33:02+00:00","breadcrumb":{"@id":"https:\/\/diariotextual.com\/inicio\/index.php\/2025\/12\/21\/la-motosierra-se-consolida-con-caidas-reales-en-prestaciones-sociales-subsidios-y-obra-publica\/#breadcrumb"},"inLanguage":"es","potentialAction":[{"@type":"ReadAction","target":["https:\/\/diariotextual.com\/inicio\/index.php\/2025\/12\/21\/la-motosierra-se-consolida-con-caidas-reales-en-prestaciones-sociales-subsidios-y-obra-publica\/"]}]},{"@type":"ImageObject","inLanguage":"es","@id":"https:\/\/diariotextual.com\/inicio\/index.php\/2025\/12\/21\/la-motosierra-se-consolida-con-caidas-reales-en-prestaciones-sociales-subsidios-y-obra-publica\/#primaryimage","url":"https:\/\/diariotextual.com\/inicio\/wp-content\/uploads\/2024\/04\/mileicaputo2024-56.jpg","contentUrl":"https:\/\/diariotextual.com\/inicio\/wp-content\/uploads\/2024\/04\/mileicaputo2024-56.jpg","width":614,"height":368},{"@type":"BreadcrumbList","@id":"https:\/\/diariotextual.com\/inicio\/index.php\/2025\/12\/21\/la-motosierra-se-consolida-con-caidas-reales-en-prestaciones-sociales-subsidios-y-obra-publica\/#breadcrumb","itemListElement":[{"@type":"ListItem","position":1,"name":"Portada","item":"https:\/\/diariotextual.com\/inicio\/"},{"@type":"ListItem","position":2,"name":"La motosierra se consolida con ca\u00eddas reales en prestaciones sociales, subsidios y obra p\u00fablica"}]},{"@type":"WebSite","@id":"https:\/\/diariotextual.com\/inicio\/#website","url":"https:\/\/diariotextual.com\/inicio\/","name":"Diario Textual","description":"","publisher":{"@id":"https:\/\/diariotextual.com\/inicio\/#organization"},"potentialAction":[{"@type":"SearchAction","target":{"@type":"EntryPoint","urlTemplate":"https:\/\/diariotextual.com\/inicio\/?s={search_term_string}"},"query-input":{"@type":"PropertyValueSpecification","valueRequired":true,"valueName":"search_term_string"}}],"inLanguage":"es"},{"@type":"Organization","@id":"https:\/\/diariotextual.com\/inicio\/#organization","name":"Diario Textual","url":"https:\/\/diariotextual.com\/inicio\/","logo":{"@type":"ImageObject","inLanguage":"es","@id":"https:\/\/diariotextual.com\/inicio\/#\/schema\/logo\/image\/","url":"https:\/\/diariotextual.com\/inicio\/wp-content\/uploads\/2023\/05\/logotextual1.jpg","contentUrl":"https:\/\/diariotextual.com\/inicio\/wp-content\/uploads\/2023\/05\/logotextual1.jpg","width":516,"height":76,"caption":"Diario Textual"},"image":{"@id":"https:\/\/diariotextual.com\/inicio\/#\/schema\/logo\/image\/"},"sameAs":["https:\/\/www.facebook.com\/eltextual","https:\/\/x.com\/eltextual","http:\/\/www.instagram.com\/eltextual"]},{"@type":"Person","@id":"https:\/\/diariotextual.com\/inicio\/#\/schema\/person\/418fc4093c33e86ed41562db3508f958","name":"Diario1 Diario1","image":{"@type":"ImageObject","inLanguage":"es","@id":"https:\/\/secure.gravatar.com\/avatar\/9167d280179c85bc18be67aa7eda765854300033af4896dd779b608640f2ef7a?s=96&d=mm&r=g","url":"https:\/\/secure.gravatar.com\/avatar\/9167d280179c85bc18be67aa7eda765854300033af4896dd779b608640f2ef7a?s=96&d=mm&r=g","contentUrl":"https:\/\/secure.gravatar.com\/avatar\/9167d280179c85bc18be67aa7eda765854300033af4896dd779b608640f2ef7a?s=96&d=mm&r=g","caption":"Diario1 Diario1"},"url":"https:\/\/diariotextual.com\/inicio\/index.php\/author\/diario1\/"}]}},"_links":{"self":[{"href":"https:\/\/diariotextual.com\/inicio\/index.php\/wp-json\/wp\/v2\/posts\/316090","targetHints":{"allow":["GET"]}}],"collection":[{"href":"https:\/\/diariotextual.com\/inicio\/index.php\/wp-json\/wp\/v2\/posts"}],"about":[{"href":"https:\/\/diariotextual.com\/inicio\/index.php\/wp-json\/wp\/v2\/types\/post"}],"author":[{"embeddable":true,"href":"https:\/\/diariotextual.com\/inicio\/index.php\/wp-json\/wp\/v2\/users\/3"}],"replies":[{"embeddable":true,"href":"https:\/\/diariotextual.com\/inicio\/index.php\/wp-json\/wp\/v2\/comments?post=316090"}],"version-history":[{"count":3,"href":"https:\/\/diariotextual.com\/inicio\/index.php\/wp-json\/wp\/v2\/posts\/316090\/revisions"}],"predecessor-version":[{"id":316093,"href":"https:\/\/diariotextual.com\/inicio\/index.php\/wp-json\/wp\/v2\/posts\/316090\/revisions\/316093"}],"wp:featuredmedia":[{"embeddable":true,"href":"https:\/\/diariotextual.com\/inicio\/index.php\/wp-json\/wp\/v2\/media\/259484"}],"wp:attachment":[{"href":"https:\/\/diariotextual.com\/inicio\/index.php\/wp-json\/wp\/v2\/media?parent=316090"}],"wp:term":[{"taxonomy":"category","embeddable":true,"href":"https:\/\/diariotextual.com\/inicio\/index.php\/wp-json\/wp\/v2\/categories?post=316090"},{"taxonomy":"post_tag","embeddable":true,"href":"https:\/\/diariotextual.com\/inicio\/index.php\/wp-json\/wp\/v2\/tags?post=316090"}],"curies":[{"name":"wp","href":"https:\/\/api.w.org\/{rel}","templated":true}]}}