{"id":316348,"date":"2025-12-26T11:54:44","date_gmt":"2025-12-26T14:54:44","guid":{"rendered":"https:\/\/diariotextual.com\/inicio\/?p=316348"},"modified":"2025-12-26T11:54:49","modified_gmt":"2025-12-26T14:54:49","slug":"gobierno-de-la-pampa-firmo-convenio-con-cordoba-y-san-luis-para-conservar-el-bosque-de-calden","status":"publish","type":"post","link":"https:\/\/diariotextual.com\/inicio\/index.php\/2025\/12\/26\/gobierno-de-la-pampa-firmo-convenio-con-cordoba-y-san-luis-para-conservar-el-bosque-de-calden\/","title":{"rendered":"Gobierno de La Pampa firm\u00f3 convenio con C\u00f3rdoba y San Luis para conservar el bosque de cald\u00e9n"},"content":{"rendered":"\n<p>Autoridades del <strong>Ministerio de Ambiente y Econom\u00eda Circular de C\u00f3rdoba, la Secretar\u00eda de Ambiente y Cambio Clim\u00e1tico de La Pampa y la Secretar\u00eda de Estado de Ambiente y Desarrollo Sustentable de San Luis <\/strong>firmaron un convenio de colaboraci\u00f3n interprovincial para la conservaci\u00f3n del cald\u00e9n (Neltuma caldenia), como especie arb\u00f3rea que solo existe en Argentina y que constituye uno de los cinco ambientes end\u00e9micos del pa\u00eds.<\/p>\n\n\n\n<p>El acuerdo fue rubricado en la Estancia Ralic\u00f3 -ubicada a 25 kil\u00f3metros de la localidad de Villa Huidobro- por Victoria Flores, ministra de Ambiente y Econom\u00eda Circular de C\u00f3rdoba; la secretaria de Ambiente y Cambio Clim\u00e1tico de la Provincia de La Pampa, Vanina Basso y el secretario de Estado y Desarrollo Sustentable de la Provincia de San Luis, Federico Javier Cacace.<\/p>\n\n\n\n<p>En el acuerdo se establece <strong>un marco de cooperaci\u00f3n institucional para desarrollar programas y proyectos conjuntos destinados a proteger el ecosistema que se extiende por el sur de las provincias de C\u00f3rdoba y San Luis y el norte y centro de La Pampa<\/strong>, en la regi\u00f3n fitogeogr\u00e1fica del Espinal.<\/p>\n\n\n\n<p>Los bosques de cald\u00e9n cumplen funciones ecol\u00f3gicas esenciales como la regulaci\u00f3n hidrol\u00f3gica, la provisi\u00f3n de forraje, el h\u00e1bitat de fauna silvestre y el almacenamiento de carbono, entre otros servicios ambientales que provee el bosque.<\/p>\n\n\n\n<figure class=\"wp-block-image size-full\"><img fetchpriority=\"high\" decoding=\"async\" width=\"900\" height=\"600\" src=\"https:\/\/diariotextual.com\/inicio\/wp-content\/uploads\/2025\/12\/caldenfirma12025.jpg\" alt=\"\" class=\"wp-image-316350\" srcset=\"https:\/\/diariotextual.com\/inicio\/wp-content\/uploads\/2025\/12\/caldenfirma12025.jpg 900w, https:\/\/diariotextual.com\/inicio\/wp-content\/uploads\/2025\/12\/caldenfirma12025-300x200.jpg 300w, https:\/\/diariotextual.com\/inicio\/wp-content\/uploads\/2025\/12\/caldenfirma12025-768x512.jpg 768w, https:\/\/diariotextual.com\/inicio\/wp-content\/uploads\/2025\/12\/caldenfirma12025-585x390.jpg 585w, https:\/\/diariotextual.com\/inicio\/wp-content\/uploads\/2025\/12\/caldenfirma12025-263x175.jpg 263w\" sizes=\"(max-width: 900px) 100vw, 900px\" \/><\/figure>\n\n\n\n<p>Actualmente, <strong>los bosques de cald\u00e9n presentan signos de degradaci\u00f3n en toda su extensi\u00f3n<\/strong>, con un proceso de arbustizaci\u00f3n que deteriora su productividad ecol\u00f3gica y aumenta el riesgo de incendios.<\/p>\n\n\n\n<p>Esta zona es uno de los cinco ambientes \u00fanicos de Argentina, por lo que protegerla es fundamental. El paisaje est\u00e1 formado por<strong> \u00e1reas protegidas, campos productivos, pueblos y zonas en transici\u00f3n, donde conviven bosques de diferentes tipos, cultivos y tierras en recuperaci\u00f3n natural.<\/strong><\/p>\n\n\n\n<p>El <strong>territorio interprovincial del cald\u00e9n se caracteriza por su diversidad: grandes extensiones de pastizales naturales pampeanos interrumpidos por lagunas salobres, bajos salinos, dunas m\u00f3viles y suelos arenosos. <\/strong>Este mosaico de ambientes recibe influencias de las regiones chaque\u00f1a, del monte y pampeana, lo que genera una biodiversidad \u00fanica.<\/p>\n\n\n\n<p>El convenio establece una alianza estrat\u00e9gica que involucra a los organismos ambientales de las tres provincias, gobiernos locales, la Universidad Nacional de R\u00edo Cuarto, la Universidad Nacional de C\u00f3rdoba, la Universidad Provincial de C\u00f3rdoba, la Universidad Nacional de La Pampa y el Banco Nacional de Germoplasma de Neltuma.<\/p>\n","protected":false},"excerpt":{"rendered":"<p>Autoridades del Ministerio de Ambiente y Econom\u00eda Circular de C\u00f3rdoba, la Secretar\u00eda de Ambiente y Cambio Clim\u00e1tico de La Pampa y la Secretar\u00eda de Estado de Ambiente y Desarrollo Sustentable&hellip;<\/p>\n","protected":false},"author":5,"featured_media":316349,"comment_status":"closed","ping_status":"open","sticky":false,"template":"","format":"standard","meta":{"_acf_changed":false,"footnotes":""},"categories":[1,20],"tags":[],"class_list":["post-316348","post","type-post","status-publish","format-standard","has-post-thumbnail","hentry","category-es-noticia","category-campo"],"acf":[],"yoast_head":"<!-- This site is optimized with the Yoast SEO plugin v27.5 - https:\/\/yoast.com\/product\/yoast-seo-wordpress\/ -->\n<title>Gobierno de La Pampa firm\u00f3 convenio con C\u00f3rdoba y San Luis para conservar el bosque de cald\u00e9n - Diario Textual<\/title>\n<meta name=\"robots\" content=\"index, follow, max-snippet:-1, max-image-preview:large, max-video-preview:-1\" \/>\n<link rel=\"canonical\" href=\"https:\/\/diariotextual.com\/inicio\/index.php\/2025\/12\/26\/gobierno-de-la-pampa-firmo-convenio-con-cordoba-y-san-luis-para-conservar-el-bosque-de-calden\/\" \/>\n<meta property=\"og:locale\" content=\"es_ES\" \/>\n<meta property=\"og:type\" content=\"article\" \/>\n<meta property=\"og:title\" content=\"Gobierno de La Pampa firm\u00f3 convenio con C\u00f3rdoba y San Luis para conservar el bosque de cald\u00e9n - Diario Textual\" \/>\n<meta property=\"og:description\" content=\"Autoridades del Ministerio de Ambiente y Econom\u00eda Circular de C\u00f3rdoba, la Secretar\u00eda de Ambiente y Cambio Clim\u00e1tico de La Pampa y la Secretar\u00eda de Estado de Ambiente y Desarrollo Sustentable&hellip;\" \/>\n<meta property=\"og:url\" content=\"https:\/\/diariotextual.com\/inicio\/index.php\/2025\/12\/26\/gobierno-de-la-pampa-firmo-convenio-con-cordoba-y-san-luis-para-conservar-el-bosque-de-calden\/\" \/>\n<meta property=\"og:site_name\" content=\"Diario Textual\" \/>\n<meta property=\"article:publisher\" content=\"https:\/\/www.facebook.com\/eltextual\" \/>\n<meta property=\"article:published_time\" content=\"2025-12-26T14:54:44+00:00\" \/>\n<meta property=\"article:modified_time\" content=\"2025-12-26T14:54:49+00:00\" \/>\n<meta property=\"og:image\" content=\"https:\/\/diariotextual.com\/inicio\/wp-content\/uploads\/2025\/12\/caldenfirma2025.jpg\" \/>\n\t<meta property=\"og:image:width\" content=\"900\" \/>\n\t<meta property=\"og:image:height\" content=\"605\" \/>\n\t<meta property=\"og:image:type\" content=\"image\/jpeg\" \/>\n<meta name=\"author\" content=\"diario3\" \/>\n<meta name=\"twitter:card\" content=\"summary_large_image\" \/>\n<meta name=\"twitter:creator\" content=\"@eltextual\" \/>\n<meta name=\"twitter:site\" content=\"@eltextual\" \/>\n<meta name=\"twitter:label1\" content=\"Escrito por\" \/>\n\t<meta name=\"twitter:data1\" content=\"diario3\" \/>\n\t<meta name=\"twitter:label2\" content=\"Tiempo de lectura\" \/>\n\t<meta name=\"twitter:data2\" content=\"3 minutos\" \/>\n<script type=\"application\/ld+json\" class=\"yoast-schema-graph\">{\"@context\":\"https:\\\/\\\/schema.org\",\"@graph\":[{\"@type\":\"Article\",\"@id\":\"https:\\\/\\\/diariotextual.com\\\/inicio\\\/index.php\\\/2025\\\/12\\\/26\\\/gobierno-de-la-pampa-firmo-convenio-con-cordoba-y-san-luis-para-conservar-el-bosque-de-calden\\\/#article\",\"isPartOf\":{\"@id\":\"https:\\\/\\\/diariotextual.com\\\/inicio\\\/index.php\\\/2025\\\/12\\\/26\\\/gobierno-de-la-pampa-firmo-convenio-con-cordoba-y-san-luis-para-conservar-el-bosque-de-calden\\\/\"},\"author\":{\"name\":\"diario3\",\"@id\":\"https:\\\/\\\/diariotextual.com\\\/inicio\\\/#\\\/schema\\\/person\\\/a1b6f563e0ee944c60f98119389a4d9f\"},\"headline\":\"Gobierno de La Pampa firm\u00f3 convenio con C\u00f3rdoba y San Luis para conservar el bosque de cald\u00e9n\",\"datePublished\":\"2025-12-26T14:54:44+00:00\",\"dateModified\":\"2025-12-26T14:54:49+00:00\",\"mainEntityOfPage\":{\"@id\":\"https:\\\/\\\/diariotextual.com\\\/inicio\\\/index.php\\\/2025\\\/12\\\/26\\\/gobierno-de-la-pampa-firmo-convenio-con-cordoba-y-san-luis-para-conservar-el-bosque-de-calden\\\/\"},\"wordCount\":433,\"publisher\":{\"@id\":\"https:\\\/\\\/diariotextual.com\\\/inicio\\\/#organization\"},\"image\":{\"@id\":\"https:\\\/\\\/diariotextual.com\\\/inicio\\\/index.php\\\/2025\\\/12\\\/26\\\/gobierno-de-la-pampa-firmo-convenio-con-cordoba-y-san-luis-para-conservar-el-bosque-de-calden\\\/#primaryimage\"},\"thumbnailUrl\":\"https:\\\/\\\/diariotextual.com\\\/inicio\\\/wp-content\\\/uploads\\\/2025\\\/12\\\/caldenfirma2025.jpg\",\"articleSection\":[\"A - ES NOTICIA (van abajo)\",\"CAMPO\"],\"inLanguage\":\"es\"},{\"@type\":\"WebPage\",\"@id\":\"https:\\\/\\\/diariotextual.com\\\/inicio\\\/index.php\\\/2025\\\/12\\\/26\\\/gobierno-de-la-pampa-firmo-convenio-con-cordoba-y-san-luis-para-conservar-el-bosque-de-calden\\\/\",\"url\":\"https:\\\/\\\/diariotextual.com\\\/inicio\\\/index.php\\\/2025\\\/12\\\/26\\\/gobierno-de-la-pampa-firmo-convenio-con-cordoba-y-san-luis-para-conservar-el-bosque-de-calden\\\/\",\"name\":\"Gobierno de La Pampa firm\u00f3 convenio con C\u00f3rdoba y San Luis para conservar el bosque de cald\u00e9n - Diario Textual\",\"isPartOf\":{\"@id\":\"https:\\\/\\\/diariotextual.com\\\/inicio\\\/#website\"},\"primaryImageOfPage\":{\"@id\":\"https:\\\/\\\/diariotextual.com\\\/inicio\\\/index.php\\\/2025\\\/12\\\/26\\\/gobierno-de-la-pampa-firmo-convenio-con-cordoba-y-san-luis-para-conservar-el-bosque-de-calden\\\/#primaryimage\"},\"image\":{\"@id\":\"https:\\\/\\\/diariotextual.com\\\/inicio\\\/index.php\\\/2025\\\/12\\\/26\\\/gobierno-de-la-pampa-firmo-convenio-con-cordoba-y-san-luis-para-conservar-el-bosque-de-calden\\\/#primaryimage\"},\"thumbnailUrl\":\"https:\\\/\\\/diariotextual.com\\\/inicio\\\/wp-content\\\/uploads\\\/2025\\\/12\\\/caldenfirma2025.jpg\",\"datePublished\":\"2025-12-26T14:54:44+00:00\",\"dateModified\":\"2025-12-26T14:54:49+00:00\",\"breadcrumb\":{\"@id\":\"https:\\\/\\\/diariotextual.com\\\/inicio\\\/index.php\\\/2025\\\/12\\\/26\\\/gobierno-de-la-pampa-firmo-convenio-con-cordoba-y-san-luis-para-conservar-el-bosque-de-calden\\\/#breadcrumb\"},\"inLanguage\":\"es\",\"potentialAction\":[{\"@type\":\"ReadAction\",\"target\":[\"https:\\\/\\\/diariotextual.com\\\/inicio\\\/index.php\\\/2025\\\/12\\\/26\\\/gobierno-de-la-pampa-firmo-convenio-con-cordoba-y-san-luis-para-conservar-el-bosque-de-calden\\\/\"]}]},{\"@type\":\"ImageObject\",\"inLanguage\":\"es\",\"@id\":\"https:\\\/\\\/diariotextual.com\\\/inicio\\\/index.php\\\/2025\\\/12\\\/26\\\/gobierno-de-la-pampa-firmo-convenio-con-cordoba-y-san-luis-para-conservar-el-bosque-de-calden\\\/#primaryimage\",\"url\":\"https:\\\/\\\/diariotextual.com\\\/inicio\\\/wp-content\\\/uploads\\\/2025\\\/12\\\/caldenfirma2025.jpg\",\"contentUrl\":\"https:\\\/\\\/diariotextual.com\\\/inicio\\\/wp-content\\\/uploads\\\/2025\\\/12\\\/caldenfirma2025.jpg\",\"width\":900,\"height\":605},{\"@type\":\"BreadcrumbList\",\"@id\":\"https:\\\/\\\/diariotextual.com\\\/inicio\\\/index.php\\\/2025\\\/12\\\/26\\\/gobierno-de-la-pampa-firmo-convenio-con-cordoba-y-san-luis-para-conservar-el-bosque-de-calden\\\/#breadcrumb\",\"itemListElement\":[{\"@type\":\"ListItem\",\"position\":1,\"name\":\"Portada\",\"item\":\"https:\\\/\\\/diariotextual.com\\\/inicio\\\/\"},{\"@type\":\"ListItem\",\"position\":2,\"name\":\"Gobierno de La Pampa firm\u00f3 convenio con C\u00f3rdoba y San Luis para conservar el bosque de cald\u00e9n\"}]},{\"@type\":\"WebSite\",\"@id\":\"https:\\\/\\\/diariotextual.com\\\/inicio\\\/#website\",\"url\":\"https:\\\/\\\/diariotextual.com\\\/inicio\\\/\",\"name\":\"Diario Textual\",\"description\":\"\",\"publisher\":{\"@id\":\"https:\\\/\\\/diariotextual.com\\\/inicio\\\/#organization\"},\"potentialAction\":[{\"@type\":\"SearchAction\",\"target\":{\"@type\":\"EntryPoint\",\"urlTemplate\":\"https:\\\/\\\/diariotextual.com\\\/inicio\\\/?s={search_term_string}\"},\"query-input\":{\"@type\":\"PropertyValueSpecification\",\"valueRequired\":true,\"valueName\":\"search_term_string\"}}],\"inLanguage\":\"es\"},{\"@type\":\"Organization\",\"@id\":\"https:\\\/\\\/diariotextual.com\\\/inicio\\\/#organization\",\"name\":\"Diario Textual\",\"url\":\"https:\\\/\\\/diariotextual.com\\\/inicio\\\/\",\"logo\":{\"@type\":\"ImageObject\",\"inLanguage\":\"es\",\"@id\":\"https:\\\/\\\/diariotextual.com\\\/inicio\\\/#\\\/schema\\\/logo\\\/image\\\/\",\"url\":\"https:\\\/\\\/diariotextual.com\\\/inicio\\\/wp-content\\\/uploads\\\/2023\\\/05\\\/logotextual1.jpg\",\"contentUrl\":\"https:\\\/\\\/diariotextual.com\\\/inicio\\\/wp-content\\\/uploads\\\/2023\\\/05\\\/logotextual1.jpg\",\"width\":516,\"height\":76,\"caption\":\"Diario Textual\"},\"image\":{\"@id\":\"https:\\\/\\\/diariotextual.com\\\/inicio\\\/#\\\/schema\\\/logo\\\/image\\\/\"},\"sameAs\":[\"https:\\\/\\\/www.facebook.com\\\/eltextual\",\"https:\\\/\\\/x.com\\\/eltextual\",\"http:\\\/\\\/www.instagram.com\\\/eltextual\"]},{\"@type\":\"Person\",\"@id\":\"https:\\\/\\\/diariotextual.com\\\/inicio\\\/#\\\/schema\\\/person\\\/a1b6f563e0ee944c60f98119389a4d9f\",\"name\":\"diario3\",\"image\":{\"@type\":\"ImageObject\",\"inLanguage\":\"es\",\"@id\":\"https:\\\/\\\/secure.gravatar.com\\\/avatar\\\/5e7ee62c82fc04d9dd79d746a390d93c69c43223e5faeeb3ea9461ef752bfc5d?s=96&d=mm&r=g\",\"url\":\"https:\\\/\\\/secure.gravatar.com\\\/avatar\\\/5e7ee62c82fc04d9dd79d746a390d93c69c43223e5faeeb3ea9461ef752bfc5d?s=96&d=mm&r=g\",\"contentUrl\":\"https:\\\/\\\/secure.gravatar.com\\\/avatar\\\/5e7ee62c82fc04d9dd79d746a390d93c69c43223e5faeeb3ea9461ef752bfc5d?s=96&d=mm&r=g\",\"caption\":\"diario3\"},\"url\":\"https:\\\/\\\/diariotextual.com\\\/inicio\\\/index.php\\\/author\\\/diario3\\\/\"}]}<\/script>\n<!-- \/ Yoast SEO plugin. -->","yoast_head_json":{"title":"Gobierno de La Pampa firm\u00f3 convenio con C\u00f3rdoba y San Luis para conservar el bosque de cald\u00e9n - Diario Textual","robots":{"index":"index","follow":"follow","max-snippet":"max-snippet:-1","max-image-preview":"max-image-preview:large","max-video-preview":"max-video-preview:-1"},"canonical":"https:\/\/diariotextual.com\/inicio\/index.php\/2025\/12\/26\/gobierno-de-la-pampa-firmo-convenio-con-cordoba-y-san-luis-para-conservar-el-bosque-de-calden\/","og_locale":"es_ES","og_type":"article","og_title":"Gobierno de La Pampa firm\u00f3 convenio con C\u00f3rdoba y San Luis para conservar el bosque de cald\u00e9n - Diario Textual","og_description":"Autoridades del Ministerio de Ambiente y Econom\u00eda Circular de C\u00f3rdoba, la Secretar\u00eda de Ambiente y Cambio Clim\u00e1tico de La Pampa y la Secretar\u00eda de Estado de Ambiente y Desarrollo Sustentable&hellip;","og_url":"https:\/\/diariotextual.com\/inicio\/index.php\/2025\/12\/26\/gobierno-de-la-pampa-firmo-convenio-con-cordoba-y-san-luis-para-conservar-el-bosque-de-calden\/","og_site_name":"Diario Textual","article_publisher":"https:\/\/www.facebook.com\/eltextual","article_published_time":"2025-12-26T14:54:44+00:00","article_modified_time":"2025-12-26T14:54:49+00:00","og_image":[{"width":900,"height":605,"url":"https:\/\/diariotextual.com\/inicio\/wp-content\/uploads\/2025\/12\/caldenfirma2025.jpg","type":"image\/jpeg"}],"author":"diario3","twitter_card":"summary_large_image","twitter_creator":"@eltextual","twitter_site":"@eltextual","twitter_misc":{"Escrito por":"diario3","Tiempo de lectura":"3 minutos"},"schema":{"@context":"https:\/\/schema.org","@graph":[{"@type":"Article","@id":"https:\/\/diariotextual.com\/inicio\/index.php\/2025\/12\/26\/gobierno-de-la-pampa-firmo-convenio-con-cordoba-y-san-luis-para-conservar-el-bosque-de-calden\/#article","isPartOf":{"@id":"https:\/\/diariotextual.com\/inicio\/index.php\/2025\/12\/26\/gobierno-de-la-pampa-firmo-convenio-con-cordoba-y-san-luis-para-conservar-el-bosque-de-calden\/"},"author":{"name":"diario3","@id":"https:\/\/diariotextual.com\/inicio\/#\/schema\/person\/a1b6f563e0ee944c60f98119389a4d9f"},"headline":"Gobierno de La Pampa firm\u00f3 convenio con C\u00f3rdoba y San Luis para conservar el bosque de cald\u00e9n","datePublished":"2025-12-26T14:54:44+00:00","dateModified":"2025-12-26T14:54:49+00:00","mainEntityOfPage":{"@id":"https:\/\/diariotextual.com\/inicio\/index.php\/2025\/12\/26\/gobierno-de-la-pampa-firmo-convenio-con-cordoba-y-san-luis-para-conservar-el-bosque-de-calden\/"},"wordCount":433,"publisher":{"@id":"https:\/\/diariotextual.com\/inicio\/#organization"},"image":{"@id":"https:\/\/diariotextual.com\/inicio\/index.php\/2025\/12\/26\/gobierno-de-la-pampa-firmo-convenio-con-cordoba-y-san-luis-para-conservar-el-bosque-de-calden\/#primaryimage"},"thumbnailUrl":"https:\/\/diariotextual.com\/inicio\/wp-content\/uploads\/2025\/12\/caldenfirma2025.jpg","articleSection":["A - ES NOTICIA (van abajo)","CAMPO"],"inLanguage":"es"},{"@type":"WebPage","@id":"https:\/\/diariotextual.com\/inicio\/index.php\/2025\/12\/26\/gobierno-de-la-pampa-firmo-convenio-con-cordoba-y-san-luis-para-conservar-el-bosque-de-calden\/","url":"https:\/\/diariotextual.com\/inicio\/index.php\/2025\/12\/26\/gobierno-de-la-pampa-firmo-convenio-con-cordoba-y-san-luis-para-conservar-el-bosque-de-calden\/","name":"Gobierno de La Pampa firm\u00f3 convenio con C\u00f3rdoba y San Luis para conservar el bosque de cald\u00e9n - Diario Textual","isPartOf":{"@id":"https:\/\/diariotextual.com\/inicio\/#website"},"primaryImageOfPage":{"@id":"https:\/\/diariotextual.com\/inicio\/index.php\/2025\/12\/26\/gobierno-de-la-pampa-firmo-convenio-con-cordoba-y-san-luis-para-conservar-el-bosque-de-calden\/#primaryimage"},"image":{"@id":"https:\/\/diariotextual.com\/inicio\/index.php\/2025\/12\/26\/gobierno-de-la-pampa-firmo-convenio-con-cordoba-y-san-luis-para-conservar-el-bosque-de-calden\/#primaryimage"},"thumbnailUrl":"https:\/\/diariotextual.com\/inicio\/wp-content\/uploads\/2025\/12\/caldenfirma2025.jpg","datePublished":"2025-12-26T14:54:44+00:00","dateModified":"2025-12-26T14:54:49+00:00","breadcrumb":{"@id":"https:\/\/diariotextual.com\/inicio\/index.php\/2025\/12\/26\/gobierno-de-la-pampa-firmo-convenio-con-cordoba-y-san-luis-para-conservar-el-bosque-de-calden\/#breadcrumb"},"inLanguage":"es","potentialAction":[{"@type":"ReadAction","target":["https:\/\/diariotextual.com\/inicio\/index.php\/2025\/12\/26\/gobierno-de-la-pampa-firmo-convenio-con-cordoba-y-san-luis-para-conservar-el-bosque-de-calden\/"]}]},{"@type":"ImageObject","inLanguage":"es","@id":"https:\/\/diariotextual.com\/inicio\/index.php\/2025\/12\/26\/gobierno-de-la-pampa-firmo-convenio-con-cordoba-y-san-luis-para-conservar-el-bosque-de-calden\/#primaryimage","url":"https:\/\/diariotextual.com\/inicio\/wp-content\/uploads\/2025\/12\/caldenfirma2025.jpg","contentUrl":"https:\/\/diariotextual.com\/inicio\/wp-content\/uploads\/2025\/12\/caldenfirma2025.jpg","width":900,"height":605},{"@type":"BreadcrumbList","@id":"https:\/\/diariotextual.com\/inicio\/index.php\/2025\/12\/26\/gobierno-de-la-pampa-firmo-convenio-con-cordoba-y-san-luis-para-conservar-el-bosque-de-calden\/#breadcrumb","itemListElement":[{"@type":"ListItem","position":1,"name":"Portada","item":"https:\/\/diariotextual.com\/inicio\/"},{"@type":"ListItem","position":2,"name":"Gobierno de La Pampa firm\u00f3 convenio con C\u00f3rdoba y San Luis para conservar el bosque de cald\u00e9n"}]},{"@type":"WebSite","@id":"https:\/\/diariotextual.com\/inicio\/#website","url":"https:\/\/diariotextual.com\/inicio\/","name":"Diario Textual","description":"","publisher":{"@id":"https:\/\/diariotextual.com\/inicio\/#organization"},"potentialAction":[{"@type":"SearchAction","target":{"@type":"EntryPoint","urlTemplate":"https:\/\/diariotextual.com\/inicio\/?s={search_term_string}"},"query-input":{"@type":"PropertyValueSpecification","valueRequired":true,"valueName":"search_term_string"}}],"inLanguage":"es"},{"@type":"Organization","@id":"https:\/\/diariotextual.com\/inicio\/#organization","name":"Diario Textual","url":"https:\/\/diariotextual.com\/inicio\/","logo":{"@type":"ImageObject","inLanguage":"es","@id":"https:\/\/diariotextual.com\/inicio\/#\/schema\/logo\/image\/","url":"https:\/\/diariotextual.com\/inicio\/wp-content\/uploads\/2023\/05\/logotextual1.jpg","contentUrl":"https:\/\/diariotextual.com\/inicio\/wp-content\/uploads\/2023\/05\/logotextual1.jpg","width":516,"height":76,"caption":"Diario Textual"},"image":{"@id":"https:\/\/diariotextual.com\/inicio\/#\/schema\/logo\/image\/"},"sameAs":["https:\/\/www.facebook.com\/eltextual","https:\/\/x.com\/eltextual","http:\/\/www.instagram.com\/eltextual"]},{"@type":"Person","@id":"https:\/\/diariotextual.com\/inicio\/#\/schema\/person\/a1b6f563e0ee944c60f98119389a4d9f","name":"diario3","image":{"@type":"ImageObject","inLanguage":"es","@id":"https:\/\/secure.gravatar.com\/avatar\/5e7ee62c82fc04d9dd79d746a390d93c69c43223e5faeeb3ea9461ef752bfc5d?s=96&d=mm&r=g","url":"https:\/\/secure.gravatar.com\/avatar\/5e7ee62c82fc04d9dd79d746a390d93c69c43223e5faeeb3ea9461ef752bfc5d?s=96&d=mm&r=g","contentUrl":"https:\/\/secure.gravatar.com\/avatar\/5e7ee62c82fc04d9dd79d746a390d93c69c43223e5faeeb3ea9461ef752bfc5d?s=96&d=mm&r=g","caption":"diario3"},"url":"https:\/\/diariotextual.com\/inicio\/index.php\/author\/diario3\/"}]}},"_links":{"self":[{"href":"https:\/\/diariotextual.com\/inicio\/index.php\/wp-json\/wp\/v2\/posts\/316348","targetHints":{"allow":["GET"]}}],"collection":[{"href":"https:\/\/diariotextual.com\/inicio\/index.php\/wp-json\/wp\/v2\/posts"}],"about":[{"href":"https:\/\/diariotextual.com\/inicio\/index.php\/wp-json\/wp\/v2\/types\/post"}],"author":[{"embeddable":true,"href":"https:\/\/diariotextual.com\/inicio\/index.php\/wp-json\/wp\/v2\/users\/5"}],"replies":[{"embeddable":true,"href":"https:\/\/diariotextual.com\/inicio\/index.php\/wp-json\/wp\/v2\/comments?post=316348"}],"version-history":[{"count":1,"href":"https:\/\/diariotextual.com\/inicio\/index.php\/wp-json\/wp\/v2\/posts\/316348\/revisions"}],"predecessor-version":[{"id":316351,"href":"https:\/\/diariotextual.com\/inicio\/index.php\/wp-json\/wp\/v2\/posts\/316348\/revisions\/316351"}],"wp:featuredmedia":[{"embeddable":true,"href":"https:\/\/diariotextual.com\/inicio\/index.php\/wp-json\/wp\/v2\/media\/316349"}],"wp:attachment":[{"href":"https:\/\/diariotextual.com\/inicio\/index.php\/wp-json\/wp\/v2\/media?parent=316348"}],"wp:term":[{"taxonomy":"category","embeddable":true,"href":"https:\/\/diariotextual.com\/inicio\/index.php\/wp-json\/wp\/v2\/categories?post=316348"},{"taxonomy":"post_tag","embeddable":true,"href":"https:\/\/diariotextual.com\/inicio\/index.php\/wp-json\/wp\/v2\/tags?post=316348"}],"curies":[{"name":"wp","href":"https:\/\/api.w.org\/{rel}","templated":true}]}}