{"id":316587,"date":"2025-12-29T20:58:57","date_gmt":"2025-12-29T23:58:57","guid":{"rendered":"https:\/\/diariotextual.com\/inicio\/?p=316587"},"modified":"2025-12-31T12:06:14","modified_gmt":"2025-12-31T15:06:14","slug":"observatorio-de-la-universidad-nacional-de-la-pampa-advirtio-que-la-pobreza-en-el-pais-es-del-42","status":"publish","type":"post","link":"https:\/\/diariotextual.com\/inicio\/index.php\/2025\/12\/29\/observatorio-de-la-universidad-nacional-de-la-pampa-advirtio-que-la-pobreza-en-el-pais-es-del-42\/","title":{"rendered":"Observatorio de la Universidad Nacional de La Pampa advirti\u00f3 que la pobreza en el pa\u00eds es del 42%"},"content":{"rendered":"\n<p>En una clara oposici\u00f3n a los n\u00fameros difundidos por el Instituto Nacional de Estad\u00edstica y Censo (Indec), desde el<strong> Observatorio Universitario de Econom\u00eda de la Universidad Nacional de La Pampa (FCEyJ-UNLPam) y del centro de an\u00e1lisis Equilibra<\/strong> se inform\u00f3 que la <strong>pobreza alcanzar\u00eda el 42% en el primer semestre de 2025, lo que representa 10.3 puntos porcentuales por encima del 31.7% oficial.<\/strong><\/p>\n\n\n\n<p>\u201cLa <strong>ca\u00edda en la tasa de pobreza reportada por el INDEC durante el primer semestre de 2025 se debe principalmente a mejoras en la captaci\u00f3n de ingresos de la Encuesta Permanente de Hogares (EPH)<\/strong> y a la falta de actualizaci\u00f3n de la Canasta B\u00e1sica Total (CBT), no a una reducci\u00f3n genuina del flagelo\u201d, sostuvo en un comunicado el observatorio pampeano.<\/p>\n\n\n\n<p>El estudio, que introduce correcciones metodol\u00f3gicas que elevan la estimaci\u00f3n de pobreza respecto a las cifras oficiales, fue elaborado por economistas de dichas instituciones. Para su an\u00e1lisis, <strong>utilizaron datos del Centro de Estudios Distributivos, Laborales y Sociales (CEDLAS), del Sistema Integrado Previsional Argentino (SIPA) y de ANSES,<\/strong> contrastando luego los resultados con los per\u00edodos de los gobiernos de Alberto Fern\u00e1ndez y Mauricio Macri.<\/p>\n\n\n\n<p>Seg\u00fan los investigadores, existe <strong>consenso sobre distorsiones en la medici\u00f3n oficial. Para corregirlas, proponen dos cambios clave: actualizar la Canasta B\u00e1sica Total utilizando la Encuesta Nacional de Gasto de los Hogares 2017\/18, en lugar de la obsoleta de 2004\/05, y ajustar la subdeclaraci\u00f3n de ingresos <\/strong>en la EPH mediante coeficientes din\u00e1micos basados en fuentes administrativas.<\/p>\n\n\n\n<p>Los resultados tras estas correcciones son contundentes: \u201c<strong>La pobreza, calculada excluyendo gastos en restaurantes, alcanzar\u00eda el 42% en el primer semestre de 2025, lo que representa 10.3 puntos porcentuales por encima del 31.7% oficial.<\/strong> Incluso incluyendo esos gastos, la cifra ajustada es de 31.4%, similar a la oficial, pero con un nivel hist\u00f3ricamente m\u00e1s alto a lo largo del per\u00edodo\u201d.<\/p>\n\n\n\n<p>El informe atribuye la reducci\u00f3n de la pobreza, desde su pico de 2024, en gran medida, a mejoras t\u00e9cnicas en la captaci\u00f3n de ingresos de la EPH \u2014como la incorporaci\u00f3n de nuevas preguntas y un contexto de menor inflaci\u00f3n\u2014 y no a una mejora real en las condiciones socioecon\u00f3micas. Adem\u00e1s, expresa que, frente al gobierno de Alberto Fern\u00e1ndez, solo entre 2.6 y 3 puntos porcentuales de la baja oficial de 8.3 puntos ser\u00edan \u201cgenuinos\u201d, explic\u00e1ndose el resto por cambios metodol\u00f3gicos.<\/p>\n\n\n\n<p>La conclusi\u00f3n del trabajo es que, sin estas correcciones en la captaci\u00f3n de ingresos y la actualizaci\u00f3n de la canasta, <strong>la reducci\u00f3n de pobreza reportada en la gesti\u00f3n de Javier Milei no mostrar\u00eda avances significativos, lo que pone en duda la efectividad de las pol\u00edticas econ\u00f3micas aplicadas <\/strong>en los \u00faltimos dos a\u00f1os, remarc\u00f3 el Observatorio Universitario de Econom\u00eda de la Universidad Nacional de La Pampa (FCEyJ-UNLPam).<\/p>\n\n\n\n<p>El informe completo se puede leer aqu\u00ed: <a href=\"https:\/\/WWW.eco.unlpam.edu.ar\/wp-content\/uploads\/2025\/12\/Informe-Pobreza.pdf\">https:\/\/WWW.eco.unlpam.edu.ar\/wp-content\/uploads\/2025\/12\/Informe-Pobreza.pdf<\/a><\/p>\n\n\n\n<p>Tambi\u00e9n est\u00e1 a disposici\u00f3n un resumen de la investigaci\u00f3n:&nbsp; <a href=\"https:\/\/WWW.eco.unlpam.edu.ar\/wp-content\/uploads\/2025\/12\/Pobreza-Resumen.pdf\">https:\/\/WWW.eco.unlpam.edu.ar\/wp-content\/uploads\/2025\/12\/Pobreza-Resumen.pdf<\/a><\/p>\n","protected":false},"excerpt":{"rendered":"<p>En una clara oposici\u00f3n a los n\u00fameros difundidos por el Instituto Nacional de Estad\u00edstica y Censo (Indec), desde el Observatorio Universitario de Econom\u00eda de la Universidad Nacional de La Pampa&hellip;<\/p>\n","protected":false},"author":5,"featured_media":316588,"comment_status":"closed","ping_status":"open","sticky":false,"template":"","format":"standard","meta":{"_acf_changed":false,"footnotes":""},"categories":[1,5],"tags":[],"class_list":["post-316587","post","type-post","status-publish","format-standard","has-post-thumbnail","hentry","category-es-noticia","category-economia"],"acf":[],"yoast_head":"<!-- This site is optimized with the Yoast SEO plugin v27.5 - https:\/\/yoast.com\/product\/yoast-seo-wordpress\/ -->\n<title>Observatorio de la Universidad Nacional de La Pampa advirti\u00f3 que la pobreza en el pa\u00eds es del 42% - Diario Textual<\/title>\n<meta name=\"robots\" content=\"index, follow, max-snippet:-1, max-image-preview:large, max-video-preview:-1\" \/>\n<link rel=\"canonical\" href=\"https:\/\/diariotextual.com\/inicio\/index.php\/2025\/12\/29\/observatorio-de-la-universidad-nacional-de-la-pampa-advirtio-que-la-pobreza-en-el-pais-es-del-42\/\" \/>\n<meta property=\"og:locale\" content=\"es_ES\" \/>\n<meta property=\"og:type\" content=\"article\" \/>\n<meta property=\"og:title\" content=\"Observatorio de la Universidad Nacional de La Pampa advirti\u00f3 que la pobreza en el pa\u00eds es del 42% - Diario Textual\" \/>\n<meta property=\"og:description\" content=\"En una clara oposici\u00f3n a los n\u00fameros difundidos por el Instituto Nacional de Estad\u00edstica y Censo (Indec), desde el Observatorio Universitario de Econom\u00eda de la Universidad Nacional de La Pampa&hellip;\" \/>\n<meta property=\"og:url\" content=\"https:\/\/diariotextual.com\/inicio\/index.php\/2025\/12\/29\/observatorio-de-la-universidad-nacional-de-la-pampa-advirtio-que-la-pobreza-en-el-pais-es-del-42\/\" \/>\n<meta property=\"og:site_name\" content=\"Diario Textual\" \/>\n<meta property=\"article:publisher\" content=\"https:\/\/www.facebook.com\/eltextual\" \/>\n<meta property=\"article:published_time\" content=\"2025-12-29T23:58:57+00:00\" \/>\n<meta property=\"article:modified_time\" content=\"2025-12-31T15:06:14+00:00\" \/>\n<meta property=\"og:image\" content=\"https:\/\/diariotextual.com\/inicio\/wp-content\/uploads\/2025\/12\/pobrezaargentina2025.jpg\" \/>\n\t<meta property=\"og:image:width\" content=\"700\" \/>\n\t<meta property=\"og:image:height\" content=\"394\" \/>\n\t<meta property=\"og:image:type\" content=\"image\/jpeg\" \/>\n<meta name=\"author\" content=\"diario3\" \/>\n<meta name=\"twitter:card\" content=\"summary_large_image\" \/>\n<meta name=\"twitter:creator\" content=\"@eltextual\" \/>\n<meta name=\"twitter:site\" content=\"@eltextual\" \/>\n<meta name=\"twitter:label1\" content=\"Escrito por\" \/>\n\t<meta name=\"twitter:data1\" content=\"diario3\" \/>\n\t<meta name=\"twitter:label2\" content=\"Tiempo de lectura\" \/>\n\t<meta name=\"twitter:data2\" content=\"3 minutos\" \/>\n<script type=\"application\/ld+json\" class=\"yoast-schema-graph\">{\"@context\":\"https:\\\/\\\/schema.org\",\"@graph\":[{\"@type\":\"Article\",\"@id\":\"https:\\\/\\\/diariotextual.com\\\/inicio\\\/index.php\\\/2025\\\/12\\\/29\\\/observatorio-de-la-universidad-nacional-de-la-pampa-advirtio-que-la-pobreza-en-el-pais-es-del-42\\\/#article\",\"isPartOf\":{\"@id\":\"https:\\\/\\\/diariotextual.com\\\/inicio\\\/index.php\\\/2025\\\/12\\\/29\\\/observatorio-de-la-universidad-nacional-de-la-pampa-advirtio-que-la-pobreza-en-el-pais-es-del-42\\\/\"},\"author\":{\"name\":\"diario3\",\"@id\":\"https:\\\/\\\/diariotextual.com\\\/inicio\\\/#\\\/schema\\\/person\\\/a1b6f563e0ee944c60f98119389a4d9f\"},\"headline\":\"Observatorio de la Universidad Nacional de La Pampa advirti\u00f3 que la pobreza en el pa\u00eds es del 42%\",\"datePublished\":\"2025-12-29T23:58:57+00:00\",\"dateModified\":\"2025-12-31T15:06:14+00:00\",\"mainEntityOfPage\":{\"@id\":\"https:\\\/\\\/diariotextual.com\\\/inicio\\\/index.php\\\/2025\\\/12\\\/29\\\/observatorio-de-la-universidad-nacional-de-la-pampa-advirtio-que-la-pobreza-en-el-pais-es-del-42\\\/\"},\"wordCount\":534,\"publisher\":{\"@id\":\"https:\\\/\\\/diariotextual.com\\\/inicio\\\/#organization\"},\"image\":{\"@id\":\"https:\\\/\\\/diariotextual.com\\\/inicio\\\/index.php\\\/2025\\\/12\\\/29\\\/observatorio-de-la-universidad-nacional-de-la-pampa-advirtio-que-la-pobreza-en-el-pais-es-del-42\\\/#primaryimage\"},\"thumbnailUrl\":\"https:\\\/\\\/diariotextual.com\\\/inicio\\\/wp-content\\\/uploads\\\/2025\\\/12\\\/pobrezaargentina2025.jpg\",\"articleSection\":[\"A - ES NOTICIA (van abajo)\",\"ECONOMIA\"],\"inLanguage\":\"es\"},{\"@type\":\"WebPage\",\"@id\":\"https:\\\/\\\/diariotextual.com\\\/inicio\\\/index.php\\\/2025\\\/12\\\/29\\\/observatorio-de-la-universidad-nacional-de-la-pampa-advirtio-que-la-pobreza-en-el-pais-es-del-42\\\/\",\"url\":\"https:\\\/\\\/diariotextual.com\\\/inicio\\\/index.php\\\/2025\\\/12\\\/29\\\/observatorio-de-la-universidad-nacional-de-la-pampa-advirtio-que-la-pobreza-en-el-pais-es-del-42\\\/\",\"name\":\"Observatorio de la Universidad Nacional de La Pampa advirti\u00f3 que la pobreza en el pa\u00eds es del 42% - Diario Textual\",\"isPartOf\":{\"@id\":\"https:\\\/\\\/diariotextual.com\\\/inicio\\\/#website\"},\"primaryImageOfPage\":{\"@id\":\"https:\\\/\\\/diariotextual.com\\\/inicio\\\/index.php\\\/2025\\\/12\\\/29\\\/observatorio-de-la-universidad-nacional-de-la-pampa-advirtio-que-la-pobreza-en-el-pais-es-del-42\\\/#primaryimage\"},\"image\":{\"@id\":\"https:\\\/\\\/diariotextual.com\\\/inicio\\\/index.php\\\/2025\\\/12\\\/29\\\/observatorio-de-la-universidad-nacional-de-la-pampa-advirtio-que-la-pobreza-en-el-pais-es-del-42\\\/#primaryimage\"},\"thumbnailUrl\":\"https:\\\/\\\/diariotextual.com\\\/inicio\\\/wp-content\\\/uploads\\\/2025\\\/12\\\/pobrezaargentina2025.jpg\",\"datePublished\":\"2025-12-29T23:58:57+00:00\",\"dateModified\":\"2025-12-31T15:06:14+00:00\",\"breadcrumb\":{\"@id\":\"https:\\\/\\\/diariotextual.com\\\/inicio\\\/index.php\\\/2025\\\/12\\\/29\\\/observatorio-de-la-universidad-nacional-de-la-pampa-advirtio-que-la-pobreza-en-el-pais-es-del-42\\\/#breadcrumb\"},\"inLanguage\":\"es\",\"potentialAction\":[{\"@type\":\"ReadAction\",\"target\":[\"https:\\\/\\\/diariotextual.com\\\/inicio\\\/index.php\\\/2025\\\/12\\\/29\\\/observatorio-de-la-universidad-nacional-de-la-pampa-advirtio-que-la-pobreza-en-el-pais-es-del-42\\\/\"]}]},{\"@type\":\"ImageObject\",\"inLanguage\":\"es\",\"@id\":\"https:\\\/\\\/diariotextual.com\\\/inicio\\\/index.php\\\/2025\\\/12\\\/29\\\/observatorio-de-la-universidad-nacional-de-la-pampa-advirtio-que-la-pobreza-en-el-pais-es-del-42\\\/#primaryimage\",\"url\":\"https:\\\/\\\/diariotextual.com\\\/inicio\\\/wp-content\\\/uploads\\\/2025\\\/12\\\/pobrezaargentina2025.jpg\",\"contentUrl\":\"https:\\\/\\\/diariotextual.com\\\/inicio\\\/wp-content\\\/uploads\\\/2025\\\/12\\\/pobrezaargentina2025.jpg\",\"width\":700,\"height\":394},{\"@type\":\"BreadcrumbList\",\"@id\":\"https:\\\/\\\/diariotextual.com\\\/inicio\\\/index.php\\\/2025\\\/12\\\/29\\\/observatorio-de-la-universidad-nacional-de-la-pampa-advirtio-que-la-pobreza-en-el-pais-es-del-42\\\/#breadcrumb\",\"itemListElement\":[{\"@type\":\"ListItem\",\"position\":1,\"name\":\"Portada\",\"item\":\"https:\\\/\\\/diariotextual.com\\\/inicio\\\/\"},{\"@type\":\"ListItem\",\"position\":2,\"name\":\"Observatorio de la Universidad Nacional de La Pampa advirti\u00f3 que la pobreza en el pa\u00eds es del 42%\"}]},{\"@type\":\"WebSite\",\"@id\":\"https:\\\/\\\/diariotextual.com\\\/inicio\\\/#website\",\"url\":\"https:\\\/\\\/diariotextual.com\\\/inicio\\\/\",\"name\":\"Diario Textual\",\"description\":\"\",\"publisher\":{\"@id\":\"https:\\\/\\\/diariotextual.com\\\/inicio\\\/#organization\"},\"potentialAction\":[{\"@type\":\"SearchAction\",\"target\":{\"@type\":\"EntryPoint\",\"urlTemplate\":\"https:\\\/\\\/diariotextual.com\\\/inicio\\\/?s={search_term_string}\"},\"query-input\":{\"@type\":\"PropertyValueSpecification\",\"valueRequired\":true,\"valueName\":\"search_term_string\"}}],\"inLanguage\":\"es\"},{\"@type\":\"Organization\",\"@id\":\"https:\\\/\\\/diariotextual.com\\\/inicio\\\/#organization\",\"name\":\"Diario Textual\",\"url\":\"https:\\\/\\\/diariotextual.com\\\/inicio\\\/\",\"logo\":{\"@type\":\"ImageObject\",\"inLanguage\":\"es\",\"@id\":\"https:\\\/\\\/diariotextual.com\\\/inicio\\\/#\\\/schema\\\/logo\\\/image\\\/\",\"url\":\"https:\\\/\\\/diariotextual.com\\\/inicio\\\/wp-content\\\/uploads\\\/2023\\\/05\\\/logotextual1.jpg\",\"contentUrl\":\"https:\\\/\\\/diariotextual.com\\\/inicio\\\/wp-content\\\/uploads\\\/2023\\\/05\\\/logotextual1.jpg\",\"width\":516,\"height\":76,\"caption\":\"Diario Textual\"},\"image\":{\"@id\":\"https:\\\/\\\/diariotextual.com\\\/inicio\\\/#\\\/schema\\\/logo\\\/image\\\/\"},\"sameAs\":[\"https:\\\/\\\/www.facebook.com\\\/eltextual\",\"https:\\\/\\\/x.com\\\/eltextual\",\"http:\\\/\\\/www.instagram.com\\\/eltextual\"]},{\"@type\":\"Person\",\"@id\":\"https:\\\/\\\/diariotextual.com\\\/inicio\\\/#\\\/schema\\\/person\\\/a1b6f563e0ee944c60f98119389a4d9f\",\"name\":\"diario3\",\"image\":{\"@type\":\"ImageObject\",\"inLanguage\":\"es\",\"@id\":\"https:\\\/\\\/secure.gravatar.com\\\/avatar\\\/5e7ee62c82fc04d9dd79d746a390d93c69c43223e5faeeb3ea9461ef752bfc5d?s=96&d=mm&r=g\",\"url\":\"https:\\\/\\\/secure.gravatar.com\\\/avatar\\\/5e7ee62c82fc04d9dd79d746a390d93c69c43223e5faeeb3ea9461ef752bfc5d?s=96&d=mm&r=g\",\"contentUrl\":\"https:\\\/\\\/secure.gravatar.com\\\/avatar\\\/5e7ee62c82fc04d9dd79d746a390d93c69c43223e5faeeb3ea9461ef752bfc5d?s=96&d=mm&r=g\",\"caption\":\"diario3\"},\"url\":\"https:\\\/\\\/diariotextual.com\\\/inicio\\\/index.php\\\/author\\\/diario3\\\/\"}]}<\/script>\n<!-- \/ Yoast SEO plugin. -->","yoast_head_json":{"title":"Observatorio de la Universidad Nacional de La Pampa advirti\u00f3 que la pobreza en el pa\u00eds es del 42% - Diario Textual","robots":{"index":"index","follow":"follow","max-snippet":"max-snippet:-1","max-image-preview":"max-image-preview:large","max-video-preview":"max-video-preview:-1"},"canonical":"https:\/\/diariotextual.com\/inicio\/index.php\/2025\/12\/29\/observatorio-de-la-universidad-nacional-de-la-pampa-advirtio-que-la-pobreza-en-el-pais-es-del-42\/","og_locale":"es_ES","og_type":"article","og_title":"Observatorio de la Universidad Nacional de La Pampa advirti\u00f3 que la pobreza en el pa\u00eds es del 42% - Diario Textual","og_description":"En una clara oposici\u00f3n a los n\u00fameros difundidos por el Instituto Nacional de Estad\u00edstica y Censo (Indec), desde el Observatorio Universitario de Econom\u00eda de la Universidad Nacional de La Pampa&hellip;","og_url":"https:\/\/diariotextual.com\/inicio\/index.php\/2025\/12\/29\/observatorio-de-la-universidad-nacional-de-la-pampa-advirtio-que-la-pobreza-en-el-pais-es-del-42\/","og_site_name":"Diario Textual","article_publisher":"https:\/\/www.facebook.com\/eltextual","article_published_time":"2025-12-29T23:58:57+00:00","article_modified_time":"2025-12-31T15:06:14+00:00","og_image":[{"width":700,"height":394,"url":"https:\/\/diariotextual.com\/inicio\/wp-content\/uploads\/2025\/12\/pobrezaargentina2025.jpg","type":"image\/jpeg"}],"author":"diario3","twitter_card":"summary_large_image","twitter_creator":"@eltextual","twitter_site":"@eltextual","twitter_misc":{"Escrito por":"diario3","Tiempo de lectura":"3 minutos"},"schema":{"@context":"https:\/\/schema.org","@graph":[{"@type":"Article","@id":"https:\/\/diariotextual.com\/inicio\/index.php\/2025\/12\/29\/observatorio-de-la-universidad-nacional-de-la-pampa-advirtio-que-la-pobreza-en-el-pais-es-del-42\/#article","isPartOf":{"@id":"https:\/\/diariotextual.com\/inicio\/index.php\/2025\/12\/29\/observatorio-de-la-universidad-nacional-de-la-pampa-advirtio-que-la-pobreza-en-el-pais-es-del-42\/"},"author":{"name":"diario3","@id":"https:\/\/diariotextual.com\/inicio\/#\/schema\/person\/a1b6f563e0ee944c60f98119389a4d9f"},"headline":"Observatorio de la Universidad Nacional de La Pampa advirti\u00f3 que la pobreza en el pa\u00eds es del 42%","datePublished":"2025-12-29T23:58:57+00:00","dateModified":"2025-12-31T15:06:14+00:00","mainEntityOfPage":{"@id":"https:\/\/diariotextual.com\/inicio\/index.php\/2025\/12\/29\/observatorio-de-la-universidad-nacional-de-la-pampa-advirtio-que-la-pobreza-en-el-pais-es-del-42\/"},"wordCount":534,"publisher":{"@id":"https:\/\/diariotextual.com\/inicio\/#organization"},"image":{"@id":"https:\/\/diariotextual.com\/inicio\/index.php\/2025\/12\/29\/observatorio-de-la-universidad-nacional-de-la-pampa-advirtio-que-la-pobreza-en-el-pais-es-del-42\/#primaryimage"},"thumbnailUrl":"https:\/\/diariotextual.com\/inicio\/wp-content\/uploads\/2025\/12\/pobrezaargentina2025.jpg","articleSection":["A - ES NOTICIA (van abajo)","ECONOMIA"],"inLanguage":"es"},{"@type":"WebPage","@id":"https:\/\/diariotextual.com\/inicio\/index.php\/2025\/12\/29\/observatorio-de-la-universidad-nacional-de-la-pampa-advirtio-que-la-pobreza-en-el-pais-es-del-42\/","url":"https:\/\/diariotextual.com\/inicio\/index.php\/2025\/12\/29\/observatorio-de-la-universidad-nacional-de-la-pampa-advirtio-que-la-pobreza-en-el-pais-es-del-42\/","name":"Observatorio de la Universidad Nacional de La Pampa advirti\u00f3 que la pobreza en el pa\u00eds es del 42% - Diario Textual","isPartOf":{"@id":"https:\/\/diariotextual.com\/inicio\/#website"},"primaryImageOfPage":{"@id":"https:\/\/diariotextual.com\/inicio\/index.php\/2025\/12\/29\/observatorio-de-la-universidad-nacional-de-la-pampa-advirtio-que-la-pobreza-en-el-pais-es-del-42\/#primaryimage"},"image":{"@id":"https:\/\/diariotextual.com\/inicio\/index.php\/2025\/12\/29\/observatorio-de-la-universidad-nacional-de-la-pampa-advirtio-que-la-pobreza-en-el-pais-es-del-42\/#primaryimage"},"thumbnailUrl":"https:\/\/diariotextual.com\/inicio\/wp-content\/uploads\/2025\/12\/pobrezaargentina2025.jpg","datePublished":"2025-12-29T23:58:57+00:00","dateModified":"2025-12-31T15:06:14+00:00","breadcrumb":{"@id":"https:\/\/diariotextual.com\/inicio\/index.php\/2025\/12\/29\/observatorio-de-la-universidad-nacional-de-la-pampa-advirtio-que-la-pobreza-en-el-pais-es-del-42\/#breadcrumb"},"inLanguage":"es","potentialAction":[{"@type":"ReadAction","target":["https:\/\/diariotextual.com\/inicio\/index.php\/2025\/12\/29\/observatorio-de-la-universidad-nacional-de-la-pampa-advirtio-que-la-pobreza-en-el-pais-es-del-42\/"]}]},{"@type":"ImageObject","inLanguage":"es","@id":"https:\/\/diariotextual.com\/inicio\/index.php\/2025\/12\/29\/observatorio-de-la-universidad-nacional-de-la-pampa-advirtio-que-la-pobreza-en-el-pais-es-del-42\/#primaryimage","url":"https:\/\/diariotextual.com\/inicio\/wp-content\/uploads\/2025\/12\/pobrezaargentina2025.jpg","contentUrl":"https:\/\/diariotextual.com\/inicio\/wp-content\/uploads\/2025\/12\/pobrezaargentina2025.jpg","width":700,"height":394},{"@type":"BreadcrumbList","@id":"https:\/\/diariotextual.com\/inicio\/index.php\/2025\/12\/29\/observatorio-de-la-universidad-nacional-de-la-pampa-advirtio-que-la-pobreza-en-el-pais-es-del-42\/#breadcrumb","itemListElement":[{"@type":"ListItem","position":1,"name":"Portada","item":"https:\/\/diariotextual.com\/inicio\/"},{"@type":"ListItem","position":2,"name":"Observatorio de la Universidad Nacional de La Pampa advirti\u00f3 que la pobreza en el pa\u00eds es del 42%"}]},{"@type":"WebSite","@id":"https:\/\/diariotextual.com\/inicio\/#website","url":"https:\/\/diariotextual.com\/inicio\/","name":"Diario Textual","description":"","publisher":{"@id":"https:\/\/diariotextual.com\/inicio\/#organization"},"potentialAction":[{"@type":"SearchAction","target":{"@type":"EntryPoint","urlTemplate":"https:\/\/diariotextual.com\/inicio\/?s={search_term_string}"},"query-input":{"@type":"PropertyValueSpecification","valueRequired":true,"valueName":"search_term_string"}}],"inLanguage":"es"},{"@type":"Organization","@id":"https:\/\/diariotextual.com\/inicio\/#organization","name":"Diario Textual","url":"https:\/\/diariotextual.com\/inicio\/","logo":{"@type":"ImageObject","inLanguage":"es","@id":"https:\/\/diariotextual.com\/inicio\/#\/schema\/logo\/image\/","url":"https:\/\/diariotextual.com\/inicio\/wp-content\/uploads\/2023\/05\/logotextual1.jpg","contentUrl":"https:\/\/diariotextual.com\/inicio\/wp-content\/uploads\/2023\/05\/logotextual1.jpg","width":516,"height":76,"caption":"Diario Textual"},"image":{"@id":"https:\/\/diariotextual.com\/inicio\/#\/schema\/logo\/image\/"},"sameAs":["https:\/\/www.facebook.com\/eltextual","https:\/\/x.com\/eltextual","http:\/\/www.instagram.com\/eltextual"]},{"@type":"Person","@id":"https:\/\/diariotextual.com\/inicio\/#\/schema\/person\/a1b6f563e0ee944c60f98119389a4d9f","name":"diario3","image":{"@type":"ImageObject","inLanguage":"es","@id":"https:\/\/secure.gravatar.com\/avatar\/5e7ee62c82fc04d9dd79d746a390d93c69c43223e5faeeb3ea9461ef752bfc5d?s=96&d=mm&r=g","url":"https:\/\/secure.gravatar.com\/avatar\/5e7ee62c82fc04d9dd79d746a390d93c69c43223e5faeeb3ea9461ef752bfc5d?s=96&d=mm&r=g","contentUrl":"https:\/\/secure.gravatar.com\/avatar\/5e7ee62c82fc04d9dd79d746a390d93c69c43223e5faeeb3ea9461ef752bfc5d?s=96&d=mm&r=g","caption":"diario3"},"url":"https:\/\/diariotextual.com\/inicio\/index.php\/author\/diario3\/"}]}},"_links":{"self":[{"href":"https:\/\/diariotextual.com\/inicio\/index.php\/wp-json\/wp\/v2\/posts\/316587","targetHints":{"allow":["GET"]}}],"collection":[{"href":"https:\/\/diariotextual.com\/inicio\/index.php\/wp-json\/wp\/v2\/posts"}],"about":[{"href":"https:\/\/diariotextual.com\/inicio\/index.php\/wp-json\/wp\/v2\/types\/post"}],"author":[{"embeddable":true,"href":"https:\/\/diariotextual.com\/inicio\/index.php\/wp-json\/wp\/v2\/users\/5"}],"replies":[{"embeddable":true,"href":"https:\/\/diariotextual.com\/inicio\/index.php\/wp-json\/wp\/v2\/comments?post=316587"}],"version-history":[{"count":1,"href":"https:\/\/diariotextual.com\/inicio\/index.php\/wp-json\/wp\/v2\/posts\/316587\/revisions"}],"predecessor-version":[{"id":316589,"href":"https:\/\/diariotextual.com\/inicio\/index.php\/wp-json\/wp\/v2\/posts\/316587\/revisions\/316589"}],"wp:featuredmedia":[{"embeddable":true,"href":"https:\/\/diariotextual.com\/inicio\/index.php\/wp-json\/wp\/v2\/media\/316588"}],"wp:attachment":[{"href":"https:\/\/diariotextual.com\/inicio\/index.php\/wp-json\/wp\/v2\/media?parent=316587"}],"wp:term":[{"taxonomy":"category","embeddable":true,"href":"https:\/\/diariotextual.com\/inicio\/index.php\/wp-json\/wp\/v2\/categories?post=316587"},{"taxonomy":"post_tag","embeddable":true,"href":"https:\/\/diariotextual.com\/inicio\/index.php\/wp-json\/wp\/v2\/tags?post=316587"}],"curies":[{"name":"wp","href":"https:\/\/api.w.org\/{rel}","templated":true}]}}