{"id":316796,"date":"2026-01-02T12:14:01","date_gmt":"2026-01-02T15:14:01","guid":{"rendered":"https:\/\/diariotextual.com\/inicio\/?p=316796"},"modified":"2026-01-02T14:35:05","modified_gmt":"2026-01-02T17:35:05","slug":"frigorifico-bernasconi-pago-a-sus-empleados-el-30-de-noviembre-y-aun-resta-diciembre-y-el-medio-aguinaldo","status":"publish","type":"post","link":"https:\/\/diariotextual.com\/inicio\/index.php\/2026\/01\/02\/frigorifico-bernasconi-pago-a-sus-empleados-el-30-de-noviembre-y-aun-resta-diciembre-y-el-medio-aguinaldo\/","title":{"rendered":"El frigor\u00edfico de Bernasconi pag\u00f3 a parte de sus empleados el 30% de noviembre y a\u00fan resta diciembre y el medio aguinaldo"},"content":{"rendered":"\n<p>Algunos de los empleados del <strong>Frigor\u00edfico HV, de Bernasconi<\/strong>, que la semana pasada se manifestaron para que les paguen los salarios y el medio aguinaldo adeudado, <strong>cobraron solo el 30% correspondiente a noviembre<\/strong> y la empresa les dijo que en los primeros d\u00edas de enero va a saldar el resto de la deuda.<\/p>\n\n\n\n<p>La informaci\u00f3n fue confirmada a Diario Textual por <strong>Franco Castro<\/strong>, delegado gremial de los trabajadores del frigor\u00edfico. Seg\u00fan dijo, <strong>con este pago parcial del 30% la empresa adeuda el 70% de noviembre, todo diciembre, m\u00e1s el medio aguinaldo.<\/strong><\/p>\n\n\n\n<p>Otros trabajadores matizaron el dato: aclararon a Diario Textual que los empleados de desposte aun no cobraron ese 30 % de noviembre.<\/p>\n\n\n\n<p>El Frigor\u00edfico HV S.A., una de las principales fuentes de empleo en Bernasconi, detuvo hace dos meses, por completo, su faena. Est\u00e1 complicado: solicit\u00f3 un concurso preventivo de acreedores como mecanismo legal para afrontar los problemas econ\u00f3micos derivados de la situaci\u00f3n nacional. <\/p>\n\n\n\n<p>La planta tiene a unos 110 trabajadores que hoy, adem\u00e1s de cobrar en cuentagotas, no reciben respuestas claras sobre la continuidad laboral. El sueldo promedio ronda entre&nbsp;700 mil y 800 mil pesos. <\/p>\n\n\n\n<p>Las consecuencias las sufren las familias con&nbsp;cortes de servicios,&nbsp;recargas del medidor de gas por boletas impagas&nbsp;y&nbsp;pedidos de desalojo&nbsp;por falta de pago del alquiler. <\/p>\n\n\n\n<p>Leonardo Vigna, propietario de&nbsp;Frigor\u00edfico HV S.A, habl\u00f3 a principios de diciembre con Diario Textual&nbsp;y dijo que la crisis que atraviesan es por los bajos precios que paga China por la carne argentina.&nbsp;\u201cNo nos sirve el negocio con China. Necesitamos nuevos destinos y nuevas habilitaciones\u201d, reclam\u00f3.<\/p>\n\n\n\n<figure class=\"wp-block-embed is-type-wp-embed is-provider-diario-textual wp-block-embed-diario-textual\"><div class=\"wp-block-embed__wrapper\">\n<blockquote class=\"wp-embedded-content\" data-secret=\"7JfrAfmwMw\"><a href=\"https:\/\/diariotextual.com\/inicio\/index.php\/2025\/12\/01\/frigorifico-bernasconi-sin-faena-la-empresa-dice-que-la-crisis-es-por-los-bajos-precios-del-negocio-carnico-con-china\/\">Frigor\u00edfico Bernasconi sin faena: la empresa dice que la crisis es por los bajos precios del negocio c\u00e1rnico con China<\/a><\/blockquote><iframe class=\"wp-embedded-content\" sandbox=\"allow-scripts\" security=\"restricted\" style=\"position: absolute; visibility: hidden;\" title=\"\u00abFrigor\u00edfico Bernasconi sin faena: la empresa dice que la crisis es por los bajos precios del negocio c\u00e1rnico con China\u00bb \u2014 Diario Textual\" src=\"https:\/\/diariotextual.com\/inicio\/index.php\/2025\/12\/01\/frigorifico-bernasconi-sin-faena-la-empresa-dice-que-la-crisis-es-por-los-bajos-precios-del-negocio-carnico-con-china\/embed\/#?secret=QOLiP1dqKV#?secret=7JfrAfmwMw\" data-secret=\"7JfrAfmwMw\" width=\"600\" height=\"338\" frameborder=\"0\" marginwidth=\"0\" marginheight=\"0\" scrolling=\"no\"><\/iframe>\n<\/div><\/figure>\n","protected":false},"excerpt":{"rendered":"<p>Algunos de los empleados del Frigor\u00edfico HV, de Bernasconi, que la semana pasada se manifestaron para que les paguen los salarios y el medio aguinaldo adeudado, cobraron solo el 30%&hellip;<\/p>\n","protected":false},"author":7,"featured_media":316334,"comment_status":"closed","ping_status":"open","sticky":false,"template":"","format":"standard","meta":{"_acf_changed":false,"footnotes":""},"categories":[10,12],"tags":[],"class_list":["post-316796","post","type-post","status-publish","format-standard","has-post-thumbnail","hentry","category-portada-2","category-sociedad"],"acf":[],"yoast_head":"<!-- This site is optimized with the Yoast SEO plugin v27.5 - https:\/\/yoast.com\/product\/yoast-seo-wordpress\/ -->\n<title>El frigor\u00edfico de Bernasconi pag\u00f3 a parte de sus empleados el 30% de noviembre y a\u00fan resta diciembre y el medio aguinaldo - Diario Textual<\/title>\n<meta name=\"robots\" content=\"index, follow, max-snippet:-1, max-image-preview:large, max-video-preview:-1\" \/>\n<link rel=\"canonical\" href=\"https:\/\/diariotextual.com\/inicio\/index.php\/2026\/01\/02\/frigorifico-bernasconi-pago-a-sus-empleados-el-30-de-noviembre-y-aun-resta-diciembre-y-el-medio-aguinaldo\/\" \/>\n<meta property=\"og:locale\" content=\"es_ES\" \/>\n<meta property=\"og:type\" content=\"article\" \/>\n<meta property=\"og:title\" content=\"El frigor\u00edfico de Bernasconi pag\u00f3 a parte de sus empleados el 30% de noviembre y a\u00fan resta diciembre y el medio aguinaldo - Diario Textual\" \/>\n<meta property=\"og:description\" content=\"Algunos de los empleados del Frigor\u00edfico HV, de Bernasconi, que la semana pasada se manifestaron para que les paguen los salarios y el medio aguinaldo adeudado, cobraron solo el 30%&hellip;\" \/>\n<meta property=\"og:url\" content=\"https:\/\/diariotextual.com\/inicio\/index.php\/2026\/01\/02\/frigorifico-bernasconi-pago-a-sus-empleados-el-30-de-noviembre-y-aun-resta-diciembre-y-el-medio-aguinaldo\/\" \/>\n<meta property=\"og:site_name\" content=\"Diario Textual\" \/>\n<meta property=\"article:publisher\" content=\"https:\/\/www.facebook.com\/eltextual\" \/>\n<meta property=\"article:published_time\" content=\"2026-01-02T15:14:01+00:00\" \/>\n<meta property=\"article:modified_time\" content=\"2026-01-02T17:35:05+00:00\" \/>\n<meta property=\"og:image\" content=\"https:\/\/diariotextual.com\/inicio\/wp-content\/uploads\/2025\/12\/hvfrigorificomanifestacion2025-7.jpg\" \/>\n\t<meta property=\"og:image:width\" content=\"1300\" \/>\n\t<meta property=\"og:image:height\" content=\"731\" \/>\n\t<meta property=\"og:image:type\" content=\"image\/jpeg\" \/>\n<meta name=\"author\" content=\"diario5\" \/>\n<meta name=\"twitter:card\" content=\"summary_large_image\" \/>\n<meta name=\"twitter:creator\" content=\"@eltextual\" \/>\n<meta name=\"twitter:site\" content=\"@eltextual\" \/>\n<meta name=\"twitter:label1\" content=\"Escrito por\" \/>\n\t<meta name=\"twitter:data1\" content=\"diario5\" \/>\n\t<meta name=\"twitter:label2\" content=\"Tiempo de lectura\" \/>\n\t<meta name=\"twitter:data2\" content=\"2 minutos\" \/>\n<script type=\"application\/ld+json\" class=\"yoast-schema-graph\">{\"@context\":\"https:\\\/\\\/schema.org\",\"@graph\":[{\"@type\":\"Article\",\"@id\":\"https:\\\/\\\/diariotextual.com\\\/inicio\\\/index.php\\\/2026\\\/01\\\/02\\\/frigorifico-bernasconi-pago-a-sus-empleados-el-30-de-noviembre-y-aun-resta-diciembre-y-el-medio-aguinaldo\\\/#article\",\"isPartOf\":{\"@id\":\"https:\\\/\\\/diariotextual.com\\\/inicio\\\/index.php\\\/2026\\\/01\\\/02\\\/frigorifico-bernasconi-pago-a-sus-empleados-el-30-de-noviembre-y-aun-resta-diciembre-y-el-medio-aguinaldo\\\/\"},\"author\":{\"name\":\"diario5\",\"@id\":\"https:\\\/\\\/diariotextual.com\\\/inicio\\\/#\\\/schema\\\/person\\\/c7834961ad8b29b1d9cdbf4571299067\"},\"headline\":\"El frigor\u00edfico de Bernasconi pag\u00f3 a parte de sus empleados el 30% de noviembre y a\u00fan resta diciembre y el medio aguinaldo\",\"datePublished\":\"2026-01-02T15:14:01+00:00\",\"dateModified\":\"2026-01-02T17:35:05+00:00\",\"mainEntityOfPage\":{\"@id\":\"https:\\\/\\\/diariotextual.com\\\/inicio\\\/index.php\\\/2026\\\/01\\\/02\\\/frigorifico-bernasconi-pago-a-sus-empleados-el-30-de-noviembre-y-aun-resta-diciembre-y-el-medio-aguinaldo\\\/\"},\"wordCount\":308,\"publisher\":{\"@id\":\"https:\\\/\\\/diariotextual.com\\\/inicio\\\/#organization\"},\"image\":{\"@id\":\"https:\\\/\\\/diariotextual.com\\\/inicio\\\/index.php\\\/2026\\\/01\\\/02\\\/frigorifico-bernasconi-pago-a-sus-empleados-el-30-de-noviembre-y-aun-resta-diciembre-y-el-medio-aguinaldo\\\/#primaryimage\"},\"thumbnailUrl\":\"https:\\\/\\\/diariotextual.com\\\/inicio\\\/wp-content\\\/uploads\\\/2025\\\/12\\\/hvfrigorificomanifestacion2025-7.jpg\",\"articleSection\":[\"A - PORTADA2\",\"SOCIEDAD\"],\"inLanguage\":\"es\"},{\"@type\":\"WebPage\",\"@id\":\"https:\\\/\\\/diariotextual.com\\\/inicio\\\/index.php\\\/2026\\\/01\\\/02\\\/frigorifico-bernasconi-pago-a-sus-empleados-el-30-de-noviembre-y-aun-resta-diciembre-y-el-medio-aguinaldo\\\/\",\"url\":\"https:\\\/\\\/diariotextual.com\\\/inicio\\\/index.php\\\/2026\\\/01\\\/02\\\/frigorifico-bernasconi-pago-a-sus-empleados-el-30-de-noviembre-y-aun-resta-diciembre-y-el-medio-aguinaldo\\\/\",\"name\":\"El frigor\u00edfico de Bernasconi pag\u00f3 a parte de sus empleados el 30% de noviembre y a\u00fan resta diciembre y el medio aguinaldo - Diario Textual\",\"isPartOf\":{\"@id\":\"https:\\\/\\\/diariotextual.com\\\/inicio\\\/#website\"},\"primaryImageOfPage\":{\"@id\":\"https:\\\/\\\/diariotextual.com\\\/inicio\\\/index.php\\\/2026\\\/01\\\/02\\\/frigorifico-bernasconi-pago-a-sus-empleados-el-30-de-noviembre-y-aun-resta-diciembre-y-el-medio-aguinaldo\\\/#primaryimage\"},\"image\":{\"@id\":\"https:\\\/\\\/diariotextual.com\\\/inicio\\\/index.php\\\/2026\\\/01\\\/02\\\/frigorifico-bernasconi-pago-a-sus-empleados-el-30-de-noviembre-y-aun-resta-diciembre-y-el-medio-aguinaldo\\\/#primaryimage\"},\"thumbnailUrl\":\"https:\\\/\\\/diariotextual.com\\\/inicio\\\/wp-content\\\/uploads\\\/2025\\\/12\\\/hvfrigorificomanifestacion2025-7.jpg\",\"datePublished\":\"2026-01-02T15:14:01+00:00\",\"dateModified\":\"2026-01-02T17:35:05+00:00\",\"breadcrumb\":{\"@id\":\"https:\\\/\\\/diariotextual.com\\\/inicio\\\/index.php\\\/2026\\\/01\\\/02\\\/frigorifico-bernasconi-pago-a-sus-empleados-el-30-de-noviembre-y-aun-resta-diciembre-y-el-medio-aguinaldo\\\/#breadcrumb\"},\"inLanguage\":\"es\",\"potentialAction\":[{\"@type\":\"ReadAction\",\"target\":[\"https:\\\/\\\/diariotextual.com\\\/inicio\\\/index.php\\\/2026\\\/01\\\/02\\\/frigorifico-bernasconi-pago-a-sus-empleados-el-30-de-noviembre-y-aun-resta-diciembre-y-el-medio-aguinaldo\\\/\"]}]},{\"@type\":\"ImageObject\",\"inLanguage\":\"es\",\"@id\":\"https:\\\/\\\/diariotextual.com\\\/inicio\\\/index.php\\\/2026\\\/01\\\/02\\\/frigorifico-bernasconi-pago-a-sus-empleados-el-30-de-noviembre-y-aun-resta-diciembre-y-el-medio-aguinaldo\\\/#primaryimage\",\"url\":\"https:\\\/\\\/diariotextual.com\\\/inicio\\\/wp-content\\\/uploads\\\/2025\\\/12\\\/hvfrigorificomanifestacion2025-7.jpg\",\"contentUrl\":\"https:\\\/\\\/diariotextual.com\\\/inicio\\\/wp-content\\\/uploads\\\/2025\\\/12\\\/hvfrigorificomanifestacion2025-7.jpg\",\"width\":1300,\"height\":731},{\"@type\":\"BreadcrumbList\",\"@id\":\"https:\\\/\\\/diariotextual.com\\\/inicio\\\/index.php\\\/2026\\\/01\\\/02\\\/frigorifico-bernasconi-pago-a-sus-empleados-el-30-de-noviembre-y-aun-resta-diciembre-y-el-medio-aguinaldo\\\/#breadcrumb\",\"itemListElement\":[{\"@type\":\"ListItem\",\"position\":1,\"name\":\"Portada\",\"item\":\"https:\\\/\\\/diariotextual.com\\\/inicio\\\/\"},{\"@type\":\"ListItem\",\"position\":2,\"name\":\"El frigor\u00edfico de Bernasconi pag\u00f3 a parte de sus empleados el 30% de noviembre y a\u00fan resta diciembre y el medio aguinaldo\"}]},{\"@type\":\"WebSite\",\"@id\":\"https:\\\/\\\/diariotextual.com\\\/inicio\\\/#website\",\"url\":\"https:\\\/\\\/diariotextual.com\\\/inicio\\\/\",\"name\":\"Diario Textual\",\"description\":\"\",\"publisher\":{\"@id\":\"https:\\\/\\\/diariotextual.com\\\/inicio\\\/#organization\"},\"potentialAction\":[{\"@type\":\"SearchAction\",\"target\":{\"@type\":\"EntryPoint\",\"urlTemplate\":\"https:\\\/\\\/diariotextual.com\\\/inicio\\\/?s={search_term_string}\"},\"query-input\":{\"@type\":\"PropertyValueSpecification\",\"valueRequired\":true,\"valueName\":\"search_term_string\"}}],\"inLanguage\":\"es\"},{\"@type\":\"Organization\",\"@id\":\"https:\\\/\\\/diariotextual.com\\\/inicio\\\/#organization\",\"name\":\"Diario Textual\",\"url\":\"https:\\\/\\\/diariotextual.com\\\/inicio\\\/\",\"logo\":{\"@type\":\"ImageObject\",\"inLanguage\":\"es\",\"@id\":\"https:\\\/\\\/diariotextual.com\\\/inicio\\\/#\\\/schema\\\/logo\\\/image\\\/\",\"url\":\"https:\\\/\\\/diariotextual.com\\\/inicio\\\/wp-content\\\/uploads\\\/2023\\\/05\\\/logotextual1.jpg\",\"contentUrl\":\"https:\\\/\\\/diariotextual.com\\\/inicio\\\/wp-content\\\/uploads\\\/2023\\\/05\\\/logotextual1.jpg\",\"width\":516,\"height\":76,\"caption\":\"Diario Textual\"},\"image\":{\"@id\":\"https:\\\/\\\/diariotextual.com\\\/inicio\\\/#\\\/schema\\\/logo\\\/image\\\/\"},\"sameAs\":[\"https:\\\/\\\/www.facebook.com\\\/eltextual\",\"https:\\\/\\\/x.com\\\/eltextual\",\"http:\\\/\\\/www.instagram.com\\\/eltextual\"]},{\"@type\":\"Person\",\"@id\":\"https:\\\/\\\/diariotextual.com\\\/inicio\\\/#\\\/schema\\\/person\\\/c7834961ad8b29b1d9cdbf4571299067\",\"name\":\"diario5\",\"image\":{\"@type\":\"ImageObject\",\"inLanguage\":\"es\",\"@id\":\"https:\\\/\\\/secure.gravatar.com\\\/avatar\\\/948c893b847ca6df68216ead81b63f363408ec9b0f600fefc0641ce78613b111?s=96&d=mm&r=g\",\"url\":\"https:\\\/\\\/secure.gravatar.com\\\/avatar\\\/948c893b847ca6df68216ead81b63f363408ec9b0f600fefc0641ce78613b111?s=96&d=mm&r=g\",\"contentUrl\":\"https:\\\/\\\/secure.gravatar.com\\\/avatar\\\/948c893b847ca6df68216ead81b63f363408ec9b0f600fefc0641ce78613b111?s=96&d=mm&r=g\",\"caption\":\"diario5\"},\"url\":\"https:\\\/\\\/diariotextual.com\\\/inicio\\\/index.php\\\/author\\\/diario5\\\/\"}]}<\/script>\n<!-- \/ Yoast SEO plugin. -->","yoast_head_json":{"title":"El frigor\u00edfico de Bernasconi pag\u00f3 a parte de sus empleados el 30% de noviembre y a\u00fan resta diciembre y el medio aguinaldo - Diario Textual","robots":{"index":"index","follow":"follow","max-snippet":"max-snippet:-1","max-image-preview":"max-image-preview:large","max-video-preview":"max-video-preview:-1"},"canonical":"https:\/\/diariotextual.com\/inicio\/index.php\/2026\/01\/02\/frigorifico-bernasconi-pago-a-sus-empleados-el-30-de-noviembre-y-aun-resta-diciembre-y-el-medio-aguinaldo\/","og_locale":"es_ES","og_type":"article","og_title":"El frigor\u00edfico de Bernasconi pag\u00f3 a parte de sus empleados el 30% de noviembre y a\u00fan resta diciembre y el medio aguinaldo - Diario Textual","og_description":"Algunos de los empleados del Frigor\u00edfico HV, de Bernasconi, que la semana pasada se manifestaron para que les paguen los salarios y el medio aguinaldo adeudado, cobraron solo el 30%&hellip;","og_url":"https:\/\/diariotextual.com\/inicio\/index.php\/2026\/01\/02\/frigorifico-bernasconi-pago-a-sus-empleados-el-30-de-noviembre-y-aun-resta-diciembre-y-el-medio-aguinaldo\/","og_site_name":"Diario Textual","article_publisher":"https:\/\/www.facebook.com\/eltextual","article_published_time":"2026-01-02T15:14:01+00:00","article_modified_time":"2026-01-02T17:35:05+00:00","og_image":[{"width":1300,"height":731,"url":"https:\/\/diariotextual.com\/inicio\/wp-content\/uploads\/2025\/12\/hvfrigorificomanifestacion2025-7.jpg","type":"image\/jpeg"}],"author":"diario5","twitter_card":"summary_large_image","twitter_creator":"@eltextual","twitter_site":"@eltextual","twitter_misc":{"Escrito por":"diario5","Tiempo de lectura":"2 minutos"},"schema":{"@context":"https:\/\/schema.org","@graph":[{"@type":"Article","@id":"https:\/\/diariotextual.com\/inicio\/index.php\/2026\/01\/02\/frigorifico-bernasconi-pago-a-sus-empleados-el-30-de-noviembre-y-aun-resta-diciembre-y-el-medio-aguinaldo\/#article","isPartOf":{"@id":"https:\/\/diariotextual.com\/inicio\/index.php\/2026\/01\/02\/frigorifico-bernasconi-pago-a-sus-empleados-el-30-de-noviembre-y-aun-resta-diciembre-y-el-medio-aguinaldo\/"},"author":{"name":"diario5","@id":"https:\/\/diariotextual.com\/inicio\/#\/schema\/person\/c7834961ad8b29b1d9cdbf4571299067"},"headline":"El frigor\u00edfico de Bernasconi pag\u00f3 a parte de sus empleados el 30% de noviembre y a\u00fan resta diciembre y el medio aguinaldo","datePublished":"2026-01-02T15:14:01+00:00","dateModified":"2026-01-02T17:35:05+00:00","mainEntityOfPage":{"@id":"https:\/\/diariotextual.com\/inicio\/index.php\/2026\/01\/02\/frigorifico-bernasconi-pago-a-sus-empleados-el-30-de-noviembre-y-aun-resta-diciembre-y-el-medio-aguinaldo\/"},"wordCount":308,"publisher":{"@id":"https:\/\/diariotextual.com\/inicio\/#organization"},"image":{"@id":"https:\/\/diariotextual.com\/inicio\/index.php\/2026\/01\/02\/frigorifico-bernasconi-pago-a-sus-empleados-el-30-de-noviembre-y-aun-resta-diciembre-y-el-medio-aguinaldo\/#primaryimage"},"thumbnailUrl":"https:\/\/diariotextual.com\/inicio\/wp-content\/uploads\/2025\/12\/hvfrigorificomanifestacion2025-7.jpg","articleSection":["A - PORTADA2","SOCIEDAD"],"inLanguage":"es"},{"@type":"WebPage","@id":"https:\/\/diariotextual.com\/inicio\/index.php\/2026\/01\/02\/frigorifico-bernasconi-pago-a-sus-empleados-el-30-de-noviembre-y-aun-resta-diciembre-y-el-medio-aguinaldo\/","url":"https:\/\/diariotextual.com\/inicio\/index.php\/2026\/01\/02\/frigorifico-bernasconi-pago-a-sus-empleados-el-30-de-noviembre-y-aun-resta-diciembre-y-el-medio-aguinaldo\/","name":"El frigor\u00edfico de Bernasconi pag\u00f3 a parte de sus empleados el 30% de noviembre y a\u00fan resta diciembre y el medio aguinaldo - Diario Textual","isPartOf":{"@id":"https:\/\/diariotextual.com\/inicio\/#website"},"primaryImageOfPage":{"@id":"https:\/\/diariotextual.com\/inicio\/index.php\/2026\/01\/02\/frigorifico-bernasconi-pago-a-sus-empleados-el-30-de-noviembre-y-aun-resta-diciembre-y-el-medio-aguinaldo\/#primaryimage"},"image":{"@id":"https:\/\/diariotextual.com\/inicio\/index.php\/2026\/01\/02\/frigorifico-bernasconi-pago-a-sus-empleados-el-30-de-noviembre-y-aun-resta-diciembre-y-el-medio-aguinaldo\/#primaryimage"},"thumbnailUrl":"https:\/\/diariotextual.com\/inicio\/wp-content\/uploads\/2025\/12\/hvfrigorificomanifestacion2025-7.jpg","datePublished":"2026-01-02T15:14:01+00:00","dateModified":"2026-01-02T17:35:05+00:00","breadcrumb":{"@id":"https:\/\/diariotextual.com\/inicio\/index.php\/2026\/01\/02\/frigorifico-bernasconi-pago-a-sus-empleados-el-30-de-noviembre-y-aun-resta-diciembre-y-el-medio-aguinaldo\/#breadcrumb"},"inLanguage":"es","potentialAction":[{"@type":"ReadAction","target":["https:\/\/diariotextual.com\/inicio\/index.php\/2026\/01\/02\/frigorifico-bernasconi-pago-a-sus-empleados-el-30-de-noviembre-y-aun-resta-diciembre-y-el-medio-aguinaldo\/"]}]},{"@type":"ImageObject","inLanguage":"es","@id":"https:\/\/diariotextual.com\/inicio\/index.php\/2026\/01\/02\/frigorifico-bernasconi-pago-a-sus-empleados-el-30-de-noviembre-y-aun-resta-diciembre-y-el-medio-aguinaldo\/#primaryimage","url":"https:\/\/diariotextual.com\/inicio\/wp-content\/uploads\/2025\/12\/hvfrigorificomanifestacion2025-7.jpg","contentUrl":"https:\/\/diariotextual.com\/inicio\/wp-content\/uploads\/2025\/12\/hvfrigorificomanifestacion2025-7.jpg","width":1300,"height":731},{"@type":"BreadcrumbList","@id":"https:\/\/diariotextual.com\/inicio\/index.php\/2026\/01\/02\/frigorifico-bernasconi-pago-a-sus-empleados-el-30-de-noviembre-y-aun-resta-diciembre-y-el-medio-aguinaldo\/#breadcrumb","itemListElement":[{"@type":"ListItem","position":1,"name":"Portada","item":"https:\/\/diariotextual.com\/inicio\/"},{"@type":"ListItem","position":2,"name":"El frigor\u00edfico de Bernasconi pag\u00f3 a parte de sus empleados el 30% de noviembre y a\u00fan resta diciembre y el medio aguinaldo"}]},{"@type":"WebSite","@id":"https:\/\/diariotextual.com\/inicio\/#website","url":"https:\/\/diariotextual.com\/inicio\/","name":"Diario Textual","description":"","publisher":{"@id":"https:\/\/diariotextual.com\/inicio\/#organization"},"potentialAction":[{"@type":"SearchAction","target":{"@type":"EntryPoint","urlTemplate":"https:\/\/diariotextual.com\/inicio\/?s={search_term_string}"},"query-input":{"@type":"PropertyValueSpecification","valueRequired":true,"valueName":"search_term_string"}}],"inLanguage":"es"},{"@type":"Organization","@id":"https:\/\/diariotextual.com\/inicio\/#organization","name":"Diario Textual","url":"https:\/\/diariotextual.com\/inicio\/","logo":{"@type":"ImageObject","inLanguage":"es","@id":"https:\/\/diariotextual.com\/inicio\/#\/schema\/logo\/image\/","url":"https:\/\/diariotextual.com\/inicio\/wp-content\/uploads\/2023\/05\/logotextual1.jpg","contentUrl":"https:\/\/diariotextual.com\/inicio\/wp-content\/uploads\/2023\/05\/logotextual1.jpg","width":516,"height":76,"caption":"Diario Textual"},"image":{"@id":"https:\/\/diariotextual.com\/inicio\/#\/schema\/logo\/image\/"},"sameAs":["https:\/\/www.facebook.com\/eltextual","https:\/\/x.com\/eltextual","http:\/\/www.instagram.com\/eltextual"]},{"@type":"Person","@id":"https:\/\/diariotextual.com\/inicio\/#\/schema\/person\/c7834961ad8b29b1d9cdbf4571299067","name":"diario5","image":{"@type":"ImageObject","inLanguage":"es","@id":"https:\/\/secure.gravatar.com\/avatar\/948c893b847ca6df68216ead81b63f363408ec9b0f600fefc0641ce78613b111?s=96&d=mm&r=g","url":"https:\/\/secure.gravatar.com\/avatar\/948c893b847ca6df68216ead81b63f363408ec9b0f600fefc0641ce78613b111?s=96&d=mm&r=g","contentUrl":"https:\/\/secure.gravatar.com\/avatar\/948c893b847ca6df68216ead81b63f363408ec9b0f600fefc0641ce78613b111?s=96&d=mm&r=g","caption":"diario5"},"url":"https:\/\/diariotextual.com\/inicio\/index.php\/author\/diario5\/"}]}},"_links":{"self":[{"href":"https:\/\/diariotextual.com\/inicio\/index.php\/wp-json\/wp\/v2\/posts\/316796","targetHints":{"allow":["GET"]}}],"collection":[{"href":"https:\/\/diariotextual.com\/inicio\/index.php\/wp-json\/wp\/v2\/posts"}],"about":[{"href":"https:\/\/diariotextual.com\/inicio\/index.php\/wp-json\/wp\/v2\/types\/post"}],"author":[{"embeddable":true,"href":"https:\/\/diariotextual.com\/inicio\/index.php\/wp-json\/wp\/v2\/users\/7"}],"replies":[{"embeddable":true,"href":"https:\/\/diariotextual.com\/inicio\/index.php\/wp-json\/wp\/v2\/comments?post=316796"}],"version-history":[{"count":4,"href":"https:\/\/diariotextual.com\/inicio\/index.php\/wp-json\/wp\/v2\/posts\/316796\/revisions"}],"predecessor-version":[{"id":316820,"href":"https:\/\/diariotextual.com\/inicio\/index.php\/wp-json\/wp\/v2\/posts\/316796\/revisions\/316820"}],"wp:featuredmedia":[{"embeddable":true,"href":"https:\/\/diariotextual.com\/inicio\/index.php\/wp-json\/wp\/v2\/media\/316334"}],"wp:attachment":[{"href":"https:\/\/diariotextual.com\/inicio\/index.php\/wp-json\/wp\/v2\/media?parent=316796"}],"wp:term":[{"taxonomy":"category","embeddable":true,"href":"https:\/\/diariotextual.com\/inicio\/index.php\/wp-json\/wp\/v2\/categories?post=316796"},{"taxonomy":"post_tag","embeddable":true,"href":"https:\/\/diariotextual.com\/inicio\/index.php\/wp-json\/wp\/v2\/tags?post=316796"}],"curies":[{"name":"wp","href":"https:\/\/api.w.org\/{rel}","templated":true}]}}