{"id":316936,"date":"2026-01-04T09:08:46","date_gmt":"2026-01-04T12:08:46","guid":{"rendered":"https:\/\/diariotextual.com\/inicio\/?p=316936"},"modified":"2026-01-04T12:29:16","modified_gmt":"2026-01-04T15:29:16","slug":"el-papa-leon-xiv-reclamo-por-la-soberania-de-venezuela-tras-la-captura-de-maduro","status":"publish","type":"post","link":"https:\/\/diariotextual.com\/inicio\/index.php\/2026\/01\/04\/el-papa-leon-xiv-reclamo-por-la-soberania-de-venezuela-tras-la-captura-de-maduro\/","title":{"rendered":"El papa Le\u00f3n XIV reclam\u00f3 por la soberan\u00eda de Venezuela tras la captura de Maduro"},"content":{"rendered":"\n<p>El papa Le\u00f3n XIV manifest\u00f3 este domingo su profunda preocupaci\u00f3n por la situaci\u00f3n en Venezuela tras la captura de Nicol\u00e1s Maduro a manos de fuerzas estadounidenses, subrayando que&nbsp;\u201c<strong>el bien del amado pueblo venezolano debe prevalecer sobre toda otra consideraci\u00f3n\u201d<\/strong>.&nbsp;<\/p>\n\n\n\n<p>Durante el rezo del \u00c1ngelus en el Palacio Apost\u00f3lico,<strong>&nbsp;el pont\u00edfice inst\u00f3 a las partes involucradas a abandonar el camino de la violencia y abogar por una salida basada en la justicia<\/strong>, la estabilidad y el respeto irrestricto al marco constitucional.<\/p>\n\n\n\n<p>En su mensaje desde la ventana de la Plaza de San Pedro, el l\u00edder de la Iglesia Cat\u00f3lica fue tajante al reclamar que se garantice la soberan\u00eda del pa\u00eds sudamericano y se asegure&nbsp;<strong>\u201cel Estado de Derecho inscrito en la Constituci\u00f3n\u201d<\/strong>.&nbsp;<\/p>\n\n\n\n<p>Asimismo, seg\u00fan supo la&nbsp;Agencia Noticias Argentinas, hizo un llamado especial a no descuidar los derechos humanos y civiles, poniendo el foco en los sectores m\u00e1s vulnerables que padecen la crisis econ\u00f3mica. El papa, de origen estadounidense pero con una fuerte impronta latinoamericana por su labor misionera en Per\u00fa, pidi\u00f3 la intercesi\u00f3n de la Virgen de Coromoto por el futuro de la naci\u00f3n caribe\u00f1a.<\/p>\n\n\n\n<p>La postura de Le\u00f3n XIV mantiene la l\u00ednea de cautela y di\u00e1logo que ha caracterizado su gesti\u00f3n desde su elecci\u00f3n en mayo pasado. En diciembre, durante su regreso de una visita a L\u00edbano, el pont\u00edfice ya hab\u00eda marcado distancia de las amenazas militares de Donald Trump al sostener que&nbsp;<strong>\u201csiempre es mejor buscar maneras de di\u00e1logo o presi\u00f3n, quiz\u00e1 presiones econ\u00f3micas, pero buscando otra manera para cambiar\u201d<\/strong>. Esta b\u00fasqueda de una transici\u00f3n pac\u00edfica incluso hab\u00eda sido agradecida p\u00fablicamente por el propio Maduro meses atr\u00e1s.<\/p>\n\n\n\n<p>El Vaticano sigue de cerca la crisis no solo por la vocaci\u00f3n diplom\u00e1tica del papa, sino por el peso de figuras clave en su administraci\u00f3n, como el arzobispo venezolano Edgar Pe\u00f1a Parra, actual \u201cn\u00famero dos\u201d de la Secretar\u00eda de Estado.&nbsp;<\/p>\n\n\n\n<p>Mientras la comunidad internacional debate la legalidad de la intervenci\u00f3n,&nbsp;<strong>la Santa Sede refuerza su pedido de una salida que evite mayores sufrimientos a la poblaci\u00f3n&nbsp;<\/strong>y respete la autodeterminaci\u00f3n venezolana.&nbsp;<\/p>\n","protected":false},"excerpt":{"rendered":"<p>El papa Le\u00f3n XIV manifest\u00f3 este domingo su profunda preocupaci\u00f3n por la situaci\u00f3n en Venezuela tras la captura de Nicol\u00e1s Maduro a manos de fuerzas estadounidenses, subrayando que&nbsp;\u201cel bien del&hellip;<\/p>\n","protected":false},"author":4,"featured_media":296575,"comment_status":"closed","ping_status":"open","sticky":false,"template":"","format":"standard","meta":{"_acf_changed":false,"footnotes":""},"categories":[1,7],"tags":[],"class_list":["post-316936","post","type-post","status-publish","format-standard","has-post-thumbnail","hentry","category-es-noticia","category-mundo"],"acf":[],"yoast_head":"<!-- This site is optimized with the Yoast SEO plugin v27.4 - https:\/\/yoast.com\/product\/yoast-seo-wordpress\/ -->\n<title>El papa Le\u00f3n XIV reclam\u00f3 por la soberan\u00eda de Venezuela tras la captura de Maduro - Diario Textual<\/title>\n<meta name=\"robots\" content=\"index, follow, max-snippet:-1, max-image-preview:large, max-video-preview:-1\" \/>\n<link rel=\"canonical\" href=\"https:\/\/diariotextual.com\/inicio\/index.php\/2026\/01\/04\/el-papa-leon-xiv-reclamo-por-la-soberania-de-venezuela-tras-la-captura-de-maduro\/\" \/>\n<meta property=\"og:locale\" content=\"es_ES\" \/>\n<meta property=\"og:type\" content=\"article\" \/>\n<meta property=\"og:title\" content=\"El papa Le\u00f3n XIV reclam\u00f3 por la soberan\u00eda de Venezuela tras la captura de Maduro - Diario Textual\" \/>\n<meta property=\"og:description\" content=\"El papa Le\u00f3n XIV manifest\u00f3 este domingo su profunda preocupaci\u00f3n por la situaci\u00f3n en Venezuela tras la captura de Nicol\u00e1s Maduro a manos de fuerzas estadounidenses, subrayando que&nbsp;\u201cel bien del&hellip;\" \/>\n<meta property=\"og:url\" content=\"https:\/\/diariotextual.com\/inicio\/index.php\/2026\/01\/04\/el-papa-leon-xiv-reclamo-por-la-soberania-de-venezuela-tras-la-captura-de-maduro\/\" \/>\n<meta property=\"og:site_name\" content=\"Diario Textual\" \/>\n<meta property=\"article:publisher\" content=\"https:\/\/www.facebook.com\/eltextual\" \/>\n<meta property=\"article:published_time\" content=\"2026-01-04T12:08:46+00:00\" \/>\n<meta property=\"article:modified_time\" content=\"2026-01-04T15:29:16+00:00\" \/>\n<meta property=\"og:image\" content=\"https:\/\/diariotextual.com\/inicio\/wp-content\/uploads\/2025\/05\/leonXIVpapaleon2025-1.jpg\" \/>\n\t<meta property=\"og:image:width\" content=\"1400\" \/>\n\t<meta property=\"og:image:height\" content=\"960\" \/>\n\t<meta property=\"og:image:type\" content=\"image\/jpeg\" \/>\n<meta name=\"author\" content=\"diario2\" \/>\n<meta name=\"twitter:card\" content=\"summary_large_image\" \/>\n<meta name=\"twitter:creator\" content=\"@eltextual\" \/>\n<meta name=\"twitter:site\" content=\"@eltextual\" \/>\n<meta name=\"twitter:label1\" content=\"Escrito por\" \/>\n\t<meta name=\"twitter:data1\" content=\"diario2\" \/>\n\t<meta name=\"twitter:label2\" content=\"Tiempo de lectura\" \/>\n\t<meta name=\"twitter:data2\" content=\"2 minutos\" \/>\n<script type=\"application\/ld+json\" class=\"yoast-schema-graph\">{\"@context\":\"https:\\\/\\\/schema.org\",\"@graph\":[{\"@type\":\"Article\",\"@id\":\"https:\\\/\\\/diariotextual.com\\\/inicio\\\/index.php\\\/2026\\\/01\\\/04\\\/el-papa-leon-xiv-reclamo-por-la-soberania-de-venezuela-tras-la-captura-de-maduro\\\/#article\",\"isPartOf\":{\"@id\":\"https:\\\/\\\/diariotextual.com\\\/inicio\\\/index.php\\\/2026\\\/01\\\/04\\\/el-papa-leon-xiv-reclamo-por-la-soberania-de-venezuela-tras-la-captura-de-maduro\\\/\"},\"author\":{\"name\":\"diario2\",\"@id\":\"https:\\\/\\\/diariotextual.com\\\/inicio\\\/#\\\/schema\\\/person\\\/694f60677f23c4a530867a98f22b3768\"},\"headline\":\"El papa Le\u00f3n XIV reclam\u00f3 por la soberan\u00eda de Venezuela tras la captura de Maduro\",\"datePublished\":\"2026-01-04T12:08:46+00:00\",\"dateModified\":\"2026-01-04T15:29:16+00:00\",\"mainEntityOfPage\":{\"@id\":\"https:\\\/\\\/diariotextual.com\\\/inicio\\\/index.php\\\/2026\\\/01\\\/04\\\/el-papa-leon-xiv-reclamo-por-la-soberania-de-venezuela-tras-la-captura-de-maduro\\\/\"},\"wordCount\":413,\"publisher\":{\"@id\":\"https:\\\/\\\/diariotextual.com\\\/inicio\\\/#organization\"},\"image\":{\"@id\":\"https:\\\/\\\/diariotextual.com\\\/inicio\\\/index.php\\\/2026\\\/01\\\/04\\\/el-papa-leon-xiv-reclamo-por-la-soberania-de-venezuela-tras-la-captura-de-maduro\\\/#primaryimage\"},\"thumbnailUrl\":\"https:\\\/\\\/diariotextual.com\\\/inicio\\\/wp-content\\\/uploads\\\/2025\\\/05\\\/leonXIVpapaleon2025-1.jpg\",\"articleSection\":[\"A - ES NOTICIA (van abajo)\",\"MUNDO\"],\"inLanguage\":\"es\"},{\"@type\":\"WebPage\",\"@id\":\"https:\\\/\\\/diariotextual.com\\\/inicio\\\/index.php\\\/2026\\\/01\\\/04\\\/el-papa-leon-xiv-reclamo-por-la-soberania-de-venezuela-tras-la-captura-de-maduro\\\/\",\"url\":\"https:\\\/\\\/diariotextual.com\\\/inicio\\\/index.php\\\/2026\\\/01\\\/04\\\/el-papa-leon-xiv-reclamo-por-la-soberania-de-venezuela-tras-la-captura-de-maduro\\\/\",\"name\":\"El papa Le\u00f3n XIV reclam\u00f3 por la soberan\u00eda de Venezuela tras la captura de Maduro - Diario Textual\",\"isPartOf\":{\"@id\":\"https:\\\/\\\/diariotextual.com\\\/inicio\\\/#website\"},\"primaryImageOfPage\":{\"@id\":\"https:\\\/\\\/diariotextual.com\\\/inicio\\\/index.php\\\/2026\\\/01\\\/04\\\/el-papa-leon-xiv-reclamo-por-la-soberania-de-venezuela-tras-la-captura-de-maduro\\\/#primaryimage\"},\"image\":{\"@id\":\"https:\\\/\\\/diariotextual.com\\\/inicio\\\/index.php\\\/2026\\\/01\\\/04\\\/el-papa-leon-xiv-reclamo-por-la-soberania-de-venezuela-tras-la-captura-de-maduro\\\/#primaryimage\"},\"thumbnailUrl\":\"https:\\\/\\\/diariotextual.com\\\/inicio\\\/wp-content\\\/uploads\\\/2025\\\/05\\\/leonXIVpapaleon2025-1.jpg\",\"datePublished\":\"2026-01-04T12:08:46+00:00\",\"dateModified\":\"2026-01-04T15:29:16+00:00\",\"breadcrumb\":{\"@id\":\"https:\\\/\\\/diariotextual.com\\\/inicio\\\/index.php\\\/2026\\\/01\\\/04\\\/el-papa-leon-xiv-reclamo-por-la-soberania-de-venezuela-tras-la-captura-de-maduro\\\/#breadcrumb\"},\"inLanguage\":\"es\",\"potentialAction\":[{\"@type\":\"ReadAction\",\"target\":[\"https:\\\/\\\/diariotextual.com\\\/inicio\\\/index.php\\\/2026\\\/01\\\/04\\\/el-papa-leon-xiv-reclamo-por-la-soberania-de-venezuela-tras-la-captura-de-maduro\\\/\"]}]},{\"@type\":\"ImageObject\",\"inLanguage\":\"es\",\"@id\":\"https:\\\/\\\/diariotextual.com\\\/inicio\\\/index.php\\\/2026\\\/01\\\/04\\\/el-papa-leon-xiv-reclamo-por-la-soberania-de-venezuela-tras-la-captura-de-maduro\\\/#primaryimage\",\"url\":\"https:\\\/\\\/diariotextual.com\\\/inicio\\\/wp-content\\\/uploads\\\/2025\\\/05\\\/leonXIVpapaleon2025-1.jpg\",\"contentUrl\":\"https:\\\/\\\/diariotextual.com\\\/inicio\\\/wp-content\\\/uploads\\\/2025\\\/05\\\/leonXIVpapaleon2025-1.jpg\",\"width\":1400,\"height\":960},{\"@type\":\"BreadcrumbList\",\"@id\":\"https:\\\/\\\/diariotextual.com\\\/inicio\\\/index.php\\\/2026\\\/01\\\/04\\\/el-papa-leon-xiv-reclamo-por-la-soberania-de-venezuela-tras-la-captura-de-maduro\\\/#breadcrumb\",\"itemListElement\":[{\"@type\":\"ListItem\",\"position\":1,\"name\":\"Portada\",\"item\":\"https:\\\/\\\/diariotextual.com\\\/inicio\\\/\"},{\"@type\":\"ListItem\",\"position\":2,\"name\":\"El papa Le\u00f3n XIV reclam\u00f3 por la soberan\u00eda de Venezuela tras la captura de Maduro\"}]},{\"@type\":\"WebSite\",\"@id\":\"https:\\\/\\\/diariotextual.com\\\/inicio\\\/#website\",\"url\":\"https:\\\/\\\/diariotextual.com\\\/inicio\\\/\",\"name\":\"Diario Textual\",\"description\":\"\",\"publisher\":{\"@id\":\"https:\\\/\\\/diariotextual.com\\\/inicio\\\/#organization\"},\"potentialAction\":[{\"@type\":\"SearchAction\",\"target\":{\"@type\":\"EntryPoint\",\"urlTemplate\":\"https:\\\/\\\/diariotextual.com\\\/inicio\\\/?s={search_term_string}\"},\"query-input\":{\"@type\":\"PropertyValueSpecification\",\"valueRequired\":true,\"valueName\":\"search_term_string\"}}],\"inLanguage\":\"es\"},{\"@type\":\"Organization\",\"@id\":\"https:\\\/\\\/diariotextual.com\\\/inicio\\\/#organization\",\"name\":\"Diario Textual\",\"url\":\"https:\\\/\\\/diariotextual.com\\\/inicio\\\/\",\"logo\":{\"@type\":\"ImageObject\",\"inLanguage\":\"es\",\"@id\":\"https:\\\/\\\/diariotextual.com\\\/inicio\\\/#\\\/schema\\\/logo\\\/image\\\/\",\"url\":\"https:\\\/\\\/diariotextual.com\\\/inicio\\\/wp-content\\\/uploads\\\/2023\\\/05\\\/logotextual1.jpg\",\"contentUrl\":\"https:\\\/\\\/diariotextual.com\\\/inicio\\\/wp-content\\\/uploads\\\/2023\\\/05\\\/logotextual1.jpg\",\"width\":516,\"height\":76,\"caption\":\"Diario Textual\"},\"image\":{\"@id\":\"https:\\\/\\\/diariotextual.com\\\/inicio\\\/#\\\/schema\\\/logo\\\/image\\\/\"},\"sameAs\":[\"https:\\\/\\\/www.facebook.com\\\/eltextual\",\"https:\\\/\\\/x.com\\\/eltextual\",\"http:\\\/\\\/www.instagram.com\\\/eltextual\"]},{\"@type\":\"Person\",\"@id\":\"https:\\\/\\\/diariotextual.com\\\/inicio\\\/#\\\/schema\\\/person\\\/694f60677f23c4a530867a98f22b3768\",\"name\":\"diario2\",\"image\":{\"@type\":\"ImageObject\",\"inLanguage\":\"es\",\"@id\":\"https:\\\/\\\/secure.gravatar.com\\\/avatar\\\/5a2567495ba16b852fcd8f1ed006a2e24fcace936018ed8237e95f488ad6e0a7?s=96&d=mm&r=g\",\"url\":\"https:\\\/\\\/secure.gravatar.com\\\/avatar\\\/5a2567495ba16b852fcd8f1ed006a2e24fcace936018ed8237e95f488ad6e0a7?s=96&d=mm&r=g\",\"contentUrl\":\"https:\\\/\\\/secure.gravatar.com\\\/avatar\\\/5a2567495ba16b852fcd8f1ed006a2e24fcace936018ed8237e95f488ad6e0a7?s=96&d=mm&r=g\",\"caption\":\"diario2\"},\"url\":\"https:\\\/\\\/diariotextual.com\\\/inicio\\\/index.php\\\/author\\\/diario2\\\/\"}]}<\/script>\n<!-- \/ Yoast SEO plugin. -->","yoast_head_json":{"title":"El papa Le\u00f3n XIV reclam\u00f3 por la soberan\u00eda de Venezuela tras la captura de Maduro - Diario Textual","robots":{"index":"index","follow":"follow","max-snippet":"max-snippet:-1","max-image-preview":"max-image-preview:large","max-video-preview":"max-video-preview:-1"},"canonical":"https:\/\/diariotextual.com\/inicio\/index.php\/2026\/01\/04\/el-papa-leon-xiv-reclamo-por-la-soberania-de-venezuela-tras-la-captura-de-maduro\/","og_locale":"es_ES","og_type":"article","og_title":"El papa Le\u00f3n XIV reclam\u00f3 por la soberan\u00eda de Venezuela tras la captura de Maduro - Diario Textual","og_description":"El papa Le\u00f3n XIV manifest\u00f3 este domingo su profunda preocupaci\u00f3n por la situaci\u00f3n en Venezuela tras la captura de Nicol\u00e1s Maduro a manos de fuerzas estadounidenses, subrayando que&nbsp;\u201cel bien del&hellip;","og_url":"https:\/\/diariotextual.com\/inicio\/index.php\/2026\/01\/04\/el-papa-leon-xiv-reclamo-por-la-soberania-de-venezuela-tras-la-captura-de-maduro\/","og_site_name":"Diario Textual","article_publisher":"https:\/\/www.facebook.com\/eltextual","article_published_time":"2026-01-04T12:08:46+00:00","article_modified_time":"2026-01-04T15:29:16+00:00","og_image":[{"width":1400,"height":960,"url":"https:\/\/diariotextual.com\/inicio\/wp-content\/uploads\/2025\/05\/leonXIVpapaleon2025-1.jpg","type":"image\/jpeg"}],"author":"diario2","twitter_card":"summary_large_image","twitter_creator":"@eltextual","twitter_site":"@eltextual","twitter_misc":{"Escrito por":"diario2","Tiempo de lectura":"2 minutos"},"schema":{"@context":"https:\/\/schema.org","@graph":[{"@type":"Article","@id":"https:\/\/diariotextual.com\/inicio\/index.php\/2026\/01\/04\/el-papa-leon-xiv-reclamo-por-la-soberania-de-venezuela-tras-la-captura-de-maduro\/#article","isPartOf":{"@id":"https:\/\/diariotextual.com\/inicio\/index.php\/2026\/01\/04\/el-papa-leon-xiv-reclamo-por-la-soberania-de-venezuela-tras-la-captura-de-maduro\/"},"author":{"name":"diario2","@id":"https:\/\/diariotextual.com\/inicio\/#\/schema\/person\/694f60677f23c4a530867a98f22b3768"},"headline":"El papa Le\u00f3n XIV reclam\u00f3 por la soberan\u00eda de Venezuela tras la captura de Maduro","datePublished":"2026-01-04T12:08:46+00:00","dateModified":"2026-01-04T15:29:16+00:00","mainEntityOfPage":{"@id":"https:\/\/diariotextual.com\/inicio\/index.php\/2026\/01\/04\/el-papa-leon-xiv-reclamo-por-la-soberania-de-venezuela-tras-la-captura-de-maduro\/"},"wordCount":413,"publisher":{"@id":"https:\/\/diariotextual.com\/inicio\/#organization"},"image":{"@id":"https:\/\/diariotextual.com\/inicio\/index.php\/2026\/01\/04\/el-papa-leon-xiv-reclamo-por-la-soberania-de-venezuela-tras-la-captura-de-maduro\/#primaryimage"},"thumbnailUrl":"https:\/\/diariotextual.com\/inicio\/wp-content\/uploads\/2025\/05\/leonXIVpapaleon2025-1.jpg","articleSection":["A - ES NOTICIA (van abajo)","MUNDO"],"inLanguage":"es"},{"@type":"WebPage","@id":"https:\/\/diariotextual.com\/inicio\/index.php\/2026\/01\/04\/el-papa-leon-xiv-reclamo-por-la-soberania-de-venezuela-tras-la-captura-de-maduro\/","url":"https:\/\/diariotextual.com\/inicio\/index.php\/2026\/01\/04\/el-papa-leon-xiv-reclamo-por-la-soberania-de-venezuela-tras-la-captura-de-maduro\/","name":"El papa Le\u00f3n XIV reclam\u00f3 por la soberan\u00eda de Venezuela tras la captura de Maduro - Diario Textual","isPartOf":{"@id":"https:\/\/diariotextual.com\/inicio\/#website"},"primaryImageOfPage":{"@id":"https:\/\/diariotextual.com\/inicio\/index.php\/2026\/01\/04\/el-papa-leon-xiv-reclamo-por-la-soberania-de-venezuela-tras-la-captura-de-maduro\/#primaryimage"},"image":{"@id":"https:\/\/diariotextual.com\/inicio\/index.php\/2026\/01\/04\/el-papa-leon-xiv-reclamo-por-la-soberania-de-venezuela-tras-la-captura-de-maduro\/#primaryimage"},"thumbnailUrl":"https:\/\/diariotextual.com\/inicio\/wp-content\/uploads\/2025\/05\/leonXIVpapaleon2025-1.jpg","datePublished":"2026-01-04T12:08:46+00:00","dateModified":"2026-01-04T15:29:16+00:00","breadcrumb":{"@id":"https:\/\/diariotextual.com\/inicio\/index.php\/2026\/01\/04\/el-papa-leon-xiv-reclamo-por-la-soberania-de-venezuela-tras-la-captura-de-maduro\/#breadcrumb"},"inLanguage":"es","potentialAction":[{"@type":"ReadAction","target":["https:\/\/diariotextual.com\/inicio\/index.php\/2026\/01\/04\/el-papa-leon-xiv-reclamo-por-la-soberania-de-venezuela-tras-la-captura-de-maduro\/"]}]},{"@type":"ImageObject","inLanguage":"es","@id":"https:\/\/diariotextual.com\/inicio\/index.php\/2026\/01\/04\/el-papa-leon-xiv-reclamo-por-la-soberania-de-venezuela-tras-la-captura-de-maduro\/#primaryimage","url":"https:\/\/diariotextual.com\/inicio\/wp-content\/uploads\/2025\/05\/leonXIVpapaleon2025-1.jpg","contentUrl":"https:\/\/diariotextual.com\/inicio\/wp-content\/uploads\/2025\/05\/leonXIVpapaleon2025-1.jpg","width":1400,"height":960},{"@type":"BreadcrumbList","@id":"https:\/\/diariotextual.com\/inicio\/index.php\/2026\/01\/04\/el-papa-leon-xiv-reclamo-por-la-soberania-de-venezuela-tras-la-captura-de-maduro\/#breadcrumb","itemListElement":[{"@type":"ListItem","position":1,"name":"Portada","item":"https:\/\/diariotextual.com\/inicio\/"},{"@type":"ListItem","position":2,"name":"El papa Le\u00f3n XIV reclam\u00f3 por la soberan\u00eda de Venezuela tras la captura de Maduro"}]},{"@type":"WebSite","@id":"https:\/\/diariotextual.com\/inicio\/#website","url":"https:\/\/diariotextual.com\/inicio\/","name":"Diario Textual","description":"","publisher":{"@id":"https:\/\/diariotextual.com\/inicio\/#organization"},"potentialAction":[{"@type":"SearchAction","target":{"@type":"EntryPoint","urlTemplate":"https:\/\/diariotextual.com\/inicio\/?s={search_term_string}"},"query-input":{"@type":"PropertyValueSpecification","valueRequired":true,"valueName":"search_term_string"}}],"inLanguage":"es"},{"@type":"Organization","@id":"https:\/\/diariotextual.com\/inicio\/#organization","name":"Diario Textual","url":"https:\/\/diariotextual.com\/inicio\/","logo":{"@type":"ImageObject","inLanguage":"es","@id":"https:\/\/diariotextual.com\/inicio\/#\/schema\/logo\/image\/","url":"https:\/\/diariotextual.com\/inicio\/wp-content\/uploads\/2023\/05\/logotextual1.jpg","contentUrl":"https:\/\/diariotextual.com\/inicio\/wp-content\/uploads\/2023\/05\/logotextual1.jpg","width":516,"height":76,"caption":"Diario Textual"},"image":{"@id":"https:\/\/diariotextual.com\/inicio\/#\/schema\/logo\/image\/"},"sameAs":["https:\/\/www.facebook.com\/eltextual","https:\/\/x.com\/eltextual","http:\/\/www.instagram.com\/eltextual"]},{"@type":"Person","@id":"https:\/\/diariotextual.com\/inicio\/#\/schema\/person\/694f60677f23c4a530867a98f22b3768","name":"diario2","image":{"@type":"ImageObject","inLanguage":"es","@id":"https:\/\/secure.gravatar.com\/avatar\/5a2567495ba16b852fcd8f1ed006a2e24fcace936018ed8237e95f488ad6e0a7?s=96&d=mm&r=g","url":"https:\/\/secure.gravatar.com\/avatar\/5a2567495ba16b852fcd8f1ed006a2e24fcace936018ed8237e95f488ad6e0a7?s=96&d=mm&r=g","contentUrl":"https:\/\/secure.gravatar.com\/avatar\/5a2567495ba16b852fcd8f1ed006a2e24fcace936018ed8237e95f488ad6e0a7?s=96&d=mm&r=g","caption":"diario2"},"url":"https:\/\/diariotextual.com\/inicio\/index.php\/author\/diario2\/"}]}},"_links":{"self":[{"href":"https:\/\/diariotextual.com\/inicio\/index.php\/wp-json\/wp\/v2\/posts\/316936","targetHints":{"allow":["GET"]}}],"collection":[{"href":"https:\/\/diariotextual.com\/inicio\/index.php\/wp-json\/wp\/v2\/posts"}],"about":[{"href":"https:\/\/diariotextual.com\/inicio\/index.php\/wp-json\/wp\/v2\/types\/post"}],"author":[{"embeddable":true,"href":"https:\/\/diariotextual.com\/inicio\/index.php\/wp-json\/wp\/v2\/users\/4"}],"replies":[{"embeddable":true,"href":"https:\/\/diariotextual.com\/inicio\/index.php\/wp-json\/wp\/v2\/comments?post=316936"}],"version-history":[{"count":2,"href":"https:\/\/diariotextual.com\/inicio\/index.php\/wp-json\/wp\/v2\/posts\/316936\/revisions"}],"predecessor-version":[{"id":316940,"href":"https:\/\/diariotextual.com\/inicio\/index.php\/wp-json\/wp\/v2\/posts\/316936\/revisions\/316940"}],"wp:featuredmedia":[{"embeddable":true,"href":"https:\/\/diariotextual.com\/inicio\/index.php\/wp-json\/wp\/v2\/media\/296575"}],"wp:attachment":[{"href":"https:\/\/diariotextual.com\/inicio\/index.php\/wp-json\/wp\/v2\/media?parent=316936"}],"wp:term":[{"taxonomy":"category","embeddable":true,"href":"https:\/\/diariotextual.com\/inicio\/index.php\/wp-json\/wp\/v2\/categories?post=316936"},{"taxonomy":"post_tag","embeddable":true,"href":"https:\/\/diariotextual.com\/inicio\/index.php\/wp-json\/wp\/v2\/tags?post=316936"}],"curies":[{"name":"wp","href":"https:\/\/api.w.org\/{rel}","templated":true}]}}