{"id":317457,"date":"2026-01-11T10:12:42","date_gmt":"2026-01-11T13:12:42","guid":{"rendered":"https:\/\/diariotextual.com\/inicio\/?p=317457"},"modified":"2026-01-12T12:39:34","modified_gmt":"2026-01-12T15:39:34","slug":"talento-pampeano-en-laborde-bailarines-de-victorica-estaran-en-el-festival-nacional-del-malambo","status":"publish","type":"post","link":"https:\/\/diariotextual.com\/inicio\/index.php\/2026\/01\/11\/talento-pampeano-en-laborde-bailarines-de-victorica-estaran-en-el-festival-nacional-del-malambo\/","title":{"rendered":"Talento pampeano, en Laborde: bailarines de Victorica estar\u00e1n en el Festival Nacional del Malambo"},"content":{"rendered":"\n<p>Cuatro j\u00f3venes bailarines de <strong>Victorica<\/strong> representar\u00e1n a <strong>La Pampa<\/strong> en el <strong>Festival Nacional del Malambo<\/strong>, que se desarrollar\u00e1 del <strong>11 al 17 de enero de 2026<\/strong> en la localidad cordobesa de <strong>Laborde<\/strong>, uno de los cert\u00e1menes m\u00e1s importantes del pa\u00eds para la danza folkl\u00f3rica.<\/p>\n\n\n\n<figure class=\"wp-block-image size-full\"><img fetchpriority=\"high\" decoding=\"async\" width=\"720\" height=\"707\" src=\"https:\/\/diariotextual.com\/inicio\/wp-content\/uploads\/2026\/01\/malambovictoricalaborde352617.jpg\" alt=\"\" class=\"wp-image-317458\" srcset=\"https:\/\/diariotextual.com\/inicio\/wp-content\/uploads\/2026\/01\/malambovictoricalaborde352617.jpg 720w, https:\/\/diariotextual.com\/inicio\/wp-content\/uploads\/2026\/01\/malambovictoricalaborde352617-300x295.jpg 300w, https:\/\/diariotextual.com\/inicio\/wp-content\/uploads\/2026\/01\/malambovictoricalaborde352617-585x574.jpg 585w\" sizes=\"(max-width: 720px) 100vw, 720px\" \/><\/figure>\n\n\n\n<p>Se trata de alumnos de la <strong>Escuela de Malambo Repique<\/strong>, a cargo del profesor <strong>Walter \u00c1vila<\/strong>, que lograron su clasificaci\u00f3n y llevar\u00e1n el nombre de la provincia al escenario mayor del malambo argentino.<\/p>\n\n\n\n<p>En la <strong>categor\u00eda infantil<\/strong>, participar\u00e1 como <strong>solista de malambo<\/strong> <strong>Nicol\u00e1s Ochoa Lucero<\/strong>, mientras que en la <strong>categor\u00eda menor<\/strong> competir\u00e1 un <strong>Cuarteto Combinado de Malambo<\/strong>, integrado por <strong>Benicio P\u00e9rez, Nicol\u00e1s Ochoa, Baltazar Torres y Francisco Gim\u00e9nez<\/strong>.<\/p>\n\n\n\n<p>La presencia de los j\u00f3venes pampeanos en Laborde representa un nuevo reconocimiento al trabajo formativo que se desarrolla en Victorica y al compromiso de docentes, familias y comunidades con las expresiones culturales tradicionales.<\/p>\n\n\n\n<p>El Festival Nacional del Malambo re\u00fane cada a\u00f1o a delegaciones de todo el pa\u00eds y es una vidriera fundamental para las nuevas generaciones de bailarines, que encuentran all\u00ed un espacio de encuentro, competencia y proyecci\u00f3n art\u00edstica.<\/p>\n\n\n\n<figure class=\"wp-block-image size-full is-resized\"><img decoding=\"async\" width=\"720\" height=\"960\" src=\"https:\/\/diariotextual.com\/inicio\/wp-content\/uploads\/2026\/01\/malambovictoricalaborde352617536.jpg\" alt=\"\" class=\"wp-image-317459\" style=\"width:430px;height:auto\" srcset=\"https:\/\/diariotextual.com\/inicio\/wp-content\/uploads\/2026\/01\/malambovictoricalaborde352617536.jpg 720w, https:\/\/diariotextual.com\/inicio\/wp-content\/uploads\/2026\/01\/malambovictoricalaborde352617536-225x300.jpg 225w, https:\/\/diariotextual.com\/inicio\/wp-content\/uploads\/2026\/01\/malambovictoricalaborde352617536-585x780.jpg 585w\" sizes=\"(max-width: 720px) 100vw, 720px\" \/><\/figure>\n\n\n\n<p><\/p>\n","protected":false},"excerpt":{"rendered":"<p>Cuatro j\u00f3venes bailarines de Victorica representar\u00e1n a La Pampa en el Festival Nacional del Malambo, que se desarrollar\u00e1 del 11 al 17 de enero de 2026 en la localidad cordobesa&hellip;<\/p>\n","protected":false},"author":4,"featured_media":317461,"comment_status":"closed","ping_status":"open","sticky":false,"template":"","format":"standard","meta":{"_acf_changed":false,"footnotes":""},"categories":[1,11,2],"tags":[],"class_list":["post-317457","post","type-post","status-publish","format-standard","has-post-thumbnail","hentry","category-es-noticia","category-que-pasa","category-cultura"],"acf":[],"yoast_head":"<!-- This site is optimized with the Yoast SEO plugin v27.5 - https:\/\/yoast.com\/product\/yoast-seo-wordpress\/ -->\n<title>Talento pampeano, en Laborde: bailarines de Victorica estar\u00e1n en el Festival Nacional del Malambo - Diario Textual<\/title>\n<meta name=\"robots\" content=\"index, follow, max-snippet:-1, max-image-preview:large, max-video-preview:-1\" \/>\n<link rel=\"canonical\" href=\"https:\/\/diariotextual.com\/inicio\/index.php\/2026\/01\/11\/talento-pampeano-en-laborde-bailarines-de-victorica-estaran-en-el-festival-nacional-del-malambo\/\" \/>\n<meta property=\"og:locale\" content=\"es_ES\" \/>\n<meta property=\"og:type\" content=\"article\" \/>\n<meta property=\"og:title\" content=\"Talento pampeano, en Laborde: bailarines de Victorica estar\u00e1n en el Festival Nacional del Malambo - Diario Textual\" \/>\n<meta property=\"og:description\" content=\"Cuatro j\u00f3venes bailarines de Victorica representar\u00e1n a La Pampa en el Festival Nacional del Malambo, que se desarrollar\u00e1 del 11 al 17 de enero de 2026 en la localidad cordobesa&hellip;\" \/>\n<meta property=\"og:url\" content=\"https:\/\/diariotextual.com\/inicio\/index.php\/2026\/01\/11\/talento-pampeano-en-laborde-bailarines-de-victorica-estaran-en-el-festival-nacional-del-malambo\/\" \/>\n<meta property=\"og:site_name\" content=\"Diario Textual\" \/>\n<meta property=\"article:publisher\" content=\"https:\/\/www.facebook.com\/eltextual\" \/>\n<meta property=\"article:published_time\" content=\"2026-01-11T13:12:42+00:00\" \/>\n<meta property=\"article:modified_time\" content=\"2026-01-12T15:39:34+00:00\" \/>\n<meta property=\"og:image\" content=\"https:\/\/diariotextual.com\/inicio\/wp-content\/uploads\/2026\/01\/malambobailelaborde4322.jpg\" \/>\n\t<meta property=\"og:image:width\" content=\"720\" \/>\n\t<meta property=\"og:image:height\" content=\"564\" \/>\n\t<meta property=\"og:image:type\" content=\"image\/jpeg\" \/>\n<meta name=\"author\" content=\"diario2\" \/>\n<meta name=\"twitter:card\" content=\"summary_large_image\" \/>\n<meta name=\"twitter:creator\" content=\"@eltextual\" \/>\n<meta name=\"twitter:site\" content=\"@eltextual\" \/>\n<meta name=\"twitter:label1\" content=\"Escrito por\" \/>\n\t<meta name=\"twitter:data1\" content=\"diario2\" \/>\n\t<meta name=\"twitter:label2\" content=\"Tiempo de lectura\" \/>\n\t<meta name=\"twitter:data2\" content=\"2 minutos\" \/>\n<script type=\"application\/ld+json\" class=\"yoast-schema-graph\">{\"@context\":\"https:\\\/\\\/schema.org\",\"@graph\":[{\"@type\":\"Article\",\"@id\":\"https:\\\/\\\/diariotextual.com\\\/inicio\\\/index.php\\\/2026\\\/01\\\/11\\\/talento-pampeano-en-laborde-bailarines-de-victorica-estaran-en-el-festival-nacional-del-malambo\\\/#article\",\"isPartOf\":{\"@id\":\"https:\\\/\\\/diariotextual.com\\\/inicio\\\/index.php\\\/2026\\\/01\\\/11\\\/talento-pampeano-en-laborde-bailarines-de-victorica-estaran-en-el-festival-nacional-del-malambo\\\/\"},\"author\":{\"name\":\"diario2\",\"@id\":\"https:\\\/\\\/diariotextual.com\\\/inicio\\\/#\\\/schema\\\/person\\\/694f60677f23c4a530867a98f22b3768\"},\"headline\":\"Talento pampeano, en Laborde: bailarines de Victorica estar\u00e1n en el Festival Nacional del Malambo\",\"datePublished\":\"2026-01-11T13:12:42+00:00\",\"dateModified\":\"2026-01-12T15:39:34+00:00\",\"mainEntityOfPage\":{\"@id\":\"https:\\\/\\\/diariotextual.com\\\/inicio\\\/index.php\\\/2026\\\/01\\\/11\\\/talento-pampeano-en-laborde-bailarines-de-victorica-estaran-en-el-festival-nacional-del-malambo\\\/\"},\"wordCount\":213,\"publisher\":{\"@id\":\"https:\\\/\\\/diariotextual.com\\\/inicio\\\/#organization\"},\"image\":{\"@id\":\"https:\\\/\\\/diariotextual.com\\\/inicio\\\/index.php\\\/2026\\\/01\\\/11\\\/talento-pampeano-en-laborde-bailarines-de-victorica-estaran-en-el-festival-nacional-del-malambo\\\/#primaryimage\"},\"thumbnailUrl\":\"https:\\\/\\\/diariotextual.com\\\/inicio\\\/wp-content\\\/uploads\\\/2026\\\/01\\\/malambobailelaborde4322.jpg\",\"articleSection\":[\"A - ES NOTICIA (van abajo)\",\"A - QUE PASA (al costado)\",\"CULTURA\"],\"inLanguage\":\"es\"},{\"@type\":\"WebPage\",\"@id\":\"https:\\\/\\\/diariotextual.com\\\/inicio\\\/index.php\\\/2026\\\/01\\\/11\\\/talento-pampeano-en-laborde-bailarines-de-victorica-estaran-en-el-festival-nacional-del-malambo\\\/\",\"url\":\"https:\\\/\\\/diariotextual.com\\\/inicio\\\/index.php\\\/2026\\\/01\\\/11\\\/talento-pampeano-en-laborde-bailarines-de-victorica-estaran-en-el-festival-nacional-del-malambo\\\/\",\"name\":\"Talento pampeano, en Laborde: bailarines de Victorica estar\u00e1n en el Festival Nacional del Malambo - Diario Textual\",\"isPartOf\":{\"@id\":\"https:\\\/\\\/diariotextual.com\\\/inicio\\\/#website\"},\"primaryImageOfPage\":{\"@id\":\"https:\\\/\\\/diariotextual.com\\\/inicio\\\/index.php\\\/2026\\\/01\\\/11\\\/talento-pampeano-en-laborde-bailarines-de-victorica-estaran-en-el-festival-nacional-del-malambo\\\/#primaryimage\"},\"image\":{\"@id\":\"https:\\\/\\\/diariotextual.com\\\/inicio\\\/index.php\\\/2026\\\/01\\\/11\\\/talento-pampeano-en-laborde-bailarines-de-victorica-estaran-en-el-festival-nacional-del-malambo\\\/#primaryimage\"},\"thumbnailUrl\":\"https:\\\/\\\/diariotextual.com\\\/inicio\\\/wp-content\\\/uploads\\\/2026\\\/01\\\/malambobailelaborde4322.jpg\",\"datePublished\":\"2026-01-11T13:12:42+00:00\",\"dateModified\":\"2026-01-12T15:39:34+00:00\",\"breadcrumb\":{\"@id\":\"https:\\\/\\\/diariotextual.com\\\/inicio\\\/index.php\\\/2026\\\/01\\\/11\\\/talento-pampeano-en-laborde-bailarines-de-victorica-estaran-en-el-festival-nacional-del-malambo\\\/#breadcrumb\"},\"inLanguage\":\"es\",\"potentialAction\":[{\"@type\":\"ReadAction\",\"target\":[\"https:\\\/\\\/diariotextual.com\\\/inicio\\\/index.php\\\/2026\\\/01\\\/11\\\/talento-pampeano-en-laborde-bailarines-de-victorica-estaran-en-el-festival-nacional-del-malambo\\\/\"]}]},{\"@type\":\"ImageObject\",\"inLanguage\":\"es\",\"@id\":\"https:\\\/\\\/diariotextual.com\\\/inicio\\\/index.php\\\/2026\\\/01\\\/11\\\/talento-pampeano-en-laborde-bailarines-de-victorica-estaran-en-el-festival-nacional-del-malambo\\\/#primaryimage\",\"url\":\"https:\\\/\\\/diariotextual.com\\\/inicio\\\/wp-content\\\/uploads\\\/2026\\\/01\\\/malambobailelaborde4322.jpg\",\"contentUrl\":\"https:\\\/\\\/diariotextual.com\\\/inicio\\\/wp-content\\\/uploads\\\/2026\\\/01\\\/malambobailelaborde4322.jpg\",\"width\":720,\"height\":564},{\"@type\":\"BreadcrumbList\",\"@id\":\"https:\\\/\\\/diariotextual.com\\\/inicio\\\/index.php\\\/2026\\\/01\\\/11\\\/talento-pampeano-en-laborde-bailarines-de-victorica-estaran-en-el-festival-nacional-del-malambo\\\/#breadcrumb\",\"itemListElement\":[{\"@type\":\"ListItem\",\"position\":1,\"name\":\"Portada\",\"item\":\"https:\\\/\\\/diariotextual.com\\\/inicio\\\/\"},{\"@type\":\"ListItem\",\"position\":2,\"name\":\"Talento pampeano, en Laborde: bailarines de Victorica estar\u00e1n en el Festival Nacional del Malambo\"}]},{\"@type\":\"WebSite\",\"@id\":\"https:\\\/\\\/diariotextual.com\\\/inicio\\\/#website\",\"url\":\"https:\\\/\\\/diariotextual.com\\\/inicio\\\/\",\"name\":\"Diario Textual\",\"description\":\"\",\"publisher\":{\"@id\":\"https:\\\/\\\/diariotextual.com\\\/inicio\\\/#organization\"},\"potentialAction\":[{\"@type\":\"SearchAction\",\"target\":{\"@type\":\"EntryPoint\",\"urlTemplate\":\"https:\\\/\\\/diariotextual.com\\\/inicio\\\/?s={search_term_string}\"},\"query-input\":{\"@type\":\"PropertyValueSpecification\",\"valueRequired\":true,\"valueName\":\"search_term_string\"}}],\"inLanguage\":\"es\"},{\"@type\":\"Organization\",\"@id\":\"https:\\\/\\\/diariotextual.com\\\/inicio\\\/#organization\",\"name\":\"Diario Textual\",\"url\":\"https:\\\/\\\/diariotextual.com\\\/inicio\\\/\",\"logo\":{\"@type\":\"ImageObject\",\"inLanguage\":\"es\",\"@id\":\"https:\\\/\\\/diariotextual.com\\\/inicio\\\/#\\\/schema\\\/logo\\\/image\\\/\",\"url\":\"https:\\\/\\\/diariotextual.com\\\/inicio\\\/wp-content\\\/uploads\\\/2023\\\/05\\\/logotextual1.jpg\",\"contentUrl\":\"https:\\\/\\\/diariotextual.com\\\/inicio\\\/wp-content\\\/uploads\\\/2023\\\/05\\\/logotextual1.jpg\",\"width\":516,\"height\":76,\"caption\":\"Diario Textual\"},\"image\":{\"@id\":\"https:\\\/\\\/diariotextual.com\\\/inicio\\\/#\\\/schema\\\/logo\\\/image\\\/\"},\"sameAs\":[\"https:\\\/\\\/www.facebook.com\\\/eltextual\",\"https:\\\/\\\/x.com\\\/eltextual\",\"http:\\\/\\\/www.instagram.com\\\/eltextual\"]},{\"@type\":\"Person\",\"@id\":\"https:\\\/\\\/diariotextual.com\\\/inicio\\\/#\\\/schema\\\/person\\\/694f60677f23c4a530867a98f22b3768\",\"name\":\"diario2\",\"image\":{\"@type\":\"ImageObject\",\"inLanguage\":\"es\",\"@id\":\"https:\\\/\\\/secure.gravatar.com\\\/avatar\\\/5a2567495ba16b852fcd8f1ed006a2e24fcace936018ed8237e95f488ad6e0a7?s=96&d=mm&r=g\",\"url\":\"https:\\\/\\\/secure.gravatar.com\\\/avatar\\\/5a2567495ba16b852fcd8f1ed006a2e24fcace936018ed8237e95f488ad6e0a7?s=96&d=mm&r=g\",\"contentUrl\":\"https:\\\/\\\/secure.gravatar.com\\\/avatar\\\/5a2567495ba16b852fcd8f1ed006a2e24fcace936018ed8237e95f488ad6e0a7?s=96&d=mm&r=g\",\"caption\":\"diario2\"},\"url\":\"https:\\\/\\\/diariotextual.com\\\/inicio\\\/index.php\\\/author\\\/diario2\\\/\"}]}<\/script>\n<!-- \/ Yoast SEO plugin. -->","yoast_head_json":{"title":"Talento pampeano, en Laborde: bailarines de Victorica estar\u00e1n en el Festival Nacional del Malambo - Diario Textual","robots":{"index":"index","follow":"follow","max-snippet":"max-snippet:-1","max-image-preview":"max-image-preview:large","max-video-preview":"max-video-preview:-1"},"canonical":"https:\/\/diariotextual.com\/inicio\/index.php\/2026\/01\/11\/talento-pampeano-en-laborde-bailarines-de-victorica-estaran-en-el-festival-nacional-del-malambo\/","og_locale":"es_ES","og_type":"article","og_title":"Talento pampeano, en Laborde: bailarines de Victorica estar\u00e1n en el Festival Nacional del Malambo - Diario Textual","og_description":"Cuatro j\u00f3venes bailarines de Victorica representar\u00e1n a La Pampa en el Festival Nacional del Malambo, que se desarrollar\u00e1 del 11 al 17 de enero de 2026 en la localidad cordobesa&hellip;","og_url":"https:\/\/diariotextual.com\/inicio\/index.php\/2026\/01\/11\/talento-pampeano-en-laborde-bailarines-de-victorica-estaran-en-el-festival-nacional-del-malambo\/","og_site_name":"Diario Textual","article_publisher":"https:\/\/www.facebook.com\/eltextual","article_published_time":"2026-01-11T13:12:42+00:00","article_modified_time":"2026-01-12T15:39:34+00:00","og_image":[{"width":720,"height":564,"url":"https:\/\/diariotextual.com\/inicio\/wp-content\/uploads\/2026\/01\/malambobailelaborde4322.jpg","type":"image\/jpeg"}],"author":"diario2","twitter_card":"summary_large_image","twitter_creator":"@eltextual","twitter_site":"@eltextual","twitter_misc":{"Escrito por":"diario2","Tiempo de lectura":"2 minutos"},"schema":{"@context":"https:\/\/schema.org","@graph":[{"@type":"Article","@id":"https:\/\/diariotextual.com\/inicio\/index.php\/2026\/01\/11\/talento-pampeano-en-laborde-bailarines-de-victorica-estaran-en-el-festival-nacional-del-malambo\/#article","isPartOf":{"@id":"https:\/\/diariotextual.com\/inicio\/index.php\/2026\/01\/11\/talento-pampeano-en-laborde-bailarines-de-victorica-estaran-en-el-festival-nacional-del-malambo\/"},"author":{"name":"diario2","@id":"https:\/\/diariotextual.com\/inicio\/#\/schema\/person\/694f60677f23c4a530867a98f22b3768"},"headline":"Talento pampeano, en Laborde: bailarines de Victorica estar\u00e1n en el Festival Nacional del Malambo","datePublished":"2026-01-11T13:12:42+00:00","dateModified":"2026-01-12T15:39:34+00:00","mainEntityOfPage":{"@id":"https:\/\/diariotextual.com\/inicio\/index.php\/2026\/01\/11\/talento-pampeano-en-laborde-bailarines-de-victorica-estaran-en-el-festival-nacional-del-malambo\/"},"wordCount":213,"publisher":{"@id":"https:\/\/diariotextual.com\/inicio\/#organization"},"image":{"@id":"https:\/\/diariotextual.com\/inicio\/index.php\/2026\/01\/11\/talento-pampeano-en-laborde-bailarines-de-victorica-estaran-en-el-festival-nacional-del-malambo\/#primaryimage"},"thumbnailUrl":"https:\/\/diariotextual.com\/inicio\/wp-content\/uploads\/2026\/01\/malambobailelaborde4322.jpg","articleSection":["A - ES NOTICIA (van abajo)","A - QUE PASA (al costado)","CULTURA"],"inLanguage":"es"},{"@type":"WebPage","@id":"https:\/\/diariotextual.com\/inicio\/index.php\/2026\/01\/11\/talento-pampeano-en-laborde-bailarines-de-victorica-estaran-en-el-festival-nacional-del-malambo\/","url":"https:\/\/diariotextual.com\/inicio\/index.php\/2026\/01\/11\/talento-pampeano-en-laborde-bailarines-de-victorica-estaran-en-el-festival-nacional-del-malambo\/","name":"Talento pampeano, en Laborde: bailarines de Victorica estar\u00e1n en el Festival Nacional del Malambo - Diario Textual","isPartOf":{"@id":"https:\/\/diariotextual.com\/inicio\/#website"},"primaryImageOfPage":{"@id":"https:\/\/diariotextual.com\/inicio\/index.php\/2026\/01\/11\/talento-pampeano-en-laborde-bailarines-de-victorica-estaran-en-el-festival-nacional-del-malambo\/#primaryimage"},"image":{"@id":"https:\/\/diariotextual.com\/inicio\/index.php\/2026\/01\/11\/talento-pampeano-en-laborde-bailarines-de-victorica-estaran-en-el-festival-nacional-del-malambo\/#primaryimage"},"thumbnailUrl":"https:\/\/diariotextual.com\/inicio\/wp-content\/uploads\/2026\/01\/malambobailelaborde4322.jpg","datePublished":"2026-01-11T13:12:42+00:00","dateModified":"2026-01-12T15:39:34+00:00","breadcrumb":{"@id":"https:\/\/diariotextual.com\/inicio\/index.php\/2026\/01\/11\/talento-pampeano-en-laborde-bailarines-de-victorica-estaran-en-el-festival-nacional-del-malambo\/#breadcrumb"},"inLanguage":"es","potentialAction":[{"@type":"ReadAction","target":["https:\/\/diariotextual.com\/inicio\/index.php\/2026\/01\/11\/talento-pampeano-en-laborde-bailarines-de-victorica-estaran-en-el-festival-nacional-del-malambo\/"]}]},{"@type":"ImageObject","inLanguage":"es","@id":"https:\/\/diariotextual.com\/inicio\/index.php\/2026\/01\/11\/talento-pampeano-en-laborde-bailarines-de-victorica-estaran-en-el-festival-nacional-del-malambo\/#primaryimage","url":"https:\/\/diariotextual.com\/inicio\/wp-content\/uploads\/2026\/01\/malambobailelaborde4322.jpg","contentUrl":"https:\/\/diariotextual.com\/inicio\/wp-content\/uploads\/2026\/01\/malambobailelaborde4322.jpg","width":720,"height":564},{"@type":"BreadcrumbList","@id":"https:\/\/diariotextual.com\/inicio\/index.php\/2026\/01\/11\/talento-pampeano-en-laborde-bailarines-de-victorica-estaran-en-el-festival-nacional-del-malambo\/#breadcrumb","itemListElement":[{"@type":"ListItem","position":1,"name":"Portada","item":"https:\/\/diariotextual.com\/inicio\/"},{"@type":"ListItem","position":2,"name":"Talento pampeano, en Laborde: bailarines de Victorica estar\u00e1n en el Festival Nacional del Malambo"}]},{"@type":"WebSite","@id":"https:\/\/diariotextual.com\/inicio\/#website","url":"https:\/\/diariotextual.com\/inicio\/","name":"Diario Textual","description":"","publisher":{"@id":"https:\/\/diariotextual.com\/inicio\/#organization"},"potentialAction":[{"@type":"SearchAction","target":{"@type":"EntryPoint","urlTemplate":"https:\/\/diariotextual.com\/inicio\/?s={search_term_string}"},"query-input":{"@type":"PropertyValueSpecification","valueRequired":true,"valueName":"search_term_string"}}],"inLanguage":"es"},{"@type":"Organization","@id":"https:\/\/diariotextual.com\/inicio\/#organization","name":"Diario Textual","url":"https:\/\/diariotextual.com\/inicio\/","logo":{"@type":"ImageObject","inLanguage":"es","@id":"https:\/\/diariotextual.com\/inicio\/#\/schema\/logo\/image\/","url":"https:\/\/diariotextual.com\/inicio\/wp-content\/uploads\/2023\/05\/logotextual1.jpg","contentUrl":"https:\/\/diariotextual.com\/inicio\/wp-content\/uploads\/2023\/05\/logotextual1.jpg","width":516,"height":76,"caption":"Diario Textual"},"image":{"@id":"https:\/\/diariotextual.com\/inicio\/#\/schema\/logo\/image\/"},"sameAs":["https:\/\/www.facebook.com\/eltextual","https:\/\/x.com\/eltextual","http:\/\/www.instagram.com\/eltextual"]},{"@type":"Person","@id":"https:\/\/diariotextual.com\/inicio\/#\/schema\/person\/694f60677f23c4a530867a98f22b3768","name":"diario2","image":{"@type":"ImageObject","inLanguage":"es","@id":"https:\/\/secure.gravatar.com\/avatar\/5a2567495ba16b852fcd8f1ed006a2e24fcace936018ed8237e95f488ad6e0a7?s=96&d=mm&r=g","url":"https:\/\/secure.gravatar.com\/avatar\/5a2567495ba16b852fcd8f1ed006a2e24fcace936018ed8237e95f488ad6e0a7?s=96&d=mm&r=g","contentUrl":"https:\/\/secure.gravatar.com\/avatar\/5a2567495ba16b852fcd8f1ed006a2e24fcace936018ed8237e95f488ad6e0a7?s=96&d=mm&r=g","caption":"diario2"},"url":"https:\/\/diariotextual.com\/inicio\/index.php\/author\/diario2\/"}]}},"_links":{"self":[{"href":"https:\/\/diariotextual.com\/inicio\/index.php\/wp-json\/wp\/v2\/posts\/317457","targetHints":{"allow":["GET"]}}],"collection":[{"href":"https:\/\/diariotextual.com\/inicio\/index.php\/wp-json\/wp\/v2\/posts"}],"about":[{"href":"https:\/\/diariotextual.com\/inicio\/index.php\/wp-json\/wp\/v2\/types\/post"}],"author":[{"embeddable":true,"href":"https:\/\/diariotextual.com\/inicio\/index.php\/wp-json\/wp\/v2\/users\/4"}],"replies":[{"embeddable":true,"href":"https:\/\/diariotextual.com\/inicio\/index.php\/wp-json\/wp\/v2\/comments?post=317457"}],"version-history":[{"count":2,"href":"https:\/\/diariotextual.com\/inicio\/index.php\/wp-json\/wp\/v2\/posts\/317457\/revisions"}],"predecessor-version":[{"id":317462,"href":"https:\/\/diariotextual.com\/inicio\/index.php\/wp-json\/wp\/v2\/posts\/317457\/revisions\/317462"}],"wp:featuredmedia":[{"embeddable":true,"href":"https:\/\/diariotextual.com\/inicio\/index.php\/wp-json\/wp\/v2\/media\/317461"}],"wp:attachment":[{"href":"https:\/\/diariotextual.com\/inicio\/index.php\/wp-json\/wp\/v2\/media?parent=317457"}],"wp:term":[{"taxonomy":"category","embeddable":true,"href":"https:\/\/diariotextual.com\/inicio\/index.php\/wp-json\/wp\/v2\/categories?post=317457"},{"taxonomy":"post_tag","embeddable":true,"href":"https:\/\/diariotextual.com\/inicio\/index.php\/wp-json\/wp\/v2\/tags?post=317457"}],"curies":[{"name":"wp","href":"https:\/\/api.w.org\/{rel}","templated":true}]}}