{"id":317696,"date":"2026-01-16T07:04:34","date_gmt":"2026-01-16T10:04:34","guid":{"rendered":"https:\/\/diariotextual.com\/inicio\/?p=317696"},"modified":"2026-01-16T11:23:57","modified_gmt":"2026-01-16T14:23:57","slug":"ziliotto-se-reune-con-santilli-y-le-lleva-sus-reparos-a-la-reforma-laboral-y-el-reclamo-por-fondos-adeudados","status":"publish","type":"post","link":"https:\/\/diariotextual.com\/inicio\/index.php\/2026\/01\/16\/ziliotto-se-reune-con-santilli-y-le-lleva-sus-reparos-a-la-reforma-laboral-y-el-reclamo-por-fondos-adeudados\/","title":{"rendered":"Se volvi\u00f3 a postergar la reuni\u00f3n entre Ziliotto y Santilli"},"content":{"rendered":"\n<p>La reuni\u00f3n entre el gobernador pampeano <strong>Sergio Ziliotto<\/strong>, y el ministro del Interior, <strong>Diego Santilli<\/strong>, en <strong>Casa Rosada<\/strong>, fue nuevamente postergada. Se iba a hacer el martes y se corri\u00f3 para hoy. Pero ahora qued\u00f3 para los \u201cpr\u00f3ximos d\u00edas\u201d, seg\u00fan inform\u00f3 Casa de Gobierno. \u201cEl Gobernador se comunic\u00f3 con el ministro del Interior Diego Santilli y pidi\u00f3, por cuestiones personales de \u00faltimo momento, reprogramar la agenda. Acordaron una reuni\u00f3n para los pr\u00f3ximas d\u00edas\u201d, expresaron oficialmente.<\/p>\n\n\n\n<p>Es un encuentro atravesado por dos ejes centrales: el proyecto oficial de <strong>reforma laboral<\/strong> y la <strong>deuda multimillonaria<\/strong> que el Gobierno nacional mantiene con <strong>La Pampa<\/strong>.<\/p>\n\n\n\n<p>La convocatoria parti\u00f3 del ministro Santilli, con el objetivo de sondear la posibilidad de que el mandatario pampeano sume respaldo pol\u00edtico para avanzar con la aprobaci\u00f3n de la reforma laboral durante las <strong>sesiones extraordinarias<\/strong> del <strong>Senado nacional<\/strong>, previstas para febrero. Ziliotto, por su parte, buscar\u00e1 avanzar en el cobro de la deuda vinculada al <strong>d\u00e9ficit previsional<\/strong>, que alcanza cifras de fuerte impacto para las finanzas provinciales.<\/p>\n\n\n\n<p>En ese marco, recientemente se acord\u00f3 el pago de <strong>5 mil millones de pesos mensuales<\/strong> a lo largo de todo 2026. Sin embargo, la deuda acumulada por ese concepto se estima en torno a los <strong>350 mil millones de pesos<\/strong>, seg\u00fan datos oficiales del Gobierno pampeano.<\/p>\n\n\n\n<figure class=\"wp-block-embed is-type-wp-embed is-provider-diario-textual wp-block-embed-diario-textual\"><div class=\"wp-block-embed__wrapper\">\n<blockquote class=\"wp-embedded-content\" data-secret=\"PzyJ75zwsD\"><a href=\"https:\/\/diariotextual.com\/inicio\/index.php\/2026\/01\/15\/ziliotto-y-la-reunion-con-santilli-el-objetivo-es-recuperar-lo-que-nos-corresponde\/\">Ziliotto y la reuni\u00f3n con Santilli: \u201cEl objetivo es recuperar lo que nos corresponde\u201d<\/a><\/blockquote><iframe class=\"wp-embedded-content\" sandbox=\"allow-scripts\" security=\"restricted\" style=\"position: absolute; visibility: hidden;\" title=\"\u00abZiliotto y la reuni\u00f3n con Santilli: \u201cEl objetivo es recuperar lo que nos corresponde\u201d\u00bb \u2014 Diario Textual\" src=\"https:\/\/diariotextual.com\/inicio\/index.php\/2026\/01\/15\/ziliotto-y-la-reunion-con-santilli-el-objetivo-es-recuperar-lo-que-nos-corresponde\/embed\/#?secret=wl2pjfNogZ#?secret=PzyJ75zwsD\" data-secret=\"PzyJ75zwsD\" width=\"600\" height=\"338\" frameborder=\"0\" marginwidth=\"0\" marginheight=\"0\" scrolling=\"no\"><\/iframe>\n<\/div><\/figure>\n\n\n\n<div style=\"height:100px\" aria-hidden=\"true\" class=\"wp-block-spacer\"><\/div>\n\n\n\n<p><strong>Reparos a la reforma impulsada por Naci\u00f3n<\/strong><\/p>\n\n\n\n<p>El gobernador ya expres\u00f3 en reiteradas oportunidades sus <strong>fuertes reparos<\/strong> al proyecto elaborado por <strong>Federico Sturzenegger<\/strong> y promovido por el <strong>Ejecutivo nacional<\/strong>. Ziliotto sostuvo que no existe margen de negociaci\u00f3n en los t\u00e9rminos en los que la iniciativa fue presentada.<\/p>\n\n\n\n<p>Desde su visi\u00f3n, se trata de una <strong>reforma impositiva encubierta<\/strong>, con impacto directo sobre el <strong>Impuesto a las Ganancias<\/strong>, que implicar\u00eda para La Pampa una p\u00e9rdida anual estimada de entre <strong>20.000 millones y 35.000 millones de pesos<\/strong>. Ese eventual recorte se sumar\u00eda, adem\u00e1s, a los fondos que la Naci\u00f3n mantiene retenidos.<\/p>\n\n\n\n<p>De acuerdo con estimaciones provinciales, la deuda total del Gobierno nacional con La Pampa supera, a grandes rasgos, los <strong>400.000 millones de pesos<\/strong>. A fines de diciembre, Ziliotto cuestion\u00f3 el destino de esos recursos. \u201cLa Naci\u00f3n y las provincias recibir\u00edan menos fondos, pero ese beneficio no va ni a los trabajadores ni a las Pymes\u201d, afirm\u00f3, al se\u00f1alar que la principal ventaja recaer\u00eda en <strong>144 grandes empresas<\/strong> del pa\u00eds.<\/p>\n\n\n\n<p><strong>\u201cSi el Gobierno (nacional) me pide una postura sobre la reforma laboral, ya la sabe: es una reforma que no puede salir en tan poco tiempo, porque los actores principales, pymes y sindicalismo, est\u00e1n afuera\u201d<\/strong>,&nbsp;expres\u00f3.<\/p>\n\n\n\n<div style=\"height:100px\" aria-hidden=\"true\" class=\"wp-block-spacer\"><\/div>\n\n\n\n<p><strong>El escenario en el Senado y la postura del peronismo<\/strong><\/p>\n\n\n\n<p>En el plano parlamentario, el oficialismo cuenta con alrededor de <strong>20 senadores propios<\/strong>, m\u00e1s el acompa\u00f1amiento del senador <strong>Luis Juez<\/strong>, aunque a\u00fan necesita al menos <strong>16 voluntades adicionales<\/strong> para alcanzar el qu\u00f3rum reglamentario que habilite el debate en la C\u00e1mara alta.<\/p>\n\n\n\n<p>En ese contexto, el respaldo de la <strong>Uni\u00f3n C\u00edvica Radical<\/strong>, que dispone de <strong>10 bancas<\/strong>, junto con el acompa\u00f1amiento de fuerzas provinciales, aparece como determinante. Sin esos apoyos, la iniciativa denominada <strong>\u201cModernizaci\u00f3n Laboral\u201d<\/strong> enfrenta un panorama incierto, en medio de objeciones internas dentro del radicalismo.<\/p>\n\n\n\n<p>Desde el <strong>peronismo<\/strong>, la posici\u00f3n frente a la reforma laboral del presidente <strong>Javier Milei<\/strong> es doble y expl\u00edcita. Por un lado, el rechazo frontal al proyecto oficial. Por otro, la decisi\u00f3n de impulsar una <strong>contrapropuesta legislativa<\/strong>, con el objetivo de incidir en el debate que se desarrollar\u00e1 en el Senado durante los primeros d\u00edas de febrero, seg\u00fan public\u00f3 el portal <strong>\u00c1mbito<\/strong>.<\/p>\n\n\n\n<p>Entre los principales lineamientos que analiza el partido que conduce <strong>Cristina Fern\u00e1ndez de Kirchner<\/strong> se destacan la <strong>reducci\u00f3n de la jornada laboral<\/strong>, la <strong>ampliaci\u00f3n de licencias por cuidado<\/strong> y el reconocimiento de <strong>mayores derechos para los trabajadores de plataformas digitales<\/strong>. Si bien el texto definitivo a\u00fan no est\u00e1 cerrado, tambi\u00e9n se eval\u00faan cambios en las <strong>licencias por maternidad y paternidad<\/strong>, actualmente limitadas a dos d\u00edas en el caso de los padres.<\/p>\n\n\n\n<p>En relaci\u00f3n con el trabajo en plataformas, el <strong>PJ<\/strong> buscar\u00e1 que se reconozca la <strong>existencia de una relaci\u00f3n laboral<\/strong>, con esquemas diferenciados seg\u00fan la carga horaria, en una postura que se distancia del enfoque libertario del Gobierno nacional.<\/p>\n\n\n\n<p><\/p>\n","protected":false},"excerpt":{"rendered":"<p>La reuni\u00f3n entre el gobernador pampeano Sergio Ziliotto, y el ministro del Interior, Diego Santilli, en Casa Rosada, fue nuevamente postergada. Se iba a hacer el martes y se corri\u00f3&hellip;<\/p>\n","protected":false},"author":3,"featured_media":248529,"comment_status":"closed","ping_status":"open","sticky":false,"template":"","format":"standard","meta":{"_acf_changed":false,"footnotes":""},"categories":[1,8],"tags":[],"class_list":["post-317696","post","type-post","status-publish","format-standard","has-post-thumbnail","hentry","category-es-noticia","category-politica"],"acf":[],"yoast_head":"<!-- This site is optimized with the Yoast SEO plugin v27.5 - https:\/\/yoast.com\/product\/yoast-seo-wordpress\/ -->\n<title>Se volvi\u00f3 a postergar la reuni\u00f3n entre Ziliotto y Santilli - Diario Textual<\/title>\n<meta name=\"robots\" content=\"index, follow, max-snippet:-1, max-image-preview:large, max-video-preview:-1\" \/>\n<link rel=\"canonical\" href=\"https:\/\/diariotextual.com\/inicio\/index.php\/2026\/01\/16\/ziliotto-se-reune-con-santilli-y-le-lleva-sus-reparos-a-la-reforma-laboral-y-el-reclamo-por-fondos-adeudados\/\" \/>\n<meta property=\"og:locale\" content=\"es_ES\" \/>\n<meta property=\"og:type\" content=\"article\" \/>\n<meta property=\"og:title\" content=\"Se volvi\u00f3 a postergar la reuni\u00f3n entre Ziliotto y Santilli - Diario Textual\" \/>\n<meta property=\"og:description\" content=\"La reuni\u00f3n entre el gobernador pampeano Sergio Ziliotto, y el ministro del Interior, Diego Santilli, en Casa Rosada, fue nuevamente postergada. Se iba a hacer el martes y se corri\u00f3&hellip;\" \/>\n<meta property=\"og:url\" content=\"https:\/\/diariotextual.com\/inicio\/index.php\/2026\/01\/16\/ziliotto-se-reune-con-santilli-y-le-lleva-sus-reparos-a-la-reforma-laboral-y-el-reclamo-por-fondos-adeudados\/\" \/>\n<meta property=\"og:site_name\" content=\"Diario Textual\" \/>\n<meta property=\"article:publisher\" content=\"https:\/\/www.facebook.com\/eltextual\" \/>\n<meta property=\"article:published_time\" content=\"2026-01-16T10:04:34+00:00\" \/>\n<meta property=\"article:modified_time\" content=\"2026-01-16T14:23:57+00:00\" \/>\n<meta property=\"og:image\" content=\"https:\/\/diariotextual.com\/inicio\/wp-content\/uploads\/2023\/12\/ziliottosergiocasarosadamilei2023-1.jpg\" \/>\n\t<meta property=\"og:image:width\" content=\"1200\" \/>\n\t<meta property=\"og:image:height\" content=\"675\" \/>\n\t<meta property=\"og:image:type\" content=\"image\/jpeg\" \/>\n<meta name=\"author\" content=\"Diario1 Diario1\" \/>\n<meta name=\"twitter:card\" content=\"summary_large_image\" \/>\n<meta name=\"twitter:creator\" content=\"@eltextual\" \/>\n<meta name=\"twitter:site\" content=\"@eltextual\" \/>\n<meta name=\"twitter:label1\" content=\"Escrito por\" \/>\n\t<meta name=\"twitter:data1\" content=\"Diario1 Diario1\" \/>\n\t<meta name=\"twitter:label2\" content=\"Tiempo de lectura\" \/>\n\t<meta name=\"twitter:data2\" content=\"4 minutos\" \/>\n<script type=\"application\/ld+json\" class=\"yoast-schema-graph\">{\"@context\":\"https:\\\/\\\/schema.org\",\"@graph\":[{\"@type\":\"Article\",\"@id\":\"https:\\\/\\\/diariotextual.com\\\/inicio\\\/index.php\\\/2026\\\/01\\\/16\\\/ziliotto-se-reune-con-santilli-y-le-lleva-sus-reparos-a-la-reforma-laboral-y-el-reclamo-por-fondos-adeudados\\\/#article\",\"isPartOf\":{\"@id\":\"https:\\\/\\\/diariotextual.com\\\/inicio\\\/index.php\\\/2026\\\/01\\\/16\\\/ziliotto-se-reune-con-santilli-y-le-lleva-sus-reparos-a-la-reforma-laboral-y-el-reclamo-por-fondos-adeudados\\\/\"},\"author\":{\"name\":\"Diario1 Diario1\",\"@id\":\"https:\\\/\\\/diariotextual.com\\\/inicio\\\/#\\\/schema\\\/person\\\/418fc4093c33e86ed41562db3508f958\"},\"headline\":\"Se volvi\u00f3 a postergar la reuni\u00f3n entre Ziliotto y Santilli\",\"datePublished\":\"2026-01-16T10:04:34+00:00\",\"dateModified\":\"2026-01-16T14:23:57+00:00\",\"mainEntityOfPage\":{\"@id\":\"https:\\\/\\\/diariotextual.com\\\/inicio\\\/index.php\\\/2026\\\/01\\\/16\\\/ziliotto-se-reune-con-santilli-y-le-lleva-sus-reparos-a-la-reforma-laboral-y-el-reclamo-por-fondos-adeudados\\\/\"},\"wordCount\":741,\"publisher\":{\"@id\":\"https:\\\/\\\/diariotextual.com\\\/inicio\\\/#organization\"},\"image\":{\"@id\":\"https:\\\/\\\/diariotextual.com\\\/inicio\\\/index.php\\\/2026\\\/01\\\/16\\\/ziliotto-se-reune-con-santilli-y-le-lleva-sus-reparos-a-la-reforma-laboral-y-el-reclamo-por-fondos-adeudados\\\/#primaryimage\"},\"thumbnailUrl\":\"https:\\\/\\\/diariotextual.com\\\/inicio\\\/wp-content\\\/uploads\\\/2023\\\/12\\\/ziliottosergiocasarosadamilei2023-1.jpg\",\"articleSection\":[\"A - ES NOTICIA (van abajo)\",\"POLITICA\"],\"inLanguage\":\"es\"},{\"@type\":\"WebPage\",\"@id\":\"https:\\\/\\\/diariotextual.com\\\/inicio\\\/index.php\\\/2026\\\/01\\\/16\\\/ziliotto-se-reune-con-santilli-y-le-lleva-sus-reparos-a-la-reforma-laboral-y-el-reclamo-por-fondos-adeudados\\\/\",\"url\":\"https:\\\/\\\/diariotextual.com\\\/inicio\\\/index.php\\\/2026\\\/01\\\/16\\\/ziliotto-se-reune-con-santilli-y-le-lleva-sus-reparos-a-la-reforma-laboral-y-el-reclamo-por-fondos-adeudados\\\/\",\"name\":\"Se volvi\u00f3 a postergar la reuni\u00f3n entre Ziliotto y Santilli - Diario Textual\",\"isPartOf\":{\"@id\":\"https:\\\/\\\/diariotextual.com\\\/inicio\\\/#website\"},\"primaryImageOfPage\":{\"@id\":\"https:\\\/\\\/diariotextual.com\\\/inicio\\\/index.php\\\/2026\\\/01\\\/16\\\/ziliotto-se-reune-con-santilli-y-le-lleva-sus-reparos-a-la-reforma-laboral-y-el-reclamo-por-fondos-adeudados\\\/#primaryimage\"},\"image\":{\"@id\":\"https:\\\/\\\/diariotextual.com\\\/inicio\\\/index.php\\\/2026\\\/01\\\/16\\\/ziliotto-se-reune-con-santilli-y-le-lleva-sus-reparos-a-la-reforma-laboral-y-el-reclamo-por-fondos-adeudados\\\/#primaryimage\"},\"thumbnailUrl\":\"https:\\\/\\\/diariotextual.com\\\/inicio\\\/wp-content\\\/uploads\\\/2023\\\/12\\\/ziliottosergiocasarosadamilei2023-1.jpg\",\"datePublished\":\"2026-01-16T10:04:34+00:00\",\"dateModified\":\"2026-01-16T14:23:57+00:00\",\"breadcrumb\":{\"@id\":\"https:\\\/\\\/diariotextual.com\\\/inicio\\\/index.php\\\/2026\\\/01\\\/16\\\/ziliotto-se-reune-con-santilli-y-le-lleva-sus-reparos-a-la-reforma-laboral-y-el-reclamo-por-fondos-adeudados\\\/#breadcrumb\"},\"inLanguage\":\"es\",\"potentialAction\":[{\"@type\":\"ReadAction\",\"target\":[\"https:\\\/\\\/diariotextual.com\\\/inicio\\\/index.php\\\/2026\\\/01\\\/16\\\/ziliotto-se-reune-con-santilli-y-le-lleva-sus-reparos-a-la-reforma-laboral-y-el-reclamo-por-fondos-adeudados\\\/\"]}]},{\"@type\":\"ImageObject\",\"inLanguage\":\"es\",\"@id\":\"https:\\\/\\\/diariotextual.com\\\/inicio\\\/index.php\\\/2026\\\/01\\\/16\\\/ziliotto-se-reune-con-santilli-y-le-lleva-sus-reparos-a-la-reforma-laboral-y-el-reclamo-por-fondos-adeudados\\\/#primaryimage\",\"url\":\"https:\\\/\\\/diariotextual.com\\\/inicio\\\/wp-content\\\/uploads\\\/2023\\\/12\\\/ziliottosergiocasarosadamilei2023-1.jpg\",\"contentUrl\":\"https:\\\/\\\/diariotextual.com\\\/inicio\\\/wp-content\\\/uploads\\\/2023\\\/12\\\/ziliottosergiocasarosadamilei2023-1.jpg\",\"width\":1200,\"height\":675},{\"@type\":\"BreadcrumbList\",\"@id\":\"https:\\\/\\\/diariotextual.com\\\/inicio\\\/index.php\\\/2026\\\/01\\\/16\\\/ziliotto-se-reune-con-santilli-y-le-lleva-sus-reparos-a-la-reforma-laboral-y-el-reclamo-por-fondos-adeudados\\\/#breadcrumb\",\"itemListElement\":[{\"@type\":\"ListItem\",\"position\":1,\"name\":\"Portada\",\"item\":\"https:\\\/\\\/diariotextual.com\\\/inicio\\\/\"},{\"@type\":\"ListItem\",\"position\":2,\"name\":\"Se volvi\u00f3 a postergar la reuni\u00f3n entre Ziliotto y Santilli\"}]},{\"@type\":\"WebSite\",\"@id\":\"https:\\\/\\\/diariotextual.com\\\/inicio\\\/#website\",\"url\":\"https:\\\/\\\/diariotextual.com\\\/inicio\\\/\",\"name\":\"Diario Textual\",\"description\":\"\",\"publisher\":{\"@id\":\"https:\\\/\\\/diariotextual.com\\\/inicio\\\/#organization\"},\"potentialAction\":[{\"@type\":\"SearchAction\",\"target\":{\"@type\":\"EntryPoint\",\"urlTemplate\":\"https:\\\/\\\/diariotextual.com\\\/inicio\\\/?s={search_term_string}\"},\"query-input\":{\"@type\":\"PropertyValueSpecification\",\"valueRequired\":true,\"valueName\":\"search_term_string\"}}],\"inLanguage\":\"es\"},{\"@type\":\"Organization\",\"@id\":\"https:\\\/\\\/diariotextual.com\\\/inicio\\\/#organization\",\"name\":\"Diario Textual\",\"url\":\"https:\\\/\\\/diariotextual.com\\\/inicio\\\/\",\"logo\":{\"@type\":\"ImageObject\",\"inLanguage\":\"es\",\"@id\":\"https:\\\/\\\/diariotextual.com\\\/inicio\\\/#\\\/schema\\\/logo\\\/image\\\/\",\"url\":\"https:\\\/\\\/diariotextual.com\\\/inicio\\\/wp-content\\\/uploads\\\/2023\\\/05\\\/logotextual1.jpg\",\"contentUrl\":\"https:\\\/\\\/diariotextual.com\\\/inicio\\\/wp-content\\\/uploads\\\/2023\\\/05\\\/logotextual1.jpg\",\"width\":516,\"height\":76,\"caption\":\"Diario Textual\"},\"image\":{\"@id\":\"https:\\\/\\\/diariotextual.com\\\/inicio\\\/#\\\/schema\\\/logo\\\/image\\\/\"},\"sameAs\":[\"https:\\\/\\\/www.facebook.com\\\/eltextual\",\"https:\\\/\\\/x.com\\\/eltextual\",\"http:\\\/\\\/www.instagram.com\\\/eltextual\"]},{\"@type\":\"Person\",\"@id\":\"https:\\\/\\\/diariotextual.com\\\/inicio\\\/#\\\/schema\\\/person\\\/418fc4093c33e86ed41562db3508f958\",\"name\":\"Diario1 Diario1\",\"image\":{\"@type\":\"ImageObject\",\"inLanguage\":\"es\",\"@id\":\"https:\\\/\\\/secure.gravatar.com\\\/avatar\\\/9167d280179c85bc18be67aa7eda765854300033af4896dd779b608640f2ef7a?s=96&d=mm&r=g\",\"url\":\"https:\\\/\\\/secure.gravatar.com\\\/avatar\\\/9167d280179c85bc18be67aa7eda765854300033af4896dd779b608640f2ef7a?s=96&d=mm&r=g\",\"contentUrl\":\"https:\\\/\\\/secure.gravatar.com\\\/avatar\\\/9167d280179c85bc18be67aa7eda765854300033af4896dd779b608640f2ef7a?s=96&d=mm&r=g\",\"caption\":\"Diario1 Diario1\"},\"url\":\"https:\\\/\\\/diariotextual.com\\\/inicio\\\/index.php\\\/author\\\/diario1\\\/\"}]}<\/script>\n<!-- \/ Yoast SEO plugin. -->","yoast_head_json":{"title":"Se volvi\u00f3 a postergar la reuni\u00f3n entre Ziliotto y Santilli - Diario Textual","robots":{"index":"index","follow":"follow","max-snippet":"max-snippet:-1","max-image-preview":"max-image-preview:large","max-video-preview":"max-video-preview:-1"},"canonical":"https:\/\/diariotextual.com\/inicio\/index.php\/2026\/01\/16\/ziliotto-se-reune-con-santilli-y-le-lleva-sus-reparos-a-la-reforma-laboral-y-el-reclamo-por-fondos-adeudados\/","og_locale":"es_ES","og_type":"article","og_title":"Se volvi\u00f3 a postergar la reuni\u00f3n entre Ziliotto y Santilli - Diario Textual","og_description":"La reuni\u00f3n entre el gobernador pampeano Sergio Ziliotto, y el ministro del Interior, Diego Santilli, en Casa Rosada, fue nuevamente postergada. Se iba a hacer el martes y se corri\u00f3&hellip;","og_url":"https:\/\/diariotextual.com\/inicio\/index.php\/2026\/01\/16\/ziliotto-se-reune-con-santilli-y-le-lleva-sus-reparos-a-la-reforma-laboral-y-el-reclamo-por-fondos-adeudados\/","og_site_name":"Diario Textual","article_publisher":"https:\/\/www.facebook.com\/eltextual","article_published_time":"2026-01-16T10:04:34+00:00","article_modified_time":"2026-01-16T14:23:57+00:00","og_image":[{"width":1200,"height":675,"url":"https:\/\/diariotextual.com\/inicio\/wp-content\/uploads\/2023\/12\/ziliottosergiocasarosadamilei2023-1.jpg","type":"image\/jpeg"}],"author":"Diario1 Diario1","twitter_card":"summary_large_image","twitter_creator":"@eltextual","twitter_site":"@eltextual","twitter_misc":{"Escrito por":"Diario1 Diario1","Tiempo de lectura":"4 minutos"},"schema":{"@context":"https:\/\/schema.org","@graph":[{"@type":"Article","@id":"https:\/\/diariotextual.com\/inicio\/index.php\/2026\/01\/16\/ziliotto-se-reune-con-santilli-y-le-lleva-sus-reparos-a-la-reforma-laboral-y-el-reclamo-por-fondos-adeudados\/#article","isPartOf":{"@id":"https:\/\/diariotextual.com\/inicio\/index.php\/2026\/01\/16\/ziliotto-se-reune-con-santilli-y-le-lleva-sus-reparos-a-la-reforma-laboral-y-el-reclamo-por-fondos-adeudados\/"},"author":{"name":"Diario1 Diario1","@id":"https:\/\/diariotextual.com\/inicio\/#\/schema\/person\/418fc4093c33e86ed41562db3508f958"},"headline":"Se volvi\u00f3 a postergar la reuni\u00f3n entre Ziliotto y Santilli","datePublished":"2026-01-16T10:04:34+00:00","dateModified":"2026-01-16T14:23:57+00:00","mainEntityOfPage":{"@id":"https:\/\/diariotextual.com\/inicio\/index.php\/2026\/01\/16\/ziliotto-se-reune-con-santilli-y-le-lleva-sus-reparos-a-la-reforma-laboral-y-el-reclamo-por-fondos-adeudados\/"},"wordCount":741,"publisher":{"@id":"https:\/\/diariotextual.com\/inicio\/#organization"},"image":{"@id":"https:\/\/diariotextual.com\/inicio\/index.php\/2026\/01\/16\/ziliotto-se-reune-con-santilli-y-le-lleva-sus-reparos-a-la-reforma-laboral-y-el-reclamo-por-fondos-adeudados\/#primaryimage"},"thumbnailUrl":"https:\/\/diariotextual.com\/inicio\/wp-content\/uploads\/2023\/12\/ziliottosergiocasarosadamilei2023-1.jpg","articleSection":["A - ES NOTICIA (van abajo)","POLITICA"],"inLanguage":"es"},{"@type":"WebPage","@id":"https:\/\/diariotextual.com\/inicio\/index.php\/2026\/01\/16\/ziliotto-se-reune-con-santilli-y-le-lleva-sus-reparos-a-la-reforma-laboral-y-el-reclamo-por-fondos-adeudados\/","url":"https:\/\/diariotextual.com\/inicio\/index.php\/2026\/01\/16\/ziliotto-se-reune-con-santilli-y-le-lleva-sus-reparos-a-la-reforma-laboral-y-el-reclamo-por-fondos-adeudados\/","name":"Se volvi\u00f3 a postergar la reuni\u00f3n entre Ziliotto y Santilli - Diario Textual","isPartOf":{"@id":"https:\/\/diariotextual.com\/inicio\/#website"},"primaryImageOfPage":{"@id":"https:\/\/diariotextual.com\/inicio\/index.php\/2026\/01\/16\/ziliotto-se-reune-con-santilli-y-le-lleva-sus-reparos-a-la-reforma-laboral-y-el-reclamo-por-fondos-adeudados\/#primaryimage"},"image":{"@id":"https:\/\/diariotextual.com\/inicio\/index.php\/2026\/01\/16\/ziliotto-se-reune-con-santilli-y-le-lleva-sus-reparos-a-la-reforma-laboral-y-el-reclamo-por-fondos-adeudados\/#primaryimage"},"thumbnailUrl":"https:\/\/diariotextual.com\/inicio\/wp-content\/uploads\/2023\/12\/ziliottosergiocasarosadamilei2023-1.jpg","datePublished":"2026-01-16T10:04:34+00:00","dateModified":"2026-01-16T14:23:57+00:00","breadcrumb":{"@id":"https:\/\/diariotextual.com\/inicio\/index.php\/2026\/01\/16\/ziliotto-se-reune-con-santilli-y-le-lleva-sus-reparos-a-la-reforma-laboral-y-el-reclamo-por-fondos-adeudados\/#breadcrumb"},"inLanguage":"es","potentialAction":[{"@type":"ReadAction","target":["https:\/\/diariotextual.com\/inicio\/index.php\/2026\/01\/16\/ziliotto-se-reune-con-santilli-y-le-lleva-sus-reparos-a-la-reforma-laboral-y-el-reclamo-por-fondos-adeudados\/"]}]},{"@type":"ImageObject","inLanguage":"es","@id":"https:\/\/diariotextual.com\/inicio\/index.php\/2026\/01\/16\/ziliotto-se-reune-con-santilli-y-le-lleva-sus-reparos-a-la-reforma-laboral-y-el-reclamo-por-fondos-adeudados\/#primaryimage","url":"https:\/\/diariotextual.com\/inicio\/wp-content\/uploads\/2023\/12\/ziliottosergiocasarosadamilei2023-1.jpg","contentUrl":"https:\/\/diariotextual.com\/inicio\/wp-content\/uploads\/2023\/12\/ziliottosergiocasarosadamilei2023-1.jpg","width":1200,"height":675},{"@type":"BreadcrumbList","@id":"https:\/\/diariotextual.com\/inicio\/index.php\/2026\/01\/16\/ziliotto-se-reune-con-santilli-y-le-lleva-sus-reparos-a-la-reforma-laboral-y-el-reclamo-por-fondos-adeudados\/#breadcrumb","itemListElement":[{"@type":"ListItem","position":1,"name":"Portada","item":"https:\/\/diariotextual.com\/inicio\/"},{"@type":"ListItem","position":2,"name":"Se volvi\u00f3 a postergar la reuni\u00f3n entre Ziliotto y Santilli"}]},{"@type":"WebSite","@id":"https:\/\/diariotextual.com\/inicio\/#website","url":"https:\/\/diariotextual.com\/inicio\/","name":"Diario Textual","description":"","publisher":{"@id":"https:\/\/diariotextual.com\/inicio\/#organization"},"potentialAction":[{"@type":"SearchAction","target":{"@type":"EntryPoint","urlTemplate":"https:\/\/diariotextual.com\/inicio\/?s={search_term_string}"},"query-input":{"@type":"PropertyValueSpecification","valueRequired":true,"valueName":"search_term_string"}}],"inLanguage":"es"},{"@type":"Organization","@id":"https:\/\/diariotextual.com\/inicio\/#organization","name":"Diario Textual","url":"https:\/\/diariotextual.com\/inicio\/","logo":{"@type":"ImageObject","inLanguage":"es","@id":"https:\/\/diariotextual.com\/inicio\/#\/schema\/logo\/image\/","url":"https:\/\/diariotextual.com\/inicio\/wp-content\/uploads\/2023\/05\/logotextual1.jpg","contentUrl":"https:\/\/diariotextual.com\/inicio\/wp-content\/uploads\/2023\/05\/logotextual1.jpg","width":516,"height":76,"caption":"Diario Textual"},"image":{"@id":"https:\/\/diariotextual.com\/inicio\/#\/schema\/logo\/image\/"},"sameAs":["https:\/\/www.facebook.com\/eltextual","https:\/\/x.com\/eltextual","http:\/\/www.instagram.com\/eltextual"]},{"@type":"Person","@id":"https:\/\/diariotextual.com\/inicio\/#\/schema\/person\/418fc4093c33e86ed41562db3508f958","name":"Diario1 Diario1","image":{"@type":"ImageObject","inLanguage":"es","@id":"https:\/\/secure.gravatar.com\/avatar\/9167d280179c85bc18be67aa7eda765854300033af4896dd779b608640f2ef7a?s=96&d=mm&r=g","url":"https:\/\/secure.gravatar.com\/avatar\/9167d280179c85bc18be67aa7eda765854300033af4896dd779b608640f2ef7a?s=96&d=mm&r=g","contentUrl":"https:\/\/secure.gravatar.com\/avatar\/9167d280179c85bc18be67aa7eda765854300033af4896dd779b608640f2ef7a?s=96&d=mm&r=g","caption":"Diario1 Diario1"},"url":"https:\/\/diariotextual.com\/inicio\/index.php\/author\/diario1\/"}]}},"_links":{"self":[{"href":"https:\/\/diariotextual.com\/inicio\/index.php\/wp-json\/wp\/v2\/posts\/317696","targetHints":{"allow":["GET"]}}],"collection":[{"href":"https:\/\/diariotextual.com\/inicio\/index.php\/wp-json\/wp\/v2\/posts"}],"about":[{"href":"https:\/\/diariotextual.com\/inicio\/index.php\/wp-json\/wp\/v2\/types\/post"}],"author":[{"embeddable":true,"href":"https:\/\/diariotextual.com\/inicio\/index.php\/wp-json\/wp\/v2\/users\/3"}],"replies":[{"embeddable":true,"href":"https:\/\/diariotextual.com\/inicio\/index.php\/wp-json\/wp\/v2\/comments?post=317696"}],"version-history":[{"count":6,"href":"https:\/\/diariotextual.com\/inicio\/index.php\/wp-json\/wp\/v2\/posts\/317696\/revisions"}],"predecessor-version":[{"id":317883,"href":"https:\/\/diariotextual.com\/inicio\/index.php\/wp-json\/wp\/v2\/posts\/317696\/revisions\/317883"}],"wp:featuredmedia":[{"embeddable":true,"href":"https:\/\/diariotextual.com\/inicio\/index.php\/wp-json\/wp\/v2\/media\/248529"}],"wp:attachment":[{"href":"https:\/\/diariotextual.com\/inicio\/index.php\/wp-json\/wp\/v2\/media?parent=317696"}],"wp:term":[{"taxonomy":"category","embeddable":true,"href":"https:\/\/diariotextual.com\/inicio\/index.php\/wp-json\/wp\/v2\/categories?post=317696"},{"taxonomy":"post_tag","embeddable":true,"href":"https:\/\/diariotextual.com\/inicio\/index.php\/wp-json\/wp\/v2\/tags?post=317696"}],"curies":[{"name":"wp","href":"https:\/\/api.w.org\/{rel}","templated":true}]}}