{"id":317839,"date":"2026-01-15T17:10:42","date_gmt":"2026-01-15T20:10:42","guid":{"rendered":"https:\/\/diariotextual.com\/inicio\/?p=317839"},"modified":"2026-01-15T17:10:43","modified_gmt":"2026-01-15T20:10:43","slug":"fallecio-el-musico-ruben-patagonia-en-comodoro-rivadavia","status":"publish","type":"post","link":"https:\/\/diariotextual.com\/inicio\/index.php\/2026\/01\/15\/fallecio-el-musico-ruben-patagonia-en-comodoro-rivadavia\/","title":{"rendered":"Falleci\u00f3 el m\u00fasico Rub\u00e9n Patagonia en Comodoro Rivadavia"},"content":{"rendered":"\n<p><strong>Rub\u00e9n Patagonia<\/strong>, <strong>uno de los artistas m\u00e1s influyentes del sur argentino, muri\u00f3 este jueves a los 69 a\u00f1os en Comodoro Rivadavia.<\/strong> La noticia fue confirmada por el Instituto Nacional de la M\u00fasica y gener\u00f3 conmoci\u00f3n en el \u00e1mbito cultural, que lo reconoci\u00f3 como una figura clave para la defensa de los pueblos originarios y la construcci\u00f3n de una identidad patag\u00f3nica dentro de la m\u00fasica nacional.<\/p>\n\n\n\n<p>Nacido como <strong>Rub\u00e9n Chauque el 2 de julio de 1956<\/strong>, descendiente de tehuelches, <strong>Rub\u00e9n Patagonia inici\u00f3 su camino art\u00edstico en los a\u00f1os 70 con una convicci\u00f3n que mantuvo durante toda su vida: el arte como herramienta pol\u00edtica, social y espiritual.<\/strong> Desde esa perspectiva desarroll\u00f3 una obra que busc\u00f3 rescatar historias silenciadas y narrar la Patagonia desde sus protagonistas, lejos de los estereotipos tur\u00edsticos y cerca de la tierra vivida.<\/p>\n\n\n\n<p>Su carrera musical comenz\u00f3 formalmente con <strong>M\u00e1s Ac\u00e1 del Colorado (1979) y continu\u00f3 con discos como Miremos al Sur, Ay, Patagonia, Cutral-C\u00f3, Volver a Ser Uno e Historias<\/strong>, trabajos que abordaron el dolor, la resistencia y la esperanza del sur argentino. En paralelo, <strong>comparti\u00f3 escenarios con referentes de distintos g\u00e9neros, entre ellos Le\u00f3n Gieco, Almafuerte, Divididos,<\/strong> Lito Vitale, Bersuit Vergarabat y V\u00edctor Heredia.<\/p>\n\n\n\n<p>M\u00e1s all\u00e1 de la m\u00fasica, <strong>Rub\u00e9n Patagonia fue reconocido como un militante cultural. En 1984 cre\u00f3 el taller did\u00e1ctico Volver a Ser Uno, orientado a la transmisi\u00f3n de culturas originarias<\/strong> como la mapuche, aonikenk y selk\u2019nam. Su labor educativa lo convirti\u00f3 en un referente para nuevas generaciones y ampli\u00f3 su figura m\u00e1s all\u00e1 de los festivales.<\/p>\n\n\n\n<p>En su \u00faltima etapa, artesanos, docentes, artistas y comunidades originarias lo valoraron como una voz genuina y necesaria, capaz de enlazar cosmovisiones ancestrales con la m\u00fasica popular contempor\u00e1nea.<\/p>\n\n\n\n<p>Su trayectoria tambi\u00e9n abarc\u00f3 el cine. Particip\u00f3 en La pel\u00edcula del Rey (1986), de Carlos Sor\u00edn, y form\u00f3 parte de producciones internacionales que ampliaron su mensaje art\u00edstico, entre ellas La eterna sonrisa (Estados Unidos), De los Apeninos a los Andes (Italia), El navegante y los c\u00f3ndores (Francia) y El Camino (2000).<\/p>\n","protected":false},"excerpt":{"rendered":"<p>Rub\u00e9n Patagonia, uno de los artistas m\u00e1s influyentes del sur argentino, muri\u00f3 este jueves a los 69 a\u00f1os en Comodoro Rivadavia. La noticia fue confirmada por el Instituto Nacional de&hellip;<\/p>\n","protected":false},"author":5,"featured_media":317840,"comment_status":"closed","ping_status":"open","sticky":false,"template":"","format":"standard","meta":{"_acf_changed":false,"footnotes":""},"categories":[1,2],"tags":[],"class_list":["post-317839","post","type-post","status-publish","format-standard","has-post-thumbnail","hentry","category-es-noticia","category-cultura"],"acf":[],"yoast_head":"<!-- This site is optimized with the Yoast SEO plugin v27.5 - https:\/\/yoast.com\/product\/yoast-seo-wordpress\/ -->\n<title>Falleci\u00f3 el m\u00fasico Rub\u00e9n Patagonia en Comodoro Rivadavia - Diario Textual<\/title>\n<meta name=\"robots\" content=\"index, follow, max-snippet:-1, max-image-preview:large, max-video-preview:-1\" \/>\n<link rel=\"canonical\" href=\"https:\/\/diariotextual.com\/inicio\/index.php\/2026\/01\/15\/fallecio-el-musico-ruben-patagonia-en-comodoro-rivadavia\/\" \/>\n<meta property=\"og:locale\" content=\"es_ES\" \/>\n<meta property=\"og:type\" content=\"article\" \/>\n<meta property=\"og:title\" content=\"Falleci\u00f3 el m\u00fasico Rub\u00e9n Patagonia en Comodoro Rivadavia - Diario Textual\" \/>\n<meta property=\"og:description\" content=\"Rub\u00e9n Patagonia, uno de los artistas m\u00e1s influyentes del sur argentino, muri\u00f3 este jueves a los 69 a\u00f1os en Comodoro Rivadavia. La noticia fue confirmada por el Instituto Nacional de&hellip;\" \/>\n<meta property=\"og:url\" content=\"https:\/\/diariotextual.com\/inicio\/index.php\/2026\/01\/15\/fallecio-el-musico-ruben-patagonia-en-comodoro-rivadavia\/\" \/>\n<meta property=\"og:site_name\" content=\"Diario Textual\" \/>\n<meta property=\"article:publisher\" content=\"https:\/\/www.facebook.com\/eltextual\" \/>\n<meta property=\"article:published_time\" content=\"2026-01-15T20:10:42+00:00\" \/>\n<meta property=\"article:modified_time\" content=\"2026-01-15T20:10:43+00:00\" \/>\n<meta property=\"og:image\" content=\"https:\/\/diariotextual.com\/inicio\/wp-content\/uploads\/2026\/01\/patagoniaruben2026.webp\" \/>\n\t<meta property=\"og:image:width\" content=\"765\" \/>\n\t<meta property=\"og:image:height\" content=\"510\" \/>\n\t<meta property=\"og:image:type\" content=\"image\/webp\" \/>\n<meta name=\"author\" content=\"diario3\" \/>\n<meta name=\"twitter:card\" content=\"summary_large_image\" \/>\n<meta name=\"twitter:creator\" content=\"@eltextual\" \/>\n<meta name=\"twitter:site\" content=\"@eltextual\" \/>\n<meta name=\"twitter:label1\" content=\"Escrito por\" \/>\n\t<meta name=\"twitter:data1\" content=\"diario3\" \/>\n\t<meta name=\"twitter:label2\" content=\"Tiempo de lectura\" \/>\n\t<meta name=\"twitter:data2\" content=\"2 minutos\" \/>\n<script type=\"application\/ld+json\" class=\"yoast-schema-graph\">{\"@context\":\"https:\\\/\\\/schema.org\",\"@graph\":[{\"@type\":\"Article\",\"@id\":\"https:\\\/\\\/diariotextual.com\\\/inicio\\\/index.php\\\/2026\\\/01\\\/15\\\/fallecio-el-musico-ruben-patagonia-en-comodoro-rivadavia\\\/#article\",\"isPartOf\":{\"@id\":\"https:\\\/\\\/diariotextual.com\\\/inicio\\\/index.php\\\/2026\\\/01\\\/15\\\/fallecio-el-musico-ruben-patagonia-en-comodoro-rivadavia\\\/\"},\"author\":{\"name\":\"diario3\",\"@id\":\"https:\\\/\\\/diariotextual.com\\\/inicio\\\/#\\\/schema\\\/person\\\/a1b6f563e0ee944c60f98119389a4d9f\"},\"headline\":\"Falleci\u00f3 el m\u00fasico Rub\u00e9n Patagonia en Comodoro Rivadavia\",\"datePublished\":\"2026-01-15T20:10:42+00:00\",\"dateModified\":\"2026-01-15T20:10:43+00:00\",\"mainEntityOfPage\":{\"@id\":\"https:\\\/\\\/diariotextual.com\\\/inicio\\\/index.php\\\/2026\\\/01\\\/15\\\/fallecio-el-musico-ruben-patagonia-en-comodoro-rivadavia\\\/\"},\"wordCount\":367,\"publisher\":{\"@id\":\"https:\\\/\\\/diariotextual.com\\\/inicio\\\/#organization\"},\"image\":{\"@id\":\"https:\\\/\\\/diariotextual.com\\\/inicio\\\/index.php\\\/2026\\\/01\\\/15\\\/fallecio-el-musico-ruben-patagonia-en-comodoro-rivadavia\\\/#primaryimage\"},\"thumbnailUrl\":\"https:\\\/\\\/diariotextual.com\\\/inicio\\\/wp-content\\\/uploads\\\/2026\\\/01\\\/patagoniaruben2026.webp\",\"articleSection\":[\"A - ES NOTICIA (van abajo)\",\"CULTURA\"],\"inLanguage\":\"es\"},{\"@type\":\"WebPage\",\"@id\":\"https:\\\/\\\/diariotextual.com\\\/inicio\\\/index.php\\\/2026\\\/01\\\/15\\\/fallecio-el-musico-ruben-patagonia-en-comodoro-rivadavia\\\/\",\"url\":\"https:\\\/\\\/diariotextual.com\\\/inicio\\\/index.php\\\/2026\\\/01\\\/15\\\/fallecio-el-musico-ruben-patagonia-en-comodoro-rivadavia\\\/\",\"name\":\"Falleci\u00f3 el m\u00fasico Rub\u00e9n Patagonia en Comodoro Rivadavia - Diario Textual\",\"isPartOf\":{\"@id\":\"https:\\\/\\\/diariotextual.com\\\/inicio\\\/#website\"},\"primaryImageOfPage\":{\"@id\":\"https:\\\/\\\/diariotextual.com\\\/inicio\\\/index.php\\\/2026\\\/01\\\/15\\\/fallecio-el-musico-ruben-patagonia-en-comodoro-rivadavia\\\/#primaryimage\"},\"image\":{\"@id\":\"https:\\\/\\\/diariotextual.com\\\/inicio\\\/index.php\\\/2026\\\/01\\\/15\\\/fallecio-el-musico-ruben-patagonia-en-comodoro-rivadavia\\\/#primaryimage\"},\"thumbnailUrl\":\"https:\\\/\\\/diariotextual.com\\\/inicio\\\/wp-content\\\/uploads\\\/2026\\\/01\\\/patagoniaruben2026.webp\",\"datePublished\":\"2026-01-15T20:10:42+00:00\",\"dateModified\":\"2026-01-15T20:10:43+00:00\",\"breadcrumb\":{\"@id\":\"https:\\\/\\\/diariotextual.com\\\/inicio\\\/index.php\\\/2026\\\/01\\\/15\\\/fallecio-el-musico-ruben-patagonia-en-comodoro-rivadavia\\\/#breadcrumb\"},\"inLanguage\":\"es\",\"potentialAction\":[{\"@type\":\"ReadAction\",\"target\":[\"https:\\\/\\\/diariotextual.com\\\/inicio\\\/index.php\\\/2026\\\/01\\\/15\\\/fallecio-el-musico-ruben-patagonia-en-comodoro-rivadavia\\\/\"]}]},{\"@type\":\"ImageObject\",\"inLanguage\":\"es\",\"@id\":\"https:\\\/\\\/diariotextual.com\\\/inicio\\\/index.php\\\/2026\\\/01\\\/15\\\/fallecio-el-musico-ruben-patagonia-en-comodoro-rivadavia\\\/#primaryimage\",\"url\":\"https:\\\/\\\/diariotextual.com\\\/inicio\\\/wp-content\\\/uploads\\\/2026\\\/01\\\/patagoniaruben2026.webp\",\"contentUrl\":\"https:\\\/\\\/diariotextual.com\\\/inicio\\\/wp-content\\\/uploads\\\/2026\\\/01\\\/patagoniaruben2026.webp\",\"width\":765,\"height\":510},{\"@type\":\"BreadcrumbList\",\"@id\":\"https:\\\/\\\/diariotextual.com\\\/inicio\\\/index.php\\\/2026\\\/01\\\/15\\\/fallecio-el-musico-ruben-patagonia-en-comodoro-rivadavia\\\/#breadcrumb\",\"itemListElement\":[{\"@type\":\"ListItem\",\"position\":1,\"name\":\"Portada\",\"item\":\"https:\\\/\\\/diariotextual.com\\\/inicio\\\/\"},{\"@type\":\"ListItem\",\"position\":2,\"name\":\"Falleci\u00f3 el m\u00fasico Rub\u00e9n Patagonia en Comodoro Rivadavia\"}]},{\"@type\":\"WebSite\",\"@id\":\"https:\\\/\\\/diariotextual.com\\\/inicio\\\/#website\",\"url\":\"https:\\\/\\\/diariotextual.com\\\/inicio\\\/\",\"name\":\"Diario Textual\",\"description\":\"\",\"publisher\":{\"@id\":\"https:\\\/\\\/diariotextual.com\\\/inicio\\\/#organization\"},\"potentialAction\":[{\"@type\":\"SearchAction\",\"target\":{\"@type\":\"EntryPoint\",\"urlTemplate\":\"https:\\\/\\\/diariotextual.com\\\/inicio\\\/?s={search_term_string}\"},\"query-input\":{\"@type\":\"PropertyValueSpecification\",\"valueRequired\":true,\"valueName\":\"search_term_string\"}}],\"inLanguage\":\"es\"},{\"@type\":\"Organization\",\"@id\":\"https:\\\/\\\/diariotextual.com\\\/inicio\\\/#organization\",\"name\":\"Diario Textual\",\"url\":\"https:\\\/\\\/diariotextual.com\\\/inicio\\\/\",\"logo\":{\"@type\":\"ImageObject\",\"inLanguage\":\"es\",\"@id\":\"https:\\\/\\\/diariotextual.com\\\/inicio\\\/#\\\/schema\\\/logo\\\/image\\\/\",\"url\":\"https:\\\/\\\/diariotextual.com\\\/inicio\\\/wp-content\\\/uploads\\\/2023\\\/05\\\/logotextual1.jpg\",\"contentUrl\":\"https:\\\/\\\/diariotextual.com\\\/inicio\\\/wp-content\\\/uploads\\\/2023\\\/05\\\/logotextual1.jpg\",\"width\":516,\"height\":76,\"caption\":\"Diario Textual\"},\"image\":{\"@id\":\"https:\\\/\\\/diariotextual.com\\\/inicio\\\/#\\\/schema\\\/logo\\\/image\\\/\"},\"sameAs\":[\"https:\\\/\\\/www.facebook.com\\\/eltextual\",\"https:\\\/\\\/x.com\\\/eltextual\",\"http:\\\/\\\/www.instagram.com\\\/eltextual\"]},{\"@type\":\"Person\",\"@id\":\"https:\\\/\\\/diariotextual.com\\\/inicio\\\/#\\\/schema\\\/person\\\/a1b6f563e0ee944c60f98119389a4d9f\",\"name\":\"diario3\",\"image\":{\"@type\":\"ImageObject\",\"inLanguage\":\"es\",\"@id\":\"https:\\\/\\\/secure.gravatar.com\\\/avatar\\\/5e7ee62c82fc04d9dd79d746a390d93c69c43223e5faeeb3ea9461ef752bfc5d?s=96&d=mm&r=g\",\"url\":\"https:\\\/\\\/secure.gravatar.com\\\/avatar\\\/5e7ee62c82fc04d9dd79d746a390d93c69c43223e5faeeb3ea9461ef752bfc5d?s=96&d=mm&r=g\",\"contentUrl\":\"https:\\\/\\\/secure.gravatar.com\\\/avatar\\\/5e7ee62c82fc04d9dd79d746a390d93c69c43223e5faeeb3ea9461ef752bfc5d?s=96&d=mm&r=g\",\"caption\":\"diario3\"},\"url\":\"https:\\\/\\\/diariotextual.com\\\/inicio\\\/index.php\\\/author\\\/diario3\\\/\"}]}<\/script>\n<!-- \/ Yoast SEO plugin. -->","yoast_head_json":{"title":"Falleci\u00f3 el m\u00fasico Rub\u00e9n Patagonia en Comodoro Rivadavia - Diario Textual","robots":{"index":"index","follow":"follow","max-snippet":"max-snippet:-1","max-image-preview":"max-image-preview:large","max-video-preview":"max-video-preview:-1"},"canonical":"https:\/\/diariotextual.com\/inicio\/index.php\/2026\/01\/15\/fallecio-el-musico-ruben-patagonia-en-comodoro-rivadavia\/","og_locale":"es_ES","og_type":"article","og_title":"Falleci\u00f3 el m\u00fasico Rub\u00e9n Patagonia en Comodoro Rivadavia - Diario Textual","og_description":"Rub\u00e9n Patagonia, uno de los artistas m\u00e1s influyentes del sur argentino, muri\u00f3 este jueves a los 69 a\u00f1os en Comodoro Rivadavia. La noticia fue confirmada por el Instituto Nacional de&hellip;","og_url":"https:\/\/diariotextual.com\/inicio\/index.php\/2026\/01\/15\/fallecio-el-musico-ruben-patagonia-en-comodoro-rivadavia\/","og_site_name":"Diario Textual","article_publisher":"https:\/\/www.facebook.com\/eltextual","article_published_time":"2026-01-15T20:10:42+00:00","article_modified_time":"2026-01-15T20:10:43+00:00","og_image":[{"width":765,"height":510,"url":"https:\/\/diariotextual.com\/inicio\/wp-content\/uploads\/2026\/01\/patagoniaruben2026.webp","type":"image\/webp"}],"author":"diario3","twitter_card":"summary_large_image","twitter_creator":"@eltextual","twitter_site":"@eltextual","twitter_misc":{"Escrito por":"diario3","Tiempo de lectura":"2 minutos"},"schema":{"@context":"https:\/\/schema.org","@graph":[{"@type":"Article","@id":"https:\/\/diariotextual.com\/inicio\/index.php\/2026\/01\/15\/fallecio-el-musico-ruben-patagonia-en-comodoro-rivadavia\/#article","isPartOf":{"@id":"https:\/\/diariotextual.com\/inicio\/index.php\/2026\/01\/15\/fallecio-el-musico-ruben-patagonia-en-comodoro-rivadavia\/"},"author":{"name":"diario3","@id":"https:\/\/diariotextual.com\/inicio\/#\/schema\/person\/a1b6f563e0ee944c60f98119389a4d9f"},"headline":"Falleci\u00f3 el m\u00fasico Rub\u00e9n Patagonia en Comodoro Rivadavia","datePublished":"2026-01-15T20:10:42+00:00","dateModified":"2026-01-15T20:10:43+00:00","mainEntityOfPage":{"@id":"https:\/\/diariotextual.com\/inicio\/index.php\/2026\/01\/15\/fallecio-el-musico-ruben-patagonia-en-comodoro-rivadavia\/"},"wordCount":367,"publisher":{"@id":"https:\/\/diariotextual.com\/inicio\/#organization"},"image":{"@id":"https:\/\/diariotextual.com\/inicio\/index.php\/2026\/01\/15\/fallecio-el-musico-ruben-patagonia-en-comodoro-rivadavia\/#primaryimage"},"thumbnailUrl":"https:\/\/diariotextual.com\/inicio\/wp-content\/uploads\/2026\/01\/patagoniaruben2026.webp","articleSection":["A - ES NOTICIA (van abajo)","CULTURA"],"inLanguage":"es"},{"@type":"WebPage","@id":"https:\/\/diariotextual.com\/inicio\/index.php\/2026\/01\/15\/fallecio-el-musico-ruben-patagonia-en-comodoro-rivadavia\/","url":"https:\/\/diariotextual.com\/inicio\/index.php\/2026\/01\/15\/fallecio-el-musico-ruben-patagonia-en-comodoro-rivadavia\/","name":"Falleci\u00f3 el m\u00fasico Rub\u00e9n Patagonia en Comodoro Rivadavia - Diario Textual","isPartOf":{"@id":"https:\/\/diariotextual.com\/inicio\/#website"},"primaryImageOfPage":{"@id":"https:\/\/diariotextual.com\/inicio\/index.php\/2026\/01\/15\/fallecio-el-musico-ruben-patagonia-en-comodoro-rivadavia\/#primaryimage"},"image":{"@id":"https:\/\/diariotextual.com\/inicio\/index.php\/2026\/01\/15\/fallecio-el-musico-ruben-patagonia-en-comodoro-rivadavia\/#primaryimage"},"thumbnailUrl":"https:\/\/diariotextual.com\/inicio\/wp-content\/uploads\/2026\/01\/patagoniaruben2026.webp","datePublished":"2026-01-15T20:10:42+00:00","dateModified":"2026-01-15T20:10:43+00:00","breadcrumb":{"@id":"https:\/\/diariotextual.com\/inicio\/index.php\/2026\/01\/15\/fallecio-el-musico-ruben-patagonia-en-comodoro-rivadavia\/#breadcrumb"},"inLanguage":"es","potentialAction":[{"@type":"ReadAction","target":["https:\/\/diariotextual.com\/inicio\/index.php\/2026\/01\/15\/fallecio-el-musico-ruben-patagonia-en-comodoro-rivadavia\/"]}]},{"@type":"ImageObject","inLanguage":"es","@id":"https:\/\/diariotextual.com\/inicio\/index.php\/2026\/01\/15\/fallecio-el-musico-ruben-patagonia-en-comodoro-rivadavia\/#primaryimage","url":"https:\/\/diariotextual.com\/inicio\/wp-content\/uploads\/2026\/01\/patagoniaruben2026.webp","contentUrl":"https:\/\/diariotextual.com\/inicio\/wp-content\/uploads\/2026\/01\/patagoniaruben2026.webp","width":765,"height":510},{"@type":"BreadcrumbList","@id":"https:\/\/diariotextual.com\/inicio\/index.php\/2026\/01\/15\/fallecio-el-musico-ruben-patagonia-en-comodoro-rivadavia\/#breadcrumb","itemListElement":[{"@type":"ListItem","position":1,"name":"Portada","item":"https:\/\/diariotextual.com\/inicio\/"},{"@type":"ListItem","position":2,"name":"Falleci\u00f3 el m\u00fasico Rub\u00e9n Patagonia en Comodoro Rivadavia"}]},{"@type":"WebSite","@id":"https:\/\/diariotextual.com\/inicio\/#website","url":"https:\/\/diariotextual.com\/inicio\/","name":"Diario Textual","description":"","publisher":{"@id":"https:\/\/diariotextual.com\/inicio\/#organization"},"potentialAction":[{"@type":"SearchAction","target":{"@type":"EntryPoint","urlTemplate":"https:\/\/diariotextual.com\/inicio\/?s={search_term_string}"},"query-input":{"@type":"PropertyValueSpecification","valueRequired":true,"valueName":"search_term_string"}}],"inLanguage":"es"},{"@type":"Organization","@id":"https:\/\/diariotextual.com\/inicio\/#organization","name":"Diario Textual","url":"https:\/\/diariotextual.com\/inicio\/","logo":{"@type":"ImageObject","inLanguage":"es","@id":"https:\/\/diariotextual.com\/inicio\/#\/schema\/logo\/image\/","url":"https:\/\/diariotextual.com\/inicio\/wp-content\/uploads\/2023\/05\/logotextual1.jpg","contentUrl":"https:\/\/diariotextual.com\/inicio\/wp-content\/uploads\/2023\/05\/logotextual1.jpg","width":516,"height":76,"caption":"Diario Textual"},"image":{"@id":"https:\/\/diariotextual.com\/inicio\/#\/schema\/logo\/image\/"},"sameAs":["https:\/\/www.facebook.com\/eltextual","https:\/\/x.com\/eltextual","http:\/\/www.instagram.com\/eltextual"]},{"@type":"Person","@id":"https:\/\/diariotextual.com\/inicio\/#\/schema\/person\/a1b6f563e0ee944c60f98119389a4d9f","name":"diario3","image":{"@type":"ImageObject","inLanguage":"es","@id":"https:\/\/secure.gravatar.com\/avatar\/5e7ee62c82fc04d9dd79d746a390d93c69c43223e5faeeb3ea9461ef752bfc5d?s=96&d=mm&r=g","url":"https:\/\/secure.gravatar.com\/avatar\/5e7ee62c82fc04d9dd79d746a390d93c69c43223e5faeeb3ea9461ef752bfc5d?s=96&d=mm&r=g","contentUrl":"https:\/\/secure.gravatar.com\/avatar\/5e7ee62c82fc04d9dd79d746a390d93c69c43223e5faeeb3ea9461ef752bfc5d?s=96&d=mm&r=g","caption":"diario3"},"url":"https:\/\/diariotextual.com\/inicio\/index.php\/author\/diario3\/"}]}},"_links":{"self":[{"href":"https:\/\/diariotextual.com\/inicio\/index.php\/wp-json\/wp\/v2\/posts\/317839","targetHints":{"allow":["GET"]}}],"collection":[{"href":"https:\/\/diariotextual.com\/inicio\/index.php\/wp-json\/wp\/v2\/posts"}],"about":[{"href":"https:\/\/diariotextual.com\/inicio\/index.php\/wp-json\/wp\/v2\/types\/post"}],"author":[{"embeddable":true,"href":"https:\/\/diariotextual.com\/inicio\/index.php\/wp-json\/wp\/v2\/users\/5"}],"replies":[{"embeddable":true,"href":"https:\/\/diariotextual.com\/inicio\/index.php\/wp-json\/wp\/v2\/comments?post=317839"}],"version-history":[{"count":1,"href":"https:\/\/diariotextual.com\/inicio\/index.php\/wp-json\/wp\/v2\/posts\/317839\/revisions"}],"predecessor-version":[{"id":317841,"href":"https:\/\/diariotextual.com\/inicio\/index.php\/wp-json\/wp\/v2\/posts\/317839\/revisions\/317841"}],"wp:featuredmedia":[{"embeddable":true,"href":"https:\/\/diariotextual.com\/inicio\/index.php\/wp-json\/wp\/v2\/media\/317840"}],"wp:attachment":[{"href":"https:\/\/diariotextual.com\/inicio\/index.php\/wp-json\/wp\/v2\/media?parent=317839"}],"wp:term":[{"taxonomy":"category","embeddable":true,"href":"https:\/\/diariotextual.com\/inicio\/index.php\/wp-json\/wp\/v2\/categories?post=317839"},{"taxonomy":"post_tag","embeddable":true,"href":"https:\/\/diariotextual.com\/inicio\/index.php\/wp-json\/wp\/v2\/tags?post=317839"}],"curies":[{"name":"wp","href":"https:\/\/api.w.org\/{rel}","templated":true}]}}