{"id":317858,"date":"2026-01-15T19:43:53","date_gmt":"2026-01-15T22:43:53","guid":{"rendered":"https:\/\/diariotextual.com\/inicio\/?p=317858"},"modified":"2026-01-15T19:43:56","modified_gmt":"2026-01-15T22:43:56","slug":"gobernador-en-contra-de-la-quita-de-aranceles-a-celulares-importados","status":"publish","type":"post","link":"https:\/\/diariotextual.com\/inicio\/index.php\/2026\/01\/15\/gobernador-en-contra-de-la-quita-de-aranceles-a-celulares-importados\/","title":{"rendered":"Gobernador en contra de la quita de aranceles a celulares importados"},"content":{"rendered":"\n<p>El <strong>gobernador de Tierra del Fuego, Ant\u00e1rtida e Islas del Atl\u00e1ntico Sur, Gustavo Melella<\/strong>, apunt\u00f3 contra Naci\u00f3n por la quita de aranceles a los tel\u00e9fonos celulares importados. \u201c<strong>Tras cada aumento de importaciones, hay un trabajo argentino menos<\/strong>\u201d, expres\u00f3.<\/p>\n\n\n\n<p>La <strong>medida comenz\u00f3 a aplicar este jueves y, seg\u00fan el Gobierno nacional, apunta a incrementar la competencia y a generar una reducci\u00f3n de precios cercana al 30% para los consumidores<\/strong>, aunque se aclar\u00f3 que el impacto no ser\u00e1 inmediato.<\/p>\n\n\n\n<p>La eliminaci\u00f3n total de la al\u00edcuota se apoy\u00f3 en el decreto 333\/25, publicado en mayo de 2025, cuando el Poder Ejecutivo redujo el arancel de estos dispositivos del 16% al 8%. <strong>Con la nueva etapa, el gravamen pasar\u00e1 directamente a 0%.<\/strong><\/p>\n\n\n\n<p>El<strong> hecho impactar\u00e1 de lleno en la industria fueguino, dedicada principalmente a los productos tecnol\u00f3gicos.<\/strong> En ese marco, el gobernador Gustavo Melella protest\u00f3 en sus redes sociales: \u201cHoy entra en vigencia el decreto nacional 333\/25 que elimina aranceles a la importaci\u00f3n de celulares. Tras cada aumento de importaciones, hay un trabajo argentino menos. <strong>Mejor dicho: un trabajador argentino menos. Una familia m\u00e1s en problemas\u201d.<\/strong><\/p>\n\n\n\n<p>Acto seguido, Melella asegur\u00f3 que mientras algunos celebran un supuesto abaratamiento de celulares, \u201cnosotros no tenemos nada para festejar\u201d y en esa l\u00ednea, ampli\u00f3: <strong>\u201cNo se puede festejar cuando la Encuesta de Indicadores Laborales (EIL) ya registra 176.908 puestos de trabajo destruidos<\/strong> en el pa\u00eds\u201d.<\/p>\n\n\n\n<p>El mandatario austral agreg\u00f3 que <strong>esa p\u00e9rdida \u201cllega con una red de contenci\u00f3n social cada vez m\u00e1s d\u00e9bil\u201d.<\/strong><\/p>\n\n\n\n<p>\u201c<strong>Las cifras duelen: una ca\u00edda del 2,8 % en el empleo total a nivel nacional desde fines de 2023. Pero en Tierra del Fuego es del 9,6 %<\/strong>. Esto es m\u00e1s que una situaci\u00f3n delicada\u201d, detall\u00f3.<\/p>\n\n\n\n<p>Y record\u00f3, por otra parte, que su gesti\u00f3n \u201cno se qued\u00f3 de brazos cruzados\u201d ante este panorama y enumer\u00f3: \u201cModificamos leyes, atraemos inversiones, abrimos nuevos polos productivos y contenemos a cada familia que qued\u00f3 sin sustento\u201d.<\/p>\n","protected":false},"excerpt":{"rendered":"<p>El gobernador de Tierra del Fuego, Ant\u00e1rtida e Islas del Atl\u00e1ntico Sur, Gustavo Melella, apunt\u00f3 contra Naci\u00f3n por la quita de aranceles a los tel\u00e9fonos celulares importados. \u201cTras cada aumento&hellip;<\/p>\n","protected":false},"author":5,"featured_media":228535,"comment_status":"closed","ping_status":"open","sticky":false,"template":"","format":"standard","meta":{"_acf_changed":false,"footnotes":""},"categories":[1,5],"tags":[],"class_list":["post-317858","post","type-post","status-publish","format-standard","has-post-thumbnail","hentry","category-es-noticia","category-economia"],"acf":[],"yoast_head":"<!-- This site is optimized with the Yoast SEO plugin v27.5 - https:\/\/yoast.com\/product\/yoast-seo-wordpress\/ -->\n<title>Gobernador en contra de la quita de aranceles a celulares importados - Diario Textual<\/title>\n<meta name=\"robots\" content=\"index, follow, max-snippet:-1, max-image-preview:large, max-video-preview:-1\" \/>\n<link rel=\"canonical\" href=\"https:\/\/diariotextual.com\/inicio\/index.php\/2026\/01\/15\/gobernador-en-contra-de-la-quita-de-aranceles-a-celulares-importados\/\" \/>\n<meta property=\"og:locale\" content=\"es_ES\" \/>\n<meta property=\"og:type\" content=\"article\" \/>\n<meta property=\"og:title\" content=\"Gobernador en contra de la quita de aranceles a celulares importados - Diario Textual\" \/>\n<meta property=\"og:description\" content=\"El gobernador de Tierra del Fuego, Ant\u00e1rtida e Islas del Atl\u00e1ntico Sur, Gustavo Melella, apunt\u00f3 contra Naci\u00f3n por la quita de aranceles a los tel\u00e9fonos celulares importados. \u201cTras cada aumento&hellip;\" \/>\n<meta property=\"og:url\" content=\"https:\/\/diariotextual.com\/inicio\/index.php\/2026\/01\/15\/gobernador-en-contra-de-la-quita-de-aranceles-a-celulares-importados\/\" \/>\n<meta property=\"og:site_name\" content=\"Diario Textual\" \/>\n<meta property=\"article:publisher\" content=\"https:\/\/www.facebook.com\/eltextual\" \/>\n<meta property=\"article:published_time\" content=\"2026-01-15T22:43:53+00:00\" \/>\n<meta property=\"article:modified_time\" content=\"2026-01-15T22:43:56+00:00\" \/>\n<meta property=\"og:image\" content=\"https:\/\/diariotextual.com\/inicio\/wp-content\/uploads\/2023\/06\/celulariphone09.png\" \/>\n\t<meta property=\"og:image:width\" content=\"679\" \/>\n\t<meta property=\"og:image:height\" content=\"440\" \/>\n\t<meta property=\"og:image:type\" content=\"image\/png\" \/>\n<meta name=\"author\" content=\"diario3\" \/>\n<meta name=\"twitter:card\" content=\"summary_large_image\" \/>\n<meta name=\"twitter:creator\" content=\"@eltextual\" \/>\n<meta name=\"twitter:site\" content=\"@eltextual\" \/>\n<meta name=\"twitter:label1\" content=\"Escrito por\" \/>\n\t<meta name=\"twitter:data1\" content=\"diario3\" \/>\n\t<meta name=\"twitter:label2\" content=\"Tiempo de lectura\" \/>\n\t<meta name=\"twitter:data2\" content=\"2 minutos\" \/>\n<script type=\"application\/ld+json\" class=\"yoast-schema-graph\">{\"@context\":\"https:\\\/\\\/schema.org\",\"@graph\":[{\"@type\":\"Article\",\"@id\":\"https:\\\/\\\/diariotextual.com\\\/inicio\\\/index.php\\\/2026\\\/01\\\/15\\\/gobernador-en-contra-de-la-quita-de-aranceles-a-celulares-importados\\\/#article\",\"isPartOf\":{\"@id\":\"https:\\\/\\\/diariotextual.com\\\/inicio\\\/index.php\\\/2026\\\/01\\\/15\\\/gobernador-en-contra-de-la-quita-de-aranceles-a-celulares-importados\\\/\"},\"author\":{\"name\":\"diario3\",\"@id\":\"https:\\\/\\\/diariotextual.com\\\/inicio\\\/#\\\/schema\\\/person\\\/a1b6f563e0ee944c60f98119389a4d9f\"},\"headline\":\"Gobernador en contra de la quita de aranceles a celulares importados\",\"datePublished\":\"2026-01-15T22:43:53+00:00\",\"dateModified\":\"2026-01-15T22:43:56+00:00\",\"mainEntityOfPage\":{\"@id\":\"https:\\\/\\\/diariotextual.com\\\/inicio\\\/index.php\\\/2026\\\/01\\\/15\\\/gobernador-en-contra-de-la-quita-de-aranceles-a-celulares-importados\\\/\"},\"wordCount\":336,\"publisher\":{\"@id\":\"https:\\\/\\\/diariotextual.com\\\/inicio\\\/#organization\"},\"image\":{\"@id\":\"https:\\\/\\\/diariotextual.com\\\/inicio\\\/index.php\\\/2026\\\/01\\\/15\\\/gobernador-en-contra-de-la-quita-de-aranceles-a-celulares-importados\\\/#primaryimage\"},\"thumbnailUrl\":\"https:\\\/\\\/diariotextual.com\\\/inicio\\\/wp-content\\\/uploads\\\/2023\\\/06\\\/celulariphone09.png\",\"articleSection\":[\"A - ES NOTICIA (van abajo)\",\"ECONOMIA\"],\"inLanguage\":\"es\"},{\"@type\":\"WebPage\",\"@id\":\"https:\\\/\\\/diariotextual.com\\\/inicio\\\/index.php\\\/2026\\\/01\\\/15\\\/gobernador-en-contra-de-la-quita-de-aranceles-a-celulares-importados\\\/\",\"url\":\"https:\\\/\\\/diariotextual.com\\\/inicio\\\/index.php\\\/2026\\\/01\\\/15\\\/gobernador-en-contra-de-la-quita-de-aranceles-a-celulares-importados\\\/\",\"name\":\"Gobernador en contra de la quita de aranceles a celulares importados - Diario Textual\",\"isPartOf\":{\"@id\":\"https:\\\/\\\/diariotextual.com\\\/inicio\\\/#website\"},\"primaryImageOfPage\":{\"@id\":\"https:\\\/\\\/diariotextual.com\\\/inicio\\\/index.php\\\/2026\\\/01\\\/15\\\/gobernador-en-contra-de-la-quita-de-aranceles-a-celulares-importados\\\/#primaryimage\"},\"image\":{\"@id\":\"https:\\\/\\\/diariotextual.com\\\/inicio\\\/index.php\\\/2026\\\/01\\\/15\\\/gobernador-en-contra-de-la-quita-de-aranceles-a-celulares-importados\\\/#primaryimage\"},\"thumbnailUrl\":\"https:\\\/\\\/diariotextual.com\\\/inicio\\\/wp-content\\\/uploads\\\/2023\\\/06\\\/celulariphone09.png\",\"datePublished\":\"2026-01-15T22:43:53+00:00\",\"dateModified\":\"2026-01-15T22:43:56+00:00\",\"breadcrumb\":{\"@id\":\"https:\\\/\\\/diariotextual.com\\\/inicio\\\/index.php\\\/2026\\\/01\\\/15\\\/gobernador-en-contra-de-la-quita-de-aranceles-a-celulares-importados\\\/#breadcrumb\"},\"inLanguage\":\"es\",\"potentialAction\":[{\"@type\":\"ReadAction\",\"target\":[\"https:\\\/\\\/diariotextual.com\\\/inicio\\\/index.php\\\/2026\\\/01\\\/15\\\/gobernador-en-contra-de-la-quita-de-aranceles-a-celulares-importados\\\/\"]}]},{\"@type\":\"ImageObject\",\"inLanguage\":\"es\",\"@id\":\"https:\\\/\\\/diariotextual.com\\\/inicio\\\/index.php\\\/2026\\\/01\\\/15\\\/gobernador-en-contra-de-la-quita-de-aranceles-a-celulares-importados\\\/#primaryimage\",\"url\":\"https:\\\/\\\/diariotextual.com\\\/inicio\\\/wp-content\\\/uploads\\\/2023\\\/06\\\/celulariphone09.png\",\"contentUrl\":\"https:\\\/\\\/diariotextual.com\\\/inicio\\\/wp-content\\\/uploads\\\/2023\\\/06\\\/celulariphone09.png\",\"width\":679,\"height\":440},{\"@type\":\"BreadcrumbList\",\"@id\":\"https:\\\/\\\/diariotextual.com\\\/inicio\\\/index.php\\\/2026\\\/01\\\/15\\\/gobernador-en-contra-de-la-quita-de-aranceles-a-celulares-importados\\\/#breadcrumb\",\"itemListElement\":[{\"@type\":\"ListItem\",\"position\":1,\"name\":\"Portada\",\"item\":\"https:\\\/\\\/diariotextual.com\\\/inicio\\\/\"},{\"@type\":\"ListItem\",\"position\":2,\"name\":\"Gobernador en contra de la quita de aranceles a celulares importados\"}]},{\"@type\":\"WebSite\",\"@id\":\"https:\\\/\\\/diariotextual.com\\\/inicio\\\/#website\",\"url\":\"https:\\\/\\\/diariotextual.com\\\/inicio\\\/\",\"name\":\"Diario Textual\",\"description\":\"\",\"publisher\":{\"@id\":\"https:\\\/\\\/diariotextual.com\\\/inicio\\\/#organization\"},\"potentialAction\":[{\"@type\":\"SearchAction\",\"target\":{\"@type\":\"EntryPoint\",\"urlTemplate\":\"https:\\\/\\\/diariotextual.com\\\/inicio\\\/?s={search_term_string}\"},\"query-input\":{\"@type\":\"PropertyValueSpecification\",\"valueRequired\":true,\"valueName\":\"search_term_string\"}}],\"inLanguage\":\"es\"},{\"@type\":\"Organization\",\"@id\":\"https:\\\/\\\/diariotextual.com\\\/inicio\\\/#organization\",\"name\":\"Diario Textual\",\"url\":\"https:\\\/\\\/diariotextual.com\\\/inicio\\\/\",\"logo\":{\"@type\":\"ImageObject\",\"inLanguage\":\"es\",\"@id\":\"https:\\\/\\\/diariotextual.com\\\/inicio\\\/#\\\/schema\\\/logo\\\/image\\\/\",\"url\":\"https:\\\/\\\/diariotextual.com\\\/inicio\\\/wp-content\\\/uploads\\\/2023\\\/05\\\/logotextual1.jpg\",\"contentUrl\":\"https:\\\/\\\/diariotextual.com\\\/inicio\\\/wp-content\\\/uploads\\\/2023\\\/05\\\/logotextual1.jpg\",\"width\":516,\"height\":76,\"caption\":\"Diario Textual\"},\"image\":{\"@id\":\"https:\\\/\\\/diariotextual.com\\\/inicio\\\/#\\\/schema\\\/logo\\\/image\\\/\"},\"sameAs\":[\"https:\\\/\\\/www.facebook.com\\\/eltextual\",\"https:\\\/\\\/x.com\\\/eltextual\",\"http:\\\/\\\/www.instagram.com\\\/eltextual\"]},{\"@type\":\"Person\",\"@id\":\"https:\\\/\\\/diariotextual.com\\\/inicio\\\/#\\\/schema\\\/person\\\/a1b6f563e0ee944c60f98119389a4d9f\",\"name\":\"diario3\",\"image\":{\"@type\":\"ImageObject\",\"inLanguage\":\"es\",\"@id\":\"https:\\\/\\\/secure.gravatar.com\\\/avatar\\\/5e7ee62c82fc04d9dd79d746a390d93c69c43223e5faeeb3ea9461ef752bfc5d?s=96&d=mm&r=g\",\"url\":\"https:\\\/\\\/secure.gravatar.com\\\/avatar\\\/5e7ee62c82fc04d9dd79d746a390d93c69c43223e5faeeb3ea9461ef752bfc5d?s=96&d=mm&r=g\",\"contentUrl\":\"https:\\\/\\\/secure.gravatar.com\\\/avatar\\\/5e7ee62c82fc04d9dd79d746a390d93c69c43223e5faeeb3ea9461ef752bfc5d?s=96&d=mm&r=g\",\"caption\":\"diario3\"},\"url\":\"https:\\\/\\\/diariotextual.com\\\/inicio\\\/index.php\\\/author\\\/diario3\\\/\"}]}<\/script>\n<!-- \/ Yoast SEO plugin. -->","yoast_head_json":{"title":"Gobernador en contra de la quita de aranceles a celulares importados - Diario Textual","robots":{"index":"index","follow":"follow","max-snippet":"max-snippet:-1","max-image-preview":"max-image-preview:large","max-video-preview":"max-video-preview:-1"},"canonical":"https:\/\/diariotextual.com\/inicio\/index.php\/2026\/01\/15\/gobernador-en-contra-de-la-quita-de-aranceles-a-celulares-importados\/","og_locale":"es_ES","og_type":"article","og_title":"Gobernador en contra de la quita de aranceles a celulares importados - Diario Textual","og_description":"El gobernador de Tierra del Fuego, Ant\u00e1rtida e Islas del Atl\u00e1ntico Sur, Gustavo Melella, apunt\u00f3 contra Naci\u00f3n por la quita de aranceles a los tel\u00e9fonos celulares importados. \u201cTras cada aumento&hellip;","og_url":"https:\/\/diariotextual.com\/inicio\/index.php\/2026\/01\/15\/gobernador-en-contra-de-la-quita-de-aranceles-a-celulares-importados\/","og_site_name":"Diario Textual","article_publisher":"https:\/\/www.facebook.com\/eltextual","article_published_time":"2026-01-15T22:43:53+00:00","article_modified_time":"2026-01-15T22:43:56+00:00","og_image":[{"width":679,"height":440,"url":"https:\/\/diariotextual.com\/inicio\/wp-content\/uploads\/2023\/06\/celulariphone09.png","type":"image\/png"}],"author":"diario3","twitter_card":"summary_large_image","twitter_creator":"@eltextual","twitter_site":"@eltextual","twitter_misc":{"Escrito por":"diario3","Tiempo de lectura":"2 minutos"},"schema":{"@context":"https:\/\/schema.org","@graph":[{"@type":"Article","@id":"https:\/\/diariotextual.com\/inicio\/index.php\/2026\/01\/15\/gobernador-en-contra-de-la-quita-de-aranceles-a-celulares-importados\/#article","isPartOf":{"@id":"https:\/\/diariotextual.com\/inicio\/index.php\/2026\/01\/15\/gobernador-en-contra-de-la-quita-de-aranceles-a-celulares-importados\/"},"author":{"name":"diario3","@id":"https:\/\/diariotextual.com\/inicio\/#\/schema\/person\/a1b6f563e0ee944c60f98119389a4d9f"},"headline":"Gobernador en contra de la quita de aranceles a celulares importados","datePublished":"2026-01-15T22:43:53+00:00","dateModified":"2026-01-15T22:43:56+00:00","mainEntityOfPage":{"@id":"https:\/\/diariotextual.com\/inicio\/index.php\/2026\/01\/15\/gobernador-en-contra-de-la-quita-de-aranceles-a-celulares-importados\/"},"wordCount":336,"publisher":{"@id":"https:\/\/diariotextual.com\/inicio\/#organization"},"image":{"@id":"https:\/\/diariotextual.com\/inicio\/index.php\/2026\/01\/15\/gobernador-en-contra-de-la-quita-de-aranceles-a-celulares-importados\/#primaryimage"},"thumbnailUrl":"https:\/\/diariotextual.com\/inicio\/wp-content\/uploads\/2023\/06\/celulariphone09.png","articleSection":["A - ES NOTICIA (van abajo)","ECONOMIA"],"inLanguage":"es"},{"@type":"WebPage","@id":"https:\/\/diariotextual.com\/inicio\/index.php\/2026\/01\/15\/gobernador-en-contra-de-la-quita-de-aranceles-a-celulares-importados\/","url":"https:\/\/diariotextual.com\/inicio\/index.php\/2026\/01\/15\/gobernador-en-contra-de-la-quita-de-aranceles-a-celulares-importados\/","name":"Gobernador en contra de la quita de aranceles a celulares importados - Diario Textual","isPartOf":{"@id":"https:\/\/diariotextual.com\/inicio\/#website"},"primaryImageOfPage":{"@id":"https:\/\/diariotextual.com\/inicio\/index.php\/2026\/01\/15\/gobernador-en-contra-de-la-quita-de-aranceles-a-celulares-importados\/#primaryimage"},"image":{"@id":"https:\/\/diariotextual.com\/inicio\/index.php\/2026\/01\/15\/gobernador-en-contra-de-la-quita-de-aranceles-a-celulares-importados\/#primaryimage"},"thumbnailUrl":"https:\/\/diariotextual.com\/inicio\/wp-content\/uploads\/2023\/06\/celulariphone09.png","datePublished":"2026-01-15T22:43:53+00:00","dateModified":"2026-01-15T22:43:56+00:00","breadcrumb":{"@id":"https:\/\/diariotextual.com\/inicio\/index.php\/2026\/01\/15\/gobernador-en-contra-de-la-quita-de-aranceles-a-celulares-importados\/#breadcrumb"},"inLanguage":"es","potentialAction":[{"@type":"ReadAction","target":["https:\/\/diariotextual.com\/inicio\/index.php\/2026\/01\/15\/gobernador-en-contra-de-la-quita-de-aranceles-a-celulares-importados\/"]}]},{"@type":"ImageObject","inLanguage":"es","@id":"https:\/\/diariotextual.com\/inicio\/index.php\/2026\/01\/15\/gobernador-en-contra-de-la-quita-de-aranceles-a-celulares-importados\/#primaryimage","url":"https:\/\/diariotextual.com\/inicio\/wp-content\/uploads\/2023\/06\/celulariphone09.png","contentUrl":"https:\/\/diariotextual.com\/inicio\/wp-content\/uploads\/2023\/06\/celulariphone09.png","width":679,"height":440},{"@type":"BreadcrumbList","@id":"https:\/\/diariotextual.com\/inicio\/index.php\/2026\/01\/15\/gobernador-en-contra-de-la-quita-de-aranceles-a-celulares-importados\/#breadcrumb","itemListElement":[{"@type":"ListItem","position":1,"name":"Portada","item":"https:\/\/diariotextual.com\/inicio\/"},{"@type":"ListItem","position":2,"name":"Gobernador en contra de la quita de aranceles a celulares importados"}]},{"@type":"WebSite","@id":"https:\/\/diariotextual.com\/inicio\/#website","url":"https:\/\/diariotextual.com\/inicio\/","name":"Diario Textual","description":"","publisher":{"@id":"https:\/\/diariotextual.com\/inicio\/#organization"},"potentialAction":[{"@type":"SearchAction","target":{"@type":"EntryPoint","urlTemplate":"https:\/\/diariotextual.com\/inicio\/?s={search_term_string}"},"query-input":{"@type":"PropertyValueSpecification","valueRequired":true,"valueName":"search_term_string"}}],"inLanguage":"es"},{"@type":"Organization","@id":"https:\/\/diariotextual.com\/inicio\/#organization","name":"Diario Textual","url":"https:\/\/diariotextual.com\/inicio\/","logo":{"@type":"ImageObject","inLanguage":"es","@id":"https:\/\/diariotextual.com\/inicio\/#\/schema\/logo\/image\/","url":"https:\/\/diariotextual.com\/inicio\/wp-content\/uploads\/2023\/05\/logotextual1.jpg","contentUrl":"https:\/\/diariotextual.com\/inicio\/wp-content\/uploads\/2023\/05\/logotextual1.jpg","width":516,"height":76,"caption":"Diario Textual"},"image":{"@id":"https:\/\/diariotextual.com\/inicio\/#\/schema\/logo\/image\/"},"sameAs":["https:\/\/www.facebook.com\/eltextual","https:\/\/x.com\/eltextual","http:\/\/www.instagram.com\/eltextual"]},{"@type":"Person","@id":"https:\/\/diariotextual.com\/inicio\/#\/schema\/person\/a1b6f563e0ee944c60f98119389a4d9f","name":"diario3","image":{"@type":"ImageObject","inLanguage":"es","@id":"https:\/\/secure.gravatar.com\/avatar\/5e7ee62c82fc04d9dd79d746a390d93c69c43223e5faeeb3ea9461ef752bfc5d?s=96&d=mm&r=g","url":"https:\/\/secure.gravatar.com\/avatar\/5e7ee62c82fc04d9dd79d746a390d93c69c43223e5faeeb3ea9461ef752bfc5d?s=96&d=mm&r=g","contentUrl":"https:\/\/secure.gravatar.com\/avatar\/5e7ee62c82fc04d9dd79d746a390d93c69c43223e5faeeb3ea9461ef752bfc5d?s=96&d=mm&r=g","caption":"diario3"},"url":"https:\/\/diariotextual.com\/inicio\/index.php\/author\/diario3\/"}]}},"_links":{"self":[{"href":"https:\/\/diariotextual.com\/inicio\/index.php\/wp-json\/wp\/v2\/posts\/317858","targetHints":{"allow":["GET"]}}],"collection":[{"href":"https:\/\/diariotextual.com\/inicio\/index.php\/wp-json\/wp\/v2\/posts"}],"about":[{"href":"https:\/\/diariotextual.com\/inicio\/index.php\/wp-json\/wp\/v2\/types\/post"}],"author":[{"embeddable":true,"href":"https:\/\/diariotextual.com\/inicio\/index.php\/wp-json\/wp\/v2\/users\/5"}],"replies":[{"embeddable":true,"href":"https:\/\/diariotextual.com\/inicio\/index.php\/wp-json\/wp\/v2\/comments?post=317858"}],"version-history":[{"count":1,"href":"https:\/\/diariotextual.com\/inicio\/index.php\/wp-json\/wp\/v2\/posts\/317858\/revisions"}],"predecessor-version":[{"id":317859,"href":"https:\/\/diariotextual.com\/inicio\/index.php\/wp-json\/wp\/v2\/posts\/317858\/revisions\/317859"}],"wp:featuredmedia":[{"embeddable":true,"href":"https:\/\/diariotextual.com\/inicio\/index.php\/wp-json\/wp\/v2\/media\/228535"}],"wp:attachment":[{"href":"https:\/\/diariotextual.com\/inicio\/index.php\/wp-json\/wp\/v2\/media?parent=317858"}],"wp:term":[{"taxonomy":"category","embeddable":true,"href":"https:\/\/diariotextual.com\/inicio\/index.php\/wp-json\/wp\/v2\/categories?post=317858"},{"taxonomy":"post_tag","embeddable":true,"href":"https:\/\/diariotextual.com\/inicio\/index.php\/wp-json\/wp\/v2\/tags?post=317858"}],"curies":[{"name":"wp","href":"https:\/\/api.w.org\/{rel}","templated":true}]}}