{"id":317924,"date":"2026-01-16T16:48:01","date_gmt":"2026-01-16T19:48:01","guid":{"rendered":"https:\/\/diariotextual.com\/inicio\/?p=317924"},"modified":"2026-01-17T12:03:09","modified_gmt":"2026-01-17T15:03:09","slug":"reforma-laboral-por-el-impacto-fiscal-nacion-analiza-compensar-a-gobernadores-que-se-oponen","status":"publish","type":"post","link":"https:\/\/diariotextual.com\/inicio\/index.php\/2026\/01\/16\/reforma-laboral-por-el-impacto-fiscal-nacion-analiza-compensar-a-gobernadores-que-se-oponen\/","title":{"rendered":"Reforma laboral: por el impacto fiscal Naci\u00f3n analiza compensar a gobernadores que se oponen"},"content":{"rendered":"\n<p>Parte del gabinete del Gobierno nacional debati\u00f3 este viernes la posibilidad de dar lugar a una serie de compensaciones destinadas a los gobernadores que se resisten a determinados puntos de la Reforma Laboral. Uno de ellos es el mandatario pampeano <strong>Sergio Ziliotto, ya que seg\u00fan su opini\u00f3n se trata de una reforma impositiva encubierta, con impacto directo sobre el Impuesto a las Ganancias<\/strong> y que implicar\u00eda para <strong>La Pampa una p\u00e9rdida estimada entre 20.000 millones y 35.000 millones <\/strong>de pesos anuales.<\/p>\n\n\n\n<p>Seg\u00fan la agencia Noticias Argentinas, ese es de los puntos impositivos que m\u00e1s resquemores encuentra entre los representantes provinciales y se trata de la modificaci\u00f3n de la escala para el pago del Impuesto a las Ganancias que afecta la recaudaci\u00f3n del tributo que es coparticipable.<\/p>\n\n\n\n<figure class=\"wp-block-embed is-type-wp-embed is-provider-diario-textual wp-block-embed-diario-textual\"><div class=\"wp-block-embed__wrapper\">\n<blockquote class=\"wp-embedded-content\" data-secret=\"tQYbb2LeLL\"><a href=\"https:\/\/diariotextual.com\/inicio\/index.php\/2026\/01\/16\/ziliotto-se-reune-con-santilli-y-le-lleva-sus-reparos-a-la-reforma-laboral-y-el-reclamo-por-fondos-adeudados\/\">Se volvi\u00f3 a postergar la reuni\u00f3n entre Ziliotto y Santilli<\/a><\/blockquote><iframe class=\"wp-embedded-content\" sandbox=\"allow-scripts\" security=\"restricted\" style=\"position: absolute; visibility: hidden;\" title=\"\u00abSe volvi\u00f3 a postergar la reuni\u00f3n entre Ziliotto y Santilli\u00bb \u2014 Diario Textual\" src=\"https:\/\/diariotextual.com\/inicio\/index.php\/2026\/01\/16\/ziliotto-se-reune-con-santilli-y-le-lleva-sus-reparos-a-la-reforma-laboral-y-el-reclamo-por-fondos-adeudados\/embed\/#?secret=DBMCW5yXhT#?secret=tQYbb2LeLL\" data-secret=\"tQYbb2LeLL\" width=\"600\" height=\"338\" frameborder=\"0\" marginwidth=\"0\" marginheight=\"0\" scrolling=\"no\"><\/iframe>\n<\/div><\/figure>\n\n\n\n<p>El jefe de Gabinete, Manuel Adorni, recibi\u00f3 este viernes al mediod\u00eda a los alfiles libertarios para pulir la estrategia legislativa que deber\u00e1n llevar a cabo a fin de avanzar en la Ley de Modernizaci\u00f3n Laboral y la modificaci\u00f3n a la Ley de Glaciares. Nadie habl\u00f3 a la salida de la reuni\u00f3n.<\/p>\n\n\n\n<p>Del encuentro <strong>en Balcarce 50, que dur\u00f3 casi tres horas, participaron el ministro del Interior, Diego Santilli, el titular de la C\u00e1mara de Diputados, Mart\u00edn Menem<\/strong>, posteriormente arrib\u00f3 la jefa de bloque de La Libertad Avanza en el Senado, Patricia Bullrich, mientras que los \u00faltimos en llegar fueron el asesor presidencial, Santiago Caputo, y el ministro de Econom\u00eda, Luis Caputo.<\/p>\n\n\n\n<p>Son varios los mandatarios provinciales aliados que no ocultan sus diferencias, por lo que <strong>en Casa Rosada debaten la posibilidad de \u201ccompensarlos\u201d para acumular los apoyos necesarios.<\/strong><\/p>\n\n\n\n<p>Lo cierto es que hay quienes plantean ofrecer soluciones espec\u00edficas ante los reclamos puntuales de cada gobernador, mientras otros rechazan la posibilidad de dar lugar al planteo.<\/p>\n\n\n\n<p>Los menos permeables a ceder ante las tensiones sostienen que los representantes provinciales responden ante los argumentos y que se beneficiar\u00e1n del impacto de la reforma en sus provincias.<\/p>\n\n\n\n<div style=\"height:100px\" aria-hidden=\"true\" class=\"wp-block-spacer\"><\/div>\n\n\n\n<p><strong>Febrero<\/strong><\/p>\n\n\n\n<p>El <strong>Poder Ejecutivo de la Naci\u00f3n deber\u00e1 enviar el segundo llamado a sesiones extraordinarias que ir\u00e1 desde el 2 hasta el 27 de febrero<\/strong>. En principio el temario solo incluir\u00e1 al <strong>proyecto de Ley de Modernizaci\u00f3n Laboral y a la modificaci\u00f3n de la Ley de Glaciares.<\/strong> Sin embargo, se ha especulado con que tambi\u00e9n est\u00e9 presente la reforma al C\u00f3digo Penal de la Naci\u00f3n.<\/p>\n\n\n\n<p>De todos modos, el objetivo central del Gobierno nacional es avanzar sobre la reforma laboral, para la cual pretende hacer una sesi\u00f3n extraordinaria el mi\u00e9rcoles 11 de febrero en el Senado.<\/p>\n\n\n\n<p>As\u00ed las cosas, en La Libertad Avanza ya hubo movimientos de cara a la sesi\u00f3n extraordinaria que buscar\u00e1 la media sanci\u00f3n del texto: la jefa de bancada libertaria estuvo en Mar del Plata el fin de semana pasado donde se reuni\u00f3 con empresarios, quienes apoyaron el contenido de la iniciativa, la cual tiene dictamen de comisiones.<\/p>\n\n\n\n<figure class=\"wp-block-embed is-type-wp-embed is-provider-diario-textual wp-block-embed-diario-textual\"><div class=\"wp-block-embed__wrapper\">\n<blockquote class=\"wp-embedded-content\" data-secret=\"44Tq4tXzJz\"><a href=\"https:\/\/diariotextual.com\/inicio\/index.php\/2026\/01\/12\/santilli-convoco-a-ziliotto-para-sondear-su-apoyo-a-la-reforma-laboral-pero-la-pampa-no-la-avala-por-el-impacto-fiscal\/\">Santilli convoc\u00f3 a Ziliotto para sondear su apoyo a la reforma laboral, pero La Pampa no avala el texto oficial por el impacto fiscal<\/a><\/blockquote><iframe class=\"wp-embedded-content\" sandbox=\"allow-scripts\" security=\"restricted\" style=\"position: absolute; visibility: hidden;\" title=\"\u00abSantilli convoc\u00f3 a Ziliotto para sondear su apoyo a la reforma laboral, pero La Pampa no avala el texto oficial por el impacto fiscal\u00bb \u2014 Diario Textual\" src=\"https:\/\/diariotextual.com\/inicio\/index.php\/2026\/01\/12\/santilli-convoco-a-ziliotto-para-sondear-su-apoyo-a-la-reforma-laboral-pero-la-pampa-no-la-avala-por-el-impacto-fiscal\/embed\/#?secret=1nNxhvXRSi#?secret=44Tq4tXzJz\" data-secret=\"44Tq4tXzJz\" width=\"600\" height=\"338\" frameborder=\"0\" marginwidth=\"0\" marginheight=\"0\" scrolling=\"no\"><\/iframe>\n<\/div><\/figure>\n","protected":false},"excerpt":{"rendered":"<p>Parte del gabinete del Gobierno nacional debati\u00f3 este viernes la posibilidad de dar lugar a una serie de compensaciones destinadas a los gobernadores que se resisten a determinados puntos de&hellip;<\/p>\n","protected":false},"author":5,"featured_media":311525,"comment_status":"closed","ping_status":"open","sticky":false,"template":"","format":"standard","meta":{"_acf_changed":false,"footnotes":""},"categories":[1,8],"tags":[],"class_list":["post-317924","post","type-post","status-publish","format-standard","has-post-thumbnail","hentry","category-es-noticia","category-politica"],"acf":[],"yoast_head":"<!-- This site is optimized with the Yoast SEO plugin v27.5 - https:\/\/yoast.com\/product\/yoast-seo-wordpress\/ -->\n<title>Reforma laboral: por el impacto fiscal Naci\u00f3n analiza compensar a gobernadores que se oponen - Diario Textual<\/title>\n<meta name=\"robots\" content=\"index, follow, max-snippet:-1, max-image-preview:large, max-video-preview:-1\" \/>\n<link rel=\"canonical\" href=\"https:\/\/diariotextual.com\/inicio\/index.php\/2026\/01\/16\/reforma-laboral-por-el-impacto-fiscal-nacion-analiza-compensar-a-gobernadores-que-se-oponen\/\" \/>\n<meta property=\"og:locale\" content=\"es_ES\" \/>\n<meta property=\"og:type\" content=\"article\" \/>\n<meta property=\"og:title\" content=\"Reforma laboral: por el impacto fiscal Naci\u00f3n analiza compensar a gobernadores que se oponen - Diario Textual\" \/>\n<meta property=\"og:description\" content=\"Parte del gabinete del Gobierno nacional debati\u00f3 este viernes la posibilidad de dar lugar a una serie de compensaciones destinadas a los gobernadores que se resisten a determinados puntos de&hellip;\" \/>\n<meta property=\"og:url\" content=\"https:\/\/diariotextual.com\/inicio\/index.php\/2026\/01\/16\/reforma-laboral-por-el-impacto-fiscal-nacion-analiza-compensar-a-gobernadores-que-se-oponen\/\" \/>\n<meta property=\"og:site_name\" content=\"Diario Textual\" \/>\n<meta property=\"article:publisher\" content=\"https:\/\/www.facebook.com\/eltextual\" \/>\n<meta property=\"article:published_time\" content=\"2026-01-16T19:48:01+00:00\" \/>\n<meta property=\"article:modified_time\" content=\"2026-01-17T15:03:09+00:00\" \/>\n<meta property=\"og:image\" content=\"https:\/\/diariotextual.com\/inicio\/wp-content\/uploads\/2025\/10\/mileijaviergobernadoresmileigobernadoresziliottomileigob2025-1.jpg\" \/>\n\t<meta property=\"og:image:width\" content=\"1280\" \/>\n\t<meta property=\"og:image:height\" content=\"852\" \/>\n\t<meta property=\"og:image:type\" content=\"image\/jpeg\" \/>\n<meta name=\"author\" content=\"diario3\" \/>\n<meta name=\"twitter:card\" content=\"summary_large_image\" \/>\n<meta name=\"twitter:creator\" content=\"@eltextual\" \/>\n<meta name=\"twitter:site\" content=\"@eltextual\" \/>\n<meta name=\"twitter:label1\" content=\"Escrito por\" \/>\n\t<meta name=\"twitter:data1\" content=\"diario3\" \/>\n\t<meta name=\"twitter:label2\" content=\"Tiempo de lectura\" \/>\n\t<meta name=\"twitter:data2\" content=\"3 minutos\" \/>\n<script type=\"application\/ld+json\" class=\"yoast-schema-graph\">{\"@context\":\"https:\\\/\\\/schema.org\",\"@graph\":[{\"@type\":\"Article\",\"@id\":\"https:\\\/\\\/diariotextual.com\\\/inicio\\\/index.php\\\/2026\\\/01\\\/16\\\/reforma-laboral-por-el-impacto-fiscal-nacion-analiza-compensar-a-gobernadores-que-se-oponen\\\/#article\",\"isPartOf\":{\"@id\":\"https:\\\/\\\/diariotextual.com\\\/inicio\\\/index.php\\\/2026\\\/01\\\/16\\\/reforma-laboral-por-el-impacto-fiscal-nacion-analiza-compensar-a-gobernadores-que-se-oponen\\\/\"},\"author\":{\"name\":\"diario3\",\"@id\":\"https:\\\/\\\/diariotextual.com\\\/inicio\\\/#\\\/schema\\\/person\\\/a1b6f563e0ee944c60f98119389a4d9f\"},\"headline\":\"Reforma laboral: por el impacto fiscal Naci\u00f3n analiza compensar a gobernadores que se oponen\",\"datePublished\":\"2026-01-16T19:48:01+00:00\",\"dateModified\":\"2026-01-17T15:03:09+00:00\",\"mainEntityOfPage\":{\"@id\":\"https:\\\/\\\/diariotextual.com\\\/inicio\\\/index.php\\\/2026\\\/01\\\/16\\\/reforma-laboral-por-el-impacto-fiscal-nacion-analiza-compensar-a-gobernadores-que-se-oponen\\\/\"},\"wordCount\":523,\"publisher\":{\"@id\":\"https:\\\/\\\/diariotextual.com\\\/inicio\\\/#organization\"},\"image\":{\"@id\":\"https:\\\/\\\/diariotextual.com\\\/inicio\\\/index.php\\\/2026\\\/01\\\/16\\\/reforma-laboral-por-el-impacto-fiscal-nacion-analiza-compensar-a-gobernadores-que-se-oponen\\\/#primaryimage\"},\"thumbnailUrl\":\"https:\\\/\\\/diariotextual.com\\\/inicio\\\/wp-content\\\/uploads\\\/2025\\\/10\\\/mileijaviergobernadoresmileigobernadoresziliottomileigob2025-1.jpg\",\"articleSection\":[\"A - ES NOTICIA (van abajo)\",\"POLITICA\"],\"inLanguage\":\"es\"},{\"@type\":\"WebPage\",\"@id\":\"https:\\\/\\\/diariotextual.com\\\/inicio\\\/index.php\\\/2026\\\/01\\\/16\\\/reforma-laboral-por-el-impacto-fiscal-nacion-analiza-compensar-a-gobernadores-que-se-oponen\\\/\",\"url\":\"https:\\\/\\\/diariotextual.com\\\/inicio\\\/index.php\\\/2026\\\/01\\\/16\\\/reforma-laboral-por-el-impacto-fiscal-nacion-analiza-compensar-a-gobernadores-que-se-oponen\\\/\",\"name\":\"Reforma laboral: por el impacto fiscal Naci\u00f3n analiza compensar a gobernadores que se oponen - Diario Textual\",\"isPartOf\":{\"@id\":\"https:\\\/\\\/diariotextual.com\\\/inicio\\\/#website\"},\"primaryImageOfPage\":{\"@id\":\"https:\\\/\\\/diariotextual.com\\\/inicio\\\/index.php\\\/2026\\\/01\\\/16\\\/reforma-laboral-por-el-impacto-fiscal-nacion-analiza-compensar-a-gobernadores-que-se-oponen\\\/#primaryimage\"},\"image\":{\"@id\":\"https:\\\/\\\/diariotextual.com\\\/inicio\\\/index.php\\\/2026\\\/01\\\/16\\\/reforma-laboral-por-el-impacto-fiscal-nacion-analiza-compensar-a-gobernadores-que-se-oponen\\\/#primaryimage\"},\"thumbnailUrl\":\"https:\\\/\\\/diariotextual.com\\\/inicio\\\/wp-content\\\/uploads\\\/2025\\\/10\\\/mileijaviergobernadoresmileigobernadoresziliottomileigob2025-1.jpg\",\"datePublished\":\"2026-01-16T19:48:01+00:00\",\"dateModified\":\"2026-01-17T15:03:09+00:00\",\"breadcrumb\":{\"@id\":\"https:\\\/\\\/diariotextual.com\\\/inicio\\\/index.php\\\/2026\\\/01\\\/16\\\/reforma-laboral-por-el-impacto-fiscal-nacion-analiza-compensar-a-gobernadores-que-se-oponen\\\/#breadcrumb\"},\"inLanguage\":\"es\",\"potentialAction\":[{\"@type\":\"ReadAction\",\"target\":[\"https:\\\/\\\/diariotextual.com\\\/inicio\\\/index.php\\\/2026\\\/01\\\/16\\\/reforma-laboral-por-el-impacto-fiscal-nacion-analiza-compensar-a-gobernadores-que-se-oponen\\\/\"]}]},{\"@type\":\"ImageObject\",\"inLanguage\":\"es\",\"@id\":\"https:\\\/\\\/diariotextual.com\\\/inicio\\\/index.php\\\/2026\\\/01\\\/16\\\/reforma-laboral-por-el-impacto-fiscal-nacion-analiza-compensar-a-gobernadores-que-se-oponen\\\/#primaryimage\",\"url\":\"https:\\\/\\\/diariotextual.com\\\/inicio\\\/wp-content\\\/uploads\\\/2025\\\/10\\\/mileijaviergobernadoresmileigobernadoresziliottomileigob2025-1.jpg\",\"contentUrl\":\"https:\\\/\\\/diariotextual.com\\\/inicio\\\/wp-content\\\/uploads\\\/2025\\\/10\\\/mileijaviergobernadoresmileigobernadoresziliottomileigob2025-1.jpg\",\"width\":1280,\"height\":852},{\"@type\":\"BreadcrumbList\",\"@id\":\"https:\\\/\\\/diariotextual.com\\\/inicio\\\/index.php\\\/2026\\\/01\\\/16\\\/reforma-laboral-por-el-impacto-fiscal-nacion-analiza-compensar-a-gobernadores-que-se-oponen\\\/#breadcrumb\",\"itemListElement\":[{\"@type\":\"ListItem\",\"position\":1,\"name\":\"Portada\",\"item\":\"https:\\\/\\\/diariotextual.com\\\/inicio\\\/\"},{\"@type\":\"ListItem\",\"position\":2,\"name\":\"Reforma laboral: por el impacto fiscal Naci\u00f3n analiza compensar a gobernadores que se oponen\"}]},{\"@type\":\"WebSite\",\"@id\":\"https:\\\/\\\/diariotextual.com\\\/inicio\\\/#website\",\"url\":\"https:\\\/\\\/diariotextual.com\\\/inicio\\\/\",\"name\":\"Diario Textual\",\"description\":\"\",\"publisher\":{\"@id\":\"https:\\\/\\\/diariotextual.com\\\/inicio\\\/#organization\"},\"potentialAction\":[{\"@type\":\"SearchAction\",\"target\":{\"@type\":\"EntryPoint\",\"urlTemplate\":\"https:\\\/\\\/diariotextual.com\\\/inicio\\\/?s={search_term_string}\"},\"query-input\":{\"@type\":\"PropertyValueSpecification\",\"valueRequired\":true,\"valueName\":\"search_term_string\"}}],\"inLanguage\":\"es\"},{\"@type\":\"Organization\",\"@id\":\"https:\\\/\\\/diariotextual.com\\\/inicio\\\/#organization\",\"name\":\"Diario Textual\",\"url\":\"https:\\\/\\\/diariotextual.com\\\/inicio\\\/\",\"logo\":{\"@type\":\"ImageObject\",\"inLanguage\":\"es\",\"@id\":\"https:\\\/\\\/diariotextual.com\\\/inicio\\\/#\\\/schema\\\/logo\\\/image\\\/\",\"url\":\"https:\\\/\\\/diariotextual.com\\\/inicio\\\/wp-content\\\/uploads\\\/2023\\\/05\\\/logotextual1.jpg\",\"contentUrl\":\"https:\\\/\\\/diariotextual.com\\\/inicio\\\/wp-content\\\/uploads\\\/2023\\\/05\\\/logotextual1.jpg\",\"width\":516,\"height\":76,\"caption\":\"Diario Textual\"},\"image\":{\"@id\":\"https:\\\/\\\/diariotextual.com\\\/inicio\\\/#\\\/schema\\\/logo\\\/image\\\/\"},\"sameAs\":[\"https:\\\/\\\/www.facebook.com\\\/eltextual\",\"https:\\\/\\\/x.com\\\/eltextual\",\"http:\\\/\\\/www.instagram.com\\\/eltextual\"]},{\"@type\":\"Person\",\"@id\":\"https:\\\/\\\/diariotextual.com\\\/inicio\\\/#\\\/schema\\\/person\\\/a1b6f563e0ee944c60f98119389a4d9f\",\"name\":\"diario3\",\"image\":{\"@type\":\"ImageObject\",\"inLanguage\":\"es\",\"@id\":\"https:\\\/\\\/secure.gravatar.com\\\/avatar\\\/5e7ee62c82fc04d9dd79d746a390d93c69c43223e5faeeb3ea9461ef752bfc5d?s=96&d=mm&r=g\",\"url\":\"https:\\\/\\\/secure.gravatar.com\\\/avatar\\\/5e7ee62c82fc04d9dd79d746a390d93c69c43223e5faeeb3ea9461ef752bfc5d?s=96&d=mm&r=g\",\"contentUrl\":\"https:\\\/\\\/secure.gravatar.com\\\/avatar\\\/5e7ee62c82fc04d9dd79d746a390d93c69c43223e5faeeb3ea9461ef752bfc5d?s=96&d=mm&r=g\",\"caption\":\"diario3\"},\"url\":\"https:\\\/\\\/diariotextual.com\\\/inicio\\\/index.php\\\/author\\\/diario3\\\/\"}]}<\/script>\n<!-- \/ Yoast SEO plugin. -->","yoast_head_json":{"title":"Reforma laboral: por el impacto fiscal Naci\u00f3n analiza compensar a gobernadores que se oponen - Diario Textual","robots":{"index":"index","follow":"follow","max-snippet":"max-snippet:-1","max-image-preview":"max-image-preview:large","max-video-preview":"max-video-preview:-1"},"canonical":"https:\/\/diariotextual.com\/inicio\/index.php\/2026\/01\/16\/reforma-laboral-por-el-impacto-fiscal-nacion-analiza-compensar-a-gobernadores-que-se-oponen\/","og_locale":"es_ES","og_type":"article","og_title":"Reforma laboral: por el impacto fiscal Naci\u00f3n analiza compensar a gobernadores que se oponen - Diario Textual","og_description":"Parte del gabinete del Gobierno nacional debati\u00f3 este viernes la posibilidad de dar lugar a una serie de compensaciones destinadas a los gobernadores que se resisten a determinados puntos de&hellip;","og_url":"https:\/\/diariotextual.com\/inicio\/index.php\/2026\/01\/16\/reforma-laboral-por-el-impacto-fiscal-nacion-analiza-compensar-a-gobernadores-que-se-oponen\/","og_site_name":"Diario Textual","article_publisher":"https:\/\/www.facebook.com\/eltextual","article_published_time":"2026-01-16T19:48:01+00:00","article_modified_time":"2026-01-17T15:03:09+00:00","og_image":[{"width":1280,"height":852,"url":"https:\/\/diariotextual.com\/inicio\/wp-content\/uploads\/2025\/10\/mileijaviergobernadoresmileigobernadoresziliottomileigob2025-1.jpg","type":"image\/jpeg"}],"author":"diario3","twitter_card":"summary_large_image","twitter_creator":"@eltextual","twitter_site":"@eltextual","twitter_misc":{"Escrito por":"diario3","Tiempo de lectura":"3 minutos"},"schema":{"@context":"https:\/\/schema.org","@graph":[{"@type":"Article","@id":"https:\/\/diariotextual.com\/inicio\/index.php\/2026\/01\/16\/reforma-laboral-por-el-impacto-fiscal-nacion-analiza-compensar-a-gobernadores-que-se-oponen\/#article","isPartOf":{"@id":"https:\/\/diariotextual.com\/inicio\/index.php\/2026\/01\/16\/reforma-laboral-por-el-impacto-fiscal-nacion-analiza-compensar-a-gobernadores-que-se-oponen\/"},"author":{"name":"diario3","@id":"https:\/\/diariotextual.com\/inicio\/#\/schema\/person\/a1b6f563e0ee944c60f98119389a4d9f"},"headline":"Reforma laboral: por el impacto fiscal Naci\u00f3n analiza compensar a gobernadores que se oponen","datePublished":"2026-01-16T19:48:01+00:00","dateModified":"2026-01-17T15:03:09+00:00","mainEntityOfPage":{"@id":"https:\/\/diariotextual.com\/inicio\/index.php\/2026\/01\/16\/reforma-laboral-por-el-impacto-fiscal-nacion-analiza-compensar-a-gobernadores-que-se-oponen\/"},"wordCount":523,"publisher":{"@id":"https:\/\/diariotextual.com\/inicio\/#organization"},"image":{"@id":"https:\/\/diariotextual.com\/inicio\/index.php\/2026\/01\/16\/reforma-laboral-por-el-impacto-fiscal-nacion-analiza-compensar-a-gobernadores-que-se-oponen\/#primaryimage"},"thumbnailUrl":"https:\/\/diariotextual.com\/inicio\/wp-content\/uploads\/2025\/10\/mileijaviergobernadoresmileigobernadoresziliottomileigob2025-1.jpg","articleSection":["A - ES NOTICIA (van abajo)","POLITICA"],"inLanguage":"es"},{"@type":"WebPage","@id":"https:\/\/diariotextual.com\/inicio\/index.php\/2026\/01\/16\/reforma-laboral-por-el-impacto-fiscal-nacion-analiza-compensar-a-gobernadores-que-se-oponen\/","url":"https:\/\/diariotextual.com\/inicio\/index.php\/2026\/01\/16\/reforma-laboral-por-el-impacto-fiscal-nacion-analiza-compensar-a-gobernadores-que-se-oponen\/","name":"Reforma laboral: por el impacto fiscal Naci\u00f3n analiza compensar a gobernadores que se oponen - Diario Textual","isPartOf":{"@id":"https:\/\/diariotextual.com\/inicio\/#website"},"primaryImageOfPage":{"@id":"https:\/\/diariotextual.com\/inicio\/index.php\/2026\/01\/16\/reforma-laboral-por-el-impacto-fiscal-nacion-analiza-compensar-a-gobernadores-que-se-oponen\/#primaryimage"},"image":{"@id":"https:\/\/diariotextual.com\/inicio\/index.php\/2026\/01\/16\/reforma-laboral-por-el-impacto-fiscal-nacion-analiza-compensar-a-gobernadores-que-se-oponen\/#primaryimage"},"thumbnailUrl":"https:\/\/diariotextual.com\/inicio\/wp-content\/uploads\/2025\/10\/mileijaviergobernadoresmileigobernadoresziliottomileigob2025-1.jpg","datePublished":"2026-01-16T19:48:01+00:00","dateModified":"2026-01-17T15:03:09+00:00","breadcrumb":{"@id":"https:\/\/diariotextual.com\/inicio\/index.php\/2026\/01\/16\/reforma-laboral-por-el-impacto-fiscal-nacion-analiza-compensar-a-gobernadores-que-se-oponen\/#breadcrumb"},"inLanguage":"es","potentialAction":[{"@type":"ReadAction","target":["https:\/\/diariotextual.com\/inicio\/index.php\/2026\/01\/16\/reforma-laboral-por-el-impacto-fiscal-nacion-analiza-compensar-a-gobernadores-que-se-oponen\/"]}]},{"@type":"ImageObject","inLanguage":"es","@id":"https:\/\/diariotextual.com\/inicio\/index.php\/2026\/01\/16\/reforma-laboral-por-el-impacto-fiscal-nacion-analiza-compensar-a-gobernadores-que-se-oponen\/#primaryimage","url":"https:\/\/diariotextual.com\/inicio\/wp-content\/uploads\/2025\/10\/mileijaviergobernadoresmileigobernadoresziliottomileigob2025-1.jpg","contentUrl":"https:\/\/diariotextual.com\/inicio\/wp-content\/uploads\/2025\/10\/mileijaviergobernadoresmileigobernadoresziliottomileigob2025-1.jpg","width":1280,"height":852},{"@type":"BreadcrumbList","@id":"https:\/\/diariotextual.com\/inicio\/index.php\/2026\/01\/16\/reforma-laboral-por-el-impacto-fiscal-nacion-analiza-compensar-a-gobernadores-que-se-oponen\/#breadcrumb","itemListElement":[{"@type":"ListItem","position":1,"name":"Portada","item":"https:\/\/diariotextual.com\/inicio\/"},{"@type":"ListItem","position":2,"name":"Reforma laboral: por el impacto fiscal Naci\u00f3n analiza compensar a gobernadores que se oponen"}]},{"@type":"WebSite","@id":"https:\/\/diariotextual.com\/inicio\/#website","url":"https:\/\/diariotextual.com\/inicio\/","name":"Diario Textual","description":"","publisher":{"@id":"https:\/\/diariotextual.com\/inicio\/#organization"},"potentialAction":[{"@type":"SearchAction","target":{"@type":"EntryPoint","urlTemplate":"https:\/\/diariotextual.com\/inicio\/?s={search_term_string}"},"query-input":{"@type":"PropertyValueSpecification","valueRequired":true,"valueName":"search_term_string"}}],"inLanguage":"es"},{"@type":"Organization","@id":"https:\/\/diariotextual.com\/inicio\/#organization","name":"Diario Textual","url":"https:\/\/diariotextual.com\/inicio\/","logo":{"@type":"ImageObject","inLanguage":"es","@id":"https:\/\/diariotextual.com\/inicio\/#\/schema\/logo\/image\/","url":"https:\/\/diariotextual.com\/inicio\/wp-content\/uploads\/2023\/05\/logotextual1.jpg","contentUrl":"https:\/\/diariotextual.com\/inicio\/wp-content\/uploads\/2023\/05\/logotextual1.jpg","width":516,"height":76,"caption":"Diario Textual"},"image":{"@id":"https:\/\/diariotextual.com\/inicio\/#\/schema\/logo\/image\/"},"sameAs":["https:\/\/www.facebook.com\/eltextual","https:\/\/x.com\/eltextual","http:\/\/www.instagram.com\/eltextual"]},{"@type":"Person","@id":"https:\/\/diariotextual.com\/inicio\/#\/schema\/person\/a1b6f563e0ee944c60f98119389a4d9f","name":"diario3","image":{"@type":"ImageObject","inLanguage":"es","@id":"https:\/\/secure.gravatar.com\/avatar\/5e7ee62c82fc04d9dd79d746a390d93c69c43223e5faeeb3ea9461ef752bfc5d?s=96&d=mm&r=g","url":"https:\/\/secure.gravatar.com\/avatar\/5e7ee62c82fc04d9dd79d746a390d93c69c43223e5faeeb3ea9461ef752bfc5d?s=96&d=mm&r=g","contentUrl":"https:\/\/secure.gravatar.com\/avatar\/5e7ee62c82fc04d9dd79d746a390d93c69c43223e5faeeb3ea9461ef752bfc5d?s=96&d=mm&r=g","caption":"diario3"},"url":"https:\/\/diariotextual.com\/inicio\/index.php\/author\/diario3\/"}]}},"_links":{"self":[{"href":"https:\/\/diariotextual.com\/inicio\/index.php\/wp-json\/wp\/v2\/posts\/317924","targetHints":{"allow":["GET"]}}],"collection":[{"href":"https:\/\/diariotextual.com\/inicio\/index.php\/wp-json\/wp\/v2\/posts"}],"about":[{"href":"https:\/\/diariotextual.com\/inicio\/index.php\/wp-json\/wp\/v2\/types\/post"}],"author":[{"embeddable":true,"href":"https:\/\/diariotextual.com\/inicio\/index.php\/wp-json\/wp\/v2\/users\/5"}],"replies":[{"embeddable":true,"href":"https:\/\/diariotextual.com\/inicio\/index.php\/wp-json\/wp\/v2\/comments?post=317924"}],"version-history":[{"count":1,"href":"https:\/\/diariotextual.com\/inicio\/index.php\/wp-json\/wp\/v2\/posts\/317924\/revisions"}],"predecessor-version":[{"id":317925,"href":"https:\/\/diariotextual.com\/inicio\/index.php\/wp-json\/wp\/v2\/posts\/317924\/revisions\/317925"}],"wp:featuredmedia":[{"embeddable":true,"href":"https:\/\/diariotextual.com\/inicio\/index.php\/wp-json\/wp\/v2\/media\/311525"}],"wp:attachment":[{"href":"https:\/\/diariotextual.com\/inicio\/index.php\/wp-json\/wp\/v2\/media?parent=317924"}],"wp:term":[{"taxonomy":"category","embeddable":true,"href":"https:\/\/diariotextual.com\/inicio\/index.php\/wp-json\/wp\/v2\/categories?post=317924"},{"taxonomy":"post_tag","embeddable":true,"href":"https:\/\/diariotextual.com\/inicio\/index.php\/wp-json\/wp\/v2\/tags?post=317924"}],"curies":[{"name":"wp","href":"https:\/\/api.w.org\/{rel}","templated":true}]}}