{"id":317982,"date":"2026-01-17T12:47:50","date_gmt":"2026-01-17T15:47:50","guid":{"rendered":"https:\/\/diariotextual.com\/inicio\/?p=317982"},"modified":"2026-01-17T20:08:20","modified_gmt":"2026-01-17T23:08:20","slug":"milei-firma-en-paraguay-el-acuerdo-mercosur-union-europea","status":"publish","type":"post","link":"https:\/\/diariotextual.com\/inicio\/index.php\/2026\/01\/17\/milei-firma-en-paraguay-el-acuerdo-mercosur-union-europea\/","title":{"rendered":"Milei firma en Paraguay el acuerdo Mercosur-Uni\u00f3n Europea"},"content":{"rendered":"\n<p>El <strong>presidente Javier Milei lleg\u00f3 este s\u00e1bado a Asunci\u00f3n, Paraguay,<\/strong> para participar de la firma del <strong>acuerdo de libre comercio entre el Mercosur y la Uni\u00f3n Europea<\/strong>, en una ceremonia en la que, adem\u00e1s, el pa\u00eds anfitri\u00f3n asumir\u00e1 la presidencia pro t\u00e9mpore del bloque regional.<\/p>\n\n\n\n<p>El mandatario arrib\u00f3 a la capital paraguaya en un avi\u00f3n de la Fuerza A\u00e9ra Argentina y de inmediato se dirigi\u00f3 hacia el lugar donde se celebrar\u00e1 la ceremonia de firma del Acuerdo con la Uni\u00f3n Europea.<\/p>\n\n\n\n<p>El <strong>Consejo Europeo autoriz\u00f3 el 9 de enero \u00faltimo a la Uni\u00f3n Europea a firmar el tratado con el Mercosur, que se hab\u00eda anunciado en 2019<\/strong> pero no hab\u00eda podido implementarse por objeciones de algunos de los pa\u00edses del viejo continente.<\/p>\n\n\n\n<p>Para el gobierno de Milei, el convenio permitir\u00e1 aumentar las exportaciones y la llegada de inversiones.<\/p>\n\n\n\n<p>En Paraguay, Milei buscar\u00e1 dar una se\u00f1al de respaldo a su par Santiago Pe\u00f1a, que asumir\u00e1 la presidencia pro tempore del Mercosur, mientras el domingo la delegaci\u00f3n presidencial emprender\u00e1 la partida rumbo a Suiza, en la que el presidente argentino se prepara para disertar en el Foro Econ\u00f3mico de Davos que se celebrar\u00e1 del 19 al 23 de enero.<\/p>\n\n\n\n<div style=\"height:100px\" aria-hidden=\"true\" class=\"wp-block-spacer\"><\/div>\n\n\n\n<p><strong>Triunfo diplom\u00e1tico<\/strong><\/p>\n\n\n\n<p>La administraci\u00f3n libertaria tom\u00f3 como un logro propio la firma del acuerdo del Mercosur con la Uni\u00f3n Europea: el canciller Pablo Quirno destac\u00f3 que \u201cla Argentina liderada por el Presidente Javier Milei decide competir, producir y crecer con reglas claras y en libertad\u201d.<\/p>\n\n\n\n<p>El funcionario destac\u00f3 que la Uni\u00f3n Europea \u201celiminar\u00e1 aranceles para el 92% de nuestras exportaciones y otorgar\u00e1 acceso preferencial para otro 7.5%. De esta forma, el 99% de las exportaciones agr\u00edcolas del Mercosur se ver\u00e1n beneficiadas\u201d, describi\u00f3.<\/p>\n\n\n\n<p>El expresidente Mauricio Macri, que hab\u00eda bregado por ese acuerdo durante su mandato, celebr\u00f3 en su oportunidad que se \u201cabre una etapa inmejorable para la regi\u00f3n\u201d.<\/p>\n\n\n\n<p>El acuerdo fue respaldado por la Uni\u00f3n Europea y ahora debe ser ratificado por el Mercosur y los parlamentos de cada pa\u00eds que conforman cada bloque regional. Por eso motivo, el Gobierno argentino esperar\u00e1 a que el Mercosur se expida sobre este convenio para poder avanzar en la ratificaci\u00f3n parlamentaria.<\/p>\n\n\n\n<figure class=\"wp-block-embed is-type-wp-embed is-provider-diario-textual wp-block-embed-diario-textual\"><div class=\"wp-block-embed__wrapper\">\n<blockquote class=\"wp-embedded-content\" data-secret=\"m5VatjZBLd\"><a href=\"https:\/\/diariotextual.com\/inicio\/index.php\/2026\/01\/14\/acuerdo-union-europea-mercosur-expectativa-para-la-pampa-con-la-exportacion-de-carne\/\">Acuerdo Uni\u00f3n Europea\u2013Mercosur: expectativa para La Pampa con la exportaci\u00f3n de carne<\/a><\/blockquote><iframe class=\"wp-embedded-content\" sandbox=\"allow-scripts\" security=\"restricted\" style=\"position: absolute; visibility: hidden;\" title=\"\u00abAcuerdo Uni\u00f3n Europea\u2013Mercosur: expectativa para La Pampa con la exportaci\u00f3n de carne\u00bb \u2014 Diario Textual\" src=\"https:\/\/diariotextual.com\/inicio\/index.php\/2026\/01\/14\/acuerdo-union-europea-mercosur-expectativa-para-la-pampa-con-la-exportacion-de-carne\/embed\/#?secret=ctyJVCqXZV#?secret=m5VatjZBLd\" data-secret=\"m5VatjZBLd\" width=\"600\" height=\"338\" frameborder=\"0\" marginwidth=\"0\" marginheight=\"0\" scrolling=\"no\"><\/iframe>\n<\/div><\/figure>\n","protected":false},"excerpt":{"rendered":"<p>El presidente Javier Milei lleg\u00f3 este s\u00e1bado a Asunci\u00f3n, Paraguay, para participar de la firma del acuerdo de libre comercio entre el Mercosur y la Uni\u00f3n Europea, en una ceremonia&hellip;<\/p>\n","protected":false},"author":5,"featured_media":317983,"comment_status":"closed","ping_status":"open","sticky":false,"template":"","format":"standard","meta":{"_acf_changed":false,"footnotes":""},"categories":[8],"tags":[],"class_list":["post-317982","post","type-post","status-publish","format-standard","has-post-thumbnail","hentry","category-politica"],"acf":[],"yoast_head":"<!-- This site is optimized with the Yoast SEO plugin v27.5 - https:\/\/yoast.com\/product\/yoast-seo-wordpress\/ -->\n<title>Milei firma en Paraguay el acuerdo Mercosur-Uni\u00f3n Europea - Diario Textual<\/title>\n<meta name=\"robots\" content=\"index, follow, max-snippet:-1, max-image-preview:large, max-video-preview:-1\" \/>\n<link rel=\"canonical\" href=\"https:\/\/diariotextual.com\/inicio\/index.php\/2026\/01\/17\/milei-firma-en-paraguay-el-acuerdo-mercosur-union-europea\/\" \/>\n<meta property=\"og:locale\" content=\"es_ES\" \/>\n<meta property=\"og:type\" content=\"article\" \/>\n<meta property=\"og:title\" content=\"Milei firma en Paraguay el acuerdo Mercosur-Uni\u00f3n Europea - Diario Textual\" \/>\n<meta property=\"og:description\" content=\"El presidente Javier Milei lleg\u00f3 este s\u00e1bado a Asunci\u00f3n, Paraguay, para participar de la firma del acuerdo de libre comercio entre el Mercosur y la Uni\u00f3n Europea, en una ceremonia&hellip;\" \/>\n<meta property=\"og:url\" content=\"https:\/\/diariotextual.com\/inicio\/index.php\/2026\/01\/17\/milei-firma-en-paraguay-el-acuerdo-mercosur-union-europea\/\" \/>\n<meta property=\"og:site_name\" content=\"Diario Textual\" \/>\n<meta property=\"article:publisher\" content=\"https:\/\/www.facebook.com\/eltextual\" \/>\n<meta property=\"article:published_time\" content=\"2026-01-17T15:47:50+00:00\" \/>\n<meta property=\"article:modified_time\" content=\"2026-01-17T23:08:20+00:00\" \/>\n<meta property=\"og:image\" content=\"https:\/\/diariotextual.com\/inicio\/wp-content\/uploads\/2026\/01\/mileiparaguaymercosur2026.webp\" \/>\n\t<meta property=\"og:image:width\" content=\"1081\" \/>\n\t<meta property=\"og:image:height\" content=\"720\" \/>\n\t<meta property=\"og:image:type\" content=\"image\/webp\" \/>\n<meta name=\"author\" content=\"diario3\" \/>\n<meta name=\"twitter:card\" content=\"summary_large_image\" \/>\n<meta name=\"twitter:creator\" content=\"@eltextual\" \/>\n<meta name=\"twitter:site\" content=\"@eltextual\" \/>\n<meta name=\"twitter:label1\" content=\"Escrito por\" \/>\n\t<meta name=\"twitter:data1\" content=\"diario3\" \/>\n\t<meta name=\"twitter:label2\" content=\"Tiempo de lectura\" \/>\n\t<meta name=\"twitter:data2\" content=\"2 minutos\" \/>\n<script type=\"application\/ld+json\" class=\"yoast-schema-graph\">{\"@context\":\"https:\\\/\\\/schema.org\",\"@graph\":[{\"@type\":\"Article\",\"@id\":\"https:\\\/\\\/diariotextual.com\\\/inicio\\\/index.php\\\/2026\\\/01\\\/17\\\/milei-firma-en-paraguay-el-acuerdo-mercosur-union-europea\\\/#article\",\"isPartOf\":{\"@id\":\"https:\\\/\\\/diariotextual.com\\\/inicio\\\/index.php\\\/2026\\\/01\\\/17\\\/milei-firma-en-paraguay-el-acuerdo-mercosur-union-europea\\\/\"},\"author\":{\"name\":\"diario3\",\"@id\":\"https:\\\/\\\/diariotextual.com\\\/inicio\\\/#\\\/schema\\\/person\\\/a1b6f563e0ee944c60f98119389a4d9f\"},\"headline\":\"Milei firma en Paraguay el acuerdo Mercosur-Uni\u00f3n Europea\",\"datePublished\":\"2026-01-17T15:47:50+00:00\",\"dateModified\":\"2026-01-17T23:08:20+00:00\",\"mainEntityOfPage\":{\"@id\":\"https:\\\/\\\/diariotextual.com\\\/inicio\\\/index.php\\\/2026\\\/01\\\/17\\\/milei-firma-en-paraguay-el-acuerdo-mercosur-union-europea\\\/\"},\"wordCount\":393,\"publisher\":{\"@id\":\"https:\\\/\\\/diariotextual.com\\\/inicio\\\/#organization\"},\"image\":{\"@id\":\"https:\\\/\\\/diariotextual.com\\\/inicio\\\/index.php\\\/2026\\\/01\\\/17\\\/milei-firma-en-paraguay-el-acuerdo-mercosur-union-europea\\\/#primaryimage\"},\"thumbnailUrl\":\"https:\\\/\\\/diariotextual.com\\\/inicio\\\/wp-content\\\/uploads\\\/2026\\\/01\\\/mileiparaguaymercosur2026.webp\",\"articleSection\":[\"POLITICA\"],\"inLanguage\":\"es\"},{\"@type\":\"WebPage\",\"@id\":\"https:\\\/\\\/diariotextual.com\\\/inicio\\\/index.php\\\/2026\\\/01\\\/17\\\/milei-firma-en-paraguay-el-acuerdo-mercosur-union-europea\\\/\",\"url\":\"https:\\\/\\\/diariotextual.com\\\/inicio\\\/index.php\\\/2026\\\/01\\\/17\\\/milei-firma-en-paraguay-el-acuerdo-mercosur-union-europea\\\/\",\"name\":\"Milei firma en Paraguay el acuerdo Mercosur-Uni\u00f3n Europea - Diario Textual\",\"isPartOf\":{\"@id\":\"https:\\\/\\\/diariotextual.com\\\/inicio\\\/#website\"},\"primaryImageOfPage\":{\"@id\":\"https:\\\/\\\/diariotextual.com\\\/inicio\\\/index.php\\\/2026\\\/01\\\/17\\\/milei-firma-en-paraguay-el-acuerdo-mercosur-union-europea\\\/#primaryimage\"},\"image\":{\"@id\":\"https:\\\/\\\/diariotextual.com\\\/inicio\\\/index.php\\\/2026\\\/01\\\/17\\\/milei-firma-en-paraguay-el-acuerdo-mercosur-union-europea\\\/#primaryimage\"},\"thumbnailUrl\":\"https:\\\/\\\/diariotextual.com\\\/inicio\\\/wp-content\\\/uploads\\\/2026\\\/01\\\/mileiparaguaymercosur2026.webp\",\"datePublished\":\"2026-01-17T15:47:50+00:00\",\"dateModified\":\"2026-01-17T23:08:20+00:00\",\"breadcrumb\":{\"@id\":\"https:\\\/\\\/diariotextual.com\\\/inicio\\\/index.php\\\/2026\\\/01\\\/17\\\/milei-firma-en-paraguay-el-acuerdo-mercosur-union-europea\\\/#breadcrumb\"},\"inLanguage\":\"es\",\"potentialAction\":[{\"@type\":\"ReadAction\",\"target\":[\"https:\\\/\\\/diariotextual.com\\\/inicio\\\/index.php\\\/2026\\\/01\\\/17\\\/milei-firma-en-paraguay-el-acuerdo-mercosur-union-europea\\\/\"]}]},{\"@type\":\"ImageObject\",\"inLanguage\":\"es\",\"@id\":\"https:\\\/\\\/diariotextual.com\\\/inicio\\\/index.php\\\/2026\\\/01\\\/17\\\/milei-firma-en-paraguay-el-acuerdo-mercosur-union-europea\\\/#primaryimage\",\"url\":\"https:\\\/\\\/diariotextual.com\\\/inicio\\\/wp-content\\\/uploads\\\/2026\\\/01\\\/mileiparaguaymercosur2026.webp\",\"contentUrl\":\"https:\\\/\\\/diariotextual.com\\\/inicio\\\/wp-content\\\/uploads\\\/2026\\\/01\\\/mileiparaguaymercosur2026.webp\",\"width\":1081,\"height\":720},{\"@type\":\"BreadcrumbList\",\"@id\":\"https:\\\/\\\/diariotextual.com\\\/inicio\\\/index.php\\\/2026\\\/01\\\/17\\\/milei-firma-en-paraguay-el-acuerdo-mercosur-union-europea\\\/#breadcrumb\",\"itemListElement\":[{\"@type\":\"ListItem\",\"position\":1,\"name\":\"Portada\",\"item\":\"https:\\\/\\\/diariotextual.com\\\/inicio\\\/\"},{\"@type\":\"ListItem\",\"position\":2,\"name\":\"Milei firma en Paraguay el acuerdo Mercosur-Uni\u00f3n Europea\"}]},{\"@type\":\"WebSite\",\"@id\":\"https:\\\/\\\/diariotextual.com\\\/inicio\\\/#website\",\"url\":\"https:\\\/\\\/diariotextual.com\\\/inicio\\\/\",\"name\":\"Diario Textual\",\"description\":\"\",\"publisher\":{\"@id\":\"https:\\\/\\\/diariotextual.com\\\/inicio\\\/#organization\"},\"potentialAction\":[{\"@type\":\"SearchAction\",\"target\":{\"@type\":\"EntryPoint\",\"urlTemplate\":\"https:\\\/\\\/diariotextual.com\\\/inicio\\\/?s={search_term_string}\"},\"query-input\":{\"@type\":\"PropertyValueSpecification\",\"valueRequired\":true,\"valueName\":\"search_term_string\"}}],\"inLanguage\":\"es\"},{\"@type\":\"Organization\",\"@id\":\"https:\\\/\\\/diariotextual.com\\\/inicio\\\/#organization\",\"name\":\"Diario Textual\",\"url\":\"https:\\\/\\\/diariotextual.com\\\/inicio\\\/\",\"logo\":{\"@type\":\"ImageObject\",\"inLanguage\":\"es\",\"@id\":\"https:\\\/\\\/diariotextual.com\\\/inicio\\\/#\\\/schema\\\/logo\\\/image\\\/\",\"url\":\"https:\\\/\\\/diariotextual.com\\\/inicio\\\/wp-content\\\/uploads\\\/2023\\\/05\\\/logotextual1.jpg\",\"contentUrl\":\"https:\\\/\\\/diariotextual.com\\\/inicio\\\/wp-content\\\/uploads\\\/2023\\\/05\\\/logotextual1.jpg\",\"width\":516,\"height\":76,\"caption\":\"Diario Textual\"},\"image\":{\"@id\":\"https:\\\/\\\/diariotextual.com\\\/inicio\\\/#\\\/schema\\\/logo\\\/image\\\/\"},\"sameAs\":[\"https:\\\/\\\/www.facebook.com\\\/eltextual\",\"https:\\\/\\\/x.com\\\/eltextual\",\"http:\\\/\\\/www.instagram.com\\\/eltextual\"]},{\"@type\":\"Person\",\"@id\":\"https:\\\/\\\/diariotextual.com\\\/inicio\\\/#\\\/schema\\\/person\\\/a1b6f563e0ee944c60f98119389a4d9f\",\"name\":\"diario3\",\"image\":{\"@type\":\"ImageObject\",\"inLanguage\":\"es\",\"@id\":\"https:\\\/\\\/secure.gravatar.com\\\/avatar\\\/5e7ee62c82fc04d9dd79d746a390d93c69c43223e5faeeb3ea9461ef752bfc5d?s=96&d=mm&r=g\",\"url\":\"https:\\\/\\\/secure.gravatar.com\\\/avatar\\\/5e7ee62c82fc04d9dd79d746a390d93c69c43223e5faeeb3ea9461ef752bfc5d?s=96&d=mm&r=g\",\"contentUrl\":\"https:\\\/\\\/secure.gravatar.com\\\/avatar\\\/5e7ee62c82fc04d9dd79d746a390d93c69c43223e5faeeb3ea9461ef752bfc5d?s=96&d=mm&r=g\",\"caption\":\"diario3\"},\"url\":\"https:\\\/\\\/diariotextual.com\\\/inicio\\\/index.php\\\/author\\\/diario3\\\/\"}]}<\/script>\n<!-- \/ Yoast SEO plugin. -->","yoast_head_json":{"title":"Milei firma en Paraguay el acuerdo Mercosur-Uni\u00f3n Europea - Diario Textual","robots":{"index":"index","follow":"follow","max-snippet":"max-snippet:-1","max-image-preview":"max-image-preview:large","max-video-preview":"max-video-preview:-1"},"canonical":"https:\/\/diariotextual.com\/inicio\/index.php\/2026\/01\/17\/milei-firma-en-paraguay-el-acuerdo-mercosur-union-europea\/","og_locale":"es_ES","og_type":"article","og_title":"Milei firma en Paraguay el acuerdo Mercosur-Uni\u00f3n Europea - Diario Textual","og_description":"El presidente Javier Milei lleg\u00f3 este s\u00e1bado a Asunci\u00f3n, Paraguay, para participar de la firma del acuerdo de libre comercio entre el Mercosur y la Uni\u00f3n Europea, en una ceremonia&hellip;","og_url":"https:\/\/diariotextual.com\/inicio\/index.php\/2026\/01\/17\/milei-firma-en-paraguay-el-acuerdo-mercosur-union-europea\/","og_site_name":"Diario Textual","article_publisher":"https:\/\/www.facebook.com\/eltextual","article_published_time":"2026-01-17T15:47:50+00:00","article_modified_time":"2026-01-17T23:08:20+00:00","og_image":[{"width":1081,"height":720,"url":"https:\/\/diariotextual.com\/inicio\/wp-content\/uploads\/2026\/01\/mileiparaguaymercosur2026.webp","type":"image\/webp"}],"author":"diario3","twitter_card":"summary_large_image","twitter_creator":"@eltextual","twitter_site":"@eltextual","twitter_misc":{"Escrito por":"diario3","Tiempo de lectura":"2 minutos"},"schema":{"@context":"https:\/\/schema.org","@graph":[{"@type":"Article","@id":"https:\/\/diariotextual.com\/inicio\/index.php\/2026\/01\/17\/milei-firma-en-paraguay-el-acuerdo-mercosur-union-europea\/#article","isPartOf":{"@id":"https:\/\/diariotextual.com\/inicio\/index.php\/2026\/01\/17\/milei-firma-en-paraguay-el-acuerdo-mercosur-union-europea\/"},"author":{"name":"diario3","@id":"https:\/\/diariotextual.com\/inicio\/#\/schema\/person\/a1b6f563e0ee944c60f98119389a4d9f"},"headline":"Milei firma en Paraguay el acuerdo Mercosur-Uni\u00f3n Europea","datePublished":"2026-01-17T15:47:50+00:00","dateModified":"2026-01-17T23:08:20+00:00","mainEntityOfPage":{"@id":"https:\/\/diariotextual.com\/inicio\/index.php\/2026\/01\/17\/milei-firma-en-paraguay-el-acuerdo-mercosur-union-europea\/"},"wordCount":393,"publisher":{"@id":"https:\/\/diariotextual.com\/inicio\/#organization"},"image":{"@id":"https:\/\/diariotextual.com\/inicio\/index.php\/2026\/01\/17\/milei-firma-en-paraguay-el-acuerdo-mercosur-union-europea\/#primaryimage"},"thumbnailUrl":"https:\/\/diariotextual.com\/inicio\/wp-content\/uploads\/2026\/01\/mileiparaguaymercosur2026.webp","articleSection":["POLITICA"],"inLanguage":"es"},{"@type":"WebPage","@id":"https:\/\/diariotextual.com\/inicio\/index.php\/2026\/01\/17\/milei-firma-en-paraguay-el-acuerdo-mercosur-union-europea\/","url":"https:\/\/diariotextual.com\/inicio\/index.php\/2026\/01\/17\/milei-firma-en-paraguay-el-acuerdo-mercosur-union-europea\/","name":"Milei firma en Paraguay el acuerdo Mercosur-Uni\u00f3n Europea - Diario Textual","isPartOf":{"@id":"https:\/\/diariotextual.com\/inicio\/#website"},"primaryImageOfPage":{"@id":"https:\/\/diariotextual.com\/inicio\/index.php\/2026\/01\/17\/milei-firma-en-paraguay-el-acuerdo-mercosur-union-europea\/#primaryimage"},"image":{"@id":"https:\/\/diariotextual.com\/inicio\/index.php\/2026\/01\/17\/milei-firma-en-paraguay-el-acuerdo-mercosur-union-europea\/#primaryimage"},"thumbnailUrl":"https:\/\/diariotextual.com\/inicio\/wp-content\/uploads\/2026\/01\/mileiparaguaymercosur2026.webp","datePublished":"2026-01-17T15:47:50+00:00","dateModified":"2026-01-17T23:08:20+00:00","breadcrumb":{"@id":"https:\/\/diariotextual.com\/inicio\/index.php\/2026\/01\/17\/milei-firma-en-paraguay-el-acuerdo-mercosur-union-europea\/#breadcrumb"},"inLanguage":"es","potentialAction":[{"@type":"ReadAction","target":["https:\/\/diariotextual.com\/inicio\/index.php\/2026\/01\/17\/milei-firma-en-paraguay-el-acuerdo-mercosur-union-europea\/"]}]},{"@type":"ImageObject","inLanguage":"es","@id":"https:\/\/diariotextual.com\/inicio\/index.php\/2026\/01\/17\/milei-firma-en-paraguay-el-acuerdo-mercosur-union-europea\/#primaryimage","url":"https:\/\/diariotextual.com\/inicio\/wp-content\/uploads\/2026\/01\/mileiparaguaymercosur2026.webp","contentUrl":"https:\/\/diariotextual.com\/inicio\/wp-content\/uploads\/2026\/01\/mileiparaguaymercosur2026.webp","width":1081,"height":720},{"@type":"BreadcrumbList","@id":"https:\/\/diariotextual.com\/inicio\/index.php\/2026\/01\/17\/milei-firma-en-paraguay-el-acuerdo-mercosur-union-europea\/#breadcrumb","itemListElement":[{"@type":"ListItem","position":1,"name":"Portada","item":"https:\/\/diariotextual.com\/inicio\/"},{"@type":"ListItem","position":2,"name":"Milei firma en Paraguay el acuerdo Mercosur-Uni\u00f3n Europea"}]},{"@type":"WebSite","@id":"https:\/\/diariotextual.com\/inicio\/#website","url":"https:\/\/diariotextual.com\/inicio\/","name":"Diario Textual","description":"","publisher":{"@id":"https:\/\/diariotextual.com\/inicio\/#organization"},"potentialAction":[{"@type":"SearchAction","target":{"@type":"EntryPoint","urlTemplate":"https:\/\/diariotextual.com\/inicio\/?s={search_term_string}"},"query-input":{"@type":"PropertyValueSpecification","valueRequired":true,"valueName":"search_term_string"}}],"inLanguage":"es"},{"@type":"Organization","@id":"https:\/\/diariotextual.com\/inicio\/#organization","name":"Diario Textual","url":"https:\/\/diariotextual.com\/inicio\/","logo":{"@type":"ImageObject","inLanguage":"es","@id":"https:\/\/diariotextual.com\/inicio\/#\/schema\/logo\/image\/","url":"https:\/\/diariotextual.com\/inicio\/wp-content\/uploads\/2023\/05\/logotextual1.jpg","contentUrl":"https:\/\/diariotextual.com\/inicio\/wp-content\/uploads\/2023\/05\/logotextual1.jpg","width":516,"height":76,"caption":"Diario Textual"},"image":{"@id":"https:\/\/diariotextual.com\/inicio\/#\/schema\/logo\/image\/"},"sameAs":["https:\/\/www.facebook.com\/eltextual","https:\/\/x.com\/eltextual","http:\/\/www.instagram.com\/eltextual"]},{"@type":"Person","@id":"https:\/\/diariotextual.com\/inicio\/#\/schema\/person\/a1b6f563e0ee944c60f98119389a4d9f","name":"diario3","image":{"@type":"ImageObject","inLanguage":"es","@id":"https:\/\/secure.gravatar.com\/avatar\/5e7ee62c82fc04d9dd79d746a390d93c69c43223e5faeeb3ea9461ef752bfc5d?s=96&d=mm&r=g","url":"https:\/\/secure.gravatar.com\/avatar\/5e7ee62c82fc04d9dd79d746a390d93c69c43223e5faeeb3ea9461ef752bfc5d?s=96&d=mm&r=g","contentUrl":"https:\/\/secure.gravatar.com\/avatar\/5e7ee62c82fc04d9dd79d746a390d93c69c43223e5faeeb3ea9461ef752bfc5d?s=96&d=mm&r=g","caption":"diario3"},"url":"https:\/\/diariotextual.com\/inicio\/index.php\/author\/diario3\/"}]}},"_links":{"self":[{"href":"https:\/\/diariotextual.com\/inicio\/index.php\/wp-json\/wp\/v2\/posts\/317982","targetHints":{"allow":["GET"]}}],"collection":[{"href":"https:\/\/diariotextual.com\/inicio\/index.php\/wp-json\/wp\/v2\/posts"}],"about":[{"href":"https:\/\/diariotextual.com\/inicio\/index.php\/wp-json\/wp\/v2\/types\/post"}],"author":[{"embeddable":true,"href":"https:\/\/diariotextual.com\/inicio\/index.php\/wp-json\/wp\/v2\/users\/5"}],"replies":[{"embeddable":true,"href":"https:\/\/diariotextual.com\/inicio\/index.php\/wp-json\/wp\/v2\/comments?post=317982"}],"version-history":[{"count":1,"href":"https:\/\/diariotextual.com\/inicio\/index.php\/wp-json\/wp\/v2\/posts\/317982\/revisions"}],"predecessor-version":[{"id":317984,"href":"https:\/\/diariotextual.com\/inicio\/index.php\/wp-json\/wp\/v2\/posts\/317982\/revisions\/317984"}],"wp:featuredmedia":[{"embeddable":true,"href":"https:\/\/diariotextual.com\/inicio\/index.php\/wp-json\/wp\/v2\/media\/317983"}],"wp:attachment":[{"href":"https:\/\/diariotextual.com\/inicio\/index.php\/wp-json\/wp\/v2\/media?parent=317982"}],"wp:term":[{"taxonomy":"category","embeddable":true,"href":"https:\/\/diariotextual.com\/inicio\/index.php\/wp-json\/wp\/v2\/categories?post=317982"},{"taxonomy":"post_tag","embeddable":true,"href":"https:\/\/diariotextual.com\/inicio\/index.php\/wp-json\/wp\/v2\/tags?post=317982"}],"curies":[{"name":"wp","href":"https:\/\/api.w.org\/{rel}","templated":true}]}}