{"id":317985,"date":"2026-01-17T20:07:44","date_gmt":"2026-01-17T23:07:44","guid":{"rendered":"https:\/\/diariotextual.com\/inicio\/?p=317985"},"modified":"2026-01-18T08:36:56","modified_gmt":"2026-01-18T11:36:56","slug":"se-firmo-el-acuerdo-mercosur-union-europea-luego-de-26-anos-de-negociaciones","status":"publish","type":"post","link":"https:\/\/diariotextual.com\/inicio\/index.php\/2026\/01\/17\/se-firmo-el-acuerdo-mercosur-union-europea-luego-de-26-anos-de-negociaciones\/","title":{"rendered":"Se firm\u00f3 el acuerdo Mercosur-Uni\u00f3n Europea, luego de 26 a\u00f1os de negociaciones"},"content":{"rendered":"\n<p>El <strong>Mercosur<\/strong> y la <strong>Uni\u00f3n Europea (UE)<\/strong> firmaron este s\u00e1bado en <strong>Asunci\u00f3n<\/strong> el acuerdo de asociaci\u00f3n comercial que ambos bloques negociaron durante m\u00e1s de dos d\u00e9cadas. El entendimiento, considerado un <strong>hito geopol\u00edtico y econ\u00f3mico<\/strong>, crea un \u00e1rea de libre comercio que integrar\u00e1 a unos <strong>720 millones de personas<\/strong>, lo que la convierte en la m\u00e1s grande del mundo por cantidad de consumidores y potencial productivo.<\/p>\n\n\n\n<p>La r\u00fabrica se concret\u00f3 luego de <strong>26 a\u00f1os de negociaciones<\/strong>, marcadas por avances y retrocesos, y sella un v\u00ednculo estrat\u00e9gico entre Sudam\u00e9rica y Europa en un contexto global atravesado por tensiones comerciales y tendencias proteccionistas.<\/p>\n\n\n\n<p>La ceremonia se realiz\u00f3 en el <strong>Teatro San Jos\u00e9 de Flores del Banco Central de Paraguay<\/strong>, el mismo lugar donde en 1991 se firm\u00f3 el acta fundacional del Mercosur. El presidente <strong>Javier Milei<\/strong> particip\u00f3 como testigo de honor y anunci\u00f3 que enviar\u00e1 el acuerdo al <strong>Congreso de la Naci\u00f3n<\/strong> en los pr\u00f3ximos d\u00edas para su tratamiento durante las sesiones extraordinarias, seg\u00fan consign\u00f3 la <strong>Agencia Noticias Argentinas<\/strong>.<\/p>\n\n\n\n<p>El documento fue firmado por los cancilleres del bloque sudamericano y por las principales autoridades europeas, entre ellas la presidenta de la <strong>Comisi\u00f3n Europea<\/strong>, <strong>Ursula von der Leyen<\/strong>, y el titular del <strong>Consejo Europeo<\/strong>, <strong>Ant\u00f3nio Costa<\/strong>.<\/p>\n\n\n\n<div style=\"height:100px\" aria-hidden=\"true\" class=\"wp-block-spacer\"><\/div>\n\n\n\n<p><strong>Un acuerdo de alcance hist\u00f3rico<\/strong><\/p>\n\n\n\n<p>Desde el bloque europeo subrayaron que el pacto apunta a <strong>fortalecer la seguridad econ\u00f3mica mutua<\/strong> frente a la inestabilidad global. Von der Leyen sostuvo que \u201c<strong>Sudam\u00e9rica elige integraci\u00f3n<\/strong>\u201d y remarc\u00f3 que el acuerdo env\u00eda una se\u00f1al clara frente al avance del proteccionismo.<\/p>\n\n\n\n<p>El entendimiento ya cuenta con la aprobaci\u00f3n pol\u00edtica inicial de la UE, otorgada a comienzos de enero, pero a\u00fan deber\u00e1 atravesar los <strong>procesos de ratificaci\u00f3n parlamentaria<\/strong> para entrar en vigor.<\/p>\n\n\n\n<p>El tratado integra a los pa\u00edses del Mercosur &#8211;<strong>Argentina, Brasil, Paraguay y Uruguay<\/strong>&#8211; con el bloque europeo, que re\u00fane a <strong>450 millones de consumidores<\/strong> y concentra cerca del <strong>15% del producto bruto global<\/strong>, lo que lo posiciona entre los mayores acuerdos comerciales del planeta.<\/p>\n\n\n\n<div style=\"height:100px\" aria-hidden=\"true\" class=\"wp-block-spacer\"><\/div>\n\n\n\n<p><strong>Estructura y ejes centrales del tratado<\/strong><\/p>\n\n\n\n<p>El texto del acuerdo se apoya en <strong>tres pilares principales<\/strong>: el comercial, el pol\u00edtico y el de cooperaci\u00f3n. En el plano econ\u00f3mico, establece compromisos que van desde la <strong>eliminaci\u00f3n de aranceles<\/strong> hasta la armonizaci\u00f3n de normas regulatorias que impactar\u00e1n en toda la cadena de comercio bilateral.<\/p>\n\n\n\n<p>Para la Argentina y el resto del Mercosur, uno de los puntos centrales es el <strong>acceso preferencial al mercado europeo<\/strong>. La UE eliminar\u00e1 aranceles para el <strong>92% de las exportaciones<\/strong> del bloque sudamericano y otorgar\u00e1 preferencias para otro <strong>7,5%<\/strong>, lo que deja bajo beneficios arancelarios a casi la totalidad de los productos agr\u00edcolas exportados.<\/p>\n\n\n\n<p>En sentido inverso, el Mercosur reducir\u00e1 de manera <strong>escalonada<\/strong> sus aranceles a bienes europeos, con el objetivo de equiparar condiciones frente a pa\u00edses que ya poseen acuerdos similares con la UE, como <strong>Chile<\/strong> o <strong>M\u00e9xico<\/strong>.<\/p>\n\n\n\n<div style=\"height:100px\" aria-hidden=\"true\" class=\"wp-block-spacer\"><\/div>\n\n\n\n<p><strong>Apertura comercial y compromisos espec\u00edficos<\/strong><\/p>\n\n\n\n<p>El acuerdo prev\u00e9 distintos mecanismos de apertura. Algunos productos tendr\u00e1n <strong>eliminaci\u00f3n inmediata de aranceles<\/strong>, entre ellos harina y porotos de soja, man\u00ed, frutas frescas, legumbres y productos pesqueros. Otros bienes, como aceites vegetales, vinos y alimentos procesados, tendr\u00e1n <strong>desgravaciones graduales<\/strong> que se extender\u00e1n entre cuatro y diez a\u00f1os.<\/p>\n\n\n\n<p>Tambi\u00e9n se fijaron <strong>cuotas arancelarias<\/strong> para productos considerados sensibles, como carnes, arroz, ma\u00edz, miel, quesos y leche en polvo. Estas cuotas ser\u00e1n asignadas al Mercosur en su conjunto y luego deber\u00e1n distribuirse internamente entre los pa\u00edses miembros.<\/p>\n\n\n\n<p>En materia de <strong>derechos de exportaci\u00f3n<\/strong>, el acuerdo establece que, a partir del tercer a\u00f1o de su entrada en vigor, la Argentina dejar\u00e1 de aplicar retenciones a la mayor\u00eda de los productos exportados a la UE. Habr\u00e1 excepciones para sectores como soja, hidrocarburos, papel, corcho y chatarra. En el complejo sojero, los topes m\u00e1ximos comenzar\u00e1n en <strong>18%<\/strong> y descender\u00e1n gradualmente hasta <strong>14%<\/strong> al d\u00e9cimo a\u00f1o.<\/p>\n\n\n\n<div style=\"height:100px\" aria-hidden=\"true\" class=\"wp-block-spacer\"><\/div>\n\n\n\n<p><strong>Reglas sanitarias y previsibilidad comercial<\/strong><\/p>\n\n\n\n<p>Uno de los cap\u00edtulos destacados del pacto es el sanitario y fitosanitario. El texto fija <strong>plazos obligatorios<\/strong> para auditor\u00edas y evaluaciones, prioriza criterios cient\u00edficos y crea un <strong>mecanismo bilateral de consultas<\/strong>, con el objetivo de reducir la discrecionalidad y facilitar el ingreso de productos argentinos al mercado europeo.<\/p>\n\n\n\n<p>El acuerdo tambi\u00e9n limita el uso de <strong>restricciones cuantitativas<\/strong> y de licencias no autom\u00e1ticas, y avanza en un mayor alineamiento regulatorio en \u00e1reas como facilitaci\u00f3n comercial, procedimientos aduaneros, servicios, compras p\u00fablicas y propiedad intelectual.<\/p>\n\n\n\n<div style=\"height:100px\" aria-hidden=\"true\" class=\"wp-block-spacer\"><\/div>\n\n\n\n<p><strong>Impacto econ\u00f3mico y expectativas<\/strong><\/p>\n\n\n\n<p>Seg\u00fan estimaciones difundidas por la delegaci\u00f3n argentina ante la UE, el comercio bilateral podr\u00eda incrementarse de manera significativa. Las exportaciones europeas al Mercosur crecer\u00edan un <strong>39%<\/strong>, mientras que las del Mercosur a la UE aumentar\u00edan un <strong>17%<\/strong>, lo que representar\u00eda montos adicionales de <strong>48.700 millones<\/strong> y <strong>8.900 millones de euros<\/strong>, respectivamente.<\/p>\n\n\n\n<p>El mercado europeo es considerado estrat\u00e9gico por el sector agroindustrial: la UE importa productos del sector por unos <strong>220.000 millones de d\u00f3lares<\/strong>, y la Argentina explica alrededor del <strong>3%<\/strong> de ese total.<\/p>\n\n\n\n<div style=\"height:100px\" aria-hidden=\"true\" class=\"wp-block-spacer\"><\/div>\n\n\n\n<p><strong>La visi\u00f3n del sector empresario<\/strong><\/p>\n\n\n\n<p>El avance del acuerdo fue bien recibido por distintas entidades empresarias argentinas. La <strong>Asociaci\u00f3n Empresaria Argentina (AEA)<\/strong> sostuvo que la celebraci\u00f3n de acuerdos comerciales y de inversiones permitir\u00e1 el acceso a nuevos mercados \u201ccon criterios de reciprocidad\u201d y ser\u00e1 positiva para el desarrollo econ\u00f3mico y social.<\/p>\n\n\n\n<p>El <strong>Grupo de los 6 (G6)<\/strong> calific\u00f3 la aprobaci\u00f3n europea como un paso m\u00e1s hacia la conformaci\u00f3n de un \u00e1rea de libre comercio entre ambos bloques y afirm\u00f3 que el intercambio ser\u00e1 beneficioso para las econom\u00edas y las poblaciones involucradas.<\/p>\n\n\n\n<p>Desde la <strong>Sociedad Rural Argentina (SRA)<\/strong> destacaron el car\u00e1cter estrat\u00e9gico del entendimiento tras m\u00e1s de 25 a\u00f1os de negociaciones y remarcaron la oportunidad de fortalecer la presencia de productos argentinos en el mercado internacional.<\/p>\n\n\n\n<p>Funcionarios de ambos bloques se\u00f1alaron que, si se cumplen los plazos previstos, el acuerdo podr\u00eda comenzar a implementarse hacia <strong>fin de a\u00f1o<\/strong>, mientras gobiernos y empresas ajustan sus estrategias para aprovechar las nuevas condiciones comerciales.<\/p>\n\n\n\n<p><\/p>\n","protected":false},"excerpt":{"rendered":"<p>El Mercosur y la Uni\u00f3n Europea (UE) firmaron este s\u00e1bado en Asunci\u00f3n el acuerdo de asociaci\u00f3n comercial que ambos bloques negociaron durante m\u00e1s de dos d\u00e9cadas. El entendimiento, considerado un&hellip;<\/p>\n","protected":false},"author":3,"featured_media":317988,"comment_status":"closed","ping_status":"open","sticky":false,"template":"","format":"standard","meta":{"_acf_changed":false,"footnotes":""},"categories":[4,8],"tags":[],"class_list":["post-317985","post","type-post","status-publish","format-standard","has-post-thumbnail","hentry","category-destacadas","category-politica"],"acf":[],"yoast_head":"<!-- This site is optimized with the Yoast SEO plugin v27.4 - https:\/\/yoast.com\/product\/yoast-seo-wordpress\/ -->\n<title>Se firm\u00f3 el acuerdo Mercosur-Uni\u00f3n Europea, luego de 26 a\u00f1os de negociaciones - Diario Textual<\/title>\n<meta name=\"robots\" content=\"index, follow, max-snippet:-1, max-image-preview:large, max-video-preview:-1\" \/>\n<link rel=\"canonical\" href=\"https:\/\/diariotextual.com\/inicio\/index.php\/2026\/01\/17\/se-firmo-el-acuerdo-mercosur-union-europea-luego-de-26-anos-de-negociaciones\/\" \/>\n<meta property=\"og:locale\" content=\"es_ES\" \/>\n<meta property=\"og:type\" content=\"article\" \/>\n<meta property=\"og:title\" content=\"Se firm\u00f3 el acuerdo Mercosur-Uni\u00f3n Europea, luego de 26 a\u00f1os de negociaciones - Diario Textual\" \/>\n<meta property=\"og:description\" content=\"El Mercosur y la Uni\u00f3n Europea (UE) firmaron este s\u00e1bado en Asunci\u00f3n el acuerdo de asociaci\u00f3n comercial que ambos bloques negociaron durante m\u00e1s de dos d\u00e9cadas. El entendimiento, considerado un&hellip;\" \/>\n<meta property=\"og:url\" content=\"https:\/\/diariotextual.com\/inicio\/index.php\/2026\/01\/17\/se-firmo-el-acuerdo-mercosur-union-europea-luego-de-26-anos-de-negociaciones\/\" \/>\n<meta property=\"og:site_name\" content=\"Diario Textual\" \/>\n<meta property=\"article:publisher\" content=\"https:\/\/www.facebook.com\/eltextual\" \/>\n<meta property=\"article:published_time\" content=\"2026-01-17T23:07:44+00:00\" \/>\n<meta property=\"article:modified_time\" content=\"2026-01-18T11:36:56+00:00\" \/>\n<meta property=\"og:image\" content=\"https:\/\/diariotextual.com\/inicio\/wp-content\/uploads\/2026\/01\/mercosuruunioneuropeafirmaconvenio2026-7.jpg\" \/>\n\t<meta property=\"og:image:width\" content=\"1280\" \/>\n\t<meta property=\"og:image:height\" content=\"854\" \/>\n\t<meta property=\"og:image:type\" content=\"image\/jpeg\" \/>\n<meta name=\"author\" content=\"Diario1 Diario1\" \/>\n<meta name=\"twitter:card\" content=\"summary_large_image\" \/>\n<meta name=\"twitter:creator\" content=\"@eltextual\" \/>\n<meta name=\"twitter:site\" content=\"@eltextual\" \/>\n<meta name=\"twitter:label1\" content=\"Escrito por\" \/>\n\t<meta name=\"twitter:data1\" content=\"Diario1 Diario1\" \/>\n\t<meta name=\"twitter:label2\" content=\"Tiempo de lectura\" \/>\n\t<meta name=\"twitter:data2\" content=\"5 minutos\" \/>\n<script type=\"application\/ld+json\" class=\"yoast-schema-graph\">{\"@context\":\"https:\\\/\\\/schema.org\",\"@graph\":[{\"@type\":\"Article\",\"@id\":\"https:\\\/\\\/diariotextual.com\\\/inicio\\\/index.php\\\/2026\\\/01\\\/17\\\/se-firmo-el-acuerdo-mercosur-union-europea-luego-de-26-anos-de-negociaciones\\\/#article\",\"isPartOf\":{\"@id\":\"https:\\\/\\\/diariotextual.com\\\/inicio\\\/index.php\\\/2026\\\/01\\\/17\\\/se-firmo-el-acuerdo-mercosur-union-europea-luego-de-26-anos-de-negociaciones\\\/\"},\"author\":{\"name\":\"Diario1 Diario1\",\"@id\":\"https:\\\/\\\/diariotextual.com\\\/inicio\\\/#\\\/schema\\\/person\\\/418fc4093c33e86ed41562db3508f958\"},\"headline\":\"Se firm\u00f3 el acuerdo Mercosur-Uni\u00f3n Europea, luego de 26 a\u00f1os de negociaciones\",\"datePublished\":\"2026-01-17T23:07:44+00:00\",\"dateModified\":\"2026-01-18T11:36:56+00:00\",\"mainEntityOfPage\":{\"@id\":\"https:\\\/\\\/diariotextual.com\\\/inicio\\\/index.php\\\/2026\\\/01\\\/17\\\/se-firmo-el-acuerdo-mercosur-union-europea-luego-de-26-anos-de-negociaciones\\\/\"},\"wordCount\":1040,\"publisher\":{\"@id\":\"https:\\\/\\\/diariotextual.com\\\/inicio\\\/#organization\"},\"image\":{\"@id\":\"https:\\\/\\\/diariotextual.com\\\/inicio\\\/index.php\\\/2026\\\/01\\\/17\\\/se-firmo-el-acuerdo-mercosur-union-europea-luego-de-26-anos-de-negociaciones\\\/#primaryimage\"},\"thumbnailUrl\":\"https:\\\/\\\/diariotextual.com\\\/inicio\\\/wp-content\\\/uploads\\\/2026\\\/01\\\/mercosuruunioneuropeafirmaconvenio2026-7.jpg\",\"articleSection\":[\"A - DESTACADAS (mod 16)\",\"POLITICA\"],\"inLanguage\":\"es\"},{\"@type\":\"WebPage\",\"@id\":\"https:\\\/\\\/diariotextual.com\\\/inicio\\\/index.php\\\/2026\\\/01\\\/17\\\/se-firmo-el-acuerdo-mercosur-union-europea-luego-de-26-anos-de-negociaciones\\\/\",\"url\":\"https:\\\/\\\/diariotextual.com\\\/inicio\\\/index.php\\\/2026\\\/01\\\/17\\\/se-firmo-el-acuerdo-mercosur-union-europea-luego-de-26-anos-de-negociaciones\\\/\",\"name\":\"Se firm\u00f3 el acuerdo Mercosur-Uni\u00f3n Europea, luego de 26 a\u00f1os de negociaciones - Diario Textual\",\"isPartOf\":{\"@id\":\"https:\\\/\\\/diariotextual.com\\\/inicio\\\/#website\"},\"primaryImageOfPage\":{\"@id\":\"https:\\\/\\\/diariotextual.com\\\/inicio\\\/index.php\\\/2026\\\/01\\\/17\\\/se-firmo-el-acuerdo-mercosur-union-europea-luego-de-26-anos-de-negociaciones\\\/#primaryimage\"},\"image\":{\"@id\":\"https:\\\/\\\/diariotextual.com\\\/inicio\\\/index.php\\\/2026\\\/01\\\/17\\\/se-firmo-el-acuerdo-mercosur-union-europea-luego-de-26-anos-de-negociaciones\\\/#primaryimage\"},\"thumbnailUrl\":\"https:\\\/\\\/diariotextual.com\\\/inicio\\\/wp-content\\\/uploads\\\/2026\\\/01\\\/mercosuruunioneuropeafirmaconvenio2026-7.jpg\",\"datePublished\":\"2026-01-17T23:07:44+00:00\",\"dateModified\":\"2026-01-18T11:36:56+00:00\",\"breadcrumb\":{\"@id\":\"https:\\\/\\\/diariotextual.com\\\/inicio\\\/index.php\\\/2026\\\/01\\\/17\\\/se-firmo-el-acuerdo-mercosur-union-europea-luego-de-26-anos-de-negociaciones\\\/#breadcrumb\"},\"inLanguage\":\"es\",\"potentialAction\":[{\"@type\":\"ReadAction\",\"target\":[\"https:\\\/\\\/diariotextual.com\\\/inicio\\\/index.php\\\/2026\\\/01\\\/17\\\/se-firmo-el-acuerdo-mercosur-union-europea-luego-de-26-anos-de-negociaciones\\\/\"]}]},{\"@type\":\"ImageObject\",\"inLanguage\":\"es\",\"@id\":\"https:\\\/\\\/diariotextual.com\\\/inicio\\\/index.php\\\/2026\\\/01\\\/17\\\/se-firmo-el-acuerdo-mercosur-union-europea-luego-de-26-anos-de-negociaciones\\\/#primaryimage\",\"url\":\"https:\\\/\\\/diariotextual.com\\\/inicio\\\/wp-content\\\/uploads\\\/2026\\\/01\\\/mercosuruunioneuropeafirmaconvenio2026-7.jpg\",\"contentUrl\":\"https:\\\/\\\/diariotextual.com\\\/inicio\\\/wp-content\\\/uploads\\\/2026\\\/01\\\/mercosuruunioneuropeafirmaconvenio2026-7.jpg\",\"width\":1280,\"height\":854},{\"@type\":\"BreadcrumbList\",\"@id\":\"https:\\\/\\\/diariotextual.com\\\/inicio\\\/index.php\\\/2026\\\/01\\\/17\\\/se-firmo-el-acuerdo-mercosur-union-europea-luego-de-26-anos-de-negociaciones\\\/#breadcrumb\",\"itemListElement\":[{\"@type\":\"ListItem\",\"position\":1,\"name\":\"Portada\",\"item\":\"https:\\\/\\\/diariotextual.com\\\/inicio\\\/\"},{\"@type\":\"ListItem\",\"position\":2,\"name\":\"Se firm\u00f3 el acuerdo Mercosur-Uni\u00f3n Europea, luego de 26 a\u00f1os de negociaciones\"}]},{\"@type\":\"WebSite\",\"@id\":\"https:\\\/\\\/diariotextual.com\\\/inicio\\\/#website\",\"url\":\"https:\\\/\\\/diariotextual.com\\\/inicio\\\/\",\"name\":\"Diario Textual\",\"description\":\"\",\"publisher\":{\"@id\":\"https:\\\/\\\/diariotextual.com\\\/inicio\\\/#organization\"},\"potentialAction\":[{\"@type\":\"SearchAction\",\"target\":{\"@type\":\"EntryPoint\",\"urlTemplate\":\"https:\\\/\\\/diariotextual.com\\\/inicio\\\/?s={search_term_string}\"},\"query-input\":{\"@type\":\"PropertyValueSpecification\",\"valueRequired\":true,\"valueName\":\"search_term_string\"}}],\"inLanguage\":\"es\"},{\"@type\":\"Organization\",\"@id\":\"https:\\\/\\\/diariotextual.com\\\/inicio\\\/#organization\",\"name\":\"Diario Textual\",\"url\":\"https:\\\/\\\/diariotextual.com\\\/inicio\\\/\",\"logo\":{\"@type\":\"ImageObject\",\"inLanguage\":\"es\",\"@id\":\"https:\\\/\\\/diariotextual.com\\\/inicio\\\/#\\\/schema\\\/logo\\\/image\\\/\",\"url\":\"https:\\\/\\\/diariotextual.com\\\/inicio\\\/wp-content\\\/uploads\\\/2023\\\/05\\\/logotextual1.jpg\",\"contentUrl\":\"https:\\\/\\\/diariotextual.com\\\/inicio\\\/wp-content\\\/uploads\\\/2023\\\/05\\\/logotextual1.jpg\",\"width\":516,\"height\":76,\"caption\":\"Diario Textual\"},\"image\":{\"@id\":\"https:\\\/\\\/diariotextual.com\\\/inicio\\\/#\\\/schema\\\/logo\\\/image\\\/\"},\"sameAs\":[\"https:\\\/\\\/www.facebook.com\\\/eltextual\",\"https:\\\/\\\/x.com\\\/eltextual\",\"http:\\\/\\\/www.instagram.com\\\/eltextual\"]},{\"@type\":\"Person\",\"@id\":\"https:\\\/\\\/diariotextual.com\\\/inicio\\\/#\\\/schema\\\/person\\\/418fc4093c33e86ed41562db3508f958\",\"name\":\"Diario1 Diario1\",\"image\":{\"@type\":\"ImageObject\",\"inLanguage\":\"es\",\"@id\":\"https:\\\/\\\/secure.gravatar.com\\\/avatar\\\/9167d280179c85bc18be67aa7eda765854300033af4896dd779b608640f2ef7a?s=96&d=mm&r=g\",\"url\":\"https:\\\/\\\/secure.gravatar.com\\\/avatar\\\/9167d280179c85bc18be67aa7eda765854300033af4896dd779b608640f2ef7a?s=96&d=mm&r=g\",\"contentUrl\":\"https:\\\/\\\/secure.gravatar.com\\\/avatar\\\/9167d280179c85bc18be67aa7eda765854300033af4896dd779b608640f2ef7a?s=96&d=mm&r=g\",\"caption\":\"Diario1 Diario1\"},\"url\":\"https:\\\/\\\/diariotextual.com\\\/inicio\\\/index.php\\\/author\\\/diario1\\\/\"}]}<\/script>\n<!-- \/ Yoast SEO plugin. -->","yoast_head_json":{"title":"Se firm\u00f3 el acuerdo Mercosur-Uni\u00f3n Europea, luego de 26 a\u00f1os de negociaciones - Diario Textual","robots":{"index":"index","follow":"follow","max-snippet":"max-snippet:-1","max-image-preview":"max-image-preview:large","max-video-preview":"max-video-preview:-1"},"canonical":"https:\/\/diariotextual.com\/inicio\/index.php\/2026\/01\/17\/se-firmo-el-acuerdo-mercosur-union-europea-luego-de-26-anos-de-negociaciones\/","og_locale":"es_ES","og_type":"article","og_title":"Se firm\u00f3 el acuerdo Mercosur-Uni\u00f3n Europea, luego de 26 a\u00f1os de negociaciones - Diario Textual","og_description":"El Mercosur y la Uni\u00f3n Europea (UE) firmaron este s\u00e1bado en Asunci\u00f3n el acuerdo de asociaci\u00f3n comercial que ambos bloques negociaron durante m\u00e1s de dos d\u00e9cadas. El entendimiento, considerado un&hellip;","og_url":"https:\/\/diariotextual.com\/inicio\/index.php\/2026\/01\/17\/se-firmo-el-acuerdo-mercosur-union-europea-luego-de-26-anos-de-negociaciones\/","og_site_name":"Diario Textual","article_publisher":"https:\/\/www.facebook.com\/eltextual","article_published_time":"2026-01-17T23:07:44+00:00","article_modified_time":"2026-01-18T11:36:56+00:00","og_image":[{"width":1280,"height":854,"url":"https:\/\/diariotextual.com\/inicio\/wp-content\/uploads\/2026\/01\/mercosuruunioneuropeafirmaconvenio2026-7.jpg","type":"image\/jpeg"}],"author":"Diario1 Diario1","twitter_card":"summary_large_image","twitter_creator":"@eltextual","twitter_site":"@eltextual","twitter_misc":{"Escrito por":"Diario1 Diario1","Tiempo de lectura":"5 minutos"},"schema":{"@context":"https:\/\/schema.org","@graph":[{"@type":"Article","@id":"https:\/\/diariotextual.com\/inicio\/index.php\/2026\/01\/17\/se-firmo-el-acuerdo-mercosur-union-europea-luego-de-26-anos-de-negociaciones\/#article","isPartOf":{"@id":"https:\/\/diariotextual.com\/inicio\/index.php\/2026\/01\/17\/se-firmo-el-acuerdo-mercosur-union-europea-luego-de-26-anos-de-negociaciones\/"},"author":{"name":"Diario1 Diario1","@id":"https:\/\/diariotextual.com\/inicio\/#\/schema\/person\/418fc4093c33e86ed41562db3508f958"},"headline":"Se firm\u00f3 el acuerdo Mercosur-Uni\u00f3n Europea, luego de 26 a\u00f1os de negociaciones","datePublished":"2026-01-17T23:07:44+00:00","dateModified":"2026-01-18T11:36:56+00:00","mainEntityOfPage":{"@id":"https:\/\/diariotextual.com\/inicio\/index.php\/2026\/01\/17\/se-firmo-el-acuerdo-mercosur-union-europea-luego-de-26-anos-de-negociaciones\/"},"wordCount":1040,"publisher":{"@id":"https:\/\/diariotextual.com\/inicio\/#organization"},"image":{"@id":"https:\/\/diariotextual.com\/inicio\/index.php\/2026\/01\/17\/se-firmo-el-acuerdo-mercosur-union-europea-luego-de-26-anos-de-negociaciones\/#primaryimage"},"thumbnailUrl":"https:\/\/diariotextual.com\/inicio\/wp-content\/uploads\/2026\/01\/mercosuruunioneuropeafirmaconvenio2026-7.jpg","articleSection":["A - DESTACADAS (mod 16)","POLITICA"],"inLanguage":"es"},{"@type":"WebPage","@id":"https:\/\/diariotextual.com\/inicio\/index.php\/2026\/01\/17\/se-firmo-el-acuerdo-mercosur-union-europea-luego-de-26-anos-de-negociaciones\/","url":"https:\/\/diariotextual.com\/inicio\/index.php\/2026\/01\/17\/se-firmo-el-acuerdo-mercosur-union-europea-luego-de-26-anos-de-negociaciones\/","name":"Se firm\u00f3 el acuerdo Mercosur-Uni\u00f3n Europea, luego de 26 a\u00f1os de negociaciones - Diario Textual","isPartOf":{"@id":"https:\/\/diariotextual.com\/inicio\/#website"},"primaryImageOfPage":{"@id":"https:\/\/diariotextual.com\/inicio\/index.php\/2026\/01\/17\/se-firmo-el-acuerdo-mercosur-union-europea-luego-de-26-anos-de-negociaciones\/#primaryimage"},"image":{"@id":"https:\/\/diariotextual.com\/inicio\/index.php\/2026\/01\/17\/se-firmo-el-acuerdo-mercosur-union-europea-luego-de-26-anos-de-negociaciones\/#primaryimage"},"thumbnailUrl":"https:\/\/diariotextual.com\/inicio\/wp-content\/uploads\/2026\/01\/mercosuruunioneuropeafirmaconvenio2026-7.jpg","datePublished":"2026-01-17T23:07:44+00:00","dateModified":"2026-01-18T11:36:56+00:00","breadcrumb":{"@id":"https:\/\/diariotextual.com\/inicio\/index.php\/2026\/01\/17\/se-firmo-el-acuerdo-mercosur-union-europea-luego-de-26-anos-de-negociaciones\/#breadcrumb"},"inLanguage":"es","potentialAction":[{"@type":"ReadAction","target":["https:\/\/diariotextual.com\/inicio\/index.php\/2026\/01\/17\/se-firmo-el-acuerdo-mercosur-union-europea-luego-de-26-anos-de-negociaciones\/"]}]},{"@type":"ImageObject","inLanguage":"es","@id":"https:\/\/diariotextual.com\/inicio\/index.php\/2026\/01\/17\/se-firmo-el-acuerdo-mercosur-union-europea-luego-de-26-anos-de-negociaciones\/#primaryimage","url":"https:\/\/diariotextual.com\/inicio\/wp-content\/uploads\/2026\/01\/mercosuruunioneuropeafirmaconvenio2026-7.jpg","contentUrl":"https:\/\/diariotextual.com\/inicio\/wp-content\/uploads\/2026\/01\/mercosuruunioneuropeafirmaconvenio2026-7.jpg","width":1280,"height":854},{"@type":"BreadcrumbList","@id":"https:\/\/diariotextual.com\/inicio\/index.php\/2026\/01\/17\/se-firmo-el-acuerdo-mercosur-union-europea-luego-de-26-anos-de-negociaciones\/#breadcrumb","itemListElement":[{"@type":"ListItem","position":1,"name":"Portada","item":"https:\/\/diariotextual.com\/inicio\/"},{"@type":"ListItem","position":2,"name":"Se firm\u00f3 el acuerdo Mercosur-Uni\u00f3n Europea, luego de 26 a\u00f1os de negociaciones"}]},{"@type":"WebSite","@id":"https:\/\/diariotextual.com\/inicio\/#website","url":"https:\/\/diariotextual.com\/inicio\/","name":"Diario Textual","description":"","publisher":{"@id":"https:\/\/diariotextual.com\/inicio\/#organization"},"potentialAction":[{"@type":"SearchAction","target":{"@type":"EntryPoint","urlTemplate":"https:\/\/diariotextual.com\/inicio\/?s={search_term_string}"},"query-input":{"@type":"PropertyValueSpecification","valueRequired":true,"valueName":"search_term_string"}}],"inLanguage":"es"},{"@type":"Organization","@id":"https:\/\/diariotextual.com\/inicio\/#organization","name":"Diario Textual","url":"https:\/\/diariotextual.com\/inicio\/","logo":{"@type":"ImageObject","inLanguage":"es","@id":"https:\/\/diariotextual.com\/inicio\/#\/schema\/logo\/image\/","url":"https:\/\/diariotextual.com\/inicio\/wp-content\/uploads\/2023\/05\/logotextual1.jpg","contentUrl":"https:\/\/diariotextual.com\/inicio\/wp-content\/uploads\/2023\/05\/logotextual1.jpg","width":516,"height":76,"caption":"Diario Textual"},"image":{"@id":"https:\/\/diariotextual.com\/inicio\/#\/schema\/logo\/image\/"},"sameAs":["https:\/\/www.facebook.com\/eltextual","https:\/\/x.com\/eltextual","http:\/\/www.instagram.com\/eltextual"]},{"@type":"Person","@id":"https:\/\/diariotextual.com\/inicio\/#\/schema\/person\/418fc4093c33e86ed41562db3508f958","name":"Diario1 Diario1","image":{"@type":"ImageObject","inLanguage":"es","@id":"https:\/\/secure.gravatar.com\/avatar\/9167d280179c85bc18be67aa7eda765854300033af4896dd779b608640f2ef7a?s=96&d=mm&r=g","url":"https:\/\/secure.gravatar.com\/avatar\/9167d280179c85bc18be67aa7eda765854300033af4896dd779b608640f2ef7a?s=96&d=mm&r=g","contentUrl":"https:\/\/secure.gravatar.com\/avatar\/9167d280179c85bc18be67aa7eda765854300033af4896dd779b608640f2ef7a?s=96&d=mm&r=g","caption":"Diario1 Diario1"},"url":"https:\/\/diariotextual.com\/inicio\/index.php\/author\/diario1\/"}]}},"_links":{"self":[{"href":"https:\/\/diariotextual.com\/inicio\/index.php\/wp-json\/wp\/v2\/posts\/317985","targetHints":{"allow":["GET"]}}],"collection":[{"href":"https:\/\/diariotextual.com\/inicio\/index.php\/wp-json\/wp\/v2\/posts"}],"about":[{"href":"https:\/\/diariotextual.com\/inicio\/index.php\/wp-json\/wp\/v2\/types\/post"}],"author":[{"embeddable":true,"href":"https:\/\/diariotextual.com\/inicio\/index.php\/wp-json\/wp\/v2\/users\/3"}],"replies":[{"embeddable":true,"href":"https:\/\/diariotextual.com\/inicio\/index.php\/wp-json\/wp\/v2\/comments?post=317985"}],"version-history":[{"count":2,"href":"https:\/\/diariotextual.com\/inicio\/index.php\/wp-json\/wp\/v2\/posts\/317985\/revisions"}],"predecessor-version":[{"id":317987,"href":"https:\/\/diariotextual.com\/inicio\/index.php\/wp-json\/wp\/v2\/posts\/317985\/revisions\/317987"}],"wp:featuredmedia":[{"embeddable":true,"href":"https:\/\/diariotextual.com\/inicio\/index.php\/wp-json\/wp\/v2\/media\/317988"}],"wp:attachment":[{"href":"https:\/\/diariotextual.com\/inicio\/index.php\/wp-json\/wp\/v2\/media?parent=317985"}],"wp:term":[{"taxonomy":"category","embeddable":true,"href":"https:\/\/diariotextual.com\/inicio\/index.php\/wp-json\/wp\/v2\/categories?post=317985"},{"taxonomy":"post_tag","embeddable":true,"href":"https:\/\/diariotextual.com\/inicio\/index.php\/wp-json\/wp\/v2\/tags?post=317985"}],"curies":[{"name":"wp","href":"https:\/\/api.w.org\/{rel}","templated":true}]}}