{"id":318015,"date":"2026-01-18T20:12:34","date_gmt":"2026-01-18T23:12:34","guid":{"rendered":"https:\/\/diariotextual.com\/inicio\/?p=318015"},"modified":"2026-01-19T07:38:10","modified_gmt":"2026-01-19T10:38:10","slug":"lula-critico-a-trump-y-la-doctrina-donroe-en-una-columna-en-the-new-york-times","status":"publish","type":"post","link":"https:\/\/diariotextual.com\/inicio\/index.php\/2026\/01\/18\/lula-critico-a-trump-y-la-doctrina-donroe-en-una-columna-en-the-new-york-times\/","title":{"rendered":"Lula critic\u00f3 a Trump y la \u201cdoctrina Donroe\u201d en una columna en The New York Times"},"content":{"rendered":"\n<p>En una columna de opini\u00f3n de alto impacto publicada este domingo en el diario <em>The New York Times<\/em>, el presidente de Brasil, Luiz In\u00e1cio Lula da Silva, lanz\u00f3 una dura cr\u00edtica contra el gobierno de Donald Trump, a quien acus\u00f3 de intentar revivir el neocolonialismo en Am\u00e9rica Latina tras la intervenci\u00f3n militar en Venezuela.<\/p>\n\n\n\n<p>Bajo el t\u00edtulo <em>\u201cEste hemisferio nos pertenece a todos\u201d<\/em>, el mandatario brasile\u00f1o sent\u00f3 una posici\u00f3n de soberan\u00eda regional frente a la denominada <strong>\u201cdoctrina Donroe\u201d<\/strong>, t\u00e9rmino con el que analistas y el propio Lula identifican una reedici\u00f3n de la Doctrina Monroe de 1823, orientada a consolidar la hegemon\u00eda estadounidense sobre el continente.<\/p>\n\n\n\n<div style=\"height:100px\" aria-hidden=\"true\" class=\"wp-block-spacer\"><\/div>\n\n\n\n<p><strong>Cr\u00edtica a la invasi\u00f3n y a la captura de Maduro<\/strong><\/p>\n\n\n\n<p>Lula calific\u00f3 el bombardeo en territorio venezolano y la captura de Nicol\u00e1s Maduro, ocurridos el pasado 3 de enero, como el cap\u00edtulo m\u00e1s \u201clamentable\u201d de la erosi\u00f3n del derecho internacional desde la Segunda Guerra Mundial.<\/p>\n\n\n\n<p>\u201cEl uso de la fuerza jam\u00e1s nos acercar\u00e1 a los objetivos de paz y seguridad\u201d, sentenci\u00f3 el presidente brasile\u00f1o, quien consider\u00f3 \u201cpr\u00e1cticas obsoletas\u201d a la divisi\u00f3n del mundo en zonas de influencia.<\/p>\n\n\n\n<p>Aunque evit\u00f3 defender la gesti\u00f3n de Maduro, subray\u00f3 que \u201cno es leg\u00edtimo que otro Estado se arrogue el derecho de hacer justicia\u201d y remarc\u00f3 que el futuro de Venezuela debe quedar exclusivamente en manos de su pueblo.<\/p>\n\n\n\n<p>Tambi\u00e9n resalt\u00f3 que se trata de la primera vez en 200 a\u00f1os que Am\u00e9rica del Sur sufre un ataque militar directo de Estados Unidos, al diferenciarlo de las intervenciones indirectas registradas en el pasado.<\/p>\n\n\n\n<div style=\"height:100px\" aria-hidden=\"true\" class=\"wp-block-spacer\"><\/div>\n\n\n\n<p><strong>\u00bfQu\u00e9 es la Doctrina Monroe y su versi\u00f3n \u201cDonroe\u201d?<\/strong><\/p>\n\n\n\n<p>La Doctrina Monroe, formulada en 1823, establec\u00eda que cualquier intervenci\u00f3n europea en Am\u00e9rica ser\u00eda considerada un acto de agresi\u00f3n contra Estados Unidos, bajo el lema \u201cAm\u00e9rica para los americanos\u201d. La versi\u00f3n actual atribuida a Trump, seg\u00fan plantea Lula, sugiere un supuesto derecho de intervenci\u00f3n directa para asegurar recursos y orden en funci\u00f3n de los intereses de Washington.<\/p>\n\n\n\n<p>Para el l\u00edder del Partido de los Trabajadores (PT), las acciones unilaterales de Estados Unidos desorganizan el comercio mundial, incrementan los flujos de refugiados y debilitan la lucha contra el crimen organizado al marginar a las instituciones multilaterales.<\/p>\n\n\n\n<div style=\"height:100px\" aria-hidden=\"true\" class=\"wp-block-spacer\"><\/div>\n\n\n\n<p><strong>\u201cNo seremos sirvientes\u201d<\/strong><\/p>\n\n\n\n<p>Lula fue enf\u00e1tico al declarar que Brasil no ser\u00e1 \u201cservil\u201d a proyectos hegem\u00f3nicos. En ese sentido, llam\u00f3 a las grandes potencias a comprender que un mundo basado en la hostilidad permanente no es viable y que el liderazgo global no puede sostenerse \u00fanicamente en el miedo y la coerci\u00f3n.<\/p>\n\n\n\n<p>El art\u00edculo se publica en un contexto de m\u00e1xima tensi\u00f3n diplom\u00e1tica, pocos d\u00edas despu\u00e9s de que Brasil retirara su protecci\u00f3n a la embajada argentina en Caracas, un gesto que confirma que el Palacio del Planalto busca posicionarse como contrapeso regional a la influencia de la Casa Blanca en el Cono Sur.<\/p>\n\n\n\n<p><\/p>\n","protected":false},"excerpt":{"rendered":"<p>En una columna de opini\u00f3n de alto impacto publicada este domingo en el diario The New York Times, el presidente de Brasil, Luiz In\u00e1cio Lula da Silva, lanz\u00f3 una dura&hellip;<\/p>\n","protected":false},"author":3,"featured_media":202254,"comment_status":"closed","ping_status":"open","sticky":false,"template":"","format":"standard","meta":{"_acf_changed":false,"footnotes":""},"categories":[1,7],"tags":[],"class_list":["post-318015","post","type-post","status-publish","format-standard","has-post-thumbnail","hentry","category-es-noticia","category-mundo"],"acf":[],"yoast_head":"<!-- This site is optimized with the Yoast SEO plugin v27.5 - https:\/\/yoast.com\/product\/yoast-seo-wordpress\/ -->\n<title>Lula critic\u00f3 a Trump y la \u201cdoctrina Donroe\u201d en una columna en The New York Times - Diario Textual<\/title>\n<meta name=\"robots\" content=\"index, follow, max-snippet:-1, max-image-preview:large, max-video-preview:-1\" \/>\n<link rel=\"canonical\" href=\"https:\/\/diariotextual.com\/inicio\/index.php\/2026\/01\/18\/lula-critico-a-trump-y-la-doctrina-donroe-en-una-columna-en-the-new-york-times\/\" \/>\n<meta property=\"og:locale\" content=\"es_ES\" \/>\n<meta property=\"og:type\" content=\"article\" \/>\n<meta property=\"og:title\" content=\"Lula critic\u00f3 a Trump y la \u201cdoctrina Donroe\u201d en una columna en The New York Times - Diario Textual\" \/>\n<meta property=\"og:description\" content=\"En una columna de opini\u00f3n de alto impacto publicada este domingo en el diario The New York Times, el presidente de Brasil, Luiz In\u00e1cio Lula da Silva, lanz\u00f3 una dura&hellip;\" \/>\n<meta property=\"og:url\" content=\"https:\/\/diariotextual.com\/inicio\/index.php\/2026\/01\/18\/lula-critico-a-trump-y-la-doctrina-donroe-en-una-columna-en-the-new-york-times\/\" \/>\n<meta property=\"og:site_name\" content=\"Diario Textual\" \/>\n<meta property=\"article:publisher\" content=\"https:\/\/www.facebook.com\/eltextual\" \/>\n<meta property=\"article:published_time\" content=\"2026-01-18T23:12:34+00:00\" \/>\n<meta property=\"article:modified_time\" content=\"2026-01-19T10:38:10+00:00\" \/>\n<meta property=\"og:image\" content=\"https:\/\/diariotextual.com\/inicio\/wp-content\/uploads\/2022\/10\/luladasilva2022-1.jpg\" \/>\n\t<meta property=\"og:image:width\" content=\"900\" \/>\n\t<meta property=\"og:image:height\" content=\"506\" \/>\n\t<meta property=\"og:image:type\" content=\"image\/jpeg\" \/>\n<meta name=\"author\" content=\"Diario1 Diario1\" \/>\n<meta name=\"twitter:card\" content=\"summary_large_image\" \/>\n<meta name=\"twitter:creator\" content=\"@eltextual\" \/>\n<meta name=\"twitter:site\" content=\"@eltextual\" \/>\n<meta name=\"twitter:label1\" content=\"Escrito por\" \/>\n\t<meta name=\"twitter:data1\" content=\"Diario1 Diario1\" \/>\n\t<meta name=\"twitter:label2\" content=\"Tiempo de lectura\" \/>\n\t<meta name=\"twitter:data2\" content=\"3 minutos\" \/>\n<script type=\"application\/ld+json\" class=\"yoast-schema-graph\">{\"@context\":\"https:\\\/\\\/schema.org\",\"@graph\":[{\"@type\":\"Article\",\"@id\":\"https:\\\/\\\/diariotextual.com\\\/inicio\\\/index.php\\\/2026\\\/01\\\/18\\\/lula-critico-a-trump-y-la-doctrina-donroe-en-una-columna-en-the-new-york-times\\\/#article\",\"isPartOf\":{\"@id\":\"https:\\\/\\\/diariotextual.com\\\/inicio\\\/index.php\\\/2026\\\/01\\\/18\\\/lula-critico-a-trump-y-la-doctrina-donroe-en-una-columna-en-the-new-york-times\\\/\"},\"author\":{\"name\":\"Diario1 Diario1\",\"@id\":\"https:\\\/\\\/diariotextual.com\\\/inicio\\\/#\\\/schema\\\/person\\\/418fc4093c33e86ed41562db3508f958\"},\"headline\":\"Lula critic\u00f3 a Trump y la \u201cdoctrina Donroe\u201d en una columna en The New York Times\",\"datePublished\":\"2026-01-18T23:12:34+00:00\",\"dateModified\":\"2026-01-19T10:38:10+00:00\",\"mainEntityOfPage\":{\"@id\":\"https:\\\/\\\/diariotextual.com\\\/inicio\\\/index.php\\\/2026\\\/01\\\/18\\\/lula-critico-a-trump-y-la-doctrina-donroe-en-una-columna-en-the-new-york-times\\\/\"},\"wordCount\":521,\"publisher\":{\"@id\":\"https:\\\/\\\/diariotextual.com\\\/inicio\\\/#organization\"},\"image\":{\"@id\":\"https:\\\/\\\/diariotextual.com\\\/inicio\\\/index.php\\\/2026\\\/01\\\/18\\\/lula-critico-a-trump-y-la-doctrina-donroe-en-una-columna-en-the-new-york-times\\\/#primaryimage\"},\"thumbnailUrl\":\"https:\\\/\\\/diariotextual.com\\\/inicio\\\/wp-content\\\/uploads\\\/2022\\\/10\\\/luladasilva2022-1.jpg\",\"articleSection\":[\"A - ES NOTICIA (van abajo)\",\"MUNDO\"],\"inLanguage\":\"es\"},{\"@type\":\"WebPage\",\"@id\":\"https:\\\/\\\/diariotextual.com\\\/inicio\\\/index.php\\\/2026\\\/01\\\/18\\\/lula-critico-a-trump-y-la-doctrina-donroe-en-una-columna-en-the-new-york-times\\\/\",\"url\":\"https:\\\/\\\/diariotextual.com\\\/inicio\\\/index.php\\\/2026\\\/01\\\/18\\\/lula-critico-a-trump-y-la-doctrina-donroe-en-una-columna-en-the-new-york-times\\\/\",\"name\":\"Lula critic\u00f3 a Trump y la \u201cdoctrina Donroe\u201d en una columna en The New York Times - Diario Textual\",\"isPartOf\":{\"@id\":\"https:\\\/\\\/diariotextual.com\\\/inicio\\\/#website\"},\"primaryImageOfPage\":{\"@id\":\"https:\\\/\\\/diariotextual.com\\\/inicio\\\/index.php\\\/2026\\\/01\\\/18\\\/lula-critico-a-trump-y-la-doctrina-donroe-en-una-columna-en-the-new-york-times\\\/#primaryimage\"},\"image\":{\"@id\":\"https:\\\/\\\/diariotextual.com\\\/inicio\\\/index.php\\\/2026\\\/01\\\/18\\\/lula-critico-a-trump-y-la-doctrina-donroe-en-una-columna-en-the-new-york-times\\\/#primaryimage\"},\"thumbnailUrl\":\"https:\\\/\\\/diariotextual.com\\\/inicio\\\/wp-content\\\/uploads\\\/2022\\\/10\\\/luladasilva2022-1.jpg\",\"datePublished\":\"2026-01-18T23:12:34+00:00\",\"dateModified\":\"2026-01-19T10:38:10+00:00\",\"breadcrumb\":{\"@id\":\"https:\\\/\\\/diariotextual.com\\\/inicio\\\/index.php\\\/2026\\\/01\\\/18\\\/lula-critico-a-trump-y-la-doctrina-donroe-en-una-columna-en-the-new-york-times\\\/#breadcrumb\"},\"inLanguage\":\"es\",\"potentialAction\":[{\"@type\":\"ReadAction\",\"target\":[\"https:\\\/\\\/diariotextual.com\\\/inicio\\\/index.php\\\/2026\\\/01\\\/18\\\/lula-critico-a-trump-y-la-doctrina-donroe-en-una-columna-en-the-new-york-times\\\/\"]}]},{\"@type\":\"ImageObject\",\"inLanguage\":\"es\",\"@id\":\"https:\\\/\\\/diariotextual.com\\\/inicio\\\/index.php\\\/2026\\\/01\\\/18\\\/lula-critico-a-trump-y-la-doctrina-donroe-en-una-columna-en-the-new-york-times\\\/#primaryimage\",\"url\":\"https:\\\/\\\/diariotextual.com\\\/inicio\\\/wp-content\\\/uploads\\\/2022\\\/10\\\/luladasilva2022-1.jpg\",\"contentUrl\":\"https:\\\/\\\/diariotextual.com\\\/inicio\\\/wp-content\\\/uploads\\\/2022\\\/10\\\/luladasilva2022-1.jpg\",\"width\":900,\"height\":506},{\"@type\":\"BreadcrumbList\",\"@id\":\"https:\\\/\\\/diariotextual.com\\\/inicio\\\/index.php\\\/2026\\\/01\\\/18\\\/lula-critico-a-trump-y-la-doctrina-donroe-en-una-columna-en-the-new-york-times\\\/#breadcrumb\",\"itemListElement\":[{\"@type\":\"ListItem\",\"position\":1,\"name\":\"Portada\",\"item\":\"https:\\\/\\\/diariotextual.com\\\/inicio\\\/\"},{\"@type\":\"ListItem\",\"position\":2,\"name\":\"Lula critic\u00f3 a Trump y la \u201cdoctrina Donroe\u201d en una columna en The New York Times\"}]},{\"@type\":\"WebSite\",\"@id\":\"https:\\\/\\\/diariotextual.com\\\/inicio\\\/#website\",\"url\":\"https:\\\/\\\/diariotextual.com\\\/inicio\\\/\",\"name\":\"Diario Textual\",\"description\":\"\",\"publisher\":{\"@id\":\"https:\\\/\\\/diariotextual.com\\\/inicio\\\/#organization\"},\"potentialAction\":[{\"@type\":\"SearchAction\",\"target\":{\"@type\":\"EntryPoint\",\"urlTemplate\":\"https:\\\/\\\/diariotextual.com\\\/inicio\\\/?s={search_term_string}\"},\"query-input\":{\"@type\":\"PropertyValueSpecification\",\"valueRequired\":true,\"valueName\":\"search_term_string\"}}],\"inLanguage\":\"es\"},{\"@type\":\"Organization\",\"@id\":\"https:\\\/\\\/diariotextual.com\\\/inicio\\\/#organization\",\"name\":\"Diario Textual\",\"url\":\"https:\\\/\\\/diariotextual.com\\\/inicio\\\/\",\"logo\":{\"@type\":\"ImageObject\",\"inLanguage\":\"es\",\"@id\":\"https:\\\/\\\/diariotextual.com\\\/inicio\\\/#\\\/schema\\\/logo\\\/image\\\/\",\"url\":\"https:\\\/\\\/diariotextual.com\\\/inicio\\\/wp-content\\\/uploads\\\/2023\\\/05\\\/logotextual1.jpg\",\"contentUrl\":\"https:\\\/\\\/diariotextual.com\\\/inicio\\\/wp-content\\\/uploads\\\/2023\\\/05\\\/logotextual1.jpg\",\"width\":516,\"height\":76,\"caption\":\"Diario Textual\"},\"image\":{\"@id\":\"https:\\\/\\\/diariotextual.com\\\/inicio\\\/#\\\/schema\\\/logo\\\/image\\\/\"},\"sameAs\":[\"https:\\\/\\\/www.facebook.com\\\/eltextual\",\"https:\\\/\\\/x.com\\\/eltextual\",\"http:\\\/\\\/www.instagram.com\\\/eltextual\"]},{\"@type\":\"Person\",\"@id\":\"https:\\\/\\\/diariotextual.com\\\/inicio\\\/#\\\/schema\\\/person\\\/418fc4093c33e86ed41562db3508f958\",\"name\":\"Diario1 Diario1\",\"image\":{\"@type\":\"ImageObject\",\"inLanguage\":\"es\",\"@id\":\"https:\\\/\\\/secure.gravatar.com\\\/avatar\\\/9167d280179c85bc18be67aa7eda765854300033af4896dd779b608640f2ef7a?s=96&d=mm&r=g\",\"url\":\"https:\\\/\\\/secure.gravatar.com\\\/avatar\\\/9167d280179c85bc18be67aa7eda765854300033af4896dd779b608640f2ef7a?s=96&d=mm&r=g\",\"contentUrl\":\"https:\\\/\\\/secure.gravatar.com\\\/avatar\\\/9167d280179c85bc18be67aa7eda765854300033af4896dd779b608640f2ef7a?s=96&d=mm&r=g\",\"caption\":\"Diario1 Diario1\"},\"url\":\"https:\\\/\\\/diariotextual.com\\\/inicio\\\/index.php\\\/author\\\/diario1\\\/\"}]}<\/script>\n<!-- \/ Yoast SEO plugin. -->","yoast_head_json":{"title":"Lula critic\u00f3 a Trump y la \u201cdoctrina Donroe\u201d en una columna en The New York Times - Diario Textual","robots":{"index":"index","follow":"follow","max-snippet":"max-snippet:-1","max-image-preview":"max-image-preview:large","max-video-preview":"max-video-preview:-1"},"canonical":"https:\/\/diariotextual.com\/inicio\/index.php\/2026\/01\/18\/lula-critico-a-trump-y-la-doctrina-donroe-en-una-columna-en-the-new-york-times\/","og_locale":"es_ES","og_type":"article","og_title":"Lula critic\u00f3 a Trump y la \u201cdoctrina Donroe\u201d en una columna en The New York Times - Diario Textual","og_description":"En una columna de opini\u00f3n de alto impacto publicada este domingo en el diario The New York Times, el presidente de Brasil, Luiz In\u00e1cio Lula da Silva, lanz\u00f3 una dura&hellip;","og_url":"https:\/\/diariotextual.com\/inicio\/index.php\/2026\/01\/18\/lula-critico-a-trump-y-la-doctrina-donroe-en-una-columna-en-the-new-york-times\/","og_site_name":"Diario Textual","article_publisher":"https:\/\/www.facebook.com\/eltextual","article_published_time":"2026-01-18T23:12:34+00:00","article_modified_time":"2026-01-19T10:38:10+00:00","og_image":[{"width":900,"height":506,"url":"https:\/\/diariotextual.com\/inicio\/wp-content\/uploads\/2022\/10\/luladasilva2022-1.jpg","type":"image\/jpeg"}],"author":"Diario1 Diario1","twitter_card":"summary_large_image","twitter_creator":"@eltextual","twitter_site":"@eltextual","twitter_misc":{"Escrito por":"Diario1 Diario1","Tiempo de lectura":"3 minutos"},"schema":{"@context":"https:\/\/schema.org","@graph":[{"@type":"Article","@id":"https:\/\/diariotextual.com\/inicio\/index.php\/2026\/01\/18\/lula-critico-a-trump-y-la-doctrina-donroe-en-una-columna-en-the-new-york-times\/#article","isPartOf":{"@id":"https:\/\/diariotextual.com\/inicio\/index.php\/2026\/01\/18\/lula-critico-a-trump-y-la-doctrina-donroe-en-una-columna-en-the-new-york-times\/"},"author":{"name":"Diario1 Diario1","@id":"https:\/\/diariotextual.com\/inicio\/#\/schema\/person\/418fc4093c33e86ed41562db3508f958"},"headline":"Lula critic\u00f3 a Trump y la \u201cdoctrina Donroe\u201d en una columna en The New York Times","datePublished":"2026-01-18T23:12:34+00:00","dateModified":"2026-01-19T10:38:10+00:00","mainEntityOfPage":{"@id":"https:\/\/diariotextual.com\/inicio\/index.php\/2026\/01\/18\/lula-critico-a-trump-y-la-doctrina-donroe-en-una-columna-en-the-new-york-times\/"},"wordCount":521,"publisher":{"@id":"https:\/\/diariotextual.com\/inicio\/#organization"},"image":{"@id":"https:\/\/diariotextual.com\/inicio\/index.php\/2026\/01\/18\/lula-critico-a-trump-y-la-doctrina-donroe-en-una-columna-en-the-new-york-times\/#primaryimage"},"thumbnailUrl":"https:\/\/diariotextual.com\/inicio\/wp-content\/uploads\/2022\/10\/luladasilva2022-1.jpg","articleSection":["A - ES NOTICIA (van abajo)","MUNDO"],"inLanguage":"es"},{"@type":"WebPage","@id":"https:\/\/diariotextual.com\/inicio\/index.php\/2026\/01\/18\/lula-critico-a-trump-y-la-doctrina-donroe-en-una-columna-en-the-new-york-times\/","url":"https:\/\/diariotextual.com\/inicio\/index.php\/2026\/01\/18\/lula-critico-a-trump-y-la-doctrina-donroe-en-una-columna-en-the-new-york-times\/","name":"Lula critic\u00f3 a Trump y la \u201cdoctrina Donroe\u201d en una columna en The New York Times - Diario Textual","isPartOf":{"@id":"https:\/\/diariotextual.com\/inicio\/#website"},"primaryImageOfPage":{"@id":"https:\/\/diariotextual.com\/inicio\/index.php\/2026\/01\/18\/lula-critico-a-trump-y-la-doctrina-donroe-en-una-columna-en-the-new-york-times\/#primaryimage"},"image":{"@id":"https:\/\/diariotextual.com\/inicio\/index.php\/2026\/01\/18\/lula-critico-a-trump-y-la-doctrina-donroe-en-una-columna-en-the-new-york-times\/#primaryimage"},"thumbnailUrl":"https:\/\/diariotextual.com\/inicio\/wp-content\/uploads\/2022\/10\/luladasilva2022-1.jpg","datePublished":"2026-01-18T23:12:34+00:00","dateModified":"2026-01-19T10:38:10+00:00","breadcrumb":{"@id":"https:\/\/diariotextual.com\/inicio\/index.php\/2026\/01\/18\/lula-critico-a-trump-y-la-doctrina-donroe-en-una-columna-en-the-new-york-times\/#breadcrumb"},"inLanguage":"es","potentialAction":[{"@type":"ReadAction","target":["https:\/\/diariotextual.com\/inicio\/index.php\/2026\/01\/18\/lula-critico-a-trump-y-la-doctrina-donroe-en-una-columna-en-the-new-york-times\/"]}]},{"@type":"ImageObject","inLanguage":"es","@id":"https:\/\/diariotextual.com\/inicio\/index.php\/2026\/01\/18\/lula-critico-a-trump-y-la-doctrina-donroe-en-una-columna-en-the-new-york-times\/#primaryimage","url":"https:\/\/diariotextual.com\/inicio\/wp-content\/uploads\/2022\/10\/luladasilva2022-1.jpg","contentUrl":"https:\/\/diariotextual.com\/inicio\/wp-content\/uploads\/2022\/10\/luladasilva2022-1.jpg","width":900,"height":506},{"@type":"BreadcrumbList","@id":"https:\/\/diariotextual.com\/inicio\/index.php\/2026\/01\/18\/lula-critico-a-trump-y-la-doctrina-donroe-en-una-columna-en-the-new-york-times\/#breadcrumb","itemListElement":[{"@type":"ListItem","position":1,"name":"Portada","item":"https:\/\/diariotextual.com\/inicio\/"},{"@type":"ListItem","position":2,"name":"Lula critic\u00f3 a Trump y la \u201cdoctrina Donroe\u201d en una columna en The New York Times"}]},{"@type":"WebSite","@id":"https:\/\/diariotextual.com\/inicio\/#website","url":"https:\/\/diariotextual.com\/inicio\/","name":"Diario Textual","description":"","publisher":{"@id":"https:\/\/diariotextual.com\/inicio\/#organization"},"potentialAction":[{"@type":"SearchAction","target":{"@type":"EntryPoint","urlTemplate":"https:\/\/diariotextual.com\/inicio\/?s={search_term_string}"},"query-input":{"@type":"PropertyValueSpecification","valueRequired":true,"valueName":"search_term_string"}}],"inLanguage":"es"},{"@type":"Organization","@id":"https:\/\/diariotextual.com\/inicio\/#organization","name":"Diario Textual","url":"https:\/\/diariotextual.com\/inicio\/","logo":{"@type":"ImageObject","inLanguage":"es","@id":"https:\/\/diariotextual.com\/inicio\/#\/schema\/logo\/image\/","url":"https:\/\/diariotextual.com\/inicio\/wp-content\/uploads\/2023\/05\/logotextual1.jpg","contentUrl":"https:\/\/diariotextual.com\/inicio\/wp-content\/uploads\/2023\/05\/logotextual1.jpg","width":516,"height":76,"caption":"Diario Textual"},"image":{"@id":"https:\/\/diariotextual.com\/inicio\/#\/schema\/logo\/image\/"},"sameAs":["https:\/\/www.facebook.com\/eltextual","https:\/\/x.com\/eltextual","http:\/\/www.instagram.com\/eltextual"]},{"@type":"Person","@id":"https:\/\/diariotextual.com\/inicio\/#\/schema\/person\/418fc4093c33e86ed41562db3508f958","name":"Diario1 Diario1","image":{"@type":"ImageObject","inLanguage":"es","@id":"https:\/\/secure.gravatar.com\/avatar\/9167d280179c85bc18be67aa7eda765854300033af4896dd779b608640f2ef7a?s=96&d=mm&r=g","url":"https:\/\/secure.gravatar.com\/avatar\/9167d280179c85bc18be67aa7eda765854300033af4896dd779b608640f2ef7a?s=96&d=mm&r=g","contentUrl":"https:\/\/secure.gravatar.com\/avatar\/9167d280179c85bc18be67aa7eda765854300033af4896dd779b608640f2ef7a?s=96&d=mm&r=g","caption":"Diario1 Diario1"},"url":"https:\/\/diariotextual.com\/inicio\/index.php\/author\/diario1\/"}]}},"_links":{"self":[{"href":"https:\/\/diariotextual.com\/inicio\/index.php\/wp-json\/wp\/v2\/posts\/318015","targetHints":{"allow":["GET"]}}],"collection":[{"href":"https:\/\/diariotextual.com\/inicio\/index.php\/wp-json\/wp\/v2\/posts"}],"about":[{"href":"https:\/\/diariotextual.com\/inicio\/index.php\/wp-json\/wp\/v2\/types\/post"}],"author":[{"embeddable":true,"href":"https:\/\/diariotextual.com\/inicio\/index.php\/wp-json\/wp\/v2\/users\/3"}],"replies":[{"embeddable":true,"href":"https:\/\/diariotextual.com\/inicio\/index.php\/wp-json\/wp\/v2\/comments?post=318015"}],"version-history":[{"count":1,"href":"https:\/\/diariotextual.com\/inicio\/index.php\/wp-json\/wp\/v2\/posts\/318015\/revisions"}],"predecessor-version":[{"id":318016,"href":"https:\/\/diariotextual.com\/inicio\/index.php\/wp-json\/wp\/v2\/posts\/318015\/revisions\/318016"}],"wp:featuredmedia":[{"embeddable":true,"href":"https:\/\/diariotextual.com\/inicio\/index.php\/wp-json\/wp\/v2\/media\/202254"}],"wp:attachment":[{"href":"https:\/\/diariotextual.com\/inicio\/index.php\/wp-json\/wp\/v2\/media?parent=318015"}],"wp:term":[{"taxonomy":"category","embeddable":true,"href":"https:\/\/diariotextual.com\/inicio\/index.php\/wp-json\/wp\/v2\/categories?post=318015"},{"taxonomy":"post_tag","embeddable":true,"href":"https:\/\/diariotextual.com\/inicio\/index.php\/wp-json\/wp\/v2\/tags?post=318015"}],"curies":[{"name":"wp","href":"https:\/\/api.w.org\/{rel}","templated":true}]}}