{"id":318032,"date":"2026-01-19T07:43:30","date_gmt":"2026-01-19T10:43:30","guid":{"rendered":"https:\/\/diariotextual.com\/inicio\/?p=318032"},"modified":"2026-01-19T07:46:38","modified_gmt":"2026-01-19T10:46:38","slug":"mueren-al-menos-39-personas-al-chocar-dos-trenes-de-alta-velocidad-en-el-sur-de-espana","status":"publish","type":"post","link":"https:\/\/diariotextual.com\/inicio\/index.php\/2026\/01\/19\/mueren-al-menos-39-personas-al-chocar-dos-trenes-de-alta-velocidad-en-el-sur-de-espana\/","title":{"rendered":"Mueren al menos 39 personas al chocar dos trenes de alta velocidad en el sur de Espa\u00f1a"},"content":{"rendered":"\n<p><strong>Al menos 39 personas han muerto y decenas m\u00e1s han resultado heridas al chocar dos trenes de alta velocidad en la provincia de C\u00f3rdoba, en el sur de Espa\u00f1a, seg\u00fan informan las autoridades, pero la cifra podr\u00eda subir. Es el peor accidente ferroviario del pa\u00eds en m\u00e1s de una d\u00e9cada.<\/strong><\/p>\n\n\n\n<p>Un tren de la compa\u00f1\u00eda Iryo en el viajaban unas 300 personas con destino a Madrid desde M\u00e1laga descarril\u00f3 sus tres \u00faltimos vagones e invadi\u00f3 la v\u00eda contigua, chocando con otro convoy que cubr\u00eda la l\u00ednea Madrid-Huelva y que tambi\u00e9n descarril\u00f3 con 184 pasajeros a bordo.<\/p>\n\n\n\n<p>La fuerza del choque forz\u00f3 a vagones de este segundo tren a precipitarse por una ladera de cuatro metros, lo que estaba dificultando las tareas de rescate.<\/p>\n\n\n\n<p>Los servicios de emergencia han tratado a 112 personas, con 48, incluyendo cinco menores, todav\u00eda hospitalizados. De estos, 11 adultos y un menor reciben cuidados intensivos.<\/p>\n\n\n\n<p>Numerosos socorristas se desplazaron hasta el lugar del siniestro para rescatar a los pasajeros atrapados y atender a los heridos, varios de los cuales permanecen en estado grave.<\/p>\n\n\n\n<p>Los equipos de socorro se\u00f1alaron que los restos torcidos de los trenes dificultaban el rescate de las personas atrapadas dentro de los vagones.<\/p>\n\n\n\n<p>Las causas del accidente, ocurrido en el municipio de Adamuz a las 19:39 hora local, todav\u00eda se desconocen.<\/p>\n","protected":false},"excerpt":{"rendered":"<p>Al menos 39 personas han muerto y decenas m\u00e1s han resultado heridas al chocar dos trenes de alta velocidad en la provincia de C\u00f3rdoba, en el sur de Espa\u00f1a, seg\u00fan&hellip;<\/p>\n","protected":false},"author":3,"featured_media":318038,"comment_status":"closed","ping_status":"open","sticky":false,"template":"","format":"standard","meta":{"_acf_changed":false,"footnotes":""},"categories":[1,7],"tags":[],"class_list":["post-318032","post","type-post","status-publish","format-standard","has-post-thumbnail","hentry","category-es-noticia","category-mundo"],"acf":[],"yoast_head":"<!-- This site is optimized with the Yoast SEO plugin v27.5 - https:\/\/yoast.com\/product\/yoast-seo-wordpress\/ -->\n<title>Mueren al menos 39 personas al chocar dos trenes de alta velocidad en el sur de Espa\u00f1a - Diario Textual<\/title>\n<meta name=\"robots\" content=\"index, follow, max-snippet:-1, max-image-preview:large, max-video-preview:-1\" \/>\n<link rel=\"canonical\" href=\"https:\/\/diariotextual.com\/inicio\/index.php\/2026\/01\/19\/mueren-al-menos-39-personas-al-chocar-dos-trenes-de-alta-velocidad-en-el-sur-de-espana\/\" \/>\n<meta property=\"og:locale\" content=\"es_ES\" \/>\n<meta property=\"og:type\" content=\"article\" \/>\n<meta property=\"og:title\" content=\"Mueren al menos 39 personas al chocar dos trenes de alta velocidad en el sur de Espa\u00f1a - Diario Textual\" \/>\n<meta property=\"og:description\" content=\"Al menos 39 personas han muerto y decenas m\u00e1s han resultado heridas al chocar dos trenes de alta velocidad en la provincia de C\u00f3rdoba, en el sur de Espa\u00f1a, seg\u00fan&hellip;\" \/>\n<meta property=\"og:url\" content=\"https:\/\/diariotextual.com\/inicio\/index.php\/2026\/01\/19\/mueren-al-menos-39-personas-al-chocar-dos-trenes-de-alta-velocidad-en-el-sur-de-espana\/\" \/>\n<meta property=\"og:site_name\" content=\"Diario Textual\" \/>\n<meta property=\"article:publisher\" content=\"https:\/\/www.facebook.com\/eltextual\" \/>\n<meta property=\"article:published_time\" content=\"2026-01-19T10:43:30+00:00\" \/>\n<meta property=\"article:modified_time\" content=\"2026-01-19T10:46:38+00:00\" \/>\n<meta property=\"og:image\" content=\"https:\/\/diariotextual.com\/inicio\/wp-content\/uploads\/2026\/01\/trenesespanachoquetreneschoque2026-1.jpg\" \/>\n\t<meta property=\"og:image:width\" content=\"1063\" \/>\n\t<meta property=\"og:image:height\" content=\"584\" \/>\n\t<meta property=\"og:image:type\" content=\"image\/jpeg\" \/>\n<meta name=\"author\" content=\"Diario1 Diario1\" \/>\n<meta name=\"twitter:card\" content=\"summary_large_image\" \/>\n<meta name=\"twitter:creator\" content=\"@eltextual\" \/>\n<meta name=\"twitter:site\" content=\"@eltextual\" \/>\n<meta name=\"twitter:label1\" content=\"Escrito por\" \/>\n\t<meta name=\"twitter:data1\" content=\"Diario1 Diario1\" \/>\n\t<meta name=\"twitter:label2\" content=\"Tiempo de lectura\" \/>\n\t<meta name=\"twitter:data2\" content=\"1 minuto\" \/>\n<script type=\"application\/ld+json\" class=\"yoast-schema-graph\">{\"@context\":\"https:\\\/\\\/schema.org\",\"@graph\":[{\"@type\":\"Article\",\"@id\":\"https:\\\/\\\/diariotextual.com\\\/inicio\\\/index.php\\\/2026\\\/01\\\/19\\\/mueren-al-menos-39-personas-al-chocar-dos-trenes-de-alta-velocidad-en-el-sur-de-espana\\\/#article\",\"isPartOf\":{\"@id\":\"https:\\\/\\\/diariotextual.com\\\/inicio\\\/index.php\\\/2026\\\/01\\\/19\\\/mueren-al-menos-39-personas-al-chocar-dos-trenes-de-alta-velocidad-en-el-sur-de-espana\\\/\"},\"author\":{\"name\":\"Diario1 Diario1\",\"@id\":\"https:\\\/\\\/diariotextual.com\\\/inicio\\\/#\\\/schema\\\/person\\\/418fc4093c33e86ed41562db3508f958\"},\"headline\":\"Mueren al menos 39 personas al chocar dos trenes de alta velocidad en el sur de Espa\u00f1a\",\"datePublished\":\"2026-01-19T10:43:30+00:00\",\"dateModified\":\"2026-01-19T10:46:38+00:00\",\"mainEntityOfPage\":{\"@id\":\"https:\\\/\\\/diariotextual.com\\\/inicio\\\/index.php\\\/2026\\\/01\\\/19\\\/mueren-al-menos-39-personas-al-chocar-dos-trenes-de-alta-velocidad-en-el-sur-de-espana\\\/\"},\"wordCount\":245,\"publisher\":{\"@id\":\"https:\\\/\\\/diariotextual.com\\\/inicio\\\/#organization\"},\"image\":{\"@id\":\"https:\\\/\\\/diariotextual.com\\\/inicio\\\/index.php\\\/2026\\\/01\\\/19\\\/mueren-al-menos-39-personas-al-chocar-dos-trenes-de-alta-velocidad-en-el-sur-de-espana\\\/#primaryimage\"},\"thumbnailUrl\":\"https:\\\/\\\/diariotextual.com\\\/inicio\\\/wp-content\\\/uploads\\\/2026\\\/01\\\/trenesespanachoquetreneschoque2026-1.jpg\",\"articleSection\":[\"A - ES NOTICIA (van abajo)\",\"MUNDO\"],\"inLanguage\":\"es\"},{\"@type\":\"WebPage\",\"@id\":\"https:\\\/\\\/diariotextual.com\\\/inicio\\\/index.php\\\/2026\\\/01\\\/19\\\/mueren-al-menos-39-personas-al-chocar-dos-trenes-de-alta-velocidad-en-el-sur-de-espana\\\/\",\"url\":\"https:\\\/\\\/diariotextual.com\\\/inicio\\\/index.php\\\/2026\\\/01\\\/19\\\/mueren-al-menos-39-personas-al-chocar-dos-trenes-de-alta-velocidad-en-el-sur-de-espana\\\/\",\"name\":\"Mueren al menos 39 personas al chocar dos trenes de alta velocidad en el sur de Espa\u00f1a - Diario Textual\",\"isPartOf\":{\"@id\":\"https:\\\/\\\/diariotextual.com\\\/inicio\\\/#website\"},\"primaryImageOfPage\":{\"@id\":\"https:\\\/\\\/diariotextual.com\\\/inicio\\\/index.php\\\/2026\\\/01\\\/19\\\/mueren-al-menos-39-personas-al-chocar-dos-trenes-de-alta-velocidad-en-el-sur-de-espana\\\/#primaryimage\"},\"image\":{\"@id\":\"https:\\\/\\\/diariotextual.com\\\/inicio\\\/index.php\\\/2026\\\/01\\\/19\\\/mueren-al-menos-39-personas-al-chocar-dos-trenes-de-alta-velocidad-en-el-sur-de-espana\\\/#primaryimage\"},\"thumbnailUrl\":\"https:\\\/\\\/diariotextual.com\\\/inicio\\\/wp-content\\\/uploads\\\/2026\\\/01\\\/trenesespanachoquetreneschoque2026-1.jpg\",\"datePublished\":\"2026-01-19T10:43:30+00:00\",\"dateModified\":\"2026-01-19T10:46:38+00:00\",\"breadcrumb\":{\"@id\":\"https:\\\/\\\/diariotextual.com\\\/inicio\\\/index.php\\\/2026\\\/01\\\/19\\\/mueren-al-menos-39-personas-al-chocar-dos-trenes-de-alta-velocidad-en-el-sur-de-espana\\\/#breadcrumb\"},\"inLanguage\":\"es\",\"potentialAction\":[{\"@type\":\"ReadAction\",\"target\":[\"https:\\\/\\\/diariotextual.com\\\/inicio\\\/index.php\\\/2026\\\/01\\\/19\\\/mueren-al-menos-39-personas-al-chocar-dos-trenes-de-alta-velocidad-en-el-sur-de-espana\\\/\"]}]},{\"@type\":\"ImageObject\",\"inLanguage\":\"es\",\"@id\":\"https:\\\/\\\/diariotextual.com\\\/inicio\\\/index.php\\\/2026\\\/01\\\/19\\\/mueren-al-menos-39-personas-al-chocar-dos-trenes-de-alta-velocidad-en-el-sur-de-espana\\\/#primaryimage\",\"url\":\"https:\\\/\\\/diariotextual.com\\\/inicio\\\/wp-content\\\/uploads\\\/2026\\\/01\\\/trenesespanachoquetreneschoque2026-1.jpg\",\"contentUrl\":\"https:\\\/\\\/diariotextual.com\\\/inicio\\\/wp-content\\\/uploads\\\/2026\\\/01\\\/trenesespanachoquetreneschoque2026-1.jpg\",\"width\":1063,\"height\":584},{\"@type\":\"BreadcrumbList\",\"@id\":\"https:\\\/\\\/diariotextual.com\\\/inicio\\\/index.php\\\/2026\\\/01\\\/19\\\/mueren-al-menos-39-personas-al-chocar-dos-trenes-de-alta-velocidad-en-el-sur-de-espana\\\/#breadcrumb\",\"itemListElement\":[{\"@type\":\"ListItem\",\"position\":1,\"name\":\"Portada\",\"item\":\"https:\\\/\\\/diariotextual.com\\\/inicio\\\/\"},{\"@type\":\"ListItem\",\"position\":2,\"name\":\"Mueren al menos 39 personas al chocar dos trenes de alta velocidad en el sur de Espa\u00f1a\"}]},{\"@type\":\"WebSite\",\"@id\":\"https:\\\/\\\/diariotextual.com\\\/inicio\\\/#website\",\"url\":\"https:\\\/\\\/diariotextual.com\\\/inicio\\\/\",\"name\":\"Diario Textual\",\"description\":\"\",\"publisher\":{\"@id\":\"https:\\\/\\\/diariotextual.com\\\/inicio\\\/#organization\"},\"potentialAction\":[{\"@type\":\"SearchAction\",\"target\":{\"@type\":\"EntryPoint\",\"urlTemplate\":\"https:\\\/\\\/diariotextual.com\\\/inicio\\\/?s={search_term_string}\"},\"query-input\":{\"@type\":\"PropertyValueSpecification\",\"valueRequired\":true,\"valueName\":\"search_term_string\"}}],\"inLanguage\":\"es\"},{\"@type\":\"Organization\",\"@id\":\"https:\\\/\\\/diariotextual.com\\\/inicio\\\/#organization\",\"name\":\"Diario Textual\",\"url\":\"https:\\\/\\\/diariotextual.com\\\/inicio\\\/\",\"logo\":{\"@type\":\"ImageObject\",\"inLanguage\":\"es\",\"@id\":\"https:\\\/\\\/diariotextual.com\\\/inicio\\\/#\\\/schema\\\/logo\\\/image\\\/\",\"url\":\"https:\\\/\\\/diariotextual.com\\\/inicio\\\/wp-content\\\/uploads\\\/2023\\\/05\\\/logotextual1.jpg\",\"contentUrl\":\"https:\\\/\\\/diariotextual.com\\\/inicio\\\/wp-content\\\/uploads\\\/2023\\\/05\\\/logotextual1.jpg\",\"width\":516,\"height\":76,\"caption\":\"Diario Textual\"},\"image\":{\"@id\":\"https:\\\/\\\/diariotextual.com\\\/inicio\\\/#\\\/schema\\\/logo\\\/image\\\/\"},\"sameAs\":[\"https:\\\/\\\/www.facebook.com\\\/eltextual\",\"https:\\\/\\\/x.com\\\/eltextual\",\"http:\\\/\\\/www.instagram.com\\\/eltextual\"]},{\"@type\":\"Person\",\"@id\":\"https:\\\/\\\/diariotextual.com\\\/inicio\\\/#\\\/schema\\\/person\\\/418fc4093c33e86ed41562db3508f958\",\"name\":\"Diario1 Diario1\",\"image\":{\"@type\":\"ImageObject\",\"inLanguage\":\"es\",\"@id\":\"https:\\\/\\\/secure.gravatar.com\\\/avatar\\\/9167d280179c85bc18be67aa7eda765854300033af4896dd779b608640f2ef7a?s=96&d=mm&r=g\",\"url\":\"https:\\\/\\\/secure.gravatar.com\\\/avatar\\\/9167d280179c85bc18be67aa7eda765854300033af4896dd779b608640f2ef7a?s=96&d=mm&r=g\",\"contentUrl\":\"https:\\\/\\\/secure.gravatar.com\\\/avatar\\\/9167d280179c85bc18be67aa7eda765854300033af4896dd779b608640f2ef7a?s=96&d=mm&r=g\",\"caption\":\"Diario1 Diario1\"},\"url\":\"https:\\\/\\\/diariotextual.com\\\/inicio\\\/index.php\\\/author\\\/diario1\\\/\"}]}<\/script>\n<!-- \/ Yoast SEO plugin. -->","yoast_head_json":{"title":"Mueren al menos 39 personas al chocar dos trenes de alta velocidad en el sur de Espa\u00f1a - Diario Textual","robots":{"index":"index","follow":"follow","max-snippet":"max-snippet:-1","max-image-preview":"max-image-preview:large","max-video-preview":"max-video-preview:-1"},"canonical":"https:\/\/diariotextual.com\/inicio\/index.php\/2026\/01\/19\/mueren-al-menos-39-personas-al-chocar-dos-trenes-de-alta-velocidad-en-el-sur-de-espana\/","og_locale":"es_ES","og_type":"article","og_title":"Mueren al menos 39 personas al chocar dos trenes de alta velocidad en el sur de Espa\u00f1a - Diario Textual","og_description":"Al menos 39 personas han muerto y decenas m\u00e1s han resultado heridas al chocar dos trenes de alta velocidad en la provincia de C\u00f3rdoba, en el sur de Espa\u00f1a, seg\u00fan&hellip;","og_url":"https:\/\/diariotextual.com\/inicio\/index.php\/2026\/01\/19\/mueren-al-menos-39-personas-al-chocar-dos-trenes-de-alta-velocidad-en-el-sur-de-espana\/","og_site_name":"Diario Textual","article_publisher":"https:\/\/www.facebook.com\/eltextual","article_published_time":"2026-01-19T10:43:30+00:00","article_modified_time":"2026-01-19T10:46:38+00:00","og_image":[{"width":1063,"height":584,"url":"https:\/\/diariotextual.com\/inicio\/wp-content\/uploads\/2026\/01\/trenesespanachoquetreneschoque2026-1.jpg","type":"image\/jpeg"}],"author":"Diario1 Diario1","twitter_card":"summary_large_image","twitter_creator":"@eltextual","twitter_site":"@eltextual","twitter_misc":{"Escrito por":"Diario1 Diario1","Tiempo de lectura":"1 minuto"},"schema":{"@context":"https:\/\/schema.org","@graph":[{"@type":"Article","@id":"https:\/\/diariotextual.com\/inicio\/index.php\/2026\/01\/19\/mueren-al-menos-39-personas-al-chocar-dos-trenes-de-alta-velocidad-en-el-sur-de-espana\/#article","isPartOf":{"@id":"https:\/\/diariotextual.com\/inicio\/index.php\/2026\/01\/19\/mueren-al-menos-39-personas-al-chocar-dos-trenes-de-alta-velocidad-en-el-sur-de-espana\/"},"author":{"name":"Diario1 Diario1","@id":"https:\/\/diariotextual.com\/inicio\/#\/schema\/person\/418fc4093c33e86ed41562db3508f958"},"headline":"Mueren al menos 39 personas al chocar dos trenes de alta velocidad en el sur de Espa\u00f1a","datePublished":"2026-01-19T10:43:30+00:00","dateModified":"2026-01-19T10:46:38+00:00","mainEntityOfPage":{"@id":"https:\/\/diariotextual.com\/inicio\/index.php\/2026\/01\/19\/mueren-al-menos-39-personas-al-chocar-dos-trenes-de-alta-velocidad-en-el-sur-de-espana\/"},"wordCount":245,"publisher":{"@id":"https:\/\/diariotextual.com\/inicio\/#organization"},"image":{"@id":"https:\/\/diariotextual.com\/inicio\/index.php\/2026\/01\/19\/mueren-al-menos-39-personas-al-chocar-dos-trenes-de-alta-velocidad-en-el-sur-de-espana\/#primaryimage"},"thumbnailUrl":"https:\/\/diariotextual.com\/inicio\/wp-content\/uploads\/2026\/01\/trenesespanachoquetreneschoque2026-1.jpg","articleSection":["A - ES NOTICIA (van abajo)","MUNDO"],"inLanguage":"es"},{"@type":"WebPage","@id":"https:\/\/diariotextual.com\/inicio\/index.php\/2026\/01\/19\/mueren-al-menos-39-personas-al-chocar-dos-trenes-de-alta-velocidad-en-el-sur-de-espana\/","url":"https:\/\/diariotextual.com\/inicio\/index.php\/2026\/01\/19\/mueren-al-menos-39-personas-al-chocar-dos-trenes-de-alta-velocidad-en-el-sur-de-espana\/","name":"Mueren al menos 39 personas al chocar dos trenes de alta velocidad en el sur de Espa\u00f1a - Diario Textual","isPartOf":{"@id":"https:\/\/diariotextual.com\/inicio\/#website"},"primaryImageOfPage":{"@id":"https:\/\/diariotextual.com\/inicio\/index.php\/2026\/01\/19\/mueren-al-menos-39-personas-al-chocar-dos-trenes-de-alta-velocidad-en-el-sur-de-espana\/#primaryimage"},"image":{"@id":"https:\/\/diariotextual.com\/inicio\/index.php\/2026\/01\/19\/mueren-al-menos-39-personas-al-chocar-dos-trenes-de-alta-velocidad-en-el-sur-de-espana\/#primaryimage"},"thumbnailUrl":"https:\/\/diariotextual.com\/inicio\/wp-content\/uploads\/2026\/01\/trenesespanachoquetreneschoque2026-1.jpg","datePublished":"2026-01-19T10:43:30+00:00","dateModified":"2026-01-19T10:46:38+00:00","breadcrumb":{"@id":"https:\/\/diariotextual.com\/inicio\/index.php\/2026\/01\/19\/mueren-al-menos-39-personas-al-chocar-dos-trenes-de-alta-velocidad-en-el-sur-de-espana\/#breadcrumb"},"inLanguage":"es","potentialAction":[{"@type":"ReadAction","target":["https:\/\/diariotextual.com\/inicio\/index.php\/2026\/01\/19\/mueren-al-menos-39-personas-al-chocar-dos-trenes-de-alta-velocidad-en-el-sur-de-espana\/"]}]},{"@type":"ImageObject","inLanguage":"es","@id":"https:\/\/diariotextual.com\/inicio\/index.php\/2026\/01\/19\/mueren-al-menos-39-personas-al-chocar-dos-trenes-de-alta-velocidad-en-el-sur-de-espana\/#primaryimage","url":"https:\/\/diariotextual.com\/inicio\/wp-content\/uploads\/2026\/01\/trenesespanachoquetreneschoque2026-1.jpg","contentUrl":"https:\/\/diariotextual.com\/inicio\/wp-content\/uploads\/2026\/01\/trenesespanachoquetreneschoque2026-1.jpg","width":1063,"height":584},{"@type":"BreadcrumbList","@id":"https:\/\/diariotextual.com\/inicio\/index.php\/2026\/01\/19\/mueren-al-menos-39-personas-al-chocar-dos-trenes-de-alta-velocidad-en-el-sur-de-espana\/#breadcrumb","itemListElement":[{"@type":"ListItem","position":1,"name":"Portada","item":"https:\/\/diariotextual.com\/inicio\/"},{"@type":"ListItem","position":2,"name":"Mueren al menos 39 personas al chocar dos trenes de alta velocidad en el sur de Espa\u00f1a"}]},{"@type":"WebSite","@id":"https:\/\/diariotextual.com\/inicio\/#website","url":"https:\/\/diariotextual.com\/inicio\/","name":"Diario Textual","description":"","publisher":{"@id":"https:\/\/diariotextual.com\/inicio\/#organization"},"potentialAction":[{"@type":"SearchAction","target":{"@type":"EntryPoint","urlTemplate":"https:\/\/diariotextual.com\/inicio\/?s={search_term_string}"},"query-input":{"@type":"PropertyValueSpecification","valueRequired":true,"valueName":"search_term_string"}}],"inLanguage":"es"},{"@type":"Organization","@id":"https:\/\/diariotextual.com\/inicio\/#organization","name":"Diario Textual","url":"https:\/\/diariotextual.com\/inicio\/","logo":{"@type":"ImageObject","inLanguage":"es","@id":"https:\/\/diariotextual.com\/inicio\/#\/schema\/logo\/image\/","url":"https:\/\/diariotextual.com\/inicio\/wp-content\/uploads\/2023\/05\/logotextual1.jpg","contentUrl":"https:\/\/diariotextual.com\/inicio\/wp-content\/uploads\/2023\/05\/logotextual1.jpg","width":516,"height":76,"caption":"Diario Textual"},"image":{"@id":"https:\/\/diariotextual.com\/inicio\/#\/schema\/logo\/image\/"},"sameAs":["https:\/\/www.facebook.com\/eltextual","https:\/\/x.com\/eltextual","http:\/\/www.instagram.com\/eltextual"]},{"@type":"Person","@id":"https:\/\/diariotextual.com\/inicio\/#\/schema\/person\/418fc4093c33e86ed41562db3508f958","name":"Diario1 Diario1","image":{"@type":"ImageObject","inLanguage":"es","@id":"https:\/\/secure.gravatar.com\/avatar\/9167d280179c85bc18be67aa7eda765854300033af4896dd779b608640f2ef7a?s=96&d=mm&r=g","url":"https:\/\/secure.gravatar.com\/avatar\/9167d280179c85bc18be67aa7eda765854300033af4896dd779b608640f2ef7a?s=96&d=mm&r=g","contentUrl":"https:\/\/secure.gravatar.com\/avatar\/9167d280179c85bc18be67aa7eda765854300033af4896dd779b608640f2ef7a?s=96&d=mm&r=g","caption":"Diario1 Diario1"},"url":"https:\/\/diariotextual.com\/inicio\/index.php\/author\/diario1\/"}]}},"_links":{"self":[{"href":"https:\/\/diariotextual.com\/inicio\/index.php\/wp-json\/wp\/v2\/posts\/318032","targetHints":{"allow":["GET"]}}],"collection":[{"href":"https:\/\/diariotextual.com\/inicio\/index.php\/wp-json\/wp\/v2\/posts"}],"about":[{"href":"https:\/\/diariotextual.com\/inicio\/index.php\/wp-json\/wp\/v2\/types\/post"}],"author":[{"embeddable":true,"href":"https:\/\/diariotextual.com\/inicio\/index.php\/wp-json\/wp\/v2\/users\/3"}],"replies":[{"embeddable":true,"href":"https:\/\/diariotextual.com\/inicio\/index.php\/wp-json\/wp\/v2\/comments?post=318032"}],"version-history":[{"count":2,"href":"https:\/\/diariotextual.com\/inicio\/index.php\/wp-json\/wp\/v2\/posts\/318032\/revisions"}],"predecessor-version":[{"id":318034,"href":"https:\/\/diariotextual.com\/inicio\/index.php\/wp-json\/wp\/v2\/posts\/318032\/revisions\/318034"}],"wp:featuredmedia":[{"embeddable":true,"href":"https:\/\/diariotextual.com\/inicio\/index.php\/wp-json\/wp\/v2\/media\/318038"}],"wp:attachment":[{"href":"https:\/\/diariotextual.com\/inicio\/index.php\/wp-json\/wp\/v2\/media?parent=318032"}],"wp:term":[{"taxonomy":"category","embeddable":true,"href":"https:\/\/diariotextual.com\/inicio\/index.php\/wp-json\/wp\/v2\/categories?post=318032"},{"taxonomy":"post_tag","embeddable":true,"href":"https:\/\/diariotextual.com\/inicio\/index.php\/wp-json\/wp\/v2\/tags?post=318032"}],"curies":[{"name":"wp","href":"https:\/\/api.w.org\/{rel}","templated":true}]}}