{"id":318035,"date":"2026-01-19T07:43:59","date_gmt":"2026-01-19T10:43:59","guid":{"rendered":"https:\/\/diariotextual.com\/inicio\/?p=318035"},"modified":"2026-01-19T07:45:35","modified_gmt":"2026-01-19T10:45:35","slug":"chile-declara-el-estado-de-catastrofe-por-unos-incendios-que-han-dejado-al-menos-19-muertos","status":"publish","type":"post","link":"https:\/\/diariotextual.com\/inicio\/index.php\/2026\/01\/19\/chile-declara-el-estado-de-catastrofe-por-unos-incendios-que-han-dejado-al-menos-19-muertos\/","title":{"rendered":"Chile declara el estado de cat\u00e1strofe por unos incendios que han dejado al menos 19 muertos"},"content":{"rendered":"\n<p><strong>El presidente de Chile, Gabriel Boric, declar\u00f3 el estado de cat\u00e1strofe en dos regiones del pa\u00eds donde se est\u00e1n produciendo devastadores incendios forestales.<\/strong><\/p>\n\n\n\n<p>Se confirm\u00f3 la muerte de al menos 19 personas en las regiones de \u00d1uble y Biob\u00edo, a unos 500 km al sur de la capital, Santiago. Al menos 20.000 personas han sido evacuadas.<\/p>\n\n\n\n<p>El incendio m\u00e1s peligroso ha arrasado bosques secos que bordean la ciudad costera de Concepci\u00f3n. Unas 250 viviendas han sido destruidas, seg\u00fan informaron las autoridades.<\/p>\n\n\n\n<p>Los medios locales muestran im\u00e1genes de coches calcinados en las calles. Chile ha sufrido una serie de incendios devastadores en los \u00faltimos a\u00f1os, agravados por la sequ\u00eda prolongada.<\/p>\n\n\n\n<p>La Corporaci\u00f3n Nacional Forestal de Chile (Conaf) inform\u00f3 que los bomberos estaban combatiendo un total de 24 incendios en todo el pa\u00eds el domingo. Los m\u00e1s peligrosos, a\u00f1adi\u00f3, se encontraban en las regiones de \u00d1uble y Biob\u00edo.<\/p>\n\n\n\n<p>\u201cAnte la gravedad de los incendios forestales en curso, he decidido declarar estado de cat\u00e1strofe\u201d en ambas regiones, declar\u00f3 Boric en una publicaci\u00f3n en X. \u201cTodos los recursos est\u00e1n disponibles\u201d, se\u00f1al\u00f3.<\/p>\n\n\n\n<p>Los incendios han afectado hasta el momento 20.000 hect\u00e1reas en las dos regiones, seg\u00fan informan los medios locales.<\/p>\n\n\n\n<p>La mayor\u00eda de las evacuaciones se llevaron a cabo en las ciudades de Penco y Lirqu\u00e9n, al norte de Concepci\u00f3n, que tienen una poblaci\u00f3n combinada de 60.000 habitantes.<\/p>\n\n\n\n<p>Los fuertes vientos han avivado las llamas en medio de las altas temperaturas del verano, poniendo en peligro a las comunidades y dificultando las labores de extinci\u00f3n.<\/p>\n\n\n\n<p>Gran parte de Chile se encuentra bajo alerta por altas temperaturas, con pron\u00f3sticos de hasta 38 \u00b0C entre Santiago y Biob\u00edo en los pr\u00f3ximos dos d\u00edas.<\/p>\n\n\n\n<p>Hace dos a\u00f1os, los incendios forestales causaron la muerte de al menos 120 personas en la regi\u00f3n de Valpara\u00edso, cerca de Santiago.<\/p>\n\n\n\n<p><\/p>\n","protected":false},"excerpt":{"rendered":"<p>El presidente de Chile, Gabriel Boric, declar\u00f3 el estado de cat\u00e1strofe en dos regiones del pa\u00eds donde se est\u00e1n produciendo devastadores incendios forestales. Se confirm\u00f3 la muerte de al menos&hellip;<\/p>\n","protected":false},"author":3,"featured_media":318037,"comment_status":"closed","ping_status":"open","sticky":false,"template":"","format":"standard","meta":{"_acf_changed":false,"footnotes":""},"categories":[4,7],"tags":[],"class_list":["post-318035","post","type-post","status-publish","format-standard","has-post-thumbnail","hentry","category-destacadas","category-mundo"],"acf":[],"yoast_head":"<!-- This site is optimized with the Yoast SEO plugin v27.5 - https:\/\/yoast.com\/product\/yoast-seo-wordpress\/ -->\n<title>Chile declara el estado de cat\u00e1strofe por unos incendios que han dejado al menos 19 muertos - Diario Textual<\/title>\n<meta name=\"robots\" content=\"index, follow, max-snippet:-1, max-image-preview:large, max-video-preview:-1\" \/>\n<link rel=\"canonical\" href=\"https:\/\/diariotextual.com\/inicio\/index.php\/2026\/01\/19\/chile-declara-el-estado-de-catastrofe-por-unos-incendios-que-han-dejado-al-menos-19-muertos\/\" \/>\n<meta property=\"og:locale\" content=\"es_ES\" \/>\n<meta property=\"og:type\" content=\"article\" \/>\n<meta property=\"og:title\" content=\"Chile declara el estado de cat\u00e1strofe por unos incendios que han dejado al menos 19 muertos - Diario Textual\" \/>\n<meta property=\"og:description\" content=\"El presidente de Chile, Gabriel Boric, declar\u00f3 el estado de cat\u00e1strofe en dos regiones del pa\u00eds donde se est\u00e1n produciendo devastadores incendios forestales. Se confirm\u00f3 la muerte de al menos&hellip;\" \/>\n<meta property=\"og:url\" content=\"https:\/\/diariotextual.com\/inicio\/index.php\/2026\/01\/19\/chile-declara-el-estado-de-catastrofe-por-unos-incendios-que-han-dejado-al-menos-19-muertos\/\" \/>\n<meta property=\"og:site_name\" content=\"Diario Textual\" \/>\n<meta property=\"article:publisher\" content=\"https:\/\/www.facebook.com\/eltextual\" \/>\n<meta property=\"article:published_time\" content=\"2026-01-19T10:43:59+00:00\" \/>\n<meta property=\"article:modified_time\" content=\"2026-01-19T10:45:35+00:00\" \/>\n<meta property=\"og:image\" content=\"https:\/\/diariotextual.com\/inicio\/wp-content\/uploads\/2026\/01\/incendioschile2026-6.webp\" \/>\n\t<meta property=\"og:image:width\" content=\"1024\" \/>\n\t<meta property=\"og:image:height\" content=\"768\" \/>\n\t<meta property=\"og:image:type\" content=\"image\/webp\" \/>\n<meta name=\"author\" content=\"Diario1 Diario1\" \/>\n<meta name=\"twitter:card\" content=\"summary_large_image\" \/>\n<meta name=\"twitter:creator\" content=\"@eltextual\" \/>\n<meta name=\"twitter:site\" content=\"@eltextual\" \/>\n<meta name=\"twitter:label1\" content=\"Escrito por\" \/>\n\t<meta name=\"twitter:data1\" content=\"Diario1 Diario1\" \/>\n\t<meta name=\"twitter:label2\" content=\"Tiempo de lectura\" \/>\n\t<meta name=\"twitter:data2\" content=\"2 minutos\" \/>\n<script type=\"application\/ld+json\" class=\"yoast-schema-graph\">{\"@context\":\"https:\\\/\\\/schema.org\",\"@graph\":[{\"@type\":\"Article\",\"@id\":\"https:\\\/\\\/diariotextual.com\\\/inicio\\\/index.php\\\/2026\\\/01\\\/19\\\/chile-declara-el-estado-de-catastrofe-por-unos-incendios-que-han-dejado-al-menos-19-muertos\\\/#article\",\"isPartOf\":{\"@id\":\"https:\\\/\\\/diariotextual.com\\\/inicio\\\/index.php\\\/2026\\\/01\\\/19\\\/chile-declara-el-estado-de-catastrofe-por-unos-incendios-que-han-dejado-al-menos-19-muertos\\\/\"},\"author\":{\"name\":\"Diario1 Diario1\",\"@id\":\"https:\\\/\\\/diariotextual.com\\\/inicio\\\/#\\\/schema\\\/person\\\/418fc4093c33e86ed41562db3508f958\"},\"headline\":\"Chile declara el estado de cat\u00e1strofe por unos incendios que han dejado al menos 19 muertos\",\"datePublished\":\"2026-01-19T10:43:59+00:00\",\"dateModified\":\"2026-01-19T10:45:35+00:00\",\"mainEntityOfPage\":{\"@id\":\"https:\\\/\\\/diariotextual.com\\\/inicio\\\/index.php\\\/2026\\\/01\\\/19\\\/chile-declara-el-estado-de-catastrofe-por-unos-incendios-que-han-dejado-al-menos-19-muertos\\\/\"},\"wordCount\":338,\"publisher\":{\"@id\":\"https:\\\/\\\/diariotextual.com\\\/inicio\\\/#organization\"},\"image\":{\"@id\":\"https:\\\/\\\/diariotextual.com\\\/inicio\\\/index.php\\\/2026\\\/01\\\/19\\\/chile-declara-el-estado-de-catastrofe-por-unos-incendios-que-han-dejado-al-menos-19-muertos\\\/#primaryimage\"},\"thumbnailUrl\":\"https:\\\/\\\/diariotextual.com\\\/inicio\\\/wp-content\\\/uploads\\\/2026\\\/01\\\/incendioschile2026-6.webp\",\"articleSection\":[\"A - DESTACADAS (mod 16)\",\"MUNDO\"],\"inLanguage\":\"es\"},{\"@type\":\"WebPage\",\"@id\":\"https:\\\/\\\/diariotextual.com\\\/inicio\\\/index.php\\\/2026\\\/01\\\/19\\\/chile-declara-el-estado-de-catastrofe-por-unos-incendios-que-han-dejado-al-menos-19-muertos\\\/\",\"url\":\"https:\\\/\\\/diariotextual.com\\\/inicio\\\/index.php\\\/2026\\\/01\\\/19\\\/chile-declara-el-estado-de-catastrofe-por-unos-incendios-que-han-dejado-al-menos-19-muertos\\\/\",\"name\":\"Chile declara el estado de cat\u00e1strofe por unos incendios que han dejado al menos 19 muertos - Diario Textual\",\"isPartOf\":{\"@id\":\"https:\\\/\\\/diariotextual.com\\\/inicio\\\/#website\"},\"primaryImageOfPage\":{\"@id\":\"https:\\\/\\\/diariotextual.com\\\/inicio\\\/index.php\\\/2026\\\/01\\\/19\\\/chile-declara-el-estado-de-catastrofe-por-unos-incendios-que-han-dejado-al-menos-19-muertos\\\/#primaryimage\"},\"image\":{\"@id\":\"https:\\\/\\\/diariotextual.com\\\/inicio\\\/index.php\\\/2026\\\/01\\\/19\\\/chile-declara-el-estado-de-catastrofe-por-unos-incendios-que-han-dejado-al-menos-19-muertos\\\/#primaryimage\"},\"thumbnailUrl\":\"https:\\\/\\\/diariotextual.com\\\/inicio\\\/wp-content\\\/uploads\\\/2026\\\/01\\\/incendioschile2026-6.webp\",\"datePublished\":\"2026-01-19T10:43:59+00:00\",\"dateModified\":\"2026-01-19T10:45:35+00:00\",\"breadcrumb\":{\"@id\":\"https:\\\/\\\/diariotextual.com\\\/inicio\\\/index.php\\\/2026\\\/01\\\/19\\\/chile-declara-el-estado-de-catastrofe-por-unos-incendios-que-han-dejado-al-menos-19-muertos\\\/#breadcrumb\"},\"inLanguage\":\"es\",\"potentialAction\":[{\"@type\":\"ReadAction\",\"target\":[\"https:\\\/\\\/diariotextual.com\\\/inicio\\\/index.php\\\/2026\\\/01\\\/19\\\/chile-declara-el-estado-de-catastrofe-por-unos-incendios-que-han-dejado-al-menos-19-muertos\\\/\"]}]},{\"@type\":\"ImageObject\",\"inLanguage\":\"es\",\"@id\":\"https:\\\/\\\/diariotextual.com\\\/inicio\\\/index.php\\\/2026\\\/01\\\/19\\\/chile-declara-el-estado-de-catastrofe-por-unos-incendios-que-han-dejado-al-menos-19-muertos\\\/#primaryimage\",\"url\":\"https:\\\/\\\/diariotextual.com\\\/inicio\\\/wp-content\\\/uploads\\\/2026\\\/01\\\/incendioschile2026-6.webp\",\"contentUrl\":\"https:\\\/\\\/diariotextual.com\\\/inicio\\\/wp-content\\\/uploads\\\/2026\\\/01\\\/incendioschile2026-6.webp\",\"width\":1024,\"height\":768},{\"@type\":\"BreadcrumbList\",\"@id\":\"https:\\\/\\\/diariotextual.com\\\/inicio\\\/index.php\\\/2026\\\/01\\\/19\\\/chile-declara-el-estado-de-catastrofe-por-unos-incendios-que-han-dejado-al-menos-19-muertos\\\/#breadcrumb\",\"itemListElement\":[{\"@type\":\"ListItem\",\"position\":1,\"name\":\"Portada\",\"item\":\"https:\\\/\\\/diariotextual.com\\\/inicio\\\/\"},{\"@type\":\"ListItem\",\"position\":2,\"name\":\"Chile declara el estado de cat\u00e1strofe por unos incendios que han dejado al menos 19 muertos\"}]},{\"@type\":\"WebSite\",\"@id\":\"https:\\\/\\\/diariotextual.com\\\/inicio\\\/#website\",\"url\":\"https:\\\/\\\/diariotextual.com\\\/inicio\\\/\",\"name\":\"Diario Textual\",\"description\":\"\",\"publisher\":{\"@id\":\"https:\\\/\\\/diariotextual.com\\\/inicio\\\/#organization\"},\"potentialAction\":[{\"@type\":\"SearchAction\",\"target\":{\"@type\":\"EntryPoint\",\"urlTemplate\":\"https:\\\/\\\/diariotextual.com\\\/inicio\\\/?s={search_term_string}\"},\"query-input\":{\"@type\":\"PropertyValueSpecification\",\"valueRequired\":true,\"valueName\":\"search_term_string\"}}],\"inLanguage\":\"es\"},{\"@type\":\"Organization\",\"@id\":\"https:\\\/\\\/diariotextual.com\\\/inicio\\\/#organization\",\"name\":\"Diario Textual\",\"url\":\"https:\\\/\\\/diariotextual.com\\\/inicio\\\/\",\"logo\":{\"@type\":\"ImageObject\",\"inLanguage\":\"es\",\"@id\":\"https:\\\/\\\/diariotextual.com\\\/inicio\\\/#\\\/schema\\\/logo\\\/image\\\/\",\"url\":\"https:\\\/\\\/diariotextual.com\\\/inicio\\\/wp-content\\\/uploads\\\/2023\\\/05\\\/logotextual1.jpg\",\"contentUrl\":\"https:\\\/\\\/diariotextual.com\\\/inicio\\\/wp-content\\\/uploads\\\/2023\\\/05\\\/logotextual1.jpg\",\"width\":516,\"height\":76,\"caption\":\"Diario Textual\"},\"image\":{\"@id\":\"https:\\\/\\\/diariotextual.com\\\/inicio\\\/#\\\/schema\\\/logo\\\/image\\\/\"},\"sameAs\":[\"https:\\\/\\\/www.facebook.com\\\/eltextual\",\"https:\\\/\\\/x.com\\\/eltextual\",\"http:\\\/\\\/www.instagram.com\\\/eltextual\"]},{\"@type\":\"Person\",\"@id\":\"https:\\\/\\\/diariotextual.com\\\/inicio\\\/#\\\/schema\\\/person\\\/418fc4093c33e86ed41562db3508f958\",\"name\":\"Diario1 Diario1\",\"image\":{\"@type\":\"ImageObject\",\"inLanguage\":\"es\",\"@id\":\"https:\\\/\\\/secure.gravatar.com\\\/avatar\\\/9167d280179c85bc18be67aa7eda765854300033af4896dd779b608640f2ef7a?s=96&d=mm&r=g\",\"url\":\"https:\\\/\\\/secure.gravatar.com\\\/avatar\\\/9167d280179c85bc18be67aa7eda765854300033af4896dd779b608640f2ef7a?s=96&d=mm&r=g\",\"contentUrl\":\"https:\\\/\\\/secure.gravatar.com\\\/avatar\\\/9167d280179c85bc18be67aa7eda765854300033af4896dd779b608640f2ef7a?s=96&d=mm&r=g\",\"caption\":\"Diario1 Diario1\"},\"url\":\"https:\\\/\\\/diariotextual.com\\\/inicio\\\/index.php\\\/author\\\/diario1\\\/\"}]}<\/script>\n<!-- \/ Yoast SEO plugin. -->","yoast_head_json":{"title":"Chile declara el estado de cat\u00e1strofe por unos incendios que han dejado al menos 19 muertos - Diario Textual","robots":{"index":"index","follow":"follow","max-snippet":"max-snippet:-1","max-image-preview":"max-image-preview:large","max-video-preview":"max-video-preview:-1"},"canonical":"https:\/\/diariotextual.com\/inicio\/index.php\/2026\/01\/19\/chile-declara-el-estado-de-catastrofe-por-unos-incendios-que-han-dejado-al-menos-19-muertos\/","og_locale":"es_ES","og_type":"article","og_title":"Chile declara el estado de cat\u00e1strofe por unos incendios que han dejado al menos 19 muertos - Diario Textual","og_description":"El presidente de Chile, Gabriel Boric, declar\u00f3 el estado de cat\u00e1strofe en dos regiones del pa\u00eds donde se est\u00e1n produciendo devastadores incendios forestales. Se confirm\u00f3 la muerte de al menos&hellip;","og_url":"https:\/\/diariotextual.com\/inicio\/index.php\/2026\/01\/19\/chile-declara-el-estado-de-catastrofe-por-unos-incendios-que-han-dejado-al-menos-19-muertos\/","og_site_name":"Diario Textual","article_publisher":"https:\/\/www.facebook.com\/eltextual","article_published_time":"2026-01-19T10:43:59+00:00","article_modified_time":"2026-01-19T10:45:35+00:00","og_image":[{"width":1024,"height":768,"url":"https:\/\/diariotextual.com\/inicio\/wp-content\/uploads\/2026\/01\/incendioschile2026-6.webp","type":"image\/webp"}],"author":"Diario1 Diario1","twitter_card":"summary_large_image","twitter_creator":"@eltextual","twitter_site":"@eltextual","twitter_misc":{"Escrito por":"Diario1 Diario1","Tiempo de lectura":"2 minutos"},"schema":{"@context":"https:\/\/schema.org","@graph":[{"@type":"Article","@id":"https:\/\/diariotextual.com\/inicio\/index.php\/2026\/01\/19\/chile-declara-el-estado-de-catastrofe-por-unos-incendios-que-han-dejado-al-menos-19-muertos\/#article","isPartOf":{"@id":"https:\/\/diariotextual.com\/inicio\/index.php\/2026\/01\/19\/chile-declara-el-estado-de-catastrofe-por-unos-incendios-que-han-dejado-al-menos-19-muertos\/"},"author":{"name":"Diario1 Diario1","@id":"https:\/\/diariotextual.com\/inicio\/#\/schema\/person\/418fc4093c33e86ed41562db3508f958"},"headline":"Chile declara el estado de cat\u00e1strofe por unos incendios que han dejado al menos 19 muertos","datePublished":"2026-01-19T10:43:59+00:00","dateModified":"2026-01-19T10:45:35+00:00","mainEntityOfPage":{"@id":"https:\/\/diariotextual.com\/inicio\/index.php\/2026\/01\/19\/chile-declara-el-estado-de-catastrofe-por-unos-incendios-que-han-dejado-al-menos-19-muertos\/"},"wordCount":338,"publisher":{"@id":"https:\/\/diariotextual.com\/inicio\/#organization"},"image":{"@id":"https:\/\/diariotextual.com\/inicio\/index.php\/2026\/01\/19\/chile-declara-el-estado-de-catastrofe-por-unos-incendios-que-han-dejado-al-menos-19-muertos\/#primaryimage"},"thumbnailUrl":"https:\/\/diariotextual.com\/inicio\/wp-content\/uploads\/2026\/01\/incendioschile2026-6.webp","articleSection":["A - DESTACADAS (mod 16)","MUNDO"],"inLanguage":"es"},{"@type":"WebPage","@id":"https:\/\/diariotextual.com\/inicio\/index.php\/2026\/01\/19\/chile-declara-el-estado-de-catastrofe-por-unos-incendios-que-han-dejado-al-menos-19-muertos\/","url":"https:\/\/diariotextual.com\/inicio\/index.php\/2026\/01\/19\/chile-declara-el-estado-de-catastrofe-por-unos-incendios-que-han-dejado-al-menos-19-muertos\/","name":"Chile declara el estado de cat\u00e1strofe por unos incendios que han dejado al menos 19 muertos - Diario Textual","isPartOf":{"@id":"https:\/\/diariotextual.com\/inicio\/#website"},"primaryImageOfPage":{"@id":"https:\/\/diariotextual.com\/inicio\/index.php\/2026\/01\/19\/chile-declara-el-estado-de-catastrofe-por-unos-incendios-que-han-dejado-al-menos-19-muertos\/#primaryimage"},"image":{"@id":"https:\/\/diariotextual.com\/inicio\/index.php\/2026\/01\/19\/chile-declara-el-estado-de-catastrofe-por-unos-incendios-que-han-dejado-al-menos-19-muertos\/#primaryimage"},"thumbnailUrl":"https:\/\/diariotextual.com\/inicio\/wp-content\/uploads\/2026\/01\/incendioschile2026-6.webp","datePublished":"2026-01-19T10:43:59+00:00","dateModified":"2026-01-19T10:45:35+00:00","breadcrumb":{"@id":"https:\/\/diariotextual.com\/inicio\/index.php\/2026\/01\/19\/chile-declara-el-estado-de-catastrofe-por-unos-incendios-que-han-dejado-al-menos-19-muertos\/#breadcrumb"},"inLanguage":"es","potentialAction":[{"@type":"ReadAction","target":["https:\/\/diariotextual.com\/inicio\/index.php\/2026\/01\/19\/chile-declara-el-estado-de-catastrofe-por-unos-incendios-que-han-dejado-al-menos-19-muertos\/"]}]},{"@type":"ImageObject","inLanguage":"es","@id":"https:\/\/diariotextual.com\/inicio\/index.php\/2026\/01\/19\/chile-declara-el-estado-de-catastrofe-por-unos-incendios-que-han-dejado-al-menos-19-muertos\/#primaryimage","url":"https:\/\/diariotextual.com\/inicio\/wp-content\/uploads\/2026\/01\/incendioschile2026-6.webp","contentUrl":"https:\/\/diariotextual.com\/inicio\/wp-content\/uploads\/2026\/01\/incendioschile2026-6.webp","width":1024,"height":768},{"@type":"BreadcrumbList","@id":"https:\/\/diariotextual.com\/inicio\/index.php\/2026\/01\/19\/chile-declara-el-estado-de-catastrofe-por-unos-incendios-que-han-dejado-al-menos-19-muertos\/#breadcrumb","itemListElement":[{"@type":"ListItem","position":1,"name":"Portada","item":"https:\/\/diariotextual.com\/inicio\/"},{"@type":"ListItem","position":2,"name":"Chile declara el estado de cat\u00e1strofe por unos incendios que han dejado al menos 19 muertos"}]},{"@type":"WebSite","@id":"https:\/\/diariotextual.com\/inicio\/#website","url":"https:\/\/diariotextual.com\/inicio\/","name":"Diario Textual","description":"","publisher":{"@id":"https:\/\/diariotextual.com\/inicio\/#organization"},"potentialAction":[{"@type":"SearchAction","target":{"@type":"EntryPoint","urlTemplate":"https:\/\/diariotextual.com\/inicio\/?s={search_term_string}"},"query-input":{"@type":"PropertyValueSpecification","valueRequired":true,"valueName":"search_term_string"}}],"inLanguage":"es"},{"@type":"Organization","@id":"https:\/\/diariotextual.com\/inicio\/#organization","name":"Diario Textual","url":"https:\/\/diariotextual.com\/inicio\/","logo":{"@type":"ImageObject","inLanguage":"es","@id":"https:\/\/diariotextual.com\/inicio\/#\/schema\/logo\/image\/","url":"https:\/\/diariotextual.com\/inicio\/wp-content\/uploads\/2023\/05\/logotextual1.jpg","contentUrl":"https:\/\/diariotextual.com\/inicio\/wp-content\/uploads\/2023\/05\/logotextual1.jpg","width":516,"height":76,"caption":"Diario Textual"},"image":{"@id":"https:\/\/diariotextual.com\/inicio\/#\/schema\/logo\/image\/"},"sameAs":["https:\/\/www.facebook.com\/eltextual","https:\/\/x.com\/eltextual","http:\/\/www.instagram.com\/eltextual"]},{"@type":"Person","@id":"https:\/\/diariotextual.com\/inicio\/#\/schema\/person\/418fc4093c33e86ed41562db3508f958","name":"Diario1 Diario1","image":{"@type":"ImageObject","inLanguage":"es","@id":"https:\/\/secure.gravatar.com\/avatar\/9167d280179c85bc18be67aa7eda765854300033af4896dd779b608640f2ef7a?s=96&d=mm&r=g","url":"https:\/\/secure.gravatar.com\/avatar\/9167d280179c85bc18be67aa7eda765854300033af4896dd779b608640f2ef7a?s=96&d=mm&r=g","contentUrl":"https:\/\/secure.gravatar.com\/avatar\/9167d280179c85bc18be67aa7eda765854300033af4896dd779b608640f2ef7a?s=96&d=mm&r=g","caption":"Diario1 Diario1"},"url":"https:\/\/diariotextual.com\/inicio\/index.php\/author\/diario1\/"}]}},"_links":{"self":[{"href":"https:\/\/diariotextual.com\/inicio\/index.php\/wp-json\/wp\/v2\/posts\/318035","targetHints":{"allow":["GET"]}}],"collection":[{"href":"https:\/\/diariotextual.com\/inicio\/index.php\/wp-json\/wp\/v2\/posts"}],"about":[{"href":"https:\/\/diariotextual.com\/inicio\/index.php\/wp-json\/wp\/v2\/types\/post"}],"author":[{"embeddable":true,"href":"https:\/\/diariotextual.com\/inicio\/index.php\/wp-json\/wp\/v2\/users\/3"}],"replies":[{"embeddable":true,"href":"https:\/\/diariotextual.com\/inicio\/index.php\/wp-json\/wp\/v2\/comments?post=318035"}],"version-history":[{"count":1,"href":"https:\/\/diariotextual.com\/inicio\/index.php\/wp-json\/wp\/v2\/posts\/318035\/revisions"}],"predecessor-version":[{"id":318036,"href":"https:\/\/diariotextual.com\/inicio\/index.php\/wp-json\/wp\/v2\/posts\/318035\/revisions\/318036"}],"wp:featuredmedia":[{"embeddable":true,"href":"https:\/\/diariotextual.com\/inicio\/index.php\/wp-json\/wp\/v2\/media\/318037"}],"wp:attachment":[{"href":"https:\/\/diariotextual.com\/inicio\/index.php\/wp-json\/wp\/v2\/media?parent=318035"}],"wp:term":[{"taxonomy":"category","embeddable":true,"href":"https:\/\/diariotextual.com\/inicio\/index.php\/wp-json\/wp\/v2\/categories?post=318035"},{"taxonomy":"post_tag","embeddable":true,"href":"https:\/\/diariotextual.com\/inicio\/index.php\/wp-json\/wp\/v2\/tags?post=318035"}],"curies":[{"name":"wp","href":"https:\/\/api.w.org\/{rel}","templated":true}]}}