{"id":318084,"date":"2026-01-20T08:42:37","date_gmt":"2026-01-20T11:42:37","guid":{"rendered":"https:\/\/diariotextual.com\/inicio\/?p=318084"},"modified":"2026-01-20T11:57:15","modified_gmt":"2026-01-20T14:57:15","slug":"trump-publico-una-imagen-suya-poniendo-la-bandera-de-estados-unidos-en-groenlandia","status":"publish","type":"post","link":"https:\/\/diariotextual.com\/inicio\/index.php\/2026\/01\/20\/trump-publico-una-imagen-suya-poniendo-la-bandera-de-estados-unidos-en-groenlandia\/","title":{"rendered":"Trump public\u00f3 una imagen suya poniendo la bandera de Estados Unidos en Groenlandia"},"content":{"rendered":"\n<p>El presidente de <strong>Estados Unidos<\/strong>, <strong>Donald Trump<\/strong>, public\u00f3 este martes en su cuenta de <strong>Truth Social<\/strong> una imagen en la que aparece colocando la <strong>bandera estadounidense<\/strong> en el territorio de <strong>Groenlandia<\/strong>. En la escena se lo ve acompa\u00f1ado por el vicepresidente <strong>JD Vance<\/strong> y el secretario de Estado <strong>Marco Rubio<\/strong>, junto a un cartel que reza: \u201c<strong>Groenlandia \u2013 Territorio de Estados Unidos (est. 2026)<\/strong>\u201d.<\/p>\n\n\n\n<p>En otra publicaci\u00f3n, Trump difundi\u00f3 una imagen tomada en el <strong>Despacho Oval<\/strong> durante una reuni\u00f3n con l\u00edderes europeos. Detr\u00e1s del mandatario se observa un mapa en el que <strong>Estados Unidos<\/strong>, <strong>Canad\u00e1<\/strong>, <strong>Groenlandia<\/strong> y <strong>Venezuela<\/strong> aparecen bajo la bandera estadounidense.<\/p>\n\n\n\n<p>Adem\u00e1s, el jefe de Estado inform\u00f3 que mantuvo una <strong>conversaci\u00f3n telef\u00f3nica<\/strong> con <strong>Mark Rutte<\/strong>, secretario general de la <strong>Organizaci\u00f3n del Tratado del Atl\u00e1ntico Norte (OTAN)<\/strong>, en la que abordaron la situaci\u00f3n de Groenlandia. \u201cComo \u00e9l expres\u00f3 a todo el mundo, de manera muy clara, <strong>Groenlandia es imprescindible para la seguridad nacional y mundial<\/strong>. No hay vuelta atr\u00e1s; en eso todos estamos de acuerdo\u201d, escribi\u00f3 Trump.<\/p>\n\n\n\n<p>Al reiterar su intenci\u00f3n de avanzar sobre el control de la isla, el mandatario estadounidense sostuvo que ya no se siente obligado a pensar \u00fanicamente en la paz tras no haber recibido el <strong>Premio Nobel de la Paz<\/strong>. En un mensaje dirigido al primer ministro de <strong>Noruega<\/strong>, <strong>Jonas Gahr St\u00f8re<\/strong>, Trump responsabiliz\u00f3 a ese pa\u00eds por la decisi\u00f3n del comit\u00e9 que otorga el galard\u00f3n.<\/p>\n\n\n\n<p>\u201cTeniendo en cuenta que su pa\u00eds decidi\u00f3 no concederme el Premio Nobel de la Paz por haber detenido <strong>ocho guerras y m\u00e1s<\/strong>, ya no siento la obligaci\u00f3n de pensar \u00fanicamente en la paz, aunque siempre ser\u00e1 lo preponderante\u201d, afirm\u00f3 el presidente, seg\u00fan difundieron medios de comunicaci\u00f3n estadounidenses. \u201cAhora puedo pensar en lo que es bueno y adecuado para <strong>Estados Unidos de Am\u00e9rica<\/strong>\u201d, agreg\u00f3.<\/p>\n\n\n\n<p>De acuerdo con el l\u00edder republicano, \u201c<strong>el mundo no ser\u00e1 seguro<\/strong> a menos que tengamos el <strong>control completo y total de Groenlandia<\/strong>\u201d.<\/p>\n\n\n\n<p><\/p>\n","protected":false},"excerpt":{"rendered":"<p>El presidente de Estados Unidos, Donald Trump, public\u00f3 este martes en su cuenta de Truth Social una imagen en la que aparece colocando la bandera estadounidense en el territorio de&hellip;<\/p>\n","protected":false},"author":3,"featured_media":318089,"comment_status":"closed","ping_status":"open","sticky":false,"template":"","format":"standard","meta":{"_acf_changed":false,"footnotes":""},"categories":[1,7],"tags":[],"class_list":["post-318084","post","type-post","status-publish","format-standard","has-post-thumbnail","hentry","category-es-noticia","category-mundo"],"acf":[],"yoast_head":"<!-- This site is optimized with the Yoast SEO plugin v27.5 - https:\/\/yoast.com\/product\/yoast-seo-wordpress\/ -->\n<title>Trump public\u00f3 una imagen suya poniendo la bandera de Estados Unidos en Groenlandia - Diario Textual<\/title>\n<meta name=\"robots\" content=\"index, follow, max-snippet:-1, max-image-preview:large, max-video-preview:-1\" \/>\n<link rel=\"canonical\" href=\"https:\/\/diariotextual.com\/inicio\/index.php\/2026\/01\/20\/trump-publico-una-imagen-suya-poniendo-la-bandera-de-estados-unidos-en-groenlandia\/\" \/>\n<meta property=\"og:locale\" content=\"es_ES\" \/>\n<meta property=\"og:type\" content=\"article\" \/>\n<meta property=\"og:title\" content=\"Trump public\u00f3 una imagen suya poniendo la bandera de Estados Unidos en Groenlandia - Diario Textual\" \/>\n<meta property=\"og:description\" content=\"El presidente de Estados Unidos, Donald Trump, public\u00f3 este martes en su cuenta de Truth Social una imagen en la que aparece colocando la bandera estadounidense en el territorio de&hellip;\" \/>\n<meta property=\"og:url\" content=\"https:\/\/diariotextual.com\/inicio\/index.php\/2026\/01\/20\/trump-publico-una-imagen-suya-poniendo-la-bandera-de-estados-unidos-en-groenlandia\/\" \/>\n<meta property=\"og:site_name\" content=\"Diario Textual\" \/>\n<meta property=\"article:publisher\" content=\"https:\/\/www.facebook.com\/eltextual\" \/>\n<meta property=\"article:published_time\" content=\"2026-01-20T11:42:37+00:00\" \/>\n<meta property=\"article:modified_time\" content=\"2026-01-20T14:57:15+00:00\" \/>\n<meta property=\"og:image\" content=\"https:\/\/diariotextual.com\/inicio\/wp-content\/uploads\/2026\/01\/trumpgroenlandia2026-1.webp\" \/>\n\t<meta property=\"og:image:width\" content=\"655\" \/>\n\t<meta property=\"og:image:height\" content=\"368\" \/>\n\t<meta property=\"og:image:type\" content=\"image\/webp\" \/>\n<meta name=\"author\" content=\"Diario1 Diario1\" \/>\n<meta name=\"twitter:card\" content=\"summary_large_image\" \/>\n<meta name=\"twitter:creator\" content=\"@eltextual\" \/>\n<meta name=\"twitter:site\" content=\"@eltextual\" \/>\n<meta name=\"twitter:label1\" content=\"Escrito por\" \/>\n\t<meta name=\"twitter:data1\" content=\"Diario1 Diario1\" \/>\n\t<meta name=\"twitter:label2\" content=\"Tiempo de lectura\" \/>\n\t<meta name=\"twitter:data2\" content=\"2 minutos\" \/>\n<script type=\"application\/ld+json\" class=\"yoast-schema-graph\">{\"@context\":\"https:\\\/\\\/schema.org\",\"@graph\":[{\"@type\":\"Article\",\"@id\":\"https:\\\/\\\/diariotextual.com\\\/inicio\\\/index.php\\\/2026\\\/01\\\/20\\\/trump-publico-una-imagen-suya-poniendo-la-bandera-de-estados-unidos-en-groenlandia\\\/#article\",\"isPartOf\":{\"@id\":\"https:\\\/\\\/diariotextual.com\\\/inicio\\\/index.php\\\/2026\\\/01\\\/20\\\/trump-publico-una-imagen-suya-poniendo-la-bandera-de-estados-unidos-en-groenlandia\\\/\"},\"author\":{\"name\":\"Diario1 Diario1\",\"@id\":\"https:\\\/\\\/diariotextual.com\\\/inicio\\\/#\\\/schema\\\/person\\\/418fc4093c33e86ed41562db3508f958\"},\"headline\":\"Trump public\u00f3 una imagen suya poniendo la bandera de Estados Unidos en Groenlandia\",\"datePublished\":\"2026-01-20T11:42:37+00:00\",\"dateModified\":\"2026-01-20T14:57:15+00:00\",\"mainEntityOfPage\":{\"@id\":\"https:\\\/\\\/diariotextual.com\\\/inicio\\\/index.php\\\/2026\\\/01\\\/20\\\/trump-publico-una-imagen-suya-poniendo-la-bandera-de-estados-unidos-en-groenlandia\\\/\"},\"wordCount\":352,\"publisher\":{\"@id\":\"https:\\\/\\\/diariotextual.com\\\/inicio\\\/#organization\"},\"image\":{\"@id\":\"https:\\\/\\\/diariotextual.com\\\/inicio\\\/index.php\\\/2026\\\/01\\\/20\\\/trump-publico-una-imagen-suya-poniendo-la-bandera-de-estados-unidos-en-groenlandia\\\/#primaryimage\"},\"thumbnailUrl\":\"https:\\\/\\\/diariotextual.com\\\/inicio\\\/wp-content\\\/uploads\\\/2026\\\/01\\\/trumpgroenlandia2026-1.webp\",\"articleSection\":[\"A - ES NOTICIA (van abajo)\",\"MUNDO\"],\"inLanguage\":\"es\"},{\"@type\":\"WebPage\",\"@id\":\"https:\\\/\\\/diariotextual.com\\\/inicio\\\/index.php\\\/2026\\\/01\\\/20\\\/trump-publico-una-imagen-suya-poniendo-la-bandera-de-estados-unidos-en-groenlandia\\\/\",\"url\":\"https:\\\/\\\/diariotextual.com\\\/inicio\\\/index.php\\\/2026\\\/01\\\/20\\\/trump-publico-una-imagen-suya-poniendo-la-bandera-de-estados-unidos-en-groenlandia\\\/\",\"name\":\"Trump public\u00f3 una imagen suya poniendo la bandera de Estados Unidos en Groenlandia - Diario Textual\",\"isPartOf\":{\"@id\":\"https:\\\/\\\/diariotextual.com\\\/inicio\\\/#website\"},\"primaryImageOfPage\":{\"@id\":\"https:\\\/\\\/diariotextual.com\\\/inicio\\\/index.php\\\/2026\\\/01\\\/20\\\/trump-publico-una-imagen-suya-poniendo-la-bandera-de-estados-unidos-en-groenlandia\\\/#primaryimage\"},\"image\":{\"@id\":\"https:\\\/\\\/diariotextual.com\\\/inicio\\\/index.php\\\/2026\\\/01\\\/20\\\/trump-publico-una-imagen-suya-poniendo-la-bandera-de-estados-unidos-en-groenlandia\\\/#primaryimage\"},\"thumbnailUrl\":\"https:\\\/\\\/diariotextual.com\\\/inicio\\\/wp-content\\\/uploads\\\/2026\\\/01\\\/trumpgroenlandia2026-1.webp\",\"datePublished\":\"2026-01-20T11:42:37+00:00\",\"dateModified\":\"2026-01-20T14:57:15+00:00\",\"breadcrumb\":{\"@id\":\"https:\\\/\\\/diariotextual.com\\\/inicio\\\/index.php\\\/2026\\\/01\\\/20\\\/trump-publico-una-imagen-suya-poniendo-la-bandera-de-estados-unidos-en-groenlandia\\\/#breadcrumb\"},\"inLanguage\":\"es\",\"potentialAction\":[{\"@type\":\"ReadAction\",\"target\":[\"https:\\\/\\\/diariotextual.com\\\/inicio\\\/index.php\\\/2026\\\/01\\\/20\\\/trump-publico-una-imagen-suya-poniendo-la-bandera-de-estados-unidos-en-groenlandia\\\/\"]}]},{\"@type\":\"ImageObject\",\"inLanguage\":\"es\",\"@id\":\"https:\\\/\\\/diariotextual.com\\\/inicio\\\/index.php\\\/2026\\\/01\\\/20\\\/trump-publico-una-imagen-suya-poniendo-la-bandera-de-estados-unidos-en-groenlandia\\\/#primaryimage\",\"url\":\"https:\\\/\\\/diariotextual.com\\\/inicio\\\/wp-content\\\/uploads\\\/2026\\\/01\\\/trumpgroenlandia2026-1.webp\",\"contentUrl\":\"https:\\\/\\\/diariotextual.com\\\/inicio\\\/wp-content\\\/uploads\\\/2026\\\/01\\\/trumpgroenlandia2026-1.webp\",\"width\":655,\"height\":368},{\"@type\":\"BreadcrumbList\",\"@id\":\"https:\\\/\\\/diariotextual.com\\\/inicio\\\/index.php\\\/2026\\\/01\\\/20\\\/trump-publico-una-imagen-suya-poniendo-la-bandera-de-estados-unidos-en-groenlandia\\\/#breadcrumb\",\"itemListElement\":[{\"@type\":\"ListItem\",\"position\":1,\"name\":\"Portada\",\"item\":\"https:\\\/\\\/diariotextual.com\\\/inicio\\\/\"},{\"@type\":\"ListItem\",\"position\":2,\"name\":\"Trump public\u00f3 una imagen suya poniendo la bandera de Estados Unidos en Groenlandia\"}]},{\"@type\":\"WebSite\",\"@id\":\"https:\\\/\\\/diariotextual.com\\\/inicio\\\/#website\",\"url\":\"https:\\\/\\\/diariotextual.com\\\/inicio\\\/\",\"name\":\"Diario Textual\",\"description\":\"\",\"publisher\":{\"@id\":\"https:\\\/\\\/diariotextual.com\\\/inicio\\\/#organization\"},\"potentialAction\":[{\"@type\":\"SearchAction\",\"target\":{\"@type\":\"EntryPoint\",\"urlTemplate\":\"https:\\\/\\\/diariotextual.com\\\/inicio\\\/?s={search_term_string}\"},\"query-input\":{\"@type\":\"PropertyValueSpecification\",\"valueRequired\":true,\"valueName\":\"search_term_string\"}}],\"inLanguage\":\"es\"},{\"@type\":\"Organization\",\"@id\":\"https:\\\/\\\/diariotextual.com\\\/inicio\\\/#organization\",\"name\":\"Diario Textual\",\"url\":\"https:\\\/\\\/diariotextual.com\\\/inicio\\\/\",\"logo\":{\"@type\":\"ImageObject\",\"inLanguage\":\"es\",\"@id\":\"https:\\\/\\\/diariotextual.com\\\/inicio\\\/#\\\/schema\\\/logo\\\/image\\\/\",\"url\":\"https:\\\/\\\/diariotextual.com\\\/inicio\\\/wp-content\\\/uploads\\\/2023\\\/05\\\/logotextual1.jpg\",\"contentUrl\":\"https:\\\/\\\/diariotextual.com\\\/inicio\\\/wp-content\\\/uploads\\\/2023\\\/05\\\/logotextual1.jpg\",\"width\":516,\"height\":76,\"caption\":\"Diario Textual\"},\"image\":{\"@id\":\"https:\\\/\\\/diariotextual.com\\\/inicio\\\/#\\\/schema\\\/logo\\\/image\\\/\"},\"sameAs\":[\"https:\\\/\\\/www.facebook.com\\\/eltextual\",\"https:\\\/\\\/x.com\\\/eltextual\",\"http:\\\/\\\/www.instagram.com\\\/eltextual\"]},{\"@type\":\"Person\",\"@id\":\"https:\\\/\\\/diariotextual.com\\\/inicio\\\/#\\\/schema\\\/person\\\/418fc4093c33e86ed41562db3508f958\",\"name\":\"Diario1 Diario1\",\"image\":{\"@type\":\"ImageObject\",\"inLanguage\":\"es\",\"@id\":\"https:\\\/\\\/secure.gravatar.com\\\/avatar\\\/9167d280179c85bc18be67aa7eda765854300033af4896dd779b608640f2ef7a?s=96&d=mm&r=g\",\"url\":\"https:\\\/\\\/secure.gravatar.com\\\/avatar\\\/9167d280179c85bc18be67aa7eda765854300033af4896dd779b608640f2ef7a?s=96&d=mm&r=g\",\"contentUrl\":\"https:\\\/\\\/secure.gravatar.com\\\/avatar\\\/9167d280179c85bc18be67aa7eda765854300033af4896dd779b608640f2ef7a?s=96&d=mm&r=g\",\"caption\":\"Diario1 Diario1\"},\"url\":\"https:\\\/\\\/diariotextual.com\\\/inicio\\\/index.php\\\/author\\\/diario1\\\/\"}]}<\/script>\n<!-- \/ Yoast SEO plugin. -->","yoast_head_json":{"title":"Trump public\u00f3 una imagen suya poniendo la bandera de Estados Unidos en Groenlandia - Diario Textual","robots":{"index":"index","follow":"follow","max-snippet":"max-snippet:-1","max-image-preview":"max-image-preview:large","max-video-preview":"max-video-preview:-1"},"canonical":"https:\/\/diariotextual.com\/inicio\/index.php\/2026\/01\/20\/trump-publico-una-imagen-suya-poniendo-la-bandera-de-estados-unidos-en-groenlandia\/","og_locale":"es_ES","og_type":"article","og_title":"Trump public\u00f3 una imagen suya poniendo la bandera de Estados Unidos en Groenlandia - Diario Textual","og_description":"El presidente de Estados Unidos, Donald Trump, public\u00f3 este martes en su cuenta de Truth Social una imagen en la que aparece colocando la bandera estadounidense en el territorio de&hellip;","og_url":"https:\/\/diariotextual.com\/inicio\/index.php\/2026\/01\/20\/trump-publico-una-imagen-suya-poniendo-la-bandera-de-estados-unidos-en-groenlandia\/","og_site_name":"Diario Textual","article_publisher":"https:\/\/www.facebook.com\/eltextual","article_published_time":"2026-01-20T11:42:37+00:00","article_modified_time":"2026-01-20T14:57:15+00:00","og_image":[{"width":655,"height":368,"url":"https:\/\/diariotextual.com\/inicio\/wp-content\/uploads\/2026\/01\/trumpgroenlandia2026-1.webp","type":"image\/webp"}],"author":"Diario1 Diario1","twitter_card":"summary_large_image","twitter_creator":"@eltextual","twitter_site":"@eltextual","twitter_misc":{"Escrito por":"Diario1 Diario1","Tiempo de lectura":"2 minutos"},"schema":{"@context":"https:\/\/schema.org","@graph":[{"@type":"Article","@id":"https:\/\/diariotextual.com\/inicio\/index.php\/2026\/01\/20\/trump-publico-una-imagen-suya-poniendo-la-bandera-de-estados-unidos-en-groenlandia\/#article","isPartOf":{"@id":"https:\/\/diariotextual.com\/inicio\/index.php\/2026\/01\/20\/trump-publico-una-imagen-suya-poniendo-la-bandera-de-estados-unidos-en-groenlandia\/"},"author":{"name":"Diario1 Diario1","@id":"https:\/\/diariotextual.com\/inicio\/#\/schema\/person\/418fc4093c33e86ed41562db3508f958"},"headline":"Trump public\u00f3 una imagen suya poniendo la bandera de Estados Unidos en Groenlandia","datePublished":"2026-01-20T11:42:37+00:00","dateModified":"2026-01-20T14:57:15+00:00","mainEntityOfPage":{"@id":"https:\/\/diariotextual.com\/inicio\/index.php\/2026\/01\/20\/trump-publico-una-imagen-suya-poniendo-la-bandera-de-estados-unidos-en-groenlandia\/"},"wordCount":352,"publisher":{"@id":"https:\/\/diariotextual.com\/inicio\/#organization"},"image":{"@id":"https:\/\/diariotextual.com\/inicio\/index.php\/2026\/01\/20\/trump-publico-una-imagen-suya-poniendo-la-bandera-de-estados-unidos-en-groenlandia\/#primaryimage"},"thumbnailUrl":"https:\/\/diariotextual.com\/inicio\/wp-content\/uploads\/2026\/01\/trumpgroenlandia2026-1.webp","articleSection":["A - ES NOTICIA (van abajo)","MUNDO"],"inLanguage":"es"},{"@type":"WebPage","@id":"https:\/\/diariotextual.com\/inicio\/index.php\/2026\/01\/20\/trump-publico-una-imagen-suya-poniendo-la-bandera-de-estados-unidos-en-groenlandia\/","url":"https:\/\/diariotextual.com\/inicio\/index.php\/2026\/01\/20\/trump-publico-una-imagen-suya-poniendo-la-bandera-de-estados-unidos-en-groenlandia\/","name":"Trump public\u00f3 una imagen suya poniendo la bandera de Estados Unidos en Groenlandia - Diario Textual","isPartOf":{"@id":"https:\/\/diariotextual.com\/inicio\/#website"},"primaryImageOfPage":{"@id":"https:\/\/diariotextual.com\/inicio\/index.php\/2026\/01\/20\/trump-publico-una-imagen-suya-poniendo-la-bandera-de-estados-unidos-en-groenlandia\/#primaryimage"},"image":{"@id":"https:\/\/diariotextual.com\/inicio\/index.php\/2026\/01\/20\/trump-publico-una-imagen-suya-poniendo-la-bandera-de-estados-unidos-en-groenlandia\/#primaryimage"},"thumbnailUrl":"https:\/\/diariotextual.com\/inicio\/wp-content\/uploads\/2026\/01\/trumpgroenlandia2026-1.webp","datePublished":"2026-01-20T11:42:37+00:00","dateModified":"2026-01-20T14:57:15+00:00","breadcrumb":{"@id":"https:\/\/diariotextual.com\/inicio\/index.php\/2026\/01\/20\/trump-publico-una-imagen-suya-poniendo-la-bandera-de-estados-unidos-en-groenlandia\/#breadcrumb"},"inLanguage":"es","potentialAction":[{"@type":"ReadAction","target":["https:\/\/diariotextual.com\/inicio\/index.php\/2026\/01\/20\/trump-publico-una-imagen-suya-poniendo-la-bandera-de-estados-unidos-en-groenlandia\/"]}]},{"@type":"ImageObject","inLanguage":"es","@id":"https:\/\/diariotextual.com\/inicio\/index.php\/2026\/01\/20\/trump-publico-una-imagen-suya-poniendo-la-bandera-de-estados-unidos-en-groenlandia\/#primaryimage","url":"https:\/\/diariotextual.com\/inicio\/wp-content\/uploads\/2026\/01\/trumpgroenlandia2026-1.webp","contentUrl":"https:\/\/diariotextual.com\/inicio\/wp-content\/uploads\/2026\/01\/trumpgroenlandia2026-1.webp","width":655,"height":368},{"@type":"BreadcrumbList","@id":"https:\/\/diariotextual.com\/inicio\/index.php\/2026\/01\/20\/trump-publico-una-imagen-suya-poniendo-la-bandera-de-estados-unidos-en-groenlandia\/#breadcrumb","itemListElement":[{"@type":"ListItem","position":1,"name":"Portada","item":"https:\/\/diariotextual.com\/inicio\/"},{"@type":"ListItem","position":2,"name":"Trump public\u00f3 una imagen suya poniendo la bandera de Estados Unidos en Groenlandia"}]},{"@type":"WebSite","@id":"https:\/\/diariotextual.com\/inicio\/#website","url":"https:\/\/diariotextual.com\/inicio\/","name":"Diario Textual","description":"","publisher":{"@id":"https:\/\/diariotextual.com\/inicio\/#organization"},"potentialAction":[{"@type":"SearchAction","target":{"@type":"EntryPoint","urlTemplate":"https:\/\/diariotextual.com\/inicio\/?s={search_term_string}"},"query-input":{"@type":"PropertyValueSpecification","valueRequired":true,"valueName":"search_term_string"}}],"inLanguage":"es"},{"@type":"Organization","@id":"https:\/\/diariotextual.com\/inicio\/#organization","name":"Diario Textual","url":"https:\/\/diariotextual.com\/inicio\/","logo":{"@type":"ImageObject","inLanguage":"es","@id":"https:\/\/diariotextual.com\/inicio\/#\/schema\/logo\/image\/","url":"https:\/\/diariotextual.com\/inicio\/wp-content\/uploads\/2023\/05\/logotextual1.jpg","contentUrl":"https:\/\/diariotextual.com\/inicio\/wp-content\/uploads\/2023\/05\/logotextual1.jpg","width":516,"height":76,"caption":"Diario Textual"},"image":{"@id":"https:\/\/diariotextual.com\/inicio\/#\/schema\/logo\/image\/"},"sameAs":["https:\/\/www.facebook.com\/eltextual","https:\/\/x.com\/eltextual","http:\/\/www.instagram.com\/eltextual"]},{"@type":"Person","@id":"https:\/\/diariotextual.com\/inicio\/#\/schema\/person\/418fc4093c33e86ed41562db3508f958","name":"Diario1 Diario1","image":{"@type":"ImageObject","inLanguage":"es","@id":"https:\/\/secure.gravatar.com\/avatar\/9167d280179c85bc18be67aa7eda765854300033af4896dd779b608640f2ef7a?s=96&d=mm&r=g","url":"https:\/\/secure.gravatar.com\/avatar\/9167d280179c85bc18be67aa7eda765854300033af4896dd779b608640f2ef7a?s=96&d=mm&r=g","contentUrl":"https:\/\/secure.gravatar.com\/avatar\/9167d280179c85bc18be67aa7eda765854300033af4896dd779b608640f2ef7a?s=96&d=mm&r=g","caption":"Diario1 Diario1"},"url":"https:\/\/diariotextual.com\/inicio\/index.php\/author\/diario1\/"}]}},"_links":{"self":[{"href":"https:\/\/diariotextual.com\/inicio\/index.php\/wp-json\/wp\/v2\/posts\/318084","targetHints":{"allow":["GET"]}}],"collection":[{"href":"https:\/\/diariotextual.com\/inicio\/index.php\/wp-json\/wp\/v2\/posts"}],"about":[{"href":"https:\/\/diariotextual.com\/inicio\/index.php\/wp-json\/wp\/v2\/types\/post"}],"author":[{"embeddable":true,"href":"https:\/\/diariotextual.com\/inicio\/index.php\/wp-json\/wp\/v2\/users\/3"}],"replies":[{"embeddable":true,"href":"https:\/\/diariotextual.com\/inicio\/index.php\/wp-json\/wp\/v2\/comments?post=318084"}],"version-history":[{"count":2,"href":"https:\/\/diariotextual.com\/inicio\/index.php\/wp-json\/wp\/v2\/posts\/318084\/revisions"}],"predecessor-version":[{"id":318088,"href":"https:\/\/diariotextual.com\/inicio\/index.php\/wp-json\/wp\/v2\/posts\/318084\/revisions\/318088"}],"wp:featuredmedia":[{"embeddable":true,"href":"https:\/\/diariotextual.com\/inicio\/index.php\/wp-json\/wp\/v2\/media\/318089"}],"wp:attachment":[{"href":"https:\/\/diariotextual.com\/inicio\/index.php\/wp-json\/wp\/v2\/media?parent=318084"}],"wp:term":[{"taxonomy":"category","embeddable":true,"href":"https:\/\/diariotextual.com\/inicio\/index.php\/wp-json\/wp\/v2\/categories?post=318084"},{"taxonomy":"post_tag","embeddable":true,"href":"https:\/\/diariotextual.com\/inicio\/index.php\/wp-json\/wp\/v2\/tags?post=318084"}],"curies":[{"name":"wp","href":"https:\/\/api.w.org\/{rel}","templated":true}]}}