{"id":318296,"date":"2026-01-23T18:31:37","date_gmt":"2026-01-23T21:31:37","guid":{"rendered":"https:\/\/diariotextual.com\/inicio\/?p=318296"},"modified":"2026-01-23T18:31:39","modified_gmt":"2026-01-23T21:31:39","slug":"conmocion-en-caleta-olivia-hallan-restos-humanos-en-medio-de-la-desaparicion-de-un-pampeano","status":"publish","type":"post","link":"https:\/\/diariotextual.com\/inicio\/index.php\/2026\/01\/23\/conmocion-en-caleta-olivia-hallan-restos-humanos-en-medio-de-la-desaparicion-de-un-pampeano\/","title":{"rendered":"Conmoci\u00f3n en Caleta Olivia: hallan restos humanos en medio de la desaparici\u00f3n de un pampeano"},"content":{"rendered":"\n<p>La aparici\u00f3n de <strong>restos humanos<\/strong> caus\u00f3 conmoci\u00f3n en las \u00faltimas horas en la comunidad de <strong>Caleta Olivia<\/strong>, que permanece en vilo desde el <strong>8 de diciembre<\/strong> por la desaparici\u00f3n de <strong>Mario C\u00e9sar Garc\u00eda<\/strong>, un pampeano de <strong>50 a\u00f1os<\/strong>, radicado en la ciudad hace m\u00e1s de dos d\u00e9cadas. El hallazgo, ocurrido el <strong>mi\u00e9rcoles<\/strong> en el <strong>barrio 13 de Diciembre<\/strong>, motiv\u00f3 un operativo policial y judicial. Las partes de un cuerpo humano aparecieron en distintas etapas, entre las <strong>10 y las 16<\/strong>, y son ahora objeto de <strong>cotejos, peritajes cient\u00edficos y estudios de ADN<\/strong> para establecer su identidad.<\/p>\n\n\n\n<p><strong>Gisella Cruz<\/strong>, hermana del desaparecido, confirm\u00f3 a <strong>Diario Textual<\/strong> la novedad y revel\u00f3 que, al momento de conocerse la noticia, se encontraba junto a otro hermano en sede judicial gestionando una <strong>solicitud de recompensa<\/strong> por datos certeros que permitan dar con el paradero de <strong>Mario<\/strong>.<\/p>\n\n\n\n<p>La mujer tambi\u00e9n cont\u00f3 que recibi\u00f3 <strong>ataques an\u00f3nimos<\/strong> a trav\u00e9s de mensajes que aseguraban que los restos correspond\u00edan a su hermano. \u201c<strong>Fue muy doloroso<\/strong>\u201d, admiti\u00f3. Angustiada por la situaci\u00f3n, sali\u00f3 a repudiar esos <strong>mensajes de odio<\/strong> que circularon en redes sociales, donde de manera irresponsable se vincul\u00f3 el hallazgo con su familiar.<\/p>\n\n\n\n<p>\u201c<strong>Por ahora la Justicia lo investiga como un caso aislado y a\u00fan no lo relaciona con mi hermano<\/strong>\u201d, declar\u00f3 la joven, que acudi\u00f3 esta ma\u00f1ana a <strong>Tribunales<\/strong> para interiorizarse de la situaci\u00f3n. Precis\u00f3 que los restos se encuentran en un avanzado estado de <strong>descomposici\u00f3n<\/strong>, al punto que los pies est\u00e1n \u201c<strong>momificados<\/strong>\u201d, lo que por ahora dificulta incluso determinar el <strong>sexo<\/strong> de la persona. \u201c<strong>Espero que no sea mi hermano, pero esto genera una incertidumbre grande<\/strong>\u201d, expres\u00f3.<\/p>\n\n\n\n<p>Gisella reiter\u00f3 que hubo <strong>\u201cirregularidades y demoras\u201d<\/strong> en la investigaci\u00f3n. Puntualiz\u00f3 que los <strong>rastrillajes<\/strong> se suspendieron por falta de datos certeros y que varias <strong>pistas y testimonios<\/strong> no fueron debidamente profundizados. \u201c<strong>Los testigos dan nombres y apellidos y despu\u00e9s la Justicia no los busca<\/strong>\u201d, asegur\u00f3.<\/p>\n\n\n\n<p>Durante un tiempo se crey\u00f3 que ella hab\u00eda sido la \u00faltima persona en ver con vida a su hermano, hasta que un mes despu\u00e9s, al acceder al expediente, se confirm\u00f3 que <strong>otras personas<\/strong> lo vieron el <strong>domingo por la tardecita<\/strong>, previo a su desaparici\u00f3n. \u201c<strong>Eso cambia todo<\/strong>\u201d, afirm\u00f3. Tambi\u00e9n cuestion\u00f3 que las <strong>c\u00e1maras de seguridad<\/strong> no fueron revisadas a tiempo, lo que impidi\u00f3 confirmar <strong>recorridos clave<\/strong>.<\/p>\n\n\n\n<p>\u201c<strong>No tengo hip\u00f3tesis, tengo miedo: espero encontrar con vida a mi hermano<\/strong>\u201d, sostuvo.<\/p>\n\n\n\n<p>Mario es el menor de <strong>tres hermanos varones<\/strong>. Los otros dos son <strong>Dar\u00edo Garc\u00eda (54)<\/strong> y <strong>Jos\u00e9 Garc\u00eda (51)<\/strong>. Los tres nacieron en <strong>Santa Rosa<\/strong>. Gisella, la m\u00e1s chica, es <strong>santacruce\u00f1a<\/strong>. Vivieron algunos a\u00f1os en <strong>Villa Parque<\/strong>, pero durante la dictadura la familia se mud\u00f3 a la <strong>Patagonia profunda<\/strong>. Luego, los padres se separaron y los hijos repart\u00edan su tiempo entre <strong>Caleta Olivia<\/strong> y la capital pampeana, donde se alojaban en la casa de un abuelo.<\/p>\n\n\n\n<p>\u201c<strong>Encontraron un cr\u00e1neo, una mano y los pies a tres mil metros. Los investigadores quieren saber si los \u2018plantaron\u2019 ah\u00ed porque es un lugar de caminatas y esparcimiento, cerca del cementerio, por donde transitan muchos vecinos<\/strong>\u201d, indic\u00f3 <strong>Jos\u00e9 Garc\u00eda<\/strong> a este diario.<\/p>\n\n\n\n<p>El hombre confes\u00f3 que lo que sucede en Caleta Olivia es \u201c<strong>tremendo<\/strong>\u201d y asegur\u00f3 que se trata de una situaci\u00f3n in\u00e9dita. Adem\u00e1s, denunci\u00f3 <strong>\u201caprietes\u201d del poder pol\u00edtico<\/strong> para que la familia no mencione a determinadas personas y dirigentes locales.<\/p>\n\n\n\n<p>No obstante, adelant\u00f3 que en las pr\u00f3ximas horas podr\u00eda establecerse si los restos pertenecen a Mario a partir de la <strong>historia cl\u00ednica bucal<\/strong> que obra en el <strong>hospital local<\/strong>, donde se atend\u00eda.<\/p>\n\n\n\n<p>La desaparici\u00f3n del pampeano se enmarca en el contexto de un <strong>robo<\/strong> que sufri\u00f3 en su vivienda del <strong>barrio 2 de Abril<\/strong> y, posiblemente, de declaraciones posteriores que formul\u00f3 el <strong>5 de noviembre<\/strong> a un canal local. All\u00ed acus\u00f3 a la <strong>Polic\u00eda<\/strong> de \u201c<strong>liberar la zona<\/strong>\u201d y desliz\u00f3 una presunta <strong>connivencia con la delincuencia, el narcotr\u00e1fico y la prostituci\u00f3n<\/strong>.<\/p>\n\n\n\n<p>Del domicilio le sustrajeron un <strong>recipiente<\/strong> destinado a un futuro emprendimiento, dado que Mario est\u00e1 desocupado y vive de <strong>changas<\/strong>. Lament\u00f3 que los autores eligieran un <strong>tambor azul de 200 litros<\/strong>, que ten\u00eda previsto utilizar para una iniciativa vinculada a la elaboraci\u00f3n de <strong>jab\u00f3n<\/strong>.<\/p>\n\n\n\n<p>La causa fue girada a una <strong>fiscal\u00eda federal<\/strong> de la ciudad, a cargo del <strong>juez Mart\u00edn Sed\u00e1n<\/strong>. Como parte de las averiguaciones, se libraron <strong>oficios<\/strong>, entre ellos pedidos de <strong>im\u00e1genes de c\u00e1maras de videovigilancia<\/strong> y la citaci\u00f3n a declarar de <strong>hermanos y amigos cercanos<\/strong>, quienes lo vieron por \u00faltima vez aquel <strong>8 de diciembre<\/strong>, cuando caminaba en las inmediaciones del <strong>Monumento al Obrero Petrolero<\/strong>, conocido como <strong>El Gorosito<\/strong>.<\/p>\n","protected":false},"excerpt":{"rendered":"<p>La aparici\u00f3n de restos humanos caus\u00f3 conmoci\u00f3n en las \u00faltimas horas en la comunidad de Caleta Olivia, que permanece en vilo desde el 8 de diciembre por la desaparici\u00f3n de&hellip;<\/p>\n","protected":false},"author":3,"featured_media":318299,"comment_status":"closed","ping_status":"open","sticky":false,"template":"","format":"standard","meta":{"_acf_changed":false,"footnotes":""},"categories":[4,12],"tags":[],"class_list":["post-318296","post","type-post","status-publish","format-standard","has-post-thumbnail","hentry","category-destacadas","category-sociedad"],"acf":[],"yoast_head":"<!-- This site is optimized with the Yoast SEO plugin v27.4 - https:\/\/yoast.com\/product\/yoast-seo-wordpress\/ -->\n<title>Conmoci\u00f3n en Caleta Olivia: hallan restos humanos en medio de la desaparici\u00f3n de un pampeano - Diario Textual<\/title>\n<meta name=\"robots\" content=\"index, follow, max-snippet:-1, max-image-preview:large, max-video-preview:-1\" \/>\n<link rel=\"canonical\" href=\"https:\/\/diariotextual.com\/inicio\/index.php\/2026\/01\/23\/conmocion-en-caleta-olivia-hallan-restos-humanos-en-medio-de-la-desaparicion-de-un-pampeano\/\" \/>\n<meta property=\"og:locale\" content=\"es_ES\" \/>\n<meta property=\"og:type\" content=\"article\" \/>\n<meta property=\"og:title\" content=\"Conmoci\u00f3n en Caleta Olivia: hallan restos humanos en medio de la desaparici\u00f3n de un pampeano - Diario Textual\" \/>\n<meta property=\"og:description\" content=\"La aparici\u00f3n de restos humanos caus\u00f3 conmoci\u00f3n en las \u00faltimas horas en la comunidad de Caleta Olivia, que permanece en vilo desde el 8 de diciembre por la desaparici\u00f3n de&hellip;\" \/>\n<meta property=\"og:url\" content=\"https:\/\/diariotextual.com\/inicio\/index.php\/2026\/01\/23\/conmocion-en-caleta-olivia-hallan-restos-humanos-en-medio-de-la-desaparicion-de-un-pampeano\/\" \/>\n<meta property=\"og:site_name\" content=\"Diario Textual\" \/>\n<meta property=\"article:publisher\" content=\"https:\/\/www.facebook.com\/eltextual\" \/>\n<meta property=\"article:published_time\" content=\"2026-01-23T21:31:37+00:00\" \/>\n<meta property=\"article:modified_time\" content=\"2026-01-23T21:31:39+00:00\" \/>\n<meta property=\"og:image\" content=\"https:\/\/diariotextual.com\/inicio\/wp-content\/uploads\/2026\/01\/rastrillajesrestoshumanoscaletaoliviacasogarciamario2026-1.webp\" \/>\n\t<meta property=\"og:image:width\" content=\"728\" \/>\n\t<meta property=\"og:image:height\" content=\"546\" \/>\n\t<meta property=\"og:image:type\" content=\"image\/webp\" \/>\n<meta name=\"author\" content=\"Diario1 Diario1\" \/>\n<meta name=\"twitter:card\" content=\"summary_large_image\" \/>\n<meta name=\"twitter:creator\" content=\"@eltextual\" \/>\n<meta name=\"twitter:site\" content=\"@eltextual\" \/>\n<meta name=\"twitter:label1\" content=\"Escrito por\" \/>\n\t<meta name=\"twitter:data1\" content=\"Diario1 Diario1\" \/>\n\t<meta name=\"twitter:label2\" content=\"Tiempo de lectura\" \/>\n\t<meta name=\"twitter:data2\" content=\"4 minutos\" \/>\n<script type=\"application\/ld+json\" class=\"yoast-schema-graph\">{\"@context\":\"https:\\\/\\\/schema.org\",\"@graph\":[{\"@type\":\"Article\",\"@id\":\"https:\\\/\\\/diariotextual.com\\\/inicio\\\/index.php\\\/2026\\\/01\\\/23\\\/conmocion-en-caleta-olivia-hallan-restos-humanos-en-medio-de-la-desaparicion-de-un-pampeano\\\/#article\",\"isPartOf\":{\"@id\":\"https:\\\/\\\/diariotextual.com\\\/inicio\\\/index.php\\\/2026\\\/01\\\/23\\\/conmocion-en-caleta-olivia-hallan-restos-humanos-en-medio-de-la-desaparicion-de-un-pampeano\\\/\"},\"author\":{\"name\":\"Diario1 Diario1\",\"@id\":\"https:\\\/\\\/diariotextual.com\\\/inicio\\\/#\\\/schema\\\/person\\\/418fc4093c33e86ed41562db3508f958\"},\"headline\":\"Conmoci\u00f3n en Caleta Olivia: hallan restos humanos en medio de la desaparici\u00f3n de un pampeano\",\"datePublished\":\"2026-01-23T21:31:37+00:00\",\"dateModified\":\"2026-01-23T21:31:39+00:00\",\"mainEntityOfPage\":{\"@id\":\"https:\\\/\\\/diariotextual.com\\\/inicio\\\/index.php\\\/2026\\\/01\\\/23\\\/conmocion-en-caleta-olivia-hallan-restos-humanos-en-medio-de-la-desaparicion-de-un-pampeano\\\/\"},\"wordCount\":817,\"publisher\":{\"@id\":\"https:\\\/\\\/diariotextual.com\\\/inicio\\\/#organization\"},\"image\":{\"@id\":\"https:\\\/\\\/diariotextual.com\\\/inicio\\\/index.php\\\/2026\\\/01\\\/23\\\/conmocion-en-caleta-olivia-hallan-restos-humanos-en-medio-de-la-desaparicion-de-un-pampeano\\\/#primaryimage\"},\"thumbnailUrl\":\"https:\\\/\\\/diariotextual.com\\\/inicio\\\/wp-content\\\/uploads\\\/2026\\\/01\\\/rastrillajesrestoshumanoscaletaoliviacasogarciamario2026-1.webp\",\"articleSection\":[\"A - DESTACADAS (mod 16)\",\"SOCIEDAD\"],\"inLanguage\":\"es\"},{\"@type\":\"WebPage\",\"@id\":\"https:\\\/\\\/diariotextual.com\\\/inicio\\\/index.php\\\/2026\\\/01\\\/23\\\/conmocion-en-caleta-olivia-hallan-restos-humanos-en-medio-de-la-desaparicion-de-un-pampeano\\\/\",\"url\":\"https:\\\/\\\/diariotextual.com\\\/inicio\\\/index.php\\\/2026\\\/01\\\/23\\\/conmocion-en-caleta-olivia-hallan-restos-humanos-en-medio-de-la-desaparicion-de-un-pampeano\\\/\",\"name\":\"Conmoci\u00f3n en Caleta Olivia: hallan restos humanos en medio de la desaparici\u00f3n de un pampeano - Diario Textual\",\"isPartOf\":{\"@id\":\"https:\\\/\\\/diariotextual.com\\\/inicio\\\/#website\"},\"primaryImageOfPage\":{\"@id\":\"https:\\\/\\\/diariotextual.com\\\/inicio\\\/index.php\\\/2026\\\/01\\\/23\\\/conmocion-en-caleta-olivia-hallan-restos-humanos-en-medio-de-la-desaparicion-de-un-pampeano\\\/#primaryimage\"},\"image\":{\"@id\":\"https:\\\/\\\/diariotextual.com\\\/inicio\\\/index.php\\\/2026\\\/01\\\/23\\\/conmocion-en-caleta-olivia-hallan-restos-humanos-en-medio-de-la-desaparicion-de-un-pampeano\\\/#primaryimage\"},\"thumbnailUrl\":\"https:\\\/\\\/diariotextual.com\\\/inicio\\\/wp-content\\\/uploads\\\/2026\\\/01\\\/rastrillajesrestoshumanoscaletaoliviacasogarciamario2026-1.webp\",\"datePublished\":\"2026-01-23T21:31:37+00:00\",\"dateModified\":\"2026-01-23T21:31:39+00:00\",\"breadcrumb\":{\"@id\":\"https:\\\/\\\/diariotextual.com\\\/inicio\\\/index.php\\\/2026\\\/01\\\/23\\\/conmocion-en-caleta-olivia-hallan-restos-humanos-en-medio-de-la-desaparicion-de-un-pampeano\\\/#breadcrumb\"},\"inLanguage\":\"es\",\"potentialAction\":[{\"@type\":\"ReadAction\",\"target\":[\"https:\\\/\\\/diariotextual.com\\\/inicio\\\/index.php\\\/2026\\\/01\\\/23\\\/conmocion-en-caleta-olivia-hallan-restos-humanos-en-medio-de-la-desaparicion-de-un-pampeano\\\/\"]}]},{\"@type\":\"ImageObject\",\"inLanguage\":\"es\",\"@id\":\"https:\\\/\\\/diariotextual.com\\\/inicio\\\/index.php\\\/2026\\\/01\\\/23\\\/conmocion-en-caleta-olivia-hallan-restos-humanos-en-medio-de-la-desaparicion-de-un-pampeano\\\/#primaryimage\",\"url\":\"https:\\\/\\\/diariotextual.com\\\/inicio\\\/wp-content\\\/uploads\\\/2026\\\/01\\\/rastrillajesrestoshumanoscaletaoliviacasogarciamario2026-1.webp\",\"contentUrl\":\"https:\\\/\\\/diariotextual.com\\\/inicio\\\/wp-content\\\/uploads\\\/2026\\\/01\\\/rastrillajesrestoshumanoscaletaoliviacasogarciamario2026-1.webp\",\"width\":728,\"height\":546},{\"@type\":\"BreadcrumbList\",\"@id\":\"https:\\\/\\\/diariotextual.com\\\/inicio\\\/index.php\\\/2026\\\/01\\\/23\\\/conmocion-en-caleta-olivia-hallan-restos-humanos-en-medio-de-la-desaparicion-de-un-pampeano\\\/#breadcrumb\",\"itemListElement\":[{\"@type\":\"ListItem\",\"position\":1,\"name\":\"Portada\",\"item\":\"https:\\\/\\\/diariotextual.com\\\/inicio\\\/\"},{\"@type\":\"ListItem\",\"position\":2,\"name\":\"Conmoci\u00f3n en Caleta Olivia: hallan restos humanos en medio de la desaparici\u00f3n de un pampeano\"}]},{\"@type\":\"WebSite\",\"@id\":\"https:\\\/\\\/diariotextual.com\\\/inicio\\\/#website\",\"url\":\"https:\\\/\\\/diariotextual.com\\\/inicio\\\/\",\"name\":\"Diario Textual\",\"description\":\"\",\"publisher\":{\"@id\":\"https:\\\/\\\/diariotextual.com\\\/inicio\\\/#organization\"},\"potentialAction\":[{\"@type\":\"SearchAction\",\"target\":{\"@type\":\"EntryPoint\",\"urlTemplate\":\"https:\\\/\\\/diariotextual.com\\\/inicio\\\/?s={search_term_string}\"},\"query-input\":{\"@type\":\"PropertyValueSpecification\",\"valueRequired\":true,\"valueName\":\"search_term_string\"}}],\"inLanguage\":\"es\"},{\"@type\":\"Organization\",\"@id\":\"https:\\\/\\\/diariotextual.com\\\/inicio\\\/#organization\",\"name\":\"Diario Textual\",\"url\":\"https:\\\/\\\/diariotextual.com\\\/inicio\\\/\",\"logo\":{\"@type\":\"ImageObject\",\"inLanguage\":\"es\",\"@id\":\"https:\\\/\\\/diariotextual.com\\\/inicio\\\/#\\\/schema\\\/logo\\\/image\\\/\",\"url\":\"https:\\\/\\\/diariotextual.com\\\/inicio\\\/wp-content\\\/uploads\\\/2023\\\/05\\\/logotextual1.jpg\",\"contentUrl\":\"https:\\\/\\\/diariotextual.com\\\/inicio\\\/wp-content\\\/uploads\\\/2023\\\/05\\\/logotextual1.jpg\",\"width\":516,\"height\":76,\"caption\":\"Diario Textual\"},\"image\":{\"@id\":\"https:\\\/\\\/diariotextual.com\\\/inicio\\\/#\\\/schema\\\/logo\\\/image\\\/\"},\"sameAs\":[\"https:\\\/\\\/www.facebook.com\\\/eltextual\",\"https:\\\/\\\/x.com\\\/eltextual\",\"http:\\\/\\\/www.instagram.com\\\/eltextual\"]},{\"@type\":\"Person\",\"@id\":\"https:\\\/\\\/diariotextual.com\\\/inicio\\\/#\\\/schema\\\/person\\\/418fc4093c33e86ed41562db3508f958\",\"name\":\"Diario1 Diario1\",\"image\":{\"@type\":\"ImageObject\",\"inLanguage\":\"es\",\"@id\":\"https:\\\/\\\/secure.gravatar.com\\\/avatar\\\/9167d280179c85bc18be67aa7eda765854300033af4896dd779b608640f2ef7a?s=96&d=mm&r=g\",\"url\":\"https:\\\/\\\/secure.gravatar.com\\\/avatar\\\/9167d280179c85bc18be67aa7eda765854300033af4896dd779b608640f2ef7a?s=96&d=mm&r=g\",\"contentUrl\":\"https:\\\/\\\/secure.gravatar.com\\\/avatar\\\/9167d280179c85bc18be67aa7eda765854300033af4896dd779b608640f2ef7a?s=96&d=mm&r=g\",\"caption\":\"Diario1 Diario1\"},\"url\":\"https:\\\/\\\/diariotextual.com\\\/inicio\\\/index.php\\\/author\\\/diario1\\\/\"}]}<\/script>\n<!-- \/ Yoast SEO plugin. -->","yoast_head_json":{"title":"Conmoci\u00f3n en Caleta Olivia: hallan restos humanos en medio de la desaparici\u00f3n de un pampeano - Diario Textual","robots":{"index":"index","follow":"follow","max-snippet":"max-snippet:-1","max-image-preview":"max-image-preview:large","max-video-preview":"max-video-preview:-1"},"canonical":"https:\/\/diariotextual.com\/inicio\/index.php\/2026\/01\/23\/conmocion-en-caleta-olivia-hallan-restos-humanos-en-medio-de-la-desaparicion-de-un-pampeano\/","og_locale":"es_ES","og_type":"article","og_title":"Conmoci\u00f3n en Caleta Olivia: hallan restos humanos en medio de la desaparici\u00f3n de un pampeano - Diario Textual","og_description":"La aparici\u00f3n de restos humanos caus\u00f3 conmoci\u00f3n en las \u00faltimas horas en la comunidad de Caleta Olivia, que permanece en vilo desde el 8 de diciembre por la desaparici\u00f3n de&hellip;","og_url":"https:\/\/diariotextual.com\/inicio\/index.php\/2026\/01\/23\/conmocion-en-caleta-olivia-hallan-restos-humanos-en-medio-de-la-desaparicion-de-un-pampeano\/","og_site_name":"Diario Textual","article_publisher":"https:\/\/www.facebook.com\/eltextual","article_published_time":"2026-01-23T21:31:37+00:00","article_modified_time":"2026-01-23T21:31:39+00:00","og_image":[{"width":728,"height":546,"url":"https:\/\/diariotextual.com\/inicio\/wp-content\/uploads\/2026\/01\/rastrillajesrestoshumanoscaletaoliviacasogarciamario2026-1.webp","type":"image\/webp"}],"author":"Diario1 Diario1","twitter_card":"summary_large_image","twitter_creator":"@eltextual","twitter_site":"@eltextual","twitter_misc":{"Escrito por":"Diario1 Diario1","Tiempo de lectura":"4 minutos"},"schema":{"@context":"https:\/\/schema.org","@graph":[{"@type":"Article","@id":"https:\/\/diariotextual.com\/inicio\/index.php\/2026\/01\/23\/conmocion-en-caleta-olivia-hallan-restos-humanos-en-medio-de-la-desaparicion-de-un-pampeano\/#article","isPartOf":{"@id":"https:\/\/diariotextual.com\/inicio\/index.php\/2026\/01\/23\/conmocion-en-caleta-olivia-hallan-restos-humanos-en-medio-de-la-desaparicion-de-un-pampeano\/"},"author":{"name":"Diario1 Diario1","@id":"https:\/\/diariotextual.com\/inicio\/#\/schema\/person\/418fc4093c33e86ed41562db3508f958"},"headline":"Conmoci\u00f3n en Caleta Olivia: hallan restos humanos en medio de la desaparici\u00f3n de un pampeano","datePublished":"2026-01-23T21:31:37+00:00","dateModified":"2026-01-23T21:31:39+00:00","mainEntityOfPage":{"@id":"https:\/\/diariotextual.com\/inicio\/index.php\/2026\/01\/23\/conmocion-en-caleta-olivia-hallan-restos-humanos-en-medio-de-la-desaparicion-de-un-pampeano\/"},"wordCount":817,"publisher":{"@id":"https:\/\/diariotextual.com\/inicio\/#organization"},"image":{"@id":"https:\/\/diariotextual.com\/inicio\/index.php\/2026\/01\/23\/conmocion-en-caleta-olivia-hallan-restos-humanos-en-medio-de-la-desaparicion-de-un-pampeano\/#primaryimage"},"thumbnailUrl":"https:\/\/diariotextual.com\/inicio\/wp-content\/uploads\/2026\/01\/rastrillajesrestoshumanoscaletaoliviacasogarciamario2026-1.webp","articleSection":["A - DESTACADAS (mod 16)","SOCIEDAD"],"inLanguage":"es"},{"@type":"WebPage","@id":"https:\/\/diariotextual.com\/inicio\/index.php\/2026\/01\/23\/conmocion-en-caleta-olivia-hallan-restos-humanos-en-medio-de-la-desaparicion-de-un-pampeano\/","url":"https:\/\/diariotextual.com\/inicio\/index.php\/2026\/01\/23\/conmocion-en-caleta-olivia-hallan-restos-humanos-en-medio-de-la-desaparicion-de-un-pampeano\/","name":"Conmoci\u00f3n en Caleta Olivia: hallan restos humanos en medio de la desaparici\u00f3n de un pampeano - Diario Textual","isPartOf":{"@id":"https:\/\/diariotextual.com\/inicio\/#website"},"primaryImageOfPage":{"@id":"https:\/\/diariotextual.com\/inicio\/index.php\/2026\/01\/23\/conmocion-en-caleta-olivia-hallan-restos-humanos-en-medio-de-la-desaparicion-de-un-pampeano\/#primaryimage"},"image":{"@id":"https:\/\/diariotextual.com\/inicio\/index.php\/2026\/01\/23\/conmocion-en-caleta-olivia-hallan-restos-humanos-en-medio-de-la-desaparicion-de-un-pampeano\/#primaryimage"},"thumbnailUrl":"https:\/\/diariotextual.com\/inicio\/wp-content\/uploads\/2026\/01\/rastrillajesrestoshumanoscaletaoliviacasogarciamario2026-1.webp","datePublished":"2026-01-23T21:31:37+00:00","dateModified":"2026-01-23T21:31:39+00:00","breadcrumb":{"@id":"https:\/\/diariotextual.com\/inicio\/index.php\/2026\/01\/23\/conmocion-en-caleta-olivia-hallan-restos-humanos-en-medio-de-la-desaparicion-de-un-pampeano\/#breadcrumb"},"inLanguage":"es","potentialAction":[{"@type":"ReadAction","target":["https:\/\/diariotextual.com\/inicio\/index.php\/2026\/01\/23\/conmocion-en-caleta-olivia-hallan-restos-humanos-en-medio-de-la-desaparicion-de-un-pampeano\/"]}]},{"@type":"ImageObject","inLanguage":"es","@id":"https:\/\/diariotextual.com\/inicio\/index.php\/2026\/01\/23\/conmocion-en-caleta-olivia-hallan-restos-humanos-en-medio-de-la-desaparicion-de-un-pampeano\/#primaryimage","url":"https:\/\/diariotextual.com\/inicio\/wp-content\/uploads\/2026\/01\/rastrillajesrestoshumanoscaletaoliviacasogarciamario2026-1.webp","contentUrl":"https:\/\/diariotextual.com\/inicio\/wp-content\/uploads\/2026\/01\/rastrillajesrestoshumanoscaletaoliviacasogarciamario2026-1.webp","width":728,"height":546},{"@type":"BreadcrumbList","@id":"https:\/\/diariotextual.com\/inicio\/index.php\/2026\/01\/23\/conmocion-en-caleta-olivia-hallan-restos-humanos-en-medio-de-la-desaparicion-de-un-pampeano\/#breadcrumb","itemListElement":[{"@type":"ListItem","position":1,"name":"Portada","item":"https:\/\/diariotextual.com\/inicio\/"},{"@type":"ListItem","position":2,"name":"Conmoci\u00f3n en Caleta Olivia: hallan restos humanos en medio de la desaparici\u00f3n de un pampeano"}]},{"@type":"WebSite","@id":"https:\/\/diariotextual.com\/inicio\/#website","url":"https:\/\/diariotextual.com\/inicio\/","name":"Diario Textual","description":"","publisher":{"@id":"https:\/\/diariotextual.com\/inicio\/#organization"},"potentialAction":[{"@type":"SearchAction","target":{"@type":"EntryPoint","urlTemplate":"https:\/\/diariotextual.com\/inicio\/?s={search_term_string}"},"query-input":{"@type":"PropertyValueSpecification","valueRequired":true,"valueName":"search_term_string"}}],"inLanguage":"es"},{"@type":"Organization","@id":"https:\/\/diariotextual.com\/inicio\/#organization","name":"Diario Textual","url":"https:\/\/diariotextual.com\/inicio\/","logo":{"@type":"ImageObject","inLanguage":"es","@id":"https:\/\/diariotextual.com\/inicio\/#\/schema\/logo\/image\/","url":"https:\/\/diariotextual.com\/inicio\/wp-content\/uploads\/2023\/05\/logotextual1.jpg","contentUrl":"https:\/\/diariotextual.com\/inicio\/wp-content\/uploads\/2023\/05\/logotextual1.jpg","width":516,"height":76,"caption":"Diario Textual"},"image":{"@id":"https:\/\/diariotextual.com\/inicio\/#\/schema\/logo\/image\/"},"sameAs":["https:\/\/www.facebook.com\/eltextual","https:\/\/x.com\/eltextual","http:\/\/www.instagram.com\/eltextual"]},{"@type":"Person","@id":"https:\/\/diariotextual.com\/inicio\/#\/schema\/person\/418fc4093c33e86ed41562db3508f958","name":"Diario1 Diario1","image":{"@type":"ImageObject","inLanguage":"es","@id":"https:\/\/secure.gravatar.com\/avatar\/9167d280179c85bc18be67aa7eda765854300033af4896dd779b608640f2ef7a?s=96&d=mm&r=g","url":"https:\/\/secure.gravatar.com\/avatar\/9167d280179c85bc18be67aa7eda765854300033af4896dd779b608640f2ef7a?s=96&d=mm&r=g","contentUrl":"https:\/\/secure.gravatar.com\/avatar\/9167d280179c85bc18be67aa7eda765854300033af4896dd779b608640f2ef7a?s=96&d=mm&r=g","caption":"Diario1 Diario1"},"url":"https:\/\/diariotextual.com\/inicio\/index.php\/author\/diario1\/"}]}},"_links":{"self":[{"href":"https:\/\/diariotextual.com\/inicio\/index.php\/wp-json\/wp\/v2\/posts\/318296","targetHints":{"allow":["GET"]}}],"collection":[{"href":"https:\/\/diariotextual.com\/inicio\/index.php\/wp-json\/wp\/v2\/posts"}],"about":[{"href":"https:\/\/diariotextual.com\/inicio\/index.php\/wp-json\/wp\/v2\/types\/post"}],"author":[{"embeddable":true,"href":"https:\/\/diariotextual.com\/inicio\/index.php\/wp-json\/wp\/v2\/users\/3"}],"replies":[{"embeddable":true,"href":"https:\/\/diariotextual.com\/inicio\/index.php\/wp-json\/wp\/v2\/comments?post=318296"}],"version-history":[{"count":2,"href":"https:\/\/diariotextual.com\/inicio\/index.php\/wp-json\/wp\/v2\/posts\/318296\/revisions"}],"predecessor-version":[{"id":318298,"href":"https:\/\/diariotextual.com\/inicio\/index.php\/wp-json\/wp\/v2\/posts\/318296\/revisions\/318298"}],"wp:featuredmedia":[{"embeddable":true,"href":"https:\/\/diariotextual.com\/inicio\/index.php\/wp-json\/wp\/v2\/media\/318299"}],"wp:attachment":[{"href":"https:\/\/diariotextual.com\/inicio\/index.php\/wp-json\/wp\/v2\/media?parent=318296"}],"wp:term":[{"taxonomy":"category","embeddable":true,"href":"https:\/\/diariotextual.com\/inicio\/index.php\/wp-json\/wp\/v2\/categories?post=318296"},{"taxonomy":"post_tag","embeddable":true,"href":"https:\/\/diariotextual.com\/inicio\/index.php\/wp-json\/wp\/v2\/tags?post=318296"}],"curies":[{"name":"wp","href":"https:\/\/api.w.org\/{rel}","templated":true}]}}