{"id":318458,"date":"2026-01-27T05:11:24","date_gmt":"2026-01-27T08:11:24","guid":{"rendered":"https:\/\/diariotextual.com\/inicio\/?p=318458"},"modified":"2026-01-27T16:15:30","modified_gmt":"2026-01-27T19:15:30","slug":"estos-argentinos-obtendran-los-papeles-de-espana-inmediatamente-por-un-real-decreto-de-pedro-sanchez","status":"publish","type":"post","link":"https:\/\/diariotextual.com\/inicio\/index.php\/2026\/01\/27\/estos-argentinos-obtendran-los-papeles-de-espana-inmediatamente-por-un-real-decreto-de-pedro-sanchez\/","title":{"rendered":"Estos argentinos obtendr\u00e1n los \u201cpapeles\u201d de Espa\u00f1a inmediatamente por un \u201creal decreto\u201d de Pedro S\u00e1nchez"},"content":{"rendered":"\n<p>En una jugada pol\u00edtica que sacude el tablero migratorio europeo, el Gobierno de Espa\u00f1a, encabezado por <strong>Pedro S\u00e1nchez<\/strong>, se prepara para aprobar este martes un <strong>real decreto<\/strong> que permitir\u00e1 regularizar la situaci\u00f3n de unos <strong>500.000 inmigrantes indocumentados<\/strong>. La medida no requerir\u00e1 la aprobaci\u00f3n del Parlamento espa\u00f1ol.<\/p>\n\n\n\n<p>La decisi\u00f3n tendr\u00e1 impacto directo en miles de argentinos que emigraron en el \u00faltimo tiempo y permanecen en situaci\u00f3n irregular, ya que podr\u00e1n <strong>blanquear su residencia y su empleo<\/strong> de manera casi inmediata.<\/p>\n\n\n\n<p>Seg\u00fan inform\u00f3 la <strong>Agencia Noticias Argentinas<\/strong>, en base a datos difundidos por medios locales, el acuerdo fue cerrado este lunes entre el oficialista <strong>PSOE<\/strong> y el partido de izquierda <strong>Podemos<\/strong>. La iniciativa alcanzar\u00e1 a los extranjeros que se encuentren en territorio espa\u00f1ol desde antes del <strong>31 de diciembre de 2025<\/strong> y que acrediten una permanencia m\u00ednima de <strong>cinco meses<\/strong>.<\/p>\n\n\n\n<div style=\"height:100px\" aria-hidden=\"true\" class=\"wp-block-spacer\"><\/div>\n\n\n\n<p><strong>Requisitos flexibles y tr\u00e1mite simplificado<\/strong><\/p>\n\n\n\n<p>La normativa apunta a <strong>reducir las trabas burocr\u00e1ticas<\/strong> que hist\u00f3ricamente dificultaron este tipo de regularizaciones. Para demostrar la estad\u00eda, se aceptar\u00e1 el <strong>empadronamiento municipal<\/strong>, aunque tambi\u00e9n ser\u00e1n v\u00e1lidos otros documentos, como informes m\u00e9dicos, contratos de servicios (luz o gas) o comprobantes de env\u00edo de dinero.<\/p>\n\n\n\n<p>La sola presentaci\u00f3n de la solicitud generar\u00e1 <strong>efectos inmediatos<\/strong>: la admisi\u00f3n a tr\u00e1mite otorgar\u00e1 una <strong>autorizaci\u00f3n provisional de residencia y trabajo por un a\u00f1o<\/strong>, se <strong>suspender\u00e1n autom\u00e1ticamente<\/strong> los procesos de retorno y las \u00f3rdenes de expulsi\u00f3n por causas administrativas y, una vez cumplido ese plazo, los beneficiarios podr\u00e1n acceder a una <strong>autorizaci\u00f3n ordinaria<\/strong> conforme al reglamento de extranjer\u00eda.<\/p>\n\n\n\n<div style=\"height:100px\" aria-hidden=\"true\" class=\"wp-block-spacer\"><\/div>\n\n\n\n<p><strong>Impacto en la comunidad argentina<\/strong><\/p>\n\n\n\n<p>La amnist\u00eda administrativa se produce en un contexto de <strong>creciente migraci\u00f3n desde el Cono Sur<\/strong>. De acuerdo con el <strong>Instituto Nacional de Estad\u00edstica<\/strong>, la poblaci\u00f3n argentina en Espa\u00f1a alcanz\u00f3 un r\u00e9cord de <strong>415.987 personas registradas en 2024<\/strong>.<\/p>\n\n\n\n<p>Si bien la mayor\u00eda reside de forma legal, existe un segmento que permanece en la irregularidad y que ahora podr\u00e1 <strong>regularizar su situaci\u00f3n laboral y social<\/strong>. Seg\u00fan el centro de an\u00e1lisis <strong>Funcas<\/strong>, la inmigraci\u00f3n irregular en Espa\u00f1a asciende a unas <strong>840.000 personas<\/strong>, de las cuales el <strong>91 %<\/strong> corresponde a ciudadanos de pa\u00edses latinoamericanos, principalmente de <strong>Colombia, Per\u00fa y Honduras<\/strong>.<\/p>\n\n\n\n<div style=\"height:100px\" aria-hidden=\"true\" class=\"wp-block-spacer\"><\/div>\n\n\n\n<p><strong>Rechazo pol\u00edtico y cr\u00edticas opositoras<\/strong><\/p>\n\n\n\n<p>La utilizaci\u00f3n del real decreto para avanzar sin debate parlamentario gener\u00f3 un <strong>fuerte rechazo de la oposici\u00f3n de derecha<\/strong>. El presidente del <strong>Partido Popular<\/strong>, <strong>Alberto N\u00fa\u00f1ez Feij\u00f3o<\/strong>, calific\u00f3 la pol\u00edtica migratoria del Ejecutivo como \u201cdisparatada\u201d y acus\u00f3 al Gobierno de intentar \u201cdesviar la atenci\u00f3n\u201d tras la reciente tragedia ferroviaria.<\/p>\n\n\n\n<p>En la misma l\u00ednea, el titular del partido ultraderechista <strong>Vox<\/strong>, <strong>Santiago Abascal<\/strong>, fue a\u00fan m\u00e1s duro y tild\u00f3 de \u201ctirano\u201d al presidente espa\u00f1ol. Asegur\u00f3 que la medida promueve una \u201cinvasi\u00f3n\u201d y afirm\u00f3 que S\u00e1nchez \u201codia al pueblo espa\u00f1ol y quiere sustituirlo\u201d.<\/p>\n\n\n\n<p><\/p>\n","protected":false},"excerpt":{"rendered":"<p>En una jugada pol\u00edtica que sacude el tablero migratorio europeo, el Gobierno de Espa\u00f1a, encabezado por Pedro S\u00e1nchez, se prepara para aprobar este martes un real decreto que permitir\u00e1 regularizar&hellip;<\/p>\n","protected":false},"author":3,"featured_media":263902,"comment_status":"closed","ping_status":"open","sticky":false,"template":"","format":"standard","meta":{"_acf_changed":false,"footnotes":""},"categories":[1,7],"tags":[],"class_list":["post-318458","post","type-post","status-publish","format-standard","has-post-thumbnail","hentry","category-es-noticia","category-mundo"],"acf":[],"yoast_head":"<!-- This site is optimized with the Yoast SEO plugin v27.5 - https:\/\/yoast.com\/product\/yoast-seo-wordpress\/ -->\n<title>Estos argentinos obtendr\u00e1n los \u201cpapeles\u201d de Espa\u00f1a inmediatamente por un \u201creal decreto\u201d de Pedro S\u00e1nchez - Diario Textual<\/title>\n<meta name=\"robots\" content=\"index, follow, max-snippet:-1, max-image-preview:large, max-video-preview:-1\" \/>\n<link rel=\"canonical\" href=\"https:\/\/diariotextual.com\/inicio\/index.php\/2026\/01\/27\/estos-argentinos-obtendran-los-papeles-de-espana-inmediatamente-por-un-real-decreto-de-pedro-sanchez\/\" \/>\n<meta property=\"og:locale\" content=\"es_ES\" \/>\n<meta property=\"og:type\" content=\"article\" \/>\n<meta property=\"og:title\" content=\"Estos argentinos obtendr\u00e1n los \u201cpapeles\u201d de Espa\u00f1a inmediatamente por un \u201creal decreto\u201d de Pedro S\u00e1nchez - Diario Textual\" \/>\n<meta property=\"og:description\" content=\"En una jugada pol\u00edtica que sacude el tablero migratorio europeo, el Gobierno de Espa\u00f1a, encabezado por Pedro S\u00e1nchez, se prepara para aprobar este martes un real decreto que permitir\u00e1 regularizar&hellip;\" \/>\n<meta property=\"og:url\" content=\"https:\/\/diariotextual.com\/inicio\/index.php\/2026\/01\/27\/estos-argentinos-obtendran-los-papeles-de-espana-inmediatamente-por-un-real-decreto-de-pedro-sanchez\/\" \/>\n<meta property=\"og:site_name\" content=\"Diario Textual\" \/>\n<meta property=\"article:publisher\" content=\"https:\/\/www.facebook.com\/eltextual\" \/>\n<meta property=\"article:published_time\" content=\"2026-01-27T08:11:24+00:00\" \/>\n<meta property=\"article:modified_time\" content=\"2026-01-27T19:15:30+00:00\" \/>\n<meta property=\"og:image\" content=\"https:\/\/diariotextual.com\/inicio\/wp-content\/uploads\/2024\/05\/sanchezpedro2024-2.jpg\" \/>\n\t<meta property=\"og:image:width\" content=\"940\" \/>\n\t<meta property=\"og:image:height\" content=\"529\" \/>\n\t<meta property=\"og:image:type\" content=\"image\/jpeg\" \/>\n<meta name=\"author\" content=\"Diario1 Diario1\" \/>\n<meta name=\"twitter:card\" content=\"summary_large_image\" \/>\n<meta name=\"twitter:creator\" content=\"@eltextual\" \/>\n<meta name=\"twitter:site\" content=\"@eltextual\" \/>\n<meta name=\"twitter:label1\" content=\"Escrito por\" \/>\n\t<meta name=\"twitter:data1\" content=\"Diario1 Diario1\" \/>\n\t<meta name=\"twitter:label2\" content=\"Tiempo de lectura\" \/>\n\t<meta name=\"twitter:data2\" content=\"3 minutos\" \/>\n<script type=\"application\/ld+json\" class=\"yoast-schema-graph\">{\"@context\":\"https:\\\/\\\/schema.org\",\"@graph\":[{\"@type\":\"Article\",\"@id\":\"https:\\\/\\\/diariotextual.com\\\/inicio\\\/index.php\\\/2026\\\/01\\\/27\\\/estos-argentinos-obtendran-los-papeles-de-espana-inmediatamente-por-un-real-decreto-de-pedro-sanchez\\\/#article\",\"isPartOf\":{\"@id\":\"https:\\\/\\\/diariotextual.com\\\/inicio\\\/index.php\\\/2026\\\/01\\\/27\\\/estos-argentinos-obtendran-los-papeles-de-espana-inmediatamente-por-un-real-decreto-de-pedro-sanchez\\\/\"},\"author\":{\"name\":\"Diario1 Diario1\",\"@id\":\"https:\\\/\\\/diariotextual.com\\\/inicio\\\/#\\\/schema\\\/person\\\/418fc4093c33e86ed41562db3508f958\"},\"headline\":\"Estos argentinos obtendr\u00e1n los \u201cpapeles\u201d de Espa\u00f1a inmediatamente por un \u201creal decreto\u201d de Pedro S\u00e1nchez\",\"datePublished\":\"2026-01-27T08:11:24+00:00\",\"dateModified\":\"2026-01-27T19:15:30+00:00\",\"mainEntityOfPage\":{\"@id\":\"https:\\\/\\\/diariotextual.com\\\/inicio\\\/index.php\\\/2026\\\/01\\\/27\\\/estos-argentinos-obtendran-los-papeles-de-espana-inmediatamente-por-un-real-decreto-de-pedro-sanchez\\\/\"},\"wordCount\":513,\"publisher\":{\"@id\":\"https:\\\/\\\/diariotextual.com\\\/inicio\\\/#organization\"},\"image\":{\"@id\":\"https:\\\/\\\/diariotextual.com\\\/inicio\\\/index.php\\\/2026\\\/01\\\/27\\\/estos-argentinos-obtendran-los-papeles-de-espana-inmediatamente-por-un-real-decreto-de-pedro-sanchez\\\/#primaryimage\"},\"thumbnailUrl\":\"https:\\\/\\\/diariotextual.com\\\/inicio\\\/wp-content\\\/uploads\\\/2024\\\/05\\\/sanchezpedro2024-2.jpg\",\"articleSection\":[\"A - ES NOTICIA (van abajo)\",\"MUNDO\"],\"inLanguage\":\"es\"},{\"@type\":\"WebPage\",\"@id\":\"https:\\\/\\\/diariotextual.com\\\/inicio\\\/index.php\\\/2026\\\/01\\\/27\\\/estos-argentinos-obtendran-los-papeles-de-espana-inmediatamente-por-un-real-decreto-de-pedro-sanchez\\\/\",\"url\":\"https:\\\/\\\/diariotextual.com\\\/inicio\\\/index.php\\\/2026\\\/01\\\/27\\\/estos-argentinos-obtendran-los-papeles-de-espana-inmediatamente-por-un-real-decreto-de-pedro-sanchez\\\/\",\"name\":\"Estos argentinos obtendr\u00e1n los \u201cpapeles\u201d de Espa\u00f1a inmediatamente por un \u201creal decreto\u201d de Pedro S\u00e1nchez - Diario Textual\",\"isPartOf\":{\"@id\":\"https:\\\/\\\/diariotextual.com\\\/inicio\\\/#website\"},\"primaryImageOfPage\":{\"@id\":\"https:\\\/\\\/diariotextual.com\\\/inicio\\\/index.php\\\/2026\\\/01\\\/27\\\/estos-argentinos-obtendran-los-papeles-de-espana-inmediatamente-por-un-real-decreto-de-pedro-sanchez\\\/#primaryimage\"},\"image\":{\"@id\":\"https:\\\/\\\/diariotextual.com\\\/inicio\\\/index.php\\\/2026\\\/01\\\/27\\\/estos-argentinos-obtendran-los-papeles-de-espana-inmediatamente-por-un-real-decreto-de-pedro-sanchez\\\/#primaryimage\"},\"thumbnailUrl\":\"https:\\\/\\\/diariotextual.com\\\/inicio\\\/wp-content\\\/uploads\\\/2024\\\/05\\\/sanchezpedro2024-2.jpg\",\"datePublished\":\"2026-01-27T08:11:24+00:00\",\"dateModified\":\"2026-01-27T19:15:30+00:00\",\"breadcrumb\":{\"@id\":\"https:\\\/\\\/diariotextual.com\\\/inicio\\\/index.php\\\/2026\\\/01\\\/27\\\/estos-argentinos-obtendran-los-papeles-de-espana-inmediatamente-por-un-real-decreto-de-pedro-sanchez\\\/#breadcrumb\"},\"inLanguage\":\"es\",\"potentialAction\":[{\"@type\":\"ReadAction\",\"target\":[\"https:\\\/\\\/diariotextual.com\\\/inicio\\\/index.php\\\/2026\\\/01\\\/27\\\/estos-argentinos-obtendran-los-papeles-de-espana-inmediatamente-por-un-real-decreto-de-pedro-sanchez\\\/\"]}]},{\"@type\":\"ImageObject\",\"inLanguage\":\"es\",\"@id\":\"https:\\\/\\\/diariotextual.com\\\/inicio\\\/index.php\\\/2026\\\/01\\\/27\\\/estos-argentinos-obtendran-los-papeles-de-espana-inmediatamente-por-un-real-decreto-de-pedro-sanchez\\\/#primaryimage\",\"url\":\"https:\\\/\\\/diariotextual.com\\\/inicio\\\/wp-content\\\/uploads\\\/2024\\\/05\\\/sanchezpedro2024-2.jpg\",\"contentUrl\":\"https:\\\/\\\/diariotextual.com\\\/inicio\\\/wp-content\\\/uploads\\\/2024\\\/05\\\/sanchezpedro2024-2.jpg\",\"width\":940,\"height\":529},{\"@type\":\"BreadcrumbList\",\"@id\":\"https:\\\/\\\/diariotextual.com\\\/inicio\\\/index.php\\\/2026\\\/01\\\/27\\\/estos-argentinos-obtendran-los-papeles-de-espana-inmediatamente-por-un-real-decreto-de-pedro-sanchez\\\/#breadcrumb\",\"itemListElement\":[{\"@type\":\"ListItem\",\"position\":1,\"name\":\"Portada\",\"item\":\"https:\\\/\\\/diariotextual.com\\\/inicio\\\/\"},{\"@type\":\"ListItem\",\"position\":2,\"name\":\"Estos argentinos obtendr\u00e1n los \u201cpapeles\u201d de Espa\u00f1a inmediatamente por un \u201creal decreto\u201d de Pedro S\u00e1nchez\"}]},{\"@type\":\"WebSite\",\"@id\":\"https:\\\/\\\/diariotextual.com\\\/inicio\\\/#website\",\"url\":\"https:\\\/\\\/diariotextual.com\\\/inicio\\\/\",\"name\":\"Diario Textual\",\"description\":\"\",\"publisher\":{\"@id\":\"https:\\\/\\\/diariotextual.com\\\/inicio\\\/#organization\"},\"potentialAction\":[{\"@type\":\"SearchAction\",\"target\":{\"@type\":\"EntryPoint\",\"urlTemplate\":\"https:\\\/\\\/diariotextual.com\\\/inicio\\\/?s={search_term_string}\"},\"query-input\":{\"@type\":\"PropertyValueSpecification\",\"valueRequired\":true,\"valueName\":\"search_term_string\"}}],\"inLanguage\":\"es\"},{\"@type\":\"Organization\",\"@id\":\"https:\\\/\\\/diariotextual.com\\\/inicio\\\/#organization\",\"name\":\"Diario Textual\",\"url\":\"https:\\\/\\\/diariotextual.com\\\/inicio\\\/\",\"logo\":{\"@type\":\"ImageObject\",\"inLanguage\":\"es\",\"@id\":\"https:\\\/\\\/diariotextual.com\\\/inicio\\\/#\\\/schema\\\/logo\\\/image\\\/\",\"url\":\"https:\\\/\\\/diariotextual.com\\\/inicio\\\/wp-content\\\/uploads\\\/2023\\\/05\\\/logotextual1.jpg\",\"contentUrl\":\"https:\\\/\\\/diariotextual.com\\\/inicio\\\/wp-content\\\/uploads\\\/2023\\\/05\\\/logotextual1.jpg\",\"width\":516,\"height\":76,\"caption\":\"Diario Textual\"},\"image\":{\"@id\":\"https:\\\/\\\/diariotextual.com\\\/inicio\\\/#\\\/schema\\\/logo\\\/image\\\/\"},\"sameAs\":[\"https:\\\/\\\/www.facebook.com\\\/eltextual\",\"https:\\\/\\\/x.com\\\/eltextual\",\"http:\\\/\\\/www.instagram.com\\\/eltextual\"]},{\"@type\":\"Person\",\"@id\":\"https:\\\/\\\/diariotextual.com\\\/inicio\\\/#\\\/schema\\\/person\\\/418fc4093c33e86ed41562db3508f958\",\"name\":\"Diario1 Diario1\",\"image\":{\"@type\":\"ImageObject\",\"inLanguage\":\"es\",\"@id\":\"https:\\\/\\\/secure.gravatar.com\\\/avatar\\\/9167d280179c85bc18be67aa7eda765854300033af4896dd779b608640f2ef7a?s=96&d=mm&r=g\",\"url\":\"https:\\\/\\\/secure.gravatar.com\\\/avatar\\\/9167d280179c85bc18be67aa7eda765854300033af4896dd779b608640f2ef7a?s=96&d=mm&r=g\",\"contentUrl\":\"https:\\\/\\\/secure.gravatar.com\\\/avatar\\\/9167d280179c85bc18be67aa7eda765854300033af4896dd779b608640f2ef7a?s=96&d=mm&r=g\",\"caption\":\"Diario1 Diario1\"},\"url\":\"https:\\\/\\\/diariotextual.com\\\/inicio\\\/index.php\\\/author\\\/diario1\\\/\"}]}<\/script>\n<!-- \/ Yoast SEO plugin. -->","yoast_head_json":{"title":"Estos argentinos obtendr\u00e1n los \u201cpapeles\u201d de Espa\u00f1a inmediatamente por un \u201creal decreto\u201d de Pedro S\u00e1nchez - Diario Textual","robots":{"index":"index","follow":"follow","max-snippet":"max-snippet:-1","max-image-preview":"max-image-preview:large","max-video-preview":"max-video-preview:-1"},"canonical":"https:\/\/diariotextual.com\/inicio\/index.php\/2026\/01\/27\/estos-argentinos-obtendran-los-papeles-de-espana-inmediatamente-por-un-real-decreto-de-pedro-sanchez\/","og_locale":"es_ES","og_type":"article","og_title":"Estos argentinos obtendr\u00e1n los \u201cpapeles\u201d de Espa\u00f1a inmediatamente por un \u201creal decreto\u201d de Pedro S\u00e1nchez - Diario Textual","og_description":"En una jugada pol\u00edtica que sacude el tablero migratorio europeo, el Gobierno de Espa\u00f1a, encabezado por Pedro S\u00e1nchez, se prepara para aprobar este martes un real decreto que permitir\u00e1 regularizar&hellip;","og_url":"https:\/\/diariotextual.com\/inicio\/index.php\/2026\/01\/27\/estos-argentinos-obtendran-los-papeles-de-espana-inmediatamente-por-un-real-decreto-de-pedro-sanchez\/","og_site_name":"Diario Textual","article_publisher":"https:\/\/www.facebook.com\/eltextual","article_published_time":"2026-01-27T08:11:24+00:00","article_modified_time":"2026-01-27T19:15:30+00:00","og_image":[{"width":940,"height":529,"url":"https:\/\/diariotextual.com\/inicio\/wp-content\/uploads\/2024\/05\/sanchezpedro2024-2.jpg","type":"image\/jpeg"}],"author":"Diario1 Diario1","twitter_card":"summary_large_image","twitter_creator":"@eltextual","twitter_site":"@eltextual","twitter_misc":{"Escrito por":"Diario1 Diario1","Tiempo de lectura":"3 minutos"},"schema":{"@context":"https:\/\/schema.org","@graph":[{"@type":"Article","@id":"https:\/\/diariotextual.com\/inicio\/index.php\/2026\/01\/27\/estos-argentinos-obtendran-los-papeles-de-espana-inmediatamente-por-un-real-decreto-de-pedro-sanchez\/#article","isPartOf":{"@id":"https:\/\/diariotextual.com\/inicio\/index.php\/2026\/01\/27\/estos-argentinos-obtendran-los-papeles-de-espana-inmediatamente-por-un-real-decreto-de-pedro-sanchez\/"},"author":{"name":"Diario1 Diario1","@id":"https:\/\/diariotextual.com\/inicio\/#\/schema\/person\/418fc4093c33e86ed41562db3508f958"},"headline":"Estos argentinos obtendr\u00e1n los \u201cpapeles\u201d de Espa\u00f1a inmediatamente por un \u201creal decreto\u201d de Pedro S\u00e1nchez","datePublished":"2026-01-27T08:11:24+00:00","dateModified":"2026-01-27T19:15:30+00:00","mainEntityOfPage":{"@id":"https:\/\/diariotextual.com\/inicio\/index.php\/2026\/01\/27\/estos-argentinos-obtendran-los-papeles-de-espana-inmediatamente-por-un-real-decreto-de-pedro-sanchez\/"},"wordCount":513,"publisher":{"@id":"https:\/\/diariotextual.com\/inicio\/#organization"},"image":{"@id":"https:\/\/diariotextual.com\/inicio\/index.php\/2026\/01\/27\/estos-argentinos-obtendran-los-papeles-de-espana-inmediatamente-por-un-real-decreto-de-pedro-sanchez\/#primaryimage"},"thumbnailUrl":"https:\/\/diariotextual.com\/inicio\/wp-content\/uploads\/2024\/05\/sanchezpedro2024-2.jpg","articleSection":["A - ES NOTICIA (van abajo)","MUNDO"],"inLanguage":"es"},{"@type":"WebPage","@id":"https:\/\/diariotextual.com\/inicio\/index.php\/2026\/01\/27\/estos-argentinos-obtendran-los-papeles-de-espana-inmediatamente-por-un-real-decreto-de-pedro-sanchez\/","url":"https:\/\/diariotextual.com\/inicio\/index.php\/2026\/01\/27\/estos-argentinos-obtendran-los-papeles-de-espana-inmediatamente-por-un-real-decreto-de-pedro-sanchez\/","name":"Estos argentinos obtendr\u00e1n los \u201cpapeles\u201d de Espa\u00f1a inmediatamente por un \u201creal decreto\u201d de Pedro S\u00e1nchez - Diario Textual","isPartOf":{"@id":"https:\/\/diariotextual.com\/inicio\/#website"},"primaryImageOfPage":{"@id":"https:\/\/diariotextual.com\/inicio\/index.php\/2026\/01\/27\/estos-argentinos-obtendran-los-papeles-de-espana-inmediatamente-por-un-real-decreto-de-pedro-sanchez\/#primaryimage"},"image":{"@id":"https:\/\/diariotextual.com\/inicio\/index.php\/2026\/01\/27\/estos-argentinos-obtendran-los-papeles-de-espana-inmediatamente-por-un-real-decreto-de-pedro-sanchez\/#primaryimage"},"thumbnailUrl":"https:\/\/diariotextual.com\/inicio\/wp-content\/uploads\/2024\/05\/sanchezpedro2024-2.jpg","datePublished":"2026-01-27T08:11:24+00:00","dateModified":"2026-01-27T19:15:30+00:00","breadcrumb":{"@id":"https:\/\/diariotextual.com\/inicio\/index.php\/2026\/01\/27\/estos-argentinos-obtendran-los-papeles-de-espana-inmediatamente-por-un-real-decreto-de-pedro-sanchez\/#breadcrumb"},"inLanguage":"es","potentialAction":[{"@type":"ReadAction","target":["https:\/\/diariotextual.com\/inicio\/index.php\/2026\/01\/27\/estos-argentinos-obtendran-los-papeles-de-espana-inmediatamente-por-un-real-decreto-de-pedro-sanchez\/"]}]},{"@type":"ImageObject","inLanguage":"es","@id":"https:\/\/diariotextual.com\/inicio\/index.php\/2026\/01\/27\/estos-argentinos-obtendran-los-papeles-de-espana-inmediatamente-por-un-real-decreto-de-pedro-sanchez\/#primaryimage","url":"https:\/\/diariotextual.com\/inicio\/wp-content\/uploads\/2024\/05\/sanchezpedro2024-2.jpg","contentUrl":"https:\/\/diariotextual.com\/inicio\/wp-content\/uploads\/2024\/05\/sanchezpedro2024-2.jpg","width":940,"height":529},{"@type":"BreadcrumbList","@id":"https:\/\/diariotextual.com\/inicio\/index.php\/2026\/01\/27\/estos-argentinos-obtendran-los-papeles-de-espana-inmediatamente-por-un-real-decreto-de-pedro-sanchez\/#breadcrumb","itemListElement":[{"@type":"ListItem","position":1,"name":"Portada","item":"https:\/\/diariotextual.com\/inicio\/"},{"@type":"ListItem","position":2,"name":"Estos argentinos obtendr\u00e1n los \u201cpapeles\u201d de Espa\u00f1a inmediatamente por un \u201creal decreto\u201d de Pedro S\u00e1nchez"}]},{"@type":"WebSite","@id":"https:\/\/diariotextual.com\/inicio\/#website","url":"https:\/\/diariotextual.com\/inicio\/","name":"Diario Textual","description":"","publisher":{"@id":"https:\/\/diariotextual.com\/inicio\/#organization"},"potentialAction":[{"@type":"SearchAction","target":{"@type":"EntryPoint","urlTemplate":"https:\/\/diariotextual.com\/inicio\/?s={search_term_string}"},"query-input":{"@type":"PropertyValueSpecification","valueRequired":true,"valueName":"search_term_string"}}],"inLanguage":"es"},{"@type":"Organization","@id":"https:\/\/diariotextual.com\/inicio\/#organization","name":"Diario Textual","url":"https:\/\/diariotextual.com\/inicio\/","logo":{"@type":"ImageObject","inLanguage":"es","@id":"https:\/\/diariotextual.com\/inicio\/#\/schema\/logo\/image\/","url":"https:\/\/diariotextual.com\/inicio\/wp-content\/uploads\/2023\/05\/logotextual1.jpg","contentUrl":"https:\/\/diariotextual.com\/inicio\/wp-content\/uploads\/2023\/05\/logotextual1.jpg","width":516,"height":76,"caption":"Diario Textual"},"image":{"@id":"https:\/\/diariotextual.com\/inicio\/#\/schema\/logo\/image\/"},"sameAs":["https:\/\/www.facebook.com\/eltextual","https:\/\/x.com\/eltextual","http:\/\/www.instagram.com\/eltextual"]},{"@type":"Person","@id":"https:\/\/diariotextual.com\/inicio\/#\/schema\/person\/418fc4093c33e86ed41562db3508f958","name":"Diario1 Diario1","image":{"@type":"ImageObject","inLanguage":"es","@id":"https:\/\/secure.gravatar.com\/avatar\/9167d280179c85bc18be67aa7eda765854300033af4896dd779b608640f2ef7a?s=96&d=mm&r=g","url":"https:\/\/secure.gravatar.com\/avatar\/9167d280179c85bc18be67aa7eda765854300033af4896dd779b608640f2ef7a?s=96&d=mm&r=g","contentUrl":"https:\/\/secure.gravatar.com\/avatar\/9167d280179c85bc18be67aa7eda765854300033af4896dd779b608640f2ef7a?s=96&d=mm&r=g","caption":"Diario1 Diario1"},"url":"https:\/\/diariotextual.com\/inicio\/index.php\/author\/diario1\/"}]}},"_links":{"self":[{"href":"https:\/\/diariotextual.com\/inicio\/index.php\/wp-json\/wp\/v2\/posts\/318458","targetHints":{"allow":["GET"]}}],"collection":[{"href":"https:\/\/diariotextual.com\/inicio\/index.php\/wp-json\/wp\/v2\/posts"}],"about":[{"href":"https:\/\/diariotextual.com\/inicio\/index.php\/wp-json\/wp\/v2\/types\/post"}],"author":[{"embeddable":true,"href":"https:\/\/diariotextual.com\/inicio\/index.php\/wp-json\/wp\/v2\/users\/3"}],"replies":[{"embeddable":true,"href":"https:\/\/diariotextual.com\/inicio\/index.php\/wp-json\/wp\/v2\/comments?post=318458"}],"version-history":[{"count":1,"href":"https:\/\/diariotextual.com\/inicio\/index.php\/wp-json\/wp\/v2\/posts\/318458\/revisions"}],"predecessor-version":[{"id":318459,"href":"https:\/\/diariotextual.com\/inicio\/index.php\/wp-json\/wp\/v2\/posts\/318458\/revisions\/318459"}],"wp:featuredmedia":[{"embeddable":true,"href":"https:\/\/diariotextual.com\/inicio\/index.php\/wp-json\/wp\/v2\/media\/263902"}],"wp:attachment":[{"href":"https:\/\/diariotextual.com\/inicio\/index.php\/wp-json\/wp\/v2\/media?parent=318458"}],"wp:term":[{"taxonomy":"category","embeddable":true,"href":"https:\/\/diariotextual.com\/inicio\/index.php\/wp-json\/wp\/v2\/categories?post=318458"},{"taxonomy":"post_tag","embeddable":true,"href":"https:\/\/diariotextual.com\/inicio\/index.php\/wp-json\/wp\/v2\/tags?post=318458"}],"curies":[{"name":"wp","href":"https:\/\/api.w.org\/{rel}","templated":true}]}}