{"id":319791,"date":"2026-02-16T11:18:58","date_gmt":"2026-02-16T14:18:58","guid":{"rendered":"https:\/\/diariotextual.com\/inicio\/?p=319791"},"modified":"2026-02-17T06:44:56","modified_gmt":"2026-02-17T09:44:56","slug":"llego-en-tres-ruedas-demoraron-a-un-hombre-armado-en-un-operativo-vehicular-en-puesto-el-durazno","status":"publish","type":"post","link":"https:\/\/diariotextual.com\/inicio\/index.php\/2026\/02\/16\/llego-en-tres-ruedas-demoraron-a-un-hombre-armado-en-un-operativo-vehicular-en-puesto-el-durazno\/","title":{"rendered":"Lleg\u00f3 en tres ruedas: demoraron a un hombre armado en un operativo vehicular en Puesto El Durazno"},"content":{"rendered":"\n<p>Un hombre fue demorado el domingo por la noche durante un operativo de control vehicular realizado en el puesto caminero El Durazno, luego de constatarse que transportaba un arma de fuego en condiciones de uso inmediato.<\/p>\n\n\n\n<p>El procedimiento tuvo lugar alrededor de las 22 horas del domingo, cuando personal policial identific\u00f3 a un masculino \u2013 oriundo de Santa Rosa &#8211; que circulaba en un veh\u00edculo y, al ser inspeccionado, se detect\u00f3 que llevaba un arma con munici\u00f3n en rec\u00e1mara, lista para disparar.<\/p>\n\n\n\n<p>Seg\u00fan se inform\u00f3, el individuo no pudo brindar una explicaci\u00f3n coherente respecto de la portaci\u00f3n del arma, por lo que se avanz\u00f3 con su detenci\u00f3n preventiva.<\/p>\n\n\n\n<p>El arma fue secuestrada en el marco de una causa iniciada por presunta infracci\u00f3n al art\u00edculo 189 bis del C\u00f3digo Penal, que sanciona la portaci\u00f3n ilegal de armas de fuego. Asimismo, el veh\u00edculo fue retenido por infracci\u00f3n a la Ley Provincial 1194 y por disposici\u00f3n del Juzgado de Faltas de Victorica, debido a que no contaba con la documentaci\u00f3n reglamentaria.<\/p>\n\n\n\n<p>De acuerdo a lo informado por fuentes oficiales, el hombre lleg\u00f3 al puesto de control circulando \u201cen llanta\u201d, es decir, con una de las ruedas del veh\u00edculo da\u00f1ada.<\/p>\n\n\n\n<p>Luego de la comunicaci\u00f3n con la Fiscal\u00eda de la IV Circunscripci\u00f3n del Ministerio P\u00fablico Fiscal, el hombre fue notificado en libertad alrededor de las 2 de la madrugada de este lunes.<\/p>\n\n\n\n<p><\/p>\n","protected":false},"excerpt":{"rendered":"<p>Un hombre fue demorado el domingo por la noche durante un operativo de control vehicular realizado en el puesto caminero El Durazno, luego de constatarse que transportaba un arma de&hellip;<\/p>\n","protected":false},"author":3,"featured_media":319794,"comment_status":"closed","ping_status":"open","sticky":false,"template":"","format":"standard","meta":{"_acf_changed":false,"footnotes":""},"categories":[1,12],"tags":[],"class_list":["post-319791","post","type-post","status-publish","format-standard","has-post-thumbnail","hentry","category-es-noticia","category-sociedad"],"acf":[],"yoast_head":"<!-- This site is optimized with the Yoast SEO plugin v27.5 - https:\/\/yoast.com\/product\/yoast-seo-wordpress\/ -->\n<title>Lleg\u00f3 en tres ruedas: demoraron a un hombre armado en un operativo vehicular en Puesto El Durazno - Diario Textual<\/title>\n<meta name=\"robots\" content=\"index, follow, max-snippet:-1, max-image-preview:large, max-video-preview:-1\" \/>\n<link rel=\"canonical\" href=\"https:\/\/diariotextual.com\/inicio\/index.php\/2026\/02\/16\/llego-en-tres-ruedas-demoraron-a-un-hombre-armado-en-un-operativo-vehicular-en-puesto-el-durazno\/\" \/>\n<meta property=\"og:locale\" content=\"es_ES\" \/>\n<meta property=\"og:type\" content=\"article\" \/>\n<meta property=\"og:title\" content=\"Lleg\u00f3 en tres ruedas: demoraron a un hombre armado en un operativo vehicular en Puesto El Durazno - Diario Textual\" \/>\n<meta property=\"og:description\" content=\"Un hombre fue demorado el domingo por la noche durante un operativo de control vehicular realizado en el puesto caminero El Durazno, luego de constatarse que transportaba un arma de&hellip;\" \/>\n<meta property=\"og:url\" content=\"https:\/\/diariotextual.com\/inicio\/index.php\/2026\/02\/16\/llego-en-tres-ruedas-demoraron-a-un-hombre-armado-en-un-operativo-vehicular-en-puesto-el-durazno\/\" \/>\n<meta property=\"og:site_name\" content=\"Diario Textual\" \/>\n<meta property=\"article:publisher\" content=\"https:\/\/www.facebook.com\/eltextual\" \/>\n<meta property=\"article:published_time\" content=\"2026-02-16T14:18:58+00:00\" \/>\n<meta property=\"article:modified_time\" content=\"2026-02-17T09:44:56+00:00\" \/>\n<meta property=\"og:image\" content=\"https:\/\/diariotextual.com\/inicio\/wp-content\/uploads\/2026\/02\/detenidoarmaseldurazno2026-10.jpg\" \/>\n\t<meta property=\"og:image:width\" content=\"1200\" \/>\n\t<meta property=\"og:image:height\" content=\"900\" \/>\n\t<meta property=\"og:image:type\" content=\"image\/jpeg\" \/>\n<meta name=\"author\" content=\"Diario1 Diario1\" \/>\n<meta name=\"twitter:card\" content=\"summary_large_image\" \/>\n<meta name=\"twitter:creator\" content=\"@eltextual\" \/>\n<meta name=\"twitter:site\" content=\"@eltextual\" \/>\n<meta name=\"twitter:label1\" content=\"Escrito por\" \/>\n\t<meta name=\"twitter:data1\" content=\"Diario1 Diario1\" \/>\n\t<meta name=\"twitter:label2\" content=\"Tiempo de lectura\" \/>\n\t<meta name=\"twitter:data2\" content=\"2 minutos\" \/>\n<script type=\"application\/ld+json\" class=\"yoast-schema-graph\">{\"@context\":\"https:\\\/\\\/schema.org\",\"@graph\":[{\"@type\":\"Article\",\"@id\":\"https:\\\/\\\/diariotextual.com\\\/inicio\\\/index.php\\\/2026\\\/02\\\/16\\\/llego-en-tres-ruedas-demoraron-a-un-hombre-armado-en-un-operativo-vehicular-en-puesto-el-durazno\\\/#article\",\"isPartOf\":{\"@id\":\"https:\\\/\\\/diariotextual.com\\\/inicio\\\/index.php\\\/2026\\\/02\\\/16\\\/llego-en-tres-ruedas-demoraron-a-un-hombre-armado-en-un-operativo-vehicular-en-puesto-el-durazno\\\/\"},\"author\":{\"name\":\"Diario1 Diario1\",\"@id\":\"https:\\\/\\\/diariotextual.com\\\/inicio\\\/#\\\/schema\\\/person\\\/418fc4093c33e86ed41562db3508f958\"},\"headline\":\"Lleg\u00f3 en tres ruedas: demoraron a un hombre armado en un operativo vehicular en Puesto El Durazno\",\"datePublished\":\"2026-02-16T14:18:58+00:00\",\"dateModified\":\"2026-02-17T09:44:56+00:00\",\"mainEntityOfPage\":{\"@id\":\"https:\\\/\\\/diariotextual.com\\\/inicio\\\/index.php\\\/2026\\\/02\\\/16\\\/llego-en-tres-ruedas-demoraron-a-un-hombre-armado-en-un-operativo-vehicular-en-puesto-el-durazno\\\/\"},\"wordCount\":260,\"publisher\":{\"@id\":\"https:\\\/\\\/diariotextual.com\\\/inicio\\\/#organization\"},\"image\":{\"@id\":\"https:\\\/\\\/diariotextual.com\\\/inicio\\\/index.php\\\/2026\\\/02\\\/16\\\/llego-en-tres-ruedas-demoraron-a-un-hombre-armado-en-un-operativo-vehicular-en-puesto-el-durazno\\\/#primaryimage\"},\"thumbnailUrl\":\"https:\\\/\\\/diariotextual.com\\\/inicio\\\/wp-content\\\/uploads\\\/2026\\\/02\\\/detenidoarmaseldurazno2026-10.jpg\",\"articleSection\":[\"A - ES NOTICIA (van abajo)\",\"SOCIEDAD\"],\"inLanguage\":\"es\"},{\"@type\":\"WebPage\",\"@id\":\"https:\\\/\\\/diariotextual.com\\\/inicio\\\/index.php\\\/2026\\\/02\\\/16\\\/llego-en-tres-ruedas-demoraron-a-un-hombre-armado-en-un-operativo-vehicular-en-puesto-el-durazno\\\/\",\"url\":\"https:\\\/\\\/diariotextual.com\\\/inicio\\\/index.php\\\/2026\\\/02\\\/16\\\/llego-en-tres-ruedas-demoraron-a-un-hombre-armado-en-un-operativo-vehicular-en-puesto-el-durazno\\\/\",\"name\":\"Lleg\u00f3 en tres ruedas: demoraron a un hombre armado en un operativo vehicular en Puesto El Durazno - Diario Textual\",\"isPartOf\":{\"@id\":\"https:\\\/\\\/diariotextual.com\\\/inicio\\\/#website\"},\"primaryImageOfPage\":{\"@id\":\"https:\\\/\\\/diariotextual.com\\\/inicio\\\/index.php\\\/2026\\\/02\\\/16\\\/llego-en-tres-ruedas-demoraron-a-un-hombre-armado-en-un-operativo-vehicular-en-puesto-el-durazno\\\/#primaryimage\"},\"image\":{\"@id\":\"https:\\\/\\\/diariotextual.com\\\/inicio\\\/index.php\\\/2026\\\/02\\\/16\\\/llego-en-tres-ruedas-demoraron-a-un-hombre-armado-en-un-operativo-vehicular-en-puesto-el-durazno\\\/#primaryimage\"},\"thumbnailUrl\":\"https:\\\/\\\/diariotextual.com\\\/inicio\\\/wp-content\\\/uploads\\\/2026\\\/02\\\/detenidoarmaseldurazno2026-10.jpg\",\"datePublished\":\"2026-02-16T14:18:58+00:00\",\"dateModified\":\"2026-02-17T09:44:56+00:00\",\"breadcrumb\":{\"@id\":\"https:\\\/\\\/diariotextual.com\\\/inicio\\\/index.php\\\/2026\\\/02\\\/16\\\/llego-en-tres-ruedas-demoraron-a-un-hombre-armado-en-un-operativo-vehicular-en-puesto-el-durazno\\\/#breadcrumb\"},\"inLanguage\":\"es\",\"potentialAction\":[{\"@type\":\"ReadAction\",\"target\":[\"https:\\\/\\\/diariotextual.com\\\/inicio\\\/index.php\\\/2026\\\/02\\\/16\\\/llego-en-tres-ruedas-demoraron-a-un-hombre-armado-en-un-operativo-vehicular-en-puesto-el-durazno\\\/\"]}]},{\"@type\":\"ImageObject\",\"inLanguage\":\"es\",\"@id\":\"https:\\\/\\\/diariotextual.com\\\/inicio\\\/index.php\\\/2026\\\/02\\\/16\\\/llego-en-tres-ruedas-demoraron-a-un-hombre-armado-en-un-operativo-vehicular-en-puesto-el-durazno\\\/#primaryimage\",\"url\":\"https:\\\/\\\/diariotextual.com\\\/inicio\\\/wp-content\\\/uploads\\\/2026\\\/02\\\/detenidoarmaseldurazno2026-10.jpg\",\"contentUrl\":\"https:\\\/\\\/diariotextual.com\\\/inicio\\\/wp-content\\\/uploads\\\/2026\\\/02\\\/detenidoarmaseldurazno2026-10.jpg\",\"width\":1200,\"height\":900},{\"@type\":\"BreadcrumbList\",\"@id\":\"https:\\\/\\\/diariotextual.com\\\/inicio\\\/index.php\\\/2026\\\/02\\\/16\\\/llego-en-tres-ruedas-demoraron-a-un-hombre-armado-en-un-operativo-vehicular-en-puesto-el-durazno\\\/#breadcrumb\",\"itemListElement\":[{\"@type\":\"ListItem\",\"position\":1,\"name\":\"Portada\",\"item\":\"https:\\\/\\\/diariotextual.com\\\/inicio\\\/\"},{\"@type\":\"ListItem\",\"position\":2,\"name\":\"Lleg\u00f3 en tres ruedas: demoraron a un hombre armado en un operativo vehicular en Puesto El Durazno\"}]},{\"@type\":\"WebSite\",\"@id\":\"https:\\\/\\\/diariotextual.com\\\/inicio\\\/#website\",\"url\":\"https:\\\/\\\/diariotextual.com\\\/inicio\\\/\",\"name\":\"Diario Textual\",\"description\":\"\",\"publisher\":{\"@id\":\"https:\\\/\\\/diariotextual.com\\\/inicio\\\/#organization\"},\"potentialAction\":[{\"@type\":\"SearchAction\",\"target\":{\"@type\":\"EntryPoint\",\"urlTemplate\":\"https:\\\/\\\/diariotextual.com\\\/inicio\\\/?s={search_term_string}\"},\"query-input\":{\"@type\":\"PropertyValueSpecification\",\"valueRequired\":true,\"valueName\":\"search_term_string\"}}],\"inLanguage\":\"es\"},{\"@type\":\"Organization\",\"@id\":\"https:\\\/\\\/diariotextual.com\\\/inicio\\\/#organization\",\"name\":\"Diario Textual\",\"url\":\"https:\\\/\\\/diariotextual.com\\\/inicio\\\/\",\"logo\":{\"@type\":\"ImageObject\",\"inLanguage\":\"es\",\"@id\":\"https:\\\/\\\/diariotextual.com\\\/inicio\\\/#\\\/schema\\\/logo\\\/image\\\/\",\"url\":\"https:\\\/\\\/diariotextual.com\\\/inicio\\\/wp-content\\\/uploads\\\/2023\\\/05\\\/logotextual1.jpg\",\"contentUrl\":\"https:\\\/\\\/diariotextual.com\\\/inicio\\\/wp-content\\\/uploads\\\/2023\\\/05\\\/logotextual1.jpg\",\"width\":516,\"height\":76,\"caption\":\"Diario Textual\"},\"image\":{\"@id\":\"https:\\\/\\\/diariotextual.com\\\/inicio\\\/#\\\/schema\\\/logo\\\/image\\\/\"},\"sameAs\":[\"https:\\\/\\\/www.facebook.com\\\/eltextual\",\"https:\\\/\\\/x.com\\\/eltextual\",\"http:\\\/\\\/www.instagram.com\\\/eltextual\"]},{\"@type\":\"Person\",\"@id\":\"https:\\\/\\\/diariotextual.com\\\/inicio\\\/#\\\/schema\\\/person\\\/418fc4093c33e86ed41562db3508f958\",\"name\":\"Diario1 Diario1\",\"image\":{\"@type\":\"ImageObject\",\"inLanguage\":\"es\",\"@id\":\"https:\\\/\\\/secure.gravatar.com\\\/avatar\\\/9167d280179c85bc18be67aa7eda765854300033af4896dd779b608640f2ef7a?s=96&d=mm&r=g\",\"url\":\"https:\\\/\\\/secure.gravatar.com\\\/avatar\\\/9167d280179c85bc18be67aa7eda765854300033af4896dd779b608640f2ef7a?s=96&d=mm&r=g\",\"contentUrl\":\"https:\\\/\\\/secure.gravatar.com\\\/avatar\\\/9167d280179c85bc18be67aa7eda765854300033af4896dd779b608640f2ef7a?s=96&d=mm&r=g\",\"caption\":\"Diario1 Diario1\"},\"url\":\"https:\\\/\\\/diariotextual.com\\\/inicio\\\/index.php\\\/author\\\/diario1\\\/\"}]}<\/script>\n<!-- \/ Yoast SEO plugin. -->","yoast_head_json":{"title":"Lleg\u00f3 en tres ruedas: demoraron a un hombre armado en un operativo vehicular en Puesto El Durazno - Diario Textual","robots":{"index":"index","follow":"follow","max-snippet":"max-snippet:-1","max-image-preview":"max-image-preview:large","max-video-preview":"max-video-preview:-1"},"canonical":"https:\/\/diariotextual.com\/inicio\/index.php\/2026\/02\/16\/llego-en-tres-ruedas-demoraron-a-un-hombre-armado-en-un-operativo-vehicular-en-puesto-el-durazno\/","og_locale":"es_ES","og_type":"article","og_title":"Lleg\u00f3 en tres ruedas: demoraron a un hombre armado en un operativo vehicular en Puesto El Durazno - Diario Textual","og_description":"Un hombre fue demorado el domingo por la noche durante un operativo de control vehicular realizado en el puesto caminero El Durazno, luego de constatarse que transportaba un arma de&hellip;","og_url":"https:\/\/diariotextual.com\/inicio\/index.php\/2026\/02\/16\/llego-en-tres-ruedas-demoraron-a-un-hombre-armado-en-un-operativo-vehicular-en-puesto-el-durazno\/","og_site_name":"Diario Textual","article_publisher":"https:\/\/www.facebook.com\/eltextual","article_published_time":"2026-02-16T14:18:58+00:00","article_modified_time":"2026-02-17T09:44:56+00:00","og_image":[{"width":1200,"height":900,"url":"https:\/\/diariotextual.com\/inicio\/wp-content\/uploads\/2026\/02\/detenidoarmaseldurazno2026-10.jpg","type":"image\/jpeg"}],"author":"Diario1 Diario1","twitter_card":"summary_large_image","twitter_creator":"@eltextual","twitter_site":"@eltextual","twitter_misc":{"Escrito por":"Diario1 Diario1","Tiempo de lectura":"2 minutos"},"schema":{"@context":"https:\/\/schema.org","@graph":[{"@type":"Article","@id":"https:\/\/diariotextual.com\/inicio\/index.php\/2026\/02\/16\/llego-en-tres-ruedas-demoraron-a-un-hombre-armado-en-un-operativo-vehicular-en-puesto-el-durazno\/#article","isPartOf":{"@id":"https:\/\/diariotextual.com\/inicio\/index.php\/2026\/02\/16\/llego-en-tres-ruedas-demoraron-a-un-hombre-armado-en-un-operativo-vehicular-en-puesto-el-durazno\/"},"author":{"name":"Diario1 Diario1","@id":"https:\/\/diariotextual.com\/inicio\/#\/schema\/person\/418fc4093c33e86ed41562db3508f958"},"headline":"Lleg\u00f3 en tres ruedas: demoraron a un hombre armado en un operativo vehicular en Puesto El Durazno","datePublished":"2026-02-16T14:18:58+00:00","dateModified":"2026-02-17T09:44:56+00:00","mainEntityOfPage":{"@id":"https:\/\/diariotextual.com\/inicio\/index.php\/2026\/02\/16\/llego-en-tres-ruedas-demoraron-a-un-hombre-armado-en-un-operativo-vehicular-en-puesto-el-durazno\/"},"wordCount":260,"publisher":{"@id":"https:\/\/diariotextual.com\/inicio\/#organization"},"image":{"@id":"https:\/\/diariotextual.com\/inicio\/index.php\/2026\/02\/16\/llego-en-tres-ruedas-demoraron-a-un-hombre-armado-en-un-operativo-vehicular-en-puesto-el-durazno\/#primaryimage"},"thumbnailUrl":"https:\/\/diariotextual.com\/inicio\/wp-content\/uploads\/2026\/02\/detenidoarmaseldurazno2026-10.jpg","articleSection":["A - ES NOTICIA (van abajo)","SOCIEDAD"],"inLanguage":"es"},{"@type":"WebPage","@id":"https:\/\/diariotextual.com\/inicio\/index.php\/2026\/02\/16\/llego-en-tres-ruedas-demoraron-a-un-hombre-armado-en-un-operativo-vehicular-en-puesto-el-durazno\/","url":"https:\/\/diariotextual.com\/inicio\/index.php\/2026\/02\/16\/llego-en-tres-ruedas-demoraron-a-un-hombre-armado-en-un-operativo-vehicular-en-puesto-el-durazno\/","name":"Lleg\u00f3 en tres ruedas: demoraron a un hombre armado en un operativo vehicular en Puesto El Durazno - Diario Textual","isPartOf":{"@id":"https:\/\/diariotextual.com\/inicio\/#website"},"primaryImageOfPage":{"@id":"https:\/\/diariotextual.com\/inicio\/index.php\/2026\/02\/16\/llego-en-tres-ruedas-demoraron-a-un-hombre-armado-en-un-operativo-vehicular-en-puesto-el-durazno\/#primaryimage"},"image":{"@id":"https:\/\/diariotextual.com\/inicio\/index.php\/2026\/02\/16\/llego-en-tres-ruedas-demoraron-a-un-hombre-armado-en-un-operativo-vehicular-en-puesto-el-durazno\/#primaryimage"},"thumbnailUrl":"https:\/\/diariotextual.com\/inicio\/wp-content\/uploads\/2026\/02\/detenidoarmaseldurazno2026-10.jpg","datePublished":"2026-02-16T14:18:58+00:00","dateModified":"2026-02-17T09:44:56+00:00","breadcrumb":{"@id":"https:\/\/diariotextual.com\/inicio\/index.php\/2026\/02\/16\/llego-en-tres-ruedas-demoraron-a-un-hombre-armado-en-un-operativo-vehicular-en-puesto-el-durazno\/#breadcrumb"},"inLanguage":"es","potentialAction":[{"@type":"ReadAction","target":["https:\/\/diariotextual.com\/inicio\/index.php\/2026\/02\/16\/llego-en-tres-ruedas-demoraron-a-un-hombre-armado-en-un-operativo-vehicular-en-puesto-el-durazno\/"]}]},{"@type":"ImageObject","inLanguage":"es","@id":"https:\/\/diariotextual.com\/inicio\/index.php\/2026\/02\/16\/llego-en-tres-ruedas-demoraron-a-un-hombre-armado-en-un-operativo-vehicular-en-puesto-el-durazno\/#primaryimage","url":"https:\/\/diariotextual.com\/inicio\/wp-content\/uploads\/2026\/02\/detenidoarmaseldurazno2026-10.jpg","contentUrl":"https:\/\/diariotextual.com\/inicio\/wp-content\/uploads\/2026\/02\/detenidoarmaseldurazno2026-10.jpg","width":1200,"height":900},{"@type":"BreadcrumbList","@id":"https:\/\/diariotextual.com\/inicio\/index.php\/2026\/02\/16\/llego-en-tres-ruedas-demoraron-a-un-hombre-armado-en-un-operativo-vehicular-en-puesto-el-durazno\/#breadcrumb","itemListElement":[{"@type":"ListItem","position":1,"name":"Portada","item":"https:\/\/diariotextual.com\/inicio\/"},{"@type":"ListItem","position":2,"name":"Lleg\u00f3 en tres ruedas: demoraron a un hombre armado en un operativo vehicular en Puesto El Durazno"}]},{"@type":"WebSite","@id":"https:\/\/diariotextual.com\/inicio\/#website","url":"https:\/\/diariotextual.com\/inicio\/","name":"Diario Textual","description":"","publisher":{"@id":"https:\/\/diariotextual.com\/inicio\/#organization"},"potentialAction":[{"@type":"SearchAction","target":{"@type":"EntryPoint","urlTemplate":"https:\/\/diariotextual.com\/inicio\/?s={search_term_string}"},"query-input":{"@type":"PropertyValueSpecification","valueRequired":true,"valueName":"search_term_string"}}],"inLanguage":"es"},{"@type":"Organization","@id":"https:\/\/diariotextual.com\/inicio\/#organization","name":"Diario Textual","url":"https:\/\/diariotextual.com\/inicio\/","logo":{"@type":"ImageObject","inLanguage":"es","@id":"https:\/\/diariotextual.com\/inicio\/#\/schema\/logo\/image\/","url":"https:\/\/diariotextual.com\/inicio\/wp-content\/uploads\/2023\/05\/logotextual1.jpg","contentUrl":"https:\/\/diariotextual.com\/inicio\/wp-content\/uploads\/2023\/05\/logotextual1.jpg","width":516,"height":76,"caption":"Diario Textual"},"image":{"@id":"https:\/\/diariotextual.com\/inicio\/#\/schema\/logo\/image\/"},"sameAs":["https:\/\/www.facebook.com\/eltextual","https:\/\/x.com\/eltextual","http:\/\/www.instagram.com\/eltextual"]},{"@type":"Person","@id":"https:\/\/diariotextual.com\/inicio\/#\/schema\/person\/418fc4093c33e86ed41562db3508f958","name":"Diario1 Diario1","image":{"@type":"ImageObject","inLanguage":"es","@id":"https:\/\/secure.gravatar.com\/avatar\/9167d280179c85bc18be67aa7eda765854300033af4896dd779b608640f2ef7a?s=96&d=mm&r=g","url":"https:\/\/secure.gravatar.com\/avatar\/9167d280179c85bc18be67aa7eda765854300033af4896dd779b608640f2ef7a?s=96&d=mm&r=g","contentUrl":"https:\/\/secure.gravatar.com\/avatar\/9167d280179c85bc18be67aa7eda765854300033af4896dd779b608640f2ef7a?s=96&d=mm&r=g","caption":"Diario1 Diario1"},"url":"https:\/\/diariotextual.com\/inicio\/index.php\/author\/diario1\/"}]}},"_links":{"self":[{"href":"https:\/\/diariotextual.com\/inicio\/index.php\/wp-json\/wp\/v2\/posts\/319791","targetHints":{"allow":["GET"]}}],"collection":[{"href":"https:\/\/diariotextual.com\/inicio\/index.php\/wp-json\/wp\/v2\/posts"}],"about":[{"href":"https:\/\/diariotextual.com\/inicio\/index.php\/wp-json\/wp\/v2\/types\/post"}],"author":[{"embeddable":true,"href":"https:\/\/diariotextual.com\/inicio\/index.php\/wp-json\/wp\/v2\/users\/3"}],"replies":[{"embeddable":true,"href":"https:\/\/diariotextual.com\/inicio\/index.php\/wp-json\/wp\/v2\/comments?post=319791"}],"version-history":[{"count":2,"href":"https:\/\/diariotextual.com\/inicio\/index.php\/wp-json\/wp\/v2\/posts\/319791\/revisions"}],"predecessor-version":[{"id":319793,"href":"https:\/\/diariotextual.com\/inicio\/index.php\/wp-json\/wp\/v2\/posts\/319791\/revisions\/319793"}],"wp:featuredmedia":[{"embeddable":true,"href":"https:\/\/diariotextual.com\/inicio\/index.php\/wp-json\/wp\/v2\/media\/319794"}],"wp:attachment":[{"href":"https:\/\/diariotextual.com\/inicio\/index.php\/wp-json\/wp\/v2\/media?parent=319791"}],"wp:term":[{"taxonomy":"category","embeddable":true,"href":"https:\/\/diariotextual.com\/inicio\/index.php\/wp-json\/wp\/v2\/categories?post=319791"},{"taxonomy":"post_tag","embeddable":true,"href":"https:\/\/diariotextual.com\/inicio\/index.php\/wp-json\/wp\/v2\/tags?post=319791"}],"curies":[{"name":"wp","href":"https:\/\/api.w.org\/{rel}","templated":true}]}}